{"id":44666,"date":"2025-12-01T12:42:12","date_gmt":"2025-12-01T15:42:12","guid":{"rendered":"https:\/\/explora.cl\/valparaiso\/?p=44666"},"modified":"2025-12-09T13:50:51","modified_gmt":"2025-12-09T16:50:51","slug":"programa-pipe-2025-de-explora-valparaiso-realiza-exitoso-cierre-con-masiva-convocatoria","status":"publish","type":"post","link":"https:\/\/explora.cl\/valparaiso\/programa-pipe-2025-de-explora-valparaiso-realiza-exitoso-cierre-con-masiva-convocatoria\/","title":{"rendered":"Programa PIPE 2025 de Explora Valpara\u00edso realiza exitoso cierre con masiva convocatoria"},"content":{"rendered":"<p><i><span style=\"font-weight: 400\">Educadoras, educadores, t\u00e9cnicas y t\u00e9cnicos en Educaci\u00f3n Parvularia de la regi\u00f3n de Valpara\u00edso se dieron cita este martes en el Campus Sausalito PUCV, para concluir su paso por la cuarta versi\u00f3n del programa dedicado a la ense\u00f1anza de ciencias en primeras infancias.<\/span><\/i><\/p>\n<p><!--more--><\/p>\n<p><span style=\"font-weight: 400\">M\u00e1s de 120 educadoras, educadores, t\u00e9cnicas y t\u00e9cnicos de la Regi\u00f3n de Valpara\u00edso llegaron este martes 25 al Campus Sausalito de la Pontificia Universidad Cat\u00f3lica de Valpara\u00edso (PUCV) para participar en la \u201cJornada de Cierre para Equipos Pedag\u00f3gicos PIPE 2025\u201d. La instancia tuvo como prop\u00f3sito reflexionar sobre el trabajo realizado durante el a\u00f1o, compartir experiencias y proyectar nuevas metas para la implementaci\u00f3n del programa en 2026.<\/span><\/p>\n<p><span style=\"font-weight: 400\">El Programa de Indagaci\u00f3n para Primeras Edades (PIPE) \u2014iniciativa del Ministerio de Ciencia, Tecnolog\u00eda, Conocimiento e Innovaci\u00f3n, ejecutada en la regi\u00f3n por el Proyecto Explora Valpara\u00edso, liderado por la PUCV\u2014 busca fortalecer las pr\u00e1cticas pedag\u00f3gicas en Educaci\u00f3n Parvularia mediante experiencias l\u00fadicas basadas en la indagaci\u00f3n. Su principal foco es acompa\u00f1ar y potenciar la curiosidad innata de ni\u00f1as y ni\u00f1os de 2 a 6 a\u00f1os, promoviendo la observaci\u00f3n, el asombro y el v\u00ednculo con el entorno.<\/span><\/p>\n<p><span style=\"font-weight: 400\">El Seremi de Ciencia de la Regi\u00f3n de Valpara\u00edso, Rodrigo Gonz\u00e1lez Rebeco, destac\u00f3 el rol formativo del programa se\u00f1alando que \u201csi la ciencia no transforma, no se transfiere y no se comunica, no sirve. Explora Valpara\u00edso lo hace muy bien a trav\u00e9s de PIPE, un programa que llega a ni\u00f1as y ni\u00f1os de toda la regi\u00f3n gracias al compromiso de educadoras y educadores.\u201d Agregando que \u201csu labor es clave para entregar herramientas cient\u00edficas que formar\u00e1n a los futuros profesionales capaces de resolver los desaf\u00edos de la regi\u00f3n y del pa\u00eds\u201d.<\/span><\/p>\n<p><span style=\"font-weight: 400\">La jornada cont\u00f3 con espacios de reflexi\u00f3n grupal, actividades colaborativas y una presentaci\u00f3n musical desarrollada por el Instituto de Matem\u00e1ticas y el Instituto de M\u00fasica de la PUCV, quienes mostraron una propuesta que integra ritmo, patrones y pensamiento matem\u00e1tico para enriquecer la experiencia educativa en primeras infancias. Representantes de JUNJI y Fundaci\u00f3n Integra, junto a la Jefa de Carrera de Educaci\u00f3n Parvularia de la PUCV, Carola Aravena Rojas acompa\u00f1aron a las participantes en la ceremonia de reconocimiento oficial.<\/span><\/p>\n<p><span style=\"font-weight: 400\">El profesor del Instituto de Geograf\u00eda de la PUCV y director de Explora Valpara\u00edso, V\u00edctor Salinas Silva, valor\u00f3 el trabajo realizado durante el a\u00f1o <\/span><i><span style=\"font-weight: 400\">\u201c<\/span><\/i><span style=\"font-weight: 400\">PIPE demuestra que la ciencia en la primera infancia no se trata de contenidos, sino de acompa\u00f1ar preguntas, asombros y descubrimientos. El trabajo que las educadoras y los equipos pedag\u00f3gicos realizan en sus comunidades es fundamental para construir una cultura cient\u00edfica desde los primeros a\u00f1os, conectada con el territorio y con la vida cotidiana de ni\u00f1as y ni\u00f1os<\/span><i><span style=\"font-weight: 400\">\u201d<\/span><\/i><span style=\"font-weight: 400\">.<\/span><\/p>\n<p><span style=\"font-weight: 400\">La jornada tambi\u00e9n dio espacio a las voces de quienes implementan el programa en sus comunidades educativas.<\/span><\/p>\n<p><span style=\"font-weight: 400\">\u201cPara m\u00ed esta experiencia fue muy gratificante. Al inicio del a\u00f1o ten\u00edamos muchos temores y dudas sobre si ser\u00edamos capaces de llevar adelante PIPE, pero nos dimos cuenta de que la indagaci\u00f3n es algo que ya realizamos cotidianamente con los ni\u00f1os. Hoy me voy contenta, con nuevos aprendizajes y desaf\u00edos para el 2026, agradecida por la oportunidad de innovar, indagar y hacer participar a los ni\u00f1os, sus familias y nuestro equipo educativo.\u201d Comparti\u00f3 Magot Moya, t\u00e9cnica en Educaci\u00f3n Parvularia del Jard\u00edn Infantil Amautta de Vi\u00f1a del Mar.<\/span><\/p>\n<p><span style=\"font-weight: 400\">Desde el Jard\u00edn Infantil Aneley (JUNJI) de Quilpu\u00e9 la educadora Jessica Armijo expres\u00f3: \u201cTengo grandes expectativas para el pr\u00f3ximo a\u00f1o, tanto a nivel de grupo como de toda la comunidad educativa. Queremos proyectar un trabajo de ciencia en primera infancia m\u00e1s organizado, con planificaciones integrales para todos los niveles. La exploraci\u00f3n, la indagaci\u00f3n y la curiosidad abren un mundo de descubrimiento donde los ni\u00f1os pueden preguntarse, experimentar y protagonizar su propio aprendizaje.\u201d<\/span><\/p>\n<p><span style=\"font-weight: 400\">Su dupla pedag\u00f3gica, la t\u00e9cnica en Educaci\u00f3n Parvularia Savka Orellana agreg\u00f3: \u201cHoy me sent\u00ed muy c\u00f3moda. Fue un momento muy enriquecedor que nos mostr\u00f3 que con peque\u00f1as cosas se pueden trabajar m\u00faltiples aprendizajes. Agradecemos la invitaci\u00f3n y el cuidado puesto en esta jornada.\u201d<\/span><\/p>\n<p><span style=\"font-weight: 400\">El cierre de PIPE 2025 reafirma el compromiso de Explora Valpara\u00edso y la PUCV con promover una educaci\u00f3n cient\u00edfica inclusiva, pertinente y situada en el territorio, preparando el camino para un PIPE 2026 que continuar\u00e1 fortaleciendo pr\u00e1cticas pedag\u00f3gicas y experiencias significativas para las primeras infancias.<\/span><\/p>\n","protected":false},"excerpt":{"rendered":"<p>Educadoras, educadores, t\u00e9cnicas y t\u00e9cnicos en Educaci\u00f3n Parvularia de la regi\u00f3n de Valpara\u00edso se dieron cita este martes en el Campus Sausalito PUCV, para concluir su paso por la cuarta versi\u00f3n del programa dedicado a la ense\u00f1anza de ciencias en primeras infancias.<\/p>\n","protected":false},"author":22,"featured_media":44673,"comment_status":"open","ping_status":"open","sticky":false,"template":"","format":"standard","meta":{"_acf_changed":false,"_exactmetrics_skip_tracking":false,"_exactmetrics_sitenote_active":false,"_exactmetrics_sitenote_note":"","_exactmetrics_sitenote_category":0,"footnotes":"","_links_to":"","_links_to_target":""},"categories":[151,4],"tags":[],"class_list":["post-44666","post","type-post","status-publish","format-standard","has-post-thumbnail","hentry","category-banner","category-noticias"],"acf":[],"yoast_head":"<!-- This site is optimized with the Yoast SEO plugin v26.9 - https:\/\/yoast.com\/product\/yoast-seo-wordpress\/ -->\n<title>Programa PIPE 2025 de Explora Valpara\u00edso realiza exitoso cierre con masiva convocatoria - Valpara\u00edso<\/title>\n<meta name=\"robots\" content=\"index, follow, max-snippet:-1, max-image-preview:large, max-video-preview:-1\" \/>\n<link rel=\"canonical\" href=\"https:\/\/explora.cl\/valparaiso\/programa-pipe-2025-de-explora-valparaiso-realiza-exitoso-cierre-con-masiva-convocatoria\/\" class=\"yoast-seo-meta-tag\" \/>\n<meta property=\"og:locale\" content=\"es_ES\" class=\"yoast-seo-meta-tag\" \/>\n<meta property=\"og:type\" content=\"article\" class=\"yoast-seo-meta-tag\" \/>\n<meta property=\"og:title\" content=\"Programa PIPE 2025 de Explora Valpara\u00edso realiza exitoso cierre con masiva convocatoria - Valpara\u00edso\" class=\"yoast-seo-meta-tag\" \/>\n<meta property=\"og:description\" content=\"Educadoras, educadores, t\u00e9cnicas y t\u00e9cnicos en Educaci\u00f3n Parvularia de la regi\u00f3n de Valpara\u00edso se dieron cita este martes en el Campus Sausalito PUCV, para concluir su paso por la cuarta versi\u00f3n del programa dedicado a la ense\u00f1anza de ciencias en primeras infancias.\" class=\"yoast-seo-meta-tag\" \/>\n<meta property=\"og:url\" content=\"https:\/\/explora.cl\/valparaiso\/programa-pipe-2025-de-explora-valparaiso-realiza-exitoso-cierre-con-masiva-convocatoria\/\" class=\"yoast-seo-meta-tag\" \/>\n<meta property=\"og:site_name\" content=\"Valpara\u00edso\" class=\"yoast-seo-meta-tag\" \/>\n<meta property=\"article:published_time\" content=\"2025-12-01T15:42:12+00:00\" class=\"yoast-seo-meta-tag\" \/>\n<meta property=\"article:modified_time\" content=\"2025-12-09T16:50:51+00:00\" class=\"yoast-seo-meta-tag\" \/>\n<meta property=\"og:image\" content=\"https:\/\/explora.cl\/valparaiso\/wp-content\/uploads\/sites\/7\/2025\/12\/DSC06020-2-scaled.jpg\" class=\"yoast-seo-meta-tag\" \/>\n\t<meta property=\"og:image:width\" content=\"2560\" class=\"yoast-seo-meta-tag\" \/>\n\t<meta property=\"og:image:height\" content=\"1440\" class=\"yoast-seo-meta-tag\" \/>\n\t<meta property=\"og:image:type\" content=\"image\/jpeg\" class=\"yoast-seo-meta-tag\" \/>\n<meta name=\"author\" content=\"jcastaneda\" class=\"yoast-seo-meta-tag\" \/>\n<meta name=\"twitter:card\" content=\"summary_large_image\" class=\"yoast-seo-meta-tag\" \/>\n<meta name=\"twitter:label1\" content=\"Escrito por\" class=\"yoast-seo-meta-tag\" \/>\n\t<meta name=\"twitter:data1\" content=\"jcastaneda\" class=\"yoast-seo-meta-tag\" \/>\n\t<meta name=\"twitter:label2\" content=\"Tiempo estimado de lectura\" class=\"yoast-seo-meta-tag\" \/>\n\t<meta name=\"twitter:data2\" content=\"4 minutos\" class=\"yoast-seo-meta-tag\" \/>\n<script type=\"application\/ld+json\" class=\"yoast-schema-graph\">{\"@context\":\"https:\/\/schema.org\",\"@graph\":[{\"@type\":\"Article\",\"@id\":\"https:\/\/explora.cl\/valparaiso\/programa-pipe-2025-de-explora-valparaiso-realiza-exitoso-cierre-con-masiva-convocatoria\/#article\",\"isPartOf\":{\"@id\":\"https:\/\/explora.cl\/valparaiso\/programa-pipe-2025-de-explora-valparaiso-realiza-exitoso-cierre-con-masiva-convocatoria\/\"},\"author\":{\"name\":\"jcastaneda\",\"@id\":\"https:\/\/explora.cl\/valparaiso\/#\/schema\/person\/c15e69495b8dbe0af0102f6bca43ba5d\"},\"headline\":\"Programa PIPE 2025 de Explora Valpara\u00edso realiza exitoso cierre con masiva convocatoria\",\"datePublished\":\"2025-12-01T15:42:12+00:00\",\"dateModified\":\"2025-12-09T16:50:51+00:00\",\"mainEntityOfPage\":{\"@id\":\"https:\/\/explora.cl\/valparaiso\/programa-pipe-2025-de-explora-valparaiso-realiza-exitoso-cierre-con-masiva-convocatoria\/\"},\"wordCount\":797,\"commentCount\":0,\"publisher\":{\"@id\":\"https:\/\/explora.cl\/valparaiso\/#organization\"},\"image\":{\"@id\":\"https:\/\/explora.cl\/valparaiso\/programa-pipe-2025-de-explora-valparaiso-realiza-exitoso-cierre-con-masiva-convocatoria\/#primaryimage\"},\"thumbnailUrl\":\"https:\/\/explora.cl\/valparaiso\/wp-content\/uploads\/sites\/7\/2025\/12\/DSC06020-2-scaled.jpg\",\"articleSection\":[\"Banner\",\"Noticias\"],\"inLanguage\":\"es-CL\",\"potentialAction\":[{\"@type\":\"CommentAction\",\"name\":\"Comment\",\"target\":[\"https:\/\/explora.cl\/valparaiso\/programa-pipe-2025-de-explora-valparaiso-realiza-exitoso-cierre-con-masiva-convocatoria\/#respond\"]}]},{\"@type\":\"WebPage\",\"@id\":\"https:\/\/explora.cl\/valparaiso\/programa-pipe-2025-de-explora-valparaiso-realiza-exitoso-cierre-con-masiva-convocatoria\/\",\"url\":\"https:\/\/explora.cl\/valparaiso\/programa-pipe-2025-de-explora-valparaiso-realiza-exitoso-cierre-con-masiva-convocatoria\/\",\"name\":\"Programa PIPE 2025 de Explora Valpara\u00edso realiza exitoso cierre con masiva convocatoria - Valpara\u00edso\",\"isPartOf\":{\"@id\":\"https:\/\/explora.cl\/valparaiso\/#website\"},\"primaryImageOfPage\":{\"@id\":\"https:\/\/explora.cl\/valparaiso\/programa-pipe-2025-de-explora-valparaiso-realiza-exitoso-cierre-con-masiva-convocatoria\/#primaryimage\"},\"image\":{\"@id\":\"https:\/\/explora.cl\/valparaiso\/programa-pipe-2025-de-explora-valparaiso-realiza-exitoso-cierre-con-masiva-convocatoria\/#primaryimage\"},\"thumbnailUrl\":\"https:\/\/explora.cl\/valparaiso\/wp-content\/uploads\/sites\/7\/2025\/12\/DSC06020-2-scaled.jpg\",\"datePublished\":\"2025-12-01T15:42:12+00:00\",\"dateModified\":\"2025-12-09T16:50:51+00:00\",\"breadcrumb\":{\"@id\":\"https:\/\/explora.cl\/valparaiso\/programa-pipe-2025-de-explora-valparaiso-realiza-exitoso-cierre-con-masiva-convocatoria\/#breadcrumb\"},\"inLanguage\":\"es-CL\",\"potentialAction\":[{\"@type\":\"ReadAction\",\"target\":[\"https:\/\/explora.cl\/valparaiso\/programa-pipe-2025-de-explora-valparaiso-realiza-exitoso-cierre-con-masiva-convocatoria\/\"]}]},{\"@type\":\"ImageObject\",\"inLanguage\":\"es-CL\",\"@id\":\"https:\/\/explora.cl\/valparaiso\/programa-pipe-2025-de-explora-valparaiso-realiza-exitoso-cierre-con-masiva-convocatoria\/#primaryimage\",\"url\":\"https:\/\/explora.cl\/valparaiso\/wp-content\/uploads\/sites\/7\/2025\/12\/DSC06020-2-scaled.jpg\",\"contentUrl\":\"https:\/\/explora.cl\/valparaiso\/wp-content\/uploads\/sites\/7\/2025\/12\/DSC06020-2-scaled.jpg\",\"width\":2560,\"height\":1440},{\"@type\":\"BreadcrumbList\",\"@id\":\"https:\/\/explora.cl\/valparaiso\/programa-pipe-2025-de-explora-valparaiso-realiza-exitoso-cierre-con-masiva-convocatoria\/#breadcrumb\",\"itemListElement\":[{\"@type\":\"ListItem\",\"position\":1,\"name\":\"Portada\",\"item\":\"https:\/\/explora.cl\/valparaiso\/\"},{\"@type\":\"ListItem\",\"position\":2,\"name\":\"Programa PIPE 2025 de Explora Valpara\u00edso realiza exitoso cierre con masiva convocatoria\"}]},{\"@type\":\"WebSite\",\"@id\":\"https:\/\/explora.cl\/valparaiso\/#website\",\"url\":\"https:\/\/explora.cl\/valparaiso\/\",\"name\":\"Valpara\u00edso\",\"description\":\"Otro sitio m\u00e1s de explora.cl\",\"publisher\":{\"@id\":\"https:\/\/explora.cl\/valparaiso\/#organization\"},\"potentialAction\":[{\"@type\":\"SearchAction\",\"target\":{\"@type\":\"EntryPoint\",\"urlTemplate\":\"https:\/\/explora.cl\/valparaiso\/?s={search_term_string}\"},\"query-input\":{\"@type\":\"PropertyValueSpecification\",\"valueRequired\":true,\"valueName\":\"search_term_string\"}}],\"inLanguage\":\"es-CL\"},{\"@type\":\"Organization\",\"@id\":\"https:\/\/explora.cl\/valparaiso\/#organization\",\"name\":\"Valpara\u00edso\",\"url\":\"https:\/\/explora.cl\/valparaiso\/\",\"logo\":{\"@type\":\"ImageObject\",\"inLanguage\":\"es-CL\",\"@id\":\"https:\/\/explora.cl\/valparaiso\/#\/schema\/logo\/image\/\",\"url\":\"https:\/\/explora.cl\/valparaiso\/wp-content\/uploads\/sites\/7\/2019\/06\/cropped-logo-explora-color.jpg\",\"contentUrl\":\"https:\/\/explora.cl\/valparaiso\/wp-content\/uploads\/sites\/7\/2019\/06\/cropped-logo-explora-color.jpg\",\"width\":2035,\"height\":584,\"caption\":\"Valpara\u00edso\"},\"image\":{\"@id\":\"https:\/\/explora.cl\/valparaiso\/#\/schema\/logo\/image\/\"}},{\"@type\":\"Person\",\"@id\":\"https:\/\/explora.cl\/valparaiso\/#\/schema\/person\/c15e69495b8dbe0af0102f6bca43ba5d\",\"name\":\"jcastaneda\",\"image\":{\"@type\":\"ImageObject\",\"inLanguage\":\"es-CL\",\"@id\":\"https:\/\/explora.cl\/valparaiso\/#\/schema\/person\/image\/\",\"url\":\"https:\/\/secure.gravatar.com\/avatar\/f26661a8eef2f6444d9633928ef0219fd69e41c5be1ef5ef16afeee7cd4df675?s=96&d=mm&r=g\",\"contentUrl\":\"https:\/\/secure.gravatar.com\/avatar\/f26661a8eef2f6444d9633928ef0219fd69e41c5be1ef5ef16afeee7cd4df675?s=96&d=mm&r=g\",\"caption\":\"jcastaneda\"},\"url\":\"https:\/\/explora.cl\/valparaiso\/author\/jcastaneda\/\"}]}<\/script>\n<!-- \/ Yoast SEO plugin. -->","yoast_head_json":{"title":"Programa PIPE 2025 de Explora Valpara\u00edso realiza exitoso cierre con masiva convocatoria - Valpara\u00edso","robots":{"index":"index","follow":"follow","max-snippet":"max-snippet:-1","max-image-preview":"max-image-preview:large","max-video-preview":"max-video-preview:-1"},"canonical":"https:\/\/explora.cl\/valparaiso\/programa-pipe-2025-de-explora-valparaiso-realiza-exitoso-cierre-con-masiva-convocatoria\/","og_locale":"es_ES","og_type":"article","og_title":"Programa PIPE 2025 de Explora Valpara\u00edso realiza exitoso cierre con masiva convocatoria - Valpara\u00edso","og_description":"Educadoras, educadores, t\u00e9cnicas y t\u00e9cnicos en Educaci\u00f3n Parvularia de la regi\u00f3n de Valpara\u00edso se dieron cita este martes en el Campus Sausalito PUCV, para concluir su paso por la cuarta versi\u00f3n del programa dedicado a la ense\u00f1anza de ciencias en primeras infancias.","og_url":"https:\/\/explora.cl\/valparaiso\/programa-pipe-2025-de-explora-valparaiso-realiza-exitoso-cierre-con-masiva-convocatoria\/","og_site_name":"Valpara\u00edso","article_published_time":"2025-12-01T15:42:12+00:00","article_modified_time":"2025-12-09T16:50:51+00:00","og_image":[{"width":2560,"height":1440,"url":"https:\/\/explora.cl\/valparaiso\/wp-content\/uploads\/sites\/7\/2025\/12\/DSC06020-2-scaled.jpg","type":"image\/jpeg"}],"author":"jcastaneda","twitter_card":"summary_large_image","twitter_misc":{"Escrito por":"jcastaneda","Tiempo estimado de lectura":"4 minutos"},"schema":{"@context":"https:\/\/schema.org","@graph":[{"@type":"Article","@id":"https:\/\/explora.cl\/valparaiso\/programa-pipe-2025-de-explora-valparaiso-realiza-exitoso-cierre-con-masiva-convocatoria\/#article","isPartOf":{"@id":"https:\/\/explora.cl\/valparaiso\/programa-pipe-2025-de-explora-valparaiso-realiza-exitoso-cierre-con-masiva-convocatoria\/"},"author":{"name":"jcastaneda","@id":"https:\/\/explora.cl\/valparaiso\/#\/schema\/person\/c15e69495b8dbe0af0102f6bca43ba5d"},"headline":"Programa PIPE 2025 de Explora Valpara\u00edso realiza exitoso cierre con masiva convocatoria","datePublished":"2025-12-01T15:42:12+00:00","dateModified":"2025-12-09T16:50:51+00:00","mainEntityOfPage":{"@id":"https:\/\/explora.cl\/valparaiso\/programa-pipe-2025-de-explora-valparaiso-realiza-exitoso-cierre-con-masiva-convocatoria\/"},"wordCount":797,"commentCount":0,"publisher":{"@id":"https:\/\/explora.cl\/valparaiso\/#organization"},"image":{"@id":"https:\/\/explora.cl\/valparaiso\/programa-pipe-2025-de-explora-valparaiso-realiza-exitoso-cierre-con-masiva-convocatoria\/#primaryimage"},"thumbnailUrl":"https:\/\/explora.cl\/valparaiso\/wp-content\/uploads\/sites\/7\/2025\/12\/DSC06020-2-scaled.jpg","articleSection":["Banner","Noticias"],"inLanguage":"es-CL","potentialAction":[{"@type":"CommentAction","name":"Comment","target":["https:\/\/explora.cl\/valparaiso\/programa-pipe-2025-de-explora-valparaiso-realiza-exitoso-cierre-con-masiva-convocatoria\/#respond"]}]},{"@type":"WebPage","@id":"https:\/\/explora.cl\/valparaiso\/programa-pipe-2025-de-explora-valparaiso-realiza-exitoso-cierre-con-masiva-convocatoria\/","url":"https:\/\/explora.cl\/valparaiso\/programa-pipe-2025-de-explora-valparaiso-realiza-exitoso-cierre-con-masiva-convocatoria\/","name":"Programa PIPE 2025 de Explora Valpara\u00edso realiza exitoso cierre con masiva convocatoria - Valpara\u00edso","isPartOf":{"@id":"https:\/\/explora.cl\/valparaiso\/#website"},"primaryImageOfPage":{"@id":"https:\/\/explora.cl\/valparaiso\/programa-pipe-2025-de-explora-valparaiso-realiza-exitoso-cierre-con-masiva-convocatoria\/#primaryimage"},"image":{"@id":"https:\/\/explora.cl\/valparaiso\/programa-pipe-2025-de-explora-valparaiso-realiza-exitoso-cierre-con-masiva-convocatoria\/#primaryimage"},"thumbnailUrl":"https:\/\/explora.cl\/valparaiso\/wp-content\/uploads\/sites\/7\/2025\/12\/DSC06020-2-scaled.jpg","datePublished":"2025-12-01T15:42:12+00:00","dateModified":"2025-12-09T16:50:51+00:00","breadcrumb":{"@id":"https:\/\/explora.cl\/valparaiso\/programa-pipe-2025-de-explora-valparaiso-realiza-exitoso-cierre-con-masiva-convocatoria\/#breadcrumb"},"inLanguage":"es-CL","potentialAction":[{"@type":"ReadAction","target":["https:\/\/explora.cl\/valparaiso\/programa-pipe-2025-de-explora-valparaiso-realiza-exitoso-cierre-con-masiva-convocatoria\/"]}]},{"@type":"ImageObject","inLanguage":"es-CL","@id":"https:\/\/explora.cl\/valparaiso\/programa-pipe-2025-de-explora-valparaiso-realiza-exitoso-cierre-con-masiva-convocatoria\/#primaryimage","url":"https:\/\/explora.cl\/valparaiso\/wp-content\/uploads\/sites\/7\/2025\/12\/DSC06020-2-scaled.jpg","contentUrl":"https:\/\/explora.cl\/valparaiso\/wp-content\/uploads\/sites\/7\/2025\/12\/DSC06020-2-scaled.jpg","width":2560,"height":1440},{"@type":"BreadcrumbList","@id":"https:\/\/explora.cl\/valparaiso\/programa-pipe-2025-de-explora-valparaiso-realiza-exitoso-cierre-con-masiva-convocatoria\/#breadcrumb","itemListElement":[{"@type":"ListItem","position":1,"name":"Portada","item":"https:\/\/explora.cl\/valparaiso\/"},{"@type":"ListItem","position":2,"name":"Programa PIPE 2025 de Explora Valpara\u00edso realiza exitoso cierre con masiva convocatoria"}]},{"@type":"WebSite","@id":"https:\/\/explora.cl\/valparaiso\/#website","url":"https:\/\/explora.cl\/valparaiso\/","name":"Valpara\u00edso","description":"Otro sitio m\u00e1s de explora.cl","publisher":{"@id":"https:\/\/explora.cl\/valparaiso\/#organization"},"potentialAction":[{"@type":"SearchAction","target":{"@type":"EntryPoint","urlTemplate":"https:\/\/explora.cl\/valparaiso\/?s={search_term_string}"},"query-input":{"@type":"PropertyValueSpecification","valueRequired":true,"valueName":"search_term_string"}}],"inLanguage":"es-CL"},{"@type":"Organization","@id":"https:\/\/explora.cl\/valparaiso\/#organization","name":"Valpara\u00edso","url":"https:\/\/explora.cl\/valparaiso\/","logo":{"@type":"ImageObject","inLanguage":"es-CL","@id":"https:\/\/explora.cl\/valparaiso\/#\/schema\/logo\/image\/","url":"https:\/\/explora.cl\/valparaiso\/wp-content\/uploads\/sites\/7\/2019\/06\/cropped-logo-explora-color.jpg","contentUrl":"https:\/\/explora.cl\/valparaiso\/wp-content\/uploads\/sites\/7\/2019\/06\/cropped-logo-explora-color.jpg","width":2035,"height":584,"caption":"Valpara\u00edso"},"image":{"@id":"https:\/\/explora.cl\/valparaiso\/#\/schema\/logo\/image\/"}},{"@type":"Person","@id":"https:\/\/explora.cl\/valparaiso\/#\/schema\/person\/c15e69495b8dbe0af0102f6bca43ba5d","name":"jcastaneda","image":{"@type":"ImageObject","inLanguage":"es-CL","@id":"https:\/\/explora.cl\/valparaiso\/#\/schema\/person\/image\/","url":"https:\/\/secure.gravatar.com\/avatar\/f26661a8eef2f6444d9633928ef0219fd69e41c5be1ef5ef16afeee7cd4df675?s=96&d=mm&r=g","contentUrl":"https:\/\/secure.gravatar.com\/avatar\/f26661a8eef2f6444d9633928ef0219fd69e41c5be1ef5ef16afeee7cd4df675?s=96&d=mm&r=g","caption":"jcastaneda"},"url":"https:\/\/explora.cl\/valparaiso\/author\/jcastaneda\/"}]}},"_links":{"self":[{"href":"https:\/\/explora.cl\/valparaiso\/wp-json\/wp\/v2\/posts\/44666","targetHints":{"allow":["GET"]}}],"collection":[{"href":"https:\/\/explora.cl\/valparaiso\/wp-json\/wp\/v2\/posts"}],"about":[{"href":"https:\/\/explora.cl\/valparaiso\/wp-json\/wp\/v2\/types\/post"}],"author":[{"embeddable":true,"href":"https:\/\/explora.cl\/valparaiso\/wp-json\/wp\/v2\/users\/22"}],"replies":[{"embeddable":true,"href":"https:\/\/explora.cl\/valparaiso\/wp-json\/wp\/v2\/comments?post=44666"}],"version-history":[{"count":3,"href":"https:\/\/explora.cl\/valparaiso\/wp-json\/wp\/v2\/posts\/44666\/revisions"}],"predecessor-version":[{"id":44688,"href":"https:\/\/explora.cl\/valparaiso\/wp-json\/wp\/v2\/posts\/44666\/revisions\/44688"}],"wp:featuredmedia":[{"embeddable":true,"href":"https:\/\/explora.cl\/valparaiso\/wp-json\/wp\/v2\/media\/44673"}],"wp:attachment":[{"href":"https:\/\/explora.cl\/valparaiso\/wp-json\/wp\/v2\/media?parent=44666"}],"wp:term":[{"taxonomy":"category","embeddable":true,"href":"https:\/\/explora.cl\/valparaiso\/wp-json\/wp\/v2\/categories?post=44666"},{"taxonomy":"post_tag","embeddable":true,"href":"https:\/\/explora.cl\/valparaiso\/wp-json\/wp\/v2\/tags?post=44666"}],"curies":[{"name":"wp","href":"https:\/\/api.w.org\/{rel}","templated":true}]}}