{"id":44618,"date":"2025-11-21T15:04:52","date_gmt":"2025-11-21T18:04:52","guid":{"rendered":"https:\/\/explora.cl\/valparaiso\/?p=44618"},"modified":"2025-11-21T15:04:52","modified_gmt":"2025-11-21T18:04:52","slug":"explora-valparaiso-homenajea-a-ex-directora-en-el-marco-de-los-30-anos-del-programa","status":"publish","type":"post","link":"https:\/\/explora.cl\/valparaiso\/explora-valparaiso-homenajea-a-ex-directora-en-el-marco-de-los-30-anos-del-programa\/","title":{"rendered":"Explora Valpara\u00edso homenajea a ex Directora en el marco de los 30 a\u00f1os del Programa"},"content":{"rendered":"<p><i><span style=\"font-weight: 400\">Durante la jornada de cierre para docentes gu\u00eda de las Academias Explora de Investigaci\u00f3n e Innovaci\u00f3n Escolar, se realiz\u00f3 un especial reconocimiento a Mabel Keller Mena, quien lider\u00f3 el Proyecto Explora Valpara\u00edso entre 1999 y 2023, con experiencia previa en 1995 relacionada a la divulgaci\u00f3n cient\u00edfica. La instancia reuni\u00f3 a profesoras y profesores de diversas disciplinas que acompa\u00f1an proyectos cient\u00edficos y tecnol\u00f3gicos desarrollados por estudiantes de toda la regi\u00f3n.<\/span><\/i><\/p>\n<p><!--more--><\/p>\n<p><span style=\"font-weight: 400\">El homenaje consisti\u00f3 en la entrega de un galvano que busca destacar su amplia trayectoria y su rol fundamental en la consolidaci\u00f3n del Programa Explora como una pol\u00edtica p\u00fablica territorial. Este gesto se suma al reconocimiento otorgado recientemente durante la celebraci\u00f3n por los 30 a\u00f1os del Programa Explora, realizada en el Centro Cultural Gabriela Mistral (GAM), donde Keller fue distinguida por su aporte al desarrollo regional y al proceso de descentralizaci\u00f3n del programa desde sus inicios.<\/span><\/p>\n<p><span style=\"font-weight: 400\">El profesor del Instituto de Geograf\u00eda de la PUCV y actual Director de Explora Valpara\u00edso, V\u00edctor Salinas Silva, valor\u00f3 su legado: \u201ca trav\u00e9s de este reconocimiento relevamos el importante desarrollo de las competencias cient\u00edficas en las escuelas, lo que involucra un proceso que ha tomado a\u00f1os de trabajo para fortalecer las capacidades de la regi\u00f3n de Valpara\u00edso\u201d.<\/span><\/p>\n<p><span style=\"font-weight: 400\">Durante m\u00e1s de dos d\u00e9cadas, Keller impuls\u00f3 la creaci\u00f3n de redes, alianzas y metodolog\u00edas que hoy forman parte del sello regional del proyecto. Ingeniera civil bioqu\u00edmica y alumni PUCV y actualmente contin\u00faa siendo funcionaria de la universidad.<\/span><\/p>\n<p><span style=\"font-weight: 400\">El reconocimiento realizado durante la jornada de cierre no solo destaca su aporte a la educaci\u00f3n cient\u00edfica, sino que tambi\u00e9n refuerza la conmemoraci\u00f3n por los 30 a\u00f1os del Programa Explora, una iniciativa que ha impactado a millones de personas en Chile.<\/span><\/p>\n","protected":false},"excerpt":{"rendered":"<p>Durante la jornada de cierre para docentes gu\u00eda de las Academias Explora de Investigaci\u00f3n e Innovaci\u00f3n Escolar, se realiz\u00f3 un especial reconocimiento a Mabel Keller Mena, quien lider\u00f3 el Proyecto Explora Valpara\u00edso entre 1999 y 2023, con experiencia previa en 1995 relacionada a la divulgaci\u00f3n cient\u00edfica. La instancia reuni\u00f3 a profesoras y profesores de diversas [&hellip;]<\/p>\n","protected":false},"author":22,"featured_media":44619,"comment_status":"open","ping_status":"open","sticky":false,"template":"","format":"standard","meta":{"_acf_changed":false,"_exactmetrics_skip_tracking":false,"_exactmetrics_sitenote_active":false,"_exactmetrics_sitenote_note":"","_exactmetrics_sitenote_category":0,"footnotes":"","_links_to":"","_links_to_target":""},"categories":[151,128,4],"tags":[],"class_list":["post-44618","post","type-post","status-publish","format-standard","has-post-thumbnail","hentry","category-banner","category-eventos_publ_grl","category-noticias"],"acf":[],"yoast_head":"<!-- This site is optimized with the Yoast SEO plugin v26.9 - https:\/\/yoast.com\/product\/yoast-seo-wordpress\/ -->\n<title>Explora Valpara\u00edso homenajea a ex Directora en el marco de los 30 a\u00f1os del Programa - Valpara\u00edso<\/title>\n<meta name=\"robots\" content=\"index, follow, max-snippet:-1, max-image-preview:large, max-video-preview:-1\" \/>\n<link rel=\"canonical\" href=\"https:\/\/explora.cl\/valparaiso\/explora-valparaiso-homenajea-a-ex-directora-en-el-marco-de-los-30-anos-del-programa\/\" class=\"yoast-seo-meta-tag\" \/>\n<meta property=\"og:locale\" content=\"es_ES\" class=\"yoast-seo-meta-tag\" \/>\n<meta property=\"og:type\" content=\"article\" class=\"yoast-seo-meta-tag\" \/>\n<meta property=\"og:title\" content=\"Explora Valpara\u00edso homenajea a ex Directora en el marco de los 30 a\u00f1os del Programa - Valpara\u00edso\" class=\"yoast-seo-meta-tag\" \/>\n<meta property=\"og:description\" content=\"Durante la jornada de cierre para docentes gu\u00eda de las Academias Explora de Investigaci\u00f3n e Innovaci\u00f3n Escolar, se realiz\u00f3 un especial reconocimiento a Mabel Keller Mena, quien lider\u00f3 el Proyecto Explora Valpara\u00edso entre 1999 y 2023, con experiencia previa en 1995 relacionada a la divulgaci\u00f3n cient\u00edfica. La instancia reuni\u00f3 a profesoras y profesores de diversas [&hellip;]\" class=\"yoast-seo-meta-tag\" \/>\n<meta property=\"og:url\" content=\"https:\/\/explora.cl\/valparaiso\/explora-valparaiso-homenajea-a-ex-directora-en-el-marco-de-los-30-anos-del-programa\/\" class=\"yoast-seo-meta-tag\" \/>\n<meta property=\"og:site_name\" content=\"Valpara\u00edso\" class=\"yoast-seo-meta-tag\" \/>\n<meta property=\"article:published_time\" content=\"2025-11-21T18:04:52+00:00\" class=\"yoast-seo-meta-tag\" \/>\n<meta property=\"og:image\" content=\"https:\/\/explora.cl\/valparaiso\/wp-content\/uploads\/sites\/7\/2025\/11\/DSC04928-scaled.jpg\" class=\"yoast-seo-meta-tag\" \/>\n\t<meta property=\"og:image:width\" content=\"2560\" class=\"yoast-seo-meta-tag\" \/>\n\t<meta property=\"og:image:height\" content=\"1440\" class=\"yoast-seo-meta-tag\" \/>\n\t<meta property=\"og:image:type\" content=\"image\/jpeg\" class=\"yoast-seo-meta-tag\" \/>\n<meta name=\"author\" content=\"jcastaneda\" class=\"yoast-seo-meta-tag\" \/>\n<meta name=\"twitter:card\" content=\"summary_large_image\" class=\"yoast-seo-meta-tag\" \/>\n<meta name=\"twitter:label1\" content=\"Escrito por\" class=\"yoast-seo-meta-tag\" \/>\n\t<meta name=\"twitter:data1\" content=\"jcastaneda\" class=\"yoast-seo-meta-tag\" \/>\n\t<meta name=\"twitter:label2\" content=\"Tiempo estimado de lectura\" class=\"yoast-seo-meta-tag\" \/>\n\t<meta name=\"twitter:data2\" content=\"2 minutos\" class=\"yoast-seo-meta-tag\" \/>\n<script type=\"application\/ld+json\" class=\"yoast-schema-graph\">{\"@context\":\"https:\/\/schema.org\",\"@graph\":[{\"@type\":\"Article\",\"@id\":\"https:\/\/explora.cl\/valparaiso\/explora-valparaiso-homenajea-a-ex-directora-en-el-marco-de-los-30-anos-del-programa\/#article\",\"isPartOf\":{\"@id\":\"https:\/\/explora.cl\/valparaiso\/explora-valparaiso-homenajea-a-ex-directora-en-el-marco-de-los-30-anos-del-programa\/\"},\"author\":{\"name\":\"jcastaneda\",\"@id\":\"https:\/\/explora.cl\/valparaiso\/#\/schema\/person\/c15e69495b8dbe0af0102f6bca43ba5d\"},\"headline\":\"Explora Valpara\u00edso homenajea a ex Directora en el marco de los 30 a\u00f1os del Programa\",\"datePublished\":\"2025-11-21T18:04:52+00:00\",\"mainEntityOfPage\":{\"@id\":\"https:\/\/explora.cl\/valparaiso\/explora-valparaiso-homenajea-a-ex-directora-en-el-marco-de-los-30-anos-del-programa\/\"},\"wordCount\":326,\"commentCount\":0,\"publisher\":{\"@id\":\"https:\/\/explora.cl\/valparaiso\/#organization\"},\"image\":{\"@id\":\"https:\/\/explora.cl\/valparaiso\/explora-valparaiso-homenajea-a-ex-directora-en-el-marco-de-los-30-anos-del-programa\/#primaryimage\"},\"thumbnailUrl\":\"https:\/\/explora.cl\/valparaiso\/wp-content\/uploads\/sites\/7\/2025\/11\/DSC04928-scaled.jpg\",\"articleSection\":[\"Banner\",\"Eventos\",\"Noticias\"],\"inLanguage\":\"es-CL\",\"potentialAction\":[{\"@type\":\"CommentAction\",\"name\":\"Comment\",\"target\":[\"https:\/\/explora.cl\/valparaiso\/explora-valparaiso-homenajea-a-ex-directora-en-el-marco-de-los-30-anos-del-programa\/#respond\"]}]},{\"@type\":\"WebPage\",\"@id\":\"https:\/\/explora.cl\/valparaiso\/explora-valparaiso-homenajea-a-ex-directora-en-el-marco-de-los-30-anos-del-programa\/\",\"url\":\"https:\/\/explora.cl\/valparaiso\/explora-valparaiso-homenajea-a-ex-directora-en-el-marco-de-los-30-anos-del-programa\/\",\"name\":\"Explora Valpara\u00edso homenajea a ex Directora en el marco de los 30 a\u00f1os del Programa - Valpara\u00edso\",\"isPartOf\":{\"@id\":\"https:\/\/explora.cl\/valparaiso\/#website\"},\"primaryImageOfPage\":{\"@id\":\"https:\/\/explora.cl\/valparaiso\/explora-valparaiso-homenajea-a-ex-directora-en-el-marco-de-los-30-anos-del-programa\/#primaryimage\"},\"image\":{\"@id\":\"https:\/\/explora.cl\/valparaiso\/explora-valparaiso-homenajea-a-ex-directora-en-el-marco-de-los-30-anos-del-programa\/#primaryimage\"},\"thumbnailUrl\":\"https:\/\/explora.cl\/valparaiso\/wp-content\/uploads\/sites\/7\/2025\/11\/DSC04928-scaled.jpg\",\"datePublished\":\"2025-11-21T18:04:52+00:00\",\"breadcrumb\":{\"@id\":\"https:\/\/explora.cl\/valparaiso\/explora-valparaiso-homenajea-a-ex-directora-en-el-marco-de-los-30-anos-del-programa\/#breadcrumb\"},\"inLanguage\":\"es-CL\",\"potentialAction\":[{\"@type\":\"ReadAction\",\"target\":[\"https:\/\/explora.cl\/valparaiso\/explora-valparaiso-homenajea-a-ex-directora-en-el-marco-de-los-30-anos-del-programa\/\"]}]},{\"@type\":\"ImageObject\",\"inLanguage\":\"es-CL\",\"@id\":\"https:\/\/explora.cl\/valparaiso\/explora-valparaiso-homenajea-a-ex-directora-en-el-marco-de-los-30-anos-del-programa\/#primaryimage\",\"url\":\"https:\/\/explora.cl\/valparaiso\/wp-content\/uploads\/sites\/7\/2025\/11\/DSC04928-scaled.jpg\",\"contentUrl\":\"https:\/\/explora.cl\/valparaiso\/wp-content\/uploads\/sites\/7\/2025\/11\/DSC04928-scaled.jpg\",\"width\":2560,\"height\":1440},{\"@type\":\"BreadcrumbList\",\"@id\":\"https:\/\/explora.cl\/valparaiso\/explora-valparaiso-homenajea-a-ex-directora-en-el-marco-de-los-30-anos-del-programa\/#breadcrumb\",\"itemListElement\":[{\"@type\":\"ListItem\",\"position\":1,\"name\":\"Portada\",\"item\":\"https:\/\/explora.cl\/valparaiso\/\"},{\"@type\":\"ListItem\",\"position\":2,\"name\":\"Explora Valpara\u00edso homenajea a ex Directora en el marco de los 30 a\u00f1os del Programa\"}]},{\"@type\":\"WebSite\",\"@id\":\"https:\/\/explora.cl\/valparaiso\/#website\",\"url\":\"https:\/\/explora.cl\/valparaiso\/\",\"name\":\"Valpara\u00edso\",\"description\":\"Otro sitio m\u00e1s de explora.cl\",\"publisher\":{\"@id\":\"https:\/\/explora.cl\/valparaiso\/#organization\"},\"potentialAction\":[{\"@type\":\"SearchAction\",\"target\":{\"@type\":\"EntryPoint\",\"urlTemplate\":\"https:\/\/explora.cl\/valparaiso\/?s={search_term_string}\"},\"query-input\":{\"@type\":\"PropertyValueSpecification\",\"valueRequired\":true,\"valueName\":\"search_term_string\"}}],\"inLanguage\":\"es-CL\"},{\"@type\":\"Organization\",\"@id\":\"https:\/\/explora.cl\/valparaiso\/#organization\",\"name\":\"Valpara\u00edso\",\"url\":\"https:\/\/explora.cl\/valparaiso\/\",\"logo\":{\"@type\":\"ImageObject\",\"inLanguage\":\"es-CL\",\"@id\":\"https:\/\/explora.cl\/valparaiso\/#\/schema\/logo\/image\/\",\"url\":\"https:\/\/explora.cl\/valparaiso\/wp-content\/uploads\/sites\/7\/2019\/06\/cropped-logo-explora-color.jpg\",\"contentUrl\":\"https:\/\/explora.cl\/valparaiso\/wp-content\/uploads\/sites\/7\/2019\/06\/cropped-logo-explora-color.jpg\",\"width\":2035,\"height\":584,\"caption\":\"Valpara\u00edso\"},\"image\":{\"@id\":\"https:\/\/explora.cl\/valparaiso\/#\/schema\/logo\/image\/\"}},{\"@type\":\"Person\",\"@id\":\"https:\/\/explora.cl\/valparaiso\/#\/schema\/person\/c15e69495b8dbe0af0102f6bca43ba5d\",\"name\":\"jcastaneda\",\"image\":{\"@type\":\"ImageObject\",\"inLanguage\":\"es-CL\",\"@id\":\"https:\/\/explora.cl\/valparaiso\/#\/schema\/person\/image\/\",\"url\":\"https:\/\/secure.gravatar.com\/avatar\/f26661a8eef2f6444d9633928ef0219fd69e41c5be1ef5ef16afeee7cd4df675?s=96&d=mm&r=g\",\"contentUrl\":\"https:\/\/secure.gravatar.com\/avatar\/f26661a8eef2f6444d9633928ef0219fd69e41c5be1ef5ef16afeee7cd4df675?s=96&d=mm&r=g\",\"caption\":\"jcastaneda\"},\"url\":\"https:\/\/explora.cl\/valparaiso\/author\/jcastaneda\/\"}]}<\/script>\n<!-- \/ Yoast SEO plugin. -->","yoast_head_json":{"title":"Explora Valpara\u00edso homenajea a ex Directora en el marco de los 30 a\u00f1os del Programa - Valpara\u00edso","robots":{"index":"index","follow":"follow","max-snippet":"max-snippet:-1","max-image-preview":"max-image-preview:large","max-video-preview":"max-video-preview:-1"},"canonical":"https:\/\/explora.cl\/valparaiso\/explora-valparaiso-homenajea-a-ex-directora-en-el-marco-de-los-30-anos-del-programa\/","og_locale":"es_ES","og_type":"article","og_title":"Explora Valpara\u00edso homenajea a ex Directora en el marco de los 30 a\u00f1os del Programa - Valpara\u00edso","og_description":"Durante la jornada de cierre para docentes gu\u00eda de las Academias Explora de Investigaci\u00f3n e Innovaci\u00f3n Escolar, se realiz\u00f3 un especial reconocimiento a Mabel Keller Mena, quien lider\u00f3 el Proyecto Explora Valpara\u00edso entre 1999 y 2023, con experiencia previa en 1995 relacionada a la divulgaci\u00f3n cient\u00edfica. La instancia reuni\u00f3 a profesoras y profesores de diversas [&hellip;]","og_url":"https:\/\/explora.cl\/valparaiso\/explora-valparaiso-homenajea-a-ex-directora-en-el-marco-de-los-30-anos-del-programa\/","og_site_name":"Valpara\u00edso","article_published_time":"2025-11-21T18:04:52+00:00","og_image":[{"width":2560,"height":1440,"url":"https:\/\/explora.cl\/valparaiso\/wp-content\/uploads\/sites\/7\/2025\/11\/DSC04928-scaled.jpg","type":"image\/jpeg"}],"author":"jcastaneda","twitter_card":"summary_large_image","twitter_misc":{"Escrito por":"jcastaneda","Tiempo estimado de lectura":"2 minutos"},"schema":{"@context":"https:\/\/schema.org","@graph":[{"@type":"Article","@id":"https:\/\/explora.cl\/valparaiso\/explora-valparaiso-homenajea-a-ex-directora-en-el-marco-de-los-30-anos-del-programa\/#article","isPartOf":{"@id":"https:\/\/explora.cl\/valparaiso\/explora-valparaiso-homenajea-a-ex-directora-en-el-marco-de-los-30-anos-del-programa\/"},"author":{"name":"jcastaneda","@id":"https:\/\/explora.cl\/valparaiso\/#\/schema\/person\/c15e69495b8dbe0af0102f6bca43ba5d"},"headline":"Explora Valpara\u00edso homenajea a ex Directora en el marco de los 30 a\u00f1os del Programa","datePublished":"2025-11-21T18:04:52+00:00","mainEntityOfPage":{"@id":"https:\/\/explora.cl\/valparaiso\/explora-valparaiso-homenajea-a-ex-directora-en-el-marco-de-los-30-anos-del-programa\/"},"wordCount":326,"commentCount":0,"publisher":{"@id":"https:\/\/explora.cl\/valparaiso\/#organization"},"image":{"@id":"https:\/\/explora.cl\/valparaiso\/explora-valparaiso-homenajea-a-ex-directora-en-el-marco-de-los-30-anos-del-programa\/#primaryimage"},"thumbnailUrl":"https:\/\/explora.cl\/valparaiso\/wp-content\/uploads\/sites\/7\/2025\/11\/DSC04928-scaled.jpg","articleSection":["Banner","Eventos","Noticias"],"inLanguage":"es-CL","potentialAction":[{"@type":"CommentAction","name":"Comment","target":["https:\/\/explora.cl\/valparaiso\/explora-valparaiso-homenajea-a-ex-directora-en-el-marco-de-los-30-anos-del-programa\/#respond"]}]},{"@type":"WebPage","@id":"https:\/\/explora.cl\/valparaiso\/explora-valparaiso-homenajea-a-ex-directora-en-el-marco-de-los-30-anos-del-programa\/","url":"https:\/\/explora.cl\/valparaiso\/explora-valparaiso-homenajea-a-ex-directora-en-el-marco-de-los-30-anos-del-programa\/","name":"Explora Valpara\u00edso homenajea a ex Directora en el marco de los 30 a\u00f1os del Programa - Valpara\u00edso","isPartOf":{"@id":"https:\/\/explora.cl\/valparaiso\/#website"},"primaryImageOfPage":{"@id":"https:\/\/explora.cl\/valparaiso\/explora-valparaiso-homenajea-a-ex-directora-en-el-marco-de-los-30-anos-del-programa\/#primaryimage"},"image":{"@id":"https:\/\/explora.cl\/valparaiso\/explora-valparaiso-homenajea-a-ex-directora-en-el-marco-de-los-30-anos-del-programa\/#primaryimage"},"thumbnailUrl":"https:\/\/explora.cl\/valparaiso\/wp-content\/uploads\/sites\/7\/2025\/11\/DSC04928-scaled.jpg","datePublished":"2025-11-21T18:04:52+00:00","breadcrumb":{"@id":"https:\/\/explora.cl\/valparaiso\/explora-valparaiso-homenajea-a-ex-directora-en-el-marco-de-los-30-anos-del-programa\/#breadcrumb"},"inLanguage":"es-CL","potentialAction":[{"@type":"ReadAction","target":["https:\/\/explora.cl\/valparaiso\/explora-valparaiso-homenajea-a-ex-directora-en-el-marco-de-los-30-anos-del-programa\/"]}]},{"@type":"ImageObject","inLanguage":"es-CL","@id":"https:\/\/explora.cl\/valparaiso\/explora-valparaiso-homenajea-a-ex-directora-en-el-marco-de-los-30-anos-del-programa\/#primaryimage","url":"https:\/\/explora.cl\/valparaiso\/wp-content\/uploads\/sites\/7\/2025\/11\/DSC04928-scaled.jpg","contentUrl":"https:\/\/explora.cl\/valparaiso\/wp-content\/uploads\/sites\/7\/2025\/11\/DSC04928-scaled.jpg","width":2560,"height":1440},{"@type":"BreadcrumbList","@id":"https:\/\/explora.cl\/valparaiso\/explora-valparaiso-homenajea-a-ex-directora-en-el-marco-de-los-30-anos-del-programa\/#breadcrumb","itemListElement":[{"@type":"ListItem","position":1,"name":"Portada","item":"https:\/\/explora.cl\/valparaiso\/"},{"@type":"ListItem","position":2,"name":"Explora Valpara\u00edso homenajea a ex Directora en el marco de los 30 a\u00f1os del Programa"}]},{"@type":"WebSite","@id":"https:\/\/explora.cl\/valparaiso\/#website","url":"https:\/\/explora.cl\/valparaiso\/","name":"Valpara\u00edso","description":"Otro sitio m\u00e1s de explora.cl","publisher":{"@id":"https:\/\/explora.cl\/valparaiso\/#organization"},"potentialAction":[{"@type":"SearchAction","target":{"@type":"EntryPoint","urlTemplate":"https:\/\/explora.cl\/valparaiso\/?s={search_term_string}"},"query-input":{"@type":"PropertyValueSpecification","valueRequired":true,"valueName":"search_term_string"}}],"inLanguage":"es-CL"},{"@type":"Organization","@id":"https:\/\/explora.cl\/valparaiso\/#organization","name":"Valpara\u00edso","url":"https:\/\/explora.cl\/valparaiso\/","logo":{"@type":"ImageObject","inLanguage":"es-CL","@id":"https:\/\/explora.cl\/valparaiso\/#\/schema\/logo\/image\/","url":"https:\/\/explora.cl\/valparaiso\/wp-content\/uploads\/sites\/7\/2019\/06\/cropped-logo-explora-color.jpg","contentUrl":"https:\/\/explora.cl\/valparaiso\/wp-content\/uploads\/sites\/7\/2019\/06\/cropped-logo-explora-color.jpg","width":2035,"height":584,"caption":"Valpara\u00edso"},"image":{"@id":"https:\/\/explora.cl\/valparaiso\/#\/schema\/logo\/image\/"}},{"@type":"Person","@id":"https:\/\/explora.cl\/valparaiso\/#\/schema\/person\/c15e69495b8dbe0af0102f6bca43ba5d","name":"jcastaneda","image":{"@type":"ImageObject","inLanguage":"es-CL","@id":"https:\/\/explora.cl\/valparaiso\/#\/schema\/person\/image\/","url":"https:\/\/secure.gravatar.com\/avatar\/f26661a8eef2f6444d9633928ef0219fd69e41c5be1ef5ef16afeee7cd4df675?s=96&d=mm&r=g","contentUrl":"https:\/\/secure.gravatar.com\/avatar\/f26661a8eef2f6444d9633928ef0219fd69e41c5be1ef5ef16afeee7cd4df675?s=96&d=mm&r=g","caption":"jcastaneda"},"url":"https:\/\/explora.cl\/valparaiso\/author\/jcastaneda\/"}]}},"_links":{"self":[{"href":"https:\/\/explora.cl\/valparaiso\/wp-json\/wp\/v2\/posts\/44618","targetHints":{"allow":["GET"]}}],"collection":[{"href":"https:\/\/explora.cl\/valparaiso\/wp-json\/wp\/v2\/posts"}],"about":[{"href":"https:\/\/explora.cl\/valparaiso\/wp-json\/wp\/v2\/types\/post"}],"author":[{"embeddable":true,"href":"https:\/\/explora.cl\/valparaiso\/wp-json\/wp\/v2\/users\/22"}],"replies":[{"embeddable":true,"href":"https:\/\/explora.cl\/valparaiso\/wp-json\/wp\/v2\/comments?post=44618"}],"version-history":[{"count":1,"href":"https:\/\/explora.cl\/valparaiso\/wp-json\/wp\/v2\/posts\/44618\/revisions"}],"predecessor-version":[{"id":44620,"href":"https:\/\/explora.cl\/valparaiso\/wp-json\/wp\/v2\/posts\/44618\/revisions\/44620"}],"wp:featuredmedia":[{"embeddable":true,"href":"https:\/\/explora.cl\/valparaiso\/wp-json\/wp\/v2\/media\/44619"}],"wp:attachment":[{"href":"https:\/\/explora.cl\/valparaiso\/wp-json\/wp\/v2\/media?parent=44618"}],"wp:term":[{"taxonomy":"category","embeddable":true,"href":"https:\/\/explora.cl\/valparaiso\/wp-json\/wp\/v2\/categories?post=44618"},{"taxonomy":"post_tag","embeddable":true,"href":"https:\/\/explora.cl\/valparaiso\/wp-json\/wp\/v2\/tags?post=44618"}],"curies":[{"name":"wp","href":"https:\/\/api.w.org\/{rel}","templated":true}]}}