{"id":44583,"date":"2025-10-28T11:01:05","date_gmt":"2025-10-28T14:01:05","guid":{"rendered":"https:\/\/explora.cl\/valparaiso\/?p=44583"},"modified":"2025-10-28T11:01:05","modified_gmt":"2025-10-28T14:01:05","slug":"conoce-a-las-y-los-estudiantes-que-representaran-a-la-region-en-el-congreso-nacional-explora-2025","status":"publish","type":"post","link":"https:\/\/explora.cl\/valparaiso\/conoce-a-las-y-los-estudiantes-que-representaran-a-la-region-en-el-congreso-nacional-explora-2025\/","title":{"rendered":"\u00a1Conoce a las y los estudiantes que representar\u00e1n a la regi\u00f3n en el Congreso Nacional Explora 2025!"},"content":{"rendered":"<p><i><span style=\"font-weight: 400\">Dos equipos de investigadoras e investigadores escolares participar\u00e1n en la nueva versi\u00f3n del Congreso Nacional Explora, instancia que reunir\u00e1 a ni\u00f1os, ni\u00f1as y j\u00f3venes de todas las regiones del pa\u00eds en una jornada de encuentro cient\u00edfico, que se desarrollar\u00e1 en octubre de este a\u00f1o.<\/span><\/i><\/p>\n<p><span style=\"font-weight: 400\">El pasado 27 de agosto se celebr\u00f3 en Casa Central de la Pontificia Universidad Cat\u00f3lica de Valpara\u00edso, el Congreso Regional Explora de Valpara\u00edso, instancia que reuni\u00f3 a 12 equipos de estudiantes, quienes mostraron los procesos y resultados de diversos proyectos de Investigaci\u00f3n e Innovaci\u00f3n Escolar. De ellos, dos resultaron destacados en sus respectivas categor\u00edas.<\/span><\/p>\n<p><span style=\"font-weight: 400\">Se trata de los establecimientos <\/span><b>Liceo Eugenia Subercaseaux de la comuna de Cartagena en la categor\u00eda Innovaci\u00f3n nivel Educaci\u00f3n Media y Escuela B\u00e1sica Carlos Arizt\u00eda Ruiz de La Ligua en la categor\u00eda Investigaci\u00f3n nivel Educaci\u00f3n B\u00e1sica<\/b><span style=\"font-weight: 400\">, quienes representar\u00e1n a la regi\u00f3n de Valpara\u00edso en el pr\u00f3ximo Congreso Nacional Explora a realizarse en Santiago.<\/span><\/p>\n<p><span style=\"font-weight: 400\">A finales de octubre, los d\u00edas 28, 29 y 30, las y los investigadores escolares se reunir\u00e1n, dos por cada regi\u00f3n del pa\u00eds, para competir en una instancia masiva dedicada a la valoraci\u00f3n y promoci\u00f3n del conocimiento organizada por el Ministerio de Ciencia, Tecnolog\u00eda, Conocimiento e Innovaci\u00f3n.<\/span><\/p>\n<p><span style=\"font-weight: 400\">Para el profesor del Instituto de Geograf\u00eda PUCV y director de Explora Valpara\u00edso \u201cEstos proyectos reflejan de manera ejemplar c\u00f3mo las y los estudiantes se vinculan con sus territorios, ya sea explorando soluciones de energ\u00eda sustentable o rescatando la memoria cultural de sus comunidades. Esa combinaci\u00f3n de innovaci\u00f3n y patrimonio muestra la riqueza de la ciencia escolar y su aporte al desarrollo regional\u201d.<\/span><\/p>\n<p>&nbsp;<\/p>\n<p><b>Energ\u00eda y patrimonio, dos potentes proyectos<\/b><\/p>\n<p><span style=\"font-weight: 400\">\u201cInnovaLes\u201d y \u201cRescatadores del Pasado\u201d son los nombres de los equipos que dan vida a los proyectos seleccionados. El primero tiene como objetivo \u201cGenerar energ\u00eda a partir de vibraciones del motor compresor, para aprovecharlas y reducir su consumo el\u00e9ctrico\u201d mientras que el segundo, trata de \u201cRescatar las tradiciones orales de la comunidad de Trapiche.\u201d\u00a0<\/span><\/p>\n<p><span style=\"font-weight: 400\">Ambos, fueron pensados y realizados por el propio estudiantado, quienes a trav\u00e9s de estos proyectos se involucran en sus territorios identificando por una parte, nuevas formas de energ\u00eda sustentable y por otro lado, rescate y valoraci\u00f3n del patrimonio cultural de su comunidad.<\/span><\/p>\n<p><span style=\"font-weight: 400\">A trav\u00e9s de esta participaci\u00f3n \u201cInnovaLes\u201d y \u201cRescatadores del Pasado\u201d se sumar\u00e1n a las delegaciones de todo el pa\u00eds una destacada instancia que convoca a ni\u00f1as, ni\u00f1os y j\u00f3venes de diferentes territorios para compartir sus investigaciones y fortalecer una cultura cient\u00edfica a nivel nacional.<\/span><\/p>\n","protected":false},"excerpt":{"rendered":"<p>Dos equipos de investigadoras e investigadores escolares participar\u00e1n en la nueva versi\u00f3n del Congreso Nacional Explora, instancia que reunir\u00e1 a ni\u00f1os, ni\u00f1as y j\u00f3venes de todas las regiones del pa\u00eds en una jornada de encuentro cient\u00edfico, que se desarrollar\u00e1 en octubre de este a\u00f1o. El pasado 27 de agosto se celebr\u00f3 en Casa Central de [&hellip;]<\/p>\n","protected":false},"author":22,"featured_media":44584,"comment_status":"open","ping_status":"open","sticky":false,"template":"","format":"standard","meta":{"_acf_changed":false,"_exactmetrics_skip_tracking":false,"_exactmetrics_sitenote_active":false,"_exactmetrics_sitenote_note":"","_exactmetrics_sitenote_category":0,"footnotes":"","_links_to":"","_links_to_target":""},"categories":[151,4],"tags":[522,1200,1435,105,986,1436,174],"class_list":["post-44583","post","type-post","status-publish","format-standard","has-post-thumbnail","hentry","category-banner","category-noticias","tag-academias-explora","tag-ciencias","tag-congreso-explora-2025","tag-educacion","tag-iie","tag-infancias","tag-region-de-valparaiso"],"acf":[],"yoast_head":"<!-- This site is optimized with the Yoast SEO plugin v26.9 - https:\/\/yoast.com\/product\/yoast-seo-wordpress\/ -->\n<title>\u00a1Conoce a las y los estudiantes que representar\u00e1n a la regi\u00f3n en el Congreso Nacional Explora 2025! - Valpara\u00edso<\/title>\n<meta name=\"robots\" content=\"index, follow, max-snippet:-1, max-image-preview:large, max-video-preview:-1\" \/>\n<link rel=\"canonical\" href=\"https:\/\/explora.cl\/valparaiso\/conoce-a-las-y-los-estudiantes-que-representaran-a-la-region-en-el-congreso-nacional-explora-2025\/\" class=\"yoast-seo-meta-tag\" \/>\n<meta property=\"og:locale\" content=\"es_ES\" class=\"yoast-seo-meta-tag\" \/>\n<meta property=\"og:type\" content=\"article\" class=\"yoast-seo-meta-tag\" \/>\n<meta property=\"og:title\" content=\"\u00a1Conoce a las y los estudiantes que representar\u00e1n a la regi\u00f3n en el Congreso Nacional Explora 2025! - Valpara\u00edso\" class=\"yoast-seo-meta-tag\" \/>\n<meta property=\"og:description\" content=\"Dos equipos de investigadoras e investigadores escolares participar\u00e1n en la nueva versi\u00f3n del Congreso Nacional Explora, instancia que reunir\u00e1 a ni\u00f1os, ni\u00f1as y j\u00f3venes de todas las regiones del pa\u00eds en una jornada de encuentro cient\u00edfico, que se desarrollar\u00e1 en octubre de este a\u00f1o. El pasado 27 de agosto se celebr\u00f3 en Casa Central de [&hellip;]\" class=\"yoast-seo-meta-tag\" \/>\n<meta property=\"og:url\" content=\"https:\/\/explora.cl\/valparaiso\/conoce-a-las-y-los-estudiantes-que-representaran-a-la-region-en-el-congreso-nacional-explora-2025\/\" class=\"yoast-seo-meta-tag\" \/>\n<meta property=\"og:site_name\" content=\"Valpara\u00edso\" class=\"yoast-seo-meta-tag\" \/>\n<meta property=\"article:published_time\" content=\"2025-10-28T14:01:05+00:00\" class=\"yoast-seo-meta-tag\" \/>\n<meta property=\"og:image\" content=\"https:\/\/explora.cl\/valparaiso\/wp-content\/uploads\/sites\/7\/2025\/10\/foto-encabezado-Seleccionados-Congreso.png\" class=\"yoast-seo-meta-tag\" \/>\n\t<meta property=\"og:image:width\" content=\"1920\" class=\"yoast-seo-meta-tag\" \/>\n\t<meta property=\"og:image:height\" content=\"1080\" class=\"yoast-seo-meta-tag\" \/>\n\t<meta property=\"og:image:type\" content=\"image\/png\" class=\"yoast-seo-meta-tag\" \/>\n<meta name=\"author\" content=\"jcastaneda\" class=\"yoast-seo-meta-tag\" \/>\n<meta name=\"twitter:card\" content=\"summary_large_image\" class=\"yoast-seo-meta-tag\" \/>\n<meta name=\"twitter:label1\" content=\"Escrito por\" class=\"yoast-seo-meta-tag\" \/>\n\t<meta name=\"twitter:data1\" content=\"jcastaneda\" class=\"yoast-seo-meta-tag\" \/>\n\t<meta name=\"twitter:label2\" content=\"Tiempo estimado de lectura\" class=\"yoast-seo-meta-tag\" \/>\n\t<meta name=\"twitter:data2\" content=\"3 minutos\" class=\"yoast-seo-meta-tag\" \/>\n<script type=\"application\/ld+json\" class=\"yoast-schema-graph\">{\"@context\":\"https:\/\/schema.org\",\"@graph\":[{\"@type\":\"Article\",\"@id\":\"https:\/\/explora.cl\/valparaiso\/conoce-a-las-y-los-estudiantes-que-representaran-a-la-region-en-el-congreso-nacional-explora-2025\/#article\",\"isPartOf\":{\"@id\":\"https:\/\/explora.cl\/valparaiso\/conoce-a-las-y-los-estudiantes-que-representaran-a-la-region-en-el-congreso-nacional-explora-2025\/\"},\"author\":{\"name\":\"jcastaneda\",\"@id\":\"https:\/\/explora.cl\/valparaiso\/#\/schema\/person\/c15e69495b8dbe0af0102f6bca43ba5d\"},\"headline\":\"\u00a1Conoce a las y los estudiantes que representar\u00e1n a la regi\u00f3n en el Congreso Nacional Explora 2025!\",\"datePublished\":\"2025-10-28T14:01:05+00:00\",\"mainEntityOfPage\":{\"@id\":\"https:\/\/explora.cl\/valparaiso\/conoce-a-las-y-los-estudiantes-que-representaran-a-la-region-en-el-congreso-nacional-explora-2025\/\"},\"wordCount\":476,\"commentCount\":0,\"publisher\":{\"@id\":\"https:\/\/explora.cl\/valparaiso\/#organization\"},\"image\":{\"@id\":\"https:\/\/explora.cl\/valparaiso\/conoce-a-las-y-los-estudiantes-que-representaran-a-la-region-en-el-congreso-nacional-explora-2025\/#primaryimage\"},\"thumbnailUrl\":\"https:\/\/explora.cl\/valparaiso\/wp-content\/uploads\/sites\/7\/2025\/10\/foto-encabezado-Seleccionados-Congreso.png\",\"keywords\":[\"Academias EXPLORA\",\"Ciencias\",\"Congreso Explora 2025\",\"educaci\u00f3n\",\"IIE\",\"Infancias\",\"Regi\u00f3n de Valpara\u00edso\"],\"articleSection\":[\"Banner\",\"Noticias\"],\"inLanguage\":\"es-CL\",\"potentialAction\":[{\"@type\":\"CommentAction\",\"name\":\"Comment\",\"target\":[\"https:\/\/explora.cl\/valparaiso\/conoce-a-las-y-los-estudiantes-que-representaran-a-la-region-en-el-congreso-nacional-explora-2025\/#respond\"]}]},{\"@type\":\"WebPage\",\"@id\":\"https:\/\/explora.cl\/valparaiso\/conoce-a-las-y-los-estudiantes-que-representaran-a-la-region-en-el-congreso-nacional-explora-2025\/\",\"url\":\"https:\/\/explora.cl\/valparaiso\/conoce-a-las-y-los-estudiantes-que-representaran-a-la-region-en-el-congreso-nacional-explora-2025\/\",\"name\":\"\u00a1Conoce a las y los estudiantes que representar\u00e1n a la regi\u00f3n en el Congreso Nacional Explora 2025! - Valpara\u00edso\",\"isPartOf\":{\"@id\":\"https:\/\/explora.cl\/valparaiso\/#website\"},\"primaryImageOfPage\":{\"@id\":\"https:\/\/explora.cl\/valparaiso\/conoce-a-las-y-los-estudiantes-que-representaran-a-la-region-en-el-congreso-nacional-explora-2025\/#primaryimage\"},\"image\":{\"@id\":\"https:\/\/explora.cl\/valparaiso\/conoce-a-las-y-los-estudiantes-que-representaran-a-la-region-en-el-congreso-nacional-explora-2025\/#primaryimage\"},\"thumbnailUrl\":\"https:\/\/explora.cl\/valparaiso\/wp-content\/uploads\/sites\/7\/2025\/10\/foto-encabezado-Seleccionados-Congreso.png\",\"datePublished\":\"2025-10-28T14:01:05+00:00\",\"breadcrumb\":{\"@id\":\"https:\/\/explora.cl\/valparaiso\/conoce-a-las-y-los-estudiantes-que-representaran-a-la-region-en-el-congreso-nacional-explora-2025\/#breadcrumb\"},\"inLanguage\":\"es-CL\",\"potentialAction\":[{\"@type\":\"ReadAction\",\"target\":[\"https:\/\/explora.cl\/valparaiso\/conoce-a-las-y-los-estudiantes-que-representaran-a-la-region-en-el-congreso-nacional-explora-2025\/\"]}]},{\"@type\":\"ImageObject\",\"inLanguage\":\"es-CL\",\"@id\":\"https:\/\/explora.cl\/valparaiso\/conoce-a-las-y-los-estudiantes-que-representaran-a-la-region-en-el-congreso-nacional-explora-2025\/#primaryimage\",\"url\":\"https:\/\/explora.cl\/valparaiso\/wp-content\/uploads\/sites\/7\/2025\/10\/foto-encabezado-Seleccionados-Congreso.png\",\"contentUrl\":\"https:\/\/explora.cl\/valparaiso\/wp-content\/uploads\/sites\/7\/2025\/10\/foto-encabezado-Seleccionados-Congreso.png\",\"width\":1920,\"height\":1080},{\"@type\":\"BreadcrumbList\",\"@id\":\"https:\/\/explora.cl\/valparaiso\/conoce-a-las-y-los-estudiantes-que-representaran-a-la-region-en-el-congreso-nacional-explora-2025\/#breadcrumb\",\"itemListElement\":[{\"@type\":\"ListItem\",\"position\":1,\"name\":\"Portada\",\"item\":\"https:\/\/explora.cl\/valparaiso\/\"},{\"@type\":\"ListItem\",\"position\":2,\"name\":\"\u00a1Conoce a las y los estudiantes que representar\u00e1n a la regi\u00f3n en el Congreso Nacional Explora 2025!\"}]},{\"@type\":\"WebSite\",\"@id\":\"https:\/\/explora.cl\/valparaiso\/#website\",\"url\":\"https:\/\/explora.cl\/valparaiso\/\",\"name\":\"Valpara\u00edso\",\"description\":\"Otro sitio m\u00e1s de explora.cl\",\"publisher\":{\"@id\":\"https:\/\/explora.cl\/valparaiso\/#organization\"},\"potentialAction\":[{\"@type\":\"SearchAction\",\"target\":{\"@type\":\"EntryPoint\",\"urlTemplate\":\"https:\/\/explora.cl\/valparaiso\/?s={search_term_string}\"},\"query-input\":{\"@type\":\"PropertyValueSpecification\",\"valueRequired\":true,\"valueName\":\"search_term_string\"}}],\"inLanguage\":\"es-CL\"},{\"@type\":\"Organization\",\"@id\":\"https:\/\/explora.cl\/valparaiso\/#organization\",\"name\":\"Valpara\u00edso\",\"url\":\"https:\/\/explora.cl\/valparaiso\/\",\"logo\":{\"@type\":\"ImageObject\",\"inLanguage\":\"es-CL\",\"@id\":\"https:\/\/explora.cl\/valparaiso\/#\/schema\/logo\/image\/\",\"url\":\"https:\/\/explora.cl\/valparaiso\/wp-content\/uploads\/sites\/7\/2019\/06\/cropped-logo-explora-color.jpg\",\"contentUrl\":\"https:\/\/explora.cl\/valparaiso\/wp-content\/uploads\/sites\/7\/2019\/06\/cropped-logo-explora-color.jpg\",\"width\":2035,\"height\":584,\"caption\":\"Valpara\u00edso\"},\"image\":{\"@id\":\"https:\/\/explora.cl\/valparaiso\/#\/schema\/logo\/image\/\"}},{\"@type\":\"Person\",\"@id\":\"https:\/\/explora.cl\/valparaiso\/#\/schema\/person\/c15e69495b8dbe0af0102f6bca43ba5d\",\"name\":\"jcastaneda\",\"image\":{\"@type\":\"ImageObject\",\"inLanguage\":\"es-CL\",\"@id\":\"https:\/\/explora.cl\/valparaiso\/#\/schema\/person\/image\/\",\"url\":\"https:\/\/secure.gravatar.com\/avatar\/f26661a8eef2f6444d9633928ef0219fd69e41c5be1ef5ef16afeee7cd4df675?s=96&d=mm&r=g\",\"contentUrl\":\"https:\/\/secure.gravatar.com\/avatar\/f26661a8eef2f6444d9633928ef0219fd69e41c5be1ef5ef16afeee7cd4df675?s=96&d=mm&r=g\",\"caption\":\"jcastaneda\"},\"url\":\"https:\/\/explora.cl\/valparaiso\/author\/jcastaneda\/\"}]}<\/script>\n<!-- \/ Yoast SEO plugin. -->","yoast_head_json":{"title":"\u00a1Conoce a las y los estudiantes que representar\u00e1n a la regi\u00f3n en el Congreso Nacional Explora 2025! - Valpara\u00edso","robots":{"index":"index","follow":"follow","max-snippet":"max-snippet:-1","max-image-preview":"max-image-preview:large","max-video-preview":"max-video-preview:-1"},"canonical":"https:\/\/explora.cl\/valparaiso\/conoce-a-las-y-los-estudiantes-que-representaran-a-la-region-en-el-congreso-nacional-explora-2025\/","og_locale":"es_ES","og_type":"article","og_title":"\u00a1Conoce a las y los estudiantes que representar\u00e1n a la regi\u00f3n en el Congreso Nacional Explora 2025! - Valpara\u00edso","og_description":"Dos equipos de investigadoras e investigadores escolares participar\u00e1n en la nueva versi\u00f3n del Congreso Nacional Explora, instancia que reunir\u00e1 a ni\u00f1os, ni\u00f1as y j\u00f3venes de todas las regiones del pa\u00eds en una jornada de encuentro cient\u00edfico, que se desarrollar\u00e1 en octubre de este a\u00f1o. El pasado 27 de agosto se celebr\u00f3 en Casa Central de [&hellip;]","og_url":"https:\/\/explora.cl\/valparaiso\/conoce-a-las-y-los-estudiantes-que-representaran-a-la-region-en-el-congreso-nacional-explora-2025\/","og_site_name":"Valpara\u00edso","article_published_time":"2025-10-28T14:01:05+00:00","og_image":[{"width":1920,"height":1080,"url":"https:\/\/explora.cl\/valparaiso\/wp-content\/uploads\/sites\/7\/2025\/10\/foto-encabezado-Seleccionados-Congreso.png","type":"image\/png"}],"author":"jcastaneda","twitter_card":"summary_large_image","twitter_misc":{"Escrito por":"jcastaneda","Tiempo estimado de lectura":"3 minutos"},"schema":{"@context":"https:\/\/schema.org","@graph":[{"@type":"Article","@id":"https:\/\/explora.cl\/valparaiso\/conoce-a-las-y-los-estudiantes-que-representaran-a-la-region-en-el-congreso-nacional-explora-2025\/#article","isPartOf":{"@id":"https:\/\/explora.cl\/valparaiso\/conoce-a-las-y-los-estudiantes-que-representaran-a-la-region-en-el-congreso-nacional-explora-2025\/"},"author":{"name":"jcastaneda","@id":"https:\/\/explora.cl\/valparaiso\/#\/schema\/person\/c15e69495b8dbe0af0102f6bca43ba5d"},"headline":"\u00a1Conoce a las y los estudiantes que representar\u00e1n a la regi\u00f3n en el Congreso Nacional Explora 2025!","datePublished":"2025-10-28T14:01:05+00:00","mainEntityOfPage":{"@id":"https:\/\/explora.cl\/valparaiso\/conoce-a-las-y-los-estudiantes-que-representaran-a-la-region-en-el-congreso-nacional-explora-2025\/"},"wordCount":476,"commentCount":0,"publisher":{"@id":"https:\/\/explora.cl\/valparaiso\/#organization"},"image":{"@id":"https:\/\/explora.cl\/valparaiso\/conoce-a-las-y-los-estudiantes-que-representaran-a-la-region-en-el-congreso-nacional-explora-2025\/#primaryimage"},"thumbnailUrl":"https:\/\/explora.cl\/valparaiso\/wp-content\/uploads\/sites\/7\/2025\/10\/foto-encabezado-Seleccionados-Congreso.png","keywords":["Academias EXPLORA","Ciencias","Congreso Explora 2025","educaci\u00f3n","IIE","Infancias","Regi\u00f3n de Valpara\u00edso"],"articleSection":["Banner","Noticias"],"inLanguage":"es-CL","potentialAction":[{"@type":"CommentAction","name":"Comment","target":["https:\/\/explora.cl\/valparaiso\/conoce-a-las-y-los-estudiantes-que-representaran-a-la-region-en-el-congreso-nacional-explora-2025\/#respond"]}]},{"@type":"WebPage","@id":"https:\/\/explora.cl\/valparaiso\/conoce-a-las-y-los-estudiantes-que-representaran-a-la-region-en-el-congreso-nacional-explora-2025\/","url":"https:\/\/explora.cl\/valparaiso\/conoce-a-las-y-los-estudiantes-que-representaran-a-la-region-en-el-congreso-nacional-explora-2025\/","name":"\u00a1Conoce a las y los estudiantes que representar\u00e1n a la regi\u00f3n en el Congreso Nacional Explora 2025! - Valpara\u00edso","isPartOf":{"@id":"https:\/\/explora.cl\/valparaiso\/#website"},"primaryImageOfPage":{"@id":"https:\/\/explora.cl\/valparaiso\/conoce-a-las-y-los-estudiantes-que-representaran-a-la-region-en-el-congreso-nacional-explora-2025\/#primaryimage"},"image":{"@id":"https:\/\/explora.cl\/valparaiso\/conoce-a-las-y-los-estudiantes-que-representaran-a-la-region-en-el-congreso-nacional-explora-2025\/#primaryimage"},"thumbnailUrl":"https:\/\/explora.cl\/valparaiso\/wp-content\/uploads\/sites\/7\/2025\/10\/foto-encabezado-Seleccionados-Congreso.png","datePublished":"2025-10-28T14:01:05+00:00","breadcrumb":{"@id":"https:\/\/explora.cl\/valparaiso\/conoce-a-las-y-los-estudiantes-que-representaran-a-la-region-en-el-congreso-nacional-explora-2025\/#breadcrumb"},"inLanguage":"es-CL","potentialAction":[{"@type":"ReadAction","target":["https:\/\/explora.cl\/valparaiso\/conoce-a-las-y-los-estudiantes-que-representaran-a-la-region-en-el-congreso-nacional-explora-2025\/"]}]},{"@type":"ImageObject","inLanguage":"es-CL","@id":"https:\/\/explora.cl\/valparaiso\/conoce-a-las-y-los-estudiantes-que-representaran-a-la-region-en-el-congreso-nacional-explora-2025\/#primaryimage","url":"https:\/\/explora.cl\/valparaiso\/wp-content\/uploads\/sites\/7\/2025\/10\/foto-encabezado-Seleccionados-Congreso.png","contentUrl":"https:\/\/explora.cl\/valparaiso\/wp-content\/uploads\/sites\/7\/2025\/10\/foto-encabezado-Seleccionados-Congreso.png","width":1920,"height":1080},{"@type":"BreadcrumbList","@id":"https:\/\/explora.cl\/valparaiso\/conoce-a-las-y-los-estudiantes-que-representaran-a-la-region-en-el-congreso-nacional-explora-2025\/#breadcrumb","itemListElement":[{"@type":"ListItem","position":1,"name":"Portada","item":"https:\/\/explora.cl\/valparaiso\/"},{"@type":"ListItem","position":2,"name":"\u00a1Conoce a las y los estudiantes que representar\u00e1n a la regi\u00f3n en el Congreso Nacional Explora 2025!"}]},{"@type":"WebSite","@id":"https:\/\/explora.cl\/valparaiso\/#website","url":"https:\/\/explora.cl\/valparaiso\/","name":"Valpara\u00edso","description":"Otro sitio m\u00e1s de explora.cl","publisher":{"@id":"https:\/\/explora.cl\/valparaiso\/#organization"},"potentialAction":[{"@type":"SearchAction","target":{"@type":"EntryPoint","urlTemplate":"https:\/\/explora.cl\/valparaiso\/?s={search_term_string}"},"query-input":{"@type":"PropertyValueSpecification","valueRequired":true,"valueName":"search_term_string"}}],"inLanguage":"es-CL"},{"@type":"Organization","@id":"https:\/\/explora.cl\/valparaiso\/#organization","name":"Valpara\u00edso","url":"https:\/\/explora.cl\/valparaiso\/","logo":{"@type":"ImageObject","inLanguage":"es-CL","@id":"https:\/\/explora.cl\/valparaiso\/#\/schema\/logo\/image\/","url":"https:\/\/explora.cl\/valparaiso\/wp-content\/uploads\/sites\/7\/2019\/06\/cropped-logo-explora-color.jpg","contentUrl":"https:\/\/explora.cl\/valparaiso\/wp-content\/uploads\/sites\/7\/2019\/06\/cropped-logo-explora-color.jpg","width":2035,"height":584,"caption":"Valpara\u00edso"},"image":{"@id":"https:\/\/explora.cl\/valparaiso\/#\/schema\/logo\/image\/"}},{"@type":"Person","@id":"https:\/\/explora.cl\/valparaiso\/#\/schema\/person\/c15e69495b8dbe0af0102f6bca43ba5d","name":"jcastaneda","image":{"@type":"ImageObject","inLanguage":"es-CL","@id":"https:\/\/explora.cl\/valparaiso\/#\/schema\/person\/image\/","url":"https:\/\/secure.gravatar.com\/avatar\/f26661a8eef2f6444d9633928ef0219fd69e41c5be1ef5ef16afeee7cd4df675?s=96&d=mm&r=g","contentUrl":"https:\/\/secure.gravatar.com\/avatar\/f26661a8eef2f6444d9633928ef0219fd69e41c5be1ef5ef16afeee7cd4df675?s=96&d=mm&r=g","caption":"jcastaneda"},"url":"https:\/\/explora.cl\/valparaiso\/author\/jcastaneda\/"}]}},"_links":{"self":[{"href":"https:\/\/explora.cl\/valparaiso\/wp-json\/wp\/v2\/posts\/44583","targetHints":{"allow":["GET"]}}],"collection":[{"href":"https:\/\/explora.cl\/valparaiso\/wp-json\/wp\/v2\/posts"}],"about":[{"href":"https:\/\/explora.cl\/valparaiso\/wp-json\/wp\/v2\/types\/post"}],"author":[{"embeddable":true,"href":"https:\/\/explora.cl\/valparaiso\/wp-json\/wp\/v2\/users\/22"}],"replies":[{"embeddable":true,"href":"https:\/\/explora.cl\/valparaiso\/wp-json\/wp\/v2\/comments?post=44583"}],"version-history":[{"count":1,"href":"https:\/\/explora.cl\/valparaiso\/wp-json\/wp\/v2\/posts\/44583\/revisions"}],"predecessor-version":[{"id":44585,"href":"https:\/\/explora.cl\/valparaiso\/wp-json\/wp\/v2\/posts\/44583\/revisions\/44585"}],"wp:featuredmedia":[{"embeddable":true,"href":"https:\/\/explora.cl\/valparaiso\/wp-json\/wp\/v2\/media\/44584"}],"wp:attachment":[{"href":"https:\/\/explora.cl\/valparaiso\/wp-json\/wp\/v2\/media?parent=44583"}],"wp:term":[{"taxonomy":"category","embeddable":true,"href":"https:\/\/explora.cl\/valparaiso\/wp-json\/wp\/v2\/categories?post=44583"},{"taxonomy":"post_tag","embeddable":true,"href":"https:\/\/explora.cl\/valparaiso\/wp-json\/wp\/v2\/tags?post=44583"}],"curies":[{"name":"wp","href":"https:\/\/api.w.org\/{rel}","templated":true}]}}