{"id":44492,"date":"2025-08-29T11:43:30","date_gmt":"2025-08-29T15:43:30","guid":{"rendered":"https:\/\/explora.cl\/valparaiso\/?p=44492"},"modified":"2025-08-29T11:43:30","modified_gmt":"2025-08-29T15:43:30","slug":"ninas-ninos-y-jovenes-dieron-vida-al-congreso-regional-explora-2025-en-valparaiso","status":"publish","type":"post","link":"https:\/\/explora.cl\/valparaiso\/ninas-ninos-y-jovenes-dieron-vida-al-congreso-regional-explora-2025-en-valparaiso\/","title":{"rendered":"Ni\u00f1as, ni\u00f1os y j\u00f3venes dieron vida al Congreso Regional Explora 2025 en Valpara\u00edso"},"content":{"rendered":"<p><i><span style=\"font-weight: 400\">Doce equipos escolares de la regi\u00f3n de Valpara\u00edso compartieron proyectos de investigaci\u00f3n e innovaci\u00f3n en una feria cient\u00edfica colaborativa y no competitiva, realizada en el marco de los 30 a\u00f1os del Programa Explora a nivel nacional.<\/span><\/i><\/p>\n<p><!--more--><\/p>\n<h4><strong>Ciencia que nace en los territorios<\/strong><\/h4>\n<p><span style=\"font-weight: 400\">Las y los estudiantes provenientes de Cabildo, Cartagena, Casablanca, La Ligua, Limache, Quintero, Valpara\u00edso y Villa Alemana junto a sus docentes gu\u00eda, se reunieron en el Congreso Regional Explora 2025, iniciativa que es parte de las Academias Explora de Investigaci\u00f3n e Innovaci\u00f3n Escolar para estudiantes desde 1\u00b0 b\u00e1sico a 4\u00b0 medio.<\/span><\/p>\n<p><span style=\"font-weight: 400\">El evento fue organizado por el Proyecto Explora Valpara\u00edso del Ministerio de Ciencia, Tecnolog\u00eda, Conocimiento e Innovaci\u00f3n, liderado por la Pontificia Universidad Cat\u00f3lica de Valpara\u00edso, en colaboraci\u00f3n con la organizaci\u00f3n Las Salinas.<\/span><\/p>\n<h4><strong>Autoridades y estudiantes en di\u00e1logo<\/strong><\/h4>\n<p><span style=\"font-weight: 400\">En el contexto de los 30 a\u00f1os del Programa Explora, el subsecretario del Ministerio de Ciencias, Cristian Cuevas Vega, se\u00f1al\u00f3 en la jornada <\/span><i><span style=\"font-weight: 400\">\u201cDurante estos 30 a\u00f1os, m\u00e1s de 8 millones y medio de chilenas y chilenos han participado en el programa, que llega a todas las regiones y a m\u00e1s del 90% de las comunas del pa\u00eds a trav\u00e9s de los proyectos asociativos, consolid\u00e1ndose como parte del patrimonio cient\u00edfico nacional\u201d <\/span><\/i><span style=\"font-weight: 400\">agregando que \u201cHoy, las y los estudiantes que se re\u00fanen en este Congreso Regional son parte de esa historia y es a trav\u00e9s de ellas y ellos que fortalecemos la cultura cient\u00edfica del pa\u00eds\u201d.<\/span><\/p>\n<p><span style=\"font-weight: 400\">Por su parte, la Vicerrectora de Vinculaci\u00f3n con el Medio de la PUCV, Jacqueline P\u00e1ez Herrera, destac\u00f3: <\/span><i><span style=\"font-weight: 400\">\u201cEste proyecto Explora que se aloja en la Vicerrector\u00eda de Vinculaci\u00f3n con el Medio es importante para nuestra universidad porque se traduce en un trabajo colaborativo con diferentes universidades de la regi\u00f3n, coloc\u00e1ndonos al servicio de las necesidades educativas y formativas en m\u00e1s de 100 colegios de nuestras ocho provincias\u201d<\/span><\/i><span style=\"font-weight: 400\">.<\/span><\/p>\n<p><i><span style=\"font-weight: 400\">\u201cLos proyectos que ustedes enviaron fueron fant\u00e1sticos en t\u00e9rminos de pertinencia territorial, de las preguntas cient\u00edficas que se hacen y de la creatividad de los equipos. Estos son proyectos complejos que representan un paso adelante para el desarrollo de la regi\u00f3n entera\u201d<\/span><\/i><span style=\"font-weight: 400\">, afirm\u00f3 el profesor del Instituto de Geograf\u00eda PUCV y director de Explora Valpara\u00edso, V\u00edctor Salinas Silva.<\/span><\/p>\n<p><span style=\"font-weight: 400\">Los y las estudiantes tambi\u00e9n valoraron la oportunidad de compartir sus investigaciones. Laura Delgadillo, del Colegio Altomonte de Villa Alemana e integrante del equipo Chungungo, coment\u00f3: <\/span><i><span style=\"font-weight: 400\">\u201cPara nosotros, esta es la manera de visibilizar nuestra investigaci\u00f3n y todo el trabajo que hemos realizado. Tambi\u00e9n es una forma de difundir el mensaje que queremos transmitir\u201d<\/span><\/i><span style=\"font-weight: 400\">. Su equipo present\u00f3 el proyecto <\/span><i><span style=\"font-weight: 400\">\u201cTejiendo Soluciones: Redes de Pesca Biodegradables para Proteger el Oc\u00e9ano\u201d<\/span><\/i><span style=\"font-weight: 400\">, un prototipo de red de pesca a base de cochayuyo y ortiga, orientada a proponer alternativas que reduzcan el impacto del pl\u00e1stico en los ecosistemas marinos.<\/span><\/p>\n<h4><strong>Miradas al cielo, al suelo y al futuro<\/strong><\/h4>\n<p><span style=\"font-weight: 400\">Los equipos abordaron tem\u00e1ticas diversas como <\/span><span style=\"font-weight: 400\">\u00a0<\/span><span style=\"font-weight: 400\">realizarse preguntas sobre el ciclo de vida de las estrellas, la b\u00fasqueda de soluciones para enfrentar la escasez h\u00eddrica, acidificaci\u00f3n de la lluvia, conservaci\u00f3n de la biodiversidad y el cuidado del suelo, uso excesivo de tecnolog\u00edas en adolescentes, rescate de tradiciones orales, tambi\u00e9n propuestas tecnol\u00f3gicas con enfoque en sostenibilidad, como una red de pesca ecol\u00f3gica y toallitas h\u00famedas biodegradables, protecci\u00f3n de cultivos de huerto, restauraci\u00f3n de suelos degradados y generaci\u00f3n de energ\u00eda.<\/span><\/p>\n<p><span style=\"font-weight: 400\">La jornada incluy\u00f3 adem\u00e1s la presencia de familias, la comunidad cient\u00edfica y establecimientos invitados, quienes acompa\u00f1aron, visitaron y retroalimentaron a los equipos escolares en sus presentaciones, reforzando el esp\u00edritu colectivo de esta experiencia.<\/span><\/p>\n<p><span style=\"font-weight: 400\">El Congreso adem\u00e1s ofreci\u00f3 a las y los estudiantes la posibilidad de recorrer distintos stands con muestras y experiencias de organizaciones ligadas al ecosistema CTCI regional. Fueron parte del evento la Unidad de Medio Ambiente de la Ilustre Municipalidad de Vi\u00f1a del Mar, las iniciativas Ecos del Futuro y Realidad Extendida de la PUCV, la organizaci\u00f3n Las Salinas y la Unidad de Medio Ambiente del SLEP Valpara\u00edso.<\/span><\/p>\n<p><span style=\"font-weight: 400\">De esta manera, el Congreso Regional Explora 2025 se consolid\u00f3 como un espacio de encuentro, colaboraci\u00f3n y construcci\u00f3n de conocimientos, proyectando a los equipos seleccionados hacia el Congreso Nacional Explora, que se realizar\u00e1 en octubre.<\/span><\/p>\n<div id='gallery-1' class='gallery galleryid-44492 gallery-columns-5 gallery-size-medium'><figure class='gallery-item'>\n\t\t\t<div class='gallery-icon landscape'>\n\t\t\t\t<a href='https:\/\/explora.cl\/valparaiso\/wp-content\/uploads\/sites\/7\/2025\/08\/DSC09708-scaled.jpg'><img fetchpriority=\"high\" decoding=\"async\" width=\"300\" height=\"170\" src=\"https:\/\/explora.cl\/valparaiso\/wp-content\/uploads\/sites\/7\/2025\/08\/DSC09708-300x170.jpg\" class=\"attachment-medium size-medium\" alt=\"\" srcset=\"https:\/\/explora.cl\/valparaiso\/wp-content\/uploads\/sites\/7\/2025\/08\/DSC09708-300x170.jpg 300w, https:\/\/explora.cl\/valparaiso\/wp-content\/uploads\/sites\/7\/2025\/08\/DSC09708-1024x580.jpg 1024w, https:\/\/explora.cl\/valparaiso\/wp-content\/uploads\/sites\/7\/2025\/08\/DSC09708-768x435.jpg 768w, https:\/\/explora.cl\/valparaiso\/wp-content\/uploads\/sites\/7\/2025\/08\/DSC09708-1536x869.jpg 1536w, https:\/\/explora.cl\/valparaiso\/wp-content\/uploads\/sites\/7\/2025\/08\/DSC09708-2048x1159.jpg 2048w\" sizes=\"(max-width: 300px) 100vw, 300px\" \/><\/a>\n\t\t\t<\/div><\/figure><figure class='gallery-item'>\n\t\t\t<div class='gallery-icon landscape'>\n\t\t\t\t<a href='https:\/\/explora.cl\/valparaiso\/wp-content\/uploads\/sites\/7\/2025\/08\/DSC09695-scaled.jpg'><img decoding=\"async\" width=\"300\" height=\"170\" src=\"https:\/\/explora.cl\/valparaiso\/wp-content\/uploads\/sites\/7\/2025\/08\/DSC09695-300x170.jpg\" class=\"attachment-medium size-medium\" alt=\"\" srcset=\"https:\/\/explora.cl\/valparaiso\/wp-content\/uploads\/sites\/7\/2025\/08\/DSC09695-300x170.jpg 300w, https:\/\/explora.cl\/valparaiso\/wp-content\/uploads\/sites\/7\/2025\/08\/DSC09695-1024x580.jpg 1024w, https:\/\/explora.cl\/valparaiso\/wp-content\/uploads\/sites\/7\/2025\/08\/DSC09695-768x435.jpg 768w, https:\/\/explora.cl\/valparaiso\/wp-content\/uploads\/sites\/7\/2025\/08\/DSC09695-1536x869.jpg 1536w, https:\/\/explora.cl\/valparaiso\/wp-content\/uploads\/sites\/7\/2025\/08\/DSC09695-2048x1159.jpg 2048w\" sizes=\"(max-width: 300px) 100vw, 300px\" \/><\/a>\n\t\t\t<\/div><\/figure><figure class='gallery-item'>\n\t\t\t<div class='gallery-icon landscape'>\n\t\t\t\t<a href='https:\/\/explora.cl\/valparaiso\/wp-content\/uploads\/sites\/7\/2025\/08\/DSC09686-scaled.jpg'><img decoding=\"async\" width=\"300\" height=\"170\" src=\"https:\/\/explora.cl\/valparaiso\/wp-content\/uploads\/sites\/7\/2025\/08\/DSC09686-300x170.jpg\" class=\"attachment-medium size-medium\" alt=\"\" srcset=\"https:\/\/explora.cl\/valparaiso\/wp-content\/uploads\/sites\/7\/2025\/08\/DSC09686-300x170.jpg 300w, https:\/\/explora.cl\/valparaiso\/wp-content\/uploads\/sites\/7\/2025\/08\/DSC09686-1024x580.jpg 1024w, https:\/\/explora.cl\/valparaiso\/wp-content\/uploads\/sites\/7\/2025\/08\/DSC09686-768x435.jpg 768w, https:\/\/explora.cl\/valparaiso\/wp-content\/uploads\/sites\/7\/2025\/08\/DSC09686-1536x869.jpg 1536w, https:\/\/explora.cl\/valparaiso\/wp-content\/uploads\/sites\/7\/2025\/08\/DSC09686-2048x1159.jpg 2048w\" sizes=\"(max-width: 300px) 100vw, 300px\" \/><\/a>\n\t\t\t<\/div><\/figure><figure class='gallery-item'>\n\t\t\t<div class='gallery-icon landscape'>\n\t\t\t\t<a href='https:\/\/explora.cl\/valparaiso\/wp-content\/uploads\/sites\/7\/2025\/08\/DSC09678-scaled.jpg'><img loading=\"lazy\" decoding=\"async\" width=\"300\" height=\"170\" src=\"https:\/\/explora.cl\/valparaiso\/wp-content\/uploads\/sites\/7\/2025\/08\/DSC09678-300x170.jpg\" class=\"attachment-medium size-medium\" alt=\"\" srcset=\"https:\/\/explora.cl\/valparaiso\/wp-content\/uploads\/sites\/7\/2025\/08\/DSC09678-300x170.jpg 300w, https:\/\/explora.cl\/valparaiso\/wp-content\/uploads\/sites\/7\/2025\/08\/DSC09678-1024x580.jpg 1024w, https:\/\/explora.cl\/valparaiso\/wp-content\/uploads\/sites\/7\/2025\/08\/DSC09678-768x435.jpg 768w, https:\/\/explora.cl\/valparaiso\/wp-content\/uploads\/sites\/7\/2025\/08\/DSC09678-1536x869.jpg 1536w, https:\/\/explora.cl\/valparaiso\/wp-content\/uploads\/sites\/7\/2025\/08\/DSC09678-2048x1159.jpg 2048w\" sizes=\"(max-width: 300px) 100vw, 300px\" \/><\/a>\n\t\t\t<\/div><\/figure><figure class='gallery-item'>\n\t\t\t<div class='gallery-icon landscape'>\n\t\t\t\t<a href='https:\/\/explora.cl\/valparaiso\/wp-content\/uploads\/sites\/7\/2025\/08\/DSC09663-scaled.jpg'><img loading=\"lazy\" decoding=\"async\" width=\"300\" height=\"170\" src=\"https:\/\/explora.cl\/valparaiso\/wp-content\/uploads\/sites\/7\/2025\/08\/DSC09663-300x170.jpg\" class=\"attachment-medium size-medium\" alt=\"\" srcset=\"https:\/\/explora.cl\/valparaiso\/wp-content\/uploads\/sites\/7\/2025\/08\/DSC09663-300x170.jpg 300w, https:\/\/explora.cl\/valparaiso\/wp-content\/uploads\/sites\/7\/2025\/08\/DSC09663-1024x580.jpg 1024w, https:\/\/explora.cl\/valparaiso\/wp-content\/uploads\/sites\/7\/2025\/08\/DSC09663-768x435.jpg 768w, https:\/\/explora.cl\/valparaiso\/wp-content\/uploads\/sites\/7\/2025\/08\/DSC09663-1536x869.jpg 1536w, https:\/\/explora.cl\/valparaiso\/wp-content\/uploads\/sites\/7\/2025\/08\/DSC09663-2048x1159.jpg 2048w\" sizes=\"(max-width: 300px) 100vw, 300px\" \/><\/a>\n\t\t\t<\/div><\/figure><figure class='gallery-item'>\n\t\t\t<div class='gallery-icon landscape'>\n\t\t\t\t<a href='https:\/\/explora.cl\/valparaiso\/wp-content\/uploads\/sites\/7\/2025\/08\/DSC09654-scaled.jpg'><img loading=\"lazy\" decoding=\"async\" width=\"300\" height=\"170\" src=\"https:\/\/explora.cl\/valparaiso\/wp-content\/uploads\/sites\/7\/2025\/08\/DSC09654-300x170.jpg\" class=\"attachment-medium size-medium\" alt=\"\" srcset=\"https:\/\/explora.cl\/valparaiso\/wp-content\/uploads\/sites\/7\/2025\/08\/DSC09654-300x170.jpg 300w, https:\/\/explora.cl\/valparaiso\/wp-content\/uploads\/sites\/7\/2025\/08\/DSC09654-1024x580.jpg 1024w, https:\/\/explora.cl\/valparaiso\/wp-content\/uploads\/sites\/7\/2025\/08\/DSC09654-768x435.jpg 768w, https:\/\/explora.cl\/valparaiso\/wp-content\/uploads\/sites\/7\/2025\/08\/DSC09654-1536x869.jpg 1536w, https:\/\/explora.cl\/valparaiso\/wp-content\/uploads\/sites\/7\/2025\/08\/DSC09654-2048x1159.jpg 2048w\" sizes=\"(max-width: 300px) 100vw, 300px\" \/><\/a>\n\t\t\t<\/div><\/figure><figure class='gallery-item'>\n\t\t\t<div class='gallery-icon landscape'>\n\t\t\t\t<a href='https:\/\/explora.cl\/valparaiso\/wp-content\/uploads\/sites\/7\/2025\/08\/DSC09645-scaled.jpg'><img loading=\"lazy\" decoding=\"async\" width=\"300\" height=\"170\" src=\"https:\/\/explora.cl\/valparaiso\/wp-content\/uploads\/sites\/7\/2025\/08\/DSC09645-300x170.jpg\" class=\"attachment-medium size-medium\" alt=\"\" srcset=\"https:\/\/explora.cl\/valparaiso\/wp-content\/uploads\/sites\/7\/2025\/08\/DSC09645-300x170.jpg 300w, https:\/\/explora.cl\/valparaiso\/wp-content\/uploads\/sites\/7\/2025\/08\/DSC09645-1024x580.jpg 1024w, https:\/\/explora.cl\/valparaiso\/wp-content\/uploads\/sites\/7\/2025\/08\/DSC09645-768x435.jpg 768w, https:\/\/explora.cl\/valparaiso\/wp-content\/uploads\/sites\/7\/2025\/08\/DSC09645-1536x869.jpg 1536w, https:\/\/explora.cl\/valparaiso\/wp-content\/uploads\/sites\/7\/2025\/08\/DSC09645-2048x1159.jpg 2048w\" sizes=\"(max-width: 300px) 100vw, 300px\" \/><\/a>\n\t\t\t<\/div><\/figure><figure class='gallery-item'>\n\t\t\t<div class='gallery-icon landscape'>\n\t\t\t\t<a href='https:\/\/explora.cl\/valparaiso\/wp-content\/uploads\/sites\/7\/2025\/08\/DSC09644-scaled.jpg'><img loading=\"lazy\" decoding=\"async\" width=\"300\" height=\"170\" src=\"https:\/\/explora.cl\/valparaiso\/wp-content\/uploads\/sites\/7\/2025\/08\/DSC09644-300x170.jpg\" class=\"attachment-medium size-medium\" alt=\"\" srcset=\"https:\/\/explora.cl\/valparaiso\/wp-content\/uploads\/sites\/7\/2025\/08\/DSC09644-300x170.jpg 300w, https:\/\/explora.cl\/valparaiso\/wp-content\/uploads\/sites\/7\/2025\/08\/DSC09644-1024x580.jpg 1024w, https:\/\/explora.cl\/valparaiso\/wp-content\/uploads\/sites\/7\/2025\/08\/DSC09644-768x435.jpg 768w, https:\/\/explora.cl\/valparaiso\/wp-content\/uploads\/sites\/7\/2025\/08\/DSC09644-1536x869.jpg 1536w, https:\/\/explora.cl\/valparaiso\/wp-content\/uploads\/sites\/7\/2025\/08\/DSC09644-2048x1159.jpg 2048w\" sizes=\"(max-width: 300px) 100vw, 300px\" \/><\/a>\n\t\t\t<\/div><\/figure><figure class='gallery-item'>\n\t\t\t<div class='gallery-icon landscape'>\n\t\t\t\t<a href='https:\/\/explora.cl\/valparaiso\/wp-content\/uploads\/sites\/7\/2025\/08\/DSC09633-scaled.jpg'><img loading=\"lazy\" decoding=\"async\" width=\"300\" height=\"170\" src=\"https:\/\/explora.cl\/valparaiso\/wp-content\/uploads\/sites\/7\/2025\/08\/DSC09633-300x170.jpg\" class=\"attachment-medium size-medium\" alt=\"\" srcset=\"https:\/\/explora.cl\/valparaiso\/wp-content\/uploads\/sites\/7\/2025\/08\/DSC09633-300x170.jpg 300w, https:\/\/explora.cl\/valparaiso\/wp-content\/uploads\/sites\/7\/2025\/08\/DSC09633-1024x580.jpg 1024w, https:\/\/explora.cl\/valparaiso\/wp-content\/uploads\/sites\/7\/2025\/08\/DSC09633-768x435.jpg 768w, https:\/\/explora.cl\/valparaiso\/wp-content\/uploads\/sites\/7\/2025\/08\/DSC09633-1536x869.jpg 1536w, https:\/\/explora.cl\/valparaiso\/wp-content\/uploads\/sites\/7\/2025\/08\/DSC09633-2048x1159.jpg 2048w\" sizes=\"(max-width: 300px) 100vw, 300px\" \/><\/a>\n\t\t\t<\/div><\/figure><figure class='gallery-item'>\n\t\t\t<div class='gallery-icon landscape'>\n\t\t\t\t<a href='https:\/\/explora.cl\/valparaiso\/wp-content\/uploads\/sites\/7\/2025\/08\/DSC09617-scaled.jpg'><img loading=\"lazy\" decoding=\"async\" width=\"300\" height=\"170\" src=\"https:\/\/explora.cl\/valparaiso\/wp-content\/uploads\/sites\/7\/2025\/08\/DSC09617-300x170.jpg\" class=\"attachment-medium size-medium\" alt=\"\" srcset=\"https:\/\/explora.cl\/valparaiso\/wp-content\/uploads\/sites\/7\/2025\/08\/DSC09617-300x170.jpg 300w, https:\/\/explora.cl\/valparaiso\/wp-content\/uploads\/sites\/7\/2025\/08\/DSC09617-1024x580.jpg 1024w, https:\/\/explora.cl\/valparaiso\/wp-content\/uploads\/sites\/7\/2025\/08\/DSC09617-768x435.jpg 768w, https:\/\/explora.cl\/valparaiso\/wp-content\/uploads\/sites\/7\/2025\/08\/DSC09617-1536x869.jpg 1536w, https:\/\/explora.cl\/valparaiso\/wp-content\/uploads\/sites\/7\/2025\/08\/DSC09617-2048x1159.jpg 2048w\" sizes=\"(max-width: 300px) 100vw, 300px\" \/><\/a>\n\t\t\t<\/div><\/figure><figure class='gallery-item'>\n\t\t\t<div class='gallery-icon landscape'>\n\t\t\t\t<a href='https:\/\/explora.cl\/valparaiso\/wp-content\/uploads\/sites\/7\/2025\/08\/DSC09613-scaled.jpg'><img loading=\"lazy\" decoding=\"async\" width=\"300\" height=\"170\" src=\"https:\/\/explora.cl\/valparaiso\/wp-content\/uploads\/sites\/7\/2025\/08\/DSC09613-300x170.jpg\" class=\"attachment-medium size-medium\" alt=\"\" srcset=\"https:\/\/explora.cl\/valparaiso\/wp-content\/uploads\/sites\/7\/2025\/08\/DSC09613-300x170.jpg 300w, https:\/\/explora.cl\/valparaiso\/wp-content\/uploads\/sites\/7\/2025\/08\/DSC09613-1024x580.jpg 1024w, https:\/\/explora.cl\/valparaiso\/wp-content\/uploads\/sites\/7\/2025\/08\/DSC09613-768x435.jpg 768w, https:\/\/explora.cl\/valparaiso\/wp-content\/uploads\/sites\/7\/2025\/08\/DSC09613-1536x869.jpg 1536w, https:\/\/explora.cl\/valparaiso\/wp-content\/uploads\/sites\/7\/2025\/08\/DSC09613-2048x1159.jpg 2048w\" sizes=\"(max-width: 300px) 100vw, 300px\" \/><\/a>\n\t\t\t<\/div><\/figure><figure class='gallery-item'>\n\t\t\t<div class='gallery-icon landscape'>\n\t\t\t\t<a href='https:\/\/explora.cl\/valparaiso\/wp-content\/uploads\/sites\/7\/2025\/08\/DSC09504-scaled.jpg'><img loading=\"lazy\" decoding=\"async\" width=\"300\" height=\"170\" src=\"https:\/\/explora.cl\/valparaiso\/wp-content\/uploads\/sites\/7\/2025\/08\/DSC09504-300x170.jpg\" class=\"attachment-medium size-medium\" alt=\"\" srcset=\"https:\/\/explora.cl\/valparaiso\/wp-content\/uploads\/sites\/7\/2025\/08\/DSC09504-300x170.jpg 300w, https:\/\/explora.cl\/valparaiso\/wp-content\/uploads\/sites\/7\/2025\/08\/DSC09504-1024x580.jpg 1024w, https:\/\/explora.cl\/valparaiso\/wp-content\/uploads\/sites\/7\/2025\/08\/DSC09504-768x435.jpg 768w, https:\/\/explora.cl\/valparaiso\/wp-content\/uploads\/sites\/7\/2025\/08\/DSC09504-1536x869.jpg 1536w, https:\/\/explora.cl\/valparaiso\/wp-content\/uploads\/sites\/7\/2025\/08\/DSC09504-2048x1159.jpg 2048w\" sizes=\"(max-width: 300px) 100vw, 300px\" \/><\/a>\n\t\t\t<\/div><\/figure><figure class='gallery-item'>\n\t\t\t<div class='gallery-icon landscape'>\n\t\t\t\t<a href='https:\/\/explora.cl\/valparaiso\/wp-content\/uploads\/sites\/7\/2025\/08\/DSC09445-scaled.jpg'><img loading=\"lazy\" decoding=\"async\" width=\"300\" height=\"170\" src=\"https:\/\/explora.cl\/valparaiso\/wp-content\/uploads\/sites\/7\/2025\/08\/DSC09445-300x170.jpg\" class=\"attachment-medium size-medium\" alt=\"\" srcset=\"https:\/\/explora.cl\/valparaiso\/wp-content\/uploads\/sites\/7\/2025\/08\/DSC09445-300x170.jpg 300w, https:\/\/explora.cl\/valparaiso\/wp-content\/uploads\/sites\/7\/2025\/08\/DSC09445-1024x580.jpg 1024w, https:\/\/explora.cl\/valparaiso\/wp-content\/uploads\/sites\/7\/2025\/08\/DSC09445-768x435.jpg 768w, https:\/\/explora.cl\/valparaiso\/wp-content\/uploads\/sites\/7\/2025\/08\/DSC09445-1536x869.jpg 1536w, https:\/\/explora.cl\/valparaiso\/wp-content\/uploads\/sites\/7\/2025\/08\/DSC09445-2048x1159.jpg 2048w\" sizes=\"(max-width: 300px) 100vw, 300px\" \/><\/a>\n\t\t\t<\/div><\/figure><figure class='gallery-item'>\n\t\t\t<div class='gallery-icon landscape'>\n\t\t\t\t<a href='https:\/\/explora.cl\/valparaiso\/wp-content\/uploads\/sites\/7\/2025\/08\/DSC09467-scaled.jpg'><img loading=\"lazy\" decoding=\"async\" width=\"300\" height=\"170\" src=\"https:\/\/explora.cl\/valparaiso\/wp-content\/uploads\/sites\/7\/2025\/08\/DSC09467-300x170.jpg\" class=\"attachment-medium size-medium\" alt=\"\" srcset=\"https:\/\/explora.cl\/valparaiso\/wp-content\/uploads\/sites\/7\/2025\/08\/DSC09467-300x170.jpg 300w, https:\/\/explora.cl\/valparaiso\/wp-content\/uploads\/sites\/7\/2025\/08\/DSC09467-1024x580.jpg 1024w, https:\/\/explora.cl\/valparaiso\/wp-content\/uploads\/sites\/7\/2025\/08\/DSC09467-768x435.jpg 768w, https:\/\/explora.cl\/valparaiso\/wp-content\/uploads\/sites\/7\/2025\/08\/DSC09467-1536x869.jpg 1536w, https:\/\/explora.cl\/valparaiso\/wp-content\/uploads\/sites\/7\/2025\/08\/DSC09467-2048x1159.jpg 2048w\" sizes=\"(max-width: 300px) 100vw, 300px\" \/><\/a>\n\t\t\t<\/div><\/figure><figure class='gallery-item'>\n\t\t\t<div class='gallery-icon landscape'>\n\t\t\t\t<a href='https:\/\/explora.cl\/valparaiso\/wp-content\/uploads\/sites\/7\/2025\/08\/DSC09507-scaled.jpg'><img loading=\"lazy\" decoding=\"async\" width=\"300\" height=\"170\" src=\"https:\/\/explora.cl\/valparaiso\/wp-content\/uploads\/sites\/7\/2025\/08\/DSC09507-300x170.jpg\" class=\"attachment-medium size-medium\" alt=\"\" srcset=\"https:\/\/explora.cl\/valparaiso\/wp-content\/uploads\/sites\/7\/2025\/08\/DSC09507-300x170.jpg 300w, https:\/\/explora.cl\/valparaiso\/wp-content\/uploads\/sites\/7\/2025\/08\/DSC09507-1024x580.jpg 1024w, https:\/\/explora.cl\/valparaiso\/wp-content\/uploads\/sites\/7\/2025\/08\/DSC09507-768x435.jpg 768w, https:\/\/explora.cl\/valparaiso\/wp-content\/uploads\/sites\/7\/2025\/08\/DSC09507-1536x869.jpg 1536w, https:\/\/explora.cl\/valparaiso\/wp-content\/uploads\/sites\/7\/2025\/08\/DSC09507-2048x1159.jpg 2048w\" sizes=\"(max-width: 300px) 100vw, 300px\" \/><\/a>\n\t\t\t<\/div><\/figure><figure class='gallery-item'>\n\t\t\t<div class='gallery-icon landscape'>\n\t\t\t\t<a href='https:\/\/explora.cl\/valparaiso\/wp-content\/uploads\/sites\/7\/2025\/08\/DSC09513-scaled.jpg'><img loading=\"lazy\" decoding=\"async\" width=\"300\" height=\"170\" src=\"https:\/\/explora.cl\/valparaiso\/wp-content\/uploads\/sites\/7\/2025\/08\/DSC09513-300x170.jpg\" class=\"attachment-medium size-medium\" alt=\"\" srcset=\"https:\/\/explora.cl\/valparaiso\/wp-content\/uploads\/sites\/7\/2025\/08\/DSC09513-300x170.jpg 300w, https:\/\/explora.cl\/valparaiso\/wp-content\/uploads\/sites\/7\/2025\/08\/DSC09513-1024x580.jpg 1024w, https:\/\/explora.cl\/valparaiso\/wp-content\/uploads\/sites\/7\/2025\/08\/DSC09513-768x435.jpg 768w, https:\/\/explora.cl\/valparaiso\/wp-content\/uploads\/sites\/7\/2025\/08\/DSC09513-1536x869.jpg 1536w, https:\/\/explora.cl\/valparaiso\/wp-content\/uploads\/sites\/7\/2025\/08\/DSC09513-2048x1159.jpg 2048w\" sizes=\"(max-width: 300px) 100vw, 300px\" \/><\/a>\n\t\t\t<\/div><\/figure><figure class='gallery-item'>\n\t\t\t<div class='gallery-icon landscape'>\n\t\t\t\t<a href='https:\/\/explora.cl\/valparaiso\/wp-content\/uploads\/sites\/7\/2025\/08\/DSC09517-scaled.jpg'><img loading=\"lazy\" decoding=\"async\" width=\"300\" height=\"170\" src=\"https:\/\/explora.cl\/valparaiso\/wp-content\/uploads\/sites\/7\/2025\/08\/DSC09517-300x170.jpg\" class=\"attachment-medium size-medium\" alt=\"\" srcset=\"https:\/\/explora.cl\/valparaiso\/wp-content\/uploads\/sites\/7\/2025\/08\/DSC09517-300x170.jpg 300w, https:\/\/explora.cl\/valparaiso\/wp-content\/uploads\/sites\/7\/2025\/08\/DSC09517-1024x580.jpg 1024w, https:\/\/explora.cl\/valparaiso\/wp-content\/uploads\/sites\/7\/2025\/08\/DSC09517-768x435.jpg 768w, https:\/\/explora.cl\/valparaiso\/wp-content\/uploads\/sites\/7\/2025\/08\/DSC09517-1536x869.jpg 1536w, https:\/\/explora.cl\/valparaiso\/wp-content\/uploads\/sites\/7\/2025\/08\/DSC09517-2048x1159.jpg 2048w\" sizes=\"(max-width: 300px) 100vw, 300px\" \/><\/a>\n\t\t\t<\/div><\/figure><figure class='gallery-item'>\n\t\t\t<div class='gallery-icon landscape'>\n\t\t\t\t<a href='https:\/\/explora.cl\/valparaiso\/wp-content\/uploads\/sites\/7\/2025\/08\/DSC09533-scaled.jpg'><img loading=\"lazy\" decoding=\"async\" width=\"300\" height=\"170\" src=\"https:\/\/explora.cl\/valparaiso\/wp-content\/uploads\/sites\/7\/2025\/08\/DSC09533-300x170.jpg\" class=\"attachment-medium size-medium\" alt=\"\" srcset=\"https:\/\/explora.cl\/valparaiso\/wp-content\/uploads\/sites\/7\/2025\/08\/DSC09533-300x170.jpg 300w, https:\/\/explora.cl\/valparaiso\/wp-content\/uploads\/sites\/7\/2025\/08\/DSC09533-1024x580.jpg 1024w, https:\/\/explora.cl\/valparaiso\/wp-content\/uploads\/sites\/7\/2025\/08\/DSC09533-768x435.jpg 768w, https:\/\/explora.cl\/valparaiso\/wp-content\/uploads\/sites\/7\/2025\/08\/DSC09533-1536x869.jpg 1536w, https:\/\/explora.cl\/valparaiso\/wp-content\/uploads\/sites\/7\/2025\/08\/DSC09533-2048x1159.jpg 2048w\" sizes=\"(max-width: 300px) 100vw, 300px\" \/><\/a>\n\t\t\t<\/div><\/figure><figure class='gallery-item'>\n\t\t\t<div class='gallery-icon landscape'>\n\t\t\t\t<a href='https:\/\/explora.cl\/valparaiso\/wp-content\/uploads\/sites\/7\/2025\/08\/DSC09584-scaled.jpg'><img loading=\"lazy\" decoding=\"async\" width=\"300\" height=\"170\" src=\"https:\/\/explora.cl\/valparaiso\/wp-content\/uploads\/sites\/7\/2025\/08\/DSC09584-300x170.jpg\" class=\"attachment-medium size-medium\" alt=\"\" srcset=\"https:\/\/explora.cl\/valparaiso\/wp-content\/uploads\/sites\/7\/2025\/08\/DSC09584-300x170.jpg 300w, https:\/\/explora.cl\/valparaiso\/wp-content\/uploads\/sites\/7\/2025\/08\/DSC09584-1024x580.jpg 1024w, https:\/\/explora.cl\/valparaiso\/wp-content\/uploads\/sites\/7\/2025\/08\/DSC09584-768x435.jpg 768w, https:\/\/explora.cl\/valparaiso\/wp-content\/uploads\/sites\/7\/2025\/08\/DSC09584-1536x869.jpg 1536w, https:\/\/explora.cl\/valparaiso\/wp-content\/uploads\/sites\/7\/2025\/08\/DSC09584-2048x1159.jpg 2048w\" sizes=\"(max-width: 300px) 100vw, 300px\" \/><\/a>\n\t\t\t<\/div><\/figure><figure class='gallery-item'>\n\t\t\t<div class='gallery-icon landscape'>\n\t\t\t\t<a href='https:\/\/explora.cl\/valparaiso\/wp-content\/uploads\/sites\/7\/2025\/08\/DSC09589-scaled.jpg'><img loading=\"lazy\" decoding=\"async\" width=\"300\" height=\"170\" src=\"https:\/\/explora.cl\/valparaiso\/wp-content\/uploads\/sites\/7\/2025\/08\/DSC09589-300x170.jpg\" class=\"attachment-medium size-medium\" alt=\"\" srcset=\"https:\/\/explora.cl\/valparaiso\/wp-content\/uploads\/sites\/7\/2025\/08\/DSC09589-300x170.jpg 300w, https:\/\/explora.cl\/valparaiso\/wp-content\/uploads\/sites\/7\/2025\/08\/DSC09589-1024x580.jpg 1024w, https:\/\/explora.cl\/valparaiso\/wp-content\/uploads\/sites\/7\/2025\/08\/DSC09589-768x435.jpg 768w, https:\/\/explora.cl\/valparaiso\/wp-content\/uploads\/sites\/7\/2025\/08\/DSC09589-1536x869.jpg 1536w, https:\/\/explora.cl\/valparaiso\/wp-content\/uploads\/sites\/7\/2025\/08\/DSC09589-2048x1159.jpg 2048w\" sizes=\"(max-width: 300px) 100vw, 300px\" \/><\/a>\n\t\t\t<\/div><\/figure><figure class='gallery-item'>\n\t\t\t<div class='gallery-icon landscape'>\n\t\t\t\t<a href='https:\/\/explora.cl\/valparaiso\/wp-content\/uploads\/sites\/7\/2025\/08\/DSC09595-scaled.jpg'><img loading=\"lazy\" decoding=\"async\" width=\"300\" height=\"170\" src=\"https:\/\/explora.cl\/valparaiso\/wp-content\/uploads\/sites\/7\/2025\/08\/DSC09595-300x170.jpg\" class=\"attachment-medium size-medium\" alt=\"\" srcset=\"https:\/\/explora.cl\/valparaiso\/wp-content\/uploads\/sites\/7\/2025\/08\/DSC09595-300x170.jpg 300w, https:\/\/explora.cl\/valparaiso\/wp-content\/uploads\/sites\/7\/2025\/08\/DSC09595-1024x580.jpg 1024w, https:\/\/explora.cl\/valparaiso\/wp-content\/uploads\/sites\/7\/2025\/08\/DSC09595-768x435.jpg 768w, https:\/\/explora.cl\/valparaiso\/wp-content\/uploads\/sites\/7\/2025\/08\/DSC09595-1536x869.jpg 1536w, https:\/\/explora.cl\/valparaiso\/wp-content\/uploads\/sites\/7\/2025\/08\/DSC09595-2048x1159.jpg 2048w\" sizes=\"(max-width: 300px) 100vw, 300px\" \/><\/a>\n\t\t\t<\/div><\/figure><figure class='gallery-item'>\n\t\t\t<div class='gallery-icon landscape'>\n\t\t\t\t<a href='https:\/\/explora.cl\/valparaiso\/wp-content\/uploads\/sites\/7\/2025\/08\/DSC09622-scaled.jpg'><img loading=\"lazy\" decoding=\"async\" width=\"300\" height=\"170\" src=\"https:\/\/explora.cl\/valparaiso\/wp-content\/uploads\/sites\/7\/2025\/08\/DSC09622-300x170.jpg\" class=\"attachment-medium size-medium\" alt=\"\" srcset=\"https:\/\/explora.cl\/valparaiso\/wp-content\/uploads\/sites\/7\/2025\/08\/DSC09622-300x170.jpg 300w, https:\/\/explora.cl\/valparaiso\/wp-content\/uploads\/sites\/7\/2025\/08\/DSC09622-1024x580.jpg 1024w, https:\/\/explora.cl\/valparaiso\/wp-content\/uploads\/sites\/7\/2025\/08\/DSC09622-768x435.jpg 768w, https:\/\/explora.cl\/valparaiso\/wp-content\/uploads\/sites\/7\/2025\/08\/DSC09622-1536x869.jpg 1536w, https:\/\/explora.cl\/valparaiso\/wp-content\/uploads\/sites\/7\/2025\/08\/DSC09622-2048x1159.jpg 2048w\" sizes=\"(max-width: 300px) 100vw, 300px\" \/><\/a>\n\t\t\t<\/div><\/figure><figure class='gallery-item'>\n\t\t\t<div class='gallery-icon landscape'>\n\t\t\t\t<a href='https:\/\/explora.cl\/valparaiso\/wp-content\/uploads\/sites\/7\/2025\/08\/DSC09628-scaled.jpg'><img loading=\"lazy\" decoding=\"async\" width=\"300\" height=\"170\" src=\"https:\/\/explora.cl\/valparaiso\/wp-content\/uploads\/sites\/7\/2025\/08\/DSC09628-300x170.jpg\" class=\"attachment-medium size-medium\" alt=\"\" srcset=\"https:\/\/explora.cl\/valparaiso\/wp-content\/uploads\/sites\/7\/2025\/08\/DSC09628-300x170.jpg 300w, https:\/\/explora.cl\/valparaiso\/wp-content\/uploads\/sites\/7\/2025\/08\/DSC09628-1024x580.jpg 1024w, https:\/\/explora.cl\/valparaiso\/wp-content\/uploads\/sites\/7\/2025\/08\/DSC09628-768x435.jpg 768w, https:\/\/explora.cl\/valparaiso\/wp-content\/uploads\/sites\/7\/2025\/08\/DSC09628-1536x869.jpg 1536w, https:\/\/explora.cl\/valparaiso\/wp-content\/uploads\/sites\/7\/2025\/08\/DSC09628-2048x1159.jpg 2048w\" sizes=\"(max-width: 300px) 100vw, 300px\" \/><\/a>\n\t\t\t<\/div><\/figure>\n\t\t<\/div>\n\n<p>&nbsp;<\/p>\n","protected":false},"excerpt":{"rendered":"<p>Doce equipos escolares de la regi\u00f3n de Valpara\u00edso compartieron proyectos de investigaci\u00f3n e innovaci\u00f3n en una feria cient\u00edfica colaborativa y no competitiva, realizada en el marco de los 30 a\u00f1os del Programa Explora a nivel nacional.<\/p>\n","protected":false},"author":22,"featured_media":44480,"comment_status":"open","ping_status":"open","sticky":false,"template":"","format":"standard","meta":{"_acf_changed":false,"_exactmetrics_skip_tracking":false,"_exactmetrics_sitenote_active":false,"_exactmetrics_sitenote_note":"","_exactmetrics_sitenote_category":0,"footnotes":"","_links_to":"","_links_to_target":""},"categories":[151,128,4,116,121,126],"tags":[1062,946,68,1168,174,1370],"class_list":["post-44492","post","type-post","status-publish","format-standard","has-post-thumbnail","hentry","category-banner","category-eventos_publ_grl","category-noticias","category-para-comunidad-escolar","category-para-divulgadores","category-para-publico-general","tag-congreso-regional-explora","tag-investigacion-e-innovacion-escolar","tag-programa-explora","tag-proyectos-escolares","tag-region-de-valparaiso","tag-sustentabilidad"],"acf":[],"yoast_head":"<!-- This site is optimized with the Yoast SEO plugin v26.9 - https:\/\/yoast.com\/product\/yoast-seo-wordpress\/ -->\n<title>Ni\u00f1as, ni\u00f1os y j\u00f3venes dieron vida al Congreso Regional Explora 2025 en Valpara\u00edso - Valpara\u00edso<\/title>\n<meta name=\"robots\" content=\"index, follow, max-snippet:-1, max-image-preview:large, max-video-preview:-1\" \/>\n<link rel=\"canonical\" href=\"https:\/\/explora.cl\/valparaiso\/ninas-ninos-y-jovenes-dieron-vida-al-congreso-regional-explora-2025-en-valparaiso\/\" class=\"yoast-seo-meta-tag\" \/>\n<meta property=\"og:locale\" content=\"es_ES\" class=\"yoast-seo-meta-tag\" \/>\n<meta property=\"og:type\" content=\"article\" class=\"yoast-seo-meta-tag\" \/>\n<meta property=\"og:title\" content=\"Ni\u00f1as, ni\u00f1os y j\u00f3venes dieron vida al Congreso Regional Explora 2025 en Valpara\u00edso - Valpara\u00edso\" class=\"yoast-seo-meta-tag\" \/>\n<meta property=\"og:description\" content=\"Doce equipos escolares de la regi\u00f3n de Valpara\u00edso compartieron proyectos de investigaci\u00f3n e innovaci\u00f3n en una feria cient\u00edfica colaborativa y no competitiva, realizada en el marco de los 30 a\u00f1os del Programa Explora a nivel nacional.\" class=\"yoast-seo-meta-tag\" \/>\n<meta property=\"og:url\" content=\"https:\/\/explora.cl\/valparaiso\/ninas-ninos-y-jovenes-dieron-vida-al-congreso-regional-explora-2025-en-valparaiso\/\" class=\"yoast-seo-meta-tag\" \/>\n<meta property=\"og:site_name\" content=\"Valpara\u00edso\" class=\"yoast-seo-meta-tag\" \/>\n<meta property=\"article:published_time\" content=\"2025-08-29T15:43:30+00:00\" class=\"yoast-seo-meta-tag\" \/>\n<meta property=\"og:image\" content=\"https:\/\/explora.cl\/valparaiso\/wp-content\/uploads\/sites\/7\/2025\/08\/DSC09613-scaled.jpg\" class=\"yoast-seo-meta-tag\" \/>\n\t<meta property=\"og:image:width\" content=\"2560\" class=\"yoast-seo-meta-tag\" \/>\n\t<meta property=\"og:image:height\" content=\"1449\" class=\"yoast-seo-meta-tag\" \/>\n\t<meta property=\"og:image:type\" content=\"image\/jpeg\" class=\"yoast-seo-meta-tag\" \/>\n<meta name=\"author\" content=\"jcastaneda\" class=\"yoast-seo-meta-tag\" \/>\n<meta name=\"twitter:card\" content=\"summary_large_image\" class=\"yoast-seo-meta-tag\" \/>\n<meta name=\"twitter:label1\" content=\"Escrito por\" class=\"yoast-seo-meta-tag\" \/>\n\t<meta name=\"twitter:data1\" content=\"jcastaneda\" class=\"yoast-seo-meta-tag\" \/>\n\t<meta name=\"twitter:label2\" content=\"Tiempo estimado de lectura\" class=\"yoast-seo-meta-tag\" \/>\n\t<meta name=\"twitter:data2\" content=\"4 minutos\" class=\"yoast-seo-meta-tag\" \/>\n<script type=\"application\/ld+json\" class=\"yoast-schema-graph\">{\"@context\":\"https:\/\/schema.org\",\"@graph\":[{\"@type\":\"Article\",\"@id\":\"https:\/\/explora.cl\/valparaiso\/ninas-ninos-y-jovenes-dieron-vida-al-congreso-regional-explora-2025-en-valparaiso\/#article\",\"isPartOf\":{\"@id\":\"https:\/\/explora.cl\/valparaiso\/ninas-ninos-y-jovenes-dieron-vida-al-congreso-regional-explora-2025-en-valparaiso\/\"},\"author\":{\"name\":\"jcastaneda\",\"@id\":\"https:\/\/explora.cl\/valparaiso\/#\/schema\/person\/c15e69495b8dbe0af0102f6bca43ba5d\"},\"headline\":\"Ni\u00f1as, ni\u00f1os y j\u00f3venes dieron vida al Congreso Regional Explora 2025 en Valpara\u00edso\",\"datePublished\":\"2025-08-29T15:43:30+00:00\",\"mainEntityOfPage\":{\"@id\":\"https:\/\/explora.cl\/valparaiso\/ninas-ninos-y-jovenes-dieron-vida-al-congreso-regional-explora-2025-en-valparaiso\/\"},\"wordCount\":765,\"commentCount\":0,\"publisher\":{\"@id\":\"https:\/\/explora.cl\/valparaiso\/#organization\"},\"image\":{\"@id\":\"https:\/\/explora.cl\/valparaiso\/ninas-ninos-y-jovenes-dieron-vida-al-congreso-regional-explora-2025-en-valparaiso\/#primaryimage\"},\"thumbnailUrl\":\"https:\/\/explora.cl\/valparaiso\/wp-content\/uploads\/sites\/7\/2025\/08\/DSC09613-scaled.jpg\",\"keywords\":[\"Congreso Regional Explora\",\"investigaci\u00f3n e innovaci\u00f3n escolar\",\"programa EXPLORA\",\"proyectos escolares\",\"Regi\u00f3n de Valpara\u00edso\",\"sustentabilidad\"],\"articleSection\":[\"Banner\",\"Eventos\",\"Noticias\",\"Para Comunidad Escolar\",\"Para Divulgadores\",\"Para P\u00fablico General\"],\"inLanguage\":\"es-CL\",\"potentialAction\":[{\"@type\":\"CommentAction\",\"name\":\"Comment\",\"target\":[\"https:\/\/explora.cl\/valparaiso\/ninas-ninos-y-jovenes-dieron-vida-al-congreso-regional-explora-2025-en-valparaiso\/#respond\"]}]},{\"@type\":\"WebPage\",\"@id\":\"https:\/\/explora.cl\/valparaiso\/ninas-ninos-y-jovenes-dieron-vida-al-congreso-regional-explora-2025-en-valparaiso\/\",\"url\":\"https:\/\/explora.cl\/valparaiso\/ninas-ninos-y-jovenes-dieron-vida-al-congreso-regional-explora-2025-en-valparaiso\/\",\"name\":\"Ni\u00f1as, ni\u00f1os y j\u00f3venes dieron vida al Congreso Regional Explora 2025 en Valpara\u00edso - Valpara\u00edso\",\"isPartOf\":{\"@id\":\"https:\/\/explora.cl\/valparaiso\/#website\"},\"primaryImageOfPage\":{\"@id\":\"https:\/\/explora.cl\/valparaiso\/ninas-ninos-y-jovenes-dieron-vida-al-congreso-regional-explora-2025-en-valparaiso\/#primaryimage\"},\"image\":{\"@id\":\"https:\/\/explora.cl\/valparaiso\/ninas-ninos-y-jovenes-dieron-vida-al-congreso-regional-explora-2025-en-valparaiso\/#primaryimage\"},\"thumbnailUrl\":\"https:\/\/explora.cl\/valparaiso\/wp-content\/uploads\/sites\/7\/2025\/08\/DSC09613-scaled.jpg\",\"datePublished\":\"2025-08-29T15:43:30+00:00\",\"breadcrumb\":{\"@id\":\"https:\/\/explora.cl\/valparaiso\/ninas-ninos-y-jovenes-dieron-vida-al-congreso-regional-explora-2025-en-valparaiso\/#breadcrumb\"},\"inLanguage\":\"es-CL\",\"potentialAction\":[{\"@type\":\"ReadAction\",\"target\":[\"https:\/\/explora.cl\/valparaiso\/ninas-ninos-y-jovenes-dieron-vida-al-congreso-regional-explora-2025-en-valparaiso\/\"]}]},{\"@type\":\"ImageObject\",\"inLanguage\":\"es-CL\",\"@id\":\"https:\/\/explora.cl\/valparaiso\/ninas-ninos-y-jovenes-dieron-vida-al-congreso-regional-explora-2025-en-valparaiso\/#primaryimage\",\"url\":\"https:\/\/explora.cl\/valparaiso\/wp-content\/uploads\/sites\/7\/2025\/08\/DSC09613-scaled.jpg\",\"contentUrl\":\"https:\/\/explora.cl\/valparaiso\/wp-content\/uploads\/sites\/7\/2025\/08\/DSC09613-scaled.jpg\",\"width\":2560,\"height\":1449},{\"@type\":\"BreadcrumbList\",\"@id\":\"https:\/\/explora.cl\/valparaiso\/ninas-ninos-y-jovenes-dieron-vida-al-congreso-regional-explora-2025-en-valparaiso\/#breadcrumb\",\"itemListElement\":[{\"@type\":\"ListItem\",\"position\":1,\"name\":\"Portada\",\"item\":\"https:\/\/explora.cl\/valparaiso\/\"},{\"@type\":\"ListItem\",\"position\":2,\"name\":\"Ni\u00f1as, ni\u00f1os y j\u00f3venes dieron vida al Congreso Regional Explora 2025 en Valpara\u00edso\"}]},{\"@type\":\"WebSite\",\"@id\":\"https:\/\/explora.cl\/valparaiso\/#website\",\"url\":\"https:\/\/explora.cl\/valparaiso\/\",\"name\":\"Valpara\u00edso\",\"description\":\"Otro sitio m\u00e1s de explora.cl\",\"publisher\":{\"@id\":\"https:\/\/explora.cl\/valparaiso\/#organization\"},\"potentialAction\":[{\"@type\":\"SearchAction\",\"target\":{\"@type\":\"EntryPoint\",\"urlTemplate\":\"https:\/\/explora.cl\/valparaiso\/?s={search_term_string}\"},\"query-input\":{\"@type\":\"PropertyValueSpecification\",\"valueRequired\":true,\"valueName\":\"search_term_string\"}}],\"inLanguage\":\"es-CL\"},{\"@type\":\"Organization\",\"@id\":\"https:\/\/explora.cl\/valparaiso\/#organization\",\"name\":\"Valpara\u00edso\",\"url\":\"https:\/\/explora.cl\/valparaiso\/\",\"logo\":{\"@type\":\"ImageObject\",\"inLanguage\":\"es-CL\",\"@id\":\"https:\/\/explora.cl\/valparaiso\/#\/schema\/logo\/image\/\",\"url\":\"https:\/\/explora.cl\/valparaiso\/wp-content\/uploads\/sites\/7\/2019\/06\/cropped-logo-explora-color.jpg\",\"contentUrl\":\"https:\/\/explora.cl\/valparaiso\/wp-content\/uploads\/sites\/7\/2019\/06\/cropped-logo-explora-color.jpg\",\"width\":2035,\"height\":584,\"caption\":\"Valpara\u00edso\"},\"image\":{\"@id\":\"https:\/\/explora.cl\/valparaiso\/#\/schema\/logo\/image\/\"}},{\"@type\":\"Person\",\"@id\":\"https:\/\/explora.cl\/valparaiso\/#\/schema\/person\/c15e69495b8dbe0af0102f6bca43ba5d\",\"name\":\"jcastaneda\",\"image\":{\"@type\":\"ImageObject\",\"inLanguage\":\"es-CL\",\"@id\":\"https:\/\/explora.cl\/valparaiso\/#\/schema\/person\/image\/\",\"url\":\"https:\/\/secure.gravatar.com\/avatar\/f26661a8eef2f6444d9633928ef0219fd69e41c5be1ef5ef16afeee7cd4df675?s=96&d=mm&r=g\",\"contentUrl\":\"https:\/\/secure.gravatar.com\/avatar\/f26661a8eef2f6444d9633928ef0219fd69e41c5be1ef5ef16afeee7cd4df675?s=96&d=mm&r=g\",\"caption\":\"jcastaneda\"},\"url\":\"https:\/\/explora.cl\/valparaiso\/author\/jcastaneda\/\"}]}<\/script>\n<!-- \/ Yoast SEO plugin. -->","yoast_head_json":{"title":"Ni\u00f1as, ni\u00f1os y j\u00f3venes dieron vida al Congreso Regional Explora 2025 en Valpara\u00edso - Valpara\u00edso","robots":{"index":"index","follow":"follow","max-snippet":"max-snippet:-1","max-image-preview":"max-image-preview:large","max-video-preview":"max-video-preview:-1"},"canonical":"https:\/\/explora.cl\/valparaiso\/ninas-ninos-y-jovenes-dieron-vida-al-congreso-regional-explora-2025-en-valparaiso\/","og_locale":"es_ES","og_type":"article","og_title":"Ni\u00f1as, ni\u00f1os y j\u00f3venes dieron vida al Congreso Regional Explora 2025 en Valpara\u00edso - Valpara\u00edso","og_description":"Doce equipos escolares de la regi\u00f3n de Valpara\u00edso compartieron proyectos de investigaci\u00f3n e innovaci\u00f3n en una feria cient\u00edfica colaborativa y no competitiva, realizada en el marco de los 30 a\u00f1os del Programa Explora a nivel nacional.","og_url":"https:\/\/explora.cl\/valparaiso\/ninas-ninos-y-jovenes-dieron-vida-al-congreso-regional-explora-2025-en-valparaiso\/","og_site_name":"Valpara\u00edso","article_published_time":"2025-08-29T15:43:30+00:00","og_image":[{"width":2560,"height":1449,"url":"https:\/\/explora.cl\/valparaiso\/wp-content\/uploads\/sites\/7\/2025\/08\/DSC09613-scaled.jpg","type":"image\/jpeg"}],"author":"jcastaneda","twitter_card":"summary_large_image","twitter_misc":{"Escrito por":"jcastaneda","Tiempo estimado de lectura":"4 minutos"},"schema":{"@context":"https:\/\/schema.org","@graph":[{"@type":"Article","@id":"https:\/\/explora.cl\/valparaiso\/ninas-ninos-y-jovenes-dieron-vida-al-congreso-regional-explora-2025-en-valparaiso\/#article","isPartOf":{"@id":"https:\/\/explora.cl\/valparaiso\/ninas-ninos-y-jovenes-dieron-vida-al-congreso-regional-explora-2025-en-valparaiso\/"},"author":{"name":"jcastaneda","@id":"https:\/\/explora.cl\/valparaiso\/#\/schema\/person\/c15e69495b8dbe0af0102f6bca43ba5d"},"headline":"Ni\u00f1as, ni\u00f1os y j\u00f3venes dieron vida al Congreso Regional Explora 2025 en Valpara\u00edso","datePublished":"2025-08-29T15:43:30+00:00","mainEntityOfPage":{"@id":"https:\/\/explora.cl\/valparaiso\/ninas-ninos-y-jovenes-dieron-vida-al-congreso-regional-explora-2025-en-valparaiso\/"},"wordCount":765,"commentCount":0,"publisher":{"@id":"https:\/\/explora.cl\/valparaiso\/#organization"},"image":{"@id":"https:\/\/explora.cl\/valparaiso\/ninas-ninos-y-jovenes-dieron-vida-al-congreso-regional-explora-2025-en-valparaiso\/#primaryimage"},"thumbnailUrl":"https:\/\/explora.cl\/valparaiso\/wp-content\/uploads\/sites\/7\/2025\/08\/DSC09613-scaled.jpg","keywords":["Congreso Regional Explora","investigaci\u00f3n e innovaci\u00f3n escolar","programa EXPLORA","proyectos escolares","Regi\u00f3n de Valpara\u00edso","sustentabilidad"],"articleSection":["Banner","Eventos","Noticias","Para Comunidad Escolar","Para Divulgadores","Para P\u00fablico General"],"inLanguage":"es-CL","potentialAction":[{"@type":"CommentAction","name":"Comment","target":["https:\/\/explora.cl\/valparaiso\/ninas-ninos-y-jovenes-dieron-vida-al-congreso-regional-explora-2025-en-valparaiso\/#respond"]}]},{"@type":"WebPage","@id":"https:\/\/explora.cl\/valparaiso\/ninas-ninos-y-jovenes-dieron-vida-al-congreso-regional-explora-2025-en-valparaiso\/","url":"https:\/\/explora.cl\/valparaiso\/ninas-ninos-y-jovenes-dieron-vida-al-congreso-regional-explora-2025-en-valparaiso\/","name":"Ni\u00f1as, ni\u00f1os y j\u00f3venes dieron vida al Congreso Regional Explora 2025 en Valpara\u00edso - Valpara\u00edso","isPartOf":{"@id":"https:\/\/explora.cl\/valparaiso\/#website"},"primaryImageOfPage":{"@id":"https:\/\/explora.cl\/valparaiso\/ninas-ninos-y-jovenes-dieron-vida-al-congreso-regional-explora-2025-en-valparaiso\/#primaryimage"},"image":{"@id":"https:\/\/explora.cl\/valparaiso\/ninas-ninos-y-jovenes-dieron-vida-al-congreso-regional-explora-2025-en-valparaiso\/#primaryimage"},"thumbnailUrl":"https:\/\/explora.cl\/valparaiso\/wp-content\/uploads\/sites\/7\/2025\/08\/DSC09613-scaled.jpg","datePublished":"2025-08-29T15:43:30+00:00","breadcrumb":{"@id":"https:\/\/explora.cl\/valparaiso\/ninas-ninos-y-jovenes-dieron-vida-al-congreso-regional-explora-2025-en-valparaiso\/#breadcrumb"},"inLanguage":"es-CL","potentialAction":[{"@type":"ReadAction","target":["https:\/\/explora.cl\/valparaiso\/ninas-ninos-y-jovenes-dieron-vida-al-congreso-regional-explora-2025-en-valparaiso\/"]}]},{"@type":"ImageObject","inLanguage":"es-CL","@id":"https:\/\/explora.cl\/valparaiso\/ninas-ninos-y-jovenes-dieron-vida-al-congreso-regional-explora-2025-en-valparaiso\/#primaryimage","url":"https:\/\/explora.cl\/valparaiso\/wp-content\/uploads\/sites\/7\/2025\/08\/DSC09613-scaled.jpg","contentUrl":"https:\/\/explora.cl\/valparaiso\/wp-content\/uploads\/sites\/7\/2025\/08\/DSC09613-scaled.jpg","width":2560,"height":1449},{"@type":"BreadcrumbList","@id":"https:\/\/explora.cl\/valparaiso\/ninas-ninos-y-jovenes-dieron-vida-al-congreso-regional-explora-2025-en-valparaiso\/#breadcrumb","itemListElement":[{"@type":"ListItem","position":1,"name":"Portada","item":"https:\/\/explora.cl\/valparaiso\/"},{"@type":"ListItem","position":2,"name":"Ni\u00f1as, ni\u00f1os y j\u00f3venes dieron vida al Congreso Regional Explora 2025 en Valpara\u00edso"}]},{"@type":"WebSite","@id":"https:\/\/explora.cl\/valparaiso\/#website","url":"https:\/\/explora.cl\/valparaiso\/","name":"Valpara\u00edso","description":"Otro sitio m\u00e1s de explora.cl","publisher":{"@id":"https:\/\/explora.cl\/valparaiso\/#organization"},"potentialAction":[{"@type":"SearchAction","target":{"@type":"EntryPoint","urlTemplate":"https:\/\/explora.cl\/valparaiso\/?s={search_term_string}"},"query-input":{"@type":"PropertyValueSpecification","valueRequired":true,"valueName":"search_term_string"}}],"inLanguage":"es-CL"},{"@type":"Organization","@id":"https:\/\/explora.cl\/valparaiso\/#organization","name":"Valpara\u00edso","url":"https:\/\/explora.cl\/valparaiso\/","logo":{"@type":"ImageObject","inLanguage":"es-CL","@id":"https:\/\/explora.cl\/valparaiso\/#\/schema\/logo\/image\/","url":"https:\/\/explora.cl\/valparaiso\/wp-content\/uploads\/sites\/7\/2019\/06\/cropped-logo-explora-color.jpg","contentUrl":"https:\/\/explora.cl\/valparaiso\/wp-content\/uploads\/sites\/7\/2019\/06\/cropped-logo-explora-color.jpg","width":2035,"height":584,"caption":"Valpara\u00edso"},"image":{"@id":"https:\/\/explora.cl\/valparaiso\/#\/schema\/logo\/image\/"}},{"@type":"Person","@id":"https:\/\/explora.cl\/valparaiso\/#\/schema\/person\/c15e69495b8dbe0af0102f6bca43ba5d","name":"jcastaneda","image":{"@type":"ImageObject","inLanguage":"es-CL","@id":"https:\/\/explora.cl\/valparaiso\/#\/schema\/person\/image\/","url":"https:\/\/secure.gravatar.com\/avatar\/f26661a8eef2f6444d9633928ef0219fd69e41c5be1ef5ef16afeee7cd4df675?s=96&d=mm&r=g","contentUrl":"https:\/\/secure.gravatar.com\/avatar\/f26661a8eef2f6444d9633928ef0219fd69e41c5be1ef5ef16afeee7cd4df675?s=96&d=mm&r=g","caption":"jcastaneda"},"url":"https:\/\/explora.cl\/valparaiso\/author\/jcastaneda\/"}]}},"_links":{"self":[{"href":"https:\/\/explora.cl\/valparaiso\/wp-json\/wp\/v2\/posts\/44492","targetHints":{"allow":["GET"]}}],"collection":[{"href":"https:\/\/explora.cl\/valparaiso\/wp-json\/wp\/v2\/posts"}],"about":[{"href":"https:\/\/explora.cl\/valparaiso\/wp-json\/wp\/v2\/types\/post"}],"author":[{"embeddable":true,"href":"https:\/\/explora.cl\/valparaiso\/wp-json\/wp\/v2\/users\/22"}],"replies":[{"embeddable":true,"href":"https:\/\/explora.cl\/valparaiso\/wp-json\/wp\/v2\/comments?post=44492"}],"version-history":[{"count":4,"href":"https:\/\/explora.cl\/valparaiso\/wp-json\/wp\/v2\/posts\/44492\/revisions"}],"predecessor-version":[{"id":44507,"href":"https:\/\/explora.cl\/valparaiso\/wp-json\/wp\/v2\/posts\/44492\/revisions\/44507"}],"wp:featuredmedia":[{"embeddable":true,"href":"https:\/\/explora.cl\/valparaiso\/wp-json\/wp\/v2\/media\/44480"}],"wp:attachment":[{"href":"https:\/\/explora.cl\/valparaiso\/wp-json\/wp\/v2\/media?parent=44492"}],"wp:term":[{"taxonomy":"category","embeddable":true,"href":"https:\/\/explora.cl\/valparaiso\/wp-json\/wp\/v2\/categories?post=44492"},{"taxonomy":"post_tag","embeddable":true,"href":"https:\/\/explora.cl\/valparaiso\/wp-json\/wp\/v2\/tags?post=44492"}],"curies":[{"name":"wp","href":"https:\/\/api.w.org\/{rel}","templated":true}]}}