{"id":44476,"date":"2025-08-19T12:02:43","date_gmt":"2025-08-19T16:02:43","guid":{"rendered":"https:\/\/explora.cl\/valparaiso\/?p=44476"},"modified":"2025-08-19T12:02:43","modified_gmt":"2025-08-19T16:02:43","slug":"tenemos-resultados-conoce-los-proyectos-que-participaran-en-el-congreso-regional-explora-2025","status":"publish","type":"post","link":"https:\/\/explora.cl\/valparaiso\/tenemos-resultados-conoce-los-proyectos-que-participaran-en-el-congreso-regional-explora-2025\/","title":{"rendered":"\u00a1Tenemos resultados! Conoce los proyectos que participar\u00e1n en el Congreso Regional Explora 2025"},"content":{"rendered":"<p><i><span style=\"font-weight: 400\">En total, son 12 los proyectos que asistir\u00e1n a una instancia para socializar y compartir sus investigaciones o innovaciones entre pares, sus familias y la comunidad cient\u00edfica regional\u00a0<\/span><\/i><\/p>\n<p><!--more--><\/p>\n<p><span style=\"font-weight: 400\">En esta nota podr\u00e1s revisar los establecimientos y proyectos que fueron seleccionados para participar de un nuevo Congreso Regional Explora para este a\u00f1o. La convocatoria fue dirigida a equipos de estudiantes que est\u00e1n participando de las Academias Explora de Investigaci\u00f3n e Innovaci\u00f3n Escolar (IIE) 2025-2026, en los niveles de primer ciclo b\u00e1sico, segundo ciclo b\u00e1sico y educaci\u00f3n media.<\/span><\/p>\n<p><span style=\"font-weight: 400\">El Congreso, es una iniciativa del Ministerio de Ciencia, Tecnolog\u00eda, Conocimiento e Innovaci\u00f3n que es realizada en la regi\u00f3n de Valpara\u00edso por el Proyecto Asociativo Regional (PAR) Explora Valpara\u00edso, perteneciente al ministerio y liderado en la regi\u00f3n por la Pontificia Universidad Cat\u00f3lica de Valpara\u00edso; y que tiene como objetivo fortalecer los proyectos cient\u00edficos a trav\u00e9s de la comunicaci\u00f3n de resultados, evaluaci\u00f3n por pares y expertos\/as, y aprendizaje compartido con otros actores del ecosistema CTCI<\/span><\/p>\n<p><span style=\"font-weight: 400\">Esta es una instancia de socializaci\u00f3n, para que equipos de estudiantes compartan avances de sus proyectos de investigaci\u00f3n o innovaci\u00f3n con otros pares. Este espacio permitir\u00e1 recibir retroalimentaci\u00f3n de estudiantes, docentes, expertas\/os, cient\u00edficos\/as, familias y comunidades educativas<\/span><\/p>\n<p><span style=\"font-weight: 400\">Es importante destacar que de un total de 44 postulaciones se seleccionar\u00e1n 10 equipos para participar del Congreso y debido a un complejo proceso de selecci\u00f3n fue necesario abrir 2 cupos adicionales por empate.<\/span><\/p>\n<p><span style=\"font-weight: 400\">Agradecemos a todos los equipos que postularon, desde Explora Valpara\u00edso felicitamos su creatividad y entusiasmo. Para quienes no fueron seleccionados en esta oportunidad les invitamos a continuar su excelente trabajo y prepararse para los emocionantes encuentros de socializaci\u00f3n que se realizar\u00e1n en octubre.<\/span><\/p>\n<p><strong><span style=\"color: #008000\"><a style=\"color: #008000\" href=\"https:\/\/explora.cl\/valparaiso\/wp-content\/uploads\/sites\/7\/2025\/08\/Seleccion-Congreso-Regional-Explora-2025.pdf\" target=\"_blank\" rel=\"noopener\">\u00a1Conoce a las y los seleccionados aqu\u00ed!<\/a><\/span><\/strong><\/p>\n<p><span style=\"font-weight: 400\">Recuerda seguirnos en nuestro Instagram @exploravalpo para recibir pr\u00f3ximas noticias, adem\u00e1s, estaremos publicando los videos de postulaci\u00f3n a esta versi\u00f3n del Congreso Regional \u00a1No te los pierdas!<\/span><\/p>\n","protected":false},"excerpt":{"rendered":"<p>En total, son 12 los proyectos que asistir\u00e1n a una instancia para socializar y compartir sus investigaciones o innovaciones entre pares, sus familias y la comunidad cient\u00edfica regional\u00a0<\/p>\n","protected":false},"author":22,"featured_media":44471,"comment_status":"open","ping_status":"open","sticky":false,"template":"","format":"standard","meta":{"_acf_changed":false,"_exactmetrics_skip_tracking":false,"_exactmetrics_sitenote_active":false,"_exactmetrics_sitenote_note":"","_exactmetrics_sitenote_category":0,"footnotes":"","_links_to":"","_links_to_target":""},"categories":[151,4],"tags":[],"class_list":["post-44476","post","type-post","status-publish","format-standard","has-post-thumbnail","hentry","category-banner","category-noticias"],"acf":[],"yoast_head":"<!-- This site is optimized with the Yoast SEO plugin v26.9 - https:\/\/yoast.com\/product\/yoast-seo-wordpress\/ -->\n<title>\u00a1Tenemos resultados! Conoce los proyectos que participar\u00e1n en el Congreso Regional Explora 2025 - Valpara\u00edso<\/title>\n<meta name=\"robots\" content=\"index, follow, max-snippet:-1, max-image-preview:large, max-video-preview:-1\" \/>\n<link rel=\"canonical\" href=\"https:\/\/explora.cl\/valparaiso\/tenemos-resultados-conoce-los-proyectos-que-participaran-en-el-congreso-regional-explora-2025\/\" class=\"yoast-seo-meta-tag\" \/>\n<meta property=\"og:locale\" content=\"es_ES\" class=\"yoast-seo-meta-tag\" \/>\n<meta property=\"og:type\" content=\"article\" class=\"yoast-seo-meta-tag\" \/>\n<meta property=\"og:title\" content=\"\u00a1Tenemos resultados! Conoce los proyectos que participar\u00e1n en el Congreso Regional Explora 2025 - Valpara\u00edso\" class=\"yoast-seo-meta-tag\" \/>\n<meta property=\"og:description\" content=\"En total, son 12 los proyectos que asistir\u00e1n a una instancia para socializar y compartir sus investigaciones o innovaciones entre pares, sus familias y la comunidad cient\u00edfica regional\u00a0\" class=\"yoast-seo-meta-tag\" \/>\n<meta property=\"og:url\" content=\"https:\/\/explora.cl\/valparaiso\/tenemos-resultados-conoce-los-proyectos-que-participaran-en-el-congreso-regional-explora-2025\/\" class=\"yoast-seo-meta-tag\" \/>\n<meta property=\"og:site_name\" content=\"Valpara\u00edso\" class=\"yoast-seo-meta-tag\" \/>\n<meta property=\"article:published_time\" content=\"2025-08-19T16:02:43+00:00\" class=\"yoast-seo-meta-tag\" \/>\n<meta property=\"og:image\" content=\"https:\/\/explora.cl\/valparaiso\/wp-content\/uploads\/sites\/7\/2025\/08\/convocatoria-congreso-regional-2025-resultados.png\" class=\"yoast-seo-meta-tag\" \/>\n\t<meta property=\"og:image:width\" content=\"735\" class=\"yoast-seo-meta-tag\" \/>\n\t<meta property=\"og:image:height\" content=\"470\" class=\"yoast-seo-meta-tag\" \/>\n\t<meta property=\"og:image:type\" content=\"image\/png\" class=\"yoast-seo-meta-tag\" \/>\n<meta name=\"author\" content=\"jcastaneda\" class=\"yoast-seo-meta-tag\" \/>\n<meta name=\"twitter:card\" content=\"summary_large_image\" class=\"yoast-seo-meta-tag\" \/>\n<meta name=\"twitter:label1\" content=\"Escrito por\" class=\"yoast-seo-meta-tag\" \/>\n\t<meta name=\"twitter:data1\" content=\"jcastaneda\" class=\"yoast-seo-meta-tag\" \/>\n\t<meta name=\"twitter:label2\" content=\"Tiempo estimado de lectura\" class=\"yoast-seo-meta-tag\" \/>\n\t<meta name=\"twitter:data2\" content=\"2 minutos\" class=\"yoast-seo-meta-tag\" \/>\n<script type=\"application\/ld+json\" class=\"yoast-schema-graph\">{\"@context\":\"https:\/\/schema.org\",\"@graph\":[{\"@type\":\"Article\",\"@id\":\"https:\/\/explora.cl\/valparaiso\/tenemos-resultados-conoce-los-proyectos-que-participaran-en-el-congreso-regional-explora-2025\/#article\",\"isPartOf\":{\"@id\":\"https:\/\/explora.cl\/valparaiso\/tenemos-resultados-conoce-los-proyectos-que-participaran-en-el-congreso-regional-explora-2025\/\"},\"author\":{\"name\":\"jcastaneda\",\"@id\":\"https:\/\/explora.cl\/valparaiso\/#\/schema\/person\/c15e69495b8dbe0af0102f6bca43ba5d\"},\"headline\":\"\u00a1Tenemos resultados! Conoce los proyectos que participar\u00e1n en el Congreso Regional Explora 2025\",\"datePublished\":\"2025-08-19T16:02:43+00:00\",\"mainEntityOfPage\":{\"@id\":\"https:\/\/explora.cl\/valparaiso\/tenemos-resultados-conoce-los-proyectos-que-participaran-en-el-congreso-regional-explora-2025\/\"},\"wordCount\":356,\"commentCount\":0,\"publisher\":{\"@id\":\"https:\/\/explora.cl\/valparaiso\/#organization\"},\"image\":{\"@id\":\"https:\/\/explora.cl\/valparaiso\/tenemos-resultados-conoce-los-proyectos-que-participaran-en-el-congreso-regional-explora-2025\/#primaryimage\"},\"thumbnailUrl\":\"https:\/\/explora.cl\/valparaiso\/wp-content\/uploads\/sites\/7\/2025\/08\/convocatoria-congreso-regional-2025-resultados.png\",\"articleSection\":[\"Banner\",\"Noticias\"],\"inLanguage\":\"es-CL\",\"potentialAction\":[{\"@type\":\"CommentAction\",\"name\":\"Comment\",\"target\":[\"https:\/\/explora.cl\/valparaiso\/tenemos-resultados-conoce-los-proyectos-que-participaran-en-el-congreso-regional-explora-2025\/#respond\"]}]},{\"@type\":\"WebPage\",\"@id\":\"https:\/\/explora.cl\/valparaiso\/tenemos-resultados-conoce-los-proyectos-que-participaran-en-el-congreso-regional-explora-2025\/\",\"url\":\"https:\/\/explora.cl\/valparaiso\/tenemos-resultados-conoce-los-proyectos-que-participaran-en-el-congreso-regional-explora-2025\/\",\"name\":\"\u00a1Tenemos resultados! Conoce los proyectos que participar\u00e1n en el Congreso Regional Explora 2025 - Valpara\u00edso\",\"isPartOf\":{\"@id\":\"https:\/\/explora.cl\/valparaiso\/#website\"},\"primaryImageOfPage\":{\"@id\":\"https:\/\/explora.cl\/valparaiso\/tenemos-resultados-conoce-los-proyectos-que-participaran-en-el-congreso-regional-explora-2025\/#primaryimage\"},\"image\":{\"@id\":\"https:\/\/explora.cl\/valparaiso\/tenemos-resultados-conoce-los-proyectos-que-participaran-en-el-congreso-regional-explora-2025\/#primaryimage\"},\"thumbnailUrl\":\"https:\/\/explora.cl\/valparaiso\/wp-content\/uploads\/sites\/7\/2025\/08\/convocatoria-congreso-regional-2025-resultados.png\",\"datePublished\":\"2025-08-19T16:02:43+00:00\",\"breadcrumb\":{\"@id\":\"https:\/\/explora.cl\/valparaiso\/tenemos-resultados-conoce-los-proyectos-que-participaran-en-el-congreso-regional-explora-2025\/#breadcrumb\"},\"inLanguage\":\"es-CL\",\"potentialAction\":[{\"@type\":\"ReadAction\",\"target\":[\"https:\/\/explora.cl\/valparaiso\/tenemos-resultados-conoce-los-proyectos-que-participaran-en-el-congreso-regional-explora-2025\/\"]}]},{\"@type\":\"ImageObject\",\"inLanguage\":\"es-CL\",\"@id\":\"https:\/\/explora.cl\/valparaiso\/tenemos-resultados-conoce-los-proyectos-que-participaran-en-el-congreso-regional-explora-2025\/#primaryimage\",\"url\":\"https:\/\/explora.cl\/valparaiso\/wp-content\/uploads\/sites\/7\/2025\/08\/convocatoria-congreso-regional-2025-resultados.png\",\"contentUrl\":\"https:\/\/explora.cl\/valparaiso\/wp-content\/uploads\/sites\/7\/2025\/08\/convocatoria-congreso-regional-2025-resultados.png\",\"width\":735,\"height\":470},{\"@type\":\"BreadcrumbList\",\"@id\":\"https:\/\/explora.cl\/valparaiso\/tenemos-resultados-conoce-los-proyectos-que-participaran-en-el-congreso-regional-explora-2025\/#breadcrumb\",\"itemListElement\":[{\"@type\":\"ListItem\",\"position\":1,\"name\":\"Portada\",\"item\":\"https:\/\/explora.cl\/valparaiso\/\"},{\"@type\":\"ListItem\",\"position\":2,\"name\":\"\u00a1Tenemos resultados! Conoce los proyectos que participar\u00e1n en el Congreso Regional Explora 2025\"}]},{\"@type\":\"WebSite\",\"@id\":\"https:\/\/explora.cl\/valparaiso\/#website\",\"url\":\"https:\/\/explora.cl\/valparaiso\/\",\"name\":\"Valpara\u00edso\",\"description\":\"Otro sitio m\u00e1s de explora.cl\",\"publisher\":{\"@id\":\"https:\/\/explora.cl\/valparaiso\/#organization\"},\"potentialAction\":[{\"@type\":\"SearchAction\",\"target\":{\"@type\":\"EntryPoint\",\"urlTemplate\":\"https:\/\/explora.cl\/valparaiso\/?s={search_term_string}\"},\"query-input\":{\"@type\":\"PropertyValueSpecification\",\"valueRequired\":true,\"valueName\":\"search_term_string\"}}],\"inLanguage\":\"es-CL\"},{\"@type\":\"Organization\",\"@id\":\"https:\/\/explora.cl\/valparaiso\/#organization\",\"name\":\"Valpara\u00edso\",\"url\":\"https:\/\/explora.cl\/valparaiso\/\",\"logo\":{\"@type\":\"ImageObject\",\"inLanguage\":\"es-CL\",\"@id\":\"https:\/\/explora.cl\/valparaiso\/#\/schema\/logo\/image\/\",\"url\":\"https:\/\/explora.cl\/valparaiso\/wp-content\/uploads\/sites\/7\/2019\/06\/cropped-logo-explora-color.jpg\",\"contentUrl\":\"https:\/\/explora.cl\/valparaiso\/wp-content\/uploads\/sites\/7\/2019\/06\/cropped-logo-explora-color.jpg\",\"width\":2035,\"height\":584,\"caption\":\"Valpara\u00edso\"},\"image\":{\"@id\":\"https:\/\/explora.cl\/valparaiso\/#\/schema\/logo\/image\/\"}},{\"@type\":\"Person\",\"@id\":\"https:\/\/explora.cl\/valparaiso\/#\/schema\/person\/c15e69495b8dbe0af0102f6bca43ba5d\",\"name\":\"jcastaneda\",\"image\":{\"@type\":\"ImageObject\",\"inLanguage\":\"es-CL\",\"@id\":\"https:\/\/explora.cl\/valparaiso\/#\/schema\/person\/image\/\",\"url\":\"https:\/\/secure.gravatar.com\/avatar\/f26661a8eef2f6444d9633928ef0219fd69e41c5be1ef5ef16afeee7cd4df675?s=96&d=mm&r=g\",\"contentUrl\":\"https:\/\/secure.gravatar.com\/avatar\/f26661a8eef2f6444d9633928ef0219fd69e41c5be1ef5ef16afeee7cd4df675?s=96&d=mm&r=g\",\"caption\":\"jcastaneda\"},\"url\":\"https:\/\/explora.cl\/valparaiso\/author\/jcastaneda\/\"}]}<\/script>\n<!-- \/ Yoast SEO plugin. -->","yoast_head_json":{"title":"\u00a1Tenemos resultados! Conoce los proyectos que participar\u00e1n en el Congreso Regional Explora 2025 - Valpara\u00edso","robots":{"index":"index","follow":"follow","max-snippet":"max-snippet:-1","max-image-preview":"max-image-preview:large","max-video-preview":"max-video-preview:-1"},"canonical":"https:\/\/explora.cl\/valparaiso\/tenemos-resultados-conoce-los-proyectos-que-participaran-en-el-congreso-regional-explora-2025\/","og_locale":"es_ES","og_type":"article","og_title":"\u00a1Tenemos resultados! Conoce los proyectos que participar\u00e1n en el Congreso Regional Explora 2025 - Valpara\u00edso","og_description":"En total, son 12 los proyectos que asistir\u00e1n a una instancia para socializar y compartir sus investigaciones o innovaciones entre pares, sus familias y la comunidad cient\u00edfica regional\u00a0","og_url":"https:\/\/explora.cl\/valparaiso\/tenemos-resultados-conoce-los-proyectos-que-participaran-en-el-congreso-regional-explora-2025\/","og_site_name":"Valpara\u00edso","article_published_time":"2025-08-19T16:02:43+00:00","og_image":[{"width":735,"height":470,"url":"https:\/\/explora.cl\/valparaiso\/wp-content\/uploads\/sites\/7\/2025\/08\/convocatoria-congreso-regional-2025-resultados.png","type":"image\/png"}],"author":"jcastaneda","twitter_card":"summary_large_image","twitter_misc":{"Escrito por":"jcastaneda","Tiempo estimado de lectura":"2 minutos"},"schema":{"@context":"https:\/\/schema.org","@graph":[{"@type":"Article","@id":"https:\/\/explora.cl\/valparaiso\/tenemos-resultados-conoce-los-proyectos-que-participaran-en-el-congreso-regional-explora-2025\/#article","isPartOf":{"@id":"https:\/\/explora.cl\/valparaiso\/tenemos-resultados-conoce-los-proyectos-que-participaran-en-el-congreso-regional-explora-2025\/"},"author":{"name":"jcastaneda","@id":"https:\/\/explora.cl\/valparaiso\/#\/schema\/person\/c15e69495b8dbe0af0102f6bca43ba5d"},"headline":"\u00a1Tenemos resultados! Conoce los proyectos que participar\u00e1n en el Congreso Regional Explora 2025","datePublished":"2025-08-19T16:02:43+00:00","mainEntityOfPage":{"@id":"https:\/\/explora.cl\/valparaiso\/tenemos-resultados-conoce-los-proyectos-que-participaran-en-el-congreso-regional-explora-2025\/"},"wordCount":356,"commentCount":0,"publisher":{"@id":"https:\/\/explora.cl\/valparaiso\/#organization"},"image":{"@id":"https:\/\/explora.cl\/valparaiso\/tenemos-resultados-conoce-los-proyectos-que-participaran-en-el-congreso-regional-explora-2025\/#primaryimage"},"thumbnailUrl":"https:\/\/explora.cl\/valparaiso\/wp-content\/uploads\/sites\/7\/2025\/08\/convocatoria-congreso-regional-2025-resultados.png","articleSection":["Banner","Noticias"],"inLanguage":"es-CL","potentialAction":[{"@type":"CommentAction","name":"Comment","target":["https:\/\/explora.cl\/valparaiso\/tenemos-resultados-conoce-los-proyectos-que-participaran-en-el-congreso-regional-explora-2025\/#respond"]}]},{"@type":"WebPage","@id":"https:\/\/explora.cl\/valparaiso\/tenemos-resultados-conoce-los-proyectos-que-participaran-en-el-congreso-regional-explora-2025\/","url":"https:\/\/explora.cl\/valparaiso\/tenemos-resultados-conoce-los-proyectos-que-participaran-en-el-congreso-regional-explora-2025\/","name":"\u00a1Tenemos resultados! Conoce los proyectos que participar\u00e1n en el Congreso Regional Explora 2025 - Valpara\u00edso","isPartOf":{"@id":"https:\/\/explora.cl\/valparaiso\/#website"},"primaryImageOfPage":{"@id":"https:\/\/explora.cl\/valparaiso\/tenemos-resultados-conoce-los-proyectos-que-participaran-en-el-congreso-regional-explora-2025\/#primaryimage"},"image":{"@id":"https:\/\/explora.cl\/valparaiso\/tenemos-resultados-conoce-los-proyectos-que-participaran-en-el-congreso-regional-explora-2025\/#primaryimage"},"thumbnailUrl":"https:\/\/explora.cl\/valparaiso\/wp-content\/uploads\/sites\/7\/2025\/08\/convocatoria-congreso-regional-2025-resultados.png","datePublished":"2025-08-19T16:02:43+00:00","breadcrumb":{"@id":"https:\/\/explora.cl\/valparaiso\/tenemos-resultados-conoce-los-proyectos-que-participaran-en-el-congreso-regional-explora-2025\/#breadcrumb"},"inLanguage":"es-CL","potentialAction":[{"@type":"ReadAction","target":["https:\/\/explora.cl\/valparaiso\/tenemos-resultados-conoce-los-proyectos-que-participaran-en-el-congreso-regional-explora-2025\/"]}]},{"@type":"ImageObject","inLanguage":"es-CL","@id":"https:\/\/explora.cl\/valparaiso\/tenemos-resultados-conoce-los-proyectos-que-participaran-en-el-congreso-regional-explora-2025\/#primaryimage","url":"https:\/\/explora.cl\/valparaiso\/wp-content\/uploads\/sites\/7\/2025\/08\/convocatoria-congreso-regional-2025-resultados.png","contentUrl":"https:\/\/explora.cl\/valparaiso\/wp-content\/uploads\/sites\/7\/2025\/08\/convocatoria-congreso-regional-2025-resultados.png","width":735,"height":470},{"@type":"BreadcrumbList","@id":"https:\/\/explora.cl\/valparaiso\/tenemos-resultados-conoce-los-proyectos-que-participaran-en-el-congreso-regional-explora-2025\/#breadcrumb","itemListElement":[{"@type":"ListItem","position":1,"name":"Portada","item":"https:\/\/explora.cl\/valparaiso\/"},{"@type":"ListItem","position":2,"name":"\u00a1Tenemos resultados! Conoce los proyectos que participar\u00e1n en el Congreso Regional Explora 2025"}]},{"@type":"WebSite","@id":"https:\/\/explora.cl\/valparaiso\/#website","url":"https:\/\/explora.cl\/valparaiso\/","name":"Valpara\u00edso","description":"Otro sitio m\u00e1s de explora.cl","publisher":{"@id":"https:\/\/explora.cl\/valparaiso\/#organization"},"potentialAction":[{"@type":"SearchAction","target":{"@type":"EntryPoint","urlTemplate":"https:\/\/explora.cl\/valparaiso\/?s={search_term_string}"},"query-input":{"@type":"PropertyValueSpecification","valueRequired":true,"valueName":"search_term_string"}}],"inLanguage":"es-CL"},{"@type":"Organization","@id":"https:\/\/explora.cl\/valparaiso\/#organization","name":"Valpara\u00edso","url":"https:\/\/explora.cl\/valparaiso\/","logo":{"@type":"ImageObject","inLanguage":"es-CL","@id":"https:\/\/explora.cl\/valparaiso\/#\/schema\/logo\/image\/","url":"https:\/\/explora.cl\/valparaiso\/wp-content\/uploads\/sites\/7\/2019\/06\/cropped-logo-explora-color.jpg","contentUrl":"https:\/\/explora.cl\/valparaiso\/wp-content\/uploads\/sites\/7\/2019\/06\/cropped-logo-explora-color.jpg","width":2035,"height":584,"caption":"Valpara\u00edso"},"image":{"@id":"https:\/\/explora.cl\/valparaiso\/#\/schema\/logo\/image\/"}},{"@type":"Person","@id":"https:\/\/explora.cl\/valparaiso\/#\/schema\/person\/c15e69495b8dbe0af0102f6bca43ba5d","name":"jcastaneda","image":{"@type":"ImageObject","inLanguage":"es-CL","@id":"https:\/\/explora.cl\/valparaiso\/#\/schema\/person\/image\/","url":"https:\/\/secure.gravatar.com\/avatar\/f26661a8eef2f6444d9633928ef0219fd69e41c5be1ef5ef16afeee7cd4df675?s=96&d=mm&r=g","contentUrl":"https:\/\/secure.gravatar.com\/avatar\/f26661a8eef2f6444d9633928ef0219fd69e41c5be1ef5ef16afeee7cd4df675?s=96&d=mm&r=g","caption":"jcastaneda"},"url":"https:\/\/explora.cl\/valparaiso\/author\/jcastaneda\/"}]}},"_links":{"self":[{"href":"https:\/\/explora.cl\/valparaiso\/wp-json\/wp\/v2\/posts\/44476","targetHints":{"allow":["GET"]}}],"collection":[{"href":"https:\/\/explora.cl\/valparaiso\/wp-json\/wp\/v2\/posts"}],"about":[{"href":"https:\/\/explora.cl\/valparaiso\/wp-json\/wp\/v2\/types\/post"}],"author":[{"embeddable":true,"href":"https:\/\/explora.cl\/valparaiso\/wp-json\/wp\/v2\/users\/22"}],"replies":[{"embeddable":true,"href":"https:\/\/explora.cl\/valparaiso\/wp-json\/wp\/v2\/comments?post=44476"}],"version-history":[{"count":1,"href":"https:\/\/explora.cl\/valparaiso\/wp-json\/wp\/v2\/posts\/44476\/revisions"}],"predecessor-version":[{"id":44477,"href":"https:\/\/explora.cl\/valparaiso\/wp-json\/wp\/v2\/posts\/44476\/revisions\/44477"}],"wp:featuredmedia":[{"embeddable":true,"href":"https:\/\/explora.cl\/valparaiso\/wp-json\/wp\/v2\/media\/44471"}],"wp:attachment":[{"href":"https:\/\/explora.cl\/valparaiso\/wp-json\/wp\/v2\/media?parent=44476"}],"wp:term":[{"taxonomy":"category","embeddable":true,"href":"https:\/\/explora.cl\/valparaiso\/wp-json\/wp\/v2\/categories?post=44476"},{"taxonomy":"post_tag","embeddable":true,"href":"https:\/\/explora.cl\/valparaiso\/wp-json\/wp\/v2\/tags?post=44476"}],"curies":[{"name":"wp","href":"https:\/\/api.w.org\/{rel}","templated":true}]}}