{"id":43036,"date":"2022-10-28T15:49:59","date_gmt":"2022-10-28T18:49:59","guid":{"rendered":"https:\/\/explora.cl\/valparaiso\/?p=43036"},"modified":"2022-11-10T11:54:44","modified_gmt":"2022-11-10T14:54:44","slug":"despues-de-viajar-por-todo-el-territorio-el-festival-de-las-ciencias-2022-aterriza-en-rapa-nui","status":"publish","type":"post","link":"https:\/\/explora.cl\/valparaiso\/despues-de-viajar-por-todo-el-territorio-el-festival-de-las-ciencias-2022-aterriza-en-rapa-nui\/","title":{"rendered":"Despu\u00e9s de viajar por todo el territorio, el Festival de las Ciencias 2022 aterriza en Rapa Nui"},"content":{"rendered":"<p><i><span style=\"font-weight: 400\">Con m\u00e1s de 20.000 asistentes la Regi\u00f3n de Valpara\u00edso festej\u00f3 con todos y todas la importancia de las ciencias, la tecnolog\u00eda, el conocimiento y la innovaci\u00f3n durante la celebraci\u00f3n de FECI 2022<\/span><\/i><!--more--><\/p>\n<p><span style=\"font-weight: 400\">Personas de todas las edades participaron en las actividades que este a\u00f1o ofreci\u00f3 el Festival de las Ciencias en la Regi\u00f3n de Valpara\u00edso, organizado por el Proyecto Explora Valpara\u00edso del Ministerio de Ciencia en conjunto con muchas organizaciones, en una cooperaci\u00f3n que ya posee 25 a\u00f1os de duraci\u00f3n y que lleg\u00f3 a todas las comunas de la regi\u00f3n, con 7 diversas actividades.<\/span><\/p>\n<p><span style=\"font-weight: 400\">FECI, es una iniciativa heredera de la Semana de la Ciencia y busca generar espacios de participaci\u00f3n junto a la comunidad, en un esfuerzo conjunto con organizaciones de la Regi\u00f3n de Valpara\u00edso. Este a\u00f1o, la celebraci\u00f3n estuvo centrada en el eje tem\u00e1tico \u201cRegeneraci\u00f3n y cambio clim\u00e1tico: agua\u201d<\/span><i><span style=\"font-weight: 400\">.<\/span><\/i><\/p>\n<p><span style=\"font-weight: 400\">El cierre de FECI se realiz\u00f3 en la comuna de Isla de Pascua, con la celebraci\u00f3n del Festival de las Ciencias en los territorios, gracias al trabajo mancomunado con la municipalidad, la Direcci\u00f3n de Medio Ambiente, la Corporaci\u00f3n de Arte y Cultura, el espacio de trabajo colaborativo Hare Haka Mana I Te Anga, organizaciones locales y Explora Valpara\u00edso, recibiendo y promoviendo esta fiesta del conocimiento. El festejo se dio en el Sal\u00f3n Hare Haka Mana I Te Ana, en el Centro Cultural Tonariki.\u00a0<\/span><\/p>\n<p><span style=\"font-weight: 400\">Fueron tambi\u00e9n parte de las actividades de FECI 2022:\u00a0<\/span><\/p>\n<p><span style=\"font-weight: 400\"><strong>Viaje Meteorol\u00f3gico:<\/strong> una especial invitaci\u00f3n a personas mayores con un \u201cViaje Meteorol\u00f3gico\u201d, una visita guiada al Centro Meteorol\u00f3gico de la Armada de Chile en Valpara\u00edso, donde pudieron conocer de primera fuente informaci\u00f3n relacionada con fen\u00f3menos meteorol\u00f3gicos y climatol\u00f3gicos, instrumentos e historia del lugar. Adem\u00e1s, pudieron conocer los restos arquitect\u00f3nicos del antiguo fuerte \u201cTalcah<\/span><span style=\"font-weight: 400\">uano\u201d, emplazamiento centenario que sirvi\u00f3 de defensa del puerto de Valpara\u00edso durante el siglo XIX.<\/span><\/p>\n<p><span style=\"font-weight: 400\"><strong><a href=\"https:\/\/explora.cl\/valparaiso\/despues-de-viajar-por-todo-el-territorio-el-festival-de-las-ciencias-2022-aterriza-en-rapa-nui\/yaca-1\/\" rel=\"attachment wp-att-43038\"><img fetchpriority=\"high\" decoding=\"async\" class=\"wp-image-43038 alignleft\" src=\"https:\/\/explora.cl\/valparaiso\/wp-content\/uploads\/sites\/7\/2022\/10\/yaca-1-1024x576.jpg\" alt=\"\" width=\"338\" height=\"190\" srcset=\"https:\/\/explora.cl\/valparaiso\/wp-content\/uploads\/sites\/7\/2022\/10\/yaca-1-1024x576.jpg 1024w, https:\/\/explora.cl\/valparaiso\/wp-content\/uploads\/sites\/7\/2022\/10\/yaca-1-300x169.jpg 300w, https:\/\/explora.cl\/valparaiso\/wp-content\/uploads\/sites\/7\/2022\/10\/yaca-1-768x432.jpg 768w\" sizes=\"(max-width: 338px) 100vw, 338px\" \/><\/a>Show de la Yaca en el Bosque:<\/strong> M\u00e1s de 5000 ni\u00f1as y ni\u00f1os disfrutaron, bailaron y aprendieron sobre uno de los 4 marsupiales que existen en nuestro pa\u00eds, en el \u201cShow de la Yaca en el bosque\u201d una presentaci\u00f3n teatral, que profundiz\u00f3 y resalt\u00f3 tem\u00e1ticas sobre el cuidado de la naturaleza, la prevenci\u00f3n de incendios forestales y la preservaci\u00f3n de las especies. As\u00ed, ni\u00f1as y ni\u00f1os de toda la regi\u00f3n, incluyendo las islas, disfrutaron de un momento musical y una animada despedida donde pudieron interactuar entre escuelas para dar fin a la experiencia. <\/span><\/p>\n<p><span style=\"font-weight: 400\"><strong>Trayectorias y aportes de mujeres en su diversidad:<\/strong> Se reconoci\u00f3 tambi\u00e9n a quienes fueron nominadas a \u201cMujeres Destacadas de Nuestra Tierra\u201d, como una contribuci\u00f3n para acortar la brecha de g\u00e9nero en general y en el mundo de las ciencias en particular. Se reconoci\u00f3 a una mujer por provincia, siendo estas: Provincia de Petorca, B\u00e1rbara Astudillo D\u00edaz; Provincia de Valpara\u00edso, Magdalena Dardel; Provincia de Marga Marga, Fancy Castillo Garrido; Provincia de Quillota, Blanca Recabarren; Provincia de Rapa Nui, Serafina Moulton Tepano; Provincia de Los Andes, Camila Roa Y\u00e1\u00f1ez; Provincia de Los Andes, Camila Roa Y\u00e1\u00f1ez; Provincia de San Felipe, Julie Pelicand; Provincia de San Antonio, Mariela Escalante Dur\u00e1n.<a href=\"https:\/\/explora.cl\/valparaiso\/de-cordillera-a-mar-miles-de-personas-fueron-parte-de-la-celebracion-de-feci-2022-en-ferias-talleres-musica-y-teatro\/dsc_2038\/\" rel=\"attachment wp-att-42947\"><img decoding=\"async\" class=\"wp-image-42947 alignright\" src=\"https:\/\/explora.cl\/valparaiso\/wp-content\/uploads\/sites\/7\/2022\/10\/DSC_2038-1024x678.jpg\" alt=\"\" width=\"335\" height=\"222\" srcset=\"https:\/\/explora.cl\/valparaiso\/wp-content\/uploads\/sites\/7\/2022\/10\/DSC_2038-1024x678.jpg 1024w, https:\/\/explora.cl\/valparaiso\/wp-content\/uploads\/sites\/7\/2022\/10\/DSC_2038-300x199.jpg 300w, https:\/\/explora.cl\/valparaiso\/wp-content\/uploads\/sites\/7\/2022\/10\/DSC_2038-768x509.jpg 768w, https:\/\/explora.cl\/valparaiso\/wp-content\/uploads\/sites\/7\/2022\/10\/DSC_2038.jpg 2048w\" sizes=\"(max-width: 335px) 100vw, 335px\" \/><\/a><\/span><\/p>\n<p><span style=\"font-weight: 400\">Este reconocimiento surge desde el Comit\u00e9 de G\u00e9nero de Explora Valpara\u00edso, quien, de todas las nominadas a trav\u00e9s de la convocatoria abierta a la ciudadan\u00eda, gener\u00f3 la lista definitiva de seleccionadas, siendo reconocidas en una ceremonia especial en San Antonio, con la presencia de la Subsecretaria de Ciencia, Conocimiento, Tecnolog\u00eda e Innovaci\u00f3n, Carolina Ga\u00ednza y otras autoridades regionales y locales.<\/span><\/p>\n<p><span style=\"font-weight: 400\"><strong>\u201cChile, pa\u00eds de glaciares\u201d en Bibliotecas P\u00fablicas:<\/strong> M\u00e1s de 20 Bibliotecas P\u00fablicas de la Regi\u00f3n, est\u00e1n exhibiendo la muestra \u201cChile: un pa\u00eds de Glaciares\u201d. La Actividad Regional se realiza en conjunto con la Coordinaci\u00f3n de Bibliotecas de la Regi\u00f3n de Valpara\u00edso, dependiente del Servicio Nacional del Patrimonio Cultural del Ministerio de las Culturas, las Artes y el Patrimonio, en un esfuerzo por llegar a espacios dedicados a la cultura de todas las provincias de Valpara\u00edso, y de esta forma, propiciar la socializaci\u00f3n del conocimiento hacia m\u00faltiples p\u00fablicos, en raz\u00f3n del tema del a\u00f1o \u201cRegeneraci\u00f3n y cambio clim\u00e1tico: agua\u201d, el que posee m\u00faltiples conexiones con el territorio y sus ciudadanos, siendo los glaciares los repositorios de agua dulce m\u00e1s importantes de la regi\u00f3n, ante un escenario de crisis clim\u00e1tica, sequ\u00eda y escasez h\u00eddrica.<\/span><\/p>\n<p><span style=\"font-weight: 400\"><strong>FECI en hogares y residencias:<\/strong> Ni\u00f1as, ni\u00f1os y j\u00f3venes de las 6 Residencias del Refugio de Cristo fueron parte del FECI 2022. Demostrando gran entusiasmo, aprendieron de insectos, compostaje, as\u00ed como del trabajo del campo en talleres dise\u00f1ados especialmente para sus edades, en conjunto con el Centro CERES y la Escuela de Agronom\u00eda de la PUCV. Desarrollaron las diversas actividades y recorridos con curiosidad y \u00e1nimo de aprender, celebrando el conocimiento en Quillota, demostrando que las ciencias est\u00e1n en todas partes y que son accesibles para todas las edades.\u00a0<\/span><\/p>\n<p><span style=\"font-weight: 400\"><strong><a href=\"https:\/\/explora.cl\/valparaiso\/de-cordillera-a-mar-miles-de-personas-fueron-parte-de-la-celebracion-de-feci-2022-en-ferias-talleres-musica-y-teatro\/dsc_1960\/\" rel=\"attachment wp-att-42943\"><img decoding=\"async\" class=\"wp-image-42943 alignleft\" src=\"https:\/\/explora.cl\/valparaiso\/wp-content\/uploads\/sites\/7\/2022\/10\/DSC_1960-1024x678.jpg\" alt=\"\" width=\"457\" height=\"303\" srcset=\"https:\/\/explora.cl\/valparaiso\/wp-content\/uploads\/sites\/7\/2022\/10\/DSC_1960-1024x678.jpg 1024w, https:\/\/explora.cl\/valparaiso\/wp-content\/uploads\/sites\/7\/2022\/10\/DSC_1960-300x199.jpg 300w, https:\/\/explora.cl\/valparaiso\/wp-content\/uploads\/sites\/7\/2022\/10\/DSC_1960-768x509.jpg 768w\" sizes=\"(max-width: 457px) 100vw, 457px\" \/><\/a>Festival de las Ciencias en los territorios:<\/strong> En Plazas, Centros Culturales y Establecimientos Educacionales, miles de personas se sumaron a FECI 2022 a trav\u00e9s del \u201cFestival de las Ciencias en los territorios\u201d, actividades organizadas en conjunto con los DAEM y corporaciones Municipales de educaci\u00f3n, la comunidad cient\u00edfica, Museos y otros actores. Es as\u00ed como 30 de las 38 comunas han sido protagonistas promoviendo esta fiesta del conocimiento, con stands, teatro, muestras cient\u00edficas, arte, charlas, congresos de investigaci\u00f3n, m\u00fasica, juegos, y otras m\u00faltiples experiencias cient\u00edficas. Dichas instancias fueron gratamente recibidas por la ciudadan\u00eda y sus autoridades, estando presentes diversos concejales, as\u00ed como todas y todos las alcaldesas y alcaldes, en una fiesta de las ciencias con marcado \u00e9nfasis territorial.<\/span><\/p>\n<p><span style=\"font-weight: 400\">Para quienes no pudieron ser parte en esta oportunidad o quisieran repetir la experiencia de celebrar el conocimiento, a\u00fan queda mucho por descubrir en la pr\u00f3xima versi\u00f3n del Festival de las ciencias 2023.<\/span><\/p>\n","protected":false},"excerpt":{"rendered":"<p>Con m\u00e1s de 20.000 asistentes la Regi\u00f3n de Valpara\u00edso festej\u00f3 con todos y todas la importancia de las ciencias, la tecnolog\u00eda, el conocimiento y la innovaci\u00f3n durante la celebraci\u00f3n de FECI 2022<\/p>\n","protected":false},"author":22,"featured_media":43037,"comment_status":"open","ping_status":"open","sticky":false,"template":"","format":"standard","meta":{"_acf_changed":false,"_exactmetrics_skip_tracking":false,"_exactmetrics_sitenote_active":false,"_exactmetrics_sitenote_note":"","_exactmetrics_sitenote_category":0,"footnotes":"","_links_to":"","_links_to_target":""},"categories":[4],"tags":[],"class_list":["post-43036","post","type-post","status-publish","format-standard","has-post-thumbnail","hentry","category-noticias"],"acf":[],"yoast_head":"<!-- This site is optimized with the Yoast SEO plugin v26.9 - https:\/\/yoast.com\/product\/yoast-seo-wordpress\/ -->\n<title>Despu\u00e9s de viajar por todo el territorio, el Festival de las Ciencias 2022 aterriza en Rapa Nui - Valpara\u00edso<\/title>\n<meta name=\"robots\" content=\"index, follow, max-snippet:-1, max-image-preview:large, max-video-preview:-1\" \/>\n<link rel=\"canonical\" href=\"https:\/\/explora.cl\/valparaiso\/despues-de-viajar-por-todo-el-territorio-el-festival-de-las-ciencias-2022-aterriza-en-rapa-nui\/\" class=\"yoast-seo-meta-tag\" \/>\n<meta property=\"og:locale\" content=\"es_ES\" class=\"yoast-seo-meta-tag\" \/>\n<meta property=\"og:type\" content=\"article\" class=\"yoast-seo-meta-tag\" \/>\n<meta property=\"og:title\" content=\"Despu\u00e9s de viajar por todo el territorio, el Festival de las Ciencias 2022 aterriza en Rapa Nui - Valpara\u00edso\" class=\"yoast-seo-meta-tag\" \/>\n<meta property=\"og:description\" content=\"Con m\u00e1s de 20.000 asistentes la Regi\u00f3n de Valpara\u00edso festej\u00f3 con todos y todas la importancia de las ciencias, la tecnolog\u00eda, el conocimiento y la innovaci\u00f3n durante la celebraci\u00f3n de FECI 2022\" class=\"yoast-seo-meta-tag\" \/>\n<meta property=\"og:url\" content=\"https:\/\/explora.cl\/valparaiso\/despues-de-viajar-por-todo-el-territorio-el-festival-de-las-ciencias-2022-aterriza-en-rapa-nui\/\" class=\"yoast-seo-meta-tag\" \/>\n<meta property=\"og:site_name\" content=\"Valpara\u00edso\" class=\"yoast-seo-meta-tag\" \/>\n<meta property=\"article:published_time\" content=\"2022-10-28T18:49:59+00:00\" class=\"yoast-seo-meta-tag\" \/>\n<meta property=\"article:modified_time\" content=\"2022-11-10T14:54:44+00:00\" class=\"yoast-seo-meta-tag\" \/>\n<meta property=\"og:image\" content=\"https:\/\/explora.cl\/valparaiso\/wp-content\/uploads\/sites\/7\/2022\/10\/DSC_2044.jpg\" class=\"yoast-seo-meta-tag\" \/>\n\t<meta property=\"og:image:width\" content=\"2048\" class=\"yoast-seo-meta-tag\" \/>\n\t<meta property=\"og:image:height\" content=\"1356\" class=\"yoast-seo-meta-tag\" \/>\n\t<meta property=\"og:image:type\" content=\"image\/jpeg\" class=\"yoast-seo-meta-tag\" \/>\n<meta name=\"author\" content=\"jcastaneda\" class=\"yoast-seo-meta-tag\" \/>\n<meta name=\"twitter:card\" content=\"summary_large_image\" class=\"yoast-seo-meta-tag\" \/>\n<meta name=\"twitter:label1\" content=\"Escrito por\" class=\"yoast-seo-meta-tag\" \/>\n\t<meta name=\"twitter:data1\" content=\"jcastaneda\" class=\"yoast-seo-meta-tag\" \/>\n\t<meta name=\"twitter:label2\" content=\"Tiempo estimado de lectura\" class=\"yoast-seo-meta-tag\" \/>\n\t<meta name=\"twitter:data2\" content=\"5 minutos\" class=\"yoast-seo-meta-tag\" \/>\n<script type=\"application\/ld+json\" class=\"yoast-schema-graph\">{\"@context\":\"https:\/\/schema.org\",\"@graph\":[{\"@type\":\"Article\",\"@id\":\"https:\/\/explora.cl\/valparaiso\/despues-de-viajar-por-todo-el-territorio-el-festival-de-las-ciencias-2022-aterriza-en-rapa-nui\/#article\",\"isPartOf\":{\"@id\":\"https:\/\/explora.cl\/valparaiso\/despues-de-viajar-por-todo-el-territorio-el-festival-de-las-ciencias-2022-aterriza-en-rapa-nui\/\"},\"author\":{\"name\":\"jcastaneda\",\"@id\":\"https:\/\/explora.cl\/valparaiso\/#\/schema\/person\/c15e69495b8dbe0af0102f6bca43ba5d\"},\"headline\":\"Despu\u00e9s de viajar por todo el territorio, el Festival de las Ciencias 2022 aterriza en Rapa Nui\",\"datePublished\":\"2022-10-28T18:49:59+00:00\",\"dateModified\":\"2022-11-10T14:54:44+00:00\",\"mainEntityOfPage\":{\"@id\":\"https:\/\/explora.cl\/valparaiso\/despues-de-viajar-por-todo-el-territorio-el-festival-de-las-ciencias-2022-aterriza-en-rapa-nui\/\"},\"wordCount\":1045,\"commentCount\":0,\"publisher\":{\"@id\":\"https:\/\/explora.cl\/valparaiso\/#organization\"},\"image\":{\"@id\":\"https:\/\/explora.cl\/valparaiso\/despues-de-viajar-por-todo-el-territorio-el-festival-de-las-ciencias-2022-aterriza-en-rapa-nui\/#primaryimage\"},\"thumbnailUrl\":\"https:\/\/explora.cl\/valparaiso\/wp-content\/uploads\/sites\/7\/2022\/10\/DSC_2044.jpg\",\"articleSection\":[\"Noticias\"],\"inLanguage\":\"es-CL\",\"potentialAction\":[{\"@type\":\"CommentAction\",\"name\":\"Comment\",\"target\":[\"https:\/\/explora.cl\/valparaiso\/despues-de-viajar-por-todo-el-territorio-el-festival-de-las-ciencias-2022-aterriza-en-rapa-nui\/#respond\"]}]},{\"@type\":\"WebPage\",\"@id\":\"https:\/\/explora.cl\/valparaiso\/despues-de-viajar-por-todo-el-territorio-el-festival-de-las-ciencias-2022-aterriza-en-rapa-nui\/\",\"url\":\"https:\/\/explora.cl\/valparaiso\/despues-de-viajar-por-todo-el-territorio-el-festival-de-las-ciencias-2022-aterriza-en-rapa-nui\/\",\"name\":\"Despu\u00e9s de viajar por todo el territorio, el Festival de las Ciencias 2022 aterriza en Rapa Nui - Valpara\u00edso\",\"isPartOf\":{\"@id\":\"https:\/\/explora.cl\/valparaiso\/#website\"},\"primaryImageOfPage\":{\"@id\":\"https:\/\/explora.cl\/valparaiso\/despues-de-viajar-por-todo-el-territorio-el-festival-de-las-ciencias-2022-aterriza-en-rapa-nui\/#primaryimage\"},\"image\":{\"@id\":\"https:\/\/explora.cl\/valparaiso\/despues-de-viajar-por-todo-el-territorio-el-festival-de-las-ciencias-2022-aterriza-en-rapa-nui\/#primaryimage\"},\"thumbnailUrl\":\"https:\/\/explora.cl\/valparaiso\/wp-content\/uploads\/sites\/7\/2022\/10\/DSC_2044.jpg\",\"datePublished\":\"2022-10-28T18:49:59+00:00\",\"dateModified\":\"2022-11-10T14:54:44+00:00\",\"breadcrumb\":{\"@id\":\"https:\/\/explora.cl\/valparaiso\/despues-de-viajar-por-todo-el-territorio-el-festival-de-las-ciencias-2022-aterriza-en-rapa-nui\/#breadcrumb\"},\"inLanguage\":\"es-CL\",\"potentialAction\":[{\"@type\":\"ReadAction\",\"target\":[\"https:\/\/explora.cl\/valparaiso\/despues-de-viajar-por-todo-el-territorio-el-festival-de-las-ciencias-2022-aterriza-en-rapa-nui\/\"]}]},{\"@type\":\"ImageObject\",\"inLanguage\":\"es-CL\",\"@id\":\"https:\/\/explora.cl\/valparaiso\/despues-de-viajar-por-todo-el-territorio-el-festival-de-las-ciencias-2022-aterriza-en-rapa-nui\/#primaryimage\",\"url\":\"https:\/\/explora.cl\/valparaiso\/wp-content\/uploads\/sites\/7\/2022\/10\/DSC_2044.jpg\",\"contentUrl\":\"https:\/\/explora.cl\/valparaiso\/wp-content\/uploads\/sites\/7\/2022\/10\/DSC_2044.jpg\",\"width\":2048,\"height\":1356},{\"@type\":\"BreadcrumbList\",\"@id\":\"https:\/\/explora.cl\/valparaiso\/despues-de-viajar-por-todo-el-territorio-el-festival-de-las-ciencias-2022-aterriza-en-rapa-nui\/#breadcrumb\",\"itemListElement\":[{\"@type\":\"ListItem\",\"position\":1,\"name\":\"Portada\",\"item\":\"https:\/\/explora.cl\/valparaiso\/\"},{\"@type\":\"ListItem\",\"position\":2,\"name\":\"Despu\u00e9s de viajar por todo el territorio, el Festival de las Ciencias 2022 aterriza en Rapa Nui\"}]},{\"@type\":\"WebSite\",\"@id\":\"https:\/\/explora.cl\/valparaiso\/#website\",\"url\":\"https:\/\/explora.cl\/valparaiso\/\",\"name\":\"Valpara\u00edso\",\"description\":\"Otro sitio m\u00e1s de explora.cl\",\"publisher\":{\"@id\":\"https:\/\/explora.cl\/valparaiso\/#organization\"},\"potentialAction\":[{\"@type\":\"SearchAction\",\"target\":{\"@type\":\"EntryPoint\",\"urlTemplate\":\"https:\/\/explora.cl\/valparaiso\/?s={search_term_string}\"},\"query-input\":{\"@type\":\"PropertyValueSpecification\",\"valueRequired\":true,\"valueName\":\"search_term_string\"}}],\"inLanguage\":\"es-CL\"},{\"@type\":\"Organization\",\"@id\":\"https:\/\/explora.cl\/valparaiso\/#organization\",\"name\":\"Valpara\u00edso\",\"url\":\"https:\/\/explora.cl\/valparaiso\/\",\"logo\":{\"@type\":\"ImageObject\",\"inLanguage\":\"es-CL\",\"@id\":\"https:\/\/explora.cl\/valparaiso\/#\/schema\/logo\/image\/\",\"url\":\"https:\/\/explora.cl\/valparaiso\/wp-content\/uploads\/sites\/7\/2019\/06\/cropped-logo-explora-color.jpg\",\"contentUrl\":\"https:\/\/explora.cl\/valparaiso\/wp-content\/uploads\/sites\/7\/2019\/06\/cropped-logo-explora-color.jpg\",\"width\":2035,\"height\":584,\"caption\":\"Valpara\u00edso\"},\"image\":{\"@id\":\"https:\/\/explora.cl\/valparaiso\/#\/schema\/logo\/image\/\"}},{\"@type\":\"Person\",\"@id\":\"https:\/\/explora.cl\/valparaiso\/#\/schema\/person\/c15e69495b8dbe0af0102f6bca43ba5d\",\"name\":\"jcastaneda\",\"image\":{\"@type\":\"ImageObject\",\"inLanguage\":\"es-CL\",\"@id\":\"https:\/\/explora.cl\/valparaiso\/#\/schema\/person\/image\/\",\"url\":\"https:\/\/secure.gravatar.com\/avatar\/f26661a8eef2f6444d9633928ef0219fd69e41c5be1ef5ef16afeee7cd4df675?s=96&d=mm&r=g\",\"contentUrl\":\"https:\/\/secure.gravatar.com\/avatar\/f26661a8eef2f6444d9633928ef0219fd69e41c5be1ef5ef16afeee7cd4df675?s=96&d=mm&r=g\",\"caption\":\"jcastaneda\"},\"url\":\"https:\/\/explora.cl\/valparaiso\/author\/jcastaneda\/\"}]}<\/script>\n<!-- \/ Yoast SEO plugin. -->","yoast_head_json":{"title":"Despu\u00e9s de viajar por todo el territorio, el Festival de las Ciencias 2022 aterriza en Rapa Nui - Valpara\u00edso","robots":{"index":"index","follow":"follow","max-snippet":"max-snippet:-1","max-image-preview":"max-image-preview:large","max-video-preview":"max-video-preview:-1"},"canonical":"https:\/\/explora.cl\/valparaiso\/despues-de-viajar-por-todo-el-territorio-el-festival-de-las-ciencias-2022-aterriza-en-rapa-nui\/","og_locale":"es_ES","og_type":"article","og_title":"Despu\u00e9s de viajar por todo el territorio, el Festival de las Ciencias 2022 aterriza en Rapa Nui - Valpara\u00edso","og_description":"Con m\u00e1s de 20.000 asistentes la Regi\u00f3n de Valpara\u00edso festej\u00f3 con todos y todas la importancia de las ciencias, la tecnolog\u00eda, el conocimiento y la innovaci\u00f3n durante la celebraci\u00f3n de FECI 2022","og_url":"https:\/\/explora.cl\/valparaiso\/despues-de-viajar-por-todo-el-territorio-el-festival-de-las-ciencias-2022-aterriza-en-rapa-nui\/","og_site_name":"Valpara\u00edso","article_published_time":"2022-10-28T18:49:59+00:00","article_modified_time":"2022-11-10T14:54:44+00:00","og_image":[{"width":2048,"height":1356,"url":"https:\/\/explora.cl\/valparaiso\/wp-content\/uploads\/sites\/7\/2022\/10\/DSC_2044.jpg","type":"image\/jpeg"}],"author":"jcastaneda","twitter_card":"summary_large_image","twitter_misc":{"Escrito por":"jcastaneda","Tiempo estimado de lectura":"5 minutos"},"schema":{"@context":"https:\/\/schema.org","@graph":[{"@type":"Article","@id":"https:\/\/explora.cl\/valparaiso\/despues-de-viajar-por-todo-el-territorio-el-festival-de-las-ciencias-2022-aterriza-en-rapa-nui\/#article","isPartOf":{"@id":"https:\/\/explora.cl\/valparaiso\/despues-de-viajar-por-todo-el-territorio-el-festival-de-las-ciencias-2022-aterriza-en-rapa-nui\/"},"author":{"name":"jcastaneda","@id":"https:\/\/explora.cl\/valparaiso\/#\/schema\/person\/c15e69495b8dbe0af0102f6bca43ba5d"},"headline":"Despu\u00e9s de viajar por todo el territorio, el Festival de las Ciencias 2022 aterriza en Rapa Nui","datePublished":"2022-10-28T18:49:59+00:00","dateModified":"2022-11-10T14:54:44+00:00","mainEntityOfPage":{"@id":"https:\/\/explora.cl\/valparaiso\/despues-de-viajar-por-todo-el-territorio-el-festival-de-las-ciencias-2022-aterriza-en-rapa-nui\/"},"wordCount":1045,"commentCount":0,"publisher":{"@id":"https:\/\/explora.cl\/valparaiso\/#organization"},"image":{"@id":"https:\/\/explora.cl\/valparaiso\/despues-de-viajar-por-todo-el-territorio-el-festival-de-las-ciencias-2022-aterriza-en-rapa-nui\/#primaryimage"},"thumbnailUrl":"https:\/\/explora.cl\/valparaiso\/wp-content\/uploads\/sites\/7\/2022\/10\/DSC_2044.jpg","articleSection":["Noticias"],"inLanguage":"es-CL","potentialAction":[{"@type":"CommentAction","name":"Comment","target":["https:\/\/explora.cl\/valparaiso\/despues-de-viajar-por-todo-el-territorio-el-festival-de-las-ciencias-2022-aterriza-en-rapa-nui\/#respond"]}]},{"@type":"WebPage","@id":"https:\/\/explora.cl\/valparaiso\/despues-de-viajar-por-todo-el-territorio-el-festival-de-las-ciencias-2022-aterriza-en-rapa-nui\/","url":"https:\/\/explora.cl\/valparaiso\/despues-de-viajar-por-todo-el-territorio-el-festival-de-las-ciencias-2022-aterriza-en-rapa-nui\/","name":"Despu\u00e9s de viajar por todo el territorio, el Festival de las Ciencias 2022 aterriza en Rapa Nui - Valpara\u00edso","isPartOf":{"@id":"https:\/\/explora.cl\/valparaiso\/#website"},"primaryImageOfPage":{"@id":"https:\/\/explora.cl\/valparaiso\/despues-de-viajar-por-todo-el-territorio-el-festival-de-las-ciencias-2022-aterriza-en-rapa-nui\/#primaryimage"},"image":{"@id":"https:\/\/explora.cl\/valparaiso\/despues-de-viajar-por-todo-el-territorio-el-festival-de-las-ciencias-2022-aterriza-en-rapa-nui\/#primaryimage"},"thumbnailUrl":"https:\/\/explora.cl\/valparaiso\/wp-content\/uploads\/sites\/7\/2022\/10\/DSC_2044.jpg","datePublished":"2022-10-28T18:49:59+00:00","dateModified":"2022-11-10T14:54:44+00:00","breadcrumb":{"@id":"https:\/\/explora.cl\/valparaiso\/despues-de-viajar-por-todo-el-territorio-el-festival-de-las-ciencias-2022-aterriza-en-rapa-nui\/#breadcrumb"},"inLanguage":"es-CL","potentialAction":[{"@type":"ReadAction","target":["https:\/\/explora.cl\/valparaiso\/despues-de-viajar-por-todo-el-territorio-el-festival-de-las-ciencias-2022-aterriza-en-rapa-nui\/"]}]},{"@type":"ImageObject","inLanguage":"es-CL","@id":"https:\/\/explora.cl\/valparaiso\/despues-de-viajar-por-todo-el-territorio-el-festival-de-las-ciencias-2022-aterriza-en-rapa-nui\/#primaryimage","url":"https:\/\/explora.cl\/valparaiso\/wp-content\/uploads\/sites\/7\/2022\/10\/DSC_2044.jpg","contentUrl":"https:\/\/explora.cl\/valparaiso\/wp-content\/uploads\/sites\/7\/2022\/10\/DSC_2044.jpg","width":2048,"height":1356},{"@type":"BreadcrumbList","@id":"https:\/\/explora.cl\/valparaiso\/despues-de-viajar-por-todo-el-territorio-el-festival-de-las-ciencias-2022-aterriza-en-rapa-nui\/#breadcrumb","itemListElement":[{"@type":"ListItem","position":1,"name":"Portada","item":"https:\/\/explora.cl\/valparaiso\/"},{"@type":"ListItem","position":2,"name":"Despu\u00e9s de viajar por todo el territorio, el Festival de las Ciencias 2022 aterriza en Rapa Nui"}]},{"@type":"WebSite","@id":"https:\/\/explora.cl\/valparaiso\/#website","url":"https:\/\/explora.cl\/valparaiso\/","name":"Valpara\u00edso","description":"Otro sitio m\u00e1s de explora.cl","publisher":{"@id":"https:\/\/explora.cl\/valparaiso\/#organization"},"potentialAction":[{"@type":"SearchAction","target":{"@type":"EntryPoint","urlTemplate":"https:\/\/explora.cl\/valparaiso\/?s={search_term_string}"},"query-input":{"@type":"PropertyValueSpecification","valueRequired":true,"valueName":"search_term_string"}}],"inLanguage":"es-CL"},{"@type":"Organization","@id":"https:\/\/explora.cl\/valparaiso\/#organization","name":"Valpara\u00edso","url":"https:\/\/explora.cl\/valparaiso\/","logo":{"@type":"ImageObject","inLanguage":"es-CL","@id":"https:\/\/explora.cl\/valparaiso\/#\/schema\/logo\/image\/","url":"https:\/\/explora.cl\/valparaiso\/wp-content\/uploads\/sites\/7\/2019\/06\/cropped-logo-explora-color.jpg","contentUrl":"https:\/\/explora.cl\/valparaiso\/wp-content\/uploads\/sites\/7\/2019\/06\/cropped-logo-explora-color.jpg","width":2035,"height":584,"caption":"Valpara\u00edso"},"image":{"@id":"https:\/\/explora.cl\/valparaiso\/#\/schema\/logo\/image\/"}},{"@type":"Person","@id":"https:\/\/explora.cl\/valparaiso\/#\/schema\/person\/c15e69495b8dbe0af0102f6bca43ba5d","name":"jcastaneda","image":{"@type":"ImageObject","inLanguage":"es-CL","@id":"https:\/\/explora.cl\/valparaiso\/#\/schema\/person\/image\/","url":"https:\/\/secure.gravatar.com\/avatar\/f26661a8eef2f6444d9633928ef0219fd69e41c5be1ef5ef16afeee7cd4df675?s=96&d=mm&r=g","contentUrl":"https:\/\/secure.gravatar.com\/avatar\/f26661a8eef2f6444d9633928ef0219fd69e41c5be1ef5ef16afeee7cd4df675?s=96&d=mm&r=g","caption":"jcastaneda"},"url":"https:\/\/explora.cl\/valparaiso\/author\/jcastaneda\/"}]}},"_links":{"self":[{"href":"https:\/\/explora.cl\/valparaiso\/wp-json\/wp\/v2\/posts\/43036","targetHints":{"allow":["GET"]}}],"collection":[{"href":"https:\/\/explora.cl\/valparaiso\/wp-json\/wp\/v2\/posts"}],"about":[{"href":"https:\/\/explora.cl\/valparaiso\/wp-json\/wp\/v2\/types\/post"}],"author":[{"embeddable":true,"href":"https:\/\/explora.cl\/valparaiso\/wp-json\/wp\/v2\/users\/22"}],"replies":[{"embeddable":true,"href":"https:\/\/explora.cl\/valparaiso\/wp-json\/wp\/v2\/comments?post=43036"}],"version-history":[{"count":3,"href":"https:\/\/explora.cl\/valparaiso\/wp-json\/wp\/v2\/posts\/43036\/revisions"}],"predecessor-version":[{"id":43041,"href":"https:\/\/explora.cl\/valparaiso\/wp-json\/wp\/v2\/posts\/43036\/revisions\/43041"}],"wp:featuredmedia":[{"embeddable":true,"href":"https:\/\/explora.cl\/valparaiso\/wp-json\/wp\/v2\/media\/43037"}],"wp:attachment":[{"href":"https:\/\/explora.cl\/valparaiso\/wp-json\/wp\/v2\/media?parent=43036"}],"wp:term":[{"taxonomy":"category","embeddable":true,"href":"https:\/\/explora.cl\/valparaiso\/wp-json\/wp\/v2\/categories?post=43036"},{"taxonomy":"post_tag","embeddable":true,"href":"https:\/\/explora.cl\/valparaiso\/wp-json\/wp\/v2\/tags?post=43036"}],"curies":[{"name":"wp","href":"https:\/\/api.w.org\/{rel}","templated":true}]}}