{"id":43014,"date":"2022-10-27T10:15:13","date_gmt":"2022-10-27T13:15:13","guid":{"rendered":"https:\/\/explora.cl\/valparaiso\/?p=43014"},"modified":"2022-11-10T11:53:08","modified_gmt":"2022-11-10T14:53:08","slug":"mas-de-500-ninas-ninos-y-jovenes-investigadores-se-reunieron-en-la-region-de-valparaiso","status":"publish","type":"post","link":"https:\/\/explora.cl\/valparaiso\/mas-de-500-ninas-ninos-y-jovenes-investigadores-se-reunieron-en-la-region-de-valparaiso\/","title":{"rendered":"\u00a1M\u00e1s de 500 ni\u00f1as, ni\u00f1os y j\u00f3venes investigadores se reunieron en la Regi\u00f3n de Valpara\u00edso!"},"content":{"rendered":"<p><i><span style=\"font-weight: 400\">Con masiva participaci\u00f3n, estudiantes socializaron sus proyectos de Investigaci\u00f3n e Innovaci\u00f3n Escolar este 26 de octubre en el Campus Curauma de la PUCV, en un evento abierto al p\u00fablico<\/span><\/i><\/p>\n<p><!--more--><\/p>\n<p><span style=\"font-weight: 400\">Luego de dos a\u00f1os en virtualidad, se encontraron m\u00e1s de 500 ni\u00f1as, ni\u00f1os y j\u00f3venes provenientes de toda la regi\u00f3n de Valpara\u00edso y que durante el a\u00f1o han vivido la aventura de ser protagonistas de sus aprendizajes a trav\u00e9s de la investigaci\u00f3n e innovaci\u00f3n cient\u00edfica. Casi un centenar de proyectos fueron presentados en el encuentro \u201cHora de comunicar\u201d, compartiendo con otras y otros en el marco de las Academias Explora 2022, en un evento masivo realizado en el campus Curauma, siendo acogidos por la Facultad de Ciencias de la PUCV.<a href=\"https:\/\/explora.cl\/valparaiso\/mas-de-500-ninas-ninos-y-jovenes-investigadores-se-reunieron-en-la-region-de-valparaiso\/dsc_2289\/\" rel=\"attachment wp-att-43016\"><img fetchpriority=\"high\" decoding=\"async\" class=\"wp-image-43016 alignleft\" src=\"https:\/\/explora.cl\/valparaiso\/wp-content\/uploads\/sites\/7\/2022\/10\/DSC_2289-1024x678.jpg\" alt=\"\" width=\"491\" height=\"325\" srcset=\"https:\/\/explora.cl\/valparaiso\/wp-content\/uploads\/sites\/7\/2022\/10\/DSC_2289-1024x678.jpg 1024w, https:\/\/explora.cl\/valparaiso\/wp-content\/uploads\/sites\/7\/2022\/10\/DSC_2289-300x199.jpg 300w, https:\/\/explora.cl\/valparaiso\/wp-content\/uploads\/sites\/7\/2022\/10\/DSC_2289-768x509.jpg 768w, https:\/\/explora.cl\/valparaiso\/wp-content\/uploads\/sites\/7\/2022\/10\/DSC_2289.jpg 2048w\" sizes=\"(max-width: 491px) 100vw, 491px\" \/><\/a><\/span><\/p>\n<p><span style=\"font-weight: 400\">\u201cHora de Comunicar\u201d, fue la instancia donde las y los estudiantes socializaron a la comunidad y a sus pares, los aprendizajes adquiridos de los procesos experimentados durante el a\u00f1o 2022, compartiendo sus experiencias y resultados, fortaleciendo sus competencias para la vida as\u00ed como de los saberes cient\u00edficos. Medioambiente, salud mental, g\u00e9nero, agua, patrimonio, microbiolog\u00eda o astronom\u00eda son algunos de los temas que han sido abordados desde la l\u00f3gica cient\u00edfica por los equipos de estudiantes de las Academias Explora.<\/span><\/p>\n<p><span style=\"font-weight: 400\">Adem\u00e1s del p\u00fablico asistente, destac\u00f3 la presencia de cient\u00edficas y cient\u00edficos, as\u00ed como de diversas autoridades, entre ellas la Seremi de Educaci\u00f3n, Romina Maraga\u00f1o Schmidt y la Seremi de la Mujer y Equidad de G\u00e9nero, Camila Lazo Molina, <\/span><span style=\"font-weight: 400\">quienes disfrutaron de las diversas exposiciones que se presentaron en las diversas ferias.<\/span><\/p>\n<p><span style=\"font-weight: 400\">Respecto de la instancia, Mabel Keller, Directora de Explora Valpara\u00edso indica &#8220;El encuentro \u201cHora de comunicar\u201d invita a las Academias Explora a compartir los aprendizajes de un trabajo sistem\u00e1tico y colaborativo realizado con las comunidades escolares, investigadoras e investigadores provenientes de las universidades de la regi\u00f3n y nuestro equipo de Vinculaci\u00f3n Escolar de Explora Valpara\u00edso. Tan relevante como aquellas competencias que los y las estudiantes han fortalecido durante el proceso, tambi\u00e9n es importante reconocer el compromiso, inter\u00e9s, de padres y apoderados, as\u00ed como de los equipos directivos de sus establecimientos, quienes contribuyen efectivamente a que este tipo de asociaciones entre escuela, universidades y divulgadores se transformen en acciones concretas en beneficio de los y las estudiantes<\/span><span style=\"font-weight: 400\">\u201d.<\/span><\/p>\n<p><span style=\"font-weight: 400\">\u201cDesde el a\u00f1o 2014, Explora Valpara\u00edso ha venido trabajando en pos de apoyar la institucionalizaci\u00f3n en los establecimientos educacionales, a trav\u00e9s de instrumentos propios del sistema escolar, en la forma de propiciar los espacios que contribuyan a la generaci\u00f3n de pensamiento cr\u00edtico desde la investigaci\u00f3n hecha desde la escuela, entendi\u00e9ndola como integradora de procesos interdisciplinarios de aprendizajes. En ese sentido, resaltar el compromiso durante los a\u00f1os 2020 y 2021, a\u00f1os en los que la pandemia por COVID 19 oblig\u00f3 a las escuelas y liceos a transformarse y per\u00edodo en el cual las Academias, de inter\u00e9s de sus integrantes, continuaron trabajando e investigando desde casa con el apoyo de cient\u00edficos y cient\u00edficas profesionales. Eso nos pone muy felices y nos insta a persistir en la mejora e invitar a m\u00e1s establecimientos que adhieran a una visi\u00f3n de que la cultura cient\u00edfica es importante para todos los integrantes de una comunidad, que nos ayuda a tener una mejor convivencia, m\u00e1s inclusiva y democr\u00e1tica y nos plantea tomar decisiones comunes de manera informada por las ciencias\u201d.<a href=\"https:\/\/explora.cl\/valparaiso\/mas-de-500-ninas-ninos-y-jovenes-investigadores-se-reunieron-en-la-region-de-valparaiso\/dsc_2297\/\" rel=\"attachment wp-att-43018\"><img decoding=\"async\" class=\"wp-image-43018 alignright\" src=\"https:\/\/explora.cl\/valparaiso\/wp-content\/uploads\/sites\/7\/2022\/10\/DSC_2297-1024x678.jpg\" alt=\"\" width=\"328\" height=\"217\" srcset=\"https:\/\/explora.cl\/valparaiso\/wp-content\/uploads\/sites\/7\/2022\/10\/DSC_2297-1024x678.jpg 1024w, https:\/\/explora.cl\/valparaiso\/wp-content\/uploads\/sites\/7\/2022\/10\/DSC_2297-300x199.jpg 300w, https:\/\/explora.cl\/valparaiso\/wp-content\/uploads\/sites\/7\/2022\/10\/DSC_2297-768x509.jpg 768w, https:\/\/explora.cl\/valparaiso\/wp-content\/uploads\/sites\/7\/2022\/10\/DSC_2297.jpg 2048w\" sizes=\"(max-width: 328px) 100vw, 328px\" \/><\/a><\/span><\/p>\n<p><span style=\"font-weight: 400\">Por \u00faltimo, es importante destacar que este momento de socializaci\u00f3n viene a comunicar el resultado y procesos desarrollados al interior de las Academias Explora de Investigaci\u00f3n e Innovaci\u00f3n Escolar, las que se desarrollan como espacios anuales de trabajo colaborativo al interior de los establecimientos educacionales, donde equipos de estudiantes de Educaci\u00f3n B\u00e1sica y Media, fortalecen sus competencias transversales o para la vida, as\u00ed como aquellas competencias propias del quehacer cient\u00edfico. Durante los procesos que se desarrollan durante todo el a\u00f1o escolar, las y los estudiantes interact\u00faan con otros grupos escolares y la comunidad cient\u00edfica. Aqu\u00ed, el trabajo est\u00e1 a cargo de\u00a0 un\/a docente gu\u00eda y cuenta con el apoyo de su comunidad educativa, de Explora Valpara\u00edso y de los cient\u00edficos y cient\u00edficas con compromiso con las ciencias y la innovaci\u00f3n escolar de la Regi\u00f3n de Valpara\u00edso.<\/span><\/p>\n","protected":false},"excerpt":{"rendered":"<p>Con masiva participaci\u00f3n, estudiantes socializaron sus proyectos de Investigaci\u00f3n e Innovaci\u00f3n Escolar este 26 de octubre en el Campus Curauma de la PUCV, en un evento abierto al p\u00fablico<\/p>\n","protected":false},"author":22,"featured_media":43015,"comment_status":"open","ping_status":"open","sticky":false,"template":"","format":"standard","meta":{"_acf_changed":false,"_exactmetrics_skip_tracking":false,"_exactmetrics_sitenote_active":false,"_exactmetrics_sitenote_note":"","_exactmetrics_sitenote_category":0,"footnotes":"","_links_to":"","_links_to_target":""},"categories":[143,4],"tags":[],"class_list":["post-43014","post","type-post","status-publish","format-standard","has-post-thumbnail","hentry","category-lugar-8","category-noticias"],"acf":[],"yoast_head":"<!-- This site is optimized with the Yoast SEO plugin v26.9 - https:\/\/yoast.com\/product\/yoast-seo-wordpress\/ -->\n<title>\u00a1M\u00e1s de 500 ni\u00f1as, ni\u00f1os y j\u00f3venes investigadores se reunieron en la Regi\u00f3n de Valpara\u00edso! - Valpara\u00edso<\/title>\n<meta name=\"robots\" content=\"index, follow, max-snippet:-1, max-image-preview:large, max-video-preview:-1\" \/>\n<link rel=\"canonical\" href=\"https:\/\/explora.cl\/valparaiso\/mas-de-500-ninas-ninos-y-jovenes-investigadores-se-reunieron-en-la-region-de-valparaiso\/\" class=\"yoast-seo-meta-tag\" \/>\n<meta property=\"og:locale\" content=\"es_ES\" class=\"yoast-seo-meta-tag\" \/>\n<meta property=\"og:type\" content=\"article\" class=\"yoast-seo-meta-tag\" \/>\n<meta property=\"og:title\" content=\"\u00a1M\u00e1s de 500 ni\u00f1as, ni\u00f1os y j\u00f3venes investigadores se reunieron en la Regi\u00f3n de Valpara\u00edso! - Valpara\u00edso\" class=\"yoast-seo-meta-tag\" \/>\n<meta property=\"og:description\" content=\"Con masiva participaci\u00f3n, estudiantes socializaron sus proyectos de Investigaci\u00f3n e Innovaci\u00f3n Escolar este 26 de octubre en el Campus Curauma de la PUCV, en un evento abierto al p\u00fablico\" class=\"yoast-seo-meta-tag\" \/>\n<meta property=\"og:url\" content=\"https:\/\/explora.cl\/valparaiso\/mas-de-500-ninas-ninos-y-jovenes-investigadores-se-reunieron-en-la-region-de-valparaiso\/\" class=\"yoast-seo-meta-tag\" \/>\n<meta property=\"og:site_name\" content=\"Valpara\u00edso\" class=\"yoast-seo-meta-tag\" \/>\n<meta property=\"article:published_time\" content=\"2022-10-27T13:15:13+00:00\" class=\"yoast-seo-meta-tag\" \/>\n<meta property=\"article:modified_time\" content=\"2022-11-10T14:53:08+00:00\" class=\"yoast-seo-meta-tag\" \/>\n<meta property=\"og:image\" content=\"https:\/\/explora.cl\/valparaiso\/wp-content\/uploads\/sites\/7\/2022\/10\/DSC_2269.jpg\" class=\"yoast-seo-meta-tag\" \/>\n\t<meta property=\"og:image:width\" content=\"2048\" class=\"yoast-seo-meta-tag\" \/>\n\t<meta property=\"og:image:height\" content=\"1356\" class=\"yoast-seo-meta-tag\" \/>\n\t<meta property=\"og:image:type\" content=\"image\/jpeg\" class=\"yoast-seo-meta-tag\" \/>\n<meta name=\"author\" content=\"jcastaneda\" class=\"yoast-seo-meta-tag\" \/>\n<meta name=\"twitter:card\" content=\"summary_large_image\" class=\"yoast-seo-meta-tag\" \/>\n<meta name=\"twitter:label1\" content=\"Escrito por\" class=\"yoast-seo-meta-tag\" \/>\n\t<meta name=\"twitter:data1\" content=\"jcastaneda\" class=\"yoast-seo-meta-tag\" \/>\n\t<meta name=\"twitter:label2\" content=\"Tiempo estimado de lectura\" class=\"yoast-seo-meta-tag\" \/>\n\t<meta name=\"twitter:data2\" content=\"4 minutos\" class=\"yoast-seo-meta-tag\" \/>\n<script type=\"application\/ld+json\" class=\"yoast-schema-graph\">{\"@context\":\"https:\/\/schema.org\",\"@graph\":[{\"@type\":\"Article\",\"@id\":\"https:\/\/explora.cl\/valparaiso\/mas-de-500-ninas-ninos-y-jovenes-investigadores-se-reunieron-en-la-region-de-valparaiso\/#article\",\"isPartOf\":{\"@id\":\"https:\/\/explora.cl\/valparaiso\/mas-de-500-ninas-ninos-y-jovenes-investigadores-se-reunieron-en-la-region-de-valparaiso\/\"},\"author\":{\"name\":\"jcastaneda\",\"@id\":\"https:\/\/explora.cl\/valparaiso\/#\/schema\/person\/c15e69495b8dbe0af0102f6bca43ba5d\"},\"headline\":\"\u00a1M\u00e1s de 500 ni\u00f1as, ni\u00f1os y j\u00f3venes investigadores se reunieron en la Regi\u00f3n de Valpara\u00edso!\",\"datePublished\":\"2022-10-27T13:15:13+00:00\",\"dateModified\":\"2022-11-10T14:53:08+00:00\",\"mainEntityOfPage\":{\"@id\":\"https:\/\/explora.cl\/valparaiso\/mas-de-500-ninas-ninos-y-jovenes-investigadores-se-reunieron-en-la-region-de-valparaiso\/\"},\"wordCount\":758,\"commentCount\":0,\"publisher\":{\"@id\":\"https:\/\/explora.cl\/valparaiso\/#organization\"},\"image\":{\"@id\":\"https:\/\/explora.cl\/valparaiso\/mas-de-500-ninas-ninos-y-jovenes-investigadores-se-reunieron-en-la-region-de-valparaiso\/#primaryimage\"},\"thumbnailUrl\":\"https:\/\/explora.cl\/valparaiso\/wp-content\/uploads\/sites\/7\/2022\/10\/DSC_2269.jpg\",\"articleSection\":[\"Lugar 8\",\"Noticias\"],\"inLanguage\":\"es-CL\",\"potentialAction\":[{\"@type\":\"CommentAction\",\"name\":\"Comment\",\"target\":[\"https:\/\/explora.cl\/valparaiso\/mas-de-500-ninas-ninos-y-jovenes-investigadores-se-reunieron-en-la-region-de-valparaiso\/#respond\"]}]},{\"@type\":\"WebPage\",\"@id\":\"https:\/\/explora.cl\/valparaiso\/mas-de-500-ninas-ninos-y-jovenes-investigadores-se-reunieron-en-la-region-de-valparaiso\/\",\"url\":\"https:\/\/explora.cl\/valparaiso\/mas-de-500-ninas-ninos-y-jovenes-investigadores-se-reunieron-en-la-region-de-valparaiso\/\",\"name\":\"\u00a1M\u00e1s de 500 ni\u00f1as, ni\u00f1os y j\u00f3venes investigadores se reunieron en la Regi\u00f3n de Valpara\u00edso! - Valpara\u00edso\",\"isPartOf\":{\"@id\":\"https:\/\/explora.cl\/valparaiso\/#website\"},\"primaryImageOfPage\":{\"@id\":\"https:\/\/explora.cl\/valparaiso\/mas-de-500-ninas-ninos-y-jovenes-investigadores-se-reunieron-en-la-region-de-valparaiso\/#primaryimage\"},\"image\":{\"@id\":\"https:\/\/explora.cl\/valparaiso\/mas-de-500-ninas-ninos-y-jovenes-investigadores-se-reunieron-en-la-region-de-valparaiso\/#primaryimage\"},\"thumbnailUrl\":\"https:\/\/explora.cl\/valparaiso\/wp-content\/uploads\/sites\/7\/2022\/10\/DSC_2269.jpg\",\"datePublished\":\"2022-10-27T13:15:13+00:00\",\"dateModified\":\"2022-11-10T14:53:08+00:00\",\"breadcrumb\":{\"@id\":\"https:\/\/explora.cl\/valparaiso\/mas-de-500-ninas-ninos-y-jovenes-investigadores-se-reunieron-en-la-region-de-valparaiso\/#breadcrumb\"},\"inLanguage\":\"es-CL\",\"potentialAction\":[{\"@type\":\"ReadAction\",\"target\":[\"https:\/\/explora.cl\/valparaiso\/mas-de-500-ninas-ninos-y-jovenes-investigadores-se-reunieron-en-la-region-de-valparaiso\/\"]}]},{\"@type\":\"ImageObject\",\"inLanguage\":\"es-CL\",\"@id\":\"https:\/\/explora.cl\/valparaiso\/mas-de-500-ninas-ninos-y-jovenes-investigadores-se-reunieron-en-la-region-de-valparaiso\/#primaryimage\",\"url\":\"https:\/\/explora.cl\/valparaiso\/wp-content\/uploads\/sites\/7\/2022\/10\/DSC_2269.jpg\",\"contentUrl\":\"https:\/\/explora.cl\/valparaiso\/wp-content\/uploads\/sites\/7\/2022\/10\/DSC_2269.jpg\",\"width\":2048,\"height\":1356},{\"@type\":\"BreadcrumbList\",\"@id\":\"https:\/\/explora.cl\/valparaiso\/mas-de-500-ninas-ninos-y-jovenes-investigadores-se-reunieron-en-la-region-de-valparaiso\/#breadcrumb\",\"itemListElement\":[{\"@type\":\"ListItem\",\"position\":1,\"name\":\"Portada\",\"item\":\"https:\/\/explora.cl\/valparaiso\/\"},{\"@type\":\"ListItem\",\"position\":2,\"name\":\"\u00a1M\u00e1s de 500 ni\u00f1as, ni\u00f1os y j\u00f3venes investigadores se reunieron en la Regi\u00f3n de Valpara\u00edso!\"}]},{\"@type\":\"WebSite\",\"@id\":\"https:\/\/explora.cl\/valparaiso\/#website\",\"url\":\"https:\/\/explora.cl\/valparaiso\/\",\"name\":\"Valpara\u00edso\",\"description\":\"Otro sitio m\u00e1s de explora.cl\",\"publisher\":{\"@id\":\"https:\/\/explora.cl\/valparaiso\/#organization\"},\"potentialAction\":[{\"@type\":\"SearchAction\",\"target\":{\"@type\":\"EntryPoint\",\"urlTemplate\":\"https:\/\/explora.cl\/valparaiso\/?s={search_term_string}\"},\"query-input\":{\"@type\":\"PropertyValueSpecification\",\"valueRequired\":true,\"valueName\":\"search_term_string\"}}],\"inLanguage\":\"es-CL\"},{\"@type\":\"Organization\",\"@id\":\"https:\/\/explora.cl\/valparaiso\/#organization\",\"name\":\"Valpara\u00edso\",\"url\":\"https:\/\/explora.cl\/valparaiso\/\",\"logo\":{\"@type\":\"ImageObject\",\"inLanguage\":\"es-CL\",\"@id\":\"https:\/\/explora.cl\/valparaiso\/#\/schema\/logo\/image\/\",\"url\":\"https:\/\/explora.cl\/valparaiso\/wp-content\/uploads\/sites\/7\/2019\/06\/cropped-logo-explora-color.jpg\",\"contentUrl\":\"https:\/\/explora.cl\/valparaiso\/wp-content\/uploads\/sites\/7\/2019\/06\/cropped-logo-explora-color.jpg\",\"width\":2035,\"height\":584,\"caption\":\"Valpara\u00edso\"},\"image\":{\"@id\":\"https:\/\/explora.cl\/valparaiso\/#\/schema\/logo\/image\/\"}},{\"@type\":\"Person\",\"@id\":\"https:\/\/explora.cl\/valparaiso\/#\/schema\/person\/c15e69495b8dbe0af0102f6bca43ba5d\",\"name\":\"jcastaneda\",\"image\":{\"@type\":\"ImageObject\",\"inLanguage\":\"es-CL\",\"@id\":\"https:\/\/explora.cl\/valparaiso\/#\/schema\/person\/image\/\",\"url\":\"https:\/\/secure.gravatar.com\/avatar\/f26661a8eef2f6444d9633928ef0219fd69e41c5be1ef5ef16afeee7cd4df675?s=96&d=mm&r=g\",\"contentUrl\":\"https:\/\/secure.gravatar.com\/avatar\/f26661a8eef2f6444d9633928ef0219fd69e41c5be1ef5ef16afeee7cd4df675?s=96&d=mm&r=g\",\"caption\":\"jcastaneda\"},\"url\":\"https:\/\/explora.cl\/valparaiso\/author\/jcastaneda\/\"}]}<\/script>\n<!-- \/ Yoast SEO plugin. -->","yoast_head_json":{"title":"\u00a1M\u00e1s de 500 ni\u00f1as, ni\u00f1os y j\u00f3venes investigadores se reunieron en la Regi\u00f3n de Valpara\u00edso! - Valpara\u00edso","robots":{"index":"index","follow":"follow","max-snippet":"max-snippet:-1","max-image-preview":"max-image-preview:large","max-video-preview":"max-video-preview:-1"},"canonical":"https:\/\/explora.cl\/valparaiso\/mas-de-500-ninas-ninos-y-jovenes-investigadores-se-reunieron-en-la-region-de-valparaiso\/","og_locale":"es_ES","og_type":"article","og_title":"\u00a1M\u00e1s de 500 ni\u00f1as, ni\u00f1os y j\u00f3venes investigadores se reunieron en la Regi\u00f3n de Valpara\u00edso! - Valpara\u00edso","og_description":"Con masiva participaci\u00f3n, estudiantes socializaron sus proyectos de Investigaci\u00f3n e Innovaci\u00f3n Escolar este 26 de octubre en el Campus Curauma de la PUCV, en un evento abierto al p\u00fablico","og_url":"https:\/\/explora.cl\/valparaiso\/mas-de-500-ninas-ninos-y-jovenes-investigadores-se-reunieron-en-la-region-de-valparaiso\/","og_site_name":"Valpara\u00edso","article_published_time":"2022-10-27T13:15:13+00:00","article_modified_time":"2022-11-10T14:53:08+00:00","og_image":[{"width":2048,"height":1356,"url":"https:\/\/explora.cl\/valparaiso\/wp-content\/uploads\/sites\/7\/2022\/10\/DSC_2269.jpg","type":"image\/jpeg"}],"author":"jcastaneda","twitter_card":"summary_large_image","twitter_misc":{"Escrito por":"jcastaneda","Tiempo estimado de lectura":"4 minutos"},"schema":{"@context":"https:\/\/schema.org","@graph":[{"@type":"Article","@id":"https:\/\/explora.cl\/valparaiso\/mas-de-500-ninas-ninos-y-jovenes-investigadores-se-reunieron-en-la-region-de-valparaiso\/#article","isPartOf":{"@id":"https:\/\/explora.cl\/valparaiso\/mas-de-500-ninas-ninos-y-jovenes-investigadores-se-reunieron-en-la-region-de-valparaiso\/"},"author":{"name":"jcastaneda","@id":"https:\/\/explora.cl\/valparaiso\/#\/schema\/person\/c15e69495b8dbe0af0102f6bca43ba5d"},"headline":"\u00a1M\u00e1s de 500 ni\u00f1as, ni\u00f1os y j\u00f3venes investigadores se reunieron en la Regi\u00f3n de Valpara\u00edso!","datePublished":"2022-10-27T13:15:13+00:00","dateModified":"2022-11-10T14:53:08+00:00","mainEntityOfPage":{"@id":"https:\/\/explora.cl\/valparaiso\/mas-de-500-ninas-ninos-y-jovenes-investigadores-se-reunieron-en-la-region-de-valparaiso\/"},"wordCount":758,"commentCount":0,"publisher":{"@id":"https:\/\/explora.cl\/valparaiso\/#organization"},"image":{"@id":"https:\/\/explora.cl\/valparaiso\/mas-de-500-ninas-ninos-y-jovenes-investigadores-se-reunieron-en-la-region-de-valparaiso\/#primaryimage"},"thumbnailUrl":"https:\/\/explora.cl\/valparaiso\/wp-content\/uploads\/sites\/7\/2022\/10\/DSC_2269.jpg","articleSection":["Lugar 8","Noticias"],"inLanguage":"es-CL","potentialAction":[{"@type":"CommentAction","name":"Comment","target":["https:\/\/explora.cl\/valparaiso\/mas-de-500-ninas-ninos-y-jovenes-investigadores-se-reunieron-en-la-region-de-valparaiso\/#respond"]}]},{"@type":"WebPage","@id":"https:\/\/explora.cl\/valparaiso\/mas-de-500-ninas-ninos-y-jovenes-investigadores-se-reunieron-en-la-region-de-valparaiso\/","url":"https:\/\/explora.cl\/valparaiso\/mas-de-500-ninas-ninos-y-jovenes-investigadores-se-reunieron-en-la-region-de-valparaiso\/","name":"\u00a1M\u00e1s de 500 ni\u00f1as, ni\u00f1os y j\u00f3venes investigadores se reunieron en la Regi\u00f3n de Valpara\u00edso! - Valpara\u00edso","isPartOf":{"@id":"https:\/\/explora.cl\/valparaiso\/#website"},"primaryImageOfPage":{"@id":"https:\/\/explora.cl\/valparaiso\/mas-de-500-ninas-ninos-y-jovenes-investigadores-se-reunieron-en-la-region-de-valparaiso\/#primaryimage"},"image":{"@id":"https:\/\/explora.cl\/valparaiso\/mas-de-500-ninas-ninos-y-jovenes-investigadores-se-reunieron-en-la-region-de-valparaiso\/#primaryimage"},"thumbnailUrl":"https:\/\/explora.cl\/valparaiso\/wp-content\/uploads\/sites\/7\/2022\/10\/DSC_2269.jpg","datePublished":"2022-10-27T13:15:13+00:00","dateModified":"2022-11-10T14:53:08+00:00","breadcrumb":{"@id":"https:\/\/explora.cl\/valparaiso\/mas-de-500-ninas-ninos-y-jovenes-investigadores-se-reunieron-en-la-region-de-valparaiso\/#breadcrumb"},"inLanguage":"es-CL","potentialAction":[{"@type":"ReadAction","target":["https:\/\/explora.cl\/valparaiso\/mas-de-500-ninas-ninos-y-jovenes-investigadores-se-reunieron-en-la-region-de-valparaiso\/"]}]},{"@type":"ImageObject","inLanguage":"es-CL","@id":"https:\/\/explora.cl\/valparaiso\/mas-de-500-ninas-ninos-y-jovenes-investigadores-se-reunieron-en-la-region-de-valparaiso\/#primaryimage","url":"https:\/\/explora.cl\/valparaiso\/wp-content\/uploads\/sites\/7\/2022\/10\/DSC_2269.jpg","contentUrl":"https:\/\/explora.cl\/valparaiso\/wp-content\/uploads\/sites\/7\/2022\/10\/DSC_2269.jpg","width":2048,"height":1356},{"@type":"BreadcrumbList","@id":"https:\/\/explora.cl\/valparaiso\/mas-de-500-ninas-ninos-y-jovenes-investigadores-se-reunieron-en-la-region-de-valparaiso\/#breadcrumb","itemListElement":[{"@type":"ListItem","position":1,"name":"Portada","item":"https:\/\/explora.cl\/valparaiso\/"},{"@type":"ListItem","position":2,"name":"\u00a1M\u00e1s de 500 ni\u00f1as, ni\u00f1os y j\u00f3venes investigadores se reunieron en la Regi\u00f3n de Valpara\u00edso!"}]},{"@type":"WebSite","@id":"https:\/\/explora.cl\/valparaiso\/#website","url":"https:\/\/explora.cl\/valparaiso\/","name":"Valpara\u00edso","description":"Otro sitio m\u00e1s de explora.cl","publisher":{"@id":"https:\/\/explora.cl\/valparaiso\/#organization"},"potentialAction":[{"@type":"SearchAction","target":{"@type":"EntryPoint","urlTemplate":"https:\/\/explora.cl\/valparaiso\/?s={search_term_string}"},"query-input":{"@type":"PropertyValueSpecification","valueRequired":true,"valueName":"search_term_string"}}],"inLanguage":"es-CL"},{"@type":"Organization","@id":"https:\/\/explora.cl\/valparaiso\/#organization","name":"Valpara\u00edso","url":"https:\/\/explora.cl\/valparaiso\/","logo":{"@type":"ImageObject","inLanguage":"es-CL","@id":"https:\/\/explora.cl\/valparaiso\/#\/schema\/logo\/image\/","url":"https:\/\/explora.cl\/valparaiso\/wp-content\/uploads\/sites\/7\/2019\/06\/cropped-logo-explora-color.jpg","contentUrl":"https:\/\/explora.cl\/valparaiso\/wp-content\/uploads\/sites\/7\/2019\/06\/cropped-logo-explora-color.jpg","width":2035,"height":584,"caption":"Valpara\u00edso"},"image":{"@id":"https:\/\/explora.cl\/valparaiso\/#\/schema\/logo\/image\/"}},{"@type":"Person","@id":"https:\/\/explora.cl\/valparaiso\/#\/schema\/person\/c15e69495b8dbe0af0102f6bca43ba5d","name":"jcastaneda","image":{"@type":"ImageObject","inLanguage":"es-CL","@id":"https:\/\/explora.cl\/valparaiso\/#\/schema\/person\/image\/","url":"https:\/\/secure.gravatar.com\/avatar\/f26661a8eef2f6444d9633928ef0219fd69e41c5be1ef5ef16afeee7cd4df675?s=96&d=mm&r=g","contentUrl":"https:\/\/secure.gravatar.com\/avatar\/f26661a8eef2f6444d9633928ef0219fd69e41c5be1ef5ef16afeee7cd4df675?s=96&d=mm&r=g","caption":"jcastaneda"},"url":"https:\/\/explora.cl\/valparaiso\/author\/jcastaneda\/"}]}},"_links":{"self":[{"href":"https:\/\/explora.cl\/valparaiso\/wp-json\/wp\/v2\/posts\/43014","targetHints":{"allow":["GET"]}}],"collection":[{"href":"https:\/\/explora.cl\/valparaiso\/wp-json\/wp\/v2\/posts"}],"about":[{"href":"https:\/\/explora.cl\/valparaiso\/wp-json\/wp\/v2\/types\/post"}],"author":[{"embeddable":true,"href":"https:\/\/explora.cl\/valparaiso\/wp-json\/wp\/v2\/users\/22"}],"replies":[{"embeddable":true,"href":"https:\/\/explora.cl\/valparaiso\/wp-json\/wp\/v2\/comments?post=43014"}],"version-history":[{"count":8,"href":"https:\/\/explora.cl\/valparaiso\/wp-json\/wp\/v2\/posts\/43014\/revisions"}],"predecessor-version":[{"id":43026,"href":"https:\/\/explora.cl\/valparaiso\/wp-json\/wp\/v2\/posts\/43014\/revisions\/43026"}],"wp:featuredmedia":[{"embeddable":true,"href":"https:\/\/explora.cl\/valparaiso\/wp-json\/wp\/v2\/media\/43015"}],"wp:attachment":[{"href":"https:\/\/explora.cl\/valparaiso\/wp-json\/wp\/v2\/media?parent=43014"}],"wp:term":[{"taxonomy":"category","embeddable":true,"href":"https:\/\/explora.cl\/valparaiso\/wp-json\/wp\/v2\/categories?post=43014"},{"taxonomy":"post_tag","embeddable":true,"href":"https:\/\/explora.cl\/valparaiso\/wp-json\/wp\/v2\/tags?post=43014"}],"curies":[{"name":"wp","href":"https:\/\/api.w.org\/{rel}","templated":true}]}}