{"id":42471,"date":"2022-07-22T14:55:44","date_gmt":"2022-07-22T18:55:44","guid":{"rendered":"https:\/\/explora.cl\/valparaiso\/?p=42471"},"modified":"2022-08-22T16:20:28","modified_gmt":"2022-08-22T20:20:28","slug":"conoce-a-las-mujeres-destacadas-de-nuestra-tierra-durante-el-2021","status":"publish","type":"post","link":"https:\/\/explora.cl\/valparaiso\/conoce-a-las-mujeres-destacadas-de-nuestra-tierra-durante-el-2021\/","title":{"rendered":"\u00a1Conoce a las &#8220;Mujeres destacadas de nuestra tierra&#8221; 2021!"},"content":{"rendered":"<p><em><span style=\"color: #008000\">A ra\u00edz de la nueva convocatoria que apunta a disminuir las brechas de g\u00e9nero en ciencias al interior de la regi\u00f3n de Valpara\u00edso, te invitamos a conocer las mujeres seleccionadas el a\u00f1o pasado en la consulta ciudadana &#8220;Mujeres destacadas de nuestra tierra&#8221;, donde fueron sus propias comunidades quienes las relevaron por sus trayectorias en \u00e1reas cient\u00edficas, tecnol\u00f3gicas, del conocimiento y la innovaci\u00f3n.<\/span><\/em><\/p>\n<p><!--more--><\/p>\n<p><a href=\"https:\/\/explora.cl\/valparaiso\/conoce-a-las-mujeres-destacadas-de-nuestra-tierra-durante-el-2021\/insta-maria-elvira-zuniga\/\" rel=\"attachment wp-att-42475\"><img fetchpriority=\"high\" decoding=\"async\" class=\"size-medium wp-image-42475 alignleft\" src=\"https:\/\/explora.cl\/valparaiso\/wp-content\/uploads\/sites\/7\/2022\/07\/INSTA-MARIA-ELVIRA-ZU\u00d1IGA-300x300.png\" alt=\"\" width=\"300\" height=\"300\" srcset=\"https:\/\/explora.cl\/valparaiso\/wp-content\/uploads\/sites\/7\/2022\/07\/INSTA-MARIA-ELVIRA-ZU\u00d1IGA-300x300.png 300w, https:\/\/explora.cl\/valparaiso\/wp-content\/uploads\/sites\/7\/2022\/07\/INSTA-MARIA-ELVIRA-ZU\u00d1IGA-150x150.png 150w, https:\/\/explora.cl\/valparaiso\/wp-content\/uploads\/sites\/7\/2022\/07\/INSTA-MARIA-ELVIRA-ZU\u00d1IGA-768x768.png 768w, https:\/\/explora.cl\/valparaiso\/wp-content\/uploads\/sites\/7\/2022\/07\/INSTA-MARIA-ELVIRA-ZU\u00d1IGA-1024x1024.png 1024w, https:\/\/explora.cl\/valparaiso\/wp-content\/uploads\/sites\/7\/2022\/07\/INSTA-MARIA-ELVIRA-ZU\u00d1IGA-60x60.png 60w, https:\/\/explora.cl\/valparaiso\/wp-content\/uploads\/sites\/7\/2022\/07\/INSTA-MARIA-ELVIRA-ZU\u00d1IGA.png 1081w\" sizes=\"(max-width: 300px) 100vw, 300px\" \/><\/a><a href=\"https:\/\/explora.cl\/valparaiso\/conoce-a-las-mujeres-destacadas-de-nuestra-tierra-durante-el-2021\/insta-mariana-moreno\/\" rel=\"attachment wp-att-42476\"><img decoding=\"async\" class=\"alignleft size-medium wp-image-42476\" src=\"https:\/\/explora.cl\/valparaiso\/wp-content\/uploads\/sites\/7\/2022\/07\/INSTA-MARIANA-MORENO-300x300.png\" alt=\"\" width=\"300\" height=\"300\" srcset=\"https:\/\/explora.cl\/valparaiso\/wp-content\/uploads\/sites\/7\/2022\/07\/INSTA-MARIANA-MORENO-300x300.png 300w, https:\/\/explora.cl\/valparaiso\/wp-content\/uploads\/sites\/7\/2022\/07\/INSTA-MARIANA-MORENO-150x150.png 150w, https:\/\/explora.cl\/valparaiso\/wp-content\/uploads\/sites\/7\/2022\/07\/INSTA-MARIANA-MORENO-768x768.png 768w, https:\/\/explora.cl\/valparaiso\/wp-content\/uploads\/sites\/7\/2022\/07\/INSTA-MARIANA-MORENO-1024x1024.png 1024w, https:\/\/explora.cl\/valparaiso\/wp-content\/uploads\/sites\/7\/2022\/07\/INSTA-MARIANA-MORENO-60x60.png 60w, https:\/\/explora.cl\/valparaiso\/wp-content\/uploads\/sites\/7\/2022\/07\/INSTA-MARIANA-MORENO.png 1081w\" sizes=\"(max-width: 300px) 100vw, 300px\" \/><\/a><a href=\"https:\/\/explora.cl\/valparaiso\/conoce-a-las-mujeres-destacadas-de-nuestra-tierra-durante-el-2021\/insta-isabel-lagos\/\" rel=\"attachment wp-att-42474\"><img decoding=\"async\" class=\"size-medium wp-image-42474 alignleft\" src=\"https:\/\/explora.cl\/valparaiso\/wp-content\/uploads\/sites\/7\/2022\/07\/INSTA-ISABEL-LAGOS-300x300.png\" alt=\"\" width=\"300\" height=\"300\" srcset=\"https:\/\/explora.cl\/valparaiso\/wp-content\/uploads\/sites\/7\/2022\/07\/INSTA-ISABEL-LAGOS-300x300.png 300w, https:\/\/explora.cl\/valparaiso\/wp-content\/uploads\/sites\/7\/2022\/07\/INSTA-ISABEL-LAGOS-150x150.png 150w, https:\/\/explora.cl\/valparaiso\/wp-content\/uploads\/sites\/7\/2022\/07\/INSTA-ISABEL-LAGOS-768x768.png 768w, https:\/\/explora.cl\/valparaiso\/wp-content\/uploads\/sites\/7\/2022\/07\/INSTA-ISABEL-LAGOS-1024x1024.png 1024w, https:\/\/explora.cl\/valparaiso\/wp-content\/uploads\/sites\/7\/2022\/07\/INSTA-ISABEL-LAGOS-60x60.png 60w, https:\/\/explora.cl\/valparaiso\/wp-content\/uploads\/sites\/7\/2022\/07\/INSTA-ISABEL-LAGOS.png 1081w\" sizes=\"(max-width: 300px) 100vw, 300px\" \/><\/a><a href=\"https:\/\/explora.cl\/valparaiso\/conoce-a-las-mujeres-destacadas-de-nuestra-tierra-durante-el-2021\/insta-anita-flores\/\" rel=\"attachment wp-att-42473\"><img loading=\"lazy\" decoding=\"async\" class=\"size-medium wp-image-42473 alignleft\" src=\"https:\/\/explora.cl\/valparaiso\/wp-content\/uploads\/sites\/7\/2022\/07\/INSTA-ANITA-FLORES-300x300.png\" alt=\"\" width=\"300\" height=\"300\" srcset=\"https:\/\/explora.cl\/valparaiso\/wp-content\/uploads\/sites\/7\/2022\/07\/INSTA-ANITA-FLORES-300x300.png 300w, https:\/\/explora.cl\/valparaiso\/wp-content\/uploads\/sites\/7\/2022\/07\/INSTA-ANITA-FLORES-150x150.png 150w, https:\/\/explora.cl\/valparaiso\/wp-content\/uploads\/sites\/7\/2022\/07\/INSTA-ANITA-FLORES-768x768.png 768w, https:\/\/explora.cl\/valparaiso\/wp-content\/uploads\/sites\/7\/2022\/07\/INSTA-ANITA-FLORES-1024x1024.png 1024w, https:\/\/explora.cl\/valparaiso\/wp-content\/uploads\/sites\/7\/2022\/07\/INSTA-ANITA-FLORES-60x60.png 60w, https:\/\/explora.cl\/valparaiso\/wp-content\/uploads\/sites\/7\/2022\/07\/INSTA-ANITA-FLORES.png 1081w\" sizes=\"(max-width: 300px) 100vw, 300px\" \/><\/a><a href=\"https:\/\/explora.cl\/valparaiso\/conoce-a-las-mujeres-destacadas-de-nuestra-tierra-durante-el-2021\/insta-miriam-fernandez-1\/\" rel=\"attachment wp-att-42477\"><img loading=\"lazy\" decoding=\"async\" class=\"alignleft size-medium wp-image-42477\" src=\"https:\/\/explora.cl\/valparaiso\/wp-content\/uploads\/sites\/7\/2022\/07\/INSTA-MIRIAM-FERNANDEZ-1-300x300.png\" alt=\"\" width=\"300\" height=\"300\" srcset=\"https:\/\/explora.cl\/valparaiso\/wp-content\/uploads\/sites\/7\/2022\/07\/INSTA-MIRIAM-FERNANDEZ-1-300x300.png 300w, https:\/\/explora.cl\/valparaiso\/wp-content\/uploads\/sites\/7\/2022\/07\/INSTA-MIRIAM-FERNANDEZ-1-150x150.png 150w, https:\/\/explora.cl\/valparaiso\/wp-content\/uploads\/sites\/7\/2022\/07\/INSTA-MIRIAM-FERNANDEZ-1-768x768.png 768w, https:\/\/explora.cl\/valparaiso\/wp-content\/uploads\/sites\/7\/2022\/07\/INSTA-MIRIAM-FERNANDEZ-1-1024x1024.png 1024w, https:\/\/explora.cl\/valparaiso\/wp-content\/uploads\/sites\/7\/2022\/07\/INSTA-MIRIAM-FERNANDEZ-1-60x60.png 60w, https:\/\/explora.cl\/valparaiso\/wp-content\/uploads\/sites\/7\/2022\/07\/INSTA-MIRIAM-FERNANDEZ-1.png 1081w\" sizes=\"(max-width: 300px) 100vw, 300px\" \/><\/a><a href=\"https:\/\/explora.cl\/valparaiso\/conoce-a-las-mujeres-destacadas-de-nuestra-tierra-durante-el-2021\/insta-orietta-curihuentro\/\" rel=\"attachment wp-att-42478\"><img loading=\"lazy\" decoding=\"async\" class=\"alignleft size-medium wp-image-42478\" src=\"https:\/\/explora.cl\/valparaiso\/wp-content\/uploads\/sites\/7\/2022\/07\/INSTA-ORIETTA-CURIHUENTRO-300x300.png\" alt=\"\" width=\"300\" height=\"300\" srcset=\"https:\/\/explora.cl\/valparaiso\/wp-content\/uploads\/sites\/7\/2022\/07\/INSTA-ORIETTA-CURIHUENTRO-300x300.png 300w, https:\/\/explora.cl\/valparaiso\/wp-content\/uploads\/sites\/7\/2022\/07\/INSTA-ORIETTA-CURIHUENTRO-150x150.png 150w, https:\/\/explora.cl\/valparaiso\/wp-content\/uploads\/sites\/7\/2022\/07\/INSTA-ORIETTA-CURIHUENTRO-768x768.png 768w, https:\/\/explora.cl\/valparaiso\/wp-content\/uploads\/sites\/7\/2022\/07\/INSTA-ORIETTA-CURIHUENTRO-1024x1024.png 1024w, https:\/\/explora.cl\/valparaiso\/wp-content\/uploads\/sites\/7\/2022\/07\/INSTA-ORIETTA-CURIHUENTRO-60x60.png 60w, https:\/\/explora.cl\/valparaiso\/wp-content\/uploads\/sites\/7\/2022\/07\/INSTA-ORIETTA-CURIHUENTRO.png 1081w\" sizes=\"(max-width: 300px) 100vw, 300px\" \/><\/a><a href=\"https:\/\/explora.cl\/valparaiso\/conoce-a-las-mujeres-destacadas-de-nuestra-tierra-durante-el-2021\/insta-pamela-maturana\/\" rel=\"attachment wp-att-42479\"><img loading=\"lazy\" decoding=\"async\" class=\"size-medium wp-image-42479 alignleft\" src=\"https:\/\/explora.cl\/valparaiso\/wp-content\/uploads\/sites\/7\/2022\/07\/INSTA-PAMELA-MATURANA-300x300.png\" alt=\"\" width=\"300\" height=\"300\" srcset=\"https:\/\/explora.cl\/valparaiso\/wp-content\/uploads\/sites\/7\/2022\/07\/INSTA-PAMELA-MATURANA-300x300.png 300w, https:\/\/explora.cl\/valparaiso\/wp-content\/uploads\/sites\/7\/2022\/07\/INSTA-PAMELA-MATURANA-150x150.png 150w, https:\/\/explora.cl\/valparaiso\/wp-content\/uploads\/sites\/7\/2022\/07\/INSTA-PAMELA-MATURANA-768x768.png 768w, https:\/\/explora.cl\/valparaiso\/wp-content\/uploads\/sites\/7\/2022\/07\/INSTA-PAMELA-MATURANA-1024x1024.png 1024w, https:\/\/explora.cl\/valparaiso\/wp-content\/uploads\/sites\/7\/2022\/07\/INSTA-PAMELA-MATURANA-60x60.png 60w, https:\/\/explora.cl\/valparaiso\/wp-content\/uploads\/sites\/7\/2022\/07\/INSTA-PAMELA-MATURANA.png 1081w\" sizes=\"(max-width: 300px) 100vw, 300px\" \/><\/a><\/p>\n<p><a href=\"https:\/\/explora.cl\/valparaiso\/conoce-a-las-mujeres-destacadas-de-nuestra-tierra-durante-el-2021\/insta-adela-cubillos\/\" rel=\"attachment wp-att-42472\"><img loading=\"lazy\" decoding=\"async\" class=\"alignleft size-medium wp-image-42472\" src=\"https:\/\/explora.cl\/valparaiso\/wp-content\/uploads\/sites\/7\/2022\/07\/INSTA-ADELA-CUBILLOS-300x300.png\" alt=\"\" width=\"300\" height=\"300\" srcset=\"https:\/\/explora.cl\/valparaiso\/wp-content\/uploads\/sites\/7\/2022\/07\/INSTA-ADELA-CUBILLOS-300x300.png 300w, https:\/\/explora.cl\/valparaiso\/wp-content\/uploads\/sites\/7\/2022\/07\/INSTA-ADELA-CUBILLOS-150x150.png 150w, https:\/\/explora.cl\/valparaiso\/wp-content\/uploads\/sites\/7\/2022\/07\/INSTA-ADELA-CUBILLOS-768x768.png 768w, https:\/\/explora.cl\/valparaiso\/wp-content\/uploads\/sites\/7\/2022\/07\/INSTA-ADELA-CUBILLOS-1024x1024.png 1024w, https:\/\/explora.cl\/valparaiso\/wp-content\/uploads\/sites\/7\/2022\/07\/INSTA-ADELA-CUBILLOS-60x60.png 60w, https:\/\/explora.cl\/valparaiso\/wp-content\/uploads\/sites\/7\/2022\/07\/INSTA-ADELA-CUBILLOS.png 1081w\" sizes=\"(max-width: 300px) 100vw, 300px\" \/><\/a><\/p>\n<p>&nbsp;<\/p>\n","protected":false},"excerpt":{"rendered":"<p>A ra\u00edz de la nueva convocatoria que apunta a disminuir las brechas de g\u00e9nero en ciencias al interior de la regi\u00f3n de Valpara\u00edso, te invitamos a conocer las mujeres seleccionadas el a\u00f1o pasado en la consulta ciudadana &#8220;Mujeres destacadas de nuestra tierra&#8221;, donde fueron sus propias comunidades quienes las relevaron por sus trayectorias en \u00e1reas [&hellip;]<\/p>\n","protected":false},"author":22,"featured_media":42481,"comment_status":"open","ping_status":"open","sticky":false,"template":"","format":"standard","meta":{"_acf_changed":false,"_exactmetrics_skip_tracking":false,"_exactmetrics_sitenote_active":false,"_exactmetrics_sitenote_note":"","_exactmetrics_sitenote_category":0,"footnotes":"","_links_to":"","_links_to_target":""},"categories":[151,4,126],"tags":[],"class_list":["post-42471","post","type-post","status-publish","format-standard","has-post-thumbnail","hentry","category-banner","category-noticias","category-para-publico-general"],"acf":[],"yoast_head":"<!-- This site is optimized with the Yoast SEO plugin v26.9 - https:\/\/yoast.com\/product\/yoast-seo-wordpress\/ -->\n<title>\u00a1Conoce a las &quot;Mujeres destacadas de nuestra tierra&quot; 2021! - Valpara\u00edso<\/title>\n<meta name=\"robots\" content=\"index, follow, max-snippet:-1, max-image-preview:large, max-video-preview:-1\" \/>\n<link rel=\"canonical\" href=\"https:\/\/explora.cl\/valparaiso\/conoce-a-las-mujeres-destacadas-de-nuestra-tierra-durante-el-2021\/\" class=\"yoast-seo-meta-tag\" \/>\n<meta property=\"og:locale\" content=\"es_ES\" class=\"yoast-seo-meta-tag\" \/>\n<meta property=\"og:type\" content=\"article\" class=\"yoast-seo-meta-tag\" \/>\n<meta property=\"og:title\" content=\"\u00a1Conoce a las &quot;Mujeres destacadas de nuestra tierra&quot; 2021! - Valpara\u00edso\" class=\"yoast-seo-meta-tag\" \/>\n<meta property=\"og:description\" content=\"A ra\u00edz de la nueva convocatoria que apunta a disminuir las brechas de g\u00e9nero en ciencias al interior de la regi\u00f3n de Valpara\u00edso, te invitamos a conocer las mujeres seleccionadas el a\u00f1o pasado en la consulta ciudadana &#8220;Mujeres destacadas de nuestra tierra&#8221;, donde fueron sus propias comunidades quienes las relevaron por sus trayectorias en \u00e1reas [&hellip;]\" class=\"yoast-seo-meta-tag\" \/>\n<meta property=\"og:url\" content=\"https:\/\/explora.cl\/valparaiso\/conoce-a-las-mujeres-destacadas-de-nuestra-tierra-durante-el-2021\/\" class=\"yoast-seo-meta-tag\" \/>\n<meta property=\"og:site_name\" content=\"Valpara\u00edso\" class=\"yoast-seo-meta-tag\" \/>\n<meta property=\"article:published_time\" content=\"2022-07-22T18:55:44+00:00\" class=\"yoast-seo-meta-tag\" \/>\n<meta property=\"article:modified_time\" content=\"2022-08-22T20:20:28+00:00\" class=\"yoast-seo-meta-tag\" \/>\n<meta property=\"og:image\" content=\"https:\/\/explora.cl\/valparaiso\/wp-content\/uploads\/sites\/7\/2022\/07\/foto-portada-mujeres-destacadas.png\" class=\"yoast-seo-meta-tag\" \/>\n\t<meta property=\"og:image:width\" content=\"735\" class=\"yoast-seo-meta-tag\" \/>\n\t<meta property=\"og:image:height\" content=\"489\" class=\"yoast-seo-meta-tag\" \/>\n\t<meta property=\"og:image:type\" content=\"image\/png\" class=\"yoast-seo-meta-tag\" \/>\n<meta name=\"author\" content=\"jcastaneda\" class=\"yoast-seo-meta-tag\" \/>\n<meta name=\"twitter:card\" content=\"summary_large_image\" class=\"yoast-seo-meta-tag\" \/>\n<meta name=\"twitter:label1\" content=\"Escrito por\" class=\"yoast-seo-meta-tag\" \/>\n\t<meta name=\"twitter:data1\" content=\"jcastaneda\" class=\"yoast-seo-meta-tag\" \/>\n<script type=\"application\/ld+json\" class=\"yoast-schema-graph\">{\"@context\":\"https:\/\/schema.org\",\"@graph\":[{\"@type\":\"Article\",\"@id\":\"https:\/\/explora.cl\/valparaiso\/conoce-a-las-mujeres-destacadas-de-nuestra-tierra-durante-el-2021\/#article\",\"isPartOf\":{\"@id\":\"https:\/\/explora.cl\/valparaiso\/conoce-a-las-mujeres-destacadas-de-nuestra-tierra-durante-el-2021\/\"},\"author\":{\"name\":\"jcastaneda\",\"@id\":\"https:\/\/explora.cl\/valparaiso\/#\/schema\/person\/c15e69495b8dbe0af0102f6bca43ba5d\"},\"headline\":\"\u00a1Conoce a las &#8220;Mujeres destacadas de nuestra tierra&#8221; 2021!\",\"datePublished\":\"2022-07-22T18:55:44+00:00\",\"dateModified\":\"2022-08-22T20:20:28+00:00\",\"mainEntityOfPage\":{\"@id\":\"https:\/\/explora.cl\/valparaiso\/conoce-a-las-mujeres-destacadas-de-nuestra-tierra-durante-el-2021\/\"},\"wordCount\":79,\"commentCount\":0,\"publisher\":{\"@id\":\"https:\/\/explora.cl\/valparaiso\/#organization\"},\"image\":{\"@id\":\"https:\/\/explora.cl\/valparaiso\/conoce-a-las-mujeres-destacadas-de-nuestra-tierra-durante-el-2021\/#primaryimage\"},\"thumbnailUrl\":\"https:\/\/explora.cl\/valparaiso\/wp-content\/uploads\/sites\/7\/2022\/07\/foto-portada-mujeres-destacadas.png\",\"articleSection\":[\"Banner\",\"Noticias\",\"Para P\u00fablico General\"],\"inLanguage\":\"es-CL\",\"potentialAction\":[{\"@type\":\"CommentAction\",\"name\":\"Comment\",\"target\":[\"https:\/\/explora.cl\/valparaiso\/conoce-a-las-mujeres-destacadas-de-nuestra-tierra-durante-el-2021\/#respond\"]}]},{\"@type\":\"WebPage\",\"@id\":\"https:\/\/explora.cl\/valparaiso\/conoce-a-las-mujeres-destacadas-de-nuestra-tierra-durante-el-2021\/\",\"url\":\"https:\/\/explora.cl\/valparaiso\/conoce-a-las-mujeres-destacadas-de-nuestra-tierra-durante-el-2021\/\",\"name\":\"\u00a1Conoce a las \\\"Mujeres destacadas de nuestra tierra\\\" 2021! - Valpara\u00edso\",\"isPartOf\":{\"@id\":\"https:\/\/explora.cl\/valparaiso\/#website\"},\"primaryImageOfPage\":{\"@id\":\"https:\/\/explora.cl\/valparaiso\/conoce-a-las-mujeres-destacadas-de-nuestra-tierra-durante-el-2021\/#primaryimage\"},\"image\":{\"@id\":\"https:\/\/explora.cl\/valparaiso\/conoce-a-las-mujeres-destacadas-de-nuestra-tierra-durante-el-2021\/#primaryimage\"},\"thumbnailUrl\":\"https:\/\/explora.cl\/valparaiso\/wp-content\/uploads\/sites\/7\/2022\/07\/foto-portada-mujeres-destacadas.png\",\"datePublished\":\"2022-07-22T18:55:44+00:00\",\"dateModified\":\"2022-08-22T20:20:28+00:00\",\"breadcrumb\":{\"@id\":\"https:\/\/explora.cl\/valparaiso\/conoce-a-las-mujeres-destacadas-de-nuestra-tierra-durante-el-2021\/#breadcrumb\"},\"inLanguage\":\"es-CL\",\"potentialAction\":[{\"@type\":\"ReadAction\",\"target\":[\"https:\/\/explora.cl\/valparaiso\/conoce-a-las-mujeres-destacadas-de-nuestra-tierra-durante-el-2021\/\"]}]},{\"@type\":\"ImageObject\",\"inLanguage\":\"es-CL\",\"@id\":\"https:\/\/explora.cl\/valparaiso\/conoce-a-las-mujeres-destacadas-de-nuestra-tierra-durante-el-2021\/#primaryimage\",\"url\":\"https:\/\/explora.cl\/valparaiso\/wp-content\/uploads\/sites\/7\/2022\/07\/foto-portada-mujeres-destacadas.png\",\"contentUrl\":\"https:\/\/explora.cl\/valparaiso\/wp-content\/uploads\/sites\/7\/2022\/07\/foto-portada-mujeres-destacadas.png\",\"width\":735,\"height\":489},{\"@type\":\"BreadcrumbList\",\"@id\":\"https:\/\/explora.cl\/valparaiso\/conoce-a-las-mujeres-destacadas-de-nuestra-tierra-durante-el-2021\/#breadcrumb\",\"itemListElement\":[{\"@type\":\"ListItem\",\"position\":1,\"name\":\"Portada\",\"item\":\"https:\/\/explora.cl\/valparaiso\/\"},{\"@type\":\"ListItem\",\"position\":2,\"name\":\"\u00a1Conoce a las &#8220;Mujeres destacadas de nuestra tierra&#8221; 2021!\"}]},{\"@type\":\"WebSite\",\"@id\":\"https:\/\/explora.cl\/valparaiso\/#website\",\"url\":\"https:\/\/explora.cl\/valparaiso\/\",\"name\":\"Valpara\u00edso\",\"description\":\"Otro sitio m\u00e1s de explora.cl\",\"publisher\":{\"@id\":\"https:\/\/explora.cl\/valparaiso\/#organization\"},\"potentialAction\":[{\"@type\":\"SearchAction\",\"target\":{\"@type\":\"EntryPoint\",\"urlTemplate\":\"https:\/\/explora.cl\/valparaiso\/?s={search_term_string}\"},\"query-input\":{\"@type\":\"PropertyValueSpecification\",\"valueRequired\":true,\"valueName\":\"search_term_string\"}}],\"inLanguage\":\"es-CL\"},{\"@type\":\"Organization\",\"@id\":\"https:\/\/explora.cl\/valparaiso\/#organization\",\"name\":\"Valpara\u00edso\",\"url\":\"https:\/\/explora.cl\/valparaiso\/\",\"logo\":{\"@type\":\"ImageObject\",\"inLanguage\":\"es-CL\",\"@id\":\"https:\/\/explora.cl\/valparaiso\/#\/schema\/logo\/image\/\",\"url\":\"https:\/\/explora.cl\/valparaiso\/wp-content\/uploads\/sites\/7\/2019\/06\/cropped-logo-explora-color.jpg\",\"contentUrl\":\"https:\/\/explora.cl\/valparaiso\/wp-content\/uploads\/sites\/7\/2019\/06\/cropped-logo-explora-color.jpg\",\"width\":2035,\"height\":584,\"caption\":\"Valpara\u00edso\"},\"image\":{\"@id\":\"https:\/\/explora.cl\/valparaiso\/#\/schema\/logo\/image\/\"}},{\"@type\":\"Person\",\"@id\":\"https:\/\/explora.cl\/valparaiso\/#\/schema\/person\/c15e69495b8dbe0af0102f6bca43ba5d\",\"name\":\"jcastaneda\",\"image\":{\"@type\":\"ImageObject\",\"inLanguage\":\"es-CL\",\"@id\":\"https:\/\/explora.cl\/valparaiso\/#\/schema\/person\/image\/\",\"url\":\"https:\/\/secure.gravatar.com\/avatar\/f26661a8eef2f6444d9633928ef0219fd69e41c5be1ef5ef16afeee7cd4df675?s=96&d=mm&r=g\",\"contentUrl\":\"https:\/\/secure.gravatar.com\/avatar\/f26661a8eef2f6444d9633928ef0219fd69e41c5be1ef5ef16afeee7cd4df675?s=96&d=mm&r=g\",\"caption\":\"jcastaneda\"},\"url\":\"https:\/\/explora.cl\/valparaiso\/author\/jcastaneda\/\"}]}<\/script>\n<!-- \/ Yoast SEO plugin. -->","yoast_head_json":{"title":"\u00a1Conoce a las \"Mujeres destacadas de nuestra tierra\" 2021! - Valpara\u00edso","robots":{"index":"index","follow":"follow","max-snippet":"max-snippet:-1","max-image-preview":"max-image-preview:large","max-video-preview":"max-video-preview:-1"},"canonical":"https:\/\/explora.cl\/valparaiso\/conoce-a-las-mujeres-destacadas-de-nuestra-tierra-durante-el-2021\/","og_locale":"es_ES","og_type":"article","og_title":"\u00a1Conoce a las \"Mujeres destacadas de nuestra tierra\" 2021! - Valpara\u00edso","og_description":"A ra\u00edz de la nueva convocatoria que apunta a disminuir las brechas de g\u00e9nero en ciencias al interior de la regi\u00f3n de Valpara\u00edso, te invitamos a conocer las mujeres seleccionadas el a\u00f1o pasado en la consulta ciudadana &#8220;Mujeres destacadas de nuestra tierra&#8221;, donde fueron sus propias comunidades quienes las relevaron por sus trayectorias en \u00e1reas [&hellip;]","og_url":"https:\/\/explora.cl\/valparaiso\/conoce-a-las-mujeres-destacadas-de-nuestra-tierra-durante-el-2021\/","og_site_name":"Valpara\u00edso","article_published_time":"2022-07-22T18:55:44+00:00","article_modified_time":"2022-08-22T20:20:28+00:00","og_image":[{"width":735,"height":489,"url":"https:\/\/explora.cl\/valparaiso\/wp-content\/uploads\/sites\/7\/2022\/07\/foto-portada-mujeres-destacadas.png","type":"image\/png"}],"author":"jcastaneda","twitter_card":"summary_large_image","twitter_misc":{"Escrito por":"jcastaneda"},"schema":{"@context":"https:\/\/schema.org","@graph":[{"@type":"Article","@id":"https:\/\/explora.cl\/valparaiso\/conoce-a-las-mujeres-destacadas-de-nuestra-tierra-durante-el-2021\/#article","isPartOf":{"@id":"https:\/\/explora.cl\/valparaiso\/conoce-a-las-mujeres-destacadas-de-nuestra-tierra-durante-el-2021\/"},"author":{"name":"jcastaneda","@id":"https:\/\/explora.cl\/valparaiso\/#\/schema\/person\/c15e69495b8dbe0af0102f6bca43ba5d"},"headline":"\u00a1Conoce a las &#8220;Mujeres destacadas de nuestra tierra&#8221; 2021!","datePublished":"2022-07-22T18:55:44+00:00","dateModified":"2022-08-22T20:20:28+00:00","mainEntityOfPage":{"@id":"https:\/\/explora.cl\/valparaiso\/conoce-a-las-mujeres-destacadas-de-nuestra-tierra-durante-el-2021\/"},"wordCount":79,"commentCount":0,"publisher":{"@id":"https:\/\/explora.cl\/valparaiso\/#organization"},"image":{"@id":"https:\/\/explora.cl\/valparaiso\/conoce-a-las-mujeres-destacadas-de-nuestra-tierra-durante-el-2021\/#primaryimage"},"thumbnailUrl":"https:\/\/explora.cl\/valparaiso\/wp-content\/uploads\/sites\/7\/2022\/07\/foto-portada-mujeres-destacadas.png","articleSection":["Banner","Noticias","Para P\u00fablico General"],"inLanguage":"es-CL","potentialAction":[{"@type":"CommentAction","name":"Comment","target":["https:\/\/explora.cl\/valparaiso\/conoce-a-las-mujeres-destacadas-de-nuestra-tierra-durante-el-2021\/#respond"]}]},{"@type":"WebPage","@id":"https:\/\/explora.cl\/valparaiso\/conoce-a-las-mujeres-destacadas-de-nuestra-tierra-durante-el-2021\/","url":"https:\/\/explora.cl\/valparaiso\/conoce-a-las-mujeres-destacadas-de-nuestra-tierra-durante-el-2021\/","name":"\u00a1Conoce a las \"Mujeres destacadas de nuestra tierra\" 2021! - Valpara\u00edso","isPartOf":{"@id":"https:\/\/explora.cl\/valparaiso\/#website"},"primaryImageOfPage":{"@id":"https:\/\/explora.cl\/valparaiso\/conoce-a-las-mujeres-destacadas-de-nuestra-tierra-durante-el-2021\/#primaryimage"},"image":{"@id":"https:\/\/explora.cl\/valparaiso\/conoce-a-las-mujeres-destacadas-de-nuestra-tierra-durante-el-2021\/#primaryimage"},"thumbnailUrl":"https:\/\/explora.cl\/valparaiso\/wp-content\/uploads\/sites\/7\/2022\/07\/foto-portada-mujeres-destacadas.png","datePublished":"2022-07-22T18:55:44+00:00","dateModified":"2022-08-22T20:20:28+00:00","breadcrumb":{"@id":"https:\/\/explora.cl\/valparaiso\/conoce-a-las-mujeres-destacadas-de-nuestra-tierra-durante-el-2021\/#breadcrumb"},"inLanguage":"es-CL","potentialAction":[{"@type":"ReadAction","target":["https:\/\/explora.cl\/valparaiso\/conoce-a-las-mujeres-destacadas-de-nuestra-tierra-durante-el-2021\/"]}]},{"@type":"ImageObject","inLanguage":"es-CL","@id":"https:\/\/explora.cl\/valparaiso\/conoce-a-las-mujeres-destacadas-de-nuestra-tierra-durante-el-2021\/#primaryimage","url":"https:\/\/explora.cl\/valparaiso\/wp-content\/uploads\/sites\/7\/2022\/07\/foto-portada-mujeres-destacadas.png","contentUrl":"https:\/\/explora.cl\/valparaiso\/wp-content\/uploads\/sites\/7\/2022\/07\/foto-portada-mujeres-destacadas.png","width":735,"height":489},{"@type":"BreadcrumbList","@id":"https:\/\/explora.cl\/valparaiso\/conoce-a-las-mujeres-destacadas-de-nuestra-tierra-durante-el-2021\/#breadcrumb","itemListElement":[{"@type":"ListItem","position":1,"name":"Portada","item":"https:\/\/explora.cl\/valparaiso\/"},{"@type":"ListItem","position":2,"name":"\u00a1Conoce a las &#8220;Mujeres destacadas de nuestra tierra&#8221; 2021!"}]},{"@type":"WebSite","@id":"https:\/\/explora.cl\/valparaiso\/#website","url":"https:\/\/explora.cl\/valparaiso\/","name":"Valpara\u00edso","description":"Otro sitio m\u00e1s de explora.cl","publisher":{"@id":"https:\/\/explora.cl\/valparaiso\/#organization"},"potentialAction":[{"@type":"SearchAction","target":{"@type":"EntryPoint","urlTemplate":"https:\/\/explora.cl\/valparaiso\/?s={search_term_string}"},"query-input":{"@type":"PropertyValueSpecification","valueRequired":true,"valueName":"search_term_string"}}],"inLanguage":"es-CL"},{"@type":"Organization","@id":"https:\/\/explora.cl\/valparaiso\/#organization","name":"Valpara\u00edso","url":"https:\/\/explora.cl\/valparaiso\/","logo":{"@type":"ImageObject","inLanguage":"es-CL","@id":"https:\/\/explora.cl\/valparaiso\/#\/schema\/logo\/image\/","url":"https:\/\/explora.cl\/valparaiso\/wp-content\/uploads\/sites\/7\/2019\/06\/cropped-logo-explora-color.jpg","contentUrl":"https:\/\/explora.cl\/valparaiso\/wp-content\/uploads\/sites\/7\/2019\/06\/cropped-logo-explora-color.jpg","width":2035,"height":584,"caption":"Valpara\u00edso"},"image":{"@id":"https:\/\/explora.cl\/valparaiso\/#\/schema\/logo\/image\/"}},{"@type":"Person","@id":"https:\/\/explora.cl\/valparaiso\/#\/schema\/person\/c15e69495b8dbe0af0102f6bca43ba5d","name":"jcastaneda","image":{"@type":"ImageObject","inLanguage":"es-CL","@id":"https:\/\/explora.cl\/valparaiso\/#\/schema\/person\/image\/","url":"https:\/\/secure.gravatar.com\/avatar\/f26661a8eef2f6444d9633928ef0219fd69e41c5be1ef5ef16afeee7cd4df675?s=96&d=mm&r=g","contentUrl":"https:\/\/secure.gravatar.com\/avatar\/f26661a8eef2f6444d9633928ef0219fd69e41c5be1ef5ef16afeee7cd4df675?s=96&d=mm&r=g","caption":"jcastaneda"},"url":"https:\/\/explora.cl\/valparaiso\/author\/jcastaneda\/"}]}},"_links":{"self":[{"href":"https:\/\/explora.cl\/valparaiso\/wp-json\/wp\/v2\/posts\/42471","targetHints":{"allow":["GET"]}}],"collection":[{"href":"https:\/\/explora.cl\/valparaiso\/wp-json\/wp\/v2\/posts"}],"about":[{"href":"https:\/\/explora.cl\/valparaiso\/wp-json\/wp\/v2\/types\/post"}],"author":[{"embeddable":true,"href":"https:\/\/explora.cl\/valparaiso\/wp-json\/wp\/v2\/users\/22"}],"replies":[{"embeddable":true,"href":"https:\/\/explora.cl\/valparaiso\/wp-json\/wp\/v2\/comments?post=42471"}],"version-history":[{"count":8,"href":"https:\/\/explora.cl\/valparaiso\/wp-json\/wp\/v2\/posts\/42471\/revisions"}],"predecessor-version":[{"id":42490,"href":"https:\/\/explora.cl\/valparaiso\/wp-json\/wp\/v2\/posts\/42471\/revisions\/42490"}],"wp:featuredmedia":[{"embeddable":true,"href":"https:\/\/explora.cl\/valparaiso\/wp-json\/wp\/v2\/media\/42481"}],"wp:attachment":[{"href":"https:\/\/explora.cl\/valparaiso\/wp-json\/wp\/v2\/media?parent=42471"}],"wp:term":[{"taxonomy":"category","embeddable":true,"href":"https:\/\/explora.cl\/valparaiso\/wp-json\/wp\/v2\/categories?post=42471"},{"taxonomy":"post_tag","embeddable":true,"href":"https:\/\/explora.cl\/valparaiso\/wp-json\/wp\/v2\/tags?post=42471"}],"curies":[{"name":"wp","href":"https:\/\/api.w.org\/{rel}","templated":true}]}}