{"id":42405,"date":"2022-07-06T17:37:22","date_gmt":"2022-07-06T21:37:22","guid":{"rendered":"https:\/\/explora.cl\/valparaiso\/?p=42405"},"modified":"2022-08-23T10:24:41","modified_gmt":"2022-08-23T14:24:41","slug":"con-profundas-reflexiones-se-dio-el-segundo-reencuentro-del-acompanamiento-campamento-explora-va","status":"publish","type":"post","link":"https:\/\/explora.cl\/valparaiso\/con-profundas-reflexiones-se-dio-el-segundo-reencuentro-del-acompanamiento-campamento-explora-va\/","title":{"rendered":"Con profundas reflexiones se dio el segundo reencuentro del acompa\u00f1amiento Campamento Explora VA!"},"content":{"rendered":"<p><span style=\"color: #008000\"><i><span style=\"font-weight: 400\">El di\u00e1logo y el intercambio de ideas y experiencias entre docentes gu\u00edas de investigaci\u00f3n en espacios escolares marcaron la fecha.<\/span><\/i><\/span><\/p>\n<p><!--more--><\/p>\n<p><span style=\"font-weight: 400\">Una nueva cita de las \u201cSesiones de acompa\u00f1amiento\u201d del Campamento Explora Va! de Valpara\u00edso, dependiente del Ministerio de Ciencia, Tecnolog\u00eda, Conocimiento e Innovaci\u00f3n; se dio este martes 05 de julio desde las 16:00 a las 18:00 hrs, instancia en la que particip\u00f3 la generaci\u00f3n de campistas 2021, <\/span><span style=\"font-weight: 400\">provenientes de Vi\u00f1a del Mar, Quilpu\u00e9, Cabildo, Limache, La Calera, Olmu\u00e9, La Ligua, Valpara\u00edso, Rinconada, Villa Alemana, Quillota, San Antonio, San Felipe y Cartagena.<\/span><\/p>\n<figure id=\"attachment_42406\" aria-describedby=\"caption-attachment-42406\" style=\"width: 300px\" class=\"wp-caption alignleft\"><a href=\"https:\/\/explora.cl\/valparaiso\/con-profundas-reflexiones-se-dio-el-segundo-reencuentro-del-acompanamiento-campamento-explora-va\/captura-de-pantalla-206\/\" rel=\"attachment wp-att-42406\"><img fetchpriority=\"high\" decoding=\"async\" class=\"wp-image-42406 size-medium\" src=\"https:\/\/explora.cl\/valparaiso\/wp-content\/uploads\/sites\/7\/2022\/07\/Captura-de-pantalla-206-300x169.png\" alt=\"\" width=\"300\" height=\"169\" srcset=\"https:\/\/explora.cl\/valparaiso\/wp-content\/uploads\/sites\/7\/2022\/07\/Captura-de-pantalla-206-300x169.png 300w, https:\/\/explora.cl\/valparaiso\/wp-content\/uploads\/sites\/7\/2022\/07\/Captura-de-pantalla-206-768x432.png 768w, https:\/\/explora.cl\/valparaiso\/wp-content\/uploads\/sites\/7\/2022\/07\/Captura-de-pantalla-206-1024x576.png 1024w, https:\/\/explora.cl\/valparaiso\/wp-content\/uploads\/sites\/7\/2022\/07\/Captura-de-pantalla-206.png 1920w\" sizes=\"(max-width: 300px) 100vw, 300px\" \/><\/a><figcaption id=\"caption-attachment-42406\" class=\"wp-caption-text\"><span style=\"color: #008000\"><strong>La sesi\u00f3n estuvo especialmente dirigida a que docentes pudieran reflexionar sobre el levantamiento de investigaciones escolares desde contextos locales.<\/strong><\/span><\/figcaption><\/figure>\n<p><span style=\"font-weight: 400\">La jornada, dividida en dos bloques, tuvo como objetivo reflexionar en torno a buenas pr\u00e1cticas pedag\u00f3gicas para que estudiantes levanten temas de estudio desde sus contextos locales. En primera instancia, se realiz\u00f3 un conversatorio junto a tres invitados\/as con experiencia en investigaci\u00f3n cient\u00edfica y que compartieron sus vivencias en niveles educativos de Educaci\u00f3n Parvularia, B\u00e1sica y Media. Luego, las y los participantes se organizaron en grupo y por salas para reflexionar sobre el levantamiento de temas de estudio con identidad local para finalmente, realizar un plenario y compartir lo discutido.<\/span><\/p>\n<p><span style=\"font-weight: 400\">Al respecto, la Directora de Explora Valpara\u00edso, Mabel Keller dio inicio a las actividades destacando la importancia de \u201chacer comunidad de aprendizaje, la creaci\u00f3n de redes desde distintas partes del territorio, pero que comparten los mismos desaf\u00edos, los que se concentran en potenciar las competencias cient\u00edficas y transversales de los y las estudiantes de la regi\u00f3n de Valpara\u00edso\u201d. Agreg\u00f3 que el equipo completo est\u00e1 muy contento por este reencuentro, el que estaba pensado para ser presencial, pero dada la contingencia sanitaria, debi\u00f3 realizarse v\u00eda online.<\/span><\/p>\n<p><span style=\"font-weight: 400\">Esta segunda sesi\u00f3n resulta parte de cuatro reuniones en las que se acompa\u00f1ar\u00e1 a los campistas de la generaci\u00f3n 2021, a trav\u00e9s del tratamiento de diversos temas para asegurar la correcta aplicaci\u00f3n y ejecuci\u00f3n de los aprendizajes adquiridos durante el campamento. Se trata as\u00ed de cuatro hitos para compartir experiencias que permitan guiar proyectos cient\u00edficos escolares y asegurar la aplicaci\u00f3n de los aprendizajes adquiridos durante el campamento. En esta oportunidad, el acompa\u00f1amiento se focaliz\u00f3 en el levantamiento de temas de estudios, considerando los intereses y realidades locales de las y los estudiantes.<\/span><\/p>\n<p><b>Reflexiones y experiencias<\/b><\/p>\n<p><span style=\"font-weight: 400\">En el primer bloque, Marcela Fern\u00e1ndez, Educadora de la Escuela Teniente Hern\u00e1n Merino Correa, participante de PIPE 2021 y de Campamentos Explora VA! 2020, comenz\u00f3 comentando que \u201cLos ni\u00f1os se muestran interesados y curiosos respecto a la realidad que los rodea\u201d, por lo que el trabajo resulta motivante para ella y sus estudiantes, destacando el aspecto interdisciplinario de la investigaci\u00f3n e innovaci\u00f3n escolar, puesto que \u201cLa Ciencia estudia lenguaje, matem\u00e1ticas, ciencias naturales, etc.\u201d; as\u00ed, desde su punto de vista, este proyecto \u201ctrae puras ventajas\u201d.<\/span><\/p>\n<p><span style=\"font-weight: 400\">Por otro lado, Johana Vilches, profesora de la Escuela H\u00e9roes de Chile de Limache y de la Academia Explora de ese establecimiento, se enfoc\u00f3 en los desaf\u00edos vividos, apuntando a que \u201cse requiere de dedicaci\u00f3n extra\u201d, pero rescatando que como docente, lograr la motivaci\u00f3n es fundamental: \u201csin ella no podr\u00edan vivir otra mirada de la educaci\u00f3n, en la que entienden que aprender es mucho m\u00e1s que estar solo sentados\u201d.<\/span><\/p>\n<figure id=\"attachment_42408\" aria-describedby=\"caption-attachment-42408\" style=\"width: 300px\" class=\"wp-caption alignright\"><a href=\"https:\/\/explora.cl\/valparaiso\/con-profundas-reflexiones-se-dio-el-segundo-reencuentro-del-acompanamiento-campamento-explora-va\/sesion-campamento\/\" rel=\"attachment wp-att-42408\"><img decoding=\"async\" class=\"size-medium wp-image-42408\" src=\"https:\/\/explora.cl\/valparaiso\/wp-content\/uploads\/sites\/7\/2022\/07\/sesion-campamento-300x183.png\" alt=\"\" width=\"300\" height=\"183\" srcset=\"https:\/\/explora.cl\/valparaiso\/wp-content\/uploads\/sites\/7\/2022\/07\/sesion-campamento-300x183.png 300w, https:\/\/explora.cl\/valparaiso\/wp-content\/uploads\/sites\/7\/2022\/07\/sesion-campamento-768x468.png 768w, https:\/\/explora.cl\/valparaiso\/wp-content\/uploads\/sites\/7\/2022\/07\/sesion-campamento-1024x624.png 1024w, https:\/\/explora.cl\/valparaiso\/wp-content\/uploads\/sites\/7\/2022\/07\/sesion-campamento.png 1516w\" sizes=\"(max-width: 300px) 100vw, 300px\" \/><\/a><figcaption id=\"caption-attachment-42408\" class=\"wp-caption-text\"><span style=\"color: #008000\"><strong>Johana, V\u00edctor y Marcela conversaron con las y los participantes sobre sus experiencias como docentes gu\u00edas en IIE.<\/strong><\/span><\/figcaption><\/figure>\n<p><span style=\"font-weight: 400\">Como otro reto, V\u00edctor Tapia, profesor de Historia, Colegio San Gabriel de la Rivera de La Calera, quien tambi\u00e9n ha participado en Congresos Explora, se\u00f1al\u00f3 que \u201cexiste un problema metodol\u00f3gico respecto a la colaboraci\u00f3n con otros colegios, en general la conformaci\u00f3n de redes resulta compleja\u201d, desaf\u00edos que no detienen el \u00edmpetu por conocer y aprender, sino que desde su experiencia, \u201ca veces las mejores ideas surgen de la necesidad, pero no significa defender la precariedad\u201d. Reflexi\u00f3n compartida por Johanna, quien afirma que \u201cdesde las condiciones que tenemos, surgen ideas muy ingeniosas, que solucionan algo del entorno inmediato\u201d.<\/span><\/p>\n<p><span style=\"font-weight: 400\">Por su lado, Marcela rescat\u00f3 la importancia del contexto para planificar el trabajo con los ni\u00f1os y ni\u00f1as, resultando una experiencia significativa para sus estudiantes: \u201cTratamos de contextualizar y ver problemas de la vida cotidiana, involucrar a las familias, analizar c\u00f3mo lo pueden aplicar en el hogar. Alentamos un m\u00e9todo indagatorio, buscamos redes de apoyo dado que tratamos tem\u00e1ticas locales\u201d, agregando que \u201csiempre buscamos diversas miradas al problema, de diversos especialistas para trabajar nuestro proyectos. El trabajo interdisciplinario es muy productivo\u201d.<\/span><\/p>\n<p><span style=\"font-weight: 400\">Respecto a las exposiciones realizadas y a modo de conclusi\u00f3n, Abiga\u00edl Gonz\u00e1lez, asesora pedag\u00f3gica del Proyecto, se\u00f1al\u00f3 que \u201cPara nuestro equipo fue significativo conocer la realidad de docentes que llevan a\u00f1os desarrollando proyectos cient\u00edficos con estudiantes. Y que adem\u00e1s, esas experiencias fueran complementadas con el aporte colectivo y participativo de las y los campistas, ya que permiti\u00f3 visibilizar los desaf\u00edos que se enfrentan al momento de trabajar competencias cient\u00edficas con estudiantes de la regi\u00f3n.\u201d<\/span><\/p>\n<p><span style=\"font-weight: 400\">Para m\u00e1s informaci\u00f3n sobre estas y otras iniciativas, te invitamos a seguir a @exploravalpo en Twitter, Facebook e Instagram y\/o la cuenta Explora Valpara\u00edso en YouTube.\u00a0<\/span><\/p>\n","protected":false},"excerpt":{"rendered":"<p>El di\u00e1logo y el intercambio de ideas y experiencias entre docentes gu\u00edas de investigaci\u00f3n en espacios escolares marcaron la fecha.<\/p>\n","protected":false},"author":22,"featured_media":42410,"comment_status":"open","ping_status":"open","sticky":false,"template":"","format":"standard","meta":{"_acf_changed":false,"_exactmetrics_skip_tracking":false,"_exactmetrics_sitenote_active":false,"_exactmetrics_sitenote_note":"","_exactmetrics_sitenote_category":0,"footnotes":"","_links_to":"","_links_to_target":""},"categories":[151,4,116,126],"tags":[815,1169,580],"class_list":["post-42405","post","type-post","status-publish","format-standard","has-post-thumbnail","hentry","category-banner","category-noticias","category-para-comunidad-escolar","category-para-publico-general","tag-campamento-explora-va","tag-campamentos-para-profesores","tag-investigacion-escolar"],"acf":[],"yoast_head":"<!-- This site is optimized with the Yoast SEO plugin v26.9 - https:\/\/yoast.com\/product\/yoast-seo-wordpress\/ -->\n<title>Con profundas reflexiones se dio el segundo reencuentro del acompa\u00f1amiento Campamento Explora VA! - Valpara\u00edso<\/title>\n<meta name=\"robots\" content=\"index, follow, max-snippet:-1, max-image-preview:large, max-video-preview:-1\" \/>\n<link rel=\"canonical\" href=\"https:\/\/explora.cl\/valparaiso\/con-profundas-reflexiones-se-dio-el-segundo-reencuentro-del-acompanamiento-campamento-explora-va\/\" class=\"yoast-seo-meta-tag\" \/>\n<meta property=\"og:locale\" content=\"es_ES\" class=\"yoast-seo-meta-tag\" \/>\n<meta property=\"og:type\" content=\"article\" class=\"yoast-seo-meta-tag\" \/>\n<meta property=\"og:title\" content=\"Con profundas reflexiones se dio el segundo reencuentro del acompa\u00f1amiento Campamento Explora VA! - Valpara\u00edso\" class=\"yoast-seo-meta-tag\" \/>\n<meta property=\"og:description\" content=\"El di\u00e1logo y el intercambio de ideas y experiencias entre docentes gu\u00edas de investigaci\u00f3n en espacios escolares marcaron la fecha.\" class=\"yoast-seo-meta-tag\" \/>\n<meta property=\"og:url\" content=\"https:\/\/explora.cl\/valparaiso\/con-profundas-reflexiones-se-dio-el-segundo-reencuentro-del-acompanamiento-campamento-explora-va\/\" class=\"yoast-seo-meta-tag\" \/>\n<meta property=\"og:site_name\" content=\"Valpara\u00edso\" class=\"yoast-seo-meta-tag\" \/>\n<meta property=\"article:published_time\" content=\"2022-07-06T21:37:22+00:00\" class=\"yoast-seo-meta-tag\" \/>\n<meta property=\"article:modified_time\" content=\"2022-08-23T14:24:41+00:00\" class=\"yoast-seo-meta-tag\" \/>\n<meta property=\"og:image\" content=\"https:\/\/explora.cl\/valparaiso\/wp-content\/uploads\/sites\/7\/2022\/07\/1-foto-campamento-segunda-sesion-1024x640.png\" class=\"yoast-seo-meta-tag\" \/>\n\t<meta property=\"og:image:width\" content=\"1024\" class=\"yoast-seo-meta-tag\" \/>\n\t<meta property=\"og:image:height\" content=\"640\" class=\"yoast-seo-meta-tag\" \/>\n\t<meta property=\"og:image:type\" content=\"image\/png\" class=\"yoast-seo-meta-tag\" \/>\n<meta name=\"author\" content=\"jcastaneda\" class=\"yoast-seo-meta-tag\" \/>\n<meta name=\"twitter:card\" content=\"summary_large_image\" class=\"yoast-seo-meta-tag\" \/>\n<meta name=\"twitter:label1\" content=\"Escrito por\" class=\"yoast-seo-meta-tag\" \/>\n\t<meta name=\"twitter:data1\" content=\"jcastaneda\" class=\"yoast-seo-meta-tag\" \/>\n\t<meta name=\"twitter:label2\" content=\"Tiempo estimado de lectura\" class=\"yoast-seo-meta-tag\" \/>\n\t<meta name=\"twitter:data2\" content=\"5 minutos\" class=\"yoast-seo-meta-tag\" \/>\n<script type=\"application\/ld+json\" class=\"yoast-schema-graph\">{\"@context\":\"https:\/\/schema.org\",\"@graph\":[{\"@type\":\"Article\",\"@id\":\"https:\/\/explora.cl\/valparaiso\/con-profundas-reflexiones-se-dio-el-segundo-reencuentro-del-acompanamiento-campamento-explora-va\/#article\",\"isPartOf\":{\"@id\":\"https:\/\/explora.cl\/valparaiso\/con-profundas-reflexiones-se-dio-el-segundo-reencuentro-del-acompanamiento-campamento-explora-va\/\"},\"author\":{\"name\":\"jcastaneda\",\"@id\":\"https:\/\/explora.cl\/valparaiso\/#\/schema\/person\/c15e69495b8dbe0af0102f6bca43ba5d\"},\"headline\":\"Con profundas reflexiones se dio el segundo reencuentro del acompa\u00f1amiento Campamento Explora VA!\",\"datePublished\":\"2022-07-06T21:37:22+00:00\",\"dateModified\":\"2022-08-23T14:24:41+00:00\",\"mainEntityOfPage\":{\"@id\":\"https:\/\/explora.cl\/valparaiso\/con-profundas-reflexiones-se-dio-el-segundo-reencuentro-del-acompanamiento-campamento-explora-va\/\"},\"wordCount\":927,\"commentCount\":0,\"publisher\":{\"@id\":\"https:\/\/explora.cl\/valparaiso\/#organization\"},\"image\":{\"@id\":\"https:\/\/explora.cl\/valparaiso\/con-profundas-reflexiones-se-dio-el-segundo-reencuentro-del-acompanamiento-campamento-explora-va\/#primaryimage\"},\"thumbnailUrl\":\"https:\/\/explora.cl\/valparaiso\/wp-content\/uploads\/sites\/7\/2022\/07\/1-foto-campamento-segunda-sesion.png\",\"keywords\":[\"Campamento Explora Va!\",\"campamentos para profesores\",\"investigaci\u00f3n escolar\"],\"articleSection\":[\"Banner\",\"Noticias\",\"Para Comunidad Escolar\",\"Para P\u00fablico General\"],\"inLanguage\":\"es-CL\",\"potentialAction\":[{\"@type\":\"CommentAction\",\"name\":\"Comment\",\"target\":[\"https:\/\/explora.cl\/valparaiso\/con-profundas-reflexiones-se-dio-el-segundo-reencuentro-del-acompanamiento-campamento-explora-va\/#respond\"]}]},{\"@type\":\"WebPage\",\"@id\":\"https:\/\/explora.cl\/valparaiso\/con-profundas-reflexiones-se-dio-el-segundo-reencuentro-del-acompanamiento-campamento-explora-va\/\",\"url\":\"https:\/\/explora.cl\/valparaiso\/con-profundas-reflexiones-se-dio-el-segundo-reencuentro-del-acompanamiento-campamento-explora-va\/\",\"name\":\"Con profundas reflexiones se dio el segundo reencuentro del acompa\u00f1amiento Campamento Explora VA! - Valpara\u00edso\",\"isPartOf\":{\"@id\":\"https:\/\/explora.cl\/valparaiso\/#website\"},\"primaryImageOfPage\":{\"@id\":\"https:\/\/explora.cl\/valparaiso\/con-profundas-reflexiones-se-dio-el-segundo-reencuentro-del-acompanamiento-campamento-explora-va\/#primaryimage\"},\"image\":{\"@id\":\"https:\/\/explora.cl\/valparaiso\/con-profundas-reflexiones-se-dio-el-segundo-reencuentro-del-acompanamiento-campamento-explora-va\/#primaryimage\"},\"thumbnailUrl\":\"https:\/\/explora.cl\/valparaiso\/wp-content\/uploads\/sites\/7\/2022\/07\/1-foto-campamento-segunda-sesion.png\",\"datePublished\":\"2022-07-06T21:37:22+00:00\",\"dateModified\":\"2022-08-23T14:24:41+00:00\",\"breadcrumb\":{\"@id\":\"https:\/\/explora.cl\/valparaiso\/con-profundas-reflexiones-se-dio-el-segundo-reencuentro-del-acompanamiento-campamento-explora-va\/#breadcrumb\"},\"inLanguage\":\"es-CL\",\"potentialAction\":[{\"@type\":\"ReadAction\",\"target\":[\"https:\/\/explora.cl\/valparaiso\/con-profundas-reflexiones-se-dio-el-segundo-reencuentro-del-acompanamiento-campamento-explora-va\/\"]}]},{\"@type\":\"ImageObject\",\"inLanguage\":\"es-CL\",\"@id\":\"https:\/\/explora.cl\/valparaiso\/con-profundas-reflexiones-se-dio-el-segundo-reencuentro-del-acompanamiento-campamento-explora-va\/#primaryimage\",\"url\":\"https:\/\/explora.cl\/valparaiso\/wp-content\/uploads\/sites\/7\/2022\/07\/1-foto-campamento-segunda-sesion.png\",\"contentUrl\":\"https:\/\/explora.cl\/valparaiso\/wp-content\/uploads\/sites\/7\/2022\/07\/1-foto-campamento-segunda-sesion.png\",\"width\":2880,\"height\":1800},{\"@type\":\"BreadcrumbList\",\"@id\":\"https:\/\/explora.cl\/valparaiso\/con-profundas-reflexiones-se-dio-el-segundo-reencuentro-del-acompanamiento-campamento-explora-va\/#breadcrumb\",\"itemListElement\":[{\"@type\":\"ListItem\",\"position\":1,\"name\":\"Portada\",\"item\":\"https:\/\/explora.cl\/valparaiso\/\"},{\"@type\":\"ListItem\",\"position\":2,\"name\":\"Con profundas reflexiones se dio el segundo reencuentro del acompa\u00f1amiento Campamento Explora VA!\"}]},{\"@type\":\"WebSite\",\"@id\":\"https:\/\/explora.cl\/valparaiso\/#website\",\"url\":\"https:\/\/explora.cl\/valparaiso\/\",\"name\":\"Valpara\u00edso\",\"description\":\"Otro sitio m\u00e1s de explora.cl\",\"publisher\":{\"@id\":\"https:\/\/explora.cl\/valparaiso\/#organization\"},\"potentialAction\":[{\"@type\":\"SearchAction\",\"target\":{\"@type\":\"EntryPoint\",\"urlTemplate\":\"https:\/\/explora.cl\/valparaiso\/?s={search_term_string}\"},\"query-input\":{\"@type\":\"PropertyValueSpecification\",\"valueRequired\":true,\"valueName\":\"search_term_string\"}}],\"inLanguage\":\"es-CL\"},{\"@type\":\"Organization\",\"@id\":\"https:\/\/explora.cl\/valparaiso\/#organization\",\"name\":\"Valpara\u00edso\",\"url\":\"https:\/\/explora.cl\/valparaiso\/\",\"logo\":{\"@type\":\"ImageObject\",\"inLanguage\":\"es-CL\",\"@id\":\"https:\/\/explora.cl\/valparaiso\/#\/schema\/logo\/image\/\",\"url\":\"https:\/\/explora.cl\/valparaiso\/wp-content\/uploads\/sites\/7\/2019\/06\/cropped-logo-explora-color.jpg\",\"contentUrl\":\"https:\/\/explora.cl\/valparaiso\/wp-content\/uploads\/sites\/7\/2019\/06\/cropped-logo-explora-color.jpg\",\"width\":2035,\"height\":584,\"caption\":\"Valpara\u00edso\"},\"image\":{\"@id\":\"https:\/\/explora.cl\/valparaiso\/#\/schema\/logo\/image\/\"}},{\"@type\":\"Person\",\"@id\":\"https:\/\/explora.cl\/valparaiso\/#\/schema\/person\/c15e69495b8dbe0af0102f6bca43ba5d\",\"name\":\"jcastaneda\",\"image\":{\"@type\":\"ImageObject\",\"inLanguage\":\"es-CL\",\"@id\":\"https:\/\/explora.cl\/valparaiso\/#\/schema\/person\/image\/\",\"url\":\"https:\/\/secure.gravatar.com\/avatar\/f26661a8eef2f6444d9633928ef0219fd69e41c5be1ef5ef16afeee7cd4df675?s=96&d=mm&r=g\",\"contentUrl\":\"https:\/\/secure.gravatar.com\/avatar\/f26661a8eef2f6444d9633928ef0219fd69e41c5be1ef5ef16afeee7cd4df675?s=96&d=mm&r=g\",\"caption\":\"jcastaneda\"},\"url\":\"https:\/\/explora.cl\/valparaiso\/author\/jcastaneda\/\"}]}<\/script>\n<!-- \/ Yoast SEO plugin. -->","yoast_head_json":{"title":"Con profundas reflexiones se dio el segundo reencuentro del acompa\u00f1amiento Campamento Explora VA! - Valpara\u00edso","robots":{"index":"index","follow":"follow","max-snippet":"max-snippet:-1","max-image-preview":"max-image-preview:large","max-video-preview":"max-video-preview:-1"},"canonical":"https:\/\/explora.cl\/valparaiso\/con-profundas-reflexiones-se-dio-el-segundo-reencuentro-del-acompanamiento-campamento-explora-va\/","og_locale":"es_ES","og_type":"article","og_title":"Con profundas reflexiones se dio el segundo reencuentro del acompa\u00f1amiento Campamento Explora VA! - Valpara\u00edso","og_description":"El di\u00e1logo y el intercambio de ideas y experiencias entre docentes gu\u00edas de investigaci\u00f3n en espacios escolares marcaron la fecha.","og_url":"https:\/\/explora.cl\/valparaiso\/con-profundas-reflexiones-se-dio-el-segundo-reencuentro-del-acompanamiento-campamento-explora-va\/","og_site_name":"Valpara\u00edso","article_published_time":"2022-07-06T21:37:22+00:00","article_modified_time":"2022-08-23T14:24:41+00:00","og_image":[{"width":1024,"height":640,"url":"https:\/\/explora.cl\/valparaiso\/wp-content\/uploads\/sites\/7\/2022\/07\/1-foto-campamento-segunda-sesion-1024x640.png","type":"image\/png"}],"author":"jcastaneda","twitter_card":"summary_large_image","twitter_misc":{"Escrito por":"jcastaneda","Tiempo estimado de lectura":"5 minutos"},"schema":{"@context":"https:\/\/schema.org","@graph":[{"@type":"Article","@id":"https:\/\/explora.cl\/valparaiso\/con-profundas-reflexiones-se-dio-el-segundo-reencuentro-del-acompanamiento-campamento-explora-va\/#article","isPartOf":{"@id":"https:\/\/explora.cl\/valparaiso\/con-profundas-reflexiones-se-dio-el-segundo-reencuentro-del-acompanamiento-campamento-explora-va\/"},"author":{"name":"jcastaneda","@id":"https:\/\/explora.cl\/valparaiso\/#\/schema\/person\/c15e69495b8dbe0af0102f6bca43ba5d"},"headline":"Con profundas reflexiones se dio el segundo reencuentro del acompa\u00f1amiento Campamento Explora VA!","datePublished":"2022-07-06T21:37:22+00:00","dateModified":"2022-08-23T14:24:41+00:00","mainEntityOfPage":{"@id":"https:\/\/explora.cl\/valparaiso\/con-profundas-reflexiones-se-dio-el-segundo-reencuentro-del-acompanamiento-campamento-explora-va\/"},"wordCount":927,"commentCount":0,"publisher":{"@id":"https:\/\/explora.cl\/valparaiso\/#organization"},"image":{"@id":"https:\/\/explora.cl\/valparaiso\/con-profundas-reflexiones-se-dio-el-segundo-reencuentro-del-acompanamiento-campamento-explora-va\/#primaryimage"},"thumbnailUrl":"https:\/\/explora.cl\/valparaiso\/wp-content\/uploads\/sites\/7\/2022\/07\/1-foto-campamento-segunda-sesion.png","keywords":["Campamento Explora Va!","campamentos para profesores","investigaci\u00f3n escolar"],"articleSection":["Banner","Noticias","Para Comunidad Escolar","Para P\u00fablico General"],"inLanguage":"es-CL","potentialAction":[{"@type":"CommentAction","name":"Comment","target":["https:\/\/explora.cl\/valparaiso\/con-profundas-reflexiones-se-dio-el-segundo-reencuentro-del-acompanamiento-campamento-explora-va\/#respond"]}]},{"@type":"WebPage","@id":"https:\/\/explora.cl\/valparaiso\/con-profundas-reflexiones-se-dio-el-segundo-reencuentro-del-acompanamiento-campamento-explora-va\/","url":"https:\/\/explora.cl\/valparaiso\/con-profundas-reflexiones-se-dio-el-segundo-reencuentro-del-acompanamiento-campamento-explora-va\/","name":"Con profundas reflexiones se dio el segundo reencuentro del acompa\u00f1amiento Campamento Explora VA! - Valpara\u00edso","isPartOf":{"@id":"https:\/\/explora.cl\/valparaiso\/#website"},"primaryImageOfPage":{"@id":"https:\/\/explora.cl\/valparaiso\/con-profundas-reflexiones-se-dio-el-segundo-reencuentro-del-acompanamiento-campamento-explora-va\/#primaryimage"},"image":{"@id":"https:\/\/explora.cl\/valparaiso\/con-profundas-reflexiones-se-dio-el-segundo-reencuentro-del-acompanamiento-campamento-explora-va\/#primaryimage"},"thumbnailUrl":"https:\/\/explora.cl\/valparaiso\/wp-content\/uploads\/sites\/7\/2022\/07\/1-foto-campamento-segunda-sesion.png","datePublished":"2022-07-06T21:37:22+00:00","dateModified":"2022-08-23T14:24:41+00:00","breadcrumb":{"@id":"https:\/\/explora.cl\/valparaiso\/con-profundas-reflexiones-se-dio-el-segundo-reencuentro-del-acompanamiento-campamento-explora-va\/#breadcrumb"},"inLanguage":"es-CL","potentialAction":[{"@type":"ReadAction","target":["https:\/\/explora.cl\/valparaiso\/con-profundas-reflexiones-se-dio-el-segundo-reencuentro-del-acompanamiento-campamento-explora-va\/"]}]},{"@type":"ImageObject","inLanguage":"es-CL","@id":"https:\/\/explora.cl\/valparaiso\/con-profundas-reflexiones-se-dio-el-segundo-reencuentro-del-acompanamiento-campamento-explora-va\/#primaryimage","url":"https:\/\/explora.cl\/valparaiso\/wp-content\/uploads\/sites\/7\/2022\/07\/1-foto-campamento-segunda-sesion.png","contentUrl":"https:\/\/explora.cl\/valparaiso\/wp-content\/uploads\/sites\/7\/2022\/07\/1-foto-campamento-segunda-sesion.png","width":2880,"height":1800},{"@type":"BreadcrumbList","@id":"https:\/\/explora.cl\/valparaiso\/con-profundas-reflexiones-se-dio-el-segundo-reencuentro-del-acompanamiento-campamento-explora-va\/#breadcrumb","itemListElement":[{"@type":"ListItem","position":1,"name":"Portada","item":"https:\/\/explora.cl\/valparaiso\/"},{"@type":"ListItem","position":2,"name":"Con profundas reflexiones se dio el segundo reencuentro del acompa\u00f1amiento Campamento Explora VA!"}]},{"@type":"WebSite","@id":"https:\/\/explora.cl\/valparaiso\/#website","url":"https:\/\/explora.cl\/valparaiso\/","name":"Valpara\u00edso","description":"Otro sitio m\u00e1s de explora.cl","publisher":{"@id":"https:\/\/explora.cl\/valparaiso\/#organization"},"potentialAction":[{"@type":"SearchAction","target":{"@type":"EntryPoint","urlTemplate":"https:\/\/explora.cl\/valparaiso\/?s={search_term_string}"},"query-input":{"@type":"PropertyValueSpecification","valueRequired":true,"valueName":"search_term_string"}}],"inLanguage":"es-CL"},{"@type":"Organization","@id":"https:\/\/explora.cl\/valparaiso\/#organization","name":"Valpara\u00edso","url":"https:\/\/explora.cl\/valparaiso\/","logo":{"@type":"ImageObject","inLanguage":"es-CL","@id":"https:\/\/explora.cl\/valparaiso\/#\/schema\/logo\/image\/","url":"https:\/\/explora.cl\/valparaiso\/wp-content\/uploads\/sites\/7\/2019\/06\/cropped-logo-explora-color.jpg","contentUrl":"https:\/\/explora.cl\/valparaiso\/wp-content\/uploads\/sites\/7\/2019\/06\/cropped-logo-explora-color.jpg","width":2035,"height":584,"caption":"Valpara\u00edso"},"image":{"@id":"https:\/\/explora.cl\/valparaiso\/#\/schema\/logo\/image\/"}},{"@type":"Person","@id":"https:\/\/explora.cl\/valparaiso\/#\/schema\/person\/c15e69495b8dbe0af0102f6bca43ba5d","name":"jcastaneda","image":{"@type":"ImageObject","inLanguage":"es-CL","@id":"https:\/\/explora.cl\/valparaiso\/#\/schema\/person\/image\/","url":"https:\/\/secure.gravatar.com\/avatar\/f26661a8eef2f6444d9633928ef0219fd69e41c5be1ef5ef16afeee7cd4df675?s=96&d=mm&r=g","contentUrl":"https:\/\/secure.gravatar.com\/avatar\/f26661a8eef2f6444d9633928ef0219fd69e41c5be1ef5ef16afeee7cd4df675?s=96&d=mm&r=g","caption":"jcastaneda"},"url":"https:\/\/explora.cl\/valparaiso\/author\/jcastaneda\/"}]}},"_links":{"self":[{"href":"https:\/\/explora.cl\/valparaiso\/wp-json\/wp\/v2\/posts\/42405","targetHints":{"allow":["GET"]}}],"collection":[{"href":"https:\/\/explora.cl\/valparaiso\/wp-json\/wp\/v2\/posts"}],"about":[{"href":"https:\/\/explora.cl\/valparaiso\/wp-json\/wp\/v2\/types\/post"}],"author":[{"embeddable":true,"href":"https:\/\/explora.cl\/valparaiso\/wp-json\/wp\/v2\/users\/22"}],"replies":[{"embeddable":true,"href":"https:\/\/explora.cl\/valparaiso\/wp-json\/wp\/v2\/comments?post=42405"}],"version-history":[{"count":3,"href":"https:\/\/explora.cl\/valparaiso\/wp-json\/wp\/v2\/posts\/42405\/revisions"}],"predecessor-version":[{"id":42412,"href":"https:\/\/explora.cl\/valparaiso\/wp-json\/wp\/v2\/posts\/42405\/revisions\/42412"}],"wp:featuredmedia":[{"embeddable":true,"href":"https:\/\/explora.cl\/valparaiso\/wp-json\/wp\/v2\/media\/42410"}],"wp:attachment":[{"href":"https:\/\/explora.cl\/valparaiso\/wp-json\/wp\/v2\/media?parent=42405"}],"wp:term":[{"taxonomy":"category","embeddable":true,"href":"https:\/\/explora.cl\/valparaiso\/wp-json\/wp\/v2\/categories?post=42405"},{"taxonomy":"post_tag","embeddable":true,"href":"https:\/\/explora.cl\/valparaiso\/wp-json\/wp\/v2\/tags?post=42405"}],"curies":[{"name":"wp","href":"https:\/\/api.w.org\/{rel}","templated":true}]}}