{"id":42370,"date":"2022-06-29T16:53:14","date_gmt":"2022-06-29T20:53:14","guid":{"rendered":"https:\/\/explora.cl\/valparaiso\/?p=42370"},"modified":"2022-07-01T18:03:36","modified_gmt":"2022-07-01T22:03:36","slug":"con-la-activa-participacion-de-mas-de-700-ninos-ninas-y-jovenes-finaliza-la-segunda-etapa-de-las-academias-explora-de-valparaiso","status":"publish","type":"post","link":"https:\/\/explora.cl\/valparaiso\/con-la-activa-participacion-de-mas-de-700-ninos-ninas-y-jovenes-finaliza-la-segunda-etapa-de-las-academias-explora-de-valparaiso\/","title":{"rendered":"Con la activa participaci\u00f3n de m\u00e1s de 700 ni\u00f1os, ni\u00f1as y j\u00f3venes, finaliza la segunda etapa de las Academias Explora de Valpara\u00edso"},"content":{"rendered":"<p><span style=\"color: #008000\"><i><span style=\"font-weight: 400\">Con el entusiasmo y compromiso de estudiantes, docentes y asesores termin\u00f3 el taller de la segunda etapa de las Academias Explora el d\u00eda martes 28 de junio.<\/span><\/i><\/span><\/p>\n<p><!--more--><\/p>\n<p><span style=\"font-weight: 400\">En esta oportunidad cerraron su ciclo en el taller de la comunidad \u201cYaca\u201d, siendo el \u00faltimo grupo de un total de cinco junto a \u201cCururo\u201d, \u201cCalamar de Humboldt\u201d, \u201cPalma Chilena\u201d y \u201cAbejorro Chileno\u201d, especies nativas de nuestro pa\u00eds; quienes durante el presente mes tambi\u00e9n concluyeron la segunda etapa de la <\/span><b>Ruta Academias Explora<\/b><span style=\"font-weight: 400\">, aplicando competencias como actuar con curiosidad, dise\u00f1ar el proyecto de investigaci\u00f3n y trabajar en equipo, junto a sus docentes gu\u00edas, la comunidad cient\u00edfica regional y el equipo Explora.<\/span><\/p>\n<figure id=\"attachment_42375\" aria-describedby=\"caption-attachment-42375\" style=\"width: 300px\" class=\"wp-caption alignleft\"><a href=\"https:\/\/explora.cl\/valparaiso\/con-la-activa-participacion-de-mas-de-700-ninos-ninas-y-jovenes-finaliza-la-segunda-etapa-de-las-academias-explora-de-valparaiso\/captura-de-pantalla-191\/\" rel=\"attachment wp-att-42375\"><img fetchpriority=\"high\" decoding=\"async\" class=\"size-medium wp-image-42375\" src=\"https:\/\/explora.cl\/valparaiso\/wp-content\/uploads\/sites\/7\/2022\/06\/Captura-de-pantalla-191-300x169.png\" alt=\"\" width=\"300\" height=\"169\" srcset=\"https:\/\/explora.cl\/valparaiso\/wp-content\/uploads\/sites\/7\/2022\/06\/Captura-de-pantalla-191-300x169.png 300w, https:\/\/explora.cl\/valparaiso\/wp-content\/uploads\/sites\/7\/2022\/06\/Captura-de-pantalla-191-768x432.png 768w, https:\/\/explora.cl\/valparaiso\/wp-content\/uploads\/sites\/7\/2022\/06\/Captura-de-pantalla-191-1024x576.png 1024w, https:\/\/explora.cl\/valparaiso\/wp-content\/uploads\/sites\/7\/2022\/06\/Captura-de-pantalla-191.png 1920w\" sizes=\"(max-width: 300px) 100vw, 300px\" \/><\/a><figcaption id=\"caption-attachment-42375\" class=\"wp-caption-text\"><em>Cada taller, que agrup\u00f3 a las provincias de la regi\u00f3n, fue nombrado como especies nativas de Chile.<\/em><\/figcaption><\/figure>\n<p><span style=\"font-weight: 400\">As\u00ed concluy\u00f3 el <\/span><b>\u00faltimo taller \u201cDise\u00f1ando un Plan de Trabajo\u201d<\/b><span style=\"font-weight: 400\">, el que buscaba definir los objetivos y el dise\u00f1o metodol\u00f3gico de las Academias Explora participantes de <\/span><b>Investigaci\u00f3n e Innovaci\u00f3n<\/b> <b>Escolar <\/b><span style=\"font-weight: 400\">del <\/span><b>Proyecto Asociativo Regional Explora Valpara\u00edso del Ministerio de Ciencia, Tecnolog\u00eda, Conocimiento e Innovaci\u00f3n.<\/b><\/p>\n<p><span style=\"font-weight: 400\">Con una <\/span><b>convocatoria de m\u00e1s de 700 estudiantes, 70 docentes gu\u00edas y 70 cient\u00edficas y cient\u00edficos asesores <\/b><span style=\"font-weight: 400\">de toda la regi\u00f3n, se concret\u00f3 la serie de l\u00fadicas actividades programadas por Explora Valpara\u00edso a trav\u00e9s de Zoom, para las\u00a0 <\/span><b>provincias de Valpara\u00edso, San Felipe y San Antonio, Quillota, Petorca, Los Andes y Marga Marga<\/b><span style=\"font-weight: 400\">; contando con la participaci\u00f3n de todas y todos los pres<\/span><span style=\"font-weight: 400\">entes en iniciativas como la \u201cB\u00fasqueda del tesoro virtual\u201d o las preguntas abiertas de Mentimeter.<\/span><\/p>\n<p><span style=\"font-weight: 400\">Termina as\u00ed este segundo ciclo de la iniciativa que pretende ser un espacio donde se valore la ciencia, la tecnolog\u00eda y la innovaci\u00f3n, fomentando en los y las escolares el desarrollo de conocimientos, habilidades y actitudes que les permitan formarse como ciudadanos y ciudadanas conscientes con su entorno y capaces de trabajar en equipo.<\/span><\/p>\n<p><b>\u201cFelices\u201d y \u201capoyados\u201d<\/b><\/p>\n<p><span style=\"font-weight: 400\">Al ser consultados sobre c\u00f3mo se sintieron durante la sesi\u00f3n, las y los asistentes concluyeron en su mayor\u00eda que la experiencia hab\u00eda sido muy buena, dado que les \u201csirvieron mucho los consejos\u201d dados por los cient\u00edficos y cient\u00edficas en sus momentos de asesor\u00eda, las que las y los estudiantes calificaron como \u201cmuy c\u00f3modas\u201d, colaborando en que pudiesen sentirse con m\u00e1s \u201cconfianza y seguridad\u201d en sus procesos de investigaci\u00f3n.<\/span><\/p>\n<figure id=\"attachment_42374\" aria-describedby=\"caption-attachment-42374\" style=\"width: 300px\" class=\"wp-caption alignright\"><a href=\"https:\/\/explora.cl\/valparaiso\/con-la-activa-participacion-de-mas-de-700-ninos-ninas-y-jovenes-finaliza-la-segunda-etapa-de-las-academias-explora-de-valparaiso\/captura-de-pantalla-154\/\" rel=\"attachment wp-att-42374\"><img decoding=\"async\" class=\"size-medium wp-image-42374\" src=\"https:\/\/explora.cl\/valparaiso\/wp-content\/uploads\/sites\/7\/2022\/06\/Captura-de-pantalla-154-300x169.png\" alt=\"\" width=\"300\" height=\"169\" srcset=\"https:\/\/explora.cl\/valparaiso\/wp-content\/uploads\/sites\/7\/2022\/06\/Captura-de-pantalla-154-300x169.png 300w, https:\/\/explora.cl\/valparaiso\/wp-content\/uploads\/sites\/7\/2022\/06\/Captura-de-pantalla-154-768x432.png 768w, https:\/\/explora.cl\/valparaiso\/wp-content\/uploads\/sites\/7\/2022\/06\/Captura-de-pantalla-154-1024x576.png 1024w, https:\/\/explora.cl\/valparaiso\/wp-content\/uploads\/sites\/7\/2022\/06\/Captura-de-pantalla-154.png 1920w\" sizes=\"(max-width: 300px) 100vw, 300px\" \/><\/a><figcaption id=\"caption-attachment-42374\" class=\"wp-caption-text\"><em>La din\u00e1mica principal sobre pensamiento cient\u00edfico en esta oportunidad fue &#8220;la b\u00fasqueda del tesoro&#8221;<\/em><\/figcaption><\/figure>\n<p><span style=\"font-weight: 400\">Al momento de despedirse por un tiempo m\u00e1s extenso que lo normal debido a las vacaciones de invierno, desde el equipo de Explora Valpara\u00edso extendieron la invitaci\u00f3n a las ni\u00f1as, ni\u00f1os y j\u00f3venes participantes a reunirse a la vuelta del receso para evaluar los consejos de sus asesores y prepararse para el Taller Navegando en un mar de datos, que comenzar\u00e1 en agosto de este a\u00f1o.<\/span><\/p>\n<p><span style=\"font-weight: 400\">Si quieres saber m\u00e1s sobre esta iniciativa, te invitamos a seguirnos en redes sociales a trav\u00e9s de @exploravalpo en Facebook, Twitter e Instagram, y a visitar<\/span><a href=\"http:\/\/www.academiasexplora.cl\/\"> <span style=\"font-weight: 400\">www.academiasexplora.cl<\/span><\/a><span style=\"font-weight: 400\"> donde podr\u00e1s encontrar recursos e informaci\u00f3n sobre el quehacer de las Academias Explora en la Regi\u00f3n de Valpara\u00edso; instancia que lleva ya seis a\u00f1os fomentando la investigaci\u00f3n y la innovaci\u00f3n escolar.<\/span><\/p>\n","protected":false},"excerpt":{"rendered":"<p>Con el entusiasmo y compromiso de estudiantes, docentes y asesores termin\u00f3 el taller de la segunda etapa de las Academias Explora el d\u00eda martes 28 de junio.<\/p>\n","protected":false},"author":22,"featured_media":42371,"comment_status":"open","ping_status":"open","sticky":false,"template":"","format":"standard","meta":{"_acf_changed":false,"_exactmetrics_skip_tracking":false,"_exactmetrics_sitenote_active":false,"_exactmetrics_sitenote_note":"","_exactmetrics_sitenote_category":0,"footnotes":"","_links_to":"","_links_to_target":""},"categories":[142,4,116,121,126],"tags":[684,177,14,946,894,1168],"class_list":["post-42370","post","type-post","status-publish","format-standard","has-post-thumbnail","hentry","category-lugar-7","category-noticias","category-para-comunidad-escolar","category-para-divulgadores","category-para-publico-general","tag-academia-explora","tag-ciencia-y-tecnologia","tag-investigacion-cientifica-escolar","tag-investigacion-e-innovacion-escolar","tag-ministerio-de-ciencia-y-tecnologia","tag-proyectos-escolares"],"acf":[],"yoast_head":"<!-- This site is optimized with the Yoast SEO plugin v26.9 - https:\/\/yoast.com\/product\/yoast-seo-wordpress\/ -->\n<title>Con la activa participaci\u00f3n de m\u00e1s de 700 ni\u00f1os, ni\u00f1as y j\u00f3venes, finaliza la segunda etapa de las Academias Explora de Valpara\u00edso - Valpara\u00edso<\/title>\n<meta name=\"robots\" content=\"index, follow, max-snippet:-1, max-image-preview:large, max-video-preview:-1\" \/>\n<link rel=\"canonical\" href=\"https:\/\/explora.cl\/valparaiso\/con-la-activa-participacion-de-mas-de-700-ninos-ninas-y-jovenes-finaliza-la-segunda-etapa-de-las-academias-explora-de-valparaiso\/\" class=\"yoast-seo-meta-tag\" \/>\n<meta property=\"og:locale\" content=\"es_ES\" class=\"yoast-seo-meta-tag\" \/>\n<meta property=\"og:type\" content=\"article\" class=\"yoast-seo-meta-tag\" \/>\n<meta property=\"og:title\" content=\"Con la activa participaci\u00f3n de m\u00e1s de 700 ni\u00f1os, ni\u00f1as y j\u00f3venes, finaliza la segunda etapa de las Academias Explora de Valpara\u00edso - Valpara\u00edso\" class=\"yoast-seo-meta-tag\" \/>\n<meta property=\"og:description\" content=\"Con el entusiasmo y compromiso de estudiantes, docentes y asesores termin\u00f3 el taller de la segunda etapa de las Academias Explora el d\u00eda martes 28 de junio.\" class=\"yoast-seo-meta-tag\" \/>\n<meta property=\"og:url\" content=\"https:\/\/explora.cl\/valparaiso\/con-la-activa-participacion-de-mas-de-700-ninos-ninas-y-jovenes-finaliza-la-segunda-etapa-de-las-academias-explora-de-valparaiso\/\" class=\"yoast-seo-meta-tag\" \/>\n<meta property=\"og:site_name\" content=\"Valpara\u00edso\" class=\"yoast-seo-meta-tag\" \/>\n<meta property=\"article:published_time\" content=\"2022-06-29T20:53:14+00:00\" class=\"yoast-seo-meta-tag\" \/>\n<meta property=\"article:modified_time\" content=\"2022-07-01T22:03:36+00:00\" class=\"yoast-seo-meta-tag\" \/>\n<meta property=\"og:image\" content=\"https:\/\/explora.cl\/valparaiso\/wp-content\/uploads\/sites\/7\/2022\/06\/imagen-post-segundo-taller-fin.png\" class=\"yoast-seo-meta-tag\" \/>\n\t<meta property=\"og:image:width\" content=\"735\" class=\"yoast-seo-meta-tag\" \/>\n\t<meta property=\"og:image:height\" content=\"470\" class=\"yoast-seo-meta-tag\" \/>\n\t<meta property=\"og:image:type\" content=\"image\/png\" class=\"yoast-seo-meta-tag\" \/>\n<meta name=\"author\" content=\"jcastaneda\" class=\"yoast-seo-meta-tag\" \/>\n<meta name=\"twitter:card\" content=\"summary_large_image\" class=\"yoast-seo-meta-tag\" \/>\n<meta name=\"twitter:label1\" content=\"Escrito por\" class=\"yoast-seo-meta-tag\" \/>\n\t<meta name=\"twitter:data1\" content=\"jcastaneda\" class=\"yoast-seo-meta-tag\" \/>\n\t<meta name=\"twitter:label2\" content=\"Tiempo estimado de lectura\" class=\"yoast-seo-meta-tag\" \/>\n\t<meta name=\"twitter:data2\" content=\"3 minutos\" class=\"yoast-seo-meta-tag\" \/>\n<script type=\"application\/ld+json\" class=\"yoast-schema-graph\">{\"@context\":\"https:\/\/schema.org\",\"@graph\":[{\"@type\":\"Article\",\"@id\":\"https:\/\/explora.cl\/valparaiso\/con-la-activa-participacion-de-mas-de-700-ninos-ninas-y-jovenes-finaliza-la-segunda-etapa-de-las-academias-explora-de-valparaiso\/#article\",\"isPartOf\":{\"@id\":\"https:\/\/explora.cl\/valparaiso\/con-la-activa-participacion-de-mas-de-700-ninos-ninas-y-jovenes-finaliza-la-segunda-etapa-de-las-academias-explora-de-valparaiso\/\"},\"author\":{\"name\":\"jcastaneda\",\"@id\":\"https:\/\/explora.cl\/valparaiso\/#\/schema\/person\/c15e69495b8dbe0af0102f6bca43ba5d\"},\"headline\":\"Con la activa participaci\u00f3n de m\u00e1s de 700 ni\u00f1os, ni\u00f1as y j\u00f3venes, finaliza la segunda etapa de las Academias Explora de Valpara\u00edso\",\"datePublished\":\"2022-06-29T20:53:14+00:00\",\"dateModified\":\"2022-07-01T22:03:36+00:00\",\"mainEntityOfPage\":{\"@id\":\"https:\/\/explora.cl\/valparaiso\/con-la-activa-participacion-de-mas-de-700-ninos-ninas-y-jovenes-finaliza-la-segunda-etapa-de-las-academias-explora-de-valparaiso\/\"},\"wordCount\":607,\"commentCount\":0,\"publisher\":{\"@id\":\"https:\/\/explora.cl\/valparaiso\/#organization\"},\"image\":{\"@id\":\"https:\/\/explora.cl\/valparaiso\/con-la-activa-participacion-de-mas-de-700-ninos-ninas-y-jovenes-finaliza-la-segunda-etapa-de-las-academias-explora-de-valparaiso\/#primaryimage\"},\"thumbnailUrl\":\"https:\/\/explora.cl\/valparaiso\/wp-content\/uploads\/sites\/7\/2022\/06\/imagen-post-segundo-taller-fin.png\",\"keywords\":[\"Academia Explora\",\"Ciencia y tecnolog\u00eda\",\"investigaci\u00f3n cient\u00edfica escolar\",\"investigaci\u00f3n e innovaci\u00f3n escolar\",\"Ministerio de Ciencia y Tecnolog\u00eda\",\"proyectos escolares\"],\"articleSection\":[\"Lugar 7\",\"Noticias\",\"Para Comunidad Escolar\",\"Para Divulgadores\",\"Para P\u00fablico General\"],\"inLanguage\":\"es-CL\",\"potentialAction\":[{\"@type\":\"CommentAction\",\"name\":\"Comment\",\"target\":[\"https:\/\/explora.cl\/valparaiso\/con-la-activa-participacion-de-mas-de-700-ninos-ninas-y-jovenes-finaliza-la-segunda-etapa-de-las-academias-explora-de-valparaiso\/#respond\"]}]},{\"@type\":\"WebPage\",\"@id\":\"https:\/\/explora.cl\/valparaiso\/con-la-activa-participacion-de-mas-de-700-ninos-ninas-y-jovenes-finaliza-la-segunda-etapa-de-las-academias-explora-de-valparaiso\/\",\"url\":\"https:\/\/explora.cl\/valparaiso\/con-la-activa-participacion-de-mas-de-700-ninos-ninas-y-jovenes-finaliza-la-segunda-etapa-de-las-academias-explora-de-valparaiso\/\",\"name\":\"Con la activa participaci\u00f3n de m\u00e1s de 700 ni\u00f1os, ni\u00f1as y j\u00f3venes, finaliza la segunda etapa de las Academias Explora de Valpara\u00edso - Valpara\u00edso\",\"isPartOf\":{\"@id\":\"https:\/\/explora.cl\/valparaiso\/#website\"},\"primaryImageOfPage\":{\"@id\":\"https:\/\/explora.cl\/valparaiso\/con-la-activa-participacion-de-mas-de-700-ninos-ninas-y-jovenes-finaliza-la-segunda-etapa-de-las-academias-explora-de-valparaiso\/#primaryimage\"},\"image\":{\"@id\":\"https:\/\/explora.cl\/valparaiso\/con-la-activa-participacion-de-mas-de-700-ninos-ninas-y-jovenes-finaliza-la-segunda-etapa-de-las-academias-explora-de-valparaiso\/#primaryimage\"},\"thumbnailUrl\":\"https:\/\/explora.cl\/valparaiso\/wp-content\/uploads\/sites\/7\/2022\/06\/imagen-post-segundo-taller-fin.png\",\"datePublished\":\"2022-06-29T20:53:14+00:00\",\"dateModified\":\"2022-07-01T22:03:36+00:00\",\"breadcrumb\":{\"@id\":\"https:\/\/explora.cl\/valparaiso\/con-la-activa-participacion-de-mas-de-700-ninos-ninas-y-jovenes-finaliza-la-segunda-etapa-de-las-academias-explora-de-valparaiso\/#breadcrumb\"},\"inLanguage\":\"es-CL\",\"potentialAction\":[{\"@type\":\"ReadAction\",\"target\":[\"https:\/\/explora.cl\/valparaiso\/con-la-activa-participacion-de-mas-de-700-ninos-ninas-y-jovenes-finaliza-la-segunda-etapa-de-las-academias-explora-de-valparaiso\/\"]}]},{\"@type\":\"ImageObject\",\"inLanguage\":\"es-CL\",\"@id\":\"https:\/\/explora.cl\/valparaiso\/con-la-activa-participacion-de-mas-de-700-ninos-ninas-y-jovenes-finaliza-la-segunda-etapa-de-las-academias-explora-de-valparaiso\/#primaryimage\",\"url\":\"https:\/\/explora.cl\/valparaiso\/wp-content\/uploads\/sites\/7\/2022\/06\/imagen-post-segundo-taller-fin.png\",\"contentUrl\":\"https:\/\/explora.cl\/valparaiso\/wp-content\/uploads\/sites\/7\/2022\/06\/imagen-post-segundo-taller-fin.png\",\"width\":735,\"height\":470},{\"@type\":\"BreadcrumbList\",\"@id\":\"https:\/\/explora.cl\/valparaiso\/con-la-activa-participacion-de-mas-de-700-ninos-ninas-y-jovenes-finaliza-la-segunda-etapa-de-las-academias-explora-de-valparaiso\/#breadcrumb\",\"itemListElement\":[{\"@type\":\"ListItem\",\"position\":1,\"name\":\"Portada\",\"item\":\"https:\/\/explora.cl\/valparaiso\/\"},{\"@type\":\"ListItem\",\"position\":2,\"name\":\"Con la activa participaci\u00f3n de m\u00e1s de 700 ni\u00f1os, ni\u00f1as y j\u00f3venes, finaliza la segunda etapa de las Academias Explora de Valpara\u00edso\"}]},{\"@type\":\"WebSite\",\"@id\":\"https:\/\/explora.cl\/valparaiso\/#website\",\"url\":\"https:\/\/explora.cl\/valparaiso\/\",\"name\":\"Valpara\u00edso\",\"description\":\"Otro sitio m\u00e1s de explora.cl\",\"publisher\":{\"@id\":\"https:\/\/explora.cl\/valparaiso\/#organization\"},\"potentialAction\":[{\"@type\":\"SearchAction\",\"target\":{\"@type\":\"EntryPoint\",\"urlTemplate\":\"https:\/\/explora.cl\/valparaiso\/?s={search_term_string}\"},\"query-input\":{\"@type\":\"PropertyValueSpecification\",\"valueRequired\":true,\"valueName\":\"search_term_string\"}}],\"inLanguage\":\"es-CL\"},{\"@type\":\"Organization\",\"@id\":\"https:\/\/explora.cl\/valparaiso\/#organization\",\"name\":\"Valpara\u00edso\",\"url\":\"https:\/\/explora.cl\/valparaiso\/\",\"logo\":{\"@type\":\"ImageObject\",\"inLanguage\":\"es-CL\",\"@id\":\"https:\/\/explora.cl\/valparaiso\/#\/schema\/logo\/image\/\",\"url\":\"https:\/\/explora.cl\/valparaiso\/wp-content\/uploads\/sites\/7\/2019\/06\/cropped-logo-explora-color.jpg\",\"contentUrl\":\"https:\/\/explora.cl\/valparaiso\/wp-content\/uploads\/sites\/7\/2019\/06\/cropped-logo-explora-color.jpg\",\"width\":2035,\"height\":584,\"caption\":\"Valpara\u00edso\"},\"image\":{\"@id\":\"https:\/\/explora.cl\/valparaiso\/#\/schema\/logo\/image\/\"}},{\"@type\":\"Person\",\"@id\":\"https:\/\/explora.cl\/valparaiso\/#\/schema\/person\/c15e69495b8dbe0af0102f6bca43ba5d\",\"name\":\"jcastaneda\",\"image\":{\"@type\":\"ImageObject\",\"inLanguage\":\"es-CL\",\"@id\":\"https:\/\/explora.cl\/valparaiso\/#\/schema\/person\/image\/\",\"url\":\"https:\/\/secure.gravatar.com\/avatar\/f26661a8eef2f6444d9633928ef0219fd69e41c5be1ef5ef16afeee7cd4df675?s=96&d=mm&r=g\",\"contentUrl\":\"https:\/\/secure.gravatar.com\/avatar\/f26661a8eef2f6444d9633928ef0219fd69e41c5be1ef5ef16afeee7cd4df675?s=96&d=mm&r=g\",\"caption\":\"jcastaneda\"},\"url\":\"https:\/\/explora.cl\/valparaiso\/author\/jcastaneda\/\"}]}<\/script>\n<!-- \/ Yoast SEO plugin. -->","yoast_head_json":{"title":"Con la activa participaci\u00f3n de m\u00e1s de 700 ni\u00f1os, ni\u00f1as y j\u00f3venes, finaliza la segunda etapa de las Academias Explora de Valpara\u00edso - Valpara\u00edso","robots":{"index":"index","follow":"follow","max-snippet":"max-snippet:-1","max-image-preview":"max-image-preview:large","max-video-preview":"max-video-preview:-1"},"canonical":"https:\/\/explora.cl\/valparaiso\/con-la-activa-participacion-de-mas-de-700-ninos-ninas-y-jovenes-finaliza-la-segunda-etapa-de-las-academias-explora-de-valparaiso\/","og_locale":"es_ES","og_type":"article","og_title":"Con la activa participaci\u00f3n de m\u00e1s de 700 ni\u00f1os, ni\u00f1as y j\u00f3venes, finaliza la segunda etapa de las Academias Explora de Valpara\u00edso - Valpara\u00edso","og_description":"Con el entusiasmo y compromiso de estudiantes, docentes y asesores termin\u00f3 el taller de la segunda etapa de las Academias Explora el d\u00eda martes 28 de junio.","og_url":"https:\/\/explora.cl\/valparaiso\/con-la-activa-participacion-de-mas-de-700-ninos-ninas-y-jovenes-finaliza-la-segunda-etapa-de-las-academias-explora-de-valparaiso\/","og_site_name":"Valpara\u00edso","article_published_time":"2022-06-29T20:53:14+00:00","article_modified_time":"2022-07-01T22:03:36+00:00","og_image":[{"width":735,"height":470,"url":"https:\/\/explora.cl\/valparaiso\/wp-content\/uploads\/sites\/7\/2022\/06\/imagen-post-segundo-taller-fin.png","type":"image\/png"}],"author":"jcastaneda","twitter_card":"summary_large_image","twitter_misc":{"Escrito por":"jcastaneda","Tiempo estimado de lectura":"3 minutos"},"schema":{"@context":"https:\/\/schema.org","@graph":[{"@type":"Article","@id":"https:\/\/explora.cl\/valparaiso\/con-la-activa-participacion-de-mas-de-700-ninos-ninas-y-jovenes-finaliza-la-segunda-etapa-de-las-academias-explora-de-valparaiso\/#article","isPartOf":{"@id":"https:\/\/explora.cl\/valparaiso\/con-la-activa-participacion-de-mas-de-700-ninos-ninas-y-jovenes-finaliza-la-segunda-etapa-de-las-academias-explora-de-valparaiso\/"},"author":{"name":"jcastaneda","@id":"https:\/\/explora.cl\/valparaiso\/#\/schema\/person\/c15e69495b8dbe0af0102f6bca43ba5d"},"headline":"Con la activa participaci\u00f3n de m\u00e1s de 700 ni\u00f1os, ni\u00f1as y j\u00f3venes, finaliza la segunda etapa de las Academias Explora de Valpara\u00edso","datePublished":"2022-06-29T20:53:14+00:00","dateModified":"2022-07-01T22:03:36+00:00","mainEntityOfPage":{"@id":"https:\/\/explora.cl\/valparaiso\/con-la-activa-participacion-de-mas-de-700-ninos-ninas-y-jovenes-finaliza-la-segunda-etapa-de-las-academias-explora-de-valparaiso\/"},"wordCount":607,"commentCount":0,"publisher":{"@id":"https:\/\/explora.cl\/valparaiso\/#organization"},"image":{"@id":"https:\/\/explora.cl\/valparaiso\/con-la-activa-participacion-de-mas-de-700-ninos-ninas-y-jovenes-finaliza-la-segunda-etapa-de-las-academias-explora-de-valparaiso\/#primaryimage"},"thumbnailUrl":"https:\/\/explora.cl\/valparaiso\/wp-content\/uploads\/sites\/7\/2022\/06\/imagen-post-segundo-taller-fin.png","keywords":["Academia Explora","Ciencia y tecnolog\u00eda","investigaci\u00f3n cient\u00edfica escolar","investigaci\u00f3n e innovaci\u00f3n escolar","Ministerio de Ciencia y Tecnolog\u00eda","proyectos escolares"],"articleSection":["Lugar 7","Noticias","Para Comunidad Escolar","Para Divulgadores","Para P\u00fablico General"],"inLanguage":"es-CL","potentialAction":[{"@type":"CommentAction","name":"Comment","target":["https:\/\/explora.cl\/valparaiso\/con-la-activa-participacion-de-mas-de-700-ninos-ninas-y-jovenes-finaliza-la-segunda-etapa-de-las-academias-explora-de-valparaiso\/#respond"]}]},{"@type":"WebPage","@id":"https:\/\/explora.cl\/valparaiso\/con-la-activa-participacion-de-mas-de-700-ninos-ninas-y-jovenes-finaliza-la-segunda-etapa-de-las-academias-explora-de-valparaiso\/","url":"https:\/\/explora.cl\/valparaiso\/con-la-activa-participacion-de-mas-de-700-ninos-ninas-y-jovenes-finaliza-la-segunda-etapa-de-las-academias-explora-de-valparaiso\/","name":"Con la activa participaci\u00f3n de m\u00e1s de 700 ni\u00f1os, ni\u00f1as y j\u00f3venes, finaliza la segunda etapa de las Academias Explora de Valpara\u00edso - Valpara\u00edso","isPartOf":{"@id":"https:\/\/explora.cl\/valparaiso\/#website"},"primaryImageOfPage":{"@id":"https:\/\/explora.cl\/valparaiso\/con-la-activa-participacion-de-mas-de-700-ninos-ninas-y-jovenes-finaliza-la-segunda-etapa-de-las-academias-explora-de-valparaiso\/#primaryimage"},"image":{"@id":"https:\/\/explora.cl\/valparaiso\/con-la-activa-participacion-de-mas-de-700-ninos-ninas-y-jovenes-finaliza-la-segunda-etapa-de-las-academias-explora-de-valparaiso\/#primaryimage"},"thumbnailUrl":"https:\/\/explora.cl\/valparaiso\/wp-content\/uploads\/sites\/7\/2022\/06\/imagen-post-segundo-taller-fin.png","datePublished":"2022-06-29T20:53:14+00:00","dateModified":"2022-07-01T22:03:36+00:00","breadcrumb":{"@id":"https:\/\/explora.cl\/valparaiso\/con-la-activa-participacion-de-mas-de-700-ninos-ninas-y-jovenes-finaliza-la-segunda-etapa-de-las-academias-explora-de-valparaiso\/#breadcrumb"},"inLanguage":"es-CL","potentialAction":[{"@type":"ReadAction","target":["https:\/\/explora.cl\/valparaiso\/con-la-activa-participacion-de-mas-de-700-ninos-ninas-y-jovenes-finaliza-la-segunda-etapa-de-las-academias-explora-de-valparaiso\/"]}]},{"@type":"ImageObject","inLanguage":"es-CL","@id":"https:\/\/explora.cl\/valparaiso\/con-la-activa-participacion-de-mas-de-700-ninos-ninas-y-jovenes-finaliza-la-segunda-etapa-de-las-academias-explora-de-valparaiso\/#primaryimage","url":"https:\/\/explora.cl\/valparaiso\/wp-content\/uploads\/sites\/7\/2022\/06\/imagen-post-segundo-taller-fin.png","contentUrl":"https:\/\/explora.cl\/valparaiso\/wp-content\/uploads\/sites\/7\/2022\/06\/imagen-post-segundo-taller-fin.png","width":735,"height":470},{"@type":"BreadcrumbList","@id":"https:\/\/explora.cl\/valparaiso\/con-la-activa-participacion-de-mas-de-700-ninos-ninas-y-jovenes-finaliza-la-segunda-etapa-de-las-academias-explora-de-valparaiso\/#breadcrumb","itemListElement":[{"@type":"ListItem","position":1,"name":"Portada","item":"https:\/\/explora.cl\/valparaiso\/"},{"@type":"ListItem","position":2,"name":"Con la activa participaci\u00f3n de m\u00e1s de 700 ni\u00f1os, ni\u00f1as y j\u00f3venes, finaliza la segunda etapa de las Academias Explora de Valpara\u00edso"}]},{"@type":"WebSite","@id":"https:\/\/explora.cl\/valparaiso\/#website","url":"https:\/\/explora.cl\/valparaiso\/","name":"Valpara\u00edso","description":"Otro sitio m\u00e1s de explora.cl","publisher":{"@id":"https:\/\/explora.cl\/valparaiso\/#organization"},"potentialAction":[{"@type":"SearchAction","target":{"@type":"EntryPoint","urlTemplate":"https:\/\/explora.cl\/valparaiso\/?s={search_term_string}"},"query-input":{"@type":"PropertyValueSpecification","valueRequired":true,"valueName":"search_term_string"}}],"inLanguage":"es-CL"},{"@type":"Organization","@id":"https:\/\/explora.cl\/valparaiso\/#organization","name":"Valpara\u00edso","url":"https:\/\/explora.cl\/valparaiso\/","logo":{"@type":"ImageObject","inLanguage":"es-CL","@id":"https:\/\/explora.cl\/valparaiso\/#\/schema\/logo\/image\/","url":"https:\/\/explora.cl\/valparaiso\/wp-content\/uploads\/sites\/7\/2019\/06\/cropped-logo-explora-color.jpg","contentUrl":"https:\/\/explora.cl\/valparaiso\/wp-content\/uploads\/sites\/7\/2019\/06\/cropped-logo-explora-color.jpg","width":2035,"height":584,"caption":"Valpara\u00edso"},"image":{"@id":"https:\/\/explora.cl\/valparaiso\/#\/schema\/logo\/image\/"}},{"@type":"Person","@id":"https:\/\/explora.cl\/valparaiso\/#\/schema\/person\/c15e69495b8dbe0af0102f6bca43ba5d","name":"jcastaneda","image":{"@type":"ImageObject","inLanguage":"es-CL","@id":"https:\/\/explora.cl\/valparaiso\/#\/schema\/person\/image\/","url":"https:\/\/secure.gravatar.com\/avatar\/f26661a8eef2f6444d9633928ef0219fd69e41c5be1ef5ef16afeee7cd4df675?s=96&d=mm&r=g","contentUrl":"https:\/\/secure.gravatar.com\/avatar\/f26661a8eef2f6444d9633928ef0219fd69e41c5be1ef5ef16afeee7cd4df675?s=96&d=mm&r=g","caption":"jcastaneda"},"url":"https:\/\/explora.cl\/valparaiso\/author\/jcastaneda\/"}]}},"_links":{"self":[{"href":"https:\/\/explora.cl\/valparaiso\/wp-json\/wp\/v2\/posts\/42370","targetHints":{"allow":["GET"]}}],"collection":[{"href":"https:\/\/explora.cl\/valparaiso\/wp-json\/wp\/v2\/posts"}],"about":[{"href":"https:\/\/explora.cl\/valparaiso\/wp-json\/wp\/v2\/types\/post"}],"author":[{"embeddable":true,"href":"https:\/\/explora.cl\/valparaiso\/wp-json\/wp\/v2\/users\/22"}],"replies":[{"embeddable":true,"href":"https:\/\/explora.cl\/valparaiso\/wp-json\/wp\/v2\/comments?post=42370"}],"version-history":[{"count":5,"href":"https:\/\/explora.cl\/valparaiso\/wp-json\/wp\/v2\/posts\/42370\/revisions"}],"predecessor-version":[{"id":42376,"href":"https:\/\/explora.cl\/valparaiso\/wp-json\/wp\/v2\/posts\/42370\/revisions\/42376"}],"wp:featuredmedia":[{"embeddable":true,"href":"https:\/\/explora.cl\/valparaiso\/wp-json\/wp\/v2\/media\/42371"}],"wp:attachment":[{"href":"https:\/\/explora.cl\/valparaiso\/wp-json\/wp\/v2\/media?parent=42370"}],"wp:term":[{"taxonomy":"category","embeddable":true,"href":"https:\/\/explora.cl\/valparaiso\/wp-json\/wp\/v2\/categories?post=42370"},{"taxonomy":"post_tag","embeddable":true,"href":"https:\/\/explora.cl\/valparaiso\/wp-json\/wp\/v2\/tags?post=42370"}],"curies":[{"name":"wp","href":"https:\/\/api.w.org\/{rel}","templated":true}]}}