{"id":42312,"date":"2022-06-17T15:23:52","date_gmt":"2022-06-17T19:23:52","guid":{"rendered":"https:\/\/explora.cl\/valparaiso\/?p=42312"},"modified":"2022-08-23T10:27:49","modified_gmt":"2022-08-23T14:27:49","slug":"mas-de-300-estudiantes-participan-en-segunda-etapa-de-las-academias-explora-de-investigacion-e-innovacion-escolar-en-la-region-de-valparaiso","status":"publish","type":"post","link":"https:\/\/explora.cl\/valparaiso\/mas-de-300-estudiantes-participan-en-segunda-etapa-de-las-academias-explora-de-investigacion-e-innovacion-escolar-en-la-region-de-valparaiso\/","title":{"rendered":"M\u00e1s de 300 estudiantes participan en segunda etapa de las Academias Explora de Investigaci\u00f3n e Innovaci\u00f3n Escolar en la Regi\u00f3n de Valpara\u00edso"},"content":{"rendered":"<p><span style=\"color: #008000\"><i><span style=\"font-weight: 400\">A trav\u00e9s de la iniciativa \u201cAcademias Explora\u201d, impulsada por el Proyecto Explora Valpara\u00edso, escolares de las provincias del territorio participaron de un taller metodol\u00f3gico, en el que recibieron la asesor\u00eda de cient\u00edficos y cient\u00edficas de las Universidades del Consejo de Rectores de la regi\u00f3n y miembros del Comit\u00e9 Asesor de Explora Valpara\u00edso.<\/span><\/i><\/span><\/p>\n<p><!--more--><\/p>\n<p><span style=\"font-weight: 400\">El martes 14 de junio se dio un <\/span><b>exitoso inicio a la segunda etapa del instrumento implementado por el Proyecto Explora Valpara\u00edso del Ministerio de Ciencia, Tecnolog\u00eda, Conocimiento e Innovaci\u00f3n.<\/b><span style=\"font-weight: 400\"> En esta oportunidad la comunidad estudiantil, docente, cient\u00edfica y el equipo de Explora Valpara\u00edso, se reunieron para <\/span><b>trabajar en torno a los objetivos y la metodolog\u00eda de los proyectos cient\u00edficos en el taller titulado\u00a0 \u201cDise\u00f1ando un Plan de Trabajo\u201d<\/b><span style=\"font-weight: 400\">, a trav\u00e9s de estrategias participativas que <\/span><span style=\"font-weight: 400\">propiciaron la formulaci\u00f3n del dise\u00f1o metodol\u00f3gico de las investigaciones<\/span><span style=\"font-weight: 400\">. Las jornadas son parte del recorrido de la Ruta de aprendizajes de las Academias Explora, en la cual son acompa\u00f1adas en sus procesos de generaci\u00f3n de conocimientos por la comunidad cient\u00edfica regional y el equipo de Explora Valpara\u00edso.\u00a0<\/span><\/p>\n<p><span style=\"font-weight: 400\">Esta l\u00ednea de trabajo es implementada desde el a\u00f1o 2014 a trav\u00e9s de las Academias Explora, las que se presentan como un espacio de trabajo colaborativo al interior de los establecimientos educacionales, donde equipos de estudiantes de Educaci\u00f3n B\u00e1sica y Media, realizan <\/span><b>proyectos de Investigaci\u00f3n e Innovaci\u00f3n<\/b><span style=\"font-weight: 400\">, en los que interact\u00faan con otras Academias y con la comunidad cient\u00edfica y acad\u00e9mica, desde una mirada cr\u00edtica, reflexiva y creativa.<\/span><\/p>\n<figure id=\"attachment_42315\" aria-describedby=\"caption-attachment-42315\" style=\"width: 300px\" class=\"wp-caption alignright\"><a href=\"https:\/\/explora.cl\/valparaiso\/mas-de-300-estudiantes-participan-en-segunda-etapa-de-las-academias-explora-de-investigacion-e-innovacion-escolar-en-la-region-de-valparaiso\/captura-de-pantalla-48-1\/\" rel=\"attachment wp-att-42315\"><img decoding=\"async\" class=\"size-medium wp-image-42315\" src=\"https:\/\/explora.cl\/valparaiso\/wp-content\/uploads\/sites\/7\/2022\/06\/Captura-de-pantalla-48-1-300x138.png\" alt=\"\" width=\"300\" height=\"138\" srcset=\"https:\/\/explora.cl\/valparaiso\/wp-content\/uploads\/sites\/7\/2022\/06\/Captura-de-pantalla-48-1-300x138.png 300w, https:\/\/explora.cl\/valparaiso\/wp-content\/uploads\/sites\/7\/2022\/06\/Captura-de-pantalla-48-1-768x352.png 768w, https:\/\/explora.cl\/valparaiso\/wp-content\/uploads\/sites\/7\/2022\/06\/Captura-de-pantalla-48-1-1024x469.png 1024w, https:\/\/explora.cl\/valparaiso\/wp-content\/uploads\/sites\/7\/2022\/06\/Captura-de-pantalla-48-1.png 1920w\" sizes=\"(max-width: 300px) 100vw, 300px\" \/><\/a><figcaption id=\"caption-attachment-42315\" class=\"wp-caption-text\">Miss Rabbit presenta el programa de la actividad<\/figcaption><\/figure>\n<p><b>Salitas cient\u00edficas<\/b><\/p>\n<p><span style=\"font-weight: 400\">Al momento de aplicar los conocimientos reci\u00e9n adquiridos, cada equipo y su cient\u00edfico o cient\u00edfica asesor\/a se dirigen a una sala en Zoom. En ellas, existe una interacci\u00f3n constante de propuestas, inquietudes, dudas y soluciones. Un caso es el del equipo del <\/span>Colegio Ignacio Carrera Pinto, de la comuna de Los Andes<span style=\"font-weight: 400\">, quienes guiados por su profesor Juan Vega Lazo y acompa\u00f1ados por el cient\u00edfico Juan Yuz del Centro Avanzado de Ingenier\u00eda el\u00e9ctrica y electr\u00f3nica (AC3E) de la Universidad T\u00e9cnica Federico Santa Mar\u00eda, trabajan en el proyecto de investigaci\u00f3n la pregunta \u201c\u00bfQu\u00e9 mecanismo de eficiencia energ\u00e9tica es el adecuado para que la Escuela Ignacio Carrera Pinto pueda reducir el consumo de energ\u00eda el\u00e9ctrica?\u201d.<\/span><\/p>\n<p><span style=\"font-weight: 400\">Durante la interacci\u00f3n el acad\u00e9mico demostr\u00f3 preocupaci\u00f3n por las dudas que inquietan a las y los estudiantes, alent\u00e1ndoles a preguntar, generando un clima de confianza y aprendizaje, con una actitud pedag\u00f3gica y cercana para responder sus preguntas, las que fueron abordadas a trav\u00e9s de diversos recursos, como historia, an\u00e9cdotas y conocimientos espec\u00edficos, despertando as\u00ed el inter\u00e9s de las y los estudiantes, quienes como Gabriela Pe\u00f1aloza, aprovecharon la instancia para realizar una serie de preguntas en un ambiente protegido y de fomento al conocimiento.<\/span><\/p>\n<p><b>Lo que viene<\/b><\/p>\n<p><span style=\"font-weight: 400\">Cabe destacar que el taller comenz\u00f3 este 14 de junio con la participaci\u00f3n de 17 colegios de un total de 72 y 22 cient\u00edficos asesores; finalizando el 25 del mismo mes. La actividad se desarrollar\u00e1 a trav\u00e9s de 5 jornadas, e involucra a las <\/span><b>provincias de Valpara\u00edso, San Felipe y San Antonio, Quillota, Petorca, Los Andes y Marga Marga.<\/b><\/p>\n<p><span style=\"font-weight: 400\">Si quieres saber m\u00e1s sobre esta iniciativa, te invitamos a seguirnos en redes sociales a trav\u00e9s de @exploravalpo en Facebook, Twitter e Instagram, y a visitar<\/span><a href=\"http:\/\/www.academiasexplora.cl\/\"> <span style=\"font-weight: 400\">www.academiasexplora.cl<\/span><\/a><span style=\"font-weight: 400\"> donde podr\u00e1s encontrar recursos e informaci\u00f3n sobre el quehacer de las Academias Explora en la Regi\u00f3n de Valpara\u00edso; instancia que lleva ya seis a\u00f1os fomentando la investigaci\u00f3n y la innovaci\u00f3n escolar.<\/span><\/p>\n","protected":false},"excerpt":{"rendered":"<p>A trav\u00e9s de la iniciativa \u201cAcademias Explora\u201d, impulsada por el Proyecto Explora Valpara\u00edso, escolares de las provincias del territorio participaron de un taller metodol\u00f3gico, en el que recibieron la asesor\u00eda de cient\u00edficos y cient\u00edficas de las Universidades del Consejo de Rectores de la regi\u00f3n y miembros del Comit\u00e9 Asesor de Explora Valpara\u00edso.<\/p>\n","protected":false},"author":22,"featured_media":42313,"comment_status":"open","ping_status":"open","sticky":false,"template":"","format":"standard","meta":{"_acf_changed":false,"_exactmetrics_skip_tracking":false,"_exactmetrics_sitenote_active":false,"_exactmetrics_sitenote_note":"","_exactmetrics_sitenote_category":0,"footnotes":"","_links_to":"","_links_to_target":""},"categories":[4,116,121,126],"tags":[522,1065,1096,986,14,1047],"class_list":["post-42312","post","type-post","status-publish","format-standard","has-post-thumbnail","hentry","category-noticias","category-para-comunidad-escolar","category-para-divulgadores","category-para-publico-general","tag-academias-explora","tag-comunicacion-cientifica-escolar","tag-comunidad-cientifica-regional","tag-iie","tag-investigacion-cientifica-escolar","tag-taller-metodologico"],"acf":[],"yoast_head":"<!-- This site is optimized with the Yoast SEO plugin v26.9 - https:\/\/yoast.com\/product\/yoast-seo-wordpress\/ -->\n<title>M\u00e1s de 300 estudiantes participan en segunda etapa de las Academias Explora de Investigaci\u00f3n e Innovaci\u00f3n Escolar en la Regi\u00f3n de Valpara\u00edso - Valpara\u00edso<\/title>\n<meta name=\"robots\" content=\"index, follow, max-snippet:-1, max-image-preview:large, max-video-preview:-1\" \/>\n<link rel=\"canonical\" href=\"https:\/\/explora.cl\/valparaiso\/mas-de-300-estudiantes-participan-en-segunda-etapa-de-las-academias-explora-de-investigacion-e-innovacion-escolar-en-la-region-de-valparaiso\/\" class=\"yoast-seo-meta-tag\" \/>\n<meta property=\"og:locale\" content=\"es_ES\" class=\"yoast-seo-meta-tag\" \/>\n<meta property=\"og:type\" content=\"article\" class=\"yoast-seo-meta-tag\" \/>\n<meta property=\"og:title\" content=\"M\u00e1s de 300 estudiantes participan en segunda etapa de las Academias Explora de Investigaci\u00f3n e Innovaci\u00f3n Escolar en la Regi\u00f3n de Valpara\u00edso - Valpara\u00edso\" class=\"yoast-seo-meta-tag\" \/>\n<meta property=\"og:description\" content=\"A trav\u00e9s de la iniciativa \u201cAcademias Explora\u201d, impulsada por el Proyecto Explora Valpara\u00edso, escolares de las provincias del territorio participaron de un taller metodol\u00f3gico, en el que recibieron la asesor\u00eda de cient\u00edficos y cient\u00edficas de las Universidades del Consejo de Rectores de la regi\u00f3n y miembros del Comit\u00e9 Asesor de Explora Valpara\u00edso.\" class=\"yoast-seo-meta-tag\" \/>\n<meta property=\"og:url\" content=\"https:\/\/explora.cl\/valparaiso\/mas-de-300-estudiantes-participan-en-segunda-etapa-de-las-academias-explora-de-investigacion-e-innovacion-escolar-en-la-region-de-valparaiso\/\" class=\"yoast-seo-meta-tag\" \/>\n<meta property=\"og:site_name\" content=\"Valpara\u00edso\" class=\"yoast-seo-meta-tag\" \/>\n<meta property=\"article:published_time\" content=\"2022-06-17T19:23:52+00:00\" class=\"yoast-seo-meta-tag\" \/>\n<meta property=\"article:modified_time\" content=\"2022-08-23T14:27:49+00:00\" class=\"yoast-seo-meta-tag\" \/>\n<meta property=\"og:image\" content=\"https:\/\/explora.cl\/valparaiso\/wp-content\/uploads\/sites\/7\/2022\/06\/Captura-de-pantalla-121.png\" class=\"yoast-seo-meta-tag\" \/>\n\t<meta property=\"og:image:width\" content=\"1920\" class=\"yoast-seo-meta-tag\" \/>\n\t<meta property=\"og:image:height\" content=\"1080\" class=\"yoast-seo-meta-tag\" \/>\n\t<meta property=\"og:image:type\" content=\"image\/png\" class=\"yoast-seo-meta-tag\" \/>\n<meta name=\"author\" content=\"jcastaneda\" class=\"yoast-seo-meta-tag\" \/>\n<meta name=\"twitter:card\" content=\"summary_large_image\" class=\"yoast-seo-meta-tag\" \/>\n<meta name=\"twitter:label1\" content=\"Escrito por\" class=\"yoast-seo-meta-tag\" \/>\n\t<meta name=\"twitter:data1\" content=\"jcastaneda\" class=\"yoast-seo-meta-tag\" \/>\n\t<meta name=\"twitter:label2\" content=\"Tiempo estimado de lectura\" class=\"yoast-seo-meta-tag\" \/>\n\t<meta name=\"twitter:data2\" content=\"3 minutos\" class=\"yoast-seo-meta-tag\" \/>\n<script type=\"application\/ld+json\" class=\"yoast-schema-graph\">{\"@context\":\"https:\/\/schema.org\",\"@graph\":[{\"@type\":\"Article\",\"@id\":\"https:\/\/explora.cl\/valparaiso\/mas-de-300-estudiantes-participan-en-segunda-etapa-de-las-academias-explora-de-investigacion-e-innovacion-escolar-en-la-region-de-valparaiso\/#article\",\"isPartOf\":{\"@id\":\"https:\/\/explora.cl\/valparaiso\/mas-de-300-estudiantes-participan-en-segunda-etapa-de-las-academias-explora-de-investigacion-e-innovacion-escolar-en-la-region-de-valparaiso\/\"},\"author\":{\"name\":\"jcastaneda\",\"@id\":\"https:\/\/explora.cl\/valparaiso\/#\/schema\/person\/c15e69495b8dbe0af0102f6bca43ba5d\"},\"headline\":\"M\u00e1s de 300 estudiantes participan en segunda etapa de las Academias Explora de Investigaci\u00f3n e Innovaci\u00f3n Escolar en la Regi\u00f3n de Valpara\u00edso\",\"datePublished\":\"2022-06-17T19:23:52+00:00\",\"dateModified\":\"2022-08-23T14:27:49+00:00\",\"mainEntityOfPage\":{\"@id\":\"https:\/\/explora.cl\/valparaiso\/mas-de-300-estudiantes-participan-en-segunda-etapa-de-las-academias-explora-de-investigacion-e-innovacion-escolar-en-la-region-de-valparaiso\/\"},\"wordCount\":671,\"commentCount\":0,\"publisher\":{\"@id\":\"https:\/\/explora.cl\/valparaiso\/#organization\"},\"image\":{\"@id\":\"https:\/\/explora.cl\/valparaiso\/mas-de-300-estudiantes-participan-en-segunda-etapa-de-las-academias-explora-de-investigacion-e-innovacion-escolar-en-la-region-de-valparaiso\/#primaryimage\"},\"thumbnailUrl\":\"https:\/\/explora.cl\/valparaiso\/wp-content\/uploads\/sites\/7\/2022\/06\/Captura-de-pantalla-121.png\",\"keywords\":[\"Academias EXPLORA\",\"comunicaci\u00f3n cient\u00edfica escolar\",\"comunidad cient\u00edfica regional\",\"IIE\",\"investigaci\u00f3n cient\u00edfica escolar\",\"taller metodol\u00f3gico\"],\"articleSection\":[\"Noticias\",\"Para Comunidad Escolar\",\"Para Divulgadores\",\"Para P\u00fablico General\"],\"inLanguage\":\"es-CL\",\"potentialAction\":[{\"@type\":\"CommentAction\",\"name\":\"Comment\",\"target\":[\"https:\/\/explora.cl\/valparaiso\/mas-de-300-estudiantes-participan-en-segunda-etapa-de-las-academias-explora-de-investigacion-e-innovacion-escolar-en-la-region-de-valparaiso\/#respond\"]}]},{\"@type\":\"WebPage\",\"@id\":\"https:\/\/explora.cl\/valparaiso\/mas-de-300-estudiantes-participan-en-segunda-etapa-de-las-academias-explora-de-investigacion-e-innovacion-escolar-en-la-region-de-valparaiso\/\",\"url\":\"https:\/\/explora.cl\/valparaiso\/mas-de-300-estudiantes-participan-en-segunda-etapa-de-las-academias-explora-de-investigacion-e-innovacion-escolar-en-la-region-de-valparaiso\/\",\"name\":\"M\u00e1s de 300 estudiantes participan en segunda etapa de las Academias Explora de Investigaci\u00f3n e Innovaci\u00f3n Escolar en la Regi\u00f3n de Valpara\u00edso - Valpara\u00edso\",\"isPartOf\":{\"@id\":\"https:\/\/explora.cl\/valparaiso\/#website\"},\"primaryImageOfPage\":{\"@id\":\"https:\/\/explora.cl\/valparaiso\/mas-de-300-estudiantes-participan-en-segunda-etapa-de-las-academias-explora-de-investigacion-e-innovacion-escolar-en-la-region-de-valparaiso\/#primaryimage\"},\"image\":{\"@id\":\"https:\/\/explora.cl\/valparaiso\/mas-de-300-estudiantes-participan-en-segunda-etapa-de-las-academias-explora-de-investigacion-e-innovacion-escolar-en-la-region-de-valparaiso\/#primaryimage\"},\"thumbnailUrl\":\"https:\/\/explora.cl\/valparaiso\/wp-content\/uploads\/sites\/7\/2022\/06\/Captura-de-pantalla-121.png\",\"datePublished\":\"2022-06-17T19:23:52+00:00\",\"dateModified\":\"2022-08-23T14:27:49+00:00\",\"breadcrumb\":{\"@id\":\"https:\/\/explora.cl\/valparaiso\/mas-de-300-estudiantes-participan-en-segunda-etapa-de-las-academias-explora-de-investigacion-e-innovacion-escolar-en-la-region-de-valparaiso\/#breadcrumb\"},\"inLanguage\":\"es-CL\",\"potentialAction\":[{\"@type\":\"ReadAction\",\"target\":[\"https:\/\/explora.cl\/valparaiso\/mas-de-300-estudiantes-participan-en-segunda-etapa-de-las-academias-explora-de-investigacion-e-innovacion-escolar-en-la-region-de-valparaiso\/\"]}]},{\"@type\":\"ImageObject\",\"inLanguage\":\"es-CL\",\"@id\":\"https:\/\/explora.cl\/valparaiso\/mas-de-300-estudiantes-participan-en-segunda-etapa-de-las-academias-explora-de-investigacion-e-innovacion-escolar-en-la-region-de-valparaiso\/#primaryimage\",\"url\":\"https:\/\/explora.cl\/valparaiso\/wp-content\/uploads\/sites\/7\/2022\/06\/Captura-de-pantalla-121.png\",\"contentUrl\":\"https:\/\/explora.cl\/valparaiso\/wp-content\/uploads\/sites\/7\/2022\/06\/Captura-de-pantalla-121.png\",\"width\":1920,\"height\":1080},{\"@type\":\"BreadcrumbList\",\"@id\":\"https:\/\/explora.cl\/valparaiso\/mas-de-300-estudiantes-participan-en-segunda-etapa-de-las-academias-explora-de-investigacion-e-innovacion-escolar-en-la-region-de-valparaiso\/#breadcrumb\",\"itemListElement\":[{\"@type\":\"ListItem\",\"position\":1,\"name\":\"Portada\",\"item\":\"https:\/\/explora.cl\/valparaiso\/\"},{\"@type\":\"ListItem\",\"position\":2,\"name\":\"M\u00e1s de 300 estudiantes participan en segunda etapa de las Academias Explora de Investigaci\u00f3n e Innovaci\u00f3n Escolar en la Regi\u00f3n de Valpara\u00edso\"}]},{\"@type\":\"WebSite\",\"@id\":\"https:\/\/explora.cl\/valparaiso\/#website\",\"url\":\"https:\/\/explora.cl\/valparaiso\/\",\"name\":\"Valpara\u00edso\",\"description\":\"Otro sitio m\u00e1s de explora.cl\",\"publisher\":{\"@id\":\"https:\/\/explora.cl\/valparaiso\/#organization\"},\"potentialAction\":[{\"@type\":\"SearchAction\",\"target\":{\"@type\":\"EntryPoint\",\"urlTemplate\":\"https:\/\/explora.cl\/valparaiso\/?s={search_term_string}\"},\"query-input\":{\"@type\":\"PropertyValueSpecification\",\"valueRequired\":true,\"valueName\":\"search_term_string\"}}],\"inLanguage\":\"es-CL\"},{\"@type\":\"Organization\",\"@id\":\"https:\/\/explora.cl\/valparaiso\/#organization\",\"name\":\"Valpara\u00edso\",\"url\":\"https:\/\/explora.cl\/valparaiso\/\",\"logo\":{\"@type\":\"ImageObject\",\"inLanguage\":\"es-CL\",\"@id\":\"https:\/\/explora.cl\/valparaiso\/#\/schema\/logo\/image\/\",\"url\":\"https:\/\/explora.cl\/valparaiso\/wp-content\/uploads\/sites\/7\/2019\/06\/cropped-logo-explora-color.jpg\",\"contentUrl\":\"https:\/\/explora.cl\/valparaiso\/wp-content\/uploads\/sites\/7\/2019\/06\/cropped-logo-explora-color.jpg\",\"width\":2035,\"height\":584,\"caption\":\"Valpara\u00edso\"},\"image\":{\"@id\":\"https:\/\/explora.cl\/valparaiso\/#\/schema\/logo\/image\/\"}},{\"@type\":\"Person\",\"@id\":\"https:\/\/explora.cl\/valparaiso\/#\/schema\/person\/c15e69495b8dbe0af0102f6bca43ba5d\",\"name\":\"jcastaneda\",\"image\":{\"@type\":\"ImageObject\",\"inLanguage\":\"es-CL\",\"@id\":\"https:\/\/explora.cl\/valparaiso\/#\/schema\/person\/image\/\",\"url\":\"https:\/\/secure.gravatar.com\/avatar\/f26661a8eef2f6444d9633928ef0219fd69e41c5be1ef5ef16afeee7cd4df675?s=96&d=mm&r=g\",\"contentUrl\":\"https:\/\/secure.gravatar.com\/avatar\/f26661a8eef2f6444d9633928ef0219fd69e41c5be1ef5ef16afeee7cd4df675?s=96&d=mm&r=g\",\"caption\":\"jcastaneda\"},\"url\":\"https:\/\/explora.cl\/valparaiso\/author\/jcastaneda\/\"}]}<\/script>\n<!-- \/ Yoast SEO plugin. -->","yoast_head_json":{"title":"M\u00e1s de 300 estudiantes participan en segunda etapa de las Academias Explora de Investigaci\u00f3n e Innovaci\u00f3n Escolar en la Regi\u00f3n de Valpara\u00edso - Valpara\u00edso","robots":{"index":"index","follow":"follow","max-snippet":"max-snippet:-1","max-image-preview":"max-image-preview:large","max-video-preview":"max-video-preview:-1"},"canonical":"https:\/\/explora.cl\/valparaiso\/mas-de-300-estudiantes-participan-en-segunda-etapa-de-las-academias-explora-de-investigacion-e-innovacion-escolar-en-la-region-de-valparaiso\/","og_locale":"es_ES","og_type":"article","og_title":"M\u00e1s de 300 estudiantes participan en segunda etapa de las Academias Explora de Investigaci\u00f3n e Innovaci\u00f3n Escolar en la Regi\u00f3n de Valpara\u00edso - Valpara\u00edso","og_description":"A trav\u00e9s de la iniciativa \u201cAcademias Explora\u201d, impulsada por el Proyecto Explora Valpara\u00edso, escolares de las provincias del territorio participaron de un taller metodol\u00f3gico, en el que recibieron la asesor\u00eda de cient\u00edficos y cient\u00edficas de las Universidades del Consejo de Rectores de la regi\u00f3n y miembros del Comit\u00e9 Asesor de Explora Valpara\u00edso.","og_url":"https:\/\/explora.cl\/valparaiso\/mas-de-300-estudiantes-participan-en-segunda-etapa-de-las-academias-explora-de-investigacion-e-innovacion-escolar-en-la-region-de-valparaiso\/","og_site_name":"Valpara\u00edso","article_published_time":"2022-06-17T19:23:52+00:00","article_modified_time":"2022-08-23T14:27:49+00:00","og_image":[{"width":1920,"height":1080,"url":"https:\/\/explora.cl\/valparaiso\/wp-content\/uploads\/sites\/7\/2022\/06\/Captura-de-pantalla-121.png","type":"image\/png"}],"author":"jcastaneda","twitter_card":"summary_large_image","twitter_misc":{"Escrito por":"jcastaneda","Tiempo estimado de lectura":"3 minutos"},"schema":{"@context":"https:\/\/schema.org","@graph":[{"@type":"Article","@id":"https:\/\/explora.cl\/valparaiso\/mas-de-300-estudiantes-participan-en-segunda-etapa-de-las-academias-explora-de-investigacion-e-innovacion-escolar-en-la-region-de-valparaiso\/#article","isPartOf":{"@id":"https:\/\/explora.cl\/valparaiso\/mas-de-300-estudiantes-participan-en-segunda-etapa-de-las-academias-explora-de-investigacion-e-innovacion-escolar-en-la-region-de-valparaiso\/"},"author":{"name":"jcastaneda","@id":"https:\/\/explora.cl\/valparaiso\/#\/schema\/person\/c15e69495b8dbe0af0102f6bca43ba5d"},"headline":"M\u00e1s de 300 estudiantes participan en segunda etapa de las Academias Explora de Investigaci\u00f3n e Innovaci\u00f3n Escolar en la Regi\u00f3n de Valpara\u00edso","datePublished":"2022-06-17T19:23:52+00:00","dateModified":"2022-08-23T14:27:49+00:00","mainEntityOfPage":{"@id":"https:\/\/explora.cl\/valparaiso\/mas-de-300-estudiantes-participan-en-segunda-etapa-de-las-academias-explora-de-investigacion-e-innovacion-escolar-en-la-region-de-valparaiso\/"},"wordCount":671,"commentCount":0,"publisher":{"@id":"https:\/\/explora.cl\/valparaiso\/#organization"},"image":{"@id":"https:\/\/explora.cl\/valparaiso\/mas-de-300-estudiantes-participan-en-segunda-etapa-de-las-academias-explora-de-investigacion-e-innovacion-escolar-en-la-region-de-valparaiso\/#primaryimage"},"thumbnailUrl":"https:\/\/explora.cl\/valparaiso\/wp-content\/uploads\/sites\/7\/2022\/06\/Captura-de-pantalla-121.png","keywords":["Academias EXPLORA","comunicaci\u00f3n cient\u00edfica escolar","comunidad cient\u00edfica regional","IIE","investigaci\u00f3n cient\u00edfica escolar","taller metodol\u00f3gico"],"articleSection":["Noticias","Para Comunidad Escolar","Para Divulgadores","Para P\u00fablico General"],"inLanguage":"es-CL","potentialAction":[{"@type":"CommentAction","name":"Comment","target":["https:\/\/explora.cl\/valparaiso\/mas-de-300-estudiantes-participan-en-segunda-etapa-de-las-academias-explora-de-investigacion-e-innovacion-escolar-en-la-region-de-valparaiso\/#respond"]}]},{"@type":"WebPage","@id":"https:\/\/explora.cl\/valparaiso\/mas-de-300-estudiantes-participan-en-segunda-etapa-de-las-academias-explora-de-investigacion-e-innovacion-escolar-en-la-region-de-valparaiso\/","url":"https:\/\/explora.cl\/valparaiso\/mas-de-300-estudiantes-participan-en-segunda-etapa-de-las-academias-explora-de-investigacion-e-innovacion-escolar-en-la-region-de-valparaiso\/","name":"M\u00e1s de 300 estudiantes participan en segunda etapa de las Academias Explora de Investigaci\u00f3n e Innovaci\u00f3n Escolar en la Regi\u00f3n de Valpara\u00edso - Valpara\u00edso","isPartOf":{"@id":"https:\/\/explora.cl\/valparaiso\/#website"},"primaryImageOfPage":{"@id":"https:\/\/explora.cl\/valparaiso\/mas-de-300-estudiantes-participan-en-segunda-etapa-de-las-academias-explora-de-investigacion-e-innovacion-escolar-en-la-region-de-valparaiso\/#primaryimage"},"image":{"@id":"https:\/\/explora.cl\/valparaiso\/mas-de-300-estudiantes-participan-en-segunda-etapa-de-las-academias-explora-de-investigacion-e-innovacion-escolar-en-la-region-de-valparaiso\/#primaryimage"},"thumbnailUrl":"https:\/\/explora.cl\/valparaiso\/wp-content\/uploads\/sites\/7\/2022\/06\/Captura-de-pantalla-121.png","datePublished":"2022-06-17T19:23:52+00:00","dateModified":"2022-08-23T14:27:49+00:00","breadcrumb":{"@id":"https:\/\/explora.cl\/valparaiso\/mas-de-300-estudiantes-participan-en-segunda-etapa-de-las-academias-explora-de-investigacion-e-innovacion-escolar-en-la-region-de-valparaiso\/#breadcrumb"},"inLanguage":"es-CL","potentialAction":[{"@type":"ReadAction","target":["https:\/\/explora.cl\/valparaiso\/mas-de-300-estudiantes-participan-en-segunda-etapa-de-las-academias-explora-de-investigacion-e-innovacion-escolar-en-la-region-de-valparaiso\/"]}]},{"@type":"ImageObject","inLanguage":"es-CL","@id":"https:\/\/explora.cl\/valparaiso\/mas-de-300-estudiantes-participan-en-segunda-etapa-de-las-academias-explora-de-investigacion-e-innovacion-escolar-en-la-region-de-valparaiso\/#primaryimage","url":"https:\/\/explora.cl\/valparaiso\/wp-content\/uploads\/sites\/7\/2022\/06\/Captura-de-pantalla-121.png","contentUrl":"https:\/\/explora.cl\/valparaiso\/wp-content\/uploads\/sites\/7\/2022\/06\/Captura-de-pantalla-121.png","width":1920,"height":1080},{"@type":"BreadcrumbList","@id":"https:\/\/explora.cl\/valparaiso\/mas-de-300-estudiantes-participan-en-segunda-etapa-de-las-academias-explora-de-investigacion-e-innovacion-escolar-en-la-region-de-valparaiso\/#breadcrumb","itemListElement":[{"@type":"ListItem","position":1,"name":"Portada","item":"https:\/\/explora.cl\/valparaiso\/"},{"@type":"ListItem","position":2,"name":"M\u00e1s de 300 estudiantes participan en segunda etapa de las Academias Explora de Investigaci\u00f3n e Innovaci\u00f3n Escolar en la Regi\u00f3n de Valpara\u00edso"}]},{"@type":"WebSite","@id":"https:\/\/explora.cl\/valparaiso\/#website","url":"https:\/\/explora.cl\/valparaiso\/","name":"Valpara\u00edso","description":"Otro sitio m\u00e1s de explora.cl","publisher":{"@id":"https:\/\/explora.cl\/valparaiso\/#organization"},"potentialAction":[{"@type":"SearchAction","target":{"@type":"EntryPoint","urlTemplate":"https:\/\/explora.cl\/valparaiso\/?s={search_term_string}"},"query-input":{"@type":"PropertyValueSpecification","valueRequired":true,"valueName":"search_term_string"}}],"inLanguage":"es-CL"},{"@type":"Organization","@id":"https:\/\/explora.cl\/valparaiso\/#organization","name":"Valpara\u00edso","url":"https:\/\/explora.cl\/valparaiso\/","logo":{"@type":"ImageObject","inLanguage":"es-CL","@id":"https:\/\/explora.cl\/valparaiso\/#\/schema\/logo\/image\/","url":"https:\/\/explora.cl\/valparaiso\/wp-content\/uploads\/sites\/7\/2019\/06\/cropped-logo-explora-color.jpg","contentUrl":"https:\/\/explora.cl\/valparaiso\/wp-content\/uploads\/sites\/7\/2019\/06\/cropped-logo-explora-color.jpg","width":2035,"height":584,"caption":"Valpara\u00edso"},"image":{"@id":"https:\/\/explora.cl\/valparaiso\/#\/schema\/logo\/image\/"}},{"@type":"Person","@id":"https:\/\/explora.cl\/valparaiso\/#\/schema\/person\/c15e69495b8dbe0af0102f6bca43ba5d","name":"jcastaneda","image":{"@type":"ImageObject","inLanguage":"es-CL","@id":"https:\/\/explora.cl\/valparaiso\/#\/schema\/person\/image\/","url":"https:\/\/secure.gravatar.com\/avatar\/f26661a8eef2f6444d9633928ef0219fd69e41c5be1ef5ef16afeee7cd4df675?s=96&d=mm&r=g","contentUrl":"https:\/\/secure.gravatar.com\/avatar\/f26661a8eef2f6444d9633928ef0219fd69e41c5be1ef5ef16afeee7cd4df675?s=96&d=mm&r=g","caption":"jcastaneda"},"url":"https:\/\/explora.cl\/valparaiso\/author\/jcastaneda\/"}]}},"_links":{"self":[{"href":"https:\/\/explora.cl\/valparaiso\/wp-json\/wp\/v2\/posts\/42312","targetHints":{"allow":["GET"]}}],"collection":[{"href":"https:\/\/explora.cl\/valparaiso\/wp-json\/wp\/v2\/posts"}],"about":[{"href":"https:\/\/explora.cl\/valparaiso\/wp-json\/wp\/v2\/types\/post"}],"author":[{"embeddable":true,"href":"https:\/\/explora.cl\/valparaiso\/wp-json\/wp\/v2\/users\/22"}],"replies":[{"embeddable":true,"href":"https:\/\/explora.cl\/valparaiso\/wp-json\/wp\/v2\/comments?post=42312"}],"version-history":[{"count":5,"href":"https:\/\/explora.cl\/valparaiso\/wp-json\/wp\/v2\/posts\/42312\/revisions"}],"predecessor-version":[{"id":42319,"href":"https:\/\/explora.cl\/valparaiso\/wp-json\/wp\/v2\/posts\/42312\/revisions\/42319"}],"wp:featuredmedia":[{"embeddable":true,"href":"https:\/\/explora.cl\/valparaiso\/wp-json\/wp\/v2\/media\/42313"}],"wp:attachment":[{"href":"https:\/\/explora.cl\/valparaiso\/wp-json\/wp\/v2\/media?parent=42312"}],"wp:term":[{"taxonomy":"category","embeddable":true,"href":"https:\/\/explora.cl\/valparaiso\/wp-json\/wp\/v2\/categories?post=42312"},{"taxonomy":"post_tag","embeddable":true,"href":"https:\/\/explora.cl\/valparaiso\/wp-json\/wp\/v2\/tags?post=42312"}],"curies":[{"name":"wp","href":"https:\/\/api.w.org\/{rel}","templated":true}]}}