{"id":42292,"date":"2022-06-07T18:08:40","date_gmt":"2022-06-07T22:08:40","guid":{"rendered":"https:\/\/explora.cl\/valparaiso\/?p=42292"},"modified":"2022-06-17T16:06:50","modified_gmt":"2022-06-17T20:06:50","slug":"exitosa-culminacion-de-la-primera-etapa-del-programa-explora-pipe-capacitacion-con-enfoque-de-genero-inclusion-interculturalidad-y-bioetica","status":"publish","type":"post","link":"https:\/\/explora.cl\/valparaiso\/exitosa-culminacion-de-la-primera-etapa-del-programa-explora-pipe-capacitacion-con-enfoque-de-genero-inclusion-interculturalidad-y-bioetica\/","title":{"rendered":"Exitosa culminaci\u00f3n de la primera etapa del programa Explora PIPE: capacitaci\u00f3n con enfoque de G\u00e9nero, Inclusi\u00f3n, Interculturalidad y Bio\u00e9tica."},"content":{"rendered":"<p><span style=\"color: #008000\"><i><span style=\"font-weight: 400\">Luego de 4 sesiones virtuales las duplas pedag\u00f3gicas participantes avanzan en su camino de formaci\u00f3n para potenciar, tanto en ellas como en ni\u00f1os y ni\u00f1as, competencias cient\u00edficas que les ayudar\u00e1n a comprender mejor el mundo que les rodea.<\/span><\/i><\/span><\/p>\n<p><!--more--><\/p>\n<p><span style=\"font-weight: 400\">Con motivaci\u00f3n y aprendizajes consolidados, 33 duplas pedag\u00f3gicas, compuestas por profesionales y t\u00e9cnicas\/os en Educaci\u00f3n Parvularia y Diferencial, finalizan la etapa de capacitaci\u00f3n del Programa de Indagaci\u00f3n para Primeras Edades (PIPE), una propuesta de actividades de aprendizaje alineadas al curr\u00edculum que promueven el desarrollo de competencias\u00a0 a trav\u00e9s de la indagaci\u00f3n.<\/span><\/p>\n<p><span style=\"font-weight: 400\">En principio, las participantes valoraron el trabajo del equipo de Explora Valpara\u00edso, destacando lo significativas que fueron las sesiones para sus aprendizajes y el desarrollo de las competencias asociadas a este proceso, las que fueron planificadas y abordadas por el equipo desde un enfoque din\u00e1mico, interactivo, participativo, colectivo y l\u00fadico.<\/span><\/p>\n<figure id=\"attachment_42295\" aria-describedby=\"caption-attachment-42295\" style=\"width: 300px\" class=\"wp-caption alignleft\"><a href=\"https:\/\/explora.cl\/valparaiso\/exitosa-culminacion-de-la-primera-etapa-del-programa-explora-pipe-capacitacion-con-enfoque-de-genero-inclusion-interculturalidad-y-bioetica\/pipe-capacitacion-1\/\" rel=\"attachment wp-att-42295\"><img fetchpriority=\"high\" decoding=\"async\" class=\"wp-image-42295 size-medium\" src=\"https:\/\/explora.cl\/valparaiso\/wp-content\/uploads\/sites\/7\/2022\/06\/pipe-capacitaci\u00f3n-1-300x169.png\" alt=\"\" width=\"300\" height=\"169\" srcset=\"https:\/\/explora.cl\/valparaiso\/wp-content\/uploads\/sites\/7\/2022\/06\/pipe-capacitaci\u00f3n-1-300x169.png 300w, https:\/\/explora.cl\/valparaiso\/wp-content\/uploads\/sites\/7\/2022\/06\/pipe-capacitaci\u00f3n-1-768x432.png 768w, https:\/\/explora.cl\/valparaiso\/wp-content\/uploads\/sites\/7\/2022\/06\/pipe-capacitaci\u00f3n-1-1024x576.png 1024w, https:\/\/explora.cl\/valparaiso\/wp-content\/uploads\/sites\/7\/2022\/06\/pipe-capacitaci\u00f3n-1.png 1920w\" sizes=\"(max-width: 300px) 100vw, 300px\" \/><\/a><figcaption id=\"caption-attachment-42295\" class=\"wp-caption-text\">El principio de inclusi\u00f3n fue uno de los revisados por las asistentes<\/figcaption><\/figure>\n<p><span style=\"font-weight: 400\"> Durante el proceso se llev\u00f3 a cabo un innovador trabajo colaborativo en la regi\u00f3n, en el que el mundo de la investigaci\u00f3n acad\u00e9mica con basta experiencia en la ense\u00f1anza y aprendizaje de las ciencias en primeras edades, se reunieron con las duplas de Educaci\u00f3n Parvularia. Fueron diversos expositores y expositoras quienes intercambiaron ideas y saberes con las participantes acerca de la importancia de promover la cultura cient\u00edfica en las primeras edades, a trav\u00e9s de la indagaci\u00f3n y la relevancia de incluir los principios Explora para apuntar a una educaci\u00f3n que se adapta y contribuye a las necesidades del siglo XXI.<\/span><\/p>\n<p><span style=\"font-weight: 400\">Inaugur\u00f3 la primera sesi\u00f3n el acad\u00e9mico PUCV Cristian Merino del Laboratorio Did\u00e1ctica de la Qu\u00edmica, con su trabajo \u201cRol de la educaci\u00f3n cient\u00edfica en primeras edades\u201d. En la misma l\u00ednea y continuando con el proceso, realiz\u00f3 la sesi\u00f3n de capacitaci\u00f3n \u201cPIPE en el curr\u00edculum de Educaci\u00f3n Parvularia\u201d, el Acad\u00e9mico Leonardo Comas, de la Escuela Pedagog\u00eda PUCV.<\/span><\/p>\n<p><span style=\"font-weight: 400\">La actividad de cierre, realizada el jueves 2 de junio, reuni\u00f3 a las participantes para reflexionar sobre la importancia de los principios de Explora en PIPE. Estos son G\u00e9nero, Inclusi\u00f3n, Interculturalidad y Bio\u00e9tica, elementos esenciales para ense\u00f1ar y experimentar las ciencias de forma integral y significativa, con un enfoque claro y concreto basado en la certeza de que las Ciencias son un derecho para ni\u00f1as y ni\u00f1os, sin exclusi\u00f3n alguna.<\/span><\/p>\n<figure id=\"attachment_42294\" aria-describedby=\"caption-attachment-42294\" style=\"width: 300px\" class=\"wp-caption alignright\"><a href=\"https:\/\/explora.cl\/valparaiso\/exitosa-culminacion-de-la-primera-etapa-del-programa-explora-pipe-capacitacion-con-enfoque-de-genero-inclusion-interculturalidad-y-bioetica\/pipe-capacitacion-2\/\" rel=\"attachment wp-att-42294\"><img decoding=\"async\" class=\"wp-image-42294 size-medium\" src=\"https:\/\/explora.cl\/valparaiso\/wp-content\/uploads\/sites\/7\/2022\/06\/pipe-capacitacion-2-300x169.png\" alt=\"\" width=\"300\" height=\"169\" srcset=\"https:\/\/explora.cl\/valparaiso\/wp-content\/uploads\/sites\/7\/2022\/06\/pipe-capacitacion-2-300x169.png 300w, https:\/\/explora.cl\/valparaiso\/wp-content\/uploads\/sites\/7\/2022\/06\/pipe-capacitacion-2-768x432.png 768w, https:\/\/explora.cl\/valparaiso\/wp-content\/uploads\/sites\/7\/2022\/06\/pipe-capacitacion-2-1024x576.png 1024w, https:\/\/explora.cl\/valparaiso\/wp-content\/uploads\/sites\/7\/2022\/06\/pipe-capacitacion-2.png 1920w\" sizes=\"(max-width: 300px) 100vw, 300px\" \/><\/a><figcaption id=\"caption-attachment-42294\" class=\"wp-caption-text\">Las duplas tambi\u00e9n conversaron sobre g\u00e9nero a trav\u00e9s de un mini-taller por Katherine Malhue, acad\u00e9mica de la Escuela de Pedagog\u00eda PUCV.<\/figcaption><\/figure>\n<p><span style=\"font-weight: 400\">Al respecto, destacaron las exposiciones de los acad\u00e9micos de la Escuela de Pedagog\u00eda de la PUCV; Katherine Malhue con el \u201cTaller Perspectiva de G\u00e9nero en PIPE\u201d, Richard Quinteros Pino con el \u201cTaller Inclusi\u00f3n en PIPE\u201d, Carolina Ibarra con el \u201cTaller interculturalidad en PIPE\u201d y Lillian P\u00e9rez, desde la Facultad de Ciencias Sociales de la UPLA, con el \u201cTaller Bio\u00e9tica en PIPE\u201d.<\/span><\/p>\n<p><b>Duplas pedag\u00f3gicas \u201centregar el ejemplo en nuestras pr\u00e1cticas hoy, no ma\u00f1ana\u201d<\/b><\/p>\n<p><span style=\"font-weight: 400\">De las duplas participantes, Explora Valpara\u00edso convers\u00f3 con dos de ellas para conocer lo que ha significado esta primera etapa para el desarrollo profesional de cada una. Al respecto concuerdan con que el Programa es una excelente oportunidad para adquirir nuevos conocimientos, trabajar colaborativamente, y reflexionar sobre los principios que aborda PIPE en sus planificaciones y pr\u00e1cticas pedag\u00f3gicas.<\/span><\/p>\n<p><span style=\"font-weight: 400\">As\u00ed, desde el Colegio \u201cNueva Era siglo XXI\u201d de Quillota, Denisse Ram\u00edrez junto a Patricia Pizarro comentan que \u201cSe ve s\u00faper interesante implementarlo con nuestros ni\u00f1os y ni\u00f1as. Profesionalmente nos sirve para nutrirnos de nuevos conocimientos y tambi\u00e9n porque nos permite conocer a nuevas colegas y sus experiencias\u201d.\u00a0 A\u00f1aden que \u201cHay una parte de las ciencias que nos encanta que es cuando tienes que experimentar, me gusta cuando ni\u00f1as y ni\u00f1os van aprendiendo de forma activa. Siento que vamos a sacar algo muy positivo con PIPE y tenemos hartas expectativas de lo que ser\u00e1 ese trabajo\u201d.<\/span><\/p>\n<figure id=\"attachment_42304\" aria-describedby=\"caption-attachment-42304\" style=\"width: 300px\" class=\"wp-caption alignleft\"><a href=\"https:\/\/explora.cl\/valparaiso\/exitosa-culminacion-de-la-primera-etapa-del-programa-explora-pipe-capacitacion-con-enfoque-de-genero-inclusion-interculturalidad-y-bioetica\/colegio-nueva-era-siglo-xxi\/\" rel=\"attachment wp-att-42304\"><img decoding=\"async\" class=\"size-medium wp-image-42304\" src=\"https:\/\/explora.cl\/valparaiso\/wp-content\/uploads\/sites\/7\/2022\/06\/colegio-nueva-era-siglo-XXI-300x225.jpeg\" alt=\"\" width=\"300\" height=\"225\" srcset=\"https:\/\/explora.cl\/valparaiso\/wp-content\/uploads\/sites\/7\/2022\/06\/colegio-nueva-era-siglo-XXI-300x225.jpeg 300w, https:\/\/explora.cl\/valparaiso\/wp-content\/uploads\/sites\/7\/2022\/06\/colegio-nueva-era-siglo-XXI-768x576.jpeg 768w, https:\/\/explora.cl\/valparaiso\/wp-content\/uploads\/sites\/7\/2022\/06\/colegio-nueva-era-siglo-XXI-1024x768.jpeg 1024w, https:\/\/explora.cl\/valparaiso\/wp-content\/uploads\/sites\/7\/2022\/06\/colegio-nueva-era-siglo-XXI.jpeg 1600w\" sizes=\"(max-width: 300px) 100vw, 300px\" \/><\/a><figcaption id=\"caption-attachment-42304\" class=\"wp-caption-text\">Denisse y Patricia junto a ni\u00f1os y ni\u00f1as en el Colegio Nueva Era Siglo XXI.<\/figcaption><\/figure>\n<p><span style=\"font-weight: 400\">En cuanto a los aportes del trabajo basado en los principios se\u00f1alados, desde el Jard\u00edn \u201cPutupur\u201d de Quillota, Paula Medina y Jocelyn Quilodr\u00e1n cuentan que \u201cPara nosotras ha sido un descubrimiento, porque nos hemos dado cuenta que trabajamos ciencia siempre. Entonces en cada sesi\u00f3n aprendemos cosas nuevas, como por ejemplo lo de Bio\u00e9tica. A veces al d\u00eda siguiente del taller aplicamos lo que hemos aprendido. Tenemos muchas ganas de continuar\u201d. Su compa\u00f1era pedag\u00f3gica, agrega \u201cLos ni\u00f1os siempre est\u00e1n explorando, ocupan su sentido cient\u00edfico a trav\u00e9s de una pregunta, cuando ven algo nuevo, cualquier cambio. Esto se puede potenciar en todo momento, ellos siempre quieren desarrollar ese sentido y con el programa podemos apoyarles a\u00fan mejor\u201d.<\/span><\/p>\n<p><span style=\"font-weight: 400\">Respecto al desarrollo de PIPE y sus expectativas, ambas duplas expresaron sus intenciones de continuar en la profundizaci\u00f3n de los aprendizajes que esperan recibir en las siguientes etapas: \u201cEspero aprender nuevos conocimientos para poder entregarlos a ni\u00f1os y ni\u00f1as. Enriquecerme de nuevos contenidos, revisar y estudiar bien los principios para poder aplicarlos\u201d, comenta Denisse.<\/span><\/p>\n<p><span style=\"font-weight: 400\">Por \u00faltimo, Paula menciona su intenci\u00f3n de lograr aplicar una experiencia en ni\u00f1os y ni\u00f1as dise\u00f1ada cient\u00edficamente desde sus bases \u201cQuiero adquirir muchos m\u00e1s conocimientos y herramientas para trabajar de forma adecuada las ciencias. Claro, usamos la ciencia indirectamente pero nosotras queremos aprender a aplicar una experiencia cient\u00edfica de principio a fin\u201d.<\/span><\/p>\n<p><b>Pr\u00f3ximas etapas\u00a0<\/b><\/p>\n<p><span style=\"font-weight: 400\">Respondiendo a sus inquietudes y necesidades, el programa est\u00e1 dise\u00f1ado para que una vez finalizadas estas 4 sesiones de capacitaci\u00f3n, las profesionales avancen a una segunda fase, en la que adapten una actividad\u00a0 <\/span><b>PIPE<\/b><span style=\"font-weight: 400\"> a sus contextos y necesidades. Posteriormente se dar\u00e1 lugar a un tercer paso de implementaci\u00f3n, en la que aplicar\u00e1n junto a ni\u00f1os y ni\u00f1as lo aprendido. Finalmente y en una cuarta etapa, las duplas socializar\u00e1n sus procesos y evaluaciones dando por finalizado el programa en una ceremonia de cierre.<\/span><\/p>\n<p><span style=\"font-weight: 400\">\u00a1Recuerda seguirnos en nuestras redes sociales para estar al tanto de nuevas iniciativas, actividades y contenido cient\u00edfico! Puedes encontrarnos en Facebook, Twitter e Instagram con @exploravalpo y en YouTube b\u00fascanos como Explora Valpara\u00edso.<\/span><\/p>\n","protected":false},"excerpt":{"rendered":"<p>Luego de 4 sesiones virtuales las duplas pedag\u00f3gicas participantes avanzan en su camino de formaci\u00f3n para potenciar, tanto en ellas como en ni\u00f1os y ni\u00f1as, competencias cient\u00edficas que les ayudar\u00e1n a comprender mejor el mundo que les rodea.<\/p>\n","protected":false},"author":22,"featured_media":42293,"comment_status":"open","ping_status":"open","sticky":false,"template":"","format":"standard","meta":{"_acf_changed":false,"_exactmetrics_skip_tracking":false,"_exactmetrics_sitenote_active":false,"_exactmetrics_sitenote_note":"","_exactmetrics_sitenote_category":0,"footnotes":"","_links_to":"","_links_to_target":""},"categories":[143,4,116,126],"tags":[413,181,1136,341,1014,1015],"class_list":["post-42292","post","type-post","status-publish","format-standard","has-post-thumbnail","hentry","category-lugar-8","category-noticias","category-para-comunidad-escolar","category-para-publico-general","tag-capacitacion","tag-educacion-parvularia","tag-educadoras-y-tecnicas","tag-entrevistas","tag-pipe","tag-programa-de-indagacion-para-primeras-edades"],"acf":[],"yoast_head":"<!-- This site is optimized with the Yoast SEO plugin v26.9 - https:\/\/yoast.com\/product\/yoast-seo-wordpress\/ -->\n<title>Exitosa culminaci\u00f3n de la primera etapa del programa Explora PIPE: capacitaci\u00f3n con enfoque de G\u00e9nero, Inclusi\u00f3n, Interculturalidad y Bio\u00e9tica. - Valpara\u00edso<\/title>\n<meta name=\"robots\" content=\"index, follow, max-snippet:-1, max-image-preview:large, max-video-preview:-1\" \/>\n<link rel=\"canonical\" href=\"https:\/\/explora.cl\/valparaiso\/exitosa-culminacion-de-la-primera-etapa-del-programa-explora-pipe-capacitacion-con-enfoque-de-genero-inclusion-interculturalidad-y-bioetica\/\" class=\"yoast-seo-meta-tag\" \/>\n<meta property=\"og:locale\" content=\"es_ES\" class=\"yoast-seo-meta-tag\" \/>\n<meta property=\"og:type\" content=\"article\" class=\"yoast-seo-meta-tag\" \/>\n<meta property=\"og:title\" content=\"Exitosa culminaci\u00f3n de la primera etapa del programa Explora PIPE: capacitaci\u00f3n con enfoque de G\u00e9nero, Inclusi\u00f3n, Interculturalidad y Bio\u00e9tica. - Valpara\u00edso\" class=\"yoast-seo-meta-tag\" \/>\n<meta property=\"og:description\" content=\"Luego de 4 sesiones virtuales las duplas pedag\u00f3gicas participantes avanzan en su camino de formaci\u00f3n para potenciar, tanto en ellas como en ni\u00f1os y ni\u00f1as, competencias cient\u00edficas que les ayudar\u00e1n a comprender mejor el mundo que les rodea.\" class=\"yoast-seo-meta-tag\" \/>\n<meta property=\"og:url\" content=\"https:\/\/explora.cl\/valparaiso\/exitosa-culminacion-de-la-primera-etapa-del-programa-explora-pipe-capacitacion-con-enfoque-de-genero-inclusion-interculturalidad-y-bioetica\/\" class=\"yoast-seo-meta-tag\" \/>\n<meta property=\"og:site_name\" content=\"Valpara\u00edso\" class=\"yoast-seo-meta-tag\" \/>\n<meta property=\"article:published_time\" content=\"2022-06-07T22:08:40+00:00\" class=\"yoast-seo-meta-tag\" \/>\n<meta property=\"article:modified_time\" content=\"2022-06-17T20:06:50+00:00\" class=\"yoast-seo-meta-tag\" \/>\n<meta property=\"og:image\" content=\"https:\/\/explora.cl\/valparaiso\/wp-content\/uploads\/sites\/7\/2022\/06\/1.png\" class=\"yoast-seo-meta-tag\" \/>\n\t<meta property=\"og:image:width\" content=\"1080\" class=\"yoast-seo-meta-tag\" \/>\n\t<meta property=\"og:image:height\" content=\"1080\" class=\"yoast-seo-meta-tag\" \/>\n\t<meta property=\"og:image:type\" content=\"image\/png\" class=\"yoast-seo-meta-tag\" \/>\n<meta name=\"author\" content=\"jcastaneda\" class=\"yoast-seo-meta-tag\" \/>\n<meta name=\"twitter:card\" content=\"summary_large_image\" class=\"yoast-seo-meta-tag\" \/>\n<meta name=\"twitter:label1\" content=\"Escrito por\" class=\"yoast-seo-meta-tag\" \/>\n\t<meta name=\"twitter:data1\" content=\"jcastaneda\" class=\"yoast-seo-meta-tag\" \/>\n\t<meta name=\"twitter:label2\" content=\"Tiempo estimado de lectura\" class=\"yoast-seo-meta-tag\" \/>\n\t<meta name=\"twitter:data2\" content=\"6 minutos\" class=\"yoast-seo-meta-tag\" \/>\n<script type=\"application\/ld+json\" class=\"yoast-schema-graph\">{\"@context\":\"https:\/\/schema.org\",\"@graph\":[{\"@type\":\"Article\",\"@id\":\"https:\/\/explora.cl\/valparaiso\/exitosa-culminacion-de-la-primera-etapa-del-programa-explora-pipe-capacitacion-con-enfoque-de-genero-inclusion-interculturalidad-y-bioetica\/#article\",\"isPartOf\":{\"@id\":\"https:\/\/explora.cl\/valparaiso\/exitosa-culminacion-de-la-primera-etapa-del-programa-explora-pipe-capacitacion-con-enfoque-de-genero-inclusion-interculturalidad-y-bioetica\/\"},\"author\":{\"name\":\"jcastaneda\",\"@id\":\"https:\/\/explora.cl\/valparaiso\/#\/schema\/person\/c15e69495b8dbe0af0102f6bca43ba5d\"},\"headline\":\"Exitosa culminaci\u00f3n de la primera etapa del programa Explora PIPE: capacitaci\u00f3n con enfoque de G\u00e9nero, Inclusi\u00f3n, Interculturalidad y Bio\u00e9tica.\",\"datePublished\":\"2022-06-07T22:08:40+00:00\",\"dateModified\":\"2022-06-17T20:06:50+00:00\",\"mainEntityOfPage\":{\"@id\":\"https:\/\/explora.cl\/valparaiso\/exitosa-culminacion-de-la-primera-etapa-del-programa-explora-pipe-capacitacion-con-enfoque-de-genero-inclusion-interculturalidad-y-bioetica\/\"},\"wordCount\":1129,\"commentCount\":0,\"publisher\":{\"@id\":\"https:\/\/explora.cl\/valparaiso\/#organization\"},\"image\":{\"@id\":\"https:\/\/explora.cl\/valparaiso\/exitosa-culminacion-de-la-primera-etapa-del-programa-explora-pipe-capacitacion-con-enfoque-de-genero-inclusion-interculturalidad-y-bioetica\/#primaryimage\"},\"thumbnailUrl\":\"https:\/\/explora.cl\/valparaiso\/wp-content\/uploads\/sites\/7\/2022\/06\/1.png\",\"keywords\":[\"Capacitaci\u00f3n\",\"educaci\u00f3n parvularia\",\"Educadoras y t\u00e9cnicas\",\"Entrevistas\",\"PIPE\",\"Programa de Indagaci\u00f3n para Primeras Edades\"],\"articleSection\":[\"Lugar 8\",\"Noticias\",\"Para Comunidad Escolar\",\"Para P\u00fablico General\"],\"inLanguage\":\"es-CL\",\"potentialAction\":[{\"@type\":\"CommentAction\",\"name\":\"Comment\",\"target\":[\"https:\/\/explora.cl\/valparaiso\/exitosa-culminacion-de-la-primera-etapa-del-programa-explora-pipe-capacitacion-con-enfoque-de-genero-inclusion-interculturalidad-y-bioetica\/#respond\"]}]},{\"@type\":\"WebPage\",\"@id\":\"https:\/\/explora.cl\/valparaiso\/exitosa-culminacion-de-la-primera-etapa-del-programa-explora-pipe-capacitacion-con-enfoque-de-genero-inclusion-interculturalidad-y-bioetica\/\",\"url\":\"https:\/\/explora.cl\/valparaiso\/exitosa-culminacion-de-la-primera-etapa-del-programa-explora-pipe-capacitacion-con-enfoque-de-genero-inclusion-interculturalidad-y-bioetica\/\",\"name\":\"Exitosa culminaci\u00f3n de la primera etapa del programa Explora PIPE: capacitaci\u00f3n con enfoque de G\u00e9nero, Inclusi\u00f3n, Interculturalidad y Bio\u00e9tica. - Valpara\u00edso\",\"isPartOf\":{\"@id\":\"https:\/\/explora.cl\/valparaiso\/#website\"},\"primaryImageOfPage\":{\"@id\":\"https:\/\/explora.cl\/valparaiso\/exitosa-culminacion-de-la-primera-etapa-del-programa-explora-pipe-capacitacion-con-enfoque-de-genero-inclusion-interculturalidad-y-bioetica\/#primaryimage\"},\"image\":{\"@id\":\"https:\/\/explora.cl\/valparaiso\/exitosa-culminacion-de-la-primera-etapa-del-programa-explora-pipe-capacitacion-con-enfoque-de-genero-inclusion-interculturalidad-y-bioetica\/#primaryimage\"},\"thumbnailUrl\":\"https:\/\/explora.cl\/valparaiso\/wp-content\/uploads\/sites\/7\/2022\/06\/1.png\",\"datePublished\":\"2022-06-07T22:08:40+00:00\",\"dateModified\":\"2022-06-17T20:06:50+00:00\",\"breadcrumb\":{\"@id\":\"https:\/\/explora.cl\/valparaiso\/exitosa-culminacion-de-la-primera-etapa-del-programa-explora-pipe-capacitacion-con-enfoque-de-genero-inclusion-interculturalidad-y-bioetica\/#breadcrumb\"},\"inLanguage\":\"es-CL\",\"potentialAction\":[{\"@type\":\"ReadAction\",\"target\":[\"https:\/\/explora.cl\/valparaiso\/exitosa-culminacion-de-la-primera-etapa-del-programa-explora-pipe-capacitacion-con-enfoque-de-genero-inclusion-interculturalidad-y-bioetica\/\"]}]},{\"@type\":\"ImageObject\",\"inLanguage\":\"es-CL\",\"@id\":\"https:\/\/explora.cl\/valparaiso\/exitosa-culminacion-de-la-primera-etapa-del-programa-explora-pipe-capacitacion-con-enfoque-de-genero-inclusion-interculturalidad-y-bioetica\/#primaryimage\",\"url\":\"https:\/\/explora.cl\/valparaiso\/wp-content\/uploads\/sites\/7\/2022\/06\/1.png\",\"contentUrl\":\"https:\/\/explora.cl\/valparaiso\/wp-content\/uploads\/sites\/7\/2022\/06\/1.png\",\"width\":1080,\"height\":1080},{\"@type\":\"BreadcrumbList\",\"@id\":\"https:\/\/explora.cl\/valparaiso\/exitosa-culminacion-de-la-primera-etapa-del-programa-explora-pipe-capacitacion-con-enfoque-de-genero-inclusion-interculturalidad-y-bioetica\/#breadcrumb\",\"itemListElement\":[{\"@type\":\"ListItem\",\"position\":1,\"name\":\"Portada\",\"item\":\"https:\/\/explora.cl\/valparaiso\/\"},{\"@type\":\"ListItem\",\"position\":2,\"name\":\"Exitosa culminaci\u00f3n de la primera etapa del programa Explora PIPE: capacitaci\u00f3n con enfoque de G\u00e9nero, Inclusi\u00f3n, Interculturalidad y Bio\u00e9tica.\"}]},{\"@type\":\"WebSite\",\"@id\":\"https:\/\/explora.cl\/valparaiso\/#website\",\"url\":\"https:\/\/explora.cl\/valparaiso\/\",\"name\":\"Valpara\u00edso\",\"description\":\"Otro sitio m\u00e1s de explora.cl\",\"publisher\":{\"@id\":\"https:\/\/explora.cl\/valparaiso\/#organization\"},\"potentialAction\":[{\"@type\":\"SearchAction\",\"target\":{\"@type\":\"EntryPoint\",\"urlTemplate\":\"https:\/\/explora.cl\/valparaiso\/?s={search_term_string}\"},\"query-input\":{\"@type\":\"PropertyValueSpecification\",\"valueRequired\":true,\"valueName\":\"search_term_string\"}}],\"inLanguage\":\"es-CL\"},{\"@type\":\"Organization\",\"@id\":\"https:\/\/explora.cl\/valparaiso\/#organization\",\"name\":\"Valpara\u00edso\",\"url\":\"https:\/\/explora.cl\/valparaiso\/\",\"logo\":{\"@type\":\"ImageObject\",\"inLanguage\":\"es-CL\",\"@id\":\"https:\/\/explora.cl\/valparaiso\/#\/schema\/logo\/image\/\",\"url\":\"https:\/\/explora.cl\/valparaiso\/wp-content\/uploads\/sites\/7\/2019\/06\/cropped-logo-explora-color.jpg\",\"contentUrl\":\"https:\/\/explora.cl\/valparaiso\/wp-content\/uploads\/sites\/7\/2019\/06\/cropped-logo-explora-color.jpg\",\"width\":2035,\"height\":584,\"caption\":\"Valpara\u00edso\"},\"image\":{\"@id\":\"https:\/\/explora.cl\/valparaiso\/#\/schema\/logo\/image\/\"}},{\"@type\":\"Person\",\"@id\":\"https:\/\/explora.cl\/valparaiso\/#\/schema\/person\/c15e69495b8dbe0af0102f6bca43ba5d\",\"name\":\"jcastaneda\",\"image\":{\"@type\":\"ImageObject\",\"inLanguage\":\"es-CL\",\"@id\":\"https:\/\/explora.cl\/valparaiso\/#\/schema\/person\/image\/\",\"url\":\"https:\/\/secure.gravatar.com\/avatar\/f26661a8eef2f6444d9633928ef0219fd69e41c5be1ef5ef16afeee7cd4df675?s=96&d=mm&r=g\",\"contentUrl\":\"https:\/\/secure.gravatar.com\/avatar\/f26661a8eef2f6444d9633928ef0219fd69e41c5be1ef5ef16afeee7cd4df675?s=96&d=mm&r=g\",\"caption\":\"jcastaneda\"},\"url\":\"https:\/\/explora.cl\/valparaiso\/author\/jcastaneda\/\"}]}<\/script>\n<!-- \/ Yoast SEO plugin. -->","yoast_head_json":{"title":"Exitosa culminaci\u00f3n de la primera etapa del programa Explora PIPE: capacitaci\u00f3n con enfoque de G\u00e9nero, Inclusi\u00f3n, Interculturalidad y Bio\u00e9tica. - Valpara\u00edso","robots":{"index":"index","follow":"follow","max-snippet":"max-snippet:-1","max-image-preview":"max-image-preview:large","max-video-preview":"max-video-preview:-1"},"canonical":"https:\/\/explora.cl\/valparaiso\/exitosa-culminacion-de-la-primera-etapa-del-programa-explora-pipe-capacitacion-con-enfoque-de-genero-inclusion-interculturalidad-y-bioetica\/","og_locale":"es_ES","og_type":"article","og_title":"Exitosa culminaci\u00f3n de la primera etapa del programa Explora PIPE: capacitaci\u00f3n con enfoque de G\u00e9nero, Inclusi\u00f3n, Interculturalidad y Bio\u00e9tica. - Valpara\u00edso","og_description":"Luego de 4 sesiones virtuales las duplas pedag\u00f3gicas participantes avanzan en su camino de formaci\u00f3n para potenciar, tanto en ellas como en ni\u00f1os y ni\u00f1as, competencias cient\u00edficas que les ayudar\u00e1n a comprender mejor el mundo que les rodea.","og_url":"https:\/\/explora.cl\/valparaiso\/exitosa-culminacion-de-la-primera-etapa-del-programa-explora-pipe-capacitacion-con-enfoque-de-genero-inclusion-interculturalidad-y-bioetica\/","og_site_name":"Valpara\u00edso","article_published_time":"2022-06-07T22:08:40+00:00","article_modified_time":"2022-06-17T20:06:50+00:00","og_image":[{"width":1080,"height":1080,"url":"https:\/\/explora.cl\/valparaiso\/wp-content\/uploads\/sites\/7\/2022\/06\/1.png","type":"image\/png"}],"author":"jcastaneda","twitter_card":"summary_large_image","twitter_misc":{"Escrito por":"jcastaneda","Tiempo estimado de lectura":"6 minutos"},"schema":{"@context":"https:\/\/schema.org","@graph":[{"@type":"Article","@id":"https:\/\/explora.cl\/valparaiso\/exitosa-culminacion-de-la-primera-etapa-del-programa-explora-pipe-capacitacion-con-enfoque-de-genero-inclusion-interculturalidad-y-bioetica\/#article","isPartOf":{"@id":"https:\/\/explora.cl\/valparaiso\/exitosa-culminacion-de-la-primera-etapa-del-programa-explora-pipe-capacitacion-con-enfoque-de-genero-inclusion-interculturalidad-y-bioetica\/"},"author":{"name":"jcastaneda","@id":"https:\/\/explora.cl\/valparaiso\/#\/schema\/person\/c15e69495b8dbe0af0102f6bca43ba5d"},"headline":"Exitosa culminaci\u00f3n de la primera etapa del programa Explora PIPE: capacitaci\u00f3n con enfoque de G\u00e9nero, Inclusi\u00f3n, Interculturalidad y Bio\u00e9tica.","datePublished":"2022-06-07T22:08:40+00:00","dateModified":"2022-06-17T20:06:50+00:00","mainEntityOfPage":{"@id":"https:\/\/explora.cl\/valparaiso\/exitosa-culminacion-de-la-primera-etapa-del-programa-explora-pipe-capacitacion-con-enfoque-de-genero-inclusion-interculturalidad-y-bioetica\/"},"wordCount":1129,"commentCount":0,"publisher":{"@id":"https:\/\/explora.cl\/valparaiso\/#organization"},"image":{"@id":"https:\/\/explora.cl\/valparaiso\/exitosa-culminacion-de-la-primera-etapa-del-programa-explora-pipe-capacitacion-con-enfoque-de-genero-inclusion-interculturalidad-y-bioetica\/#primaryimage"},"thumbnailUrl":"https:\/\/explora.cl\/valparaiso\/wp-content\/uploads\/sites\/7\/2022\/06\/1.png","keywords":["Capacitaci\u00f3n","educaci\u00f3n parvularia","Educadoras y t\u00e9cnicas","Entrevistas","PIPE","Programa de Indagaci\u00f3n para Primeras Edades"],"articleSection":["Lugar 8","Noticias","Para Comunidad Escolar","Para P\u00fablico General"],"inLanguage":"es-CL","potentialAction":[{"@type":"CommentAction","name":"Comment","target":["https:\/\/explora.cl\/valparaiso\/exitosa-culminacion-de-la-primera-etapa-del-programa-explora-pipe-capacitacion-con-enfoque-de-genero-inclusion-interculturalidad-y-bioetica\/#respond"]}]},{"@type":"WebPage","@id":"https:\/\/explora.cl\/valparaiso\/exitosa-culminacion-de-la-primera-etapa-del-programa-explora-pipe-capacitacion-con-enfoque-de-genero-inclusion-interculturalidad-y-bioetica\/","url":"https:\/\/explora.cl\/valparaiso\/exitosa-culminacion-de-la-primera-etapa-del-programa-explora-pipe-capacitacion-con-enfoque-de-genero-inclusion-interculturalidad-y-bioetica\/","name":"Exitosa culminaci\u00f3n de la primera etapa del programa Explora PIPE: capacitaci\u00f3n con enfoque de G\u00e9nero, Inclusi\u00f3n, Interculturalidad y Bio\u00e9tica. - Valpara\u00edso","isPartOf":{"@id":"https:\/\/explora.cl\/valparaiso\/#website"},"primaryImageOfPage":{"@id":"https:\/\/explora.cl\/valparaiso\/exitosa-culminacion-de-la-primera-etapa-del-programa-explora-pipe-capacitacion-con-enfoque-de-genero-inclusion-interculturalidad-y-bioetica\/#primaryimage"},"image":{"@id":"https:\/\/explora.cl\/valparaiso\/exitosa-culminacion-de-la-primera-etapa-del-programa-explora-pipe-capacitacion-con-enfoque-de-genero-inclusion-interculturalidad-y-bioetica\/#primaryimage"},"thumbnailUrl":"https:\/\/explora.cl\/valparaiso\/wp-content\/uploads\/sites\/7\/2022\/06\/1.png","datePublished":"2022-06-07T22:08:40+00:00","dateModified":"2022-06-17T20:06:50+00:00","breadcrumb":{"@id":"https:\/\/explora.cl\/valparaiso\/exitosa-culminacion-de-la-primera-etapa-del-programa-explora-pipe-capacitacion-con-enfoque-de-genero-inclusion-interculturalidad-y-bioetica\/#breadcrumb"},"inLanguage":"es-CL","potentialAction":[{"@type":"ReadAction","target":["https:\/\/explora.cl\/valparaiso\/exitosa-culminacion-de-la-primera-etapa-del-programa-explora-pipe-capacitacion-con-enfoque-de-genero-inclusion-interculturalidad-y-bioetica\/"]}]},{"@type":"ImageObject","inLanguage":"es-CL","@id":"https:\/\/explora.cl\/valparaiso\/exitosa-culminacion-de-la-primera-etapa-del-programa-explora-pipe-capacitacion-con-enfoque-de-genero-inclusion-interculturalidad-y-bioetica\/#primaryimage","url":"https:\/\/explora.cl\/valparaiso\/wp-content\/uploads\/sites\/7\/2022\/06\/1.png","contentUrl":"https:\/\/explora.cl\/valparaiso\/wp-content\/uploads\/sites\/7\/2022\/06\/1.png","width":1080,"height":1080},{"@type":"BreadcrumbList","@id":"https:\/\/explora.cl\/valparaiso\/exitosa-culminacion-de-la-primera-etapa-del-programa-explora-pipe-capacitacion-con-enfoque-de-genero-inclusion-interculturalidad-y-bioetica\/#breadcrumb","itemListElement":[{"@type":"ListItem","position":1,"name":"Portada","item":"https:\/\/explora.cl\/valparaiso\/"},{"@type":"ListItem","position":2,"name":"Exitosa culminaci\u00f3n de la primera etapa del programa Explora PIPE: capacitaci\u00f3n con enfoque de G\u00e9nero, Inclusi\u00f3n, Interculturalidad y Bio\u00e9tica."}]},{"@type":"WebSite","@id":"https:\/\/explora.cl\/valparaiso\/#website","url":"https:\/\/explora.cl\/valparaiso\/","name":"Valpara\u00edso","description":"Otro sitio m\u00e1s de explora.cl","publisher":{"@id":"https:\/\/explora.cl\/valparaiso\/#organization"},"potentialAction":[{"@type":"SearchAction","target":{"@type":"EntryPoint","urlTemplate":"https:\/\/explora.cl\/valparaiso\/?s={search_term_string}"},"query-input":{"@type":"PropertyValueSpecification","valueRequired":true,"valueName":"search_term_string"}}],"inLanguage":"es-CL"},{"@type":"Organization","@id":"https:\/\/explora.cl\/valparaiso\/#organization","name":"Valpara\u00edso","url":"https:\/\/explora.cl\/valparaiso\/","logo":{"@type":"ImageObject","inLanguage":"es-CL","@id":"https:\/\/explora.cl\/valparaiso\/#\/schema\/logo\/image\/","url":"https:\/\/explora.cl\/valparaiso\/wp-content\/uploads\/sites\/7\/2019\/06\/cropped-logo-explora-color.jpg","contentUrl":"https:\/\/explora.cl\/valparaiso\/wp-content\/uploads\/sites\/7\/2019\/06\/cropped-logo-explora-color.jpg","width":2035,"height":584,"caption":"Valpara\u00edso"},"image":{"@id":"https:\/\/explora.cl\/valparaiso\/#\/schema\/logo\/image\/"}},{"@type":"Person","@id":"https:\/\/explora.cl\/valparaiso\/#\/schema\/person\/c15e69495b8dbe0af0102f6bca43ba5d","name":"jcastaneda","image":{"@type":"ImageObject","inLanguage":"es-CL","@id":"https:\/\/explora.cl\/valparaiso\/#\/schema\/person\/image\/","url":"https:\/\/secure.gravatar.com\/avatar\/f26661a8eef2f6444d9633928ef0219fd69e41c5be1ef5ef16afeee7cd4df675?s=96&d=mm&r=g","contentUrl":"https:\/\/secure.gravatar.com\/avatar\/f26661a8eef2f6444d9633928ef0219fd69e41c5be1ef5ef16afeee7cd4df675?s=96&d=mm&r=g","caption":"jcastaneda"},"url":"https:\/\/explora.cl\/valparaiso\/author\/jcastaneda\/"}]}},"_links":{"self":[{"href":"https:\/\/explora.cl\/valparaiso\/wp-json\/wp\/v2\/posts\/42292","targetHints":{"allow":["GET"]}}],"collection":[{"href":"https:\/\/explora.cl\/valparaiso\/wp-json\/wp\/v2\/posts"}],"about":[{"href":"https:\/\/explora.cl\/valparaiso\/wp-json\/wp\/v2\/types\/post"}],"author":[{"embeddable":true,"href":"https:\/\/explora.cl\/valparaiso\/wp-json\/wp\/v2\/users\/22"}],"replies":[{"embeddable":true,"href":"https:\/\/explora.cl\/valparaiso\/wp-json\/wp\/v2\/comments?post=42292"}],"version-history":[{"count":3,"href":"https:\/\/explora.cl\/valparaiso\/wp-json\/wp\/v2\/posts\/42292\/revisions"}],"predecessor-version":[{"id":42306,"href":"https:\/\/explora.cl\/valparaiso\/wp-json\/wp\/v2\/posts\/42292\/revisions\/42306"}],"wp:featuredmedia":[{"embeddable":true,"href":"https:\/\/explora.cl\/valparaiso\/wp-json\/wp\/v2\/media\/42293"}],"wp:attachment":[{"href":"https:\/\/explora.cl\/valparaiso\/wp-json\/wp\/v2\/media?parent=42292"}],"wp:term":[{"taxonomy":"category","embeddable":true,"href":"https:\/\/explora.cl\/valparaiso\/wp-json\/wp\/v2\/categories?post=42292"},{"taxonomy":"post_tag","embeddable":true,"href":"https:\/\/explora.cl\/valparaiso\/wp-json\/wp\/v2\/tags?post=42292"}],"curies":[{"name":"wp","href":"https:\/\/api.w.org\/{rel}","templated":true}]}}