{"id":42276,"date":"2022-06-03T13:48:40","date_gmt":"2022-06-03T17:48:40","guid":{"rendered":"https:\/\/explora.cl\/valparaiso\/?p=42276"},"modified":"2022-06-24T11:43:49","modified_gmt":"2022-06-24T15:43:49","slug":"reencuentro-porteno-representantes-de-organizaciones-renuevan-compromisos-colaborativos-en-xxiv-encuentro-de-la-red-de-cultura-cientifica","status":"publish","type":"post","link":"https:\/\/explora.cl\/valparaiso\/reencuentro-porteno-representantes-de-organizaciones-renuevan-compromisos-colaborativos-en-xxiv-encuentro-de-la-red-de-cultura-cientifica\/","title":{"rendered":"\u00a1Reencuentro porte\u00f1o! Representantes de organizaciones renuevan compromisos colaborativos en XXIV Encuentro de la Red de Cultura Cient\u00edfica"},"content":{"rendered":"<p><span style=\"color: #008000\"><em>Organizaciones de la regi\u00f3n de Valpara\u00edso ligadas a las ciencias, la cultura y las artes se reecuentran en retorno presencial de la Red de Cultura Cient\u00edfica.<\/em><\/span><\/p>\n<p><!--more--><\/p>\n<p><a href=\"https:\/\/explora.cl\/valparaiso\/reencuentro-porteno-representantes-de-organizaciones-renuevan-compromisos-colaborativos-en-xxiv-encuentro-de-la-red-de-cultura-cientifica\/20220602_130821\/\" rel=\"attachment wp-att-42280\"><img fetchpriority=\"high\" decoding=\"async\" class=\"alignleft size-medium wp-image-42280\" src=\"https:\/\/explora.cl\/valparaiso\/wp-content\/uploads\/sites\/7\/2022\/06\/20220602_130821-300x169.jpg\" alt=\"Trabajo en mesa Encuentro Red Cultura Cient\u00edfica\" width=\"300\" height=\"169\" srcset=\"https:\/\/explora.cl\/valparaiso\/wp-content\/uploads\/sites\/7\/2022\/06\/20220602_130821-300x169.jpg 300w, https:\/\/explora.cl\/valparaiso\/wp-content\/uploads\/sites\/7\/2022\/06\/20220602_130821-768x432.jpg 768w, https:\/\/explora.cl\/valparaiso\/wp-content\/uploads\/sites\/7\/2022\/06\/20220602_130821-1024x576.jpg 1024w, https:\/\/explora.cl\/valparaiso\/wp-content\/uploads\/sites\/7\/2022\/06\/20220602_130821.jpg 1200w\" sizes=\"(max-width: 300px) 100vw, 300px\" \/><\/a>Con el objetivo de propiciar un espacio de reencuentro con los y las integrantes de la Red de Cultura Cient\u00edfica, el entramado regional se reuni\u00f3 este jueves 2 de junio en el Restaurant Tres Peces, de Valpara\u00edso. La instancia realizada es el regreso a las acciones presenciales, luego de dos a\u00f1os y medio por razones sanitarias asociadas a la pandemia provocada por el COVID-19, encuentros que durante los a\u00f1os <a href=\"https:\/\/explora.cl\/valparaiso\/genero-interculturalidad-e-inclusion-cruzan-primer-encuentro-de-la-red-de-cultura-cientifica-2021\/\" target=\"_blank\" rel=\"noopener noreferrer\">2020 y 2021<\/a> continuaron realiz\u00e1ndose pero de <a href=\"https:\/\/explora.cl\/valparaiso\/la-inclusion-marca-nuevo-encuentro-de-la-red-de-cultura-cientifica\/\" target=\"_blank\" rel=\"noopener noreferrer\">manera virtual<\/a>.<\/p>\n<p>El encuentro se desarroll\u00f3 en torno a la convergencia de ideas y colaboraciones sumado a la reflexi\u00f3n sobre el quehacer y experiencias de las organizaciones sobre comunicaci\u00f3n social de las ciencias y el conocimiento y cont\u00f3 con la participaci\u00f3n de Camila Lazo Molina, SEREMI de la Mujer y Equidad de G\u00e9nero. La labor de las organizaciones fue compartida entre sus participantes as\u00ed como se repasaron los v\u00ednculos expl\u00edcitos con respecto a perspectiva de g\u00e9nero, interculturalidad e inclusi\u00f3n. Adem\u00e1s, se presentaron pr\u00e1cticas y casos de \u00e9xito que incorporan lo interdisciplinario, desde una perspectiva de propuestas a p\u00fablicos diversos. Las experiencias ser\u00e1n parte del codise\u00f1o de futuras acciones colaborativas 2022 y aquellas que estar\u00e1n enmarcadas dentro de las celebraciones de la Semana de la Ciencia. Revisa aqu\u00ed las <a href=\"https:\/\/www.facebook.com\/media\/set\/?set=a.5654086244602369&amp;type=3\" target=\"_blank\" rel=\"noopener noreferrer\">Fotos Encuentro<\/a>.<\/p>\n<p><a href=\"https:\/\/explora.cl\/valparaiso\/reencuentro-porteno-representantes-de-organizaciones-renuevan-compromisos-colaborativos-en-xxiv-encuentro-de-la-red-de-cultura-cientifica\/20220602_130741\/\" rel=\"attachment wp-att-42278\"><img decoding=\"async\" class=\"alignleft size-medium wp-image-42278\" src=\"https:\/\/explora.cl\/valparaiso\/wp-content\/uploads\/sites\/7\/2022\/06\/20220602_130741-300x169.jpg\" alt=\"\" width=\"300\" height=\"169\" srcset=\"https:\/\/explora.cl\/valparaiso\/wp-content\/uploads\/sites\/7\/2022\/06\/20220602_130741-300x169.jpg 300w, https:\/\/explora.cl\/valparaiso\/wp-content\/uploads\/sites\/7\/2022\/06\/20220602_130741-768x432.jpg 768w, https:\/\/explora.cl\/valparaiso\/wp-content\/uploads\/sites\/7\/2022\/06\/20220602_130741-1024x576.jpg 1024w, https:\/\/explora.cl\/valparaiso\/wp-content\/uploads\/sites\/7\/2022\/06\/20220602_130741.jpg 1200w\" sizes=\"(max-width: 300px) 100vw, 300px\" \/><\/a>Adem\u00e1s, la labor de la Red de Cultura Cient\u00edfica se ha decantado en la articulaci\u00f3n de iniciativas donde se han propuesto colaboraciones para elaboraci\u00f3n de campa\u00f1as p\u00fablicas de divulgaci\u00f3n cient\u00edfica; exposiciones interactivas e itinerantes que se han presentado en centros culturales de todas las provincias de la Regi\u00f3n de Valpara\u00edso; ciclos de conversaciones, proyectos conjuntos entre otras acciones emplazadas en las comunas de la regi\u00f3n.<\/p>\n<p><a href=\"https:\/\/explora.cl\/valparaiso\/reencuentro-porteno-representantes-de-organizaciones-renuevan-compromisos-colaborativos-en-xxiv-encuentro-de-la-red-de-cultura-cientifica\/20220602_120836\/\" rel=\"attachment wp-att-42279\"><img decoding=\"async\" class=\"alignleft size-medium wp-image-42279\" src=\"https:\/\/explora.cl\/valparaiso\/wp-content\/uploads\/sites\/7\/2022\/06\/20220602_120836-300x169.jpg\" alt=\"Encuentro Red Cultura Cient\u00edfica\" width=\"300\" height=\"169\" srcset=\"https:\/\/explora.cl\/valparaiso\/wp-content\/uploads\/sites\/7\/2022\/06\/20220602_120836-300x169.jpg 300w, https:\/\/explora.cl\/valparaiso\/wp-content\/uploads\/sites\/7\/2022\/06\/20220602_120836-768x432.jpg 768w, https:\/\/explora.cl\/valparaiso\/wp-content\/uploads\/sites\/7\/2022\/06\/20220602_120836-1024x576.jpg 1024w, https:\/\/explora.cl\/valparaiso\/wp-content\/uploads\/sites\/7\/2022\/06\/20220602_120836.jpg 1200w\" sizes=\"(max-width: 300px) 100vw, 300px\" \/><\/a>La Red de Cultura Cient\u00edfica re\u00fane a m\u00e1s de medio centenar de instituciones incluyendo museos, centros de investigaci\u00f3n, espacios culturales, instituciones p\u00fablicas, universidades y ONG, entre otras organizaciones. El pr\u00f3ximo Encuentro se realizar\u00e1 el d\u00eda 7 de julio de 2022.<\/p>\n<p>Desde 2013 la Red se re\u00fane de forma presencial y virtualmente y se presenta como un espacio para la identificaci\u00f3n de estrategias colectivas junto a organizaciones relevantes de la cultura, la generaci\u00f3n de conocimiento del territorio y Explora Valpara\u00edso. Su acci\u00f3n contribuye al fortalecimiento de un sistema colaborativo y de aprendizajes organizacionales que propicia los espacios para la reflexi\u00f3n y democratizaci\u00f3n del conocimiento desde contextos locales.<\/p>\n","protected":false},"excerpt":{"rendered":"<p>Organizaciones de la regi\u00f3n de Valpara\u00edso ligadas a las ciencias, la cultura y las artes se reecuentran en retorno presencial de la Red de Cultura Cient\u00edfica.<\/p>\n","protected":false},"author":22,"featured_media":42277,"comment_status":"open","ping_status":"open","sticky":false,"template":"","format":"standard","meta":{"_acf_changed":false,"_exactmetrics_skip_tracking":false,"_exactmetrics_sitenote_active":false,"_exactmetrics_sitenote_note":"","_exactmetrics_sitenote_category":0,"footnotes":"","_links_to":"","_links_to_target":""},"categories":[151,136,142,4],"tags":[1026,1060,1159,442,174,106,1028],"class_list":["post-42276","post","type-post","status-publish","format-standard","has-post-thumbnail","hentry","category-banner","category-lugar-1","category-lugar-7","category-noticias","tag-brecha-de-genero-en-ciencias","tag-inclusion-educativa","tag-interculturalidad","tag-red-de-cultura-cientifica","tag-region-de-valparaiso","tag-semana-de-la-ciencia","tag-sesgo-de-genero"],"acf":[],"yoast_head":"<!-- This site is optimized with the Yoast SEO plugin v26.9 - https:\/\/yoast.com\/product\/yoast-seo-wordpress\/ -->\n<title>\u00a1Reencuentro porte\u00f1o! Representantes de organizaciones renuevan compromisos colaborativos en XXIV Encuentro de la Red de Cultura Cient\u00edfica - Valpara\u00edso<\/title>\n<meta name=\"robots\" content=\"index, follow, max-snippet:-1, max-image-preview:large, max-video-preview:-1\" \/>\n<link rel=\"canonical\" href=\"https:\/\/explora.cl\/valparaiso\/reencuentro-porteno-representantes-de-organizaciones-renuevan-compromisos-colaborativos-en-xxiv-encuentro-de-la-red-de-cultura-cientifica\/\" class=\"yoast-seo-meta-tag\" \/>\n<meta property=\"og:locale\" content=\"es_ES\" class=\"yoast-seo-meta-tag\" \/>\n<meta property=\"og:type\" content=\"article\" class=\"yoast-seo-meta-tag\" \/>\n<meta property=\"og:title\" content=\"\u00a1Reencuentro porte\u00f1o! Representantes de organizaciones renuevan compromisos colaborativos en XXIV Encuentro de la Red de Cultura Cient\u00edfica - Valpara\u00edso\" class=\"yoast-seo-meta-tag\" \/>\n<meta property=\"og:description\" content=\"Organizaciones de la regi\u00f3n de Valpara\u00edso ligadas a las ciencias, la cultura y las artes se reecuentran en retorno presencial de la Red de Cultura Cient\u00edfica.\" class=\"yoast-seo-meta-tag\" \/>\n<meta property=\"og:url\" content=\"https:\/\/explora.cl\/valparaiso\/reencuentro-porteno-representantes-de-organizaciones-renuevan-compromisos-colaborativos-en-xxiv-encuentro-de-la-red-de-cultura-cientifica\/\" class=\"yoast-seo-meta-tag\" \/>\n<meta property=\"og:site_name\" content=\"Valpara\u00edso\" class=\"yoast-seo-meta-tag\" \/>\n<meta property=\"article:published_time\" content=\"2022-06-03T17:48:40+00:00\" class=\"yoast-seo-meta-tag\" \/>\n<meta property=\"article:modified_time\" content=\"2022-06-24T15:43:49+00:00\" class=\"yoast-seo-meta-tag\" \/>\n<meta property=\"og:image\" content=\"https:\/\/explora.cl\/valparaiso\/wp-content\/uploads\/sites\/7\/2022\/06\/grupal_oficial.png\" class=\"yoast-seo-meta-tag\" \/>\n\t<meta property=\"og:image:width\" content=\"1200\" class=\"yoast-seo-meta-tag\" \/>\n\t<meta property=\"og:image:height\" content=\"799\" class=\"yoast-seo-meta-tag\" \/>\n\t<meta property=\"og:image:type\" content=\"image\/png\" class=\"yoast-seo-meta-tag\" \/>\n<meta name=\"author\" content=\"jcastaneda\" class=\"yoast-seo-meta-tag\" \/>\n<meta name=\"twitter:card\" content=\"summary_large_image\" class=\"yoast-seo-meta-tag\" \/>\n<meta name=\"twitter:label1\" content=\"Escrito por\" class=\"yoast-seo-meta-tag\" \/>\n\t<meta name=\"twitter:data1\" content=\"jcastaneda\" class=\"yoast-seo-meta-tag\" \/>\n\t<meta name=\"twitter:label2\" content=\"Tiempo estimado de lectura\" class=\"yoast-seo-meta-tag\" \/>\n\t<meta name=\"twitter:data2\" content=\"2 minutos\" class=\"yoast-seo-meta-tag\" \/>\n<script type=\"application\/ld+json\" class=\"yoast-schema-graph\">{\"@context\":\"https:\/\/schema.org\",\"@graph\":[{\"@type\":\"Article\",\"@id\":\"https:\/\/explora.cl\/valparaiso\/reencuentro-porteno-representantes-de-organizaciones-renuevan-compromisos-colaborativos-en-xxiv-encuentro-de-la-red-de-cultura-cientifica\/#article\",\"isPartOf\":{\"@id\":\"https:\/\/explora.cl\/valparaiso\/reencuentro-porteno-representantes-de-organizaciones-renuevan-compromisos-colaborativos-en-xxiv-encuentro-de-la-red-de-cultura-cientifica\/\"},\"author\":{\"name\":\"jcastaneda\",\"@id\":\"https:\/\/explora.cl\/valparaiso\/#\/schema\/person\/c15e69495b8dbe0af0102f6bca43ba5d\"},\"headline\":\"\u00a1Reencuentro porte\u00f1o! Representantes de organizaciones renuevan compromisos colaborativos en XXIV Encuentro de la Red de Cultura Cient\u00edfica\",\"datePublished\":\"2022-06-03T17:48:40+00:00\",\"dateModified\":\"2022-06-24T15:43:49+00:00\",\"mainEntityOfPage\":{\"@id\":\"https:\/\/explora.cl\/valparaiso\/reencuentro-porteno-representantes-de-organizaciones-renuevan-compromisos-colaborativos-en-xxiv-encuentro-de-la-red-de-cultura-cientifica\/\"},\"wordCount\":462,\"commentCount\":0,\"publisher\":{\"@id\":\"https:\/\/explora.cl\/valparaiso\/#organization\"},\"image\":{\"@id\":\"https:\/\/explora.cl\/valparaiso\/reencuentro-porteno-representantes-de-organizaciones-renuevan-compromisos-colaborativos-en-xxiv-encuentro-de-la-red-de-cultura-cientifica\/#primaryimage\"},\"thumbnailUrl\":\"https:\/\/explora.cl\/valparaiso\/wp-content\/uploads\/sites\/7\/2022\/06\/grupal_oficial.png\",\"keywords\":[\"brecha de g\u00e9nero en ciencias\",\"inclusi\u00f3n educativa\",\"interculturalidad\",\"Red de Cultura Cient\u00edfica\",\"Regi\u00f3n de Valpara\u00edso\",\"semana de la ciencia\",\"sesgo de g\u00e9nero\"],\"articleSection\":[\"Banner\",\"Lugar 1\",\"Lugar 7\",\"Noticias\"],\"inLanguage\":\"es-CL\",\"potentialAction\":[{\"@type\":\"CommentAction\",\"name\":\"Comment\",\"target\":[\"https:\/\/explora.cl\/valparaiso\/reencuentro-porteno-representantes-de-organizaciones-renuevan-compromisos-colaborativos-en-xxiv-encuentro-de-la-red-de-cultura-cientifica\/#respond\"]}]},{\"@type\":\"WebPage\",\"@id\":\"https:\/\/explora.cl\/valparaiso\/reencuentro-porteno-representantes-de-organizaciones-renuevan-compromisos-colaborativos-en-xxiv-encuentro-de-la-red-de-cultura-cientifica\/\",\"url\":\"https:\/\/explora.cl\/valparaiso\/reencuentro-porteno-representantes-de-organizaciones-renuevan-compromisos-colaborativos-en-xxiv-encuentro-de-la-red-de-cultura-cientifica\/\",\"name\":\"\u00a1Reencuentro porte\u00f1o! Representantes de organizaciones renuevan compromisos colaborativos en XXIV Encuentro de la Red de Cultura Cient\u00edfica - Valpara\u00edso\",\"isPartOf\":{\"@id\":\"https:\/\/explora.cl\/valparaiso\/#website\"},\"primaryImageOfPage\":{\"@id\":\"https:\/\/explora.cl\/valparaiso\/reencuentro-porteno-representantes-de-organizaciones-renuevan-compromisos-colaborativos-en-xxiv-encuentro-de-la-red-de-cultura-cientifica\/#primaryimage\"},\"image\":{\"@id\":\"https:\/\/explora.cl\/valparaiso\/reencuentro-porteno-representantes-de-organizaciones-renuevan-compromisos-colaborativos-en-xxiv-encuentro-de-la-red-de-cultura-cientifica\/#primaryimage\"},\"thumbnailUrl\":\"https:\/\/explora.cl\/valparaiso\/wp-content\/uploads\/sites\/7\/2022\/06\/grupal_oficial.png\",\"datePublished\":\"2022-06-03T17:48:40+00:00\",\"dateModified\":\"2022-06-24T15:43:49+00:00\",\"breadcrumb\":{\"@id\":\"https:\/\/explora.cl\/valparaiso\/reencuentro-porteno-representantes-de-organizaciones-renuevan-compromisos-colaborativos-en-xxiv-encuentro-de-la-red-de-cultura-cientifica\/#breadcrumb\"},\"inLanguage\":\"es-CL\",\"potentialAction\":[{\"@type\":\"ReadAction\",\"target\":[\"https:\/\/explora.cl\/valparaiso\/reencuentro-porteno-representantes-de-organizaciones-renuevan-compromisos-colaborativos-en-xxiv-encuentro-de-la-red-de-cultura-cientifica\/\"]}]},{\"@type\":\"ImageObject\",\"inLanguage\":\"es-CL\",\"@id\":\"https:\/\/explora.cl\/valparaiso\/reencuentro-porteno-representantes-de-organizaciones-renuevan-compromisos-colaborativos-en-xxiv-encuentro-de-la-red-de-cultura-cientifica\/#primaryimage\",\"url\":\"https:\/\/explora.cl\/valparaiso\/wp-content\/uploads\/sites\/7\/2022\/06\/grupal_oficial.png\",\"contentUrl\":\"https:\/\/explora.cl\/valparaiso\/wp-content\/uploads\/sites\/7\/2022\/06\/grupal_oficial.png\",\"width\":1200,\"height\":799,\"caption\":\"Participantes en XXIV Encuentro de la Red de Cultura Cient\u00edfica\"},{\"@type\":\"BreadcrumbList\",\"@id\":\"https:\/\/explora.cl\/valparaiso\/reencuentro-porteno-representantes-de-organizaciones-renuevan-compromisos-colaborativos-en-xxiv-encuentro-de-la-red-de-cultura-cientifica\/#breadcrumb\",\"itemListElement\":[{\"@type\":\"ListItem\",\"position\":1,\"name\":\"Portada\",\"item\":\"https:\/\/explora.cl\/valparaiso\/\"},{\"@type\":\"ListItem\",\"position\":2,\"name\":\"\u00a1Reencuentro porte\u00f1o! Representantes de organizaciones renuevan compromisos colaborativos en XXIV Encuentro de la Red de Cultura Cient\u00edfica\"}]},{\"@type\":\"WebSite\",\"@id\":\"https:\/\/explora.cl\/valparaiso\/#website\",\"url\":\"https:\/\/explora.cl\/valparaiso\/\",\"name\":\"Valpara\u00edso\",\"description\":\"Otro sitio m\u00e1s de explora.cl\",\"publisher\":{\"@id\":\"https:\/\/explora.cl\/valparaiso\/#organization\"},\"potentialAction\":[{\"@type\":\"SearchAction\",\"target\":{\"@type\":\"EntryPoint\",\"urlTemplate\":\"https:\/\/explora.cl\/valparaiso\/?s={search_term_string}\"},\"query-input\":{\"@type\":\"PropertyValueSpecification\",\"valueRequired\":true,\"valueName\":\"search_term_string\"}}],\"inLanguage\":\"es-CL\"},{\"@type\":\"Organization\",\"@id\":\"https:\/\/explora.cl\/valparaiso\/#organization\",\"name\":\"Valpara\u00edso\",\"url\":\"https:\/\/explora.cl\/valparaiso\/\",\"logo\":{\"@type\":\"ImageObject\",\"inLanguage\":\"es-CL\",\"@id\":\"https:\/\/explora.cl\/valparaiso\/#\/schema\/logo\/image\/\",\"url\":\"https:\/\/explora.cl\/valparaiso\/wp-content\/uploads\/sites\/7\/2019\/06\/cropped-logo-explora-color.jpg\",\"contentUrl\":\"https:\/\/explora.cl\/valparaiso\/wp-content\/uploads\/sites\/7\/2019\/06\/cropped-logo-explora-color.jpg\",\"width\":2035,\"height\":584,\"caption\":\"Valpara\u00edso\"},\"image\":{\"@id\":\"https:\/\/explora.cl\/valparaiso\/#\/schema\/logo\/image\/\"}},{\"@type\":\"Person\",\"@id\":\"https:\/\/explora.cl\/valparaiso\/#\/schema\/person\/c15e69495b8dbe0af0102f6bca43ba5d\",\"name\":\"jcastaneda\",\"image\":{\"@type\":\"ImageObject\",\"inLanguage\":\"es-CL\",\"@id\":\"https:\/\/explora.cl\/valparaiso\/#\/schema\/person\/image\/\",\"url\":\"https:\/\/secure.gravatar.com\/avatar\/f26661a8eef2f6444d9633928ef0219fd69e41c5be1ef5ef16afeee7cd4df675?s=96&d=mm&r=g\",\"contentUrl\":\"https:\/\/secure.gravatar.com\/avatar\/f26661a8eef2f6444d9633928ef0219fd69e41c5be1ef5ef16afeee7cd4df675?s=96&d=mm&r=g\",\"caption\":\"jcastaneda\"},\"url\":\"https:\/\/explora.cl\/valparaiso\/author\/jcastaneda\/\"}]}<\/script>\n<!-- \/ Yoast SEO plugin. -->","yoast_head_json":{"title":"\u00a1Reencuentro porte\u00f1o! Representantes de organizaciones renuevan compromisos colaborativos en XXIV Encuentro de la Red de Cultura Cient\u00edfica - Valpara\u00edso","robots":{"index":"index","follow":"follow","max-snippet":"max-snippet:-1","max-image-preview":"max-image-preview:large","max-video-preview":"max-video-preview:-1"},"canonical":"https:\/\/explora.cl\/valparaiso\/reencuentro-porteno-representantes-de-organizaciones-renuevan-compromisos-colaborativos-en-xxiv-encuentro-de-la-red-de-cultura-cientifica\/","og_locale":"es_ES","og_type":"article","og_title":"\u00a1Reencuentro porte\u00f1o! Representantes de organizaciones renuevan compromisos colaborativos en XXIV Encuentro de la Red de Cultura Cient\u00edfica - Valpara\u00edso","og_description":"Organizaciones de la regi\u00f3n de Valpara\u00edso ligadas a las ciencias, la cultura y las artes se reecuentran en retorno presencial de la Red de Cultura Cient\u00edfica.","og_url":"https:\/\/explora.cl\/valparaiso\/reencuentro-porteno-representantes-de-organizaciones-renuevan-compromisos-colaborativos-en-xxiv-encuentro-de-la-red-de-cultura-cientifica\/","og_site_name":"Valpara\u00edso","article_published_time":"2022-06-03T17:48:40+00:00","article_modified_time":"2022-06-24T15:43:49+00:00","og_image":[{"width":1200,"height":799,"url":"https:\/\/explora.cl\/valparaiso\/wp-content\/uploads\/sites\/7\/2022\/06\/grupal_oficial.png","type":"image\/png"}],"author":"jcastaneda","twitter_card":"summary_large_image","twitter_misc":{"Escrito por":"jcastaneda","Tiempo estimado de lectura":"2 minutos"},"schema":{"@context":"https:\/\/schema.org","@graph":[{"@type":"Article","@id":"https:\/\/explora.cl\/valparaiso\/reencuentro-porteno-representantes-de-organizaciones-renuevan-compromisos-colaborativos-en-xxiv-encuentro-de-la-red-de-cultura-cientifica\/#article","isPartOf":{"@id":"https:\/\/explora.cl\/valparaiso\/reencuentro-porteno-representantes-de-organizaciones-renuevan-compromisos-colaborativos-en-xxiv-encuentro-de-la-red-de-cultura-cientifica\/"},"author":{"name":"jcastaneda","@id":"https:\/\/explora.cl\/valparaiso\/#\/schema\/person\/c15e69495b8dbe0af0102f6bca43ba5d"},"headline":"\u00a1Reencuentro porte\u00f1o! Representantes de organizaciones renuevan compromisos colaborativos en XXIV Encuentro de la Red de Cultura Cient\u00edfica","datePublished":"2022-06-03T17:48:40+00:00","dateModified":"2022-06-24T15:43:49+00:00","mainEntityOfPage":{"@id":"https:\/\/explora.cl\/valparaiso\/reencuentro-porteno-representantes-de-organizaciones-renuevan-compromisos-colaborativos-en-xxiv-encuentro-de-la-red-de-cultura-cientifica\/"},"wordCount":462,"commentCount":0,"publisher":{"@id":"https:\/\/explora.cl\/valparaiso\/#organization"},"image":{"@id":"https:\/\/explora.cl\/valparaiso\/reencuentro-porteno-representantes-de-organizaciones-renuevan-compromisos-colaborativos-en-xxiv-encuentro-de-la-red-de-cultura-cientifica\/#primaryimage"},"thumbnailUrl":"https:\/\/explora.cl\/valparaiso\/wp-content\/uploads\/sites\/7\/2022\/06\/grupal_oficial.png","keywords":["brecha de g\u00e9nero en ciencias","inclusi\u00f3n educativa","interculturalidad","Red de Cultura Cient\u00edfica","Regi\u00f3n de Valpara\u00edso","semana de la ciencia","sesgo de g\u00e9nero"],"articleSection":["Banner","Lugar 1","Lugar 7","Noticias"],"inLanguage":"es-CL","potentialAction":[{"@type":"CommentAction","name":"Comment","target":["https:\/\/explora.cl\/valparaiso\/reencuentro-porteno-representantes-de-organizaciones-renuevan-compromisos-colaborativos-en-xxiv-encuentro-de-la-red-de-cultura-cientifica\/#respond"]}]},{"@type":"WebPage","@id":"https:\/\/explora.cl\/valparaiso\/reencuentro-porteno-representantes-de-organizaciones-renuevan-compromisos-colaborativos-en-xxiv-encuentro-de-la-red-de-cultura-cientifica\/","url":"https:\/\/explora.cl\/valparaiso\/reencuentro-porteno-representantes-de-organizaciones-renuevan-compromisos-colaborativos-en-xxiv-encuentro-de-la-red-de-cultura-cientifica\/","name":"\u00a1Reencuentro porte\u00f1o! Representantes de organizaciones renuevan compromisos colaborativos en XXIV Encuentro de la Red de Cultura Cient\u00edfica - Valpara\u00edso","isPartOf":{"@id":"https:\/\/explora.cl\/valparaiso\/#website"},"primaryImageOfPage":{"@id":"https:\/\/explora.cl\/valparaiso\/reencuentro-porteno-representantes-de-organizaciones-renuevan-compromisos-colaborativos-en-xxiv-encuentro-de-la-red-de-cultura-cientifica\/#primaryimage"},"image":{"@id":"https:\/\/explora.cl\/valparaiso\/reencuentro-porteno-representantes-de-organizaciones-renuevan-compromisos-colaborativos-en-xxiv-encuentro-de-la-red-de-cultura-cientifica\/#primaryimage"},"thumbnailUrl":"https:\/\/explora.cl\/valparaiso\/wp-content\/uploads\/sites\/7\/2022\/06\/grupal_oficial.png","datePublished":"2022-06-03T17:48:40+00:00","dateModified":"2022-06-24T15:43:49+00:00","breadcrumb":{"@id":"https:\/\/explora.cl\/valparaiso\/reencuentro-porteno-representantes-de-organizaciones-renuevan-compromisos-colaborativos-en-xxiv-encuentro-de-la-red-de-cultura-cientifica\/#breadcrumb"},"inLanguage":"es-CL","potentialAction":[{"@type":"ReadAction","target":["https:\/\/explora.cl\/valparaiso\/reencuentro-porteno-representantes-de-organizaciones-renuevan-compromisos-colaborativos-en-xxiv-encuentro-de-la-red-de-cultura-cientifica\/"]}]},{"@type":"ImageObject","inLanguage":"es-CL","@id":"https:\/\/explora.cl\/valparaiso\/reencuentro-porteno-representantes-de-organizaciones-renuevan-compromisos-colaborativos-en-xxiv-encuentro-de-la-red-de-cultura-cientifica\/#primaryimage","url":"https:\/\/explora.cl\/valparaiso\/wp-content\/uploads\/sites\/7\/2022\/06\/grupal_oficial.png","contentUrl":"https:\/\/explora.cl\/valparaiso\/wp-content\/uploads\/sites\/7\/2022\/06\/grupal_oficial.png","width":1200,"height":799,"caption":"Participantes en XXIV Encuentro de la Red de Cultura Cient\u00edfica"},{"@type":"BreadcrumbList","@id":"https:\/\/explora.cl\/valparaiso\/reencuentro-porteno-representantes-de-organizaciones-renuevan-compromisos-colaborativos-en-xxiv-encuentro-de-la-red-de-cultura-cientifica\/#breadcrumb","itemListElement":[{"@type":"ListItem","position":1,"name":"Portada","item":"https:\/\/explora.cl\/valparaiso\/"},{"@type":"ListItem","position":2,"name":"\u00a1Reencuentro porte\u00f1o! Representantes de organizaciones renuevan compromisos colaborativos en XXIV Encuentro de la Red de Cultura Cient\u00edfica"}]},{"@type":"WebSite","@id":"https:\/\/explora.cl\/valparaiso\/#website","url":"https:\/\/explora.cl\/valparaiso\/","name":"Valpara\u00edso","description":"Otro sitio m\u00e1s de explora.cl","publisher":{"@id":"https:\/\/explora.cl\/valparaiso\/#organization"},"potentialAction":[{"@type":"SearchAction","target":{"@type":"EntryPoint","urlTemplate":"https:\/\/explora.cl\/valparaiso\/?s={search_term_string}"},"query-input":{"@type":"PropertyValueSpecification","valueRequired":true,"valueName":"search_term_string"}}],"inLanguage":"es-CL"},{"@type":"Organization","@id":"https:\/\/explora.cl\/valparaiso\/#organization","name":"Valpara\u00edso","url":"https:\/\/explora.cl\/valparaiso\/","logo":{"@type":"ImageObject","inLanguage":"es-CL","@id":"https:\/\/explora.cl\/valparaiso\/#\/schema\/logo\/image\/","url":"https:\/\/explora.cl\/valparaiso\/wp-content\/uploads\/sites\/7\/2019\/06\/cropped-logo-explora-color.jpg","contentUrl":"https:\/\/explora.cl\/valparaiso\/wp-content\/uploads\/sites\/7\/2019\/06\/cropped-logo-explora-color.jpg","width":2035,"height":584,"caption":"Valpara\u00edso"},"image":{"@id":"https:\/\/explora.cl\/valparaiso\/#\/schema\/logo\/image\/"}},{"@type":"Person","@id":"https:\/\/explora.cl\/valparaiso\/#\/schema\/person\/c15e69495b8dbe0af0102f6bca43ba5d","name":"jcastaneda","image":{"@type":"ImageObject","inLanguage":"es-CL","@id":"https:\/\/explora.cl\/valparaiso\/#\/schema\/person\/image\/","url":"https:\/\/secure.gravatar.com\/avatar\/f26661a8eef2f6444d9633928ef0219fd69e41c5be1ef5ef16afeee7cd4df675?s=96&d=mm&r=g","contentUrl":"https:\/\/secure.gravatar.com\/avatar\/f26661a8eef2f6444d9633928ef0219fd69e41c5be1ef5ef16afeee7cd4df675?s=96&d=mm&r=g","caption":"jcastaneda"},"url":"https:\/\/explora.cl\/valparaiso\/author\/jcastaneda\/"}]}},"_links":{"self":[{"href":"https:\/\/explora.cl\/valparaiso\/wp-json\/wp\/v2\/posts\/42276","targetHints":{"allow":["GET"]}}],"collection":[{"href":"https:\/\/explora.cl\/valparaiso\/wp-json\/wp\/v2\/posts"}],"about":[{"href":"https:\/\/explora.cl\/valparaiso\/wp-json\/wp\/v2\/types\/post"}],"author":[{"embeddable":true,"href":"https:\/\/explora.cl\/valparaiso\/wp-json\/wp\/v2\/users\/22"}],"replies":[{"embeddable":true,"href":"https:\/\/explora.cl\/valparaiso\/wp-json\/wp\/v2\/comments?post=42276"}],"version-history":[{"count":5,"href":"https:\/\/explora.cl\/valparaiso\/wp-json\/wp\/v2\/posts\/42276\/revisions"}],"predecessor-version":[{"id":42311,"href":"https:\/\/explora.cl\/valparaiso\/wp-json\/wp\/v2\/posts\/42276\/revisions\/42311"}],"wp:featuredmedia":[{"embeddable":true,"href":"https:\/\/explora.cl\/valparaiso\/wp-json\/wp\/v2\/media\/42277"}],"wp:attachment":[{"href":"https:\/\/explora.cl\/valparaiso\/wp-json\/wp\/v2\/media?parent=42276"}],"wp:term":[{"taxonomy":"category","embeddable":true,"href":"https:\/\/explora.cl\/valparaiso\/wp-json\/wp\/v2\/categories?post=42276"},{"taxonomy":"post_tag","embeddable":true,"href":"https:\/\/explora.cl\/valparaiso\/wp-json\/wp\/v2\/tags?post=42276"}],"curies":[{"name":"wp","href":"https:\/\/api.w.org\/{rel}","templated":true}]}}