{"id":41705,"date":"2021-11-08T15:24:12","date_gmt":"2021-11-08T18:24:12","guid":{"rendered":"https:\/\/explora.cl\/valparaiso\/?p=41705"},"modified":"2021-11-24T13:34:44","modified_gmt":"2021-11-24T16:34:44","slug":"te-gustaria-conformar-una-academia-explora-revisa-la-convocatoria-2022","status":"publish","type":"post","link":"https:\/\/explora.cl\/valparaiso\/te-gustaria-conformar-una-academia-explora-revisa-la-convocatoria-2022\/","title":{"rendered":"\u00bfTe gustar\u00eda conformar una Academia Explora? Revisa la convocatoria 2022"},"content":{"rendered":"<h3><span style=\"font-weight: 400\">Si eres docente de Educaci\u00f3n B\u00e1sica o Media de la Regi\u00f3n de Valpara\u00edso y tienes inter\u00e9s en guiar proyectos de Investigaci\u00f3n e Innovaci\u00f3n Escolar, te invitamos a postular a las Academias Explora hasta el <strong>pr\u00f3ximo viernes 26 de noviembre<\/strong> y ser parte de esta experiencia. <\/span><!--more--><\/h3>\n<p><span style=\"font-weight: 400\">Espacios de trabajo donde la curiosidad es un denominador com\u00fan y el pensamiento cr\u00edtico un elemento esencial, son algunas de las caracter\u00edsticas m\u00e1s importantes de las Academias Explora; equipos de estudiantes que realizan proyectos de investigaci\u00f3n e innovaci\u00f3n escolar, guiados por sus docentes, acompa\u00f1ados por Explora Valpara\u00edso y asesorados por la comunidad cient\u00edfica regional.\u00a0<\/span><\/p>\n<p><span style=\"font-weight: 400\">Esta iniciativa, implementada desde el a\u00f1o 2014 por el Proyecto Explora Valpara\u00edso, del Ministerio de Ciencia, Tecnolog\u00eda, Conocimiento e Innovaci\u00f3n; busca desarrollar competencias cient\u00edficas y transversales en escolares, con el fin de contribuir a la formaci\u00f3n de generaciones con pensamiento cr\u00edtico y reflexivo, conscientes con el entorno,\u00a0 capaces de comprender y transformar su realidad a trav\u00e9s de las ciencias.\u00a0<\/span><\/p>\n<p><span style=\"font-weight: 400\">Para eso, los equipos transitan durante el a\u00f1o escolar a trav\u00e9s de la \u201cRuta Academias Explora\u201d, propuesta pedag\u00f3gica en la que mediante talleres metodol\u00f3gicos realizados por el equipo de Explora Valpara\u00edso y\u00a0 asesor\u00eda cient\u00edfica por parte de investigadores\/as de las Universidades del Consejo de Rectores de Valpara\u00edso; se busca apoyar el trabajo que realizan las Academias y lograr as\u00ed su objetivo.\u00a0<\/span><\/p>\n<p><span style=\"font-weight: 400\">De esta manera la convocatoria 2022 invita a establecimientos educacionales municipales, particulares subvencionados y particulares pagados, de las 38 comunas de la Regi\u00f3n de Valpara\u00edso, a institucionalizar una Academia Explora de Investigaci\u00f3n e Innovaci\u00f3n Escolar. <strong>Para ello los\/as docentes que quieran ser parte de esta iniciativa gratuita, deber\u00e1n revisar las bases de la convocatoria disponibles<\/strong> <\/span><a href=\"https:\/\/explora.cl\/valparaiso\/wp-content\/uploads\/sites\/7\/2021\/11\/Convocatoria-IIE-2022-Regi%C3%B3n-de-Valpara%C3%ADso.pdf\"><span style=\"font-weight: 400\">aqu\u00ed<\/span><\/a> <strong>y postular a trav\u00e9s de este <a href=\"https:\/\/forms.gle\/eG7kDaQoK22Kt9yg6\">formulario<\/a> hasta el pr\u00f3ximo viernes 26 de noviembre.\u00a0<\/strong><\/p>\n<p><strong>Adem\u00e1s, los y la<\/strong><span style=\"font-weight: 400\"><strong>s docentes seleccionados\/as deber\u00e1n asistir a una reuni\u00f3n informativa obligatoria, a realizarse el jueves 09 de diciembre, de 16:00 a 17:00 horas,<\/strong> con el fin de ratificar el compromiso, asegurar la participaci\u00f3n y permanencia en esta iniciativa. En la reuni\u00f3n se podr\u00e1 aceptar o declinar la invitaci\u00f3n, y, en este \u00faltimo caso, se har\u00e1 correr la lista de espera.<\/span><\/p>\n<p><span style=\"font-weight: 400\">Es importante se\u00f1alar que al pertenecer a una Academia Explora, tanto escolares como docentes, reciben\u00a0 acompa\u00f1amiento del equipo Explora Valpara\u00edso a trav\u00e9s de la Ruta Academias Explora antes mencionada, adem\u00e1s de apoyo para postular a los Congresos Escolares del Programa Explora y la posibilidad de postular al Cupo Explora Unesco para acceder a la educaci\u00f3n superior independiente del puntaje de corte de la carrera seleccionada.<\/span><\/p>\n<p><span style=\"font-weight: 400\">Finalmente, cabe destacar que <\/span><span style=\"font-weight: 400\">el 2021 participaron de esta iniciativa m\u00e1s de un centenar de ni\u00f1os, ni\u00f1as y j\u00f3venes a trav\u00e9s de la conformaci\u00f3n de 65 Academias en distintas comunas y provincias del territorio; quienes fueron asesorados\/as en sus proyectos por cerca de 80 cient\u00edficos y cient\u00edficas. Asimismo, a la fecha, han sido parte de esta inciativa m\u00e1s de 6 mil escolares de la Regi\u00f3n de Valpara\u00edso.\u00a0<\/span><\/p>\n<p><span style=\"font-weight: 400\">Para m\u00e1s informaci\u00f3n al respecto, puedes escribir a <\/span><a href=\"mailto:academiasexplora@pucv.cl\"><span style=\"font-weight: 400\">academiasexplora@pucv.cl<\/span><\/a><span style=\"font-weight: 400\"> o visitar <\/span><a href=\"http:\/\/www.academiasexplora.cl\"><span style=\"font-weight: 400\">www.academiasexplora.cl<\/span><\/a><\/p>\n","protected":false},"excerpt":{"rendered":"<p>Si eres docente de Educaci\u00f3n B\u00e1sica o Media de la Regi\u00f3n de Valpara\u00edso y tienes inter\u00e9s en guiar proyectos de Investigaci\u00f3n e Innovaci\u00f3n Escolar, te invitamos a postular a las Academias Explora hasta el pr\u00f3ximo viernes 26 de noviembre y ser parte de esta experiencia.<\/p>\n","protected":false},"author":22,"featured_media":41708,"comment_status":"open","ping_status":"open","sticky":false,"template":"","format":"standard","meta":{"_acf_changed":false,"_exactmetrics_skip_tracking":false,"_exactmetrics_sitenote_active":false,"_exactmetrics_sitenote_note":"","_exactmetrics_sitenote_category":0,"footnotes":"","_links_to":"","_links_to_target":""},"categories":[4],"tags":[],"class_list":["post-41705","post","type-post","status-publish","format-standard","has-post-thumbnail","hentry","category-noticias"],"acf":[],"yoast_head":"<!-- This site is optimized with the Yoast SEO plugin v26.9 - https:\/\/yoast.com\/product\/yoast-seo-wordpress\/ -->\n<title>\u00bfTe gustar\u00eda conformar una Academia Explora? Revisa la convocatoria 2022 - Valpara\u00edso<\/title>\n<meta name=\"robots\" content=\"index, follow, max-snippet:-1, max-image-preview:large, max-video-preview:-1\" \/>\n<link rel=\"canonical\" href=\"https:\/\/explora.cl\/valparaiso\/te-gustaria-conformar-una-academia-explora-revisa-la-convocatoria-2022\/\" class=\"yoast-seo-meta-tag\" \/>\n<meta property=\"og:locale\" content=\"es_ES\" class=\"yoast-seo-meta-tag\" \/>\n<meta property=\"og:type\" content=\"article\" class=\"yoast-seo-meta-tag\" \/>\n<meta property=\"og:title\" content=\"\u00bfTe gustar\u00eda conformar una Academia Explora? Revisa la convocatoria 2022 - Valpara\u00edso\" class=\"yoast-seo-meta-tag\" \/>\n<meta property=\"og:description\" content=\"Si eres docente de Educaci\u00f3n B\u00e1sica o Media de la Regi\u00f3n de Valpara\u00edso y tienes inter\u00e9s en guiar proyectos de Investigaci\u00f3n e Innovaci\u00f3n Escolar, te invitamos a postular a las Academias Explora hasta el pr\u00f3ximo viernes 26 de noviembre y ser parte de esta experiencia.\" class=\"yoast-seo-meta-tag\" \/>\n<meta property=\"og:url\" content=\"https:\/\/explora.cl\/valparaiso\/te-gustaria-conformar-una-academia-explora-revisa-la-convocatoria-2022\/\" class=\"yoast-seo-meta-tag\" \/>\n<meta property=\"og:site_name\" content=\"Valpara\u00edso\" class=\"yoast-seo-meta-tag\" \/>\n<meta property=\"article:published_time\" content=\"2021-11-08T18:24:12+00:00\" class=\"yoast-seo-meta-tag\" \/>\n<meta property=\"article:modified_time\" content=\"2021-11-24T16:34:44+00:00\" class=\"yoast-seo-meta-tag\" \/>\n<meta property=\"og:image\" content=\"https:\/\/explora.cl\/valparaiso\/wp-content\/uploads\/sites\/7\/2021\/11\/Convocatoria-Academia-2022-Tw.jpg\" class=\"yoast-seo-meta-tag\" \/>\n\t<meta property=\"og:image:width\" content=\"1600\" class=\"yoast-seo-meta-tag\" \/>\n\t<meta property=\"og:image:height\" content=\"900\" class=\"yoast-seo-meta-tag\" \/>\n\t<meta property=\"og:image:type\" content=\"image\/jpeg\" class=\"yoast-seo-meta-tag\" \/>\n<meta name=\"author\" content=\"jcastaneda\" class=\"yoast-seo-meta-tag\" \/>\n<meta name=\"twitter:card\" content=\"summary_large_image\" class=\"yoast-seo-meta-tag\" \/>\n<meta name=\"twitter:label1\" content=\"Escrito por\" class=\"yoast-seo-meta-tag\" \/>\n\t<meta name=\"twitter:data1\" content=\"jcastaneda\" class=\"yoast-seo-meta-tag\" \/>\n\t<meta name=\"twitter:label2\" content=\"Tiempo estimado de lectura\" class=\"yoast-seo-meta-tag\" \/>\n\t<meta name=\"twitter:data2\" content=\"3 minutos\" class=\"yoast-seo-meta-tag\" \/>\n<script type=\"application\/ld+json\" class=\"yoast-schema-graph\">{\"@context\":\"https:\/\/schema.org\",\"@graph\":[{\"@type\":\"Article\",\"@id\":\"https:\/\/explora.cl\/valparaiso\/te-gustaria-conformar-una-academia-explora-revisa-la-convocatoria-2022\/#article\",\"isPartOf\":{\"@id\":\"https:\/\/explora.cl\/valparaiso\/te-gustaria-conformar-una-academia-explora-revisa-la-convocatoria-2022\/\"},\"author\":{\"name\":\"jcastaneda\",\"@id\":\"https:\/\/explora.cl\/valparaiso\/#\/schema\/person\/c15e69495b8dbe0af0102f6bca43ba5d\"},\"headline\":\"\u00bfTe gustar\u00eda conformar una Academia Explora? Revisa la convocatoria 2022\",\"datePublished\":\"2021-11-08T18:24:12+00:00\",\"dateModified\":\"2021-11-24T16:34:44+00:00\",\"mainEntityOfPage\":{\"@id\":\"https:\/\/explora.cl\/valparaiso\/te-gustaria-conformar-una-academia-explora-revisa-la-convocatoria-2022\/\"},\"wordCount\":567,\"commentCount\":0,\"publisher\":{\"@id\":\"https:\/\/explora.cl\/valparaiso\/#organization\"},\"image\":{\"@id\":\"https:\/\/explora.cl\/valparaiso\/te-gustaria-conformar-una-academia-explora-revisa-la-convocatoria-2022\/#primaryimage\"},\"thumbnailUrl\":\"https:\/\/explora.cl\/valparaiso\/wp-content\/uploads\/sites\/7\/2021\/11\/Convocatoria-Academia-2022-Tw.jpg\",\"articleSection\":[\"Noticias\"],\"inLanguage\":\"es-CL\",\"potentialAction\":[{\"@type\":\"CommentAction\",\"name\":\"Comment\",\"target\":[\"https:\/\/explora.cl\/valparaiso\/te-gustaria-conformar-una-academia-explora-revisa-la-convocatoria-2022\/#respond\"]}]},{\"@type\":\"WebPage\",\"@id\":\"https:\/\/explora.cl\/valparaiso\/te-gustaria-conformar-una-academia-explora-revisa-la-convocatoria-2022\/\",\"url\":\"https:\/\/explora.cl\/valparaiso\/te-gustaria-conformar-una-academia-explora-revisa-la-convocatoria-2022\/\",\"name\":\"\u00bfTe gustar\u00eda conformar una Academia Explora? Revisa la convocatoria 2022 - Valpara\u00edso\",\"isPartOf\":{\"@id\":\"https:\/\/explora.cl\/valparaiso\/#website\"},\"primaryImageOfPage\":{\"@id\":\"https:\/\/explora.cl\/valparaiso\/te-gustaria-conformar-una-academia-explora-revisa-la-convocatoria-2022\/#primaryimage\"},\"image\":{\"@id\":\"https:\/\/explora.cl\/valparaiso\/te-gustaria-conformar-una-academia-explora-revisa-la-convocatoria-2022\/#primaryimage\"},\"thumbnailUrl\":\"https:\/\/explora.cl\/valparaiso\/wp-content\/uploads\/sites\/7\/2021\/11\/Convocatoria-Academia-2022-Tw.jpg\",\"datePublished\":\"2021-11-08T18:24:12+00:00\",\"dateModified\":\"2021-11-24T16:34:44+00:00\",\"breadcrumb\":{\"@id\":\"https:\/\/explora.cl\/valparaiso\/te-gustaria-conformar-una-academia-explora-revisa-la-convocatoria-2022\/#breadcrumb\"},\"inLanguage\":\"es-CL\",\"potentialAction\":[{\"@type\":\"ReadAction\",\"target\":[\"https:\/\/explora.cl\/valparaiso\/te-gustaria-conformar-una-academia-explora-revisa-la-convocatoria-2022\/\"]}]},{\"@type\":\"ImageObject\",\"inLanguage\":\"es-CL\",\"@id\":\"https:\/\/explora.cl\/valparaiso\/te-gustaria-conformar-una-academia-explora-revisa-la-convocatoria-2022\/#primaryimage\",\"url\":\"https:\/\/explora.cl\/valparaiso\/wp-content\/uploads\/sites\/7\/2021\/11\/Convocatoria-Academia-2022-Tw.jpg\",\"contentUrl\":\"https:\/\/explora.cl\/valparaiso\/wp-content\/uploads\/sites\/7\/2021\/11\/Convocatoria-Academia-2022-Tw.jpg\",\"width\":1600,\"height\":900},{\"@type\":\"BreadcrumbList\",\"@id\":\"https:\/\/explora.cl\/valparaiso\/te-gustaria-conformar-una-academia-explora-revisa-la-convocatoria-2022\/#breadcrumb\",\"itemListElement\":[{\"@type\":\"ListItem\",\"position\":1,\"name\":\"Portada\",\"item\":\"https:\/\/explora.cl\/valparaiso\/\"},{\"@type\":\"ListItem\",\"position\":2,\"name\":\"\u00bfTe gustar\u00eda conformar una Academia Explora? Revisa la convocatoria 2022\"}]},{\"@type\":\"WebSite\",\"@id\":\"https:\/\/explora.cl\/valparaiso\/#website\",\"url\":\"https:\/\/explora.cl\/valparaiso\/\",\"name\":\"Valpara\u00edso\",\"description\":\"Otro sitio m\u00e1s de explora.cl\",\"publisher\":{\"@id\":\"https:\/\/explora.cl\/valparaiso\/#organization\"},\"potentialAction\":[{\"@type\":\"SearchAction\",\"target\":{\"@type\":\"EntryPoint\",\"urlTemplate\":\"https:\/\/explora.cl\/valparaiso\/?s={search_term_string}\"},\"query-input\":{\"@type\":\"PropertyValueSpecification\",\"valueRequired\":true,\"valueName\":\"search_term_string\"}}],\"inLanguage\":\"es-CL\"},{\"@type\":\"Organization\",\"@id\":\"https:\/\/explora.cl\/valparaiso\/#organization\",\"name\":\"Valpara\u00edso\",\"url\":\"https:\/\/explora.cl\/valparaiso\/\",\"logo\":{\"@type\":\"ImageObject\",\"inLanguage\":\"es-CL\",\"@id\":\"https:\/\/explora.cl\/valparaiso\/#\/schema\/logo\/image\/\",\"url\":\"https:\/\/explora.cl\/valparaiso\/wp-content\/uploads\/sites\/7\/2019\/06\/cropped-logo-explora-color.jpg\",\"contentUrl\":\"https:\/\/explora.cl\/valparaiso\/wp-content\/uploads\/sites\/7\/2019\/06\/cropped-logo-explora-color.jpg\",\"width\":2035,\"height\":584,\"caption\":\"Valpara\u00edso\"},\"image\":{\"@id\":\"https:\/\/explora.cl\/valparaiso\/#\/schema\/logo\/image\/\"}},{\"@type\":\"Person\",\"@id\":\"https:\/\/explora.cl\/valparaiso\/#\/schema\/person\/c15e69495b8dbe0af0102f6bca43ba5d\",\"name\":\"jcastaneda\",\"image\":{\"@type\":\"ImageObject\",\"inLanguage\":\"es-CL\",\"@id\":\"https:\/\/explora.cl\/valparaiso\/#\/schema\/person\/image\/\",\"url\":\"https:\/\/secure.gravatar.com\/avatar\/f26661a8eef2f6444d9633928ef0219fd69e41c5be1ef5ef16afeee7cd4df675?s=96&d=mm&r=g\",\"contentUrl\":\"https:\/\/secure.gravatar.com\/avatar\/f26661a8eef2f6444d9633928ef0219fd69e41c5be1ef5ef16afeee7cd4df675?s=96&d=mm&r=g\",\"caption\":\"jcastaneda\"},\"url\":\"https:\/\/explora.cl\/valparaiso\/author\/jcastaneda\/\"}]}<\/script>\n<!-- \/ Yoast SEO plugin. -->","yoast_head_json":{"title":"\u00bfTe gustar\u00eda conformar una Academia Explora? Revisa la convocatoria 2022 - Valpara\u00edso","robots":{"index":"index","follow":"follow","max-snippet":"max-snippet:-1","max-image-preview":"max-image-preview:large","max-video-preview":"max-video-preview:-1"},"canonical":"https:\/\/explora.cl\/valparaiso\/te-gustaria-conformar-una-academia-explora-revisa-la-convocatoria-2022\/","og_locale":"es_ES","og_type":"article","og_title":"\u00bfTe gustar\u00eda conformar una Academia Explora? Revisa la convocatoria 2022 - Valpara\u00edso","og_description":"Si eres docente de Educaci\u00f3n B\u00e1sica o Media de la Regi\u00f3n de Valpara\u00edso y tienes inter\u00e9s en guiar proyectos de Investigaci\u00f3n e Innovaci\u00f3n Escolar, te invitamos a postular a las Academias Explora hasta el pr\u00f3ximo viernes 26 de noviembre y ser parte de esta experiencia.","og_url":"https:\/\/explora.cl\/valparaiso\/te-gustaria-conformar-una-academia-explora-revisa-la-convocatoria-2022\/","og_site_name":"Valpara\u00edso","article_published_time":"2021-11-08T18:24:12+00:00","article_modified_time":"2021-11-24T16:34:44+00:00","og_image":[{"width":1600,"height":900,"url":"https:\/\/explora.cl\/valparaiso\/wp-content\/uploads\/sites\/7\/2021\/11\/Convocatoria-Academia-2022-Tw.jpg","type":"image\/jpeg"}],"author":"jcastaneda","twitter_card":"summary_large_image","twitter_misc":{"Escrito por":"jcastaneda","Tiempo estimado de lectura":"3 minutos"},"schema":{"@context":"https:\/\/schema.org","@graph":[{"@type":"Article","@id":"https:\/\/explora.cl\/valparaiso\/te-gustaria-conformar-una-academia-explora-revisa-la-convocatoria-2022\/#article","isPartOf":{"@id":"https:\/\/explora.cl\/valparaiso\/te-gustaria-conformar-una-academia-explora-revisa-la-convocatoria-2022\/"},"author":{"name":"jcastaneda","@id":"https:\/\/explora.cl\/valparaiso\/#\/schema\/person\/c15e69495b8dbe0af0102f6bca43ba5d"},"headline":"\u00bfTe gustar\u00eda conformar una Academia Explora? Revisa la convocatoria 2022","datePublished":"2021-11-08T18:24:12+00:00","dateModified":"2021-11-24T16:34:44+00:00","mainEntityOfPage":{"@id":"https:\/\/explora.cl\/valparaiso\/te-gustaria-conformar-una-academia-explora-revisa-la-convocatoria-2022\/"},"wordCount":567,"commentCount":0,"publisher":{"@id":"https:\/\/explora.cl\/valparaiso\/#organization"},"image":{"@id":"https:\/\/explora.cl\/valparaiso\/te-gustaria-conformar-una-academia-explora-revisa-la-convocatoria-2022\/#primaryimage"},"thumbnailUrl":"https:\/\/explora.cl\/valparaiso\/wp-content\/uploads\/sites\/7\/2021\/11\/Convocatoria-Academia-2022-Tw.jpg","articleSection":["Noticias"],"inLanguage":"es-CL","potentialAction":[{"@type":"CommentAction","name":"Comment","target":["https:\/\/explora.cl\/valparaiso\/te-gustaria-conformar-una-academia-explora-revisa-la-convocatoria-2022\/#respond"]}]},{"@type":"WebPage","@id":"https:\/\/explora.cl\/valparaiso\/te-gustaria-conformar-una-academia-explora-revisa-la-convocatoria-2022\/","url":"https:\/\/explora.cl\/valparaiso\/te-gustaria-conformar-una-academia-explora-revisa-la-convocatoria-2022\/","name":"\u00bfTe gustar\u00eda conformar una Academia Explora? Revisa la convocatoria 2022 - Valpara\u00edso","isPartOf":{"@id":"https:\/\/explora.cl\/valparaiso\/#website"},"primaryImageOfPage":{"@id":"https:\/\/explora.cl\/valparaiso\/te-gustaria-conformar-una-academia-explora-revisa-la-convocatoria-2022\/#primaryimage"},"image":{"@id":"https:\/\/explora.cl\/valparaiso\/te-gustaria-conformar-una-academia-explora-revisa-la-convocatoria-2022\/#primaryimage"},"thumbnailUrl":"https:\/\/explora.cl\/valparaiso\/wp-content\/uploads\/sites\/7\/2021\/11\/Convocatoria-Academia-2022-Tw.jpg","datePublished":"2021-11-08T18:24:12+00:00","dateModified":"2021-11-24T16:34:44+00:00","breadcrumb":{"@id":"https:\/\/explora.cl\/valparaiso\/te-gustaria-conformar-una-academia-explora-revisa-la-convocatoria-2022\/#breadcrumb"},"inLanguage":"es-CL","potentialAction":[{"@type":"ReadAction","target":["https:\/\/explora.cl\/valparaiso\/te-gustaria-conformar-una-academia-explora-revisa-la-convocatoria-2022\/"]}]},{"@type":"ImageObject","inLanguage":"es-CL","@id":"https:\/\/explora.cl\/valparaiso\/te-gustaria-conformar-una-academia-explora-revisa-la-convocatoria-2022\/#primaryimage","url":"https:\/\/explora.cl\/valparaiso\/wp-content\/uploads\/sites\/7\/2021\/11\/Convocatoria-Academia-2022-Tw.jpg","contentUrl":"https:\/\/explora.cl\/valparaiso\/wp-content\/uploads\/sites\/7\/2021\/11\/Convocatoria-Academia-2022-Tw.jpg","width":1600,"height":900},{"@type":"BreadcrumbList","@id":"https:\/\/explora.cl\/valparaiso\/te-gustaria-conformar-una-academia-explora-revisa-la-convocatoria-2022\/#breadcrumb","itemListElement":[{"@type":"ListItem","position":1,"name":"Portada","item":"https:\/\/explora.cl\/valparaiso\/"},{"@type":"ListItem","position":2,"name":"\u00bfTe gustar\u00eda conformar una Academia Explora? Revisa la convocatoria 2022"}]},{"@type":"WebSite","@id":"https:\/\/explora.cl\/valparaiso\/#website","url":"https:\/\/explora.cl\/valparaiso\/","name":"Valpara\u00edso","description":"Otro sitio m\u00e1s de explora.cl","publisher":{"@id":"https:\/\/explora.cl\/valparaiso\/#organization"},"potentialAction":[{"@type":"SearchAction","target":{"@type":"EntryPoint","urlTemplate":"https:\/\/explora.cl\/valparaiso\/?s={search_term_string}"},"query-input":{"@type":"PropertyValueSpecification","valueRequired":true,"valueName":"search_term_string"}}],"inLanguage":"es-CL"},{"@type":"Organization","@id":"https:\/\/explora.cl\/valparaiso\/#organization","name":"Valpara\u00edso","url":"https:\/\/explora.cl\/valparaiso\/","logo":{"@type":"ImageObject","inLanguage":"es-CL","@id":"https:\/\/explora.cl\/valparaiso\/#\/schema\/logo\/image\/","url":"https:\/\/explora.cl\/valparaiso\/wp-content\/uploads\/sites\/7\/2019\/06\/cropped-logo-explora-color.jpg","contentUrl":"https:\/\/explora.cl\/valparaiso\/wp-content\/uploads\/sites\/7\/2019\/06\/cropped-logo-explora-color.jpg","width":2035,"height":584,"caption":"Valpara\u00edso"},"image":{"@id":"https:\/\/explora.cl\/valparaiso\/#\/schema\/logo\/image\/"}},{"@type":"Person","@id":"https:\/\/explora.cl\/valparaiso\/#\/schema\/person\/c15e69495b8dbe0af0102f6bca43ba5d","name":"jcastaneda","image":{"@type":"ImageObject","inLanguage":"es-CL","@id":"https:\/\/explora.cl\/valparaiso\/#\/schema\/person\/image\/","url":"https:\/\/secure.gravatar.com\/avatar\/f26661a8eef2f6444d9633928ef0219fd69e41c5be1ef5ef16afeee7cd4df675?s=96&d=mm&r=g","contentUrl":"https:\/\/secure.gravatar.com\/avatar\/f26661a8eef2f6444d9633928ef0219fd69e41c5be1ef5ef16afeee7cd4df675?s=96&d=mm&r=g","caption":"jcastaneda"},"url":"https:\/\/explora.cl\/valparaiso\/author\/jcastaneda\/"}]}},"_links":{"self":[{"href":"https:\/\/explora.cl\/valparaiso\/wp-json\/wp\/v2\/posts\/41705","targetHints":{"allow":["GET"]}}],"collection":[{"href":"https:\/\/explora.cl\/valparaiso\/wp-json\/wp\/v2\/posts"}],"about":[{"href":"https:\/\/explora.cl\/valparaiso\/wp-json\/wp\/v2\/types\/post"}],"author":[{"embeddable":true,"href":"https:\/\/explora.cl\/valparaiso\/wp-json\/wp\/v2\/users\/22"}],"replies":[{"embeddable":true,"href":"https:\/\/explora.cl\/valparaiso\/wp-json\/wp\/v2\/comments?post=41705"}],"version-history":[{"count":5,"href":"https:\/\/explora.cl\/valparaiso\/wp-json\/wp\/v2\/posts\/41705\/revisions"}],"predecessor-version":[{"id":41741,"href":"https:\/\/explora.cl\/valparaiso\/wp-json\/wp\/v2\/posts\/41705\/revisions\/41741"}],"wp:featuredmedia":[{"embeddable":true,"href":"https:\/\/explora.cl\/valparaiso\/wp-json\/wp\/v2\/media\/41708"}],"wp:attachment":[{"href":"https:\/\/explora.cl\/valparaiso\/wp-json\/wp\/v2\/media?parent=41705"}],"wp:term":[{"taxonomy":"category","embeddable":true,"href":"https:\/\/explora.cl\/valparaiso\/wp-json\/wp\/v2\/categories?post=41705"},{"taxonomy":"post_tag","embeddable":true,"href":"https:\/\/explora.cl\/valparaiso\/wp-json\/wp\/v2\/tags?post=41705"}],"curies":[{"name":"wp","href":"https:\/\/api.w.org\/{rel}","templated":true}]}}