{"id":41685,"date":"2021-11-05T16:30:47","date_gmt":"2021-11-05T19:30:47","guid":{"rendered":"https:\/\/explora.cl\/valparaiso\/?p=41685"},"modified":"2021-11-09T13:10:52","modified_gmt":"2021-11-09T16:10:52","slug":"no-te-pierdas-el-ultimo-ciclo-del-ano-de-los-viernes-de-cultura-cientifica-con-conversaciones-sobre-arqueologia-y-antropologia","status":"publish","type":"post","link":"https:\/\/explora.cl\/valparaiso\/no-te-pierdas-el-ultimo-ciclo-del-ano-de-los-viernes-de-cultura-cientifica-con-conversaciones-sobre-arqueologia-y-antropologia\/","title":{"rendered":"No te pierdas el \u00faltimo ciclo del a\u00f1o de los Viernes de Cultura Cient\u00edfica con conversaciones sobre arqueolog\u00eda y antropolog\u00eda"},"content":{"rendered":"<h3><span style=\"font-weight: 400\">Durante noviembre, nuestros m\u00e1s antiguos antepasados ser\u00e1n los protagonistas de este tradicional ciclo de conversaciones, junto a dos reconocidos\/as y destacados\/as especialistas en la materia. Revisa el calendario y s\u00famate a estas transmisiones en vivo.<\/span><\/h3>\n<p><!--more--><\/p>\n<p><span style=\"font-weight: 400\">Este \u00faltimo Viernes de Cultura Cient\u00edfica del 2021, te invitamos a descubrir aquellas cosas que nuestros ojos no ven, pero que llevan millones y millones de a\u00f1os bajo nuestros pies. Durante noviembre, te invitamos a dos transmisiones dedicadas a la <\/span><b>Arqueolog\u00eda y la Antropolog\u00eda,<\/b><span style=\"font-weight: 400\"> los viernes 12 y 26 de este mes, a las 18:00 horas, a trav\u00e9s de YouTube y Facebook Live.<\/span><\/p>\n<p><span style=\"font-weight: 400\">La primera de estas conversaciones se desarrollar\u00e1 el 12 de noviembre, con el tema \u201c<\/span><b>\u00bfQu\u00e9 com\u00edan nuestros antepasados del fin de la Edad de Hielo?\u201d<\/b><span style=\"font-weight: 400\">, a cargo del arque\u00f3logo Rafael Labarca, quien profundizar\u00e1 sobre estudios respecto a la <\/span><b>alimentaci\u00f3n del <\/b><b>poblamiento inicial de Chile, <\/b><b>desde la Pampa del Tamarugal hasta la Norpatagonia. <\/b><span style=\"font-weight: 400\">El profesional, es Doctor en Arqueolog\u00eda de la Universidad del Centro de la Provincia de Buenos Aires, Argentina y actualmente ejerce como acad\u00e9mico de la Escuela de Antropolog\u00eda de la Pontificia Universidad Cat\u00f3lica (PUC).<\/span><\/p>\n<p><span style=\"font-weight: 400\">Finalmente, el 26 de noviembre, se presentar\u00e1 la <\/span><b>destacada arque\u00f3loga Fernanda Falabella con la presentaci\u00f3n \u201cReconstruyendo la prehistoria de Chile Central\u201d.<\/b><span style=\"font-weight: 400\"> La especialista, es acad\u00e9mica del Departamento de Antropolog\u00eda de la Universidad de Chile desde 1977, con vast\u00edsima experiencia en Prehistoria de Mesoam\u00e9rica y de Chile, entre otros estudios, y en la oportunidad nos llevar\u00e1 por un <\/span><b>viaje al pasado en una l\u00ednea de tiempo que nos transportar\u00e1 a las sociedades prehisp\u00e1nicas del centro de Chile,<\/b> <b>para tratar de entender c\u00f3mo se organizaban y viv\u00edan.<\/b><\/p>\n<p><b>\u00a1An\u00edmate y participa! Todos y todas est\u00e1n invitados\/as a ser parte de esta actividad online. Les esperamos los viernes 15 y 29 de octubre, a las 18:00 horas a trav\u00e9s de Facebook Live y por nuestro canal de YouTube (suscr\u00edbete a Explora Valparaiso) \u00a1S\u00edguenos en @exploravalpo y ent\u00e9rate de todas nuestras novedades! Recuerda que esta actividad es amigable con la comunidad sorda, porque contamos con int\u00e9rprete en Lengua de Se\u00f1as Chilena.<\/b><\/p>\n<p><span style=\"font-weight: 400\">Es importante se\u00f1alar que esta actividad es realizada hace ya 10 a\u00f1os en conjunto con el<strong> Museo Fonck, instituci\u00f3n que este 2021 cumple 84 a\u00f1os contribuyendo a la cultura cient\u00edfica de la comuna de Vi\u00f1a del Mar con sus colecciones prehisp\u00e1nicas y otras valiosas muestras.<\/strong><\/span><\/p>\n<p><span style=\"font-weight: 400\">Adem\u00e1s, desde este a\u00f1o, la iniciativa cuenta con la colaboraci\u00f3n del Servicio Nacional de Adulto Mayor (SENAMA), la Coordinaci\u00f3n de Bibliotecas P\u00fablicas de Valpara\u00edso, del Servicio Nacional del Patrimonio Cultural y el Centro Ger\u00f3polis, de la Universidad de Valpara\u00edso.<\/span><\/p>\n<p><span style=\"font-weight: 400\">\u00a0<\/span><\/p>\n","protected":false},"excerpt":{"rendered":"<p>Durante noviembre, nuestros m\u00e1s antiguos antepasados ser\u00e1n los protagonistas de este tradicional ciclo de conversaciones, junto a dos reconocidos\/as y destacados\/as especialistas en la materia. Revisa el calendario y s\u00famate a estas transmisiones en vivo.<\/p>\n","protected":false},"author":22,"featured_media":41714,"comment_status":"open","ping_status":"open","sticky":false,"template":"","format":"standard","meta":{"_acf_changed":false,"_exactmetrics_skip_tracking":false,"_exactmetrics_sitenote_active":false,"_exactmetrics_sitenote_note":"","_exactmetrics_sitenote_category":0,"footnotes":"","_links_to":"","_links_to_target":""},"categories":[4],"tags":[564,91,1131,1035,1135,1132,1134,23,178,222,1129,1130,166,1133,859,1034],"class_list":["post-41685","post","type-post","status-publish","format-standard","has-post-thumbnail","hentry","category-noticias","tag-antropologia","tag-arqueologia","tag-chile-central","tag-ciencia-abierta","tag-despartamento-de-arqueologia","tag-edad-de-hielo","tag-escuela-de-antropologia","tag-explora","tag-explora-valparaiso","tag-museo-fonck","tag-prehispanicos","tag-prehistoricos","tag-proyecto-asociativo-regional-explora-valparaiso","tag-puc","tag-universidad-de-chile","tag-viernes-de-cultura-cientifica"],"acf":[],"yoast_head":"<!-- This site is optimized with the Yoast SEO plugin v26.9 - https:\/\/yoast.com\/product\/yoast-seo-wordpress\/ -->\n<title>No te pierdas el \u00faltimo ciclo del a\u00f1o de los Viernes de Cultura Cient\u00edfica con conversaciones sobre arqueolog\u00eda y antropolog\u00eda - Valpara\u00edso<\/title>\n<meta name=\"robots\" content=\"index, follow, max-snippet:-1, max-image-preview:large, max-video-preview:-1\" \/>\n<link rel=\"canonical\" href=\"https:\/\/explora.cl\/valparaiso\/no-te-pierdas-el-ultimo-ciclo-del-ano-de-los-viernes-de-cultura-cientifica-con-conversaciones-sobre-arqueologia-y-antropologia\/\" class=\"yoast-seo-meta-tag\" \/>\n<meta property=\"og:locale\" content=\"es_ES\" class=\"yoast-seo-meta-tag\" \/>\n<meta property=\"og:type\" content=\"article\" class=\"yoast-seo-meta-tag\" \/>\n<meta property=\"og:title\" content=\"No te pierdas el \u00faltimo ciclo del a\u00f1o de los Viernes de Cultura Cient\u00edfica con conversaciones sobre arqueolog\u00eda y antropolog\u00eda - Valpara\u00edso\" class=\"yoast-seo-meta-tag\" \/>\n<meta property=\"og:description\" content=\"Durante noviembre, nuestros m\u00e1s antiguos antepasados ser\u00e1n los protagonistas de este tradicional ciclo de conversaciones, junto a dos reconocidos\/as y destacados\/as especialistas en la materia. Revisa el calendario y s\u00famate a estas transmisiones en vivo.\" class=\"yoast-seo-meta-tag\" \/>\n<meta property=\"og:url\" content=\"https:\/\/explora.cl\/valparaiso\/no-te-pierdas-el-ultimo-ciclo-del-ano-de-los-viernes-de-cultura-cientifica-con-conversaciones-sobre-arqueologia-y-antropologia\/\" class=\"yoast-seo-meta-tag\" \/>\n<meta property=\"og:site_name\" content=\"Valpara\u00edso\" class=\"yoast-seo-meta-tag\" \/>\n<meta property=\"article:published_time\" content=\"2021-11-05T19:30:47+00:00\" class=\"yoast-seo-meta-tag\" \/>\n<meta property=\"article:modified_time\" content=\"2021-11-09T16:10:52+00:00\" class=\"yoast-seo-meta-tag\" \/>\n<meta property=\"og:image\" content=\"https:\/\/explora.cl\/valparaiso\/wp-content\/uploads\/sites\/7\/2021\/11\/Noviembre-FINNNN-e1637348358433.png\" class=\"yoast-seo-meta-tag\" \/>\n\t<meta property=\"og:image:width\" content=\"800\" class=\"yoast-seo-meta-tag\" \/>\n\t<meta property=\"og:image:height\" content=\"484\" class=\"yoast-seo-meta-tag\" \/>\n\t<meta property=\"og:image:type\" content=\"image\/png\" class=\"yoast-seo-meta-tag\" \/>\n<meta name=\"author\" content=\"jcastaneda\" class=\"yoast-seo-meta-tag\" \/>\n<meta name=\"twitter:card\" content=\"summary_large_image\" class=\"yoast-seo-meta-tag\" \/>\n<meta name=\"twitter:label1\" content=\"Escrito por\" class=\"yoast-seo-meta-tag\" \/>\n\t<meta name=\"twitter:data1\" content=\"jcastaneda\" class=\"yoast-seo-meta-tag\" \/>\n\t<meta name=\"twitter:label2\" content=\"Tiempo estimado de lectura\" class=\"yoast-seo-meta-tag\" \/>\n\t<meta name=\"twitter:data2\" content=\"2 minutos\" class=\"yoast-seo-meta-tag\" \/>\n<script type=\"application\/ld+json\" class=\"yoast-schema-graph\">{\"@context\":\"https:\/\/schema.org\",\"@graph\":[{\"@type\":\"Article\",\"@id\":\"https:\/\/explora.cl\/valparaiso\/no-te-pierdas-el-ultimo-ciclo-del-ano-de-los-viernes-de-cultura-cientifica-con-conversaciones-sobre-arqueologia-y-antropologia\/#article\",\"isPartOf\":{\"@id\":\"https:\/\/explora.cl\/valparaiso\/no-te-pierdas-el-ultimo-ciclo-del-ano-de-los-viernes-de-cultura-cientifica-con-conversaciones-sobre-arqueologia-y-antropologia\/\"},\"author\":{\"name\":\"jcastaneda\",\"@id\":\"https:\/\/explora.cl\/valparaiso\/#\/schema\/person\/c15e69495b8dbe0af0102f6bca43ba5d\"},\"headline\":\"No te pierdas el \u00faltimo ciclo del a\u00f1o de los Viernes de Cultura Cient\u00edfica con conversaciones sobre arqueolog\u00eda y antropolog\u00eda\",\"datePublished\":\"2021-11-05T19:30:47+00:00\",\"dateModified\":\"2021-11-09T16:10:52+00:00\",\"mainEntityOfPage\":{\"@id\":\"https:\/\/explora.cl\/valparaiso\/no-te-pierdas-el-ultimo-ciclo-del-ano-de-los-viernes-de-cultura-cientifica-con-conversaciones-sobre-arqueologia-y-antropologia\/\"},\"wordCount\":486,\"commentCount\":0,\"publisher\":{\"@id\":\"https:\/\/explora.cl\/valparaiso\/#organization\"},\"image\":{\"@id\":\"https:\/\/explora.cl\/valparaiso\/no-te-pierdas-el-ultimo-ciclo-del-ano-de-los-viernes-de-cultura-cientifica-con-conversaciones-sobre-arqueologia-y-antropologia\/#primaryimage\"},\"thumbnailUrl\":\"https:\/\/explora.cl\/valparaiso\/wp-content\/uploads\/sites\/7\/2021\/11\/Noviembre-FINNNN-e1637348358433.png\",\"keywords\":[\"antropolog\u00eda\",\"arqueolog\u00eda\",\"Chile Central\",\"ciencia abierta\",\"despartamento de arqueolog\u00eda\",\"Edad de Hielo\",\"escuela de antropolog\u00eda\",\"EXPLORA\",\"EXPLORA Valpara\u00edso\",\"museo fonck\",\"prehisp\u00e1nicos\",\"prehist\u00f3ricos\",\"Proyecto Asociativo Regional EXPLORA Valparaiso\",\"PUC\",\"Universidad de Chile\",\"viernes de cultura cient\u00edfica\"],\"articleSection\":[\"Noticias\"],\"inLanguage\":\"es-CL\",\"potentialAction\":[{\"@type\":\"CommentAction\",\"name\":\"Comment\",\"target\":[\"https:\/\/explora.cl\/valparaiso\/no-te-pierdas-el-ultimo-ciclo-del-ano-de-los-viernes-de-cultura-cientifica-con-conversaciones-sobre-arqueologia-y-antropologia\/#respond\"]}]},{\"@type\":\"WebPage\",\"@id\":\"https:\/\/explora.cl\/valparaiso\/no-te-pierdas-el-ultimo-ciclo-del-ano-de-los-viernes-de-cultura-cientifica-con-conversaciones-sobre-arqueologia-y-antropologia\/\",\"url\":\"https:\/\/explora.cl\/valparaiso\/no-te-pierdas-el-ultimo-ciclo-del-ano-de-los-viernes-de-cultura-cientifica-con-conversaciones-sobre-arqueologia-y-antropologia\/\",\"name\":\"No te pierdas el \u00faltimo ciclo del a\u00f1o de los Viernes de Cultura Cient\u00edfica con conversaciones sobre arqueolog\u00eda y antropolog\u00eda - Valpara\u00edso\",\"isPartOf\":{\"@id\":\"https:\/\/explora.cl\/valparaiso\/#website\"},\"primaryImageOfPage\":{\"@id\":\"https:\/\/explora.cl\/valparaiso\/no-te-pierdas-el-ultimo-ciclo-del-ano-de-los-viernes-de-cultura-cientifica-con-conversaciones-sobre-arqueologia-y-antropologia\/#primaryimage\"},\"image\":{\"@id\":\"https:\/\/explora.cl\/valparaiso\/no-te-pierdas-el-ultimo-ciclo-del-ano-de-los-viernes-de-cultura-cientifica-con-conversaciones-sobre-arqueologia-y-antropologia\/#primaryimage\"},\"thumbnailUrl\":\"https:\/\/explora.cl\/valparaiso\/wp-content\/uploads\/sites\/7\/2021\/11\/Noviembre-FINNNN-e1637348358433.png\",\"datePublished\":\"2021-11-05T19:30:47+00:00\",\"dateModified\":\"2021-11-09T16:10:52+00:00\",\"breadcrumb\":{\"@id\":\"https:\/\/explora.cl\/valparaiso\/no-te-pierdas-el-ultimo-ciclo-del-ano-de-los-viernes-de-cultura-cientifica-con-conversaciones-sobre-arqueologia-y-antropologia\/#breadcrumb\"},\"inLanguage\":\"es-CL\",\"potentialAction\":[{\"@type\":\"ReadAction\",\"target\":[\"https:\/\/explora.cl\/valparaiso\/no-te-pierdas-el-ultimo-ciclo-del-ano-de-los-viernes-de-cultura-cientifica-con-conversaciones-sobre-arqueologia-y-antropologia\/\"]}]},{\"@type\":\"ImageObject\",\"inLanguage\":\"es-CL\",\"@id\":\"https:\/\/explora.cl\/valparaiso\/no-te-pierdas-el-ultimo-ciclo-del-ano-de-los-viernes-de-cultura-cientifica-con-conversaciones-sobre-arqueologia-y-antropologia\/#primaryimage\",\"url\":\"https:\/\/explora.cl\/valparaiso\/wp-content\/uploads\/sites\/7\/2021\/11\/Noviembre-FINNNN-e1637348358433.png\",\"contentUrl\":\"https:\/\/explora.cl\/valparaiso\/wp-content\/uploads\/sites\/7\/2021\/11\/Noviembre-FINNNN-e1637348358433.png\",\"width\":800,\"height\":484},{\"@type\":\"BreadcrumbList\",\"@id\":\"https:\/\/explora.cl\/valparaiso\/no-te-pierdas-el-ultimo-ciclo-del-ano-de-los-viernes-de-cultura-cientifica-con-conversaciones-sobre-arqueologia-y-antropologia\/#breadcrumb\",\"itemListElement\":[{\"@type\":\"ListItem\",\"position\":1,\"name\":\"Portada\",\"item\":\"https:\/\/explora.cl\/valparaiso\/\"},{\"@type\":\"ListItem\",\"position\":2,\"name\":\"No te pierdas el \u00faltimo ciclo del a\u00f1o de los Viernes de Cultura Cient\u00edfica con conversaciones sobre arqueolog\u00eda y antropolog\u00eda\"}]},{\"@type\":\"WebSite\",\"@id\":\"https:\/\/explora.cl\/valparaiso\/#website\",\"url\":\"https:\/\/explora.cl\/valparaiso\/\",\"name\":\"Valpara\u00edso\",\"description\":\"Otro sitio m\u00e1s de explora.cl\",\"publisher\":{\"@id\":\"https:\/\/explora.cl\/valparaiso\/#organization\"},\"potentialAction\":[{\"@type\":\"SearchAction\",\"target\":{\"@type\":\"EntryPoint\",\"urlTemplate\":\"https:\/\/explora.cl\/valparaiso\/?s={search_term_string}\"},\"query-input\":{\"@type\":\"PropertyValueSpecification\",\"valueRequired\":true,\"valueName\":\"search_term_string\"}}],\"inLanguage\":\"es-CL\"},{\"@type\":\"Organization\",\"@id\":\"https:\/\/explora.cl\/valparaiso\/#organization\",\"name\":\"Valpara\u00edso\",\"url\":\"https:\/\/explora.cl\/valparaiso\/\",\"logo\":{\"@type\":\"ImageObject\",\"inLanguage\":\"es-CL\",\"@id\":\"https:\/\/explora.cl\/valparaiso\/#\/schema\/logo\/image\/\",\"url\":\"https:\/\/explora.cl\/valparaiso\/wp-content\/uploads\/sites\/7\/2019\/06\/cropped-logo-explora-color.jpg\",\"contentUrl\":\"https:\/\/explora.cl\/valparaiso\/wp-content\/uploads\/sites\/7\/2019\/06\/cropped-logo-explora-color.jpg\",\"width\":2035,\"height\":584,\"caption\":\"Valpara\u00edso\"},\"image\":{\"@id\":\"https:\/\/explora.cl\/valparaiso\/#\/schema\/logo\/image\/\"}},{\"@type\":\"Person\",\"@id\":\"https:\/\/explora.cl\/valparaiso\/#\/schema\/person\/c15e69495b8dbe0af0102f6bca43ba5d\",\"name\":\"jcastaneda\",\"image\":{\"@type\":\"ImageObject\",\"inLanguage\":\"es-CL\",\"@id\":\"https:\/\/explora.cl\/valparaiso\/#\/schema\/person\/image\/\",\"url\":\"https:\/\/secure.gravatar.com\/avatar\/f26661a8eef2f6444d9633928ef0219fd69e41c5be1ef5ef16afeee7cd4df675?s=96&d=mm&r=g\",\"contentUrl\":\"https:\/\/secure.gravatar.com\/avatar\/f26661a8eef2f6444d9633928ef0219fd69e41c5be1ef5ef16afeee7cd4df675?s=96&d=mm&r=g\",\"caption\":\"jcastaneda\"},\"url\":\"https:\/\/explora.cl\/valparaiso\/author\/jcastaneda\/\"}]}<\/script>\n<!-- \/ Yoast SEO plugin. -->","yoast_head_json":{"title":"No te pierdas el \u00faltimo ciclo del a\u00f1o de los Viernes de Cultura Cient\u00edfica con conversaciones sobre arqueolog\u00eda y antropolog\u00eda - Valpara\u00edso","robots":{"index":"index","follow":"follow","max-snippet":"max-snippet:-1","max-image-preview":"max-image-preview:large","max-video-preview":"max-video-preview:-1"},"canonical":"https:\/\/explora.cl\/valparaiso\/no-te-pierdas-el-ultimo-ciclo-del-ano-de-los-viernes-de-cultura-cientifica-con-conversaciones-sobre-arqueologia-y-antropologia\/","og_locale":"es_ES","og_type":"article","og_title":"No te pierdas el \u00faltimo ciclo del a\u00f1o de los Viernes de Cultura Cient\u00edfica con conversaciones sobre arqueolog\u00eda y antropolog\u00eda - Valpara\u00edso","og_description":"Durante noviembre, nuestros m\u00e1s antiguos antepasados ser\u00e1n los protagonistas de este tradicional ciclo de conversaciones, junto a dos reconocidos\/as y destacados\/as especialistas en la materia. Revisa el calendario y s\u00famate a estas transmisiones en vivo.","og_url":"https:\/\/explora.cl\/valparaiso\/no-te-pierdas-el-ultimo-ciclo-del-ano-de-los-viernes-de-cultura-cientifica-con-conversaciones-sobre-arqueologia-y-antropologia\/","og_site_name":"Valpara\u00edso","article_published_time":"2021-11-05T19:30:47+00:00","article_modified_time":"2021-11-09T16:10:52+00:00","og_image":[{"width":800,"height":484,"url":"https:\/\/explora.cl\/valparaiso\/wp-content\/uploads\/sites\/7\/2021\/11\/Noviembre-FINNNN-e1637348358433.png","type":"image\/png"}],"author":"jcastaneda","twitter_card":"summary_large_image","twitter_misc":{"Escrito por":"jcastaneda","Tiempo estimado de lectura":"2 minutos"},"schema":{"@context":"https:\/\/schema.org","@graph":[{"@type":"Article","@id":"https:\/\/explora.cl\/valparaiso\/no-te-pierdas-el-ultimo-ciclo-del-ano-de-los-viernes-de-cultura-cientifica-con-conversaciones-sobre-arqueologia-y-antropologia\/#article","isPartOf":{"@id":"https:\/\/explora.cl\/valparaiso\/no-te-pierdas-el-ultimo-ciclo-del-ano-de-los-viernes-de-cultura-cientifica-con-conversaciones-sobre-arqueologia-y-antropologia\/"},"author":{"name":"jcastaneda","@id":"https:\/\/explora.cl\/valparaiso\/#\/schema\/person\/c15e69495b8dbe0af0102f6bca43ba5d"},"headline":"No te pierdas el \u00faltimo ciclo del a\u00f1o de los Viernes de Cultura Cient\u00edfica con conversaciones sobre arqueolog\u00eda y antropolog\u00eda","datePublished":"2021-11-05T19:30:47+00:00","dateModified":"2021-11-09T16:10:52+00:00","mainEntityOfPage":{"@id":"https:\/\/explora.cl\/valparaiso\/no-te-pierdas-el-ultimo-ciclo-del-ano-de-los-viernes-de-cultura-cientifica-con-conversaciones-sobre-arqueologia-y-antropologia\/"},"wordCount":486,"commentCount":0,"publisher":{"@id":"https:\/\/explora.cl\/valparaiso\/#organization"},"image":{"@id":"https:\/\/explora.cl\/valparaiso\/no-te-pierdas-el-ultimo-ciclo-del-ano-de-los-viernes-de-cultura-cientifica-con-conversaciones-sobre-arqueologia-y-antropologia\/#primaryimage"},"thumbnailUrl":"https:\/\/explora.cl\/valparaiso\/wp-content\/uploads\/sites\/7\/2021\/11\/Noviembre-FINNNN-e1637348358433.png","keywords":["antropolog\u00eda","arqueolog\u00eda","Chile Central","ciencia abierta","despartamento de arqueolog\u00eda","Edad de Hielo","escuela de antropolog\u00eda","EXPLORA","EXPLORA Valpara\u00edso","museo fonck","prehisp\u00e1nicos","prehist\u00f3ricos","Proyecto Asociativo Regional EXPLORA Valparaiso","PUC","Universidad de Chile","viernes de cultura cient\u00edfica"],"articleSection":["Noticias"],"inLanguage":"es-CL","potentialAction":[{"@type":"CommentAction","name":"Comment","target":["https:\/\/explora.cl\/valparaiso\/no-te-pierdas-el-ultimo-ciclo-del-ano-de-los-viernes-de-cultura-cientifica-con-conversaciones-sobre-arqueologia-y-antropologia\/#respond"]}]},{"@type":"WebPage","@id":"https:\/\/explora.cl\/valparaiso\/no-te-pierdas-el-ultimo-ciclo-del-ano-de-los-viernes-de-cultura-cientifica-con-conversaciones-sobre-arqueologia-y-antropologia\/","url":"https:\/\/explora.cl\/valparaiso\/no-te-pierdas-el-ultimo-ciclo-del-ano-de-los-viernes-de-cultura-cientifica-con-conversaciones-sobre-arqueologia-y-antropologia\/","name":"No te pierdas el \u00faltimo ciclo del a\u00f1o de los Viernes de Cultura Cient\u00edfica con conversaciones sobre arqueolog\u00eda y antropolog\u00eda - Valpara\u00edso","isPartOf":{"@id":"https:\/\/explora.cl\/valparaiso\/#website"},"primaryImageOfPage":{"@id":"https:\/\/explora.cl\/valparaiso\/no-te-pierdas-el-ultimo-ciclo-del-ano-de-los-viernes-de-cultura-cientifica-con-conversaciones-sobre-arqueologia-y-antropologia\/#primaryimage"},"image":{"@id":"https:\/\/explora.cl\/valparaiso\/no-te-pierdas-el-ultimo-ciclo-del-ano-de-los-viernes-de-cultura-cientifica-con-conversaciones-sobre-arqueologia-y-antropologia\/#primaryimage"},"thumbnailUrl":"https:\/\/explora.cl\/valparaiso\/wp-content\/uploads\/sites\/7\/2021\/11\/Noviembre-FINNNN-e1637348358433.png","datePublished":"2021-11-05T19:30:47+00:00","dateModified":"2021-11-09T16:10:52+00:00","breadcrumb":{"@id":"https:\/\/explora.cl\/valparaiso\/no-te-pierdas-el-ultimo-ciclo-del-ano-de-los-viernes-de-cultura-cientifica-con-conversaciones-sobre-arqueologia-y-antropologia\/#breadcrumb"},"inLanguage":"es-CL","potentialAction":[{"@type":"ReadAction","target":["https:\/\/explora.cl\/valparaiso\/no-te-pierdas-el-ultimo-ciclo-del-ano-de-los-viernes-de-cultura-cientifica-con-conversaciones-sobre-arqueologia-y-antropologia\/"]}]},{"@type":"ImageObject","inLanguage":"es-CL","@id":"https:\/\/explora.cl\/valparaiso\/no-te-pierdas-el-ultimo-ciclo-del-ano-de-los-viernes-de-cultura-cientifica-con-conversaciones-sobre-arqueologia-y-antropologia\/#primaryimage","url":"https:\/\/explora.cl\/valparaiso\/wp-content\/uploads\/sites\/7\/2021\/11\/Noviembre-FINNNN-e1637348358433.png","contentUrl":"https:\/\/explora.cl\/valparaiso\/wp-content\/uploads\/sites\/7\/2021\/11\/Noviembre-FINNNN-e1637348358433.png","width":800,"height":484},{"@type":"BreadcrumbList","@id":"https:\/\/explora.cl\/valparaiso\/no-te-pierdas-el-ultimo-ciclo-del-ano-de-los-viernes-de-cultura-cientifica-con-conversaciones-sobre-arqueologia-y-antropologia\/#breadcrumb","itemListElement":[{"@type":"ListItem","position":1,"name":"Portada","item":"https:\/\/explora.cl\/valparaiso\/"},{"@type":"ListItem","position":2,"name":"No te pierdas el \u00faltimo ciclo del a\u00f1o de los Viernes de Cultura Cient\u00edfica con conversaciones sobre arqueolog\u00eda y antropolog\u00eda"}]},{"@type":"WebSite","@id":"https:\/\/explora.cl\/valparaiso\/#website","url":"https:\/\/explora.cl\/valparaiso\/","name":"Valpara\u00edso","description":"Otro sitio m\u00e1s de explora.cl","publisher":{"@id":"https:\/\/explora.cl\/valparaiso\/#organization"},"potentialAction":[{"@type":"SearchAction","target":{"@type":"EntryPoint","urlTemplate":"https:\/\/explora.cl\/valparaiso\/?s={search_term_string}"},"query-input":{"@type":"PropertyValueSpecification","valueRequired":true,"valueName":"search_term_string"}}],"inLanguage":"es-CL"},{"@type":"Organization","@id":"https:\/\/explora.cl\/valparaiso\/#organization","name":"Valpara\u00edso","url":"https:\/\/explora.cl\/valparaiso\/","logo":{"@type":"ImageObject","inLanguage":"es-CL","@id":"https:\/\/explora.cl\/valparaiso\/#\/schema\/logo\/image\/","url":"https:\/\/explora.cl\/valparaiso\/wp-content\/uploads\/sites\/7\/2019\/06\/cropped-logo-explora-color.jpg","contentUrl":"https:\/\/explora.cl\/valparaiso\/wp-content\/uploads\/sites\/7\/2019\/06\/cropped-logo-explora-color.jpg","width":2035,"height":584,"caption":"Valpara\u00edso"},"image":{"@id":"https:\/\/explora.cl\/valparaiso\/#\/schema\/logo\/image\/"}},{"@type":"Person","@id":"https:\/\/explora.cl\/valparaiso\/#\/schema\/person\/c15e69495b8dbe0af0102f6bca43ba5d","name":"jcastaneda","image":{"@type":"ImageObject","inLanguage":"es-CL","@id":"https:\/\/explora.cl\/valparaiso\/#\/schema\/person\/image\/","url":"https:\/\/secure.gravatar.com\/avatar\/f26661a8eef2f6444d9633928ef0219fd69e41c5be1ef5ef16afeee7cd4df675?s=96&d=mm&r=g","contentUrl":"https:\/\/secure.gravatar.com\/avatar\/f26661a8eef2f6444d9633928ef0219fd69e41c5be1ef5ef16afeee7cd4df675?s=96&d=mm&r=g","caption":"jcastaneda"},"url":"https:\/\/explora.cl\/valparaiso\/author\/jcastaneda\/"}]}},"_links":{"self":[{"href":"https:\/\/explora.cl\/valparaiso\/wp-json\/wp\/v2\/posts\/41685","targetHints":{"allow":["GET"]}}],"collection":[{"href":"https:\/\/explora.cl\/valparaiso\/wp-json\/wp\/v2\/posts"}],"about":[{"href":"https:\/\/explora.cl\/valparaiso\/wp-json\/wp\/v2\/types\/post"}],"author":[{"embeddable":true,"href":"https:\/\/explora.cl\/valparaiso\/wp-json\/wp\/v2\/users\/22"}],"replies":[{"embeddable":true,"href":"https:\/\/explora.cl\/valparaiso\/wp-json\/wp\/v2\/comments?post=41685"}],"version-history":[{"count":1,"href":"https:\/\/explora.cl\/valparaiso\/wp-json\/wp\/v2\/posts\/41685\/revisions"}],"predecessor-version":[{"id":41687,"href":"https:\/\/explora.cl\/valparaiso\/wp-json\/wp\/v2\/posts\/41685\/revisions\/41687"}],"wp:featuredmedia":[{"embeddable":true,"href":"https:\/\/explora.cl\/valparaiso\/wp-json\/wp\/v2\/media\/41714"}],"wp:attachment":[{"href":"https:\/\/explora.cl\/valparaiso\/wp-json\/wp\/v2\/media?parent=41685"}],"wp:term":[{"taxonomy":"category","embeddable":true,"href":"https:\/\/explora.cl\/valparaiso\/wp-json\/wp\/v2\/categories?post=41685"},{"taxonomy":"post_tag","embeddable":true,"href":"https:\/\/explora.cl\/valparaiso\/wp-json\/wp\/v2\/tags?post=41685"}],"curies":[{"name":"wp","href":"https:\/\/api.w.org\/{rel}","templated":true}]}}