{"id":41584,"date":"2021-10-12T16:16:03","date_gmt":"2021-10-12T19:16:03","guid":{"rendered":"https:\/\/explora.cl\/valparaiso\/?p=41584"},"modified":"2021-10-14T15:55:31","modified_gmt":"2021-10-14T18:55:31","slug":"la-inclusion-y-la-tecnologia-en-personas-mayores-protagonizaran-los-viernes-de-cultura-cientifica-de-octubre","status":"publish","type":"post","link":"https:\/\/explora.cl\/valparaiso\/la-inclusion-y-la-tecnologia-en-personas-mayores-protagonizaran-los-viernes-de-cultura-cientifica-de-octubre\/","title":{"rendered":"La inclusi\u00f3n y la tecnolog\u00eda en personas mayores protagonizar\u00e1n los Viernes de Cultura Cient\u00edfica de octubre"},"content":{"rendered":"<h3>La innovaci\u00f3n social y la inclusi\u00f3n de diversas herramientas digitales dirigidas a la tercera edad, ser\u00e1n los protagonistas de las dos conversaciones de los Viernes de Cultura Cient\u00edfica de este mes, a las 18:00 horas, a trav\u00e9s de Facebook Live y YouTube.<\/h3>\n<p><!--more--><\/p>\n<p>Desde el inicio de la pandemia, diversas necesidades detectadas en personas mayores, han servido de punto de partida para el desarrollo de una serie de investigaciones orientadas a la innovaci\u00f3n social y a la creaci\u00f3n de aplicaciones tecnol\u00f3gicas, orientadas especialmente para dicho sector. De acuerdo a la encuesta Chile 3D Adimark*, si el a\u00f1o 2016 un 38% de los adultos mayores ten\u00eda conexi\u00f3n a internet, esa cifra aument\u00f3 a 63% el a\u00f1o reci\u00e9n pasado, y sigue al alza.<\/p>\n<p>Los objetivos de estas investigaciones no es solo incrementar su alfabetizaci\u00f3n digital, sino tambi\u00e9n mejorar la calidad de vida de las personas mayores a <strong>trav\u00e9s de diversas tecnolog\u00edas, como apps o videojuegos hasta sistemas de monitoreo y asistencia virtual, que puedan apoyarles tanto en sus actividades cotidianas como en situaciones de riesgo, que se pueden presentar en casa o en residencias.<\/strong><\/p>\n<p><u>Para dar a conocer esta interesante tem\u00e1tica, los Viernes de Cultura Cient\u00edfica de octubre, se vienen con dos conversaciones sobre Innovaci\u00f3n social y tecnol\u00f3gica orientada a personas mayores, a cargo de especialistas del \u00e1rea en la regi\u00f3n.<\/u><\/p>\n<p>El ciclo, lo abren este <strong>viernes 15 de octubre<\/strong> la acad\u00e9mica Vanessa Vega, de la Escuela de Pedagog\u00eda e Izaskun \u00c1lvarez, de la Escuela de Psicolog\u00eda -ambas de la Pontificia Universidad Cat\u00f3lica de Valpara\u00edso; y el investigador Mario Bruno, acad\u00e9mico del Depto. De Inform\u00e1tica de la Universidad de Playa Ancha;<strong> quienes discutir\u00e1n sobre la importancia de la educaci\u00f3n y la inclusi\u00f3n, a la hora de desarrollar tecnolog\u00eda con enfoque senior.<\/strong><\/p>\n<p>La actividad, contin\u00faa el <strong>29 de octubre <\/strong>con la presentaci\u00f3n<strong>\u00a0\u201cDisminuyendo la brecha digital en personas mayores\u201d, <\/strong>a cargo de Gabriela L\u00f3pez, profesora del Depto. de Ingenier\u00eda en Dise\u00f1o de Productos de la Universidad T\u00e9cnica Federico Santa Mar\u00eda y del acad\u00e9mico Pablo Reyes, Dr. miembro del Equipo Ejecutivo del Centro Ger\u00f3polis de la Universidad de Valpara\u00edso,<strong> quienes conversar\u00e1n sobre los \u00faltimos avances en ingenier\u00eda y gerontolog\u00eda, desde apps realizadas por estudiantes hasta la creaci\u00f3n del Sistema de Salud Territorial para el Adulto Mayor o SISTAM.<\/strong><\/p>\n<p><strong>\u00a1An\u00edmate y participa! Todos y todas est\u00e1n invitados\/as a ser parte de esta actividad online. Les esperamos los viernes 15 y 29 de octubre, a las 18:00 horas a trav\u00e9s de Facebook Live y por nuestro canal de YouTube (suscr\u00edbete a Explora Valparaiso) \u00a1S\u00edguenos en @exploravalpo y ent\u00e9rate de todas nuestras novedades! Recuerda que esta actividad es amigable con la comunidad sorda, porque contamos con int\u00e9rprete en Lengua de Se\u00f1as Chilena.<\/strong><\/p>\n<p>Es importante se\u00f1alar que esta actividad es realizada hace ya 10 a\u00f1os en conjunto con el Museo Fonck de Vi\u00f1a del Mar. Desde este 2021, y dada su renovaci\u00f3n, la iniciativa tambi\u00e9n cuenta con la colaboraci\u00f3n del Servicio Nacional de Adulto Mayor (SENAMA), la Coordinaci\u00f3n de Bibliotecas P\u00fablicas de Valpara\u00edso, del Servicio Nacional del Patrimonio Cultural y el Centro Ger\u00f3polis, de la Universidad de Valpara\u00edso.<\/p>\n<p><a href=\"https:\/\/www.litoralpress.cl\/sitio\/Prensa_Texto?LPKey=i8tv.Jfk8.Vw.Kku.Sbxk.D0.Y.W9.J.Q\/y3e9j.C3whj.R.U.M.I.M.Ep.Y.%C3%96\">*Fuente: El Mercurio<\/a><\/p>\n","protected":false},"excerpt":{"rendered":"<p>La innovaci\u00f3n social y la inclusi\u00f3n de diversas herramientas digitales dirigidas a la tercera edad, ser\u00e1n los protagonistas de las dos conversaciones de los Viernes de Cultura Cient\u00edfica de este mes, a las 18:00 horas, a trav\u00e9s de Facebook Live y YouTube.<\/p>\n","protected":false},"author":22,"featured_media":41582,"comment_status":"open","ping_status":"open","sticky":false,"template":"","format":"standard","meta":{"_acf_changed":false,"_exactmetrics_skip_tracking":false,"_exactmetrics_sitenote_active":false,"_exactmetrics_sitenote_note":"","_exactmetrics_sitenote_category":0,"footnotes":"","_links_to":"","_links_to_target":""},"categories":[4],"tags":[1110,1112,1109,1035,1104,339,110,23,1108,1055,1107,1105,1106,1111,222,1018,166,186,174,1056,76,844,851,1034],"class_list":["post-41584","post","type-post","status-publish","format-standard","has-post-thumbnail","hentry","category-noticias","tag-apps","tag-asistencia-virtual","tag-brecha-digital","tag-ciencia-abierta","tag-ciencia-publica","tag-ciencia-regional","tag-cultura-cientifica","tag-explora","tag-gerontologia","tag-geropolis","tag-gerotecnologia","tag-innovacion-social","tag-innovacion-tecnologica","tag-monitore","tag-museo-fonck","tag-personas-mayores","tag-proyecto-asociativo-regional-explora-valparaiso","tag-pucv","tag-region-de-valparaiso","tag-senama","tag-tecnologia","tag-upla","tag-uv","tag-viernes-de-cultura-cientifica"],"acf":[],"yoast_head":"<!-- This site is optimized with the Yoast SEO plugin v26.9 - https:\/\/yoast.com\/product\/yoast-seo-wordpress\/ -->\n<title>La inclusi\u00f3n y la tecnolog\u00eda en personas mayores protagonizar\u00e1n los Viernes de Cultura Cient\u00edfica de octubre - Valpara\u00edso<\/title>\n<meta name=\"robots\" content=\"index, follow, max-snippet:-1, max-image-preview:large, max-video-preview:-1\" \/>\n<link rel=\"canonical\" href=\"https:\/\/explora.cl\/valparaiso\/la-inclusion-y-la-tecnologia-en-personas-mayores-protagonizaran-los-viernes-de-cultura-cientifica-de-octubre\/\" class=\"yoast-seo-meta-tag\" \/>\n<meta property=\"og:locale\" content=\"es_ES\" class=\"yoast-seo-meta-tag\" \/>\n<meta property=\"og:type\" content=\"article\" class=\"yoast-seo-meta-tag\" \/>\n<meta property=\"og:title\" content=\"La inclusi\u00f3n y la tecnolog\u00eda en personas mayores protagonizar\u00e1n los Viernes de Cultura Cient\u00edfica de octubre - Valpara\u00edso\" class=\"yoast-seo-meta-tag\" \/>\n<meta property=\"og:description\" content=\"La innovaci\u00f3n social y la inclusi\u00f3n de diversas herramientas digitales dirigidas a la tercera edad, ser\u00e1n los protagonistas de las dos conversaciones de los Viernes de Cultura Cient\u00edfica de este mes, a las 18:00 horas, a trav\u00e9s de Facebook Live y YouTube.\" class=\"yoast-seo-meta-tag\" \/>\n<meta property=\"og:url\" content=\"https:\/\/explora.cl\/valparaiso\/la-inclusion-y-la-tecnologia-en-personas-mayores-protagonizaran-los-viernes-de-cultura-cientifica-de-octubre\/\" class=\"yoast-seo-meta-tag\" \/>\n<meta property=\"og:site_name\" content=\"Valpara\u00edso\" class=\"yoast-seo-meta-tag\" \/>\n<meta property=\"article:published_time\" content=\"2021-10-12T19:16:03+00:00\" class=\"yoast-seo-meta-tag\" \/>\n<meta property=\"article:modified_time\" content=\"2021-10-14T18:55:31+00:00\" class=\"yoast-seo-meta-tag\" \/>\n<meta property=\"og:image\" content=\"https:\/\/explora.cl\/valparaiso\/wp-content\/uploads\/sites\/7\/2021\/10\/Octubre-1-copia.png\" class=\"yoast-seo-meta-tag\" \/>\n\t<meta property=\"og:image:width\" content=\"1948\" class=\"yoast-seo-meta-tag\" \/>\n\t<meta property=\"og:image:height\" content=\"1266\" class=\"yoast-seo-meta-tag\" \/>\n\t<meta property=\"og:image:type\" content=\"image\/png\" class=\"yoast-seo-meta-tag\" \/>\n<meta name=\"author\" content=\"jcastaneda\" class=\"yoast-seo-meta-tag\" \/>\n<meta name=\"twitter:card\" content=\"summary_large_image\" class=\"yoast-seo-meta-tag\" \/>\n<meta name=\"twitter:label1\" content=\"Escrito por\" class=\"yoast-seo-meta-tag\" \/>\n\t<meta name=\"twitter:data1\" content=\"jcastaneda\" class=\"yoast-seo-meta-tag\" \/>\n\t<meta name=\"twitter:label2\" content=\"Tiempo estimado de lectura\" class=\"yoast-seo-meta-tag\" \/>\n\t<meta name=\"twitter:data2\" content=\"3 minutos\" class=\"yoast-seo-meta-tag\" \/>\n<script type=\"application\/ld+json\" class=\"yoast-schema-graph\">{\"@context\":\"https:\/\/schema.org\",\"@graph\":[{\"@type\":\"Article\",\"@id\":\"https:\/\/explora.cl\/valparaiso\/la-inclusion-y-la-tecnologia-en-personas-mayores-protagonizaran-los-viernes-de-cultura-cientifica-de-octubre\/#article\",\"isPartOf\":{\"@id\":\"https:\/\/explora.cl\/valparaiso\/la-inclusion-y-la-tecnologia-en-personas-mayores-protagonizaran-los-viernes-de-cultura-cientifica-de-octubre\/\"},\"author\":{\"name\":\"jcastaneda\",\"@id\":\"https:\/\/explora.cl\/valparaiso\/#\/schema\/person\/c15e69495b8dbe0af0102f6bca43ba5d\"},\"headline\":\"La inclusi\u00f3n y la tecnolog\u00eda en personas mayores protagonizar\u00e1n los Viernes de Cultura Cient\u00edfica de octubre\",\"datePublished\":\"2021-10-12T19:16:03+00:00\",\"dateModified\":\"2021-10-14T18:55:31+00:00\",\"mainEntityOfPage\":{\"@id\":\"https:\/\/explora.cl\/valparaiso\/la-inclusion-y-la-tecnologia-en-personas-mayores-protagonizaran-los-viernes-de-cultura-cientifica-de-octubre\/\"},\"wordCount\":588,\"commentCount\":0,\"publisher\":{\"@id\":\"https:\/\/explora.cl\/valparaiso\/#organization\"},\"image\":{\"@id\":\"https:\/\/explora.cl\/valparaiso\/la-inclusion-y-la-tecnologia-en-personas-mayores-protagonizaran-los-viernes-de-cultura-cientifica-de-octubre\/#primaryimage\"},\"thumbnailUrl\":\"https:\/\/explora.cl\/valparaiso\/wp-content\/uploads\/sites\/7\/2021\/10\/Octubre-1-copia.png\",\"keywords\":[\"apps\",\"asistencia virtual\",\"brecha digital\",\"ciencia abierta\",\"Ciencia P\u00fablica\",\"ciencia regional\",\"cultura cientifica\",\"EXPLORA\",\"gerontolog\u00eda\",\"ger\u00f3polis\",\"gerotecnolog\u00eda\",\"innovaci\u00f3n social\",\"innovaci\u00f3n tecnol\u00f3gica\",\"monitore\",\"museo fonck\",\"personas mayores\",\"Proyecto Asociativo Regional EXPLORA Valparaiso\",\"pucv\",\"Regi\u00f3n de Valpara\u00edso\",\"senama\",\"tecnolog\u00eda\",\"upla\",\"UV\",\"viernes de cultura cient\u00edfica\"],\"articleSection\":[\"Noticias\"],\"inLanguage\":\"es-CL\",\"potentialAction\":[{\"@type\":\"CommentAction\",\"name\":\"Comment\",\"target\":[\"https:\/\/explora.cl\/valparaiso\/la-inclusion-y-la-tecnologia-en-personas-mayores-protagonizaran-los-viernes-de-cultura-cientifica-de-octubre\/#respond\"]}]},{\"@type\":\"WebPage\",\"@id\":\"https:\/\/explora.cl\/valparaiso\/la-inclusion-y-la-tecnologia-en-personas-mayores-protagonizaran-los-viernes-de-cultura-cientifica-de-octubre\/\",\"url\":\"https:\/\/explora.cl\/valparaiso\/la-inclusion-y-la-tecnologia-en-personas-mayores-protagonizaran-los-viernes-de-cultura-cientifica-de-octubre\/\",\"name\":\"La inclusi\u00f3n y la tecnolog\u00eda en personas mayores protagonizar\u00e1n los Viernes de Cultura Cient\u00edfica de octubre - Valpara\u00edso\",\"isPartOf\":{\"@id\":\"https:\/\/explora.cl\/valparaiso\/#website\"},\"primaryImageOfPage\":{\"@id\":\"https:\/\/explora.cl\/valparaiso\/la-inclusion-y-la-tecnologia-en-personas-mayores-protagonizaran-los-viernes-de-cultura-cientifica-de-octubre\/#primaryimage\"},\"image\":{\"@id\":\"https:\/\/explora.cl\/valparaiso\/la-inclusion-y-la-tecnologia-en-personas-mayores-protagonizaran-los-viernes-de-cultura-cientifica-de-octubre\/#primaryimage\"},\"thumbnailUrl\":\"https:\/\/explora.cl\/valparaiso\/wp-content\/uploads\/sites\/7\/2021\/10\/Octubre-1-copia.png\",\"datePublished\":\"2021-10-12T19:16:03+00:00\",\"dateModified\":\"2021-10-14T18:55:31+00:00\",\"breadcrumb\":{\"@id\":\"https:\/\/explora.cl\/valparaiso\/la-inclusion-y-la-tecnologia-en-personas-mayores-protagonizaran-los-viernes-de-cultura-cientifica-de-octubre\/#breadcrumb\"},\"inLanguage\":\"es-CL\",\"potentialAction\":[{\"@type\":\"ReadAction\",\"target\":[\"https:\/\/explora.cl\/valparaiso\/la-inclusion-y-la-tecnologia-en-personas-mayores-protagonizaran-los-viernes-de-cultura-cientifica-de-octubre\/\"]}]},{\"@type\":\"ImageObject\",\"inLanguage\":\"es-CL\",\"@id\":\"https:\/\/explora.cl\/valparaiso\/la-inclusion-y-la-tecnologia-en-personas-mayores-protagonizaran-los-viernes-de-cultura-cientifica-de-octubre\/#primaryimage\",\"url\":\"https:\/\/explora.cl\/valparaiso\/wp-content\/uploads\/sites\/7\/2021\/10\/Octubre-1-copia.png\",\"contentUrl\":\"https:\/\/explora.cl\/valparaiso\/wp-content\/uploads\/sites\/7\/2021\/10\/Octubre-1-copia.png\",\"width\":1948,\"height\":1266},{\"@type\":\"BreadcrumbList\",\"@id\":\"https:\/\/explora.cl\/valparaiso\/la-inclusion-y-la-tecnologia-en-personas-mayores-protagonizaran-los-viernes-de-cultura-cientifica-de-octubre\/#breadcrumb\",\"itemListElement\":[{\"@type\":\"ListItem\",\"position\":1,\"name\":\"Portada\",\"item\":\"https:\/\/explora.cl\/valparaiso\/\"},{\"@type\":\"ListItem\",\"position\":2,\"name\":\"La inclusi\u00f3n y la tecnolog\u00eda en personas mayores protagonizar\u00e1n los Viernes de Cultura Cient\u00edfica de octubre\"}]},{\"@type\":\"WebSite\",\"@id\":\"https:\/\/explora.cl\/valparaiso\/#website\",\"url\":\"https:\/\/explora.cl\/valparaiso\/\",\"name\":\"Valpara\u00edso\",\"description\":\"Otro sitio m\u00e1s de explora.cl\",\"publisher\":{\"@id\":\"https:\/\/explora.cl\/valparaiso\/#organization\"},\"potentialAction\":[{\"@type\":\"SearchAction\",\"target\":{\"@type\":\"EntryPoint\",\"urlTemplate\":\"https:\/\/explora.cl\/valparaiso\/?s={search_term_string}\"},\"query-input\":{\"@type\":\"PropertyValueSpecification\",\"valueRequired\":true,\"valueName\":\"search_term_string\"}}],\"inLanguage\":\"es-CL\"},{\"@type\":\"Organization\",\"@id\":\"https:\/\/explora.cl\/valparaiso\/#organization\",\"name\":\"Valpara\u00edso\",\"url\":\"https:\/\/explora.cl\/valparaiso\/\",\"logo\":{\"@type\":\"ImageObject\",\"inLanguage\":\"es-CL\",\"@id\":\"https:\/\/explora.cl\/valparaiso\/#\/schema\/logo\/image\/\",\"url\":\"https:\/\/explora.cl\/valparaiso\/wp-content\/uploads\/sites\/7\/2019\/06\/cropped-logo-explora-color.jpg\",\"contentUrl\":\"https:\/\/explora.cl\/valparaiso\/wp-content\/uploads\/sites\/7\/2019\/06\/cropped-logo-explora-color.jpg\",\"width\":2035,\"height\":584,\"caption\":\"Valpara\u00edso\"},\"image\":{\"@id\":\"https:\/\/explora.cl\/valparaiso\/#\/schema\/logo\/image\/\"}},{\"@type\":\"Person\",\"@id\":\"https:\/\/explora.cl\/valparaiso\/#\/schema\/person\/c15e69495b8dbe0af0102f6bca43ba5d\",\"name\":\"jcastaneda\",\"image\":{\"@type\":\"ImageObject\",\"inLanguage\":\"es-CL\",\"@id\":\"https:\/\/explora.cl\/valparaiso\/#\/schema\/person\/image\/\",\"url\":\"https:\/\/secure.gravatar.com\/avatar\/f26661a8eef2f6444d9633928ef0219fd69e41c5be1ef5ef16afeee7cd4df675?s=96&d=mm&r=g\",\"contentUrl\":\"https:\/\/secure.gravatar.com\/avatar\/f26661a8eef2f6444d9633928ef0219fd69e41c5be1ef5ef16afeee7cd4df675?s=96&d=mm&r=g\",\"caption\":\"jcastaneda\"},\"url\":\"https:\/\/explora.cl\/valparaiso\/author\/jcastaneda\/\"}]}<\/script>\n<!-- \/ Yoast SEO plugin. -->","yoast_head_json":{"title":"La inclusi\u00f3n y la tecnolog\u00eda en personas mayores protagonizar\u00e1n los Viernes de Cultura Cient\u00edfica de octubre - Valpara\u00edso","robots":{"index":"index","follow":"follow","max-snippet":"max-snippet:-1","max-image-preview":"max-image-preview:large","max-video-preview":"max-video-preview:-1"},"canonical":"https:\/\/explora.cl\/valparaiso\/la-inclusion-y-la-tecnologia-en-personas-mayores-protagonizaran-los-viernes-de-cultura-cientifica-de-octubre\/","og_locale":"es_ES","og_type":"article","og_title":"La inclusi\u00f3n y la tecnolog\u00eda en personas mayores protagonizar\u00e1n los Viernes de Cultura Cient\u00edfica de octubre - Valpara\u00edso","og_description":"La innovaci\u00f3n social y la inclusi\u00f3n de diversas herramientas digitales dirigidas a la tercera edad, ser\u00e1n los protagonistas de las dos conversaciones de los Viernes de Cultura Cient\u00edfica de este mes, a las 18:00 horas, a trav\u00e9s de Facebook Live y YouTube.","og_url":"https:\/\/explora.cl\/valparaiso\/la-inclusion-y-la-tecnologia-en-personas-mayores-protagonizaran-los-viernes-de-cultura-cientifica-de-octubre\/","og_site_name":"Valpara\u00edso","article_published_time":"2021-10-12T19:16:03+00:00","article_modified_time":"2021-10-14T18:55:31+00:00","og_image":[{"width":1948,"height":1266,"url":"https:\/\/explora.cl\/valparaiso\/wp-content\/uploads\/sites\/7\/2021\/10\/Octubre-1-copia.png","type":"image\/png"}],"author":"jcastaneda","twitter_card":"summary_large_image","twitter_misc":{"Escrito por":"jcastaneda","Tiempo estimado de lectura":"3 minutos"},"schema":{"@context":"https:\/\/schema.org","@graph":[{"@type":"Article","@id":"https:\/\/explora.cl\/valparaiso\/la-inclusion-y-la-tecnologia-en-personas-mayores-protagonizaran-los-viernes-de-cultura-cientifica-de-octubre\/#article","isPartOf":{"@id":"https:\/\/explora.cl\/valparaiso\/la-inclusion-y-la-tecnologia-en-personas-mayores-protagonizaran-los-viernes-de-cultura-cientifica-de-octubre\/"},"author":{"name":"jcastaneda","@id":"https:\/\/explora.cl\/valparaiso\/#\/schema\/person\/c15e69495b8dbe0af0102f6bca43ba5d"},"headline":"La inclusi\u00f3n y la tecnolog\u00eda en personas mayores protagonizar\u00e1n los Viernes de Cultura Cient\u00edfica de octubre","datePublished":"2021-10-12T19:16:03+00:00","dateModified":"2021-10-14T18:55:31+00:00","mainEntityOfPage":{"@id":"https:\/\/explora.cl\/valparaiso\/la-inclusion-y-la-tecnologia-en-personas-mayores-protagonizaran-los-viernes-de-cultura-cientifica-de-octubre\/"},"wordCount":588,"commentCount":0,"publisher":{"@id":"https:\/\/explora.cl\/valparaiso\/#organization"},"image":{"@id":"https:\/\/explora.cl\/valparaiso\/la-inclusion-y-la-tecnologia-en-personas-mayores-protagonizaran-los-viernes-de-cultura-cientifica-de-octubre\/#primaryimage"},"thumbnailUrl":"https:\/\/explora.cl\/valparaiso\/wp-content\/uploads\/sites\/7\/2021\/10\/Octubre-1-copia.png","keywords":["apps","asistencia virtual","brecha digital","ciencia abierta","Ciencia P\u00fablica","ciencia regional","cultura cientifica","EXPLORA","gerontolog\u00eda","ger\u00f3polis","gerotecnolog\u00eda","innovaci\u00f3n social","innovaci\u00f3n tecnol\u00f3gica","monitore","museo fonck","personas mayores","Proyecto Asociativo Regional EXPLORA Valparaiso","pucv","Regi\u00f3n de Valpara\u00edso","senama","tecnolog\u00eda","upla","UV","viernes de cultura cient\u00edfica"],"articleSection":["Noticias"],"inLanguage":"es-CL","potentialAction":[{"@type":"CommentAction","name":"Comment","target":["https:\/\/explora.cl\/valparaiso\/la-inclusion-y-la-tecnologia-en-personas-mayores-protagonizaran-los-viernes-de-cultura-cientifica-de-octubre\/#respond"]}]},{"@type":"WebPage","@id":"https:\/\/explora.cl\/valparaiso\/la-inclusion-y-la-tecnologia-en-personas-mayores-protagonizaran-los-viernes-de-cultura-cientifica-de-octubre\/","url":"https:\/\/explora.cl\/valparaiso\/la-inclusion-y-la-tecnologia-en-personas-mayores-protagonizaran-los-viernes-de-cultura-cientifica-de-octubre\/","name":"La inclusi\u00f3n y la tecnolog\u00eda en personas mayores protagonizar\u00e1n los Viernes de Cultura Cient\u00edfica de octubre - Valpara\u00edso","isPartOf":{"@id":"https:\/\/explora.cl\/valparaiso\/#website"},"primaryImageOfPage":{"@id":"https:\/\/explora.cl\/valparaiso\/la-inclusion-y-la-tecnologia-en-personas-mayores-protagonizaran-los-viernes-de-cultura-cientifica-de-octubre\/#primaryimage"},"image":{"@id":"https:\/\/explora.cl\/valparaiso\/la-inclusion-y-la-tecnologia-en-personas-mayores-protagonizaran-los-viernes-de-cultura-cientifica-de-octubre\/#primaryimage"},"thumbnailUrl":"https:\/\/explora.cl\/valparaiso\/wp-content\/uploads\/sites\/7\/2021\/10\/Octubre-1-copia.png","datePublished":"2021-10-12T19:16:03+00:00","dateModified":"2021-10-14T18:55:31+00:00","breadcrumb":{"@id":"https:\/\/explora.cl\/valparaiso\/la-inclusion-y-la-tecnologia-en-personas-mayores-protagonizaran-los-viernes-de-cultura-cientifica-de-octubre\/#breadcrumb"},"inLanguage":"es-CL","potentialAction":[{"@type":"ReadAction","target":["https:\/\/explora.cl\/valparaiso\/la-inclusion-y-la-tecnologia-en-personas-mayores-protagonizaran-los-viernes-de-cultura-cientifica-de-octubre\/"]}]},{"@type":"ImageObject","inLanguage":"es-CL","@id":"https:\/\/explora.cl\/valparaiso\/la-inclusion-y-la-tecnologia-en-personas-mayores-protagonizaran-los-viernes-de-cultura-cientifica-de-octubre\/#primaryimage","url":"https:\/\/explora.cl\/valparaiso\/wp-content\/uploads\/sites\/7\/2021\/10\/Octubre-1-copia.png","contentUrl":"https:\/\/explora.cl\/valparaiso\/wp-content\/uploads\/sites\/7\/2021\/10\/Octubre-1-copia.png","width":1948,"height":1266},{"@type":"BreadcrumbList","@id":"https:\/\/explora.cl\/valparaiso\/la-inclusion-y-la-tecnologia-en-personas-mayores-protagonizaran-los-viernes-de-cultura-cientifica-de-octubre\/#breadcrumb","itemListElement":[{"@type":"ListItem","position":1,"name":"Portada","item":"https:\/\/explora.cl\/valparaiso\/"},{"@type":"ListItem","position":2,"name":"La inclusi\u00f3n y la tecnolog\u00eda en personas mayores protagonizar\u00e1n los Viernes de Cultura Cient\u00edfica de octubre"}]},{"@type":"WebSite","@id":"https:\/\/explora.cl\/valparaiso\/#website","url":"https:\/\/explora.cl\/valparaiso\/","name":"Valpara\u00edso","description":"Otro sitio m\u00e1s de explora.cl","publisher":{"@id":"https:\/\/explora.cl\/valparaiso\/#organization"},"potentialAction":[{"@type":"SearchAction","target":{"@type":"EntryPoint","urlTemplate":"https:\/\/explora.cl\/valparaiso\/?s={search_term_string}"},"query-input":{"@type":"PropertyValueSpecification","valueRequired":true,"valueName":"search_term_string"}}],"inLanguage":"es-CL"},{"@type":"Organization","@id":"https:\/\/explora.cl\/valparaiso\/#organization","name":"Valpara\u00edso","url":"https:\/\/explora.cl\/valparaiso\/","logo":{"@type":"ImageObject","inLanguage":"es-CL","@id":"https:\/\/explora.cl\/valparaiso\/#\/schema\/logo\/image\/","url":"https:\/\/explora.cl\/valparaiso\/wp-content\/uploads\/sites\/7\/2019\/06\/cropped-logo-explora-color.jpg","contentUrl":"https:\/\/explora.cl\/valparaiso\/wp-content\/uploads\/sites\/7\/2019\/06\/cropped-logo-explora-color.jpg","width":2035,"height":584,"caption":"Valpara\u00edso"},"image":{"@id":"https:\/\/explora.cl\/valparaiso\/#\/schema\/logo\/image\/"}},{"@type":"Person","@id":"https:\/\/explora.cl\/valparaiso\/#\/schema\/person\/c15e69495b8dbe0af0102f6bca43ba5d","name":"jcastaneda","image":{"@type":"ImageObject","inLanguage":"es-CL","@id":"https:\/\/explora.cl\/valparaiso\/#\/schema\/person\/image\/","url":"https:\/\/secure.gravatar.com\/avatar\/f26661a8eef2f6444d9633928ef0219fd69e41c5be1ef5ef16afeee7cd4df675?s=96&d=mm&r=g","contentUrl":"https:\/\/secure.gravatar.com\/avatar\/f26661a8eef2f6444d9633928ef0219fd69e41c5be1ef5ef16afeee7cd4df675?s=96&d=mm&r=g","caption":"jcastaneda"},"url":"https:\/\/explora.cl\/valparaiso\/author\/jcastaneda\/"}]}},"_links":{"self":[{"href":"https:\/\/explora.cl\/valparaiso\/wp-json\/wp\/v2\/posts\/41584","targetHints":{"allow":["GET"]}}],"collection":[{"href":"https:\/\/explora.cl\/valparaiso\/wp-json\/wp\/v2\/posts"}],"about":[{"href":"https:\/\/explora.cl\/valparaiso\/wp-json\/wp\/v2\/types\/post"}],"author":[{"embeddable":true,"href":"https:\/\/explora.cl\/valparaiso\/wp-json\/wp\/v2\/users\/22"}],"replies":[{"embeddable":true,"href":"https:\/\/explora.cl\/valparaiso\/wp-json\/wp\/v2\/comments?post=41584"}],"version-history":[{"count":7,"href":"https:\/\/explora.cl\/valparaiso\/wp-json\/wp\/v2\/posts\/41584\/revisions"}],"predecessor-version":[{"id":41602,"href":"https:\/\/explora.cl\/valparaiso\/wp-json\/wp\/v2\/posts\/41584\/revisions\/41602"}],"wp:featuredmedia":[{"embeddable":true,"href":"https:\/\/explora.cl\/valparaiso\/wp-json\/wp\/v2\/media\/41582"}],"wp:attachment":[{"href":"https:\/\/explora.cl\/valparaiso\/wp-json\/wp\/v2\/media?parent=41584"}],"wp:term":[{"taxonomy":"category","embeddable":true,"href":"https:\/\/explora.cl\/valparaiso\/wp-json\/wp\/v2\/categories?post=41584"},{"taxonomy":"post_tag","embeddable":true,"href":"https:\/\/explora.cl\/valparaiso\/wp-json\/wp\/v2\/tags?post=41584"}],"curies":[{"name":"wp","href":"https:\/\/api.w.org\/{rel}","templated":true}]}}