{"id":41531,"date":"2021-10-04T13:48:53","date_gmt":"2021-10-04T16:48:53","guid":{"rendered":"https:\/\/explora.cl\/valparaiso\/?p=41531"},"modified":"2021-10-06T12:59:43","modified_gmt":"2021-10-06T15:59:43","slug":"celebremos-la-curiosidad-diversas-actividades-se-toman-el-festival-de-la-ciencia-2021-en-la-region-de-valparaiso","status":"publish","type":"post","link":"https:\/\/explora.cl\/valparaiso\/celebremos-la-curiosidad-diversas-actividades-se-toman-el-festival-de-la-ciencia-2021-en-la-region-de-valparaiso\/","title":{"rendered":"\u00a1Celebremos la curiosidad! Diversas actividades se toman el Festival de la Ciencia 2021 en la Regi\u00f3n de Valpara\u00edso"},"content":{"rendered":"<h3><span style=\"font-weight: 400\">Desde el 20 al 24 de octubre, una serie de actividades gratuitas dar\u00e1n vida a esta versi\u00f3n del Festival de la Ciencia o FECI 2021, evento que busca celebrar la curiosidad y el conocimiento en todo el pa\u00eds.\u00a0<\/span><\/h3>\n<p><!--more--><\/p>\n<p><span style=\"font-weight: 400\">Desde conversatorios online, editat\u00f3n cient\u00edfica y hasta intervenciones urbanas en plazas de diversas comunas de la regi\u00f3n, son algunas de las actividades que se tomar\u00e1n la semana del 20 al 24 de octubre, en otra versi\u00f3n del Festival de la Ciencia, iniciativa heredera de la Semana de la Ciencia y dise\u00f1ada por el Ministerio de Ciencia, que en la regi\u00f3n es coordinada por Explora Valpara\u00edso.\u00a0<\/span><\/p>\n<p><span style=\"font-weight: 400\">Este 2021, organizamos una serie de actividades pensadas para todo tipo de p\u00fablico, desde ni\u00f1os y ni\u00f1as hasta personas mayores, pasando por la comunidad cient\u00edfica y por la sociedad civil, con festejos gratuitos que buscan acercar el conocimiento, la ciencia, la tecnolog\u00eda y la innovaci\u00f3n a todos y todas durante una semana completa.\u00a0<\/span><\/p>\n<p><span style=\"font-weight: 400\">Puedes revisar algunas aqu\u00ed algunas de las actividades que hemos preparado para este FECI 2021:<\/span><\/p>\n<table>\n<tbody>\n<tr>\n<td><b>Actividad<\/b><\/td>\n<td><b>Cu\u00e1ndo, d\u00f3nde y a qu\u00e9 hora<\/b><\/td>\n<\/tr>\n<tr>\n<td>Intervenci\u00f3n urbana \u201cMujeres destacadas de nuestra tierra\u201d<\/td>\n<td><a href=\"https:\/\/explora.cl\/valparaiso\/conoce-a-las-mujeres-destacadas-de-nuestra-tierra-con-estas-intervenciones-urbanas-en-toda-la-region-de-valparaiso\/\">Desde el 20 al 24 de octubre. Revisa los lugares y horarios por donde itinerar\u00e1 la exposici\u00f3n pinchando aqu\u00ed.<\/a><\/td>\n<\/tr>\n<tr>\n<td>Pinta tu pez virtual &#8211; actividad ni\u00f1as y ni\u00f1os<\/td>\n<td><a href=\"https:\/\/explora.cl\/valparaiso\/a-nadar-en-un-oceano-virtual-con-pinta-tu-pez-en-el-festival-de-la-ciencia\/\">Viernes 22 de octubre, bloques en la ma\u00f1ana y en la tarde. Revisa los detalles y horas aqu\u00ed.<\/a><\/td>\n<\/tr>\n<tr>\n<td>Conversatorio personas mayores \u201cExperiencias barriales\u201d<\/td>\n<td><a href=\"https:\/\/explora.cl\/valparaiso\/experiencias-barriales-pensarse-en-el-cambio-de-la-ciudad-un-conversatorio-dirigido-a-personas-mayores\/\">Viernes 22 de octubre a las 16:00 horas, por Zoom. Revisa la informaci\u00f3n y el link de inscripci\u00f3n, aqu\u00ed.<\/a><\/td>\n<\/tr>\n<tr>\n<td>Taller &#8220;Editat\u00f3n cient\u00edfica&#8221; con Wikipedia<\/td>\n<td><a href=\"https:\/\/explora.cl\/valparaiso\/atencion-comunidad-cientifica-de-la-region-de-valparaiso-participa-en-la-editaton-de-wikipedia-y-mejoremos-el-contenido-cientifico-de-la-red\/\">Jueves 21 de octubre, de 17:00 a 18:00 horas, a trav\u00e9s de Zoom. Revisa link de inscripci\u00f3n y detalles aqu\u00ed.<\/a><\/td>\n<\/tr>\n<tr>\n<td>\u201cGolondrinas y Lobatos trepan por la Regi\u00f3n de Valpara\u00edso\u201d &#8211; actividad scout<\/td>\n<td><a href=\"https:\/\/explora.cl\/valparaiso\/abierto-el-llamado-a-golondrinas-y-lobatos-este-feci-2021-aprendamos-a-reconocer-nuestro-patrimonio-natural-con-este-taller-scout\/\">S\u00e1bado 23 de octubre, a las 11:00 horas, por Zoom. Inscripciones y detalles del evento, aqu\u00ed.<\/a><\/td>\n<\/tr>\n<tr>\n<td>\u201cSomos un para\u00edso de ciencia\u201d &#8211; entrevistas a cient\u00edficas\/os<\/td>\n<td><a href=\"https:\/\/explora.cl\/valparaiso\/sube-la-radio-y-escucha-somos-un-paraiso-de-ciencia-durante-el-festival-de-la-ciencia-2021\/\">Desde el 20 al 22 de octubre. Revisa horarios y las emisoras participantes, aqu\u00ed.<\/a><\/td>\n<\/tr>\n<tr>\n<td>C\u00e1psulas audiovisuales &#8211; &#8220;Virus un reino microsc\u00f3pico&#8221; y \u00a1Cuidemos la salud de las plantas!<\/td>\n<td><a href=\"https:\/\/explora.cl\/valparaiso\/virus-y-plantas-son-protagonistas-de-microcapsulas-cientificas-que-estrenaremos-en-feci-2021\/\">Revisa este material desde el 20 al 24 de octubre, en todas nuestras redes sociales. M\u00e1s detalles, pincha aqu\u00ed.<\/a><\/td>\n<\/tr>\n<\/tbody>\n<\/table>\n<p>&nbsp;<\/p>\n<p><span style=\"font-weight: 400\">Para conocer todas las actividades que ser\u00e1n parte de FECI en la Regi\u00f3n de Valpara\u00edso, puedes visitar <\/span><a href=\"http:\/\/www.festivaldelaciencia.cl\"><span style=\"font-weight: 400\">www.festivaldelaciencia.cl<\/span><\/a><span style=\"font-weight: 400\"> y seguir a @exploravalpo en Facebook, twitter e Instagram; redes en la que estar\u00e1 disponible toda la informaci\u00f3n.\u00a0<\/span><\/p>\n","protected":false},"excerpt":{"rendered":"<p>Desde el 20 al 24 de octubre, una serie de actividades gratuitas dar\u00e1n vida a esta versi\u00f3n del Festival de la Ciencia o FECI 2021, evento que busca celebrar la curiosidad y el conocimiento en todo el pa\u00eds.\u00a0<\/p>\n","protected":false},"author":22,"featured_media":41484,"comment_status":"open","ping_status":"open","sticky":false,"template":"","format":"standard","meta":{"_acf_changed":false,"_exactmetrics_skip_tracking":false,"_exactmetrics_sitenote_active":false,"_exactmetrics_sitenote_note":"","_exactmetrics_sitenote_category":0,"footnotes":"","_links_to":"","_links_to_target":""},"categories":[4],"tags":[1097,1102,339,1100,1098,110,1094,23,158,210,1074,1073,837,1101,1080,68,166,174,1099,1103],"class_list":["post-41531","post","type-post","status-publish","format-standard","has-post-thumbnail","hentry","category-noticias","tag-actividades-gratuitas","tag-capsulas-audiovisuales","tag-ciencia-regional","tag-corporeos","tag-ctci","tag-cultura-cientifica","tag-editaton-cientifica","tag-explora","tag-exposicion-interactiva-e-itinerante","tag-exposiciones","tag-feci-2021","tag-festival-de-la-ciencia","tag-minciencia","tag-mujeres-destacadas-de-la-region","tag-pinta-tu-pez","tag-programa-explora","tag-proyecto-asociativo-regional-explora-valparaiso","tag-region-de-valparaiso","tag-show-en-vivo","tag-un-paraiso-de-ciencia"],"acf":[],"yoast_head":"<!-- This site is optimized with the Yoast SEO plugin v26.9 - https:\/\/yoast.com\/product\/yoast-seo-wordpress\/ -->\n<title>\u00a1Celebremos la curiosidad! Diversas actividades se toman el Festival de la Ciencia 2021 en la Regi\u00f3n de Valpara\u00edso - Valpara\u00edso<\/title>\n<meta name=\"robots\" content=\"index, follow, max-snippet:-1, max-image-preview:large, max-video-preview:-1\" \/>\n<link rel=\"canonical\" href=\"https:\/\/explora.cl\/valparaiso\/celebremos-la-curiosidad-diversas-actividades-se-toman-el-festival-de-la-ciencia-2021-en-la-region-de-valparaiso\/\" class=\"yoast-seo-meta-tag\" \/>\n<meta property=\"og:locale\" content=\"es_ES\" class=\"yoast-seo-meta-tag\" \/>\n<meta property=\"og:type\" content=\"article\" class=\"yoast-seo-meta-tag\" \/>\n<meta property=\"og:title\" content=\"\u00a1Celebremos la curiosidad! Diversas actividades se toman el Festival de la Ciencia 2021 en la Regi\u00f3n de Valpara\u00edso - Valpara\u00edso\" class=\"yoast-seo-meta-tag\" \/>\n<meta property=\"og:description\" content=\"Desde el 20 al 24 de octubre, una serie de actividades gratuitas dar\u00e1n vida a esta versi\u00f3n del Festival de la Ciencia o FECI 2021, evento que busca celebrar la curiosidad y el conocimiento en todo el pa\u00eds.\u00a0\" class=\"yoast-seo-meta-tag\" \/>\n<meta property=\"og:url\" content=\"https:\/\/explora.cl\/valparaiso\/celebremos-la-curiosidad-diversas-actividades-se-toman-el-festival-de-la-ciencia-2021-en-la-region-de-valparaiso\/\" class=\"yoast-seo-meta-tag\" \/>\n<meta property=\"og:site_name\" content=\"Valpara\u00edso\" class=\"yoast-seo-meta-tag\" \/>\n<meta property=\"article:published_time\" content=\"2021-10-04T16:48:53+00:00\" class=\"yoast-seo-meta-tag\" \/>\n<meta property=\"article:modified_time\" content=\"2021-10-06T15:59:43+00:00\" class=\"yoast-seo-meta-tag\" \/>\n<meta property=\"og:image\" content=\"https:\/\/explora.cl\/valparaiso\/wp-content\/uploads\/sites\/7\/2021\/09\/FECI-2021-02-e1631550935845.jpg\" class=\"yoast-seo-meta-tag\" \/>\n\t<meta property=\"og:image:width\" content=\"800\" class=\"yoast-seo-meta-tag\" \/>\n\t<meta property=\"og:image:height\" content=\"420\" class=\"yoast-seo-meta-tag\" \/>\n\t<meta property=\"og:image:type\" content=\"image\/jpeg\" class=\"yoast-seo-meta-tag\" \/>\n<meta name=\"author\" content=\"jcastaneda\" class=\"yoast-seo-meta-tag\" \/>\n<meta name=\"twitter:card\" content=\"summary_large_image\" class=\"yoast-seo-meta-tag\" \/>\n<meta name=\"twitter:label1\" content=\"Escrito por\" class=\"yoast-seo-meta-tag\" \/>\n\t<meta name=\"twitter:data1\" content=\"jcastaneda\" class=\"yoast-seo-meta-tag\" \/>\n\t<meta name=\"twitter:label2\" content=\"Tiempo estimado de lectura\" class=\"yoast-seo-meta-tag\" \/>\n\t<meta name=\"twitter:data2\" content=\"2 minutos\" class=\"yoast-seo-meta-tag\" \/>\n<script type=\"application\/ld+json\" class=\"yoast-schema-graph\">{\"@context\":\"https:\/\/schema.org\",\"@graph\":[{\"@type\":\"Article\",\"@id\":\"https:\/\/explora.cl\/valparaiso\/celebremos-la-curiosidad-diversas-actividades-se-toman-el-festival-de-la-ciencia-2021-en-la-region-de-valparaiso\/#article\",\"isPartOf\":{\"@id\":\"https:\/\/explora.cl\/valparaiso\/celebremos-la-curiosidad-diversas-actividades-se-toman-el-festival-de-la-ciencia-2021-en-la-region-de-valparaiso\/\"},\"author\":{\"name\":\"jcastaneda\",\"@id\":\"https:\/\/explora.cl\/valparaiso\/#\/schema\/person\/c15e69495b8dbe0af0102f6bca43ba5d\"},\"headline\":\"\u00a1Celebremos la curiosidad! Diversas actividades se toman el Festival de la Ciencia 2021 en la Regi\u00f3n de Valpara\u00edso\",\"datePublished\":\"2021-10-04T16:48:53+00:00\",\"dateModified\":\"2021-10-06T15:59:43+00:00\",\"mainEntityOfPage\":{\"@id\":\"https:\/\/explora.cl\/valparaiso\/celebremos-la-curiosidad-diversas-actividades-se-toman-el-festival-de-la-ciencia-2021-en-la-region-de-valparaiso\/\"},\"wordCount\":444,\"commentCount\":0,\"publisher\":{\"@id\":\"https:\/\/explora.cl\/valparaiso\/#organization\"},\"image\":{\"@id\":\"https:\/\/explora.cl\/valparaiso\/celebremos-la-curiosidad-diversas-actividades-se-toman-el-festival-de-la-ciencia-2021-en-la-region-de-valparaiso\/#primaryimage\"},\"thumbnailUrl\":\"https:\/\/explora.cl\/valparaiso\/wp-content\/uploads\/sites\/7\/2021\/09\/FECI-2021-02-e1631550935845.jpg\",\"keywords\":[\"actividades gratuitas\",\"c\u00e1psulas audiovisuales\",\"ciencia regional\",\"corp\u00f3reos\",\"CTCI\",\"cultura cientifica\",\"editat\u00f3n cient\u00edfica\",\"EXPLORA\",\"exposici\u00f3n interactiva e itinerante\",\"exposiciones\",\"FECI 2021\",\"Festival de la Ciencia\",\"MinCiencia\",\"mujeres destacadas de la regi\u00f3n\",\"Pinta tu pez\",\"programa EXPLORA\",\"Proyecto Asociativo Regional EXPLORA Valparaiso\",\"Regi\u00f3n de Valpara\u00edso\",\"show en vivo\",\"Un para\u00edso de ciencia\"],\"articleSection\":[\"Noticias\"],\"inLanguage\":\"es-CL\",\"potentialAction\":[{\"@type\":\"CommentAction\",\"name\":\"Comment\",\"target\":[\"https:\/\/explora.cl\/valparaiso\/celebremos-la-curiosidad-diversas-actividades-se-toman-el-festival-de-la-ciencia-2021-en-la-region-de-valparaiso\/#respond\"]}]},{\"@type\":\"WebPage\",\"@id\":\"https:\/\/explora.cl\/valparaiso\/celebremos-la-curiosidad-diversas-actividades-se-toman-el-festival-de-la-ciencia-2021-en-la-region-de-valparaiso\/\",\"url\":\"https:\/\/explora.cl\/valparaiso\/celebremos-la-curiosidad-diversas-actividades-se-toman-el-festival-de-la-ciencia-2021-en-la-region-de-valparaiso\/\",\"name\":\"\u00a1Celebremos la curiosidad! Diversas actividades se toman el Festival de la Ciencia 2021 en la Regi\u00f3n de Valpara\u00edso - Valpara\u00edso\",\"isPartOf\":{\"@id\":\"https:\/\/explora.cl\/valparaiso\/#website\"},\"primaryImageOfPage\":{\"@id\":\"https:\/\/explora.cl\/valparaiso\/celebremos-la-curiosidad-diversas-actividades-se-toman-el-festival-de-la-ciencia-2021-en-la-region-de-valparaiso\/#primaryimage\"},\"image\":{\"@id\":\"https:\/\/explora.cl\/valparaiso\/celebremos-la-curiosidad-diversas-actividades-se-toman-el-festival-de-la-ciencia-2021-en-la-region-de-valparaiso\/#primaryimage\"},\"thumbnailUrl\":\"https:\/\/explora.cl\/valparaiso\/wp-content\/uploads\/sites\/7\/2021\/09\/FECI-2021-02-e1631550935845.jpg\",\"datePublished\":\"2021-10-04T16:48:53+00:00\",\"dateModified\":\"2021-10-06T15:59:43+00:00\",\"breadcrumb\":{\"@id\":\"https:\/\/explora.cl\/valparaiso\/celebremos-la-curiosidad-diversas-actividades-se-toman-el-festival-de-la-ciencia-2021-en-la-region-de-valparaiso\/#breadcrumb\"},\"inLanguage\":\"es-CL\",\"potentialAction\":[{\"@type\":\"ReadAction\",\"target\":[\"https:\/\/explora.cl\/valparaiso\/celebremos-la-curiosidad-diversas-actividades-se-toman-el-festival-de-la-ciencia-2021-en-la-region-de-valparaiso\/\"]}]},{\"@type\":\"ImageObject\",\"inLanguage\":\"es-CL\",\"@id\":\"https:\/\/explora.cl\/valparaiso\/celebremos-la-curiosidad-diversas-actividades-se-toman-el-festival-de-la-ciencia-2021-en-la-region-de-valparaiso\/#primaryimage\",\"url\":\"https:\/\/explora.cl\/valparaiso\/wp-content\/uploads\/sites\/7\/2021\/09\/FECI-2021-02-e1631550935845.jpg\",\"contentUrl\":\"https:\/\/explora.cl\/valparaiso\/wp-content\/uploads\/sites\/7\/2021\/09\/FECI-2021-02-e1631550935845.jpg\",\"width\":800,\"height\":420},{\"@type\":\"BreadcrumbList\",\"@id\":\"https:\/\/explora.cl\/valparaiso\/celebremos-la-curiosidad-diversas-actividades-se-toman-el-festival-de-la-ciencia-2021-en-la-region-de-valparaiso\/#breadcrumb\",\"itemListElement\":[{\"@type\":\"ListItem\",\"position\":1,\"name\":\"Portada\",\"item\":\"https:\/\/explora.cl\/valparaiso\/\"},{\"@type\":\"ListItem\",\"position\":2,\"name\":\"\u00a1Celebremos la curiosidad! Diversas actividades se toman el Festival de la Ciencia 2021 en la Regi\u00f3n de Valpara\u00edso\"}]},{\"@type\":\"WebSite\",\"@id\":\"https:\/\/explora.cl\/valparaiso\/#website\",\"url\":\"https:\/\/explora.cl\/valparaiso\/\",\"name\":\"Valpara\u00edso\",\"description\":\"Otro sitio m\u00e1s de explora.cl\",\"publisher\":{\"@id\":\"https:\/\/explora.cl\/valparaiso\/#organization\"},\"potentialAction\":[{\"@type\":\"SearchAction\",\"target\":{\"@type\":\"EntryPoint\",\"urlTemplate\":\"https:\/\/explora.cl\/valparaiso\/?s={search_term_string}\"},\"query-input\":{\"@type\":\"PropertyValueSpecification\",\"valueRequired\":true,\"valueName\":\"search_term_string\"}}],\"inLanguage\":\"es-CL\"},{\"@type\":\"Organization\",\"@id\":\"https:\/\/explora.cl\/valparaiso\/#organization\",\"name\":\"Valpara\u00edso\",\"url\":\"https:\/\/explora.cl\/valparaiso\/\",\"logo\":{\"@type\":\"ImageObject\",\"inLanguage\":\"es-CL\",\"@id\":\"https:\/\/explora.cl\/valparaiso\/#\/schema\/logo\/image\/\",\"url\":\"https:\/\/explora.cl\/valparaiso\/wp-content\/uploads\/sites\/7\/2019\/06\/cropped-logo-explora-color.jpg\",\"contentUrl\":\"https:\/\/explora.cl\/valparaiso\/wp-content\/uploads\/sites\/7\/2019\/06\/cropped-logo-explora-color.jpg\",\"width\":2035,\"height\":584,\"caption\":\"Valpara\u00edso\"},\"image\":{\"@id\":\"https:\/\/explora.cl\/valparaiso\/#\/schema\/logo\/image\/\"}},{\"@type\":\"Person\",\"@id\":\"https:\/\/explora.cl\/valparaiso\/#\/schema\/person\/c15e69495b8dbe0af0102f6bca43ba5d\",\"name\":\"jcastaneda\",\"image\":{\"@type\":\"ImageObject\",\"inLanguage\":\"es-CL\",\"@id\":\"https:\/\/explora.cl\/valparaiso\/#\/schema\/person\/image\/\",\"url\":\"https:\/\/secure.gravatar.com\/avatar\/f26661a8eef2f6444d9633928ef0219fd69e41c5be1ef5ef16afeee7cd4df675?s=96&d=mm&r=g\",\"contentUrl\":\"https:\/\/secure.gravatar.com\/avatar\/f26661a8eef2f6444d9633928ef0219fd69e41c5be1ef5ef16afeee7cd4df675?s=96&d=mm&r=g\",\"caption\":\"jcastaneda\"},\"url\":\"https:\/\/explora.cl\/valparaiso\/author\/jcastaneda\/\"}]}<\/script>\n<!-- \/ Yoast SEO plugin. -->","yoast_head_json":{"title":"\u00a1Celebremos la curiosidad! Diversas actividades se toman el Festival de la Ciencia 2021 en la Regi\u00f3n de Valpara\u00edso - Valpara\u00edso","robots":{"index":"index","follow":"follow","max-snippet":"max-snippet:-1","max-image-preview":"max-image-preview:large","max-video-preview":"max-video-preview:-1"},"canonical":"https:\/\/explora.cl\/valparaiso\/celebremos-la-curiosidad-diversas-actividades-se-toman-el-festival-de-la-ciencia-2021-en-la-region-de-valparaiso\/","og_locale":"es_ES","og_type":"article","og_title":"\u00a1Celebremos la curiosidad! Diversas actividades se toman el Festival de la Ciencia 2021 en la Regi\u00f3n de Valpara\u00edso - Valpara\u00edso","og_description":"Desde el 20 al 24 de octubre, una serie de actividades gratuitas dar\u00e1n vida a esta versi\u00f3n del Festival de la Ciencia o FECI 2021, evento que busca celebrar la curiosidad y el conocimiento en todo el pa\u00eds.\u00a0","og_url":"https:\/\/explora.cl\/valparaiso\/celebremos-la-curiosidad-diversas-actividades-se-toman-el-festival-de-la-ciencia-2021-en-la-region-de-valparaiso\/","og_site_name":"Valpara\u00edso","article_published_time":"2021-10-04T16:48:53+00:00","article_modified_time":"2021-10-06T15:59:43+00:00","og_image":[{"width":800,"height":420,"url":"https:\/\/explora.cl\/valparaiso\/wp-content\/uploads\/sites\/7\/2021\/09\/FECI-2021-02-e1631550935845.jpg","type":"image\/jpeg"}],"author":"jcastaneda","twitter_card":"summary_large_image","twitter_misc":{"Escrito por":"jcastaneda","Tiempo estimado de lectura":"2 minutos"},"schema":{"@context":"https:\/\/schema.org","@graph":[{"@type":"Article","@id":"https:\/\/explora.cl\/valparaiso\/celebremos-la-curiosidad-diversas-actividades-se-toman-el-festival-de-la-ciencia-2021-en-la-region-de-valparaiso\/#article","isPartOf":{"@id":"https:\/\/explora.cl\/valparaiso\/celebremos-la-curiosidad-diversas-actividades-se-toman-el-festival-de-la-ciencia-2021-en-la-region-de-valparaiso\/"},"author":{"name":"jcastaneda","@id":"https:\/\/explora.cl\/valparaiso\/#\/schema\/person\/c15e69495b8dbe0af0102f6bca43ba5d"},"headline":"\u00a1Celebremos la curiosidad! Diversas actividades se toman el Festival de la Ciencia 2021 en la Regi\u00f3n de Valpara\u00edso","datePublished":"2021-10-04T16:48:53+00:00","dateModified":"2021-10-06T15:59:43+00:00","mainEntityOfPage":{"@id":"https:\/\/explora.cl\/valparaiso\/celebremos-la-curiosidad-diversas-actividades-se-toman-el-festival-de-la-ciencia-2021-en-la-region-de-valparaiso\/"},"wordCount":444,"commentCount":0,"publisher":{"@id":"https:\/\/explora.cl\/valparaiso\/#organization"},"image":{"@id":"https:\/\/explora.cl\/valparaiso\/celebremos-la-curiosidad-diversas-actividades-se-toman-el-festival-de-la-ciencia-2021-en-la-region-de-valparaiso\/#primaryimage"},"thumbnailUrl":"https:\/\/explora.cl\/valparaiso\/wp-content\/uploads\/sites\/7\/2021\/09\/FECI-2021-02-e1631550935845.jpg","keywords":["actividades gratuitas","c\u00e1psulas audiovisuales","ciencia regional","corp\u00f3reos","CTCI","cultura cientifica","editat\u00f3n cient\u00edfica","EXPLORA","exposici\u00f3n interactiva e itinerante","exposiciones","FECI 2021","Festival de la Ciencia","MinCiencia","mujeres destacadas de la regi\u00f3n","Pinta tu pez","programa EXPLORA","Proyecto Asociativo Regional EXPLORA Valparaiso","Regi\u00f3n de Valpara\u00edso","show en vivo","Un para\u00edso de ciencia"],"articleSection":["Noticias"],"inLanguage":"es-CL","potentialAction":[{"@type":"CommentAction","name":"Comment","target":["https:\/\/explora.cl\/valparaiso\/celebremos-la-curiosidad-diversas-actividades-se-toman-el-festival-de-la-ciencia-2021-en-la-region-de-valparaiso\/#respond"]}]},{"@type":"WebPage","@id":"https:\/\/explora.cl\/valparaiso\/celebremos-la-curiosidad-diversas-actividades-se-toman-el-festival-de-la-ciencia-2021-en-la-region-de-valparaiso\/","url":"https:\/\/explora.cl\/valparaiso\/celebremos-la-curiosidad-diversas-actividades-se-toman-el-festival-de-la-ciencia-2021-en-la-region-de-valparaiso\/","name":"\u00a1Celebremos la curiosidad! Diversas actividades se toman el Festival de la Ciencia 2021 en la Regi\u00f3n de Valpara\u00edso - Valpara\u00edso","isPartOf":{"@id":"https:\/\/explora.cl\/valparaiso\/#website"},"primaryImageOfPage":{"@id":"https:\/\/explora.cl\/valparaiso\/celebremos-la-curiosidad-diversas-actividades-se-toman-el-festival-de-la-ciencia-2021-en-la-region-de-valparaiso\/#primaryimage"},"image":{"@id":"https:\/\/explora.cl\/valparaiso\/celebremos-la-curiosidad-diversas-actividades-se-toman-el-festival-de-la-ciencia-2021-en-la-region-de-valparaiso\/#primaryimage"},"thumbnailUrl":"https:\/\/explora.cl\/valparaiso\/wp-content\/uploads\/sites\/7\/2021\/09\/FECI-2021-02-e1631550935845.jpg","datePublished":"2021-10-04T16:48:53+00:00","dateModified":"2021-10-06T15:59:43+00:00","breadcrumb":{"@id":"https:\/\/explora.cl\/valparaiso\/celebremos-la-curiosidad-diversas-actividades-se-toman-el-festival-de-la-ciencia-2021-en-la-region-de-valparaiso\/#breadcrumb"},"inLanguage":"es-CL","potentialAction":[{"@type":"ReadAction","target":["https:\/\/explora.cl\/valparaiso\/celebremos-la-curiosidad-diversas-actividades-se-toman-el-festival-de-la-ciencia-2021-en-la-region-de-valparaiso\/"]}]},{"@type":"ImageObject","inLanguage":"es-CL","@id":"https:\/\/explora.cl\/valparaiso\/celebremos-la-curiosidad-diversas-actividades-se-toman-el-festival-de-la-ciencia-2021-en-la-region-de-valparaiso\/#primaryimage","url":"https:\/\/explora.cl\/valparaiso\/wp-content\/uploads\/sites\/7\/2021\/09\/FECI-2021-02-e1631550935845.jpg","contentUrl":"https:\/\/explora.cl\/valparaiso\/wp-content\/uploads\/sites\/7\/2021\/09\/FECI-2021-02-e1631550935845.jpg","width":800,"height":420},{"@type":"BreadcrumbList","@id":"https:\/\/explora.cl\/valparaiso\/celebremos-la-curiosidad-diversas-actividades-se-toman-el-festival-de-la-ciencia-2021-en-la-region-de-valparaiso\/#breadcrumb","itemListElement":[{"@type":"ListItem","position":1,"name":"Portada","item":"https:\/\/explora.cl\/valparaiso\/"},{"@type":"ListItem","position":2,"name":"\u00a1Celebremos la curiosidad! Diversas actividades se toman el Festival de la Ciencia 2021 en la Regi\u00f3n de Valpara\u00edso"}]},{"@type":"WebSite","@id":"https:\/\/explora.cl\/valparaiso\/#website","url":"https:\/\/explora.cl\/valparaiso\/","name":"Valpara\u00edso","description":"Otro sitio m\u00e1s de explora.cl","publisher":{"@id":"https:\/\/explora.cl\/valparaiso\/#organization"},"potentialAction":[{"@type":"SearchAction","target":{"@type":"EntryPoint","urlTemplate":"https:\/\/explora.cl\/valparaiso\/?s={search_term_string}"},"query-input":{"@type":"PropertyValueSpecification","valueRequired":true,"valueName":"search_term_string"}}],"inLanguage":"es-CL"},{"@type":"Organization","@id":"https:\/\/explora.cl\/valparaiso\/#organization","name":"Valpara\u00edso","url":"https:\/\/explora.cl\/valparaiso\/","logo":{"@type":"ImageObject","inLanguage":"es-CL","@id":"https:\/\/explora.cl\/valparaiso\/#\/schema\/logo\/image\/","url":"https:\/\/explora.cl\/valparaiso\/wp-content\/uploads\/sites\/7\/2019\/06\/cropped-logo-explora-color.jpg","contentUrl":"https:\/\/explora.cl\/valparaiso\/wp-content\/uploads\/sites\/7\/2019\/06\/cropped-logo-explora-color.jpg","width":2035,"height":584,"caption":"Valpara\u00edso"},"image":{"@id":"https:\/\/explora.cl\/valparaiso\/#\/schema\/logo\/image\/"}},{"@type":"Person","@id":"https:\/\/explora.cl\/valparaiso\/#\/schema\/person\/c15e69495b8dbe0af0102f6bca43ba5d","name":"jcastaneda","image":{"@type":"ImageObject","inLanguage":"es-CL","@id":"https:\/\/explora.cl\/valparaiso\/#\/schema\/person\/image\/","url":"https:\/\/secure.gravatar.com\/avatar\/f26661a8eef2f6444d9633928ef0219fd69e41c5be1ef5ef16afeee7cd4df675?s=96&d=mm&r=g","contentUrl":"https:\/\/secure.gravatar.com\/avatar\/f26661a8eef2f6444d9633928ef0219fd69e41c5be1ef5ef16afeee7cd4df675?s=96&d=mm&r=g","caption":"jcastaneda"},"url":"https:\/\/explora.cl\/valparaiso\/author\/jcastaneda\/"}]}},"_links":{"self":[{"href":"https:\/\/explora.cl\/valparaiso\/wp-json\/wp\/v2\/posts\/41531","targetHints":{"allow":["GET"]}}],"collection":[{"href":"https:\/\/explora.cl\/valparaiso\/wp-json\/wp\/v2\/posts"}],"about":[{"href":"https:\/\/explora.cl\/valparaiso\/wp-json\/wp\/v2\/types\/post"}],"author":[{"embeddable":true,"href":"https:\/\/explora.cl\/valparaiso\/wp-json\/wp\/v2\/users\/22"}],"replies":[{"embeddable":true,"href":"https:\/\/explora.cl\/valparaiso\/wp-json\/wp\/v2\/comments?post=41531"}],"version-history":[{"count":7,"href":"https:\/\/explora.cl\/valparaiso\/wp-json\/wp\/v2\/posts\/41531\/revisions"}],"predecessor-version":[{"id":41563,"href":"https:\/\/explora.cl\/valparaiso\/wp-json\/wp\/v2\/posts\/41531\/revisions\/41563"}],"wp:featuredmedia":[{"embeddable":true,"href":"https:\/\/explora.cl\/valparaiso\/wp-json\/wp\/v2\/media\/41484"}],"wp:attachment":[{"href":"https:\/\/explora.cl\/valparaiso\/wp-json\/wp\/v2\/media?parent=41531"}],"wp:term":[{"taxonomy":"category","embeddable":true,"href":"https:\/\/explora.cl\/valparaiso\/wp-json\/wp\/v2\/categories?post=41531"},{"taxonomy":"post_tag","embeddable":true,"href":"https:\/\/explora.cl\/valparaiso\/wp-json\/wp\/v2\/tags?post=41531"}],"curies":[{"name":"wp","href":"https:\/\/api.w.org\/{rel}","templated":true}]}}