{"id":41527,"date":"2021-10-04T13:13:50","date_gmt":"2021-10-04T16:13:50","guid":{"rendered":"https:\/\/explora.cl\/valparaiso\/?p=41527"},"modified":"2021-10-06T13:38:19","modified_gmt":"2021-10-06T16:38:19","slug":"virus-y-plantas-son-protagonistas-de-microcapsulas-cientificas-que-estrenaremos-en-feci-2021","status":"publish","type":"post","link":"https:\/\/explora.cl\/valparaiso\/virus-y-plantas-son-protagonistas-de-microcapsulas-cientificas-que-estrenaremos-en-feci-2021\/","title":{"rendered":"Virus y plantas son protagonistas de microc\u00e1psulas cient\u00edficas que estrenaremos en FECI 2021"},"content":{"rendered":"<h3><span style=\"font-weight: 400\">\u00bfCu\u00e1l es la importancia de los virus? \u00bfC\u00f3mo podr\u00edamos cuidar mejor a las plantas y as\u00ed aportar a la sanidad vegetal? Te invitamos a encontrar estas\u00a0 respuestas y m\u00e1s en \u201cVirus, un reino microsc\u00f3pico\u201d y \u201cCuidemos la salud de las plantas&#8221;, microc\u00e1psulas audiovisuales que estrenaremos durante FECI 2021.<\/span><\/h3>\n<p><!--more--><\/p>\n<p><span style=\"font-weight: 400\">A trav\u00e9s de contenido desarrollado junto a cient\u00edficos y cient\u00edficas de la Universidad de Valpara\u00edso,\u00a0 la Escuela de Agronom\u00eda y el apoyo de FAO Chile, Explora Valpara\u00edso te trae dos campa\u00f1as de microc\u00e1psulas cient\u00edficas, con lenguaje de se\u00f1as incluida, en el marco del Festival de la Ciencia, instancia organizada por el Programa de Ciencia P\u00fablica del Ministerio de Ciencia e implementada en la regi\u00f3n por Explora Valpara\u00edso.<\/span><\/p>\n<p><b>Podr\u00e1s revisar este material audiovisual en todas nuestras redes sociales desde el 20 hasta el 24 de octubre, durante todo el d\u00eda.<\/b><span style=\"font-weight: 400\"> Recuerda que puedes encontrarnos en Facebook, Twitter e Instagram con el usuario @exploravalpo.\u00a0<\/span><\/p>\n<p><span style=\"font-weight: 400\">Adem\u00e1s, las c\u00e1psulas de \u201cCuidemos la salud de las plantas\u201d, ser\u00e1n emitidas a trav\u00e9s de la se\u00f1al de UCVT-TV y Canal de la Costa, en el mismo rango de fechas, mientras que \u201cVirus, un reino microsc\u00f3pico\u201d estar\u00e1 disponible en las pantallas de la Red de hospitales y Centros de salud de los Servicios de Salud de la Regi\u00f3n de Valpara\u00edso (Servicio Vi\u00f1a-Quillota, Servicio de Salud Aconcagua y Servicio de Salud Valpara\u00edso- San Antonio).<\/span><\/p>\n<p><span style=\"font-weight: 400\">\u00a1Te invitamos a revisar y comentarnos en redes sociales qu\u00e9 opinas de estas interesantes c\u00e1psulas cient\u00edficas donde de seguro encontrar\u00e1s alg\u00fan dato que no conoc\u00edas!<\/span><\/p>\n<p><span style=\"font-weight: 400\">Cabe se\u00f1alar que esta actividad, forma parte de una parrilla de una serie de actividades virtuales que se realizar\u00e1n en la Regi\u00f3n de Valpara\u00edso como parte del Festival de la Ciencia, celebraci\u00f3n nacional impulsada por la Divisi\u00f3n Ciencia y Sociedad del Ministerio de Ciencia, y que Explora Valpara\u00edso coordina en la regi\u00f3n.\u00a0<\/span><\/p>\n<p><span style=\"font-weight: 400\">Para conocer todas las actividades que ser\u00e1n parte del Festival de la Ciencia en la Regi\u00f3n de Valpara\u00edso, puedes visitar <\/span><a href=\"http:\/\/www.festivaldelaciencia.cl\"><span style=\"font-weight: 400\">www.festivaldelaciencia.cl<\/span><\/a><span style=\"font-weight: 400\">\u00a0 y seguir a @exploravalpo en Facebook, twitter e Instagram.<\/span><\/p>\n","protected":false},"excerpt":{"rendered":"<p>\u00bfCu\u00e1l es la importancia de los virus? \u00bfC\u00f3mo podr\u00edamos cuidar mejor a las plantas y as\u00ed aportar a la sanidad vegetal? Te invitamos a encontrar estas\u00a0 respuestas y m\u00e1s en \u201cVirus, un reino microsc\u00f3pico\u201d y \u201cCuidemos la salud de las plantas&#8221;, microc\u00e1psulas audiovisuales que estrenaremos durante FECI 2021.<\/p>\n","protected":false},"author":22,"featured_media":41528,"comment_status":"open","ping_status":"open","sticky":false,"template":"","format":"standard","meta":{"_acf_changed":false,"_exactmetrics_skip_tracking":false,"_exactmetrics_sitenote_active":false,"_exactmetrics_sitenote_note":"","_exactmetrics_sitenote_category":0,"footnotes":"","_links_to":"","_links_to_target":""},"categories":[4],"tags":[],"class_list":["post-41527","post","type-post","status-publish","format-standard","has-post-thumbnail","hentry","category-noticias"],"acf":[],"yoast_head":"<!-- This site is optimized with the Yoast SEO plugin v26.9 - https:\/\/yoast.com\/product\/yoast-seo-wordpress\/ -->\n<title>Virus y plantas son protagonistas de microc\u00e1psulas cient\u00edficas que estrenaremos en FECI 2021 - Valpara\u00edso<\/title>\n<meta name=\"robots\" content=\"index, follow, max-snippet:-1, max-image-preview:large, max-video-preview:-1\" \/>\n<link rel=\"canonical\" href=\"https:\/\/explora.cl\/valparaiso\/virus-y-plantas-son-protagonistas-de-microcapsulas-cientificas-que-estrenaremos-en-feci-2021\/\" class=\"yoast-seo-meta-tag\" \/>\n<meta property=\"og:locale\" content=\"es_ES\" class=\"yoast-seo-meta-tag\" \/>\n<meta property=\"og:type\" content=\"article\" class=\"yoast-seo-meta-tag\" \/>\n<meta property=\"og:title\" content=\"Virus y plantas son protagonistas de microc\u00e1psulas cient\u00edficas que estrenaremos en FECI 2021 - Valpara\u00edso\" class=\"yoast-seo-meta-tag\" \/>\n<meta property=\"og:description\" content=\"\u00bfCu\u00e1l es la importancia de los virus? \u00bfC\u00f3mo podr\u00edamos cuidar mejor a las plantas y as\u00ed aportar a la sanidad vegetal? Te invitamos a encontrar estas\u00a0 respuestas y m\u00e1s en \u201cVirus, un reino microsc\u00f3pico\u201d y \u201cCuidemos la salud de las plantas&#8221;, microc\u00e1psulas audiovisuales que estrenaremos durante FECI 2021.\" class=\"yoast-seo-meta-tag\" \/>\n<meta property=\"og:url\" content=\"https:\/\/explora.cl\/valparaiso\/virus-y-plantas-son-protagonistas-de-microcapsulas-cientificas-que-estrenaremos-en-feci-2021\/\" class=\"yoast-seo-meta-tag\" \/>\n<meta property=\"og:site_name\" content=\"Valpara\u00edso\" class=\"yoast-seo-meta-tag\" \/>\n<meta property=\"article:published_time\" content=\"2021-10-04T16:13:50+00:00\" class=\"yoast-seo-meta-tag\" \/>\n<meta property=\"article:modified_time\" content=\"2021-10-06T16:38:19+00:00\" class=\"yoast-seo-meta-tag\" \/>\n<meta property=\"og:image\" content=\"https:\/\/explora.cl\/valparaiso\/wp-content\/uploads\/sites\/7\/2021\/10\/Twitter-FECI-6-e1633538290451.png\" class=\"yoast-seo-meta-tag\" \/>\n\t<meta property=\"og:image:width\" content=\"760\" class=\"yoast-seo-meta-tag\" \/>\n\t<meta property=\"og:image:height\" content=\"450\" class=\"yoast-seo-meta-tag\" \/>\n\t<meta property=\"og:image:type\" content=\"image\/png\" class=\"yoast-seo-meta-tag\" \/>\n<meta name=\"author\" content=\"jcastaneda\" class=\"yoast-seo-meta-tag\" \/>\n<meta name=\"twitter:card\" content=\"summary_large_image\" class=\"yoast-seo-meta-tag\" \/>\n<meta name=\"twitter:label1\" content=\"Escrito por\" class=\"yoast-seo-meta-tag\" \/>\n\t<meta name=\"twitter:data1\" content=\"jcastaneda\" class=\"yoast-seo-meta-tag\" \/>\n\t<meta name=\"twitter:label2\" content=\"Tiempo estimado de lectura\" class=\"yoast-seo-meta-tag\" \/>\n\t<meta name=\"twitter:data2\" content=\"2 minutos\" class=\"yoast-seo-meta-tag\" \/>\n<script type=\"application\/ld+json\" class=\"yoast-schema-graph\">{\"@context\":\"https:\/\/schema.org\",\"@graph\":[{\"@type\":\"Article\",\"@id\":\"https:\/\/explora.cl\/valparaiso\/virus-y-plantas-son-protagonistas-de-microcapsulas-cientificas-que-estrenaremos-en-feci-2021\/#article\",\"isPartOf\":{\"@id\":\"https:\/\/explora.cl\/valparaiso\/virus-y-plantas-son-protagonistas-de-microcapsulas-cientificas-que-estrenaremos-en-feci-2021\/\"},\"author\":{\"name\":\"jcastaneda\",\"@id\":\"https:\/\/explora.cl\/valparaiso\/#\/schema\/person\/c15e69495b8dbe0af0102f6bca43ba5d\"},\"headline\":\"Virus y plantas son protagonistas de microc\u00e1psulas cient\u00edficas que estrenaremos en FECI 2021\",\"datePublished\":\"2021-10-04T16:13:50+00:00\",\"dateModified\":\"2021-10-06T16:38:19+00:00\",\"mainEntityOfPage\":{\"@id\":\"https:\/\/explora.cl\/valparaiso\/virus-y-plantas-son-protagonistas-de-microcapsulas-cientificas-que-estrenaremos-en-feci-2021\/\"},\"wordCount\":390,\"commentCount\":0,\"publisher\":{\"@id\":\"https:\/\/explora.cl\/valparaiso\/#organization\"},\"image\":{\"@id\":\"https:\/\/explora.cl\/valparaiso\/virus-y-plantas-son-protagonistas-de-microcapsulas-cientificas-que-estrenaremos-en-feci-2021\/#primaryimage\"},\"thumbnailUrl\":\"https:\/\/explora.cl\/valparaiso\/wp-content\/uploads\/sites\/7\/2021\/10\/Twitter-FECI-6-e1633538290451.png\",\"articleSection\":[\"Noticias\"],\"inLanguage\":\"es-CL\",\"potentialAction\":[{\"@type\":\"CommentAction\",\"name\":\"Comment\",\"target\":[\"https:\/\/explora.cl\/valparaiso\/virus-y-plantas-son-protagonistas-de-microcapsulas-cientificas-que-estrenaremos-en-feci-2021\/#respond\"]}]},{\"@type\":\"WebPage\",\"@id\":\"https:\/\/explora.cl\/valparaiso\/virus-y-plantas-son-protagonistas-de-microcapsulas-cientificas-que-estrenaremos-en-feci-2021\/\",\"url\":\"https:\/\/explora.cl\/valparaiso\/virus-y-plantas-son-protagonistas-de-microcapsulas-cientificas-que-estrenaremos-en-feci-2021\/\",\"name\":\"Virus y plantas son protagonistas de microc\u00e1psulas cient\u00edficas que estrenaremos en FECI 2021 - Valpara\u00edso\",\"isPartOf\":{\"@id\":\"https:\/\/explora.cl\/valparaiso\/#website\"},\"primaryImageOfPage\":{\"@id\":\"https:\/\/explora.cl\/valparaiso\/virus-y-plantas-son-protagonistas-de-microcapsulas-cientificas-que-estrenaremos-en-feci-2021\/#primaryimage\"},\"image\":{\"@id\":\"https:\/\/explora.cl\/valparaiso\/virus-y-plantas-son-protagonistas-de-microcapsulas-cientificas-que-estrenaremos-en-feci-2021\/#primaryimage\"},\"thumbnailUrl\":\"https:\/\/explora.cl\/valparaiso\/wp-content\/uploads\/sites\/7\/2021\/10\/Twitter-FECI-6-e1633538290451.png\",\"datePublished\":\"2021-10-04T16:13:50+00:00\",\"dateModified\":\"2021-10-06T16:38:19+00:00\",\"breadcrumb\":{\"@id\":\"https:\/\/explora.cl\/valparaiso\/virus-y-plantas-son-protagonistas-de-microcapsulas-cientificas-que-estrenaremos-en-feci-2021\/#breadcrumb\"},\"inLanguage\":\"es-CL\",\"potentialAction\":[{\"@type\":\"ReadAction\",\"target\":[\"https:\/\/explora.cl\/valparaiso\/virus-y-plantas-son-protagonistas-de-microcapsulas-cientificas-que-estrenaremos-en-feci-2021\/\"]}]},{\"@type\":\"ImageObject\",\"inLanguage\":\"es-CL\",\"@id\":\"https:\/\/explora.cl\/valparaiso\/virus-y-plantas-son-protagonistas-de-microcapsulas-cientificas-que-estrenaremos-en-feci-2021\/#primaryimage\",\"url\":\"https:\/\/explora.cl\/valparaiso\/wp-content\/uploads\/sites\/7\/2021\/10\/Twitter-FECI-6-e1633538290451.png\",\"contentUrl\":\"https:\/\/explora.cl\/valparaiso\/wp-content\/uploads\/sites\/7\/2021\/10\/Twitter-FECI-6-e1633538290451.png\",\"width\":760,\"height\":450},{\"@type\":\"BreadcrumbList\",\"@id\":\"https:\/\/explora.cl\/valparaiso\/virus-y-plantas-son-protagonistas-de-microcapsulas-cientificas-que-estrenaremos-en-feci-2021\/#breadcrumb\",\"itemListElement\":[{\"@type\":\"ListItem\",\"position\":1,\"name\":\"Portada\",\"item\":\"https:\/\/explora.cl\/valparaiso\/\"},{\"@type\":\"ListItem\",\"position\":2,\"name\":\"Virus y plantas son protagonistas de microc\u00e1psulas cient\u00edficas que estrenaremos en FECI 2021\"}]},{\"@type\":\"WebSite\",\"@id\":\"https:\/\/explora.cl\/valparaiso\/#website\",\"url\":\"https:\/\/explora.cl\/valparaiso\/\",\"name\":\"Valpara\u00edso\",\"description\":\"Otro sitio m\u00e1s de explora.cl\",\"publisher\":{\"@id\":\"https:\/\/explora.cl\/valparaiso\/#organization\"},\"potentialAction\":[{\"@type\":\"SearchAction\",\"target\":{\"@type\":\"EntryPoint\",\"urlTemplate\":\"https:\/\/explora.cl\/valparaiso\/?s={search_term_string}\"},\"query-input\":{\"@type\":\"PropertyValueSpecification\",\"valueRequired\":true,\"valueName\":\"search_term_string\"}}],\"inLanguage\":\"es-CL\"},{\"@type\":\"Organization\",\"@id\":\"https:\/\/explora.cl\/valparaiso\/#organization\",\"name\":\"Valpara\u00edso\",\"url\":\"https:\/\/explora.cl\/valparaiso\/\",\"logo\":{\"@type\":\"ImageObject\",\"inLanguage\":\"es-CL\",\"@id\":\"https:\/\/explora.cl\/valparaiso\/#\/schema\/logo\/image\/\",\"url\":\"https:\/\/explora.cl\/valparaiso\/wp-content\/uploads\/sites\/7\/2019\/06\/cropped-logo-explora-color.jpg\",\"contentUrl\":\"https:\/\/explora.cl\/valparaiso\/wp-content\/uploads\/sites\/7\/2019\/06\/cropped-logo-explora-color.jpg\",\"width\":2035,\"height\":584,\"caption\":\"Valpara\u00edso\"},\"image\":{\"@id\":\"https:\/\/explora.cl\/valparaiso\/#\/schema\/logo\/image\/\"}},{\"@type\":\"Person\",\"@id\":\"https:\/\/explora.cl\/valparaiso\/#\/schema\/person\/c15e69495b8dbe0af0102f6bca43ba5d\",\"name\":\"jcastaneda\",\"image\":{\"@type\":\"ImageObject\",\"inLanguage\":\"es-CL\",\"@id\":\"https:\/\/explora.cl\/valparaiso\/#\/schema\/person\/image\/\",\"url\":\"https:\/\/secure.gravatar.com\/avatar\/f26661a8eef2f6444d9633928ef0219fd69e41c5be1ef5ef16afeee7cd4df675?s=96&d=mm&r=g\",\"contentUrl\":\"https:\/\/secure.gravatar.com\/avatar\/f26661a8eef2f6444d9633928ef0219fd69e41c5be1ef5ef16afeee7cd4df675?s=96&d=mm&r=g\",\"caption\":\"jcastaneda\"},\"url\":\"https:\/\/explora.cl\/valparaiso\/author\/jcastaneda\/\"}]}<\/script>\n<!-- \/ Yoast SEO plugin. -->","yoast_head_json":{"title":"Virus y plantas son protagonistas de microc\u00e1psulas cient\u00edficas que estrenaremos en FECI 2021 - Valpara\u00edso","robots":{"index":"index","follow":"follow","max-snippet":"max-snippet:-1","max-image-preview":"max-image-preview:large","max-video-preview":"max-video-preview:-1"},"canonical":"https:\/\/explora.cl\/valparaiso\/virus-y-plantas-son-protagonistas-de-microcapsulas-cientificas-que-estrenaremos-en-feci-2021\/","og_locale":"es_ES","og_type":"article","og_title":"Virus y plantas son protagonistas de microc\u00e1psulas cient\u00edficas que estrenaremos en FECI 2021 - Valpara\u00edso","og_description":"\u00bfCu\u00e1l es la importancia de los virus? \u00bfC\u00f3mo podr\u00edamos cuidar mejor a las plantas y as\u00ed aportar a la sanidad vegetal? Te invitamos a encontrar estas\u00a0 respuestas y m\u00e1s en \u201cVirus, un reino microsc\u00f3pico\u201d y \u201cCuidemos la salud de las plantas&#8221;, microc\u00e1psulas audiovisuales que estrenaremos durante FECI 2021.","og_url":"https:\/\/explora.cl\/valparaiso\/virus-y-plantas-son-protagonistas-de-microcapsulas-cientificas-que-estrenaremos-en-feci-2021\/","og_site_name":"Valpara\u00edso","article_published_time":"2021-10-04T16:13:50+00:00","article_modified_time":"2021-10-06T16:38:19+00:00","og_image":[{"width":760,"height":450,"url":"https:\/\/explora.cl\/valparaiso\/wp-content\/uploads\/sites\/7\/2021\/10\/Twitter-FECI-6-e1633538290451.png","type":"image\/png"}],"author":"jcastaneda","twitter_card":"summary_large_image","twitter_misc":{"Escrito por":"jcastaneda","Tiempo estimado de lectura":"2 minutos"},"schema":{"@context":"https:\/\/schema.org","@graph":[{"@type":"Article","@id":"https:\/\/explora.cl\/valparaiso\/virus-y-plantas-son-protagonistas-de-microcapsulas-cientificas-que-estrenaremos-en-feci-2021\/#article","isPartOf":{"@id":"https:\/\/explora.cl\/valparaiso\/virus-y-plantas-son-protagonistas-de-microcapsulas-cientificas-que-estrenaremos-en-feci-2021\/"},"author":{"name":"jcastaneda","@id":"https:\/\/explora.cl\/valparaiso\/#\/schema\/person\/c15e69495b8dbe0af0102f6bca43ba5d"},"headline":"Virus y plantas son protagonistas de microc\u00e1psulas cient\u00edficas que estrenaremos en FECI 2021","datePublished":"2021-10-04T16:13:50+00:00","dateModified":"2021-10-06T16:38:19+00:00","mainEntityOfPage":{"@id":"https:\/\/explora.cl\/valparaiso\/virus-y-plantas-son-protagonistas-de-microcapsulas-cientificas-que-estrenaremos-en-feci-2021\/"},"wordCount":390,"commentCount":0,"publisher":{"@id":"https:\/\/explora.cl\/valparaiso\/#organization"},"image":{"@id":"https:\/\/explora.cl\/valparaiso\/virus-y-plantas-son-protagonistas-de-microcapsulas-cientificas-que-estrenaremos-en-feci-2021\/#primaryimage"},"thumbnailUrl":"https:\/\/explora.cl\/valparaiso\/wp-content\/uploads\/sites\/7\/2021\/10\/Twitter-FECI-6-e1633538290451.png","articleSection":["Noticias"],"inLanguage":"es-CL","potentialAction":[{"@type":"CommentAction","name":"Comment","target":["https:\/\/explora.cl\/valparaiso\/virus-y-plantas-son-protagonistas-de-microcapsulas-cientificas-que-estrenaremos-en-feci-2021\/#respond"]}]},{"@type":"WebPage","@id":"https:\/\/explora.cl\/valparaiso\/virus-y-plantas-son-protagonistas-de-microcapsulas-cientificas-que-estrenaremos-en-feci-2021\/","url":"https:\/\/explora.cl\/valparaiso\/virus-y-plantas-son-protagonistas-de-microcapsulas-cientificas-que-estrenaremos-en-feci-2021\/","name":"Virus y plantas son protagonistas de microc\u00e1psulas cient\u00edficas que estrenaremos en FECI 2021 - Valpara\u00edso","isPartOf":{"@id":"https:\/\/explora.cl\/valparaiso\/#website"},"primaryImageOfPage":{"@id":"https:\/\/explora.cl\/valparaiso\/virus-y-plantas-son-protagonistas-de-microcapsulas-cientificas-que-estrenaremos-en-feci-2021\/#primaryimage"},"image":{"@id":"https:\/\/explora.cl\/valparaiso\/virus-y-plantas-son-protagonistas-de-microcapsulas-cientificas-que-estrenaremos-en-feci-2021\/#primaryimage"},"thumbnailUrl":"https:\/\/explora.cl\/valparaiso\/wp-content\/uploads\/sites\/7\/2021\/10\/Twitter-FECI-6-e1633538290451.png","datePublished":"2021-10-04T16:13:50+00:00","dateModified":"2021-10-06T16:38:19+00:00","breadcrumb":{"@id":"https:\/\/explora.cl\/valparaiso\/virus-y-plantas-son-protagonistas-de-microcapsulas-cientificas-que-estrenaremos-en-feci-2021\/#breadcrumb"},"inLanguage":"es-CL","potentialAction":[{"@type":"ReadAction","target":["https:\/\/explora.cl\/valparaiso\/virus-y-plantas-son-protagonistas-de-microcapsulas-cientificas-que-estrenaremos-en-feci-2021\/"]}]},{"@type":"ImageObject","inLanguage":"es-CL","@id":"https:\/\/explora.cl\/valparaiso\/virus-y-plantas-son-protagonistas-de-microcapsulas-cientificas-que-estrenaremos-en-feci-2021\/#primaryimage","url":"https:\/\/explora.cl\/valparaiso\/wp-content\/uploads\/sites\/7\/2021\/10\/Twitter-FECI-6-e1633538290451.png","contentUrl":"https:\/\/explora.cl\/valparaiso\/wp-content\/uploads\/sites\/7\/2021\/10\/Twitter-FECI-6-e1633538290451.png","width":760,"height":450},{"@type":"BreadcrumbList","@id":"https:\/\/explora.cl\/valparaiso\/virus-y-plantas-son-protagonistas-de-microcapsulas-cientificas-que-estrenaremos-en-feci-2021\/#breadcrumb","itemListElement":[{"@type":"ListItem","position":1,"name":"Portada","item":"https:\/\/explora.cl\/valparaiso\/"},{"@type":"ListItem","position":2,"name":"Virus y plantas son protagonistas de microc\u00e1psulas cient\u00edficas que estrenaremos en FECI 2021"}]},{"@type":"WebSite","@id":"https:\/\/explora.cl\/valparaiso\/#website","url":"https:\/\/explora.cl\/valparaiso\/","name":"Valpara\u00edso","description":"Otro sitio m\u00e1s de explora.cl","publisher":{"@id":"https:\/\/explora.cl\/valparaiso\/#organization"},"potentialAction":[{"@type":"SearchAction","target":{"@type":"EntryPoint","urlTemplate":"https:\/\/explora.cl\/valparaiso\/?s={search_term_string}"},"query-input":{"@type":"PropertyValueSpecification","valueRequired":true,"valueName":"search_term_string"}}],"inLanguage":"es-CL"},{"@type":"Organization","@id":"https:\/\/explora.cl\/valparaiso\/#organization","name":"Valpara\u00edso","url":"https:\/\/explora.cl\/valparaiso\/","logo":{"@type":"ImageObject","inLanguage":"es-CL","@id":"https:\/\/explora.cl\/valparaiso\/#\/schema\/logo\/image\/","url":"https:\/\/explora.cl\/valparaiso\/wp-content\/uploads\/sites\/7\/2019\/06\/cropped-logo-explora-color.jpg","contentUrl":"https:\/\/explora.cl\/valparaiso\/wp-content\/uploads\/sites\/7\/2019\/06\/cropped-logo-explora-color.jpg","width":2035,"height":584,"caption":"Valpara\u00edso"},"image":{"@id":"https:\/\/explora.cl\/valparaiso\/#\/schema\/logo\/image\/"}},{"@type":"Person","@id":"https:\/\/explora.cl\/valparaiso\/#\/schema\/person\/c15e69495b8dbe0af0102f6bca43ba5d","name":"jcastaneda","image":{"@type":"ImageObject","inLanguage":"es-CL","@id":"https:\/\/explora.cl\/valparaiso\/#\/schema\/person\/image\/","url":"https:\/\/secure.gravatar.com\/avatar\/f26661a8eef2f6444d9633928ef0219fd69e41c5be1ef5ef16afeee7cd4df675?s=96&d=mm&r=g","contentUrl":"https:\/\/secure.gravatar.com\/avatar\/f26661a8eef2f6444d9633928ef0219fd69e41c5be1ef5ef16afeee7cd4df675?s=96&d=mm&r=g","caption":"jcastaneda"},"url":"https:\/\/explora.cl\/valparaiso\/author\/jcastaneda\/"}]}},"_links":{"self":[{"href":"https:\/\/explora.cl\/valparaiso\/wp-json\/wp\/v2\/posts\/41527","targetHints":{"allow":["GET"]}}],"collection":[{"href":"https:\/\/explora.cl\/valparaiso\/wp-json\/wp\/v2\/posts"}],"about":[{"href":"https:\/\/explora.cl\/valparaiso\/wp-json\/wp\/v2\/types\/post"}],"author":[{"embeddable":true,"href":"https:\/\/explora.cl\/valparaiso\/wp-json\/wp\/v2\/users\/22"}],"replies":[{"embeddable":true,"href":"https:\/\/explora.cl\/valparaiso\/wp-json\/wp\/v2\/comments?post=41527"}],"version-history":[{"count":2,"href":"https:\/\/explora.cl\/valparaiso\/wp-json\/wp\/v2\/posts\/41527\/revisions"}],"predecessor-version":[{"id":41569,"href":"https:\/\/explora.cl\/valparaiso\/wp-json\/wp\/v2\/posts\/41527\/revisions\/41569"}],"wp:featuredmedia":[{"embeddable":true,"href":"https:\/\/explora.cl\/valparaiso\/wp-json\/wp\/v2\/media\/41528"}],"wp:attachment":[{"href":"https:\/\/explora.cl\/valparaiso\/wp-json\/wp\/v2\/media?parent=41527"}],"wp:term":[{"taxonomy":"category","embeddable":true,"href":"https:\/\/explora.cl\/valparaiso\/wp-json\/wp\/v2\/categories?post=41527"},{"taxonomy":"post_tag","embeddable":true,"href":"https:\/\/explora.cl\/valparaiso\/wp-json\/wp\/v2\/tags?post=41527"}],"curies":[{"name":"wp","href":"https:\/\/api.w.org\/{rel}","templated":true}]}}