{"id":41518,"date":"2021-10-04T12:55:11","date_gmt":"2021-10-04T15:55:11","guid":{"rendered":"https:\/\/explora.cl\/valparaiso\/?p=41518"},"modified":"2021-10-19T09:15:49","modified_gmt":"2021-10-19T12:15:49","slug":"sube-la-radio-y-escucha-somos-un-paraiso-de-ciencia-durante-el-festival-de-la-ciencia-2021","status":"publish","type":"post","link":"https:\/\/explora.cl\/valparaiso\/sube-la-radio-y-escucha-somos-un-paraiso-de-ciencia-durante-el-festival-de-la-ciencia-2021\/","title":{"rendered":"Sube la radio y escucha \u201cSomos un para\u00edso de ciencia\u201d durante el Festival de la Ciencia 2021"},"content":{"rendered":"<h3><span style=\"font-weight: 400\">Porque siempre es bueno enterarnos de todo un poco en el \u00e1mbito de las ciencias, durante este FECI 2021 se realizar\u00e1n entrevistas radiales a diferentes cient\u00edficos y cient\u00edficas de destacadas universidades de la Regi\u00f3n de Valpara\u00edso.<\/span><\/h3>\n<p><!--more--><\/p>\n<p><span style=\"font-weight: 400\">Con el objetivo de difundir la importancia y el impacto de los distintos conocimientos y disciplinas que nacen a nivel regional, es que te invitamos a escuchar \u201cSomos un para\u00edso de ciencia\u201d, serie de entrevistas radiales a destacados\/as miembros de la comunidad cient\u00edfica, a trav\u00e9s de diversas emisoras de las provincias de la Regi\u00f3n de Valpara\u00edso.\u00a0<\/span><\/p>\n<p><span style=\"font-weight: 400\">Las emisoras que participan en esta actividad son:<\/span><\/p>\n<table style=\"height: 2087px\" width=\"812\">\n<tbody>\n<tr>\n<td width=\"113\"><strong>Emisora<\/strong><\/td>\n<td width=\"202\"><strong>Fecha<\/strong><\/td>\n<td width=\"129\"><strong>Tema<\/strong><\/td>\n<td width=\"198\"><strong>Especialista<\/strong><\/td>\n<\/tr>\n<tr>\n<td width=\"113\">Radio Festival<br \/>\n(Valpara\u00edso)<\/td>\n<td width=\"202\">Mi\u00e9rcoles 20 de octubre a trav\u00e9s del Programa Regi\u00f3n 127 en el FB Live de la Radio Festival, a las 18:00 horas.<\/p>\n<p>Repetici\u00f3n domingo 24 a las 14.00 horas, en el dial fm.<\/td>\n<td width=\"129\">Crisis clim\u00e1tica<\/td>\n<td width=\"198\"><strong>Marcelo Mena,<\/strong> director del Centro de Acci\u00f3n Clim\u00e1tica de la PUCV y Acad\u00e9mico de la Escuela de Ingenier\u00eda Bioqu\u00edmica de la misma Casa de Estudios.<\/td>\n<\/tr>\n<tr>\n<td width=\"113\">Radio Latina<br \/>\n(Marga-Marga)<\/td>\n<td width=\"202\">Viernes 22 de octubre a las 17:30<\/td>\n<td width=\"129\">Paneles solares y energ\u00eda solar<\/td>\n<td width=\"198\"><strong>Marcelo P\u00e9rez, <\/strong>Doctor en Ciencias de la Ingenier\u00eda El\u00e9ctrica. Actualmente es Investigador del Centro Avanzado de Ingenier\u00eda El\u00e9ctrica y Electr\u00f3nica, AC3E, de la USM.<\/td>\n<\/tr>\n<tr>\n<td width=\"113\">Radio Chilena FM (San Antonio)<\/td>\n<td width=\"202\">Domingo 24 de octubre, 10:00<\/td>\n<td width=\"129\">Humedales<\/td>\n<td width=\"198\"><strong>Cecilia Rivera, <\/strong>Doctora en Ciencias con menci\u00f3n Qu\u00edmica y Qu\u00edmica Marina. Actualmente investigadora de la Universidad de Playa Ancha.<\/td>\n<\/tr>\n<tr>\n<td width=\"113\">Radio Superandina (Valle del Aconcagua)<\/td>\n<td width=\"202\">Jueves 21 de octubre, 13:05 horas<\/td>\n<td width=\"129\">Sequ\u00eda, sus impactos en el Valle del Aconcagua y qu\u00e9 se puede hacer para enfrentarla<\/td>\n<td width=\"198\"><strong>David Poblete<\/strong>, acad\u00e9mico de la Escuela de Ingenier\u00eda Civil de la Universidad de Valpara\u00edso. Ha sido\u00a0 parte de estudios de recursos h\u00eddricos en distintas cuencas de Chile, con \u00e9nfasis en Cambio Clim\u00e1tico.<\/td>\n<\/tr>\n<tr>\n<td width=\"113\">Radio Dulce de Casablanca<\/td>\n<td width=\"202\">Mi\u00e9rcoles 20 de octubre, a las 10.00 horas<\/td>\n<td width=\"129\">Eficiencia h\u00eddrica<\/td>\n<td width=\"198\"><strong>Patricio Rubio, <\/strong>director del Mag\u00edster en Gesti\u00f3n del Agua, de la USM. Doctor y Licenciado en Geograf\u00eda, Universitat de Barcelona, Espa\u00f1a.<\/td>\n<\/tr>\n<tr>\n<td width=\"113\">Radio Dulce de La Ligua<\/td>\n<td width=\"202\"><span style=\"font-weight: 400\">Jueves 21 de octubre, a las 09:40 horas<\/span><\/td>\n<td width=\"129\">Sequ\u00eda, eficiencia h\u00eddrica y desarrollo productivo<\/td>\n<td width=\"198\"><strong>Elba Vivanco, <\/strong>directora Estrat\u00e9gica del N\u00facleo Biotecnolog\u00eda de Curauma de la PUCV y Directora Interamericana Divisi\u00f3n T\u00e9cnica Cambio clim\u00e1tico- AIDIS.<\/td>\n<\/tr>\n<tr>\n<td width=\"113\">Radio Dulce de Petorca y Cabildo 104.7 FM (Petorca)<\/p>\n<p>&nbsp;<\/td>\n<td width=\"202\"><span style=\"font-weight: 400\">Jueves 21 de octubre, a las 09:40 horas<\/span><\/td>\n<td width=\"129\">Sequ\u00eda, eficiencia h\u00eddrica y desarrollo productivo<\/td>\n<td width=\"198\"><strong>Ana Mar\u00eda C\u00f3rdova, <\/strong>directora del Departamento de Meteorolog\u00eda de la Universidad de Valpara\u00edso y<br \/>\nPh.D. en Ciencias menci\u00f3n Meteorolog\u00eda, Universidad de Sao Paulo, Brasil.<\/td>\n<\/tr>\n<tr>\n<td width=\"113\">Radio Ritoque de Valpara\u00edso 107.9 FM (Valpara\u00edso)<\/td>\n<td width=\"202\">Mi\u00e9rcoles 20 de octubre, a las 12:00 horas<\/td>\n<td width=\"129\">Desarrollo productivo<\/td>\n<td width=\"198\"><strong>Mar\u00eda Elvira Z\u00fa\u00f1iga<\/strong>, directora del Centro Regional de Estudios en Alimentos Saludables, CREAS, y primera mujer en recibir el Premio Nacional de Ingenier\u00eda (2021)<\/td>\n<\/tr>\n<tr>\n<td width=\"113\">Radio Rapa Nui de Isla de Pascua 99.1 FM (I. de Pascua)<\/td>\n<td width=\"202\">Viernes 22 de octubre 10:00 horas<\/td>\n<td width=\"129\">Cuidado del ecosistema, uso de residuos, reciclaje y Eficiencia H\u00eddrica<\/td>\n<td width=\"198\"><strong>Paulina Bahamonde,<br \/>\n<\/strong>bioqu\u00edmica de la Universidad de Concepci\u00f3n e Investigadora titular LACER\/HUB Ambiental de la UPLA. Ha realizado redes de investigaci\u00f3n cient\u00edfica para promover la conservaci\u00f3n de los ecosistemas.<\/td>\n<\/tr>\n<\/tbody>\n<\/table>\n<p><span style=\"font-weight: 400\">\u00a1Guarda bien estos horarios y que no se te pasen! No te pierdas esta interesante instancia para escuchar a destacados cient\u00edficos\/as compartir sus conocimientos y experiencias.<\/span><\/p>\n<p><span style=\"font-weight: 400\">Cabe se\u00f1alar que esta actividad, forma parte de una parrilla de una serie de actividades virtuales que se realizar\u00e1n en la Regi\u00f3n de Valpara\u00edso como parte del Festival de la Ciencia, celebraci\u00f3n nacional impulsada por la Divisi\u00f3n Ciencia y Sociedad del Ministerio de Ciencia, y que Explora Valpara\u00edso coordina en la regi\u00f3n.\u00a0<\/span><\/p>\n<p><span style=\"font-weight: 400\">Para conocer todas las actividades que ser\u00e1n parte del Festival de la Ciencia en la Regi\u00f3n de Valpara\u00edso, puedes visitar <\/span><a href=\"http:\/\/www.festivaldelaciencia.cl\"><span style=\"font-weight: 400\">www.festivaldelaciencia.cl<\/span><\/a><span style=\"font-weight: 400\">\u00a0 y seguir a @exploravalpo en Facebook, twitter e Instagram.<\/span><\/p>\n","protected":false},"excerpt":{"rendered":"<p>Porque siempre es bueno enterarnos de todo un poco en el \u00e1mbito de las ciencias, durante este FECI 2021 se realizar\u00e1n entrevistas radiales a diferentes cient\u00edficos y cient\u00edficas de destacadas universidades de la Regi\u00f3n de Valpara\u00edso.<\/p>\n","protected":false},"author":22,"featured_media":41520,"comment_status":"open","ping_status":"open","sticky":false,"template":"","format":"standard","meta":{"_acf_changed":false,"_exactmetrics_skip_tracking":false,"_exactmetrics_sitenote_active":false,"_exactmetrics_sitenote_note":"","_exactmetrics_sitenote_category":0,"footnotes":"","_links_to":"","_links_to_target":""},"categories":[4],"tags":[339,110,241,666,902,1084,341,1074,1073,166,174],"class_list":["post-41518","post","type-post","status-publish","format-standard","has-post-thumbnail","hentry","category-noticias","tag-ciencia-regional","tag-cultura-cientifica","tag-divulgacion","tag-divulgacion-cientifica","tag-divulgacion-de-las-ciencias","tag-emisoras-regionales","tag-entrevistas","tag-feci-2021","tag-festival-de-la-ciencia","tag-proyecto-asociativo-regional-explora-valparaiso","tag-region-de-valparaiso"],"acf":[],"yoast_head":"<!-- This site is optimized with the Yoast SEO plugin v26.9 - https:\/\/yoast.com\/product\/yoast-seo-wordpress\/ -->\n<title>Sube la radio y escucha \u201cSomos un para\u00edso de ciencia\u201d durante el Festival de la Ciencia 2021 - Valpara\u00edso<\/title>\n<meta name=\"robots\" content=\"index, follow, max-snippet:-1, max-image-preview:large, max-video-preview:-1\" \/>\n<link rel=\"canonical\" href=\"https:\/\/explora.cl\/valparaiso\/sube-la-radio-y-escucha-somos-un-paraiso-de-ciencia-durante-el-festival-de-la-ciencia-2021\/\" class=\"yoast-seo-meta-tag\" \/>\n<meta property=\"og:locale\" content=\"es_ES\" class=\"yoast-seo-meta-tag\" \/>\n<meta property=\"og:type\" content=\"article\" class=\"yoast-seo-meta-tag\" \/>\n<meta property=\"og:title\" content=\"Sube la radio y escucha \u201cSomos un para\u00edso de ciencia\u201d durante el Festival de la Ciencia 2021 - Valpara\u00edso\" class=\"yoast-seo-meta-tag\" \/>\n<meta property=\"og:description\" content=\"Porque siempre es bueno enterarnos de todo un poco en el \u00e1mbito de las ciencias, durante este FECI 2021 se realizar\u00e1n entrevistas radiales a diferentes cient\u00edficos y cient\u00edficas de destacadas universidades de la Regi\u00f3n de Valpara\u00edso.\" class=\"yoast-seo-meta-tag\" \/>\n<meta property=\"og:url\" content=\"https:\/\/explora.cl\/valparaiso\/sube-la-radio-y-escucha-somos-un-paraiso-de-ciencia-durante-el-festival-de-la-ciencia-2021\/\" class=\"yoast-seo-meta-tag\" \/>\n<meta property=\"og:site_name\" content=\"Valpara\u00edso\" class=\"yoast-seo-meta-tag\" \/>\n<meta property=\"article:published_time\" content=\"2021-10-04T15:55:11+00:00\" class=\"yoast-seo-meta-tag\" \/>\n<meta property=\"article:modified_time\" content=\"2021-10-19T12:15:49+00:00\" class=\"yoast-seo-meta-tag\" \/>\n<meta property=\"og:image\" content=\"https:\/\/explora.cl\/valparaiso\/wp-content\/uploads\/sites\/7\/2021\/10\/Twitter-FECI-3-e1633538366411.png\" class=\"yoast-seo-meta-tag\" \/>\n\t<meta property=\"og:image:width\" content=\"766\" class=\"yoast-seo-meta-tag\" \/>\n\t<meta property=\"og:image:height\" content=\"450\" class=\"yoast-seo-meta-tag\" \/>\n\t<meta property=\"og:image:type\" content=\"image\/png\" class=\"yoast-seo-meta-tag\" \/>\n<meta name=\"author\" content=\"jcastaneda\" class=\"yoast-seo-meta-tag\" \/>\n<meta name=\"twitter:card\" content=\"summary_large_image\" class=\"yoast-seo-meta-tag\" \/>\n<meta name=\"twitter:label1\" content=\"Escrito por\" class=\"yoast-seo-meta-tag\" \/>\n\t<meta name=\"twitter:data1\" content=\"jcastaneda\" class=\"yoast-seo-meta-tag\" \/>\n\t<meta name=\"twitter:label2\" content=\"Tiempo estimado de lectura\" class=\"yoast-seo-meta-tag\" \/>\n\t<meta name=\"twitter:data2\" content=\"3 minutos\" class=\"yoast-seo-meta-tag\" \/>\n<script type=\"application\/ld+json\" class=\"yoast-schema-graph\">{\"@context\":\"https:\/\/schema.org\",\"@graph\":[{\"@type\":\"Article\",\"@id\":\"https:\/\/explora.cl\/valparaiso\/sube-la-radio-y-escucha-somos-un-paraiso-de-ciencia-durante-el-festival-de-la-ciencia-2021\/#article\",\"isPartOf\":{\"@id\":\"https:\/\/explora.cl\/valparaiso\/sube-la-radio-y-escucha-somos-un-paraiso-de-ciencia-durante-el-festival-de-la-ciencia-2021\/\"},\"author\":{\"name\":\"jcastaneda\",\"@id\":\"https:\/\/explora.cl\/valparaiso\/#\/schema\/person\/c15e69495b8dbe0af0102f6bca43ba5d\"},\"headline\":\"Sube la radio y escucha \u201cSomos un para\u00edso de ciencia\u201d durante el Festival de la Ciencia 2021\",\"datePublished\":\"2021-10-04T15:55:11+00:00\",\"dateModified\":\"2021-10-19T12:15:49+00:00\",\"mainEntityOfPage\":{\"@id\":\"https:\/\/explora.cl\/valparaiso\/sube-la-radio-y-escucha-somos-un-paraiso-de-ciencia-durante-el-festival-de-la-ciencia-2021\/\"},\"wordCount\":703,\"commentCount\":0,\"publisher\":{\"@id\":\"https:\/\/explora.cl\/valparaiso\/#organization\"},\"image\":{\"@id\":\"https:\/\/explora.cl\/valparaiso\/sube-la-radio-y-escucha-somos-un-paraiso-de-ciencia-durante-el-festival-de-la-ciencia-2021\/#primaryimage\"},\"thumbnailUrl\":\"https:\/\/explora.cl\/valparaiso\/wp-content\/uploads\/sites\/7\/2021\/10\/Twitter-FECI-3-e1633538366411.png\",\"keywords\":[\"ciencia regional\",\"cultura cientifica\",\"divulgaci\u00f3n\",\"Divulgaci\u00f3n Cient\u00edfica\",\"divulgaci\u00f3n de las ciencias\",\"emisoras regionales\",\"Entrevistas\",\"FECI 2021\",\"Festival de la Ciencia\",\"Proyecto Asociativo Regional EXPLORA Valparaiso\",\"Regi\u00f3n de Valpara\u00edso\"],\"articleSection\":[\"Noticias\"],\"inLanguage\":\"es-CL\",\"potentialAction\":[{\"@type\":\"CommentAction\",\"name\":\"Comment\",\"target\":[\"https:\/\/explora.cl\/valparaiso\/sube-la-radio-y-escucha-somos-un-paraiso-de-ciencia-durante-el-festival-de-la-ciencia-2021\/#respond\"]}]},{\"@type\":\"WebPage\",\"@id\":\"https:\/\/explora.cl\/valparaiso\/sube-la-radio-y-escucha-somos-un-paraiso-de-ciencia-durante-el-festival-de-la-ciencia-2021\/\",\"url\":\"https:\/\/explora.cl\/valparaiso\/sube-la-radio-y-escucha-somos-un-paraiso-de-ciencia-durante-el-festival-de-la-ciencia-2021\/\",\"name\":\"Sube la radio y escucha \u201cSomos un para\u00edso de ciencia\u201d durante el Festival de la Ciencia 2021 - Valpara\u00edso\",\"isPartOf\":{\"@id\":\"https:\/\/explora.cl\/valparaiso\/#website\"},\"primaryImageOfPage\":{\"@id\":\"https:\/\/explora.cl\/valparaiso\/sube-la-radio-y-escucha-somos-un-paraiso-de-ciencia-durante-el-festival-de-la-ciencia-2021\/#primaryimage\"},\"image\":{\"@id\":\"https:\/\/explora.cl\/valparaiso\/sube-la-radio-y-escucha-somos-un-paraiso-de-ciencia-durante-el-festival-de-la-ciencia-2021\/#primaryimage\"},\"thumbnailUrl\":\"https:\/\/explora.cl\/valparaiso\/wp-content\/uploads\/sites\/7\/2021\/10\/Twitter-FECI-3-e1633538366411.png\",\"datePublished\":\"2021-10-04T15:55:11+00:00\",\"dateModified\":\"2021-10-19T12:15:49+00:00\",\"breadcrumb\":{\"@id\":\"https:\/\/explora.cl\/valparaiso\/sube-la-radio-y-escucha-somos-un-paraiso-de-ciencia-durante-el-festival-de-la-ciencia-2021\/#breadcrumb\"},\"inLanguage\":\"es-CL\",\"potentialAction\":[{\"@type\":\"ReadAction\",\"target\":[\"https:\/\/explora.cl\/valparaiso\/sube-la-radio-y-escucha-somos-un-paraiso-de-ciencia-durante-el-festival-de-la-ciencia-2021\/\"]}]},{\"@type\":\"ImageObject\",\"inLanguage\":\"es-CL\",\"@id\":\"https:\/\/explora.cl\/valparaiso\/sube-la-radio-y-escucha-somos-un-paraiso-de-ciencia-durante-el-festival-de-la-ciencia-2021\/#primaryimage\",\"url\":\"https:\/\/explora.cl\/valparaiso\/wp-content\/uploads\/sites\/7\/2021\/10\/Twitter-FECI-3-e1633538366411.png\",\"contentUrl\":\"https:\/\/explora.cl\/valparaiso\/wp-content\/uploads\/sites\/7\/2021\/10\/Twitter-FECI-3-e1633538366411.png\",\"width\":766,\"height\":450},{\"@type\":\"BreadcrumbList\",\"@id\":\"https:\/\/explora.cl\/valparaiso\/sube-la-radio-y-escucha-somos-un-paraiso-de-ciencia-durante-el-festival-de-la-ciencia-2021\/#breadcrumb\",\"itemListElement\":[{\"@type\":\"ListItem\",\"position\":1,\"name\":\"Portada\",\"item\":\"https:\/\/explora.cl\/valparaiso\/\"},{\"@type\":\"ListItem\",\"position\":2,\"name\":\"Sube la radio y escucha \u201cSomos un para\u00edso de ciencia\u201d durante el Festival de la Ciencia 2021\"}]},{\"@type\":\"WebSite\",\"@id\":\"https:\/\/explora.cl\/valparaiso\/#website\",\"url\":\"https:\/\/explora.cl\/valparaiso\/\",\"name\":\"Valpara\u00edso\",\"description\":\"Otro sitio m\u00e1s de explora.cl\",\"publisher\":{\"@id\":\"https:\/\/explora.cl\/valparaiso\/#organization\"},\"potentialAction\":[{\"@type\":\"SearchAction\",\"target\":{\"@type\":\"EntryPoint\",\"urlTemplate\":\"https:\/\/explora.cl\/valparaiso\/?s={search_term_string}\"},\"query-input\":{\"@type\":\"PropertyValueSpecification\",\"valueRequired\":true,\"valueName\":\"search_term_string\"}}],\"inLanguage\":\"es-CL\"},{\"@type\":\"Organization\",\"@id\":\"https:\/\/explora.cl\/valparaiso\/#organization\",\"name\":\"Valpara\u00edso\",\"url\":\"https:\/\/explora.cl\/valparaiso\/\",\"logo\":{\"@type\":\"ImageObject\",\"inLanguage\":\"es-CL\",\"@id\":\"https:\/\/explora.cl\/valparaiso\/#\/schema\/logo\/image\/\",\"url\":\"https:\/\/explora.cl\/valparaiso\/wp-content\/uploads\/sites\/7\/2019\/06\/cropped-logo-explora-color.jpg\",\"contentUrl\":\"https:\/\/explora.cl\/valparaiso\/wp-content\/uploads\/sites\/7\/2019\/06\/cropped-logo-explora-color.jpg\",\"width\":2035,\"height\":584,\"caption\":\"Valpara\u00edso\"},\"image\":{\"@id\":\"https:\/\/explora.cl\/valparaiso\/#\/schema\/logo\/image\/\"}},{\"@type\":\"Person\",\"@id\":\"https:\/\/explora.cl\/valparaiso\/#\/schema\/person\/c15e69495b8dbe0af0102f6bca43ba5d\",\"name\":\"jcastaneda\",\"image\":{\"@type\":\"ImageObject\",\"inLanguage\":\"es-CL\",\"@id\":\"https:\/\/explora.cl\/valparaiso\/#\/schema\/person\/image\/\",\"url\":\"https:\/\/secure.gravatar.com\/avatar\/f26661a8eef2f6444d9633928ef0219fd69e41c5be1ef5ef16afeee7cd4df675?s=96&d=mm&r=g\",\"contentUrl\":\"https:\/\/secure.gravatar.com\/avatar\/f26661a8eef2f6444d9633928ef0219fd69e41c5be1ef5ef16afeee7cd4df675?s=96&d=mm&r=g\",\"caption\":\"jcastaneda\"},\"url\":\"https:\/\/explora.cl\/valparaiso\/author\/jcastaneda\/\"}]}<\/script>\n<!-- \/ Yoast SEO plugin. -->","yoast_head_json":{"title":"Sube la radio y escucha \u201cSomos un para\u00edso de ciencia\u201d durante el Festival de la Ciencia 2021 - Valpara\u00edso","robots":{"index":"index","follow":"follow","max-snippet":"max-snippet:-1","max-image-preview":"max-image-preview:large","max-video-preview":"max-video-preview:-1"},"canonical":"https:\/\/explora.cl\/valparaiso\/sube-la-radio-y-escucha-somos-un-paraiso-de-ciencia-durante-el-festival-de-la-ciencia-2021\/","og_locale":"es_ES","og_type":"article","og_title":"Sube la radio y escucha \u201cSomos un para\u00edso de ciencia\u201d durante el Festival de la Ciencia 2021 - Valpara\u00edso","og_description":"Porque siempre es bueno enterarnos de todo un poco en el \u00e1mbito de las ciencias, durante este FECI 2021 se realizar\u00e1n entrevistas radiales a diferentes cient\u00edficos y cient\u00edficas de destacadas universidades de la Regi\u00f3n de Valpara\u00edso.","og_url":"https:\/\/explora.cl\/valparaiso\/sube-la-radio-y-escucha-somos-un-paraiso-de-ciencia-durante-el-festival-de-la-ciencia-2021\/","og_site_name":"Valpara\u00edso","article_published_time":"2021-10-04T15:55:11+00:00","article_modified_time":"2021-10-19T12:15:49+00:00","og_image":[{"width":766,"height":450,"url":"https:\/\/explora.cl\/valparaiso\/wp-content\/uploads\/sites\/7\/2021\/10\/Twitter-FECI-3-e1633538366411.png","type":"image\/png"}],"author":"jcastaneda","twitter_card":"summary_large_image","twitter_misc":{"Escrito por":"jcastaneda","Tiempo estimado de lectura":"3 minutos"},"schema":{"@context":"https:\/\/schema.org","@graph":[{"@type":"Article","@id":"https:\/\/explora.cl\/valparaiso\/sube-la-radio-y-escucha-somos-un-paraiso-de-ciencia-durante-el-festival-de-la-ciencia-2021\/#article","isPartOf":{"@id":"https:\/\/explora.cl\/valparaiso\/sube-la-radio-y-escucha-somos-un-paraiso-de-ciencia-durante-el-festival-de-la-ciencia-2021\/"},"author":{"name":"jcastaneda","@id":"https:\/\/explora.cl\/valparaiso\/#\/schema\/person\/c15e69495b8dbe0af0102f6bca43ba5d"},"headline":"Sube la radio y escucha \u201cSomos un para\u00edso de ciencia\u201d durante el Festival de la Ciencia 2021","datePublished":"2021-10-04T15:55:11+00:00","dateModified":"2021-10-19T12:15:49+00:00","mainEntityOfPage":{"@id":"https:\/\/explora.cl\/valparaiso\/sube-la-radio-y-escucha-somos-un-paraiso-de-ciencia-durante-el-festival-de-la-ciencia-2021\/"},"wordCount":703,"commentCount":0,"publisher":{"@id":"https:\/\/explora.cl\/valparaiso\/#organization"},"image":{"@id":"https:\/\/explora.cl\/valparaiso\/sube-la-radio-y-escucha-somos-un-paraiso-de-ciencia-durante-el-festival-de-la-ciencia-2021\/#primaryimage"},"thumbnailUrl":"https:\/\/explora.cl\/valparaiso\/wp-content\/uploads\/sites\/7\/2021\/10\/Twitter-FECI-3-e1633538366411.png","keywords":["ciencia regional","cultura cientifica","divulgaci\u00f3n","Divulgaci\u00f3n Cient\u00edfica","divulgaci\u00f3n de las ciencias","emisoras regionales","Entrevistas","FECI 2021","Festival de la Ciencia","Proyecto Asociativo Regional EXPLORA Valparaiso","Regi\u00f3n de Valpara\u00edso"],"articleSection":["Noticias"],"inLanguage":"es-CL","potentialAction":[{"@type":"CommentAction","name":"Comment","target":["https:\/\/explora.cl\/valparaiso\/sube-la-radio-y-escucha-somos-un-paraiso-de-ciencia-durante-el-festival-de-la-ciencia-2021\/#respond"]}]},{"@type":"WebPage","@id":"https:\/\/explora.cl\/valparaiso\/sube-la-radio-y-escucha-somos-un-paraiso-de-ciencia-durante-el-festival-de-la-ciencia-2021\/","url":"https:\/\/explora.cl\/valparaiso\/sube-la-radio-y-escucha-somos-un-paraiso-de-ciencia-durante-el-festival-de-la-ciencia-2021\/","name":"Sube la radio y escucha \u201cSomos un para\u00edso de ciencia\u201d durante el Festival de la Ciencia 2021 - Valpara\u00edso","isPartOf":{"@id":"https:\/\/explora.cl\/valparaiso\/#website"},"primaryImageOfPage":{"@id":"https:\/\/explora.cl\/valparaiso\/sube-la-radio-y-escucha-somos-un-paraiso-de-ciencia-durante-el-festival-de-la-ciencia-2021\/#primaryimage"},"image":{"@id":"https:\/\/explora.cl\/valparaiso\/sube-la-radio-y-escucha-somos-un-paraiso-de-ciencia-durante-el-festival-de-la-ciencia-2021\/#primaryimage"},"thumbnailUrl":"https:\/\/explora.cl\/valparaiso\/wp-content\/uploads\/sites\/7\/2021\/10\/Twitter-FECI-3-e1633538366411.png","datePublished":"2021-10-04T15:55:11+00:00","dateModified":"2021-10-19T12:15:49+00:00","breadcrumb":{"@id":"https:\/\/explora.cl\/valparaiso\/sube-la-radio-y-escucha-somos-un-paraiso-de-ciencia-durante-el-festival-de-la-ciencia-2021\/#breadcrumb"},"inLanguage":"es-CL","potentialAction":[{"@type":"ReadAction","target":["https:\/\/explora.cl\/valparaiso\/sube-la-radio-y-escucha-somos-un-paraiso-de-ciencia-durante-el-festival-de-la-ciencia-2021\/"]}]},{"@type":"ImageObject","inLanguage":"es-CL","@id":"https:\/\/explora.cl\/valparaiso\/sube-la-radio-y-escucha-somos-un-paraiso-de-ciencia-durante-el-festival-de-la-ciencia-2021\/#primaryimage","url":"https:\/\/explora.cl\/valparaiso\/wp-content\/uploads\/sites\/7\/2021\/10\/Twitter-FECI-3-e1633538366411.png","contentUrl":"https:\/\/explora.cl\/valparaiso\/wp-content\/uploads\/sites\/7\/2021\/10\/Twitter-FECI-3-e1633538366411.png","width":766,"height":450},{"@type":"BreadcrumbList","@id":"https:\/\/explora.cl\/valparaiso\/sube-la-radio-y-escucha-somos-un-paraiso-de-ciencia-durante-el-festival-de-la-ciencia-2021\/#breadcrumb","itemListElement":[{"@type":"ListItem","position":1,"name":"Portada","item":"https:\/\/explora.cl\/valparaiso\/"},{"@type":"ListItem","position":2,"name":"Sube la radio y escucha \u201cSomos un para\u00edso de ciencia\u201d durante el Festival de la Ciencia 2021"}]},{"@type":"WebSite","@id":"https:\/\/explora.cl\/valparaiso\/#website","url":"https:\/\/explora.cl\/valparaiso\/","name":"Valpara\u00edso","description":"Otro sitio m\u00e1s de explora.cl","publisher":{"@id":"https:\/\/explora.cl\/valparaiso\/#organization"},"potentialAction":[{"@type":"SearchAction","target":{"@type":"EntryPoint","urlTemplate":"https:\/\/explora.cl\/valparaiso\/?s={search_term_string}"},"query-input":{"@type":"PropertyValueSpecification","valueRequired":true,"valueName":"search_term_string"}}],"inLanguage":"es-CL"},{"@type":"Organization","@id":"https:\/\/explora.cl\/valparaiso\/#organization","name":"Valpara\u00edso","url":"https:\/\/explora.cl\/valparaiso\/","logo":{"@type":"ImageObject","inLanguage":"es-CL","@id":"https:\/\/explora.cl\/valparaiso\/#\/schema\/logo\/image\/","url":"https:\/\/explora.cl\/valparaiso\/wp-content\/uploads\/sites\/7\/2019\/06\/cropped-logo-explora-color.jpg","contentUrl":"https:\/\/explora.cl\/valparaiso\/wp-content\/uploads\/sites\/7\/2019\/06\/cropped-logo-explora-color.jpg","width":2035,"height":584,"caption":"Valpara\u00edso"},"image":{"@id":"https:\/\/explora.cl\/valparaiso\/#\/schema\/logo\/image\/"}},{"@type":"Person","@id":"https:\/\/explora.cl\/valparaiso\/#\/schema\/person\/c15e69495b8dbe0af0102f6bca43ba5d","name":"jcastaneda","image":{"@type":"ImageObject","inLanguage":"es-CL","@id":"https:\/\/explora.cl\/valparaiso\/#\/schema\/person\/image\/","url":"https:\/\/secure.gravatar.com\/avatar\/f26661a8eef2f6444d9633928ef0219fd69e41c5be1ef5ef16afeee7cd4df675?s=96&d=mm&r=g","contentUrl":"https:\/\/secure.gravatar.com\/avatar\/f26661a8eef2f6444d9633928ef0219fd69e41c5be1ef5ef16afeee7cd4df675?s=96&d=mm&r=g","caption":"jcastaneda"},"url":"https:\/\/explora.cl\/valparaiso\/author\/jcastaneda\/"}]}},"_links":{"self":[{"href":"https:\/\/explora.cl\/valparaiso\/wp-json\/wp\/v2\/posts\/41518","targetHints":{"allow":["GET"]}}],"collection":[{"href":"https:\/\/explora.cl\/valparaiso\/wp-json\/wp\/v2\/posts"}],"about":[{"href":"https:\/\/explora.cl\/valparaiso\/wp-json\/wp\/v2\/types\/post"}],"author":[{"embeddable":true,"href":"https:\/\/explora.cl\/valparaiso\/wp-json\/wp\/v2\/users\/22"}],"replies":[{"embeddable":true,"href":"https:\/\/explora.cl\/valparaiso\/wp-json\/wp\/v2\/comments?post=41518"}],"version-history":[{"count":17,"href":"https:\/\/explora.cl\/valparaiso\/wp-json\/wp\/v2\/posts\/41518\/revisions"}],"predecessor-version":[{"id":41551,"href":"https:\/\/explora.cl\/valparaiso\/wp-json\/wp\/v2\/posts\/41518\/revisions\/41551"}],"wp:featuredmedia":[{"embeddable":true,"href":"https:\/\/explora.cl\/valparaiso\/wp-json\/wp\/v2\/media\/41520"}],"wp:attachment":[{"href":"https:\/\/explora.cl\/valparaiso\/wp-json\/wp\/v2\/media?parent=41518"}],"wp:term":[{"taxonomy":"category","embeddable":true,"href":"https:\/\/explora.cl\/valparaiso\/wp-json\/wp\/v2\/categories?post=41518"},{"taxonomy":"post_tag","embeddable":true,"href":"https:\/\/explora.cl\/valparaiso\/wp-json\/wp\/v2\/tags?post=41518"}],"curies":[{"name":"wp","href":"https:\/\/api.w.org\/{rel}","templated":true}]}}