{"id":41511,"date":"2021-10-04T12:01:56","date_gmt":"2021-10-04T15:01:56","guid":{"rendered":"https:\/\/explora.cl\/valparaiso\/?p=41511"},"modified":"2021-11-02T17:50:35","modified_gmt":"2021-11-02T20:50:35","slug":"experiencias-barriales-pensarse-en-el-cambio-de-la-ciudad-un-conversatorio-dirigido-a-personas-mayores","status":"publish","type":"post","link":"https:\/\/explora.cl\/valparaiso\/experiencias-barriales-pensarse-en-el-cambio-de-la-ciudad-un-conversatorio-dirigido-a-personas-mayores\/","title":{"rendered":"Hablemos de experiencias barriales: un conversatorio dirigido a personas mayores"},"content":{"rendered":"<h3><span style=\"font-weight: 400\">\u00bfQu\u00e9 m\u00e1s cercano en nuestra vida que el barrio? Durante este Festival de la Ciencia 2021 invitamos a personas mayores de toda la regi\u00f3n, a participar de un conversatorio que abordar\u00e1 las emociones y recuerdos de nuestros entornos.<\/span><!--more--><\/h3>\n<p><span style=\"font-weight: 400\">En el marco del Festival de la Ciencia, Explora Valpara\u00edso y el centro Ger\u00f3polis de la Universidad de Valpara\u00edso, invitan a personas mayores a ser parte del c<\/span><b>onversatorio <\/b><b>\u201cExperiencias Barriales: Pensar(se en) el cambio de la ciudad\u201d, <\/b><span style=\"font-weight: 400\">con el objetivo de<\/span><span style=\"font-weight: 400\"> conversar y reflexionar sobre el rol que tienen los sentimientos asociados a sus barrios, mediante una propuesta que involucra dialogar sobre geograf\u00eda, el entorno y nuestros sentimientos y emociones.\u00a0<\/span><\/p>\n<p><b>La actividad se realizar\u00e1 a trav\u00e9s de Zoom<\/b><b> el <\/b><b>viernes 22 de octubre a las 16:00 horas, y estar\u00e1 a cargo del Dr. Cl\u00e9ment Colin, <\/b><span style=\"font-weight: 400\">ge\u00f3grafo y profesor de la Escuela de Trabajo Social de la Pontificia Universidad Cat\u00f3lica de Valpara\u00edso. Clement es especialista en geograf\u00eda cultural, estudio de las emociones asociadas al barrio y estudios urbanos, desarrollando proyectos asociados a la nostalgia y sentimientos de las personas mayores con sus entornos.<\/span><\/p>\n<p><span style=\"font-weight: 400\">Para participar solo debes inscribirte en el siguiente link <\/span><a href=\"https:\/\/forms.gle\/EjAqq9pgaG8VJA8u9\"><span style=\"font-weight: 400\">https:\/\/forms.gle\/EjAqq9pgaG8VJA8u9<\/span><\/a><span style=\"font-weight: 400\">, una vez recibida tu inscripci\u00f3n, te enviaremos un enlace para que participes de la actividad el d\u00eda y hora se\u00f1alado.\u00a0<\/span><\/p>\n<p><span style=\"font-weight: 400\">No te pierdas esta grata instancia para compartir lo que sientes, dialogar con la ciencia y reconocer diversos sentimientos asociados a esos barrios y lugares que son parte de nuestra historia.<\/span><\/p>\n<p><span style=\"font-weight: 400\">Cabe se\u00f1alar que esta actividad, forma parte de una parrilla de una serie de actividades virtuales que se realizar\u00e1n en la Regi\u00f3n de Valpara\u00edso como parte del Festival de la Ciencia, celebraci\u00f3n nacional impulsada por la Divisi\u00f3n Ciencia y Sociedad del Ministerio de Ciencia, y que Explora Valpara\u00edso coordina en la regi\u00f3n.\u00a0<\/span><\/p>\n<p><span style=\"font-weight: 400\">Para conocer todas las actividades que ser\u00e1n parte del Festival de la Ciencia en la Regi\u00f3n de Valpara\u00edso, puedes visitar <\/span><a href=\"http:\/\/www.festivaldelaciencia.cl\"><span style=\"font-weight: 400\">www.festivaldelaciencia.cl<\/span><\/a><span style=\"font-weight: 400\">\u00a0 y seguir a @exploravalpo en Facebook, twitter e Instagram.<\/span><\/p>\n","protected":false},"excerpt":{"rendered":"<p>\u00bfQu\u00e9 m\u00e1s cercano en nuestra vida que el barrio? Durante este Festival de la Ciencia 2021 invitamos a personas mayores de toda la regi\u00f3n, a participar de un conversatorio que abordar\u00e1 las emociones y recuerdos de nuestros entornos.<\/p>\n","protected":false},"author":22,"featured_media":41558,"comment_status":"open","ping_status":"open","sticky":false,"template":"","format":"standard","meta":{"_acf_changed":false,"_exactmetrics_skip_tracking":false,"_exactmetrics_sitenote_active":false,"_exactmetrics_sitenote_note":"","_exactmetrics_sitenote_category":0,"footnotes":"","_links_to":"","_links_to_target":""},"categories":[4],"tags":[1019,1075,339,1077,110,1076,1079,1074,1073,657,1055,1018,166,174,1020,202,1078],"class_list":["post-41511","post","type-post","status-publish","format-standard","has-post-thumbnail","hentry","category-noticias","tag-adultos-mayores","tag-barrios","tag-ciencia-regional","tag-cultura-barrial","tag-cultura-cientifica","tag-cultura-de-barrio","tag-entorno","tag-feci-2021","tag-festival-de-la-ciencia","tag-geografia","tag-geropolis","tag-personas-mayores","tag-proyecto-asociativo-regional-explora-valparaiso","tag-region-de-valparaiso","tag-tercera-edad","tag-universidad-de-valparaiso","tag-vecindad"],"acf":[],"yoast_head":"<!-- This site is optimized with the Yoast SEO plugin v26.9 - https:\/\/yoast.com\/product\/yoast-seo-wordpress\/ -->\n<title>Hablemos de experiencias barriales: un conversatorio dirigido a personas mayores - Valpara\u00edso<\/title>\n<meta name=\"robots\" content=\"index, follow, max-snippet:-1, max-image-preview:large, max-video-preview:-1\" \/>\n<link rel=\"canonical\" href=\"https:\/\/explora.cl\/valparaiso\/experiencias-barriales-pensarse-en-el-cambio-de-la-ciudad-un-conversatorio-dirigido-a-personas-mayores\/\" class=\"yoast-seo-meta-tag\" \/>\n<meta property=\"og:locale\" content=\"es_ES\" class=\"yoast-seo-meta-tag\" \/>\n<meta property=\"og:type\" content=\"article\" class=\"yoast-seo-meta-tag\" \/>\n<meta property=\"og:title\" content=\"Hablemos de experiencias barriales: un conversatorio dirigido a personas mayores - Valpara\u00edso\" class=\"yoast-seo-meta-tag\" \/>\n<meta property=\"og:description\" content=\"\u00bfQu\u00e9 m\u00e1s cercano en nuestra vida que el barrio? Durante este Festival de la Ciencia 2021 invitamos a personas mayores de toda la regi\u00f3n, a participar de un conversatorio que abordar\u00e1 las emociones y recuerdos de nuestros entornos.\" class=\"yoast-seo-meta-tag\" \/>\n<meta property=\"og:url\" content=\"https:\/\/explora.cl\/valparaiso\/experiencias-barriales-pensarse-en-el-cambio-de-la-ciudad-un-conversatorio-dirigido-a-personas-mayores\/\" class=\"yoast-seo-meta-tag\" \/>\n<meta property=\"og:site_name\" content=\"Valpara\u00edso\" class=\"yoast-seo-meta-tag\" \/>\n<meta property=\"article:published_time\" content=\"2021-10-04T15:01:56+00:00\" class=\"yoast-seo-meta-tag\" \/>\n<meta property=\"article:modified_time\" content=\"2021-11-02T20:50:35+00:00\" class=\"yoast-seo-meta-tag\" \/>\n<meta property=\"og:image\" content=\"https:\/\/explora.cl\/valparaiso\/wp-content\/uploads\/sites\/7\/2021\/10\/exp.barriales99999.png\" class=\"yoast-seo-meta-tag\" \/>\n\t<meta property=\"og:image:width\" content=\"1457\" class=\"yoast-seo-meta-tag\" \/>\n\t<meta property=\"og:image:height\" content=\"899\" class=\"yoast-seo-meta-tag\" \/>\n\t<meta property=\"og:image:type\" content=\"image\/png\" class=\"yoast-seo-meta-tag\" \/>\n<meta name=\"author\" content=\"jcastaneda\" class=\"yoast-seo-meta-tag\" \/>\n<meta name=\"twitter:card\" content=\"summary_large_image\" class=\"yoast-seo-meta-tag\" \/>\n<meta name=\"twitter:label1\" content=\"Escrito por\" class=\"yoast-seo-meta-tag\" \/>\n\t<meta name=\"twitter:data1\" content=\"jcastaneda\" class=\"yoast-seo-meta-tag\" \/>\n\t<meta name=\"twitter:label2\" content=\"Tiempo estimado de lectura\" class=\"yoast-seo-meta-tag\" \/>\n\t<meta name=\"twitter:data2\" content=\"2 minutos\" class=\"yoast-seo-meta-tag\" \/>\n<script type=\"application\/ld+json\" class=\"yoast-schema-graph\">{\"@context\":\"https:\/\/schema.org\",\"@graph\":[{\"@type\":\"Article\",\"@id\":\"https:\/\/explora.cl\/valparaiso\/experiencias-barriales-pensarse-en-el-cambio-de-la-ciudad-un-conversatorio-dirigido-a-personas-mayores\/#article\",\"isPartOf\":{\"@id\":\"https:\/\/explora.cl\/valparaiso\/experiencias-barriales-pensarse-en-el-cambio-de-la-ciudad-un-conversatorio-dirigido-a-personas-mayores\/\"},\"author\":{\"name\":\"jcastaneda\",\"@id\":\"https:\/\/explora.cl\/valparaiso\/#\/schema\/person\/c15e69495b8dbe0af0102f6bca43ba5d\"},\"headline\":\"Hablemos de experiencias barriales: un conversatorio dirigido a personas mayores\",\"datePublished\":\"2021-10-04T15:01:56+00:00\",\"dateModified\":\"2021-11-02T20:50:35+00:00\",\"mainEntityOfPage\":{\"@id\":\"https:\/\/explora.cl\/valparaiso\/experiencias-barriales-pensarse-en-el-cambio-de-la-ciudad-un-conversatorio-dirigido-a-personas-mayores\/\"},\"wordCount\":366,\"commentCount\":0,\"publisher\":{\"@id\":\"https:\/\/explora.cl\/valparaiso\/#organization\"},\"image\":{\"@id\":\"https:\/\/explora.cl\/valparaiso\/experiencias-barriales-pensarse-en-el-cambio-de-la-ciudad-un-conversatorio-dirigido-a-personas-mayores\/#primaryimage\"},\"thumbnailUrl\":\"https:\/\/explora.cl\/valparaiso\/wp-content\/uploads\/sites\/7\/2021\/10\/exp.barriales99999.png\",\"keywords\":[\"adultos mayores\",\"barrios\",\"ciencia regional\",\"cultura barrial\",\"cultura cientifica\",\"cultura de barrio\",\"entorno\",\"FECI 2021\",\"Festival de la Ciencia\",\"Geograf\u00eda\",\"ger\u00f3polis\",\"personas mayores\",\"Proyecto Asociativo Regional EXPLORA Valparaiso\",\"Regi\u00f3n de Valpara\u00edso\",\"tercera edad\",\"universidad de valparaiso\",\"vecindad\"],\"articleSection\":[\"Noticias\"],\"inLanguage\":\"es-CL\",\"potentialAction\":[{\"@type\":\"CommentAction\",\"name\":\"Comment\",\"target\":[\"https:\/\/explora.cl\/valparaiso\/experiencias-barriales-pensarse-en-el-cambio-de-la-ciudad-un-conversatorio-dirigido-a-personas-mayores\/#respond\"]}]},{\"@type\":\"WebPage\",\"@id\":\"https:\/\/explora.cl\/valparaiso\/experiencias-barriales-pensarse-en-el-cambio-de-la-ciudad-un-conversatorio-dirigido-a-personas-mayores\/\",\"url\":\"https:\/\/explora.cl\/valparaiso\/experiencias-barriales-pensarse-en-el-cambio-de-la-ciudad-un-conversatorio-dirigido-a-personas-mayores\/\",\"name\":\"Hablemos de experiencias barriales: un conversatorio dirigido a personas mayores - Valpara\u00edso\",\"isPartOf\":{\"@id\":\"https:\/\/explora.cl\/valparaiso\/#website\"},\"primaryImageOfPage\":{\"@id\":\"https:\/\/explora.cl\/valparaiso\/experiencias-barriales-pensarse-en-el-cambio-de-la-ciudad-un-conversatorio-dirigido-a-personas-mayores\/#primaryimage\"},\"image\":{\"@id\":\"https:\/\/explora.cl\/valparaiso\/experiencias-barriales-pensarse-en-el-cambio-de-la-ciudad-un-conversatorio-dirigido-a-personas-mayores\/#primaryimage\"},\"thumbnailUrl\":\"https:\/\/explora.cl\/valparaiso\/wp-content\/uploads\/sites\/7\/2021\/10\/exp.barriales99999.png\",\"datePublished\":\"2021-10-04T15:01:56+00:00\",\"dateModified\":\"2021-11-02T20:50:35+00:00\",\"breadcrumb\":{\"@id\":\"https:\/\/explora.cl\/valparaiso\/experiencias-barriales-pensarse-en-el-cambio-de-la-ciudad-un-conversatorio-dirigido-a-personas-mayores\/#breadcrumb\"},\"inLanguage\":\"es-CL\",\"potentialAction\":[{\"@type\":\"ReadAction\",\"target\":[\"https:\/\/explora.cl\/valparaiso\/experiencias-barriales-pensarse-en-el-cambio-de-la-ciudad-un-conversatorio-dirigido-a-personas-mayores\/\"]}]},{\"@type\":\"ImageObject\",\"inLanguage\":\"es-CL\",\"@id\":\"https:\/\/explora.cl\/valparaiso\/experiencias-barriales-pensarse-en-el-cambio-de-la-ciudad-un-conversatorio-dirigido-a-personas-mayores\/#primaryimage\",\"url\":\"https:\/\/explora.cl\/valparaiso\/wp-content\/uploads\/sites\/7\/2021\/10\/exp.barriales99999.png\",\"contentUrl\":\"https:\/\/explora.cl\/valparaiso\/wp-content\/uploads\/sites\/7\/2021\/10\/exp.barriales99999.png\",\"width\":1457,\"height\":899},{\"@type\":\"BreadcrumbList\",\"@id\":\"https:\/\/explora.cl\/valparaiso\/experiencias-barriales-pensarse-en-el-cambio-de-la-ciudad-un-conversatorio-dirigido-a-personas-mayores\/#breadcrumb\",\"itemListElement\":[{\"@type\":\"ListItem\",\"position\":1,\"name\":\"Portada\",\"item\":\"https:\/\/explora.cl\/valparaiso\/\"},{\"@type\":\"ListItem\",\"position\":2,\"name\":\"Hablemos de experiencias barriales: un conversatorio dirigido a personas mayores\"}]},{\"@type\":\"WebSite\",\"@id\":\"https:\/\/explora.cl\/valparaiso\/#website\",\"url\":\"https:\/\/explora.cl\/valparaiso\/\",\"name\":\"Valpara\u00edso\",\"description\":\"Otro sitio m\u00e1s de explora.cl\",\"publisher\":{\"@id\":\"https:\/\/explora.cl\/valparaiso\/#organization\"},\"potentialAction\":[{\"@type\":\"SearchAction\",\"target\":{\"@type\":\"EntryPoint\",\"urlTemplate\":\"https:\/\/explora.cl\/valparaiso\/?s={search_term_string}\"},\"query-input\":{\"@type\":\"PropertyValueSpecification\",\"valueRequired\":true,\"valueName\":\"search_term_string\"}}],\"inLanguage\":\"es-CL\"},{\"@type\":\"Organization\",\"@id\":\"https:\/\/explora.cl\/valparaiso\/#organization\",\"name\":\"Valpara\u00edso\",\"url\":\"https:\/\/explora.cl\/valparaiso\/\",\"logo\":{\"@type\":\"ImageObject\",\"inLanguage\":\"es-CL\",\"@id\":\"https:\/\/explora.cl\/valparaiso\/#\/schema\/logo\/image\/\",\"url\":\"https:\/\/explora.cl\/valparaiso\/wp-content\/uploads\/sites\/7\/2019\/06\/cropped-logo-explora-color.jpg\",\"contentUrl\":\"https:\/\/explora.cl\/valparaiso\/wp-content\/uploads\/sites\/7\/2019\/06\/cropped-logo-explora-color.jpg\",\"width\":2035,\"height\":584,\"caption\":\"Valpara\u00edso\"},\"image\":{\"@id\":\"https:\/\/explora.cl\/valparaiso\/#\/schema\/logo\/image\/\"}},{\"@type\":\"Person\",\"@id\":\"https:\/\/explora.cl\/valparaiso\/#\/schema\/person\/c15e69495b8dbe0af0102f6bca43ba5d\",\"name\":\"jcastaneda\",\"image\":{\"@type\":\"ImageObject\",\"inLanguage\":\"es-CL\",\"@id\":\"https:\/\/explora.cl\/valparaiso\/#\/schema\/person\/image\/\",\"url\":\"https:\/\/secure.gravatar.com\/avatar\/f26661a8eef2f6444d9633928ef0219fd69e41c5be1ef5ef16afeee7cd4df675?s=96&d=mm&r=g\",\"contentUrl\":\"https:\/\/secure.gravatar.com\/avatar\/f26661a8eef2f6444d9633928ef0219fd69e41c5be1ef5ef16afeee7cd4df675?s=96&d=mm&r=g\",\"caption\":\"jcastaneda\"},\"url\":\"https:\/\/explora.cl\/valparaiso\/author\/jcastaneda\/\"}]}<\/script>\n<!-- \/ Yoast SEO plugin. -->","yoast_head_json":{"title":"Hablemos de experiencias barriales: un conversatorio dirigido a personas mayores - Valpara\u00edso","robots":{"index":"index","follow":"follow","max-snippet":"max-snippet:-1","max-image-preview":"max-image-preview:large","max-video-preview":"max-video-preview:-1"},"canonical":"https:\/\/explora.cl\/valparaiso\/experiencias-barriales-pensarse-en-el-cambio-de-la-ciudad-un-conversatorio-dirigido-a-personas-mayores\/","og_locale":"es_ES","og_type":"article","og_title":"Hablemos de experiencias barriales: un conversatorio dirigido a personas mayores - Valpara\u00edso","og_description":"\u00bfQu\u00e9 m\u00e1s cercano en nuestra vida que el barrio? Durante este Festival de la Ciencia 2021 invitamos a personas mayores de toda la regi\u00f3n, a participar de un conversatorio que abordar\u00e1 las emociones y recuerdos de nuestros entornos.","og_url":"https:\/\/explora.cl\/valparaiso\/experiencias-barriales-pensarse-en-el-cambio-de-la-ciudad-un-conversatorio-dirigido-a-personas-mayores\/","og_site_name":"Valpara\u00edso","article_published_time":"2021-10-04T15:01:56+00:00","article_modified_time":"2021-11-02T20:50:35+00:00","og_image":[{"width":1457,"height":899,"url":"https:\/\/explora.cl\/valparaiso\/wp-content\/uploads\/sites\/7\/2021\/10\/exp.barriales99999.png","type":"image\/png"}],"author":"jcastaneda","twitter_card":"summary_large_image","twitter_misc":{"Escrito por":"jcastaneda","Tiempo estimado de lectura":"2 minutos"},"schema":{"@context":"https:\/\/schema.org","@graph":[{"@type":"Article","@id":"https:\/\/explora.cl\/valparaiso\/experiencias-barriales-pensarse-en-el-cambio-de-la-ciudad-un-conversatorio-dirigido-a-personas-mayores\/#article","isPartOf":{"@id":"https:\/\/explora.cl\/valparaiso\/experiencias-barriales-pensarse-en-el-cambio-de-la-ciudad-un-conversatorio-dirigido-a-personas-mayores\/"},"author":{"name":"jcastaneda","@id":"https:\/\/explora.cl\/valparaiso\/#\/schema\/person\/c15e69495b8dbe0af0102f6bca43ba5d"},"headline":"Hablemos de experiencias barriales: un conversatorio dirigido a personas mayores","datePublished":"2021-10-04T15:01:56+00:00","dateModified":"2021-11-02T20:50:35+00:00","mainEntityOfPage":{"@id":"https:\/\/explora.cl\/valparaiso\/experiencias-barriales-pensarse-en-el-cambio-de-la-ciudad-un-conversatorio-dirigido-a-personas-mayores\/"},"wordCount":366,"commentCount":0,"publisher":{"@id":"https:\/\/explora.cl\/valparaiso\/#organization"},"image":{"@id":"https:\/\/explora.cl\/valparaiso\/experiencias-barriales-pensarse-en-el-cambio-de-la-ciudad-un-conversatorio-dirigido-a-personas-mayores\/#primaryimage"},"thumbnailUrl":"https:\/\/explora.cl\/valparaiso\/wp-content\/uploads\/sites\/7\/2021\/10\/exp.barriales99999.png","keywords":["adultos mayores","barrios","ciencia regional","cultura barrial","cultura cientifica","cultura de barrio","entorno","FECI 2021","Festival de la Ciencia","Geograf\u00eda","ger\u00f3polis","personas mayores","Proyecto Asociativo Regional EXPLORA Valparaiso","Regi\u00f3n de Valpara\u00edso","tercera edad","universidad de valparaiso","vecindad"],"articleSection":["Noticias"],"inLanguage":"es-CL","potentialAction":[{"@type":"CommentAction","name":"Comment","target":["https:\/\/explora.cl\/valparaiso\/experiencias-barriales-pensarse-en-el-cambio-de-la-ciudad-un-conversatorio-dirigido-a-personas-mayores\/#respond"]}]},{"@type":"WebPage","@id":"https:\/\/explora.cl\/valparaiso\/experiencias-barriales-pensarse-en-el-cambio-de-la-ciudad-un-conversatorio-dirigido-a-personas-mayores\/","url":"https:\/\/explora.cl\/valparaiso\/experiencias-barriales-pensarse-en-el-cambio-de-la-ciudad-un-conversatorio-dirigido-a-personas-mayores\/","name":"Hablemos de experiencias barriales: un conversatorio dirigido a personas mayores - Valpara\u00edso","isPartOf":{"@id":"https:\/\/explora.cl\/valparaiso\/#website"},"primaryImageOfPage":{"@id":"https:\/\/explora.cl\/valparaiso\/experiencias-barriales-pensarse-en-el-cambio-de-la-ciudad-un-conversatorio-dirigido-a-personas-mayores\/#primaryimage"},"image":{"@id":"https:\/\/explora.cl\/valparaiso\/experiencias-barriales-pensarse-en-el-cambio-de-la-ciudad-un-conversatorio-dirigido-a-personas-mayores\/#primaryimage"},"thumbnailUrl":"https:\/\/explora.cl\/valparaiso\/wp-content\/uploads\/sites\/7\/2021\/10\/exp.barriales99999.png","datePublished":"2021-10-04T15:01:56+00:00","dateModified":"2021-11-02T20:50:35+00:00","breadcrumb":{"@id":"https:\/\/explora.cl\/valparaiso\/experiencias-barriales-pensarse-en-el-cambio-de-la-ciudad-un-conversatorio-dirigido-a-personas-mayores\/#breadcrumb"},"inLanguage":"es-CL","potentialAction":[{"@type":"ReadAction","target":["https:\/\/explora.cl\/valparaiso\/experiencias-barriales-pensarse-en-el-cambio-de-la-ciudad-un-conversatorio-dirigido-a-personas-mayores\/"]}]},{"@type":"ImageObject","inLanguage":"es-CL","@id":"https:\/\/explora.cl\/valparaiso\/experiencias-barriales-pensarse-en-el-cambio-de-la-ciudad-un-conversatorio-dirigido-a-personas-mayores\/#primaryimage","url":"https:\/\/explora.cl\/valparaiso\/wp-content\/uploads\/sites\/7\/2021\/10\/exp.barriales99999.png","contentUrl":"https:\/\/explora.cl\/valparaiso\/wp-content\/uploads\/sites\/7\/2021\/10\/exp.barriales99999.png","width":1457,"height":899},{"@type":"BreadcrumbList","@id":"https:\/\/explora.cl\/valparaiso\/experiencias-barriales-pensarse-en-el-cambio-de-la-ciudad-un-conversatorio-dirigido-a-personas-mayores\/#breadcrumb","itemListElement":[{"@type":"ListItem","position":1,"name":"Portada","item":"https:\/\/explora.cl\/valparaiso\/"},{"@type":"ListItem","position":2,"name":"Hablemos de experiencias barriales: un conversatorio dirigido a personas mayores"}]},{"@type":"WebSite","@id":"https:\/\/explora.cl\/valparaiso\/#website","url":"https:\/\/explora.cl\/valparaiso\/","name":"Valpara\u00edso","description":"Otro sitio m\u00e1s de explora.cl","publisher":{"@id":"https:\/\/explora.cl\/valparaiso\/#organization"},"potentialAction":[{"@type":"SearchAction","target":{"@type":"EntryPoint","urlTemplate":"https:\/\/explora.cl\/valparaiso\/?s={search_term_string}"},"query-input":{"@type":"PropertyValueSpecification","valueRequired":true,"valueName":"search_term_string"}}],"inLanguage":"es-CL"},{"@type":"Organization","@id":"https:\/\/explora.cl\/valparaiso\/#organization","name":"Valpara\u00edso","url":"https:\/\/explora.cl\/valparaiso\/","logo":{"@type":"ImageObject","inLanguage":"es-CL","@id":"https:\/\/explora.cl\/valparaiso\/#\/schema\/logo\/image\/","url":"https:\/\/explora.cl\/valparaiso\/wp-content\/uploads\/sites\/7\/2019\/06\/cropped-logo-explora-color.jpg","contentUrl":"https:\/\/explora.cl\/valparaiso\/wp-content\/uploads\/sites\/7\/2019\/06\/cropped-logo-explora-color.jpg","width":2035,"height":584,"caption":"Valpara\u00edso"},"image":{"@id":"https:\/\/explora.cl\/valparaiso\/#\/schema\/logo\/image\/"}},{"@type":"Person","@id":"https:\/\/explora.cl\/valparaiso\/#\/schema\/person\/c15e69495b8dbe0af0102f6bca43ba5d","name":"jcastaneda","image":{"@type":"ImageObject","inLanguage":"es-CL","@id":"https:\/\/explora.cl\/valparaiso\/#\/schema\/person\/image\/","url":"https:\/\/secure.gravatar.com\/avatar\/f26661a8eef2f6444d9633928ef0219fd69e41c5be1ef5ef16afeee7cd4df675?s=96&d=mm&r=g","contentUrl":"https:\/\/secure.gravatar.com\/avatar\/f26661a8eef2f6444d9633928ef0219fd69e41c5be1ef5ef16afeee7cd4df675?s=96&d=mm&r=g","caption":"jcastaneda"},"url":"https:\/\/explora.cl\/valparaiso\/author\/jcastaneda\/"}]}},"_links":{"self":[{"href":"https:\/\/explora.cl\/valparaiso\/wp-json\/wp\/v2\/posts\/41511","targetHints":{"allow":["GET"]}}],"collection":[{"href":"https:\/\/explora.cl\/valparaiso\/wp-json\/wp\/v2\/posts"}],"about":[{"href":"https:\/\/explora.cl\/valparaiso\/wp-json\/wp\/v2\/types\/post"}],"author":[{"embeddable":true,"href":"https:\/\/explora.cl\/valparaiso\/wp-json\/wp\/v2\/users\/22"}],"replies":[{"embeddable":true,"href":"https:\/\/explora.cl\/valparaiso\/wp-json\/wp\/v2\/comments?post=41511"}],"version-history":[{"count":3,"href":"https:\/\/explora.cl\/valparaiso\/wp-json\/wp\/v2\/posts\/41511\/revisions"}],"predecessor-version":[{"id":41567,"href":"https:\/\/explora.cl\/valparaiso\/wp-json\/wp\/v2\/posts\/41511\/revisions\/41567"}],"wp:featuredmedia":[{"embeddable":true,"href":"https:\/\/explora.cl\/valparaiso\/wp-json\/wp\/v2\/media\/41558"}],"wp:attachment":[{"href":"https:\/\/explora.cl\/valparaiso\/wp-json\/wp\/v2\/media?parent=41511"}],"wp:term":[{"taxonomy":"category","embeddable":true,"href":"https:\/\/explora.cl\/valparaiso\/wp-json\/wp\/v2\/categories?post=41511"},{"taxonomy":"post_tag","embeddable":true,"href":"https:\/\/explora.cl\/valparaiso\/wp-json\/wp\/v2\/tags?post=41511"}],"curies":[{"name":"wp","href":"https:\/\/api.w.org\/{rel}","templated":true}]}}