{"id":41507,"date":"2021-10-04T13:32:00","date_gmt":"2021-10-04T16:32:00","guid":{"rendered":"https:\/\/explora.cl\/valparaiso\/?p=41507"},"modified":"2021-11-02T18:09:15","modified_gmt":"2021-11-02T21:09:15","slug":"conoce-a-las-mujeres-destacadas-de-nuestra-tierra-con-estas-intervenciones-urbanas-en-toda-la-region-de-valparaiso","status":"publish","type":"post","link":"https:\/\/explora.cl\/valparaiso\/conoce-a-las-mujeres-destacadas-de-nuestra-tierra-con-estas-intervenciones-urbanas-en-toda-la-region-de-valparaiso\/","title":{"rendered":"Conoce a las mujeres destacadas de nuestra tierra con estas intervenciones urbanas"},"content":{"rendered":"<h3><span style=\"font-weight: 400\">En el marco del Festival de la Ciencia, invitamos a toda la comunidad a conocer a las mujeres destacadas en diversas disciplinas alrededor de todo el territorio regional.<\/span><\/h3>\n<p><!--more--><\/p>\n<p><span style=\"font-weight: 400\">Como resultado de la <\/span><a href=\"https:\/\/explora.cl\/valparaiso\/sumate-a-nueva-consulta-ciudadana-y-destaquemos-a-las-mujeres-de-la-region-de-valparaiso\/\"><span style=\"font-weight: 400\">consulta ciudadana \u201cMujeres destacadas de nuestra tierra\u201d,<\/span><\/a><span style=\"font-weight: 400\"> realizada durante el 09 y el 31 de agosto pasado, se eligieron a 8 mujeres de todas las provincias de la Regi\u00f3n de Valpara\u00edso como generadoras de conocimiento en sus diversos territorios.\u00a0<\/span><\/p>\n<p><span style=\"font-weight: 400\">Para visibilizar los aportes de estas mujeres a la comunidad -y como actividad hito de este Festival de la Ciencia 2021- es que se realizar\u00e1n intervenciones urbanas en algunas plazas de la regi\u00f3n, con el objetivo de destacarlas desde y hacia sus territorios, para el conocimiento por parte de toda su comunidad. Adem\u00e1s, el material ser\u00e1 adaptado digitalmente para compartirlo de forma global en las redes sociales.<\/span><\/p>\n<p><b>Las intervenciones urbanas estar\u00e1n instaladas en las siguientes comunas:<\/b><\/p>\n<table style=\"height: 692px\" width=\"694\">\n<tbody>\n<tr>\n<td><b>Comuna<\/b><\/td>\n<td><b>Lugar<\/b><\/td>\n<td><b>Fecha y hora<\/b><\/td>\n<\/tr>\n<tr>\n<td><span style=\"font-weight: 400\">Los Andes\u00a0<\/span><\/td>\n<td><span style=\"font-weight: 400\">Plaza de Armas de Los Andes<\/span><\/td>\n<td><span style=\"font-weight: 400\">20 de octubre, desde las 11:00 hasta las 13:00 horas.<\/span><\/td>\n<\/tr>\n<tr>\n<td><span style=\"font-weight: 400\">San Felipe<\/span><\/td>\n<td><span style=\"font-weight: 400\">Plaza C\u00edvica de San Felipe<\/span><\/td>\n<td><span style=\"font-weight: 400\">20 de octubre, de 15:30 a 17:30 horas.<\/span><\/td>\n<\/tr>\n<tr>\n<td><span style=\"font-weight: 400\">Petorca<\/span><\/td>\n<td><span style=\"font-weight: 400\"><span style=\"font-weight: 400\">Al costado del Liceo Jos\u00e9 Manuel Borgo\u00f1o N\u00fa\u00f1ez &#8211; <\/span><\/span><span style=\"font-weight: 400\">\u00a0frente plaza Petorca<\/span><\/td>\n<td><span style=\"font-weight: 400\">21 de octubre, de 11:00 a 13:00 horas.<\/span><\/td>\n<\/tr>\n<tr>\n<td><span style=\"font-weight: 400\">Villa Alemana<\/span><\/td>\n<td><span class=\"il\">Paseo<\/span>\u00a0<span class=\"il\">Peatonal<\/span>\u00a0Latorre, plaza Bel\u00e9n de Villa Alemana<\/td>\n<td><span style=\"font-weight: 400\">22 de octubre, de 15:30 a 17:30 horas.<\/span><\/td>\n<\/tr>\n<tr>\n<td><span style=\"font-weight: 400\">Quillota<\/span><\/td>\n<td><span style=\"font-weight: 400\">Plaza de Armas de Quillota<\/span><\/td>\n<td><span style=\"font-weight: 400\">22 de octubre, de 11:00 a 13:00 horas.<\/span><\/td>\n<\/tr>\n<tr>\n<td><span style=\"font-weight: 400\">San Antonio<\/span><\/td>\n<td><span style=\"font-weight: 400\">Frontis de la Gobernaci\u00f3n Provincial de San Antonio<\/span><\/td>\n<td><span style=\"font-weight: 400\">23 de octubre, de 11:00 a 13:00 horas.<\/span><\/td>\n<\/tr>\n<tr>\n<td><span style=\"font-weight: 400\">Vi\u00f1a del Mar<\/span><\/td>\n<td><span style=\"font-weight: 400\">Jardines del frontis del Museo Fonck<\/span><\/td>\n<td><span style=\"font-weight: 400\">23 de octubre, de 16:00 a 18:00 horas.<\/span><\/td>\n<\/tr>\n<\/tbody>\n<\/table>\n<p>&nbsp;<\/p>\n<p><span style=\"font-weight: 400\">Revisa a las mujeres destacadas aqu\u00ed:<\/span><\/p>\n<ul>\n<li style=\"font-weight: 400\"><span style=\"font-weight: 400\">Provincia de Petorca<\/span><\/li>\n<\/ul>\n<p><b>Mar\u00eda Isabel Lagos Mu\u00f1oz:<\/b> <span style=\"font-weight: 400\">Profesora del Liceo Jos\u00e9 Manuel Borgo\u00f1o N\u00fa\u00f1ez. Impulsora y creadora de innovadoras propuestas en su localidad.<\/span><\/p>\n<ul>\n<li style=\"font-weight: 400\"><span style=\"font-weight: 400\">Provincia de Valpara\u00edso<\/span><\/li>\n<\/ul>\n<p><b>Mar\u00eda Elvira Z\u00fa\u00f1iga Hansen: <\/b><span style=\"font-weight: 400\">I<\/span><span style=\"font-weight: 400\">ngenier\u00eda Civil Bioqu\u00edmica y primera mujer en\u00a0 recibir el Premio Nacional del Colegio de Ingenieros (2021).<\/span><\/p>\n<ul>\n<li style=\"font-weight: 400\"><span style=\"font-weight: 400\">Provincia de Marga Marga:\u00a0<\/span><\/li>\n<\/ul>\n<p><b>Orietta Curihuentro Catal\u00e1n: <\/b><span style=\"font-weight: 400\">Encargada de la Oficina de Asuntos Ind\u00edgenas de la Municipalidad de Villa Alemana y Coordinadora de la Ruka Lawen del Hospital Pe\u00f1ablanca.\u00a0<\/span><\/p>\n<ul>\n<li style=\"font-weight: 400\"><span style=\"font-weight: 400\">Provincia de Quillota<\/span><\/li>\n<\/ul>\n<p><b>Pamela Maturana Figueroa<\/b><span style=\"font-weight: 400\">: <\/span><span style=\"font-weight: 400\">Directora del Museo Hist\u00f3rico Arqueol\u00f3gico de Quillota (MHAQ). Desde su labor, ha generado redes de colaboraci\u00f3n con todos los museos de la regi\u00f3n.<\/span><\/p>\n<ul>\n<li style=\"font-weight: 400\"><span style=\"font-weight: 400\">Provincia de Rapa Nui<\/span><\/li>\n<\/ul>\n<p><b>Mariana Moreno Montiel: <\/b><span style=\"font-weight: 400\">Artista visual.\u00a0 Creadora de la exposici\u00f3n &#8220;Mana Heke&#8221;; una visi\u00f3n del impacto de la contaminaci\u00f3n y la importancia del oc\u00e9ano y sus especies.<\/span><\/p>\n<ul>\n<li style=\"font-weight: 400\"><span style=\"font-weight: 400\">Provincia de Los Andes<\/span><\/li>\n<\/ul>\n<p><b>Anita Flores Quiroz: <\/b><span style=\"font-weight: 400\">Bot\u00e1nica dedicada al estudio de especies nativas de la Cordillera de Los Andes con \u00e9nfasis en la flora del Valle del Aconcagua.\u00a0<\/span><\/p>\n<ul>\n<li style=\"font-weight: 400\"><span style=\"font-weight: 400\">Provincia de San Felipe<\/span><\/li>\n<\/ul>\n<p><b>Adela Cubillos Meza:<\/b> <span style=\"font-weight: 400\">Historiadora, y acad\u00e9mica. P<\/span><span style=\"font-weight: 400\">residenta de la Sociedad de Historia y Arqueolog\u00eda de Aconcagua y Directora del Museo Hist\u00f3rico de San Felipe.<\/span><span style=\"font-weight: 400\">\u00a0<\/span><\/p>\n<ul>\n<li style=\"font-weight: 400\"><span style=\"font-weight: 400\">Provincia de San Antonio<\/span><\/li>\n<\/ul>\n<p><b>Miriam Fern\u00e1ndez Bergia: <\/b><span style=\"font-weight: 400\">Bi\u00f3loga. Dirige la plataforma Chile es Mar, que difunde conocimiento cient\u00edfico marino a la ciudadan\u00eda.<\/span><\/p>\n<p><span style=\"font-weight: 400\">Cabe se\u00f1alar que esta actividad, forma parte de una parrilla con una serie de actividades virtuales y presenciales que se realizar\u00e1n en la Regi\u00f3n de Valpara\u00edso como parte del Festival de la Ciencia, celebraci\u00f3n nacional impulsada por la Divisi\u00f3n Ciencia y Sociedad del Ministerio de Ciencia, y que Explora Valpara\u00edso coordina en la Regi\u00f3n de Valpara\u00edso.\u00a0<\/span><\/p>\n<p><span style=\"font-weight: 400\">Para conocer todas las actividades que ser\u00e1n parte del Festival de la Ciencia, puedes visitar <\/span><a href=\"http:\/\/www.festivaldelaciencia.cl\/\"><span style=\"font-weight: 400\">www.festivaldelaciencia.cl\u00a0<\/span><\/a><span style=\"font-weight: 400\"> y seguir a @exploravalpo en Facebook, twitter e Instagram.\u00a0<\/span><\/p>\n","protected":false},"excerpt":{"rendered":"<p>En el marco del Festival de la Ciencia, invitamos a toda la comunidad a conocer a las mujeres destacadas en diversas disciplinas alrededor de todo el territorio regional.<\/p>\n","protected":false},"author":22,"featured_media":41559,"comment_status":"open","ping_status":"open","sticky":false,"template":"","format":"standard","meta":{"_acf_changed":false,"_exactmetrics_skip_tracking":false,"_exactmetrics_sitenote_active":false,"_exactmetrics_sitenote_note":"","_exactmetrics_sitenote_category":0,"footnotes":"","_links_to":"","_links_to_target":""},"categories":[4],"tags":[1070,110,23,156,1074,1073,1071,837,1069,1072,68,166,174],"class_list":["post-41507","post","type-post","status-publish","format-standard","has-post-thumbnail","hentry","category-noticias","tag-consulta-ciudadana","tag-cultura-cientifica","tag-explora","tag-exposicion","tag-feci-2021","tag-festival-de-la-ciencia","tag-intervenciones-urbanas","tag-minciencia","tag-mujeres-destacadas-de-nuestra-tierra","tag-plazas-de-armas","tag-programa-explora","tag-proyecto-asociativo-regional-explora-valparaiso","tag-region-de-valparaiso"],"acf":[],"yoast_head":"<!-- This site is optimized with the Yoast SEO plugin v26.9 - https:\/\/yoast.com\/product\/yoast-seo-wordpress\/ -->\n<title>Conoce a las mujeres destacadas de nuestra tierra con estas intervenciones urbanas - Valpara\u00edso<\/title>\n<meta name=\"robots\" content=\"index, follow, max-snippet:-1, max-image-preview:large, max-video-preview:-1\" \/>\n<link rel=\"canonical\" href=\"https:\/\/explora.cl\/valparaiso\/conoce-a-las-mujeres-destacadas-de-nuestra-tierra-con-estas-intervenciones-urbanas-en-toda-la-region-de-valparaiso\/\" class=\"yoast-seo-meta-tag\" \/>\n<meta property=\"og:locale\" content=\"es_ES\" class=\"yoast-seo-meta-tag\" \/>\n<meta property=\"og:type\" content=\"article\" class=\"yoast-seo-meta-tag\" \/>\n<meta property=\"og:title\" content=\"Conoce a las mujeres destacadas de nuestra tierra con estas intervenciones urbanas - Valpara\u00edso\" class=\"yoast-seo-meta-tag\" \/>\n<meta property=\"og:description\" content=\"En el marco del Festival de la Ciencia, invitamos a toda la comunidad a conocer a las mujeres destacadas en diversas disciplinas alrededor de todo el territorio regional.\" class=\"yoast-seo-meta-tag\" \/>\n<meta property=\"og:url\" content=\"https:\/\/explora.cl\/valparaiso\/conoce-a-las-mujeres-destacadas-de-nuestra-tierra-con-estas-intervenciones-urbanas-en-toda-la-region-de-valparaiso\/\" class=\"yoast-seo-meta-tag\" \/>\n<meta property=\"og:site_name\" content=\"Valpara\u00edso\" class=\"yoast-seo-meta-tag\" \/>\n<meta property=\"article:published_time\" content=\"2021-10-04T16:32:00+00:00\" class=\"yoast-seo-meta-tag\" \/>\n<meta property=\"article:modified_time\" content=\"2021-11-02T21:09:15+00:00\" class=\"yoast-seo-meta-tag\" \/>\n<meta property=\"og:image\" content=\"https:\/\/explora.cl\/valparaiso\/wp-content\/uploads\/sites\/7\/2021\/10\/mujeresdest_bann.png\" class=\"yoast-seo-meta-tag\" \/>\n\t<meta property=\"og:image:width\" content=\"1400\" class=\"yoast-seo-meta-tag\" \/>\n\t<meta property=\"og:image:height\" content=\"900\" class=\"yoast-seo-meta-tag\" \/>\n\t<meta property=\"og:image:type\" content=\"image\/png\" class=\"yoast-seo-meta-tag\" \/>\n<meta name=\"author\" content=\"jcastaneda\" class=\"yoast-seo-meta-tag\" \/>\n<meta name=\"twitter:card\" content=\"summary_large_image\" class=\"yoast-seo-meta-tag\" \/>\n<meta name=\"twitter:label1\" content=\"Escrito por\" class=\"yoast-seo-meta-tag\" \/>\n\t<meta name=\"twitter:data1\" content=\"jcastaneda\" class=\"yoast-seo-meta-tag\" \/>\n\t<meta name=\"twitter:label2\" content=\"Tiempo estimado de lectura\" class=\"yoast-seo-meta-tag\" \/>\n\t<meta name=\"twitter:data2\" content=\"3 minutos\" class=\"yoast-seo-meta-tag\" \/>\n<script type=\"application\/ld+json\" class=\"yoast-schema-graph\">{\"@context\":\"https:\/\/schema.org\",\"@graph\":[{\"@type\":\"Article\",\"@id\":\"https:\/\/explora.cl\/valparaiso\/conoce-a-las-mujeres-destacadas-de-nuestra-tierra-con-estas-intervenciones-urbanas-en-toda-la-region-de-valparaiso\/#article\",\"isPartOf\":{\"@id\":\"https:\/\/explora.cl\/valparaiso\/conoce-a-las-mujeres-destacadas-de-nuestra-tierra-con-estas-intervenciones-urbanas-en-toda-la-region-de-valparaiso\/\"},\"author\":{\"name\":\"jcastaneda\",\"@id\":\"https:\/\/explora.cl\/valparaiso\/#\/schema\/person\/c15e69495b8dbe0af0102f6bca43ba5d\"},\"headline\":\"Conoce a las mujeres destacadas de nuestra tierra con estas intervenciones urbanas\",\"datePublished\":\"2021-10-04T16:32:00+00:00\",\"dateModified\":\"2021-11-02T21:09:15+00:00\",\"mainEntityOfPage\":{\"@id\":\"https:\/\/explora.cl\/valparaiso\/conoce-a-las-mujeres-destacadas-de-nuestra-tierra-con-estas-intervenciones-urbanas-en-toda-la-region-de-valparaiso\/\"},\"wordCount\":615,\"commentCount\":0,\"publisher\":{\"@id\":\"https:\/\/explora.cl\/valparaiso\/#organization\"},\"image\":{\"@id\":\"https:\/\/explora.cl\/valparaiso\/conoce-a-las-mujeres-destacadas-de-nuestra-tierra-con-estas-intervenciones-urbanas-en-toda-la-region-de-valparaiso\/#primaryimage\"},\"thumbnailUrl\":\"https:\/\/explora.cl\/valparaiso\/wp-content\/uploads\/sites\/7\/2021\/10\/mujeresdest_bann.png\",\"keywords\":[\"consulta ciudadana\",\"cultura cientifica\",\"EXPLORA\",\"exposici\u00f3n\",\"FECI 2021\",\"Festival de la Ciencia\",\"intervenciones urbanas\",\"MinCiencia\",\"Mujeres destacadas de nuestra tierra\",\"plazas de armas\",\"programa EXPLORA\",\"Proyecto Asociativo Regional EXPLORA Valparaiso\",\"Regi\u00f3n de Valpara\u00edso\"],\"articleSection\":[\"Noticias\"],\"inLanguage\":\"es-CL\",\"potentialAction\":[{\"@type\":\"CommentAction\",\"name\":\"Comment\",\"target\":[\"https:\/\/explora.cl\/valparaiso\/conoce-a-las-mujeres-destacadas-de-nuestra-tierra-con-estas-intervenciones-urbanas-en-toda-la-region-de-valparaiso\/#respond\"]}]},{\"@type\":\"WebPage\",\"@id\":\"https:\/\/explora.cl\/valparaiso\/conoce-a-las-mujeres-destacadas-de-nuestra-tierra-con-estas-intervenciones-urbanas-en-toda-la-region-de-valparaiso\/\",\"url\":\"https:\/\/explora.cl\/valparaiso\/conoce-a-las-mujeres-destacadas-de-nuestra-tierra-con-estas-intervenciones-urbanas-en-toda-la-region-de-valparaiso\/\",\"name\":\"Conoce a las mujeres destacadas de nuestra tierra con estas intervenciones urbanas - Valpara\u00edso\",\"isPartOf\":{\"@id\":\"https:\/\/explora.cl\/valparaiso\/#website\"},\"primaryImageOfPage\":{\"@id\":\"https:\/\/explora.cl\/valparaiso\/conoce-a-las-mujeres-destacadas-de-nuestra-tierra-con-estas-intervenciones-urbanas-en-toda-la-region-de-valparaiso\/#primaryimage\"},\"image\":{\"@id\":\"https:\/\/explora.cl\/valparaiso\/conoce-a-las-mujeres-destacadas-de-nuestra-tierra-con-estas-intervenciones-urbanas-en-toda-la-region-de-valparaiso\/#primaryimage\"},\"thumbnailUrl\":\"https:\/\/explora.cl\/valparaiso\/wp-content\/uploads\/sites\/7\/2021\/10\/mujeresdest_bann.png\",\"datePublished\":\"2021-10-04T16:32:00+00:00\",\"dateModified\":\"2021-11-02T21:09:15+00:00\",\"breadcrumb\":{\"@id\":\"https:\/\/explora.cl\/valparaiso\/conoce-a-las-mujeres-destacadas-de-nuestra-tierra-con-estas-intervenciones-urbanas-en-toda-la-region-de-valparaiso\/#breadcrumb\"},\"inLanguage\":\"es-CL\",\"potentialAction\":[{\"@type\":\"ReadAction\",\"target\":[\"https:\/\/explora.cl\/valparaiso\/conoce-a-las-mujeres-destacadas-de-nuestra-tierra-con-estas-intervenciones-urbanas-en-toda-la-region-de-valparaiso\/\"]}]},{\"@type\":\"ImageObject\",\"inLanguage\":\"es-CL\",\"@id\":\"https:\/\/explora.cl\/valparaiso\/conoce-a-las-mujeres-destacadas-de-nuestra-tierra-con-estas-intervenciones-urbanas-en-toda-la-region-de-valparaiso\/#primaryimage\",\"url\":\"https:\/\/explora.cl\/valparaiso\/wp-content\/uploads\/sites\/7\/2021\/10\/mujeresdest_bann.png\",\"contentUrl\":\"https:\/\/explora.cl\/valparaiso\/wp-content\/uploads\/sites\/7\/2021\/10\/mujeresdest_bann.png\",\"width\":1400,\"height\":900},{\"@type\":\"BreadcrumbList\",\"@id\":\"https:\/\/explora.cl\/valparaiso\/conoce-a-las-mujeres-destacadas-de-nuestra-tierra-con-estas-intervenciones-urbanas-en-toda-la-region-de-valparaiso\/#breadcrumb\",\"itemListElement\":[{\"@type\":\"ListItem\",\"position\":1,\"name\":\"Portada\",\"item\":\"https:\/\/explora.cl\/valparaiso\/\"},{\"@type\":\"ListItem\",\"position\":2,\"name\":\"Conoce a las mujeres destacadas de nuestra tierra con estas intervenciones urbanas\"}]},{\"@type\":\"WebSite\",\"@id\":\"https:\/\/explora.cl\/valparaiso\/#website\",\"url\":\"https:\/\/explora.cl\/valparaiso\/\",\"name\":\"Valpara\u00edso\",\"description\":\"Otro sitio m\u00e1s de explora.cl\",\"publisher\":{\"@id\":\"https:\/\/explora.cl\/valparaiso\/#organization\"},\"potentialAction\":[{\"@type\":\"SearchAction\",\"target\":{\"@type\":\"EntryPoint\",\"urlTemplate\":\"https:\/\/explora.cl\/valparaiso\/?s={search_term_string}\"},\"query-input\":{\"@type\":\"PropertyValueSpecification\",\"valueRequired\":true,\"valueName\":\"search_term_string\"}}],\"inLanguage\":\"es-CL\"},{\"@type\":\"Organization\",\"@id\":\"https:\/\/explora.cl\/valparaiso\/#organization\",\"name\":\"Valpara\u00edso\",\"url\":\"https:\/\/explora.cl\/valparaiso\/\",\"logo\":{\"@type\":\"ImageObject\",\"inLanguage\":\"es-CL\",\"@id\":\"https:\/\/explora.cl\/valparaiso\/#\/schema\/logo\/image\/\",\"url\":\"https:\/\/explora.cl\/valparaiso\/wp-content\/uploads\/sites\/7\/2019\/06\/cropped-logo-explora-color.jpg\",\"contentUrl\":\"https:\/\/explora.cl\/valparaiso\/wp-content\/uploads\/sites\/7\/2019\/06\/cropped-logo-explora-color.jpg\",\"width\":2035,\"height\":584,\"caption\":\"Valpara\u00edso\"},\"image\":{\"@id\":\"https:\/\/explora.cl\/valparaiso\/#\/schema\/logo\/image\/\"}},{\"@type\":\"Person\",\"@id\":\"https:\/\/explora.cl\/valparaiso\/#\/schema\/person\/c15e69495b8dbe0af0102f6bca43ba5d\",\"name\":\"jcastaneda\",\"image\":{\"@type\":\"ImageObject\",\"inLanguage\":\"es-CL\",\"@id\":\"https:\/\/explora.cl\/valparaiso\/#\/schema\/person\/image\/\",\"url\":\"https:\/\/secure.gravatar.com\/avatar\/f26661a8eef2f6444d9633928ef0219fd69e41c5be1ef5ef16afeee7cd4df675?s=96&d=mm&r=g\",\"contentUrl\":\"https:\/\/secure.gravatar.com\/avatar\/f26661a8eef2f6444d9633928ef0219fd69e41c5be1ef5ef16afeee7cd4df675?s=96&d=mm&r=g\",\"caption\":\"jcastaneda\"},\"url\":\"https:\/\/explora.cl\/valparaiso\/author\/jcastaneda\/\"}]}<\/script>\n<!-- \/ Yoast SEO plugin. -->","yoast_head_json":{"title":"Conoce a las mujeres destacadas de nuestra tierra con estas intervenciones urbanas - Valpara\u00edso","robots":{"index":"index","follow":"follow","max-snippet":"max-snippet:-1","max-image-preview":"max-image-preview:large","max-video-preview":"max-video-preview:-1"},"canonical":"https:\/\/explora.cl\/valparaiso\/conoce-a-las-mujeres-destacadas-de-nuestra-tierra-con-estas-intervenciones-urbanas-en-toda-la-region-de-valparaiso\/","og_locale":"es_ES","og_type":"article","og_title":"Conoce a las mujeres destacadas de nuestra tierra con estas intervenciones urbanas - Valpara\u00edso","og_description":"En el marco del Festival de la Ciencia, invitamos a toda la comunidad a conocer a las mujeres destacadas en diversas disciplinas alrededor de todo el territorio regional.","og_url":"https:\/\/explora.cl\/valparaiso\/conoce-a-las-mujeres-destacadas-de-nuestra-tierra-con-estas-intervenciones-urbanas-en-toda-la-region-de-valparaiso\/","og_site_name":"Valpara\u00edso","article_published_time":"2021-10-04T16:32:00+00:00","article_modified_time":"2021-11-02T21:09:15+00:00","og_image":[{"width":1400,"height":900,"url":"https:\/\/explora.cl\/valparaiso\/wp-content\/uploads\/sites\/7\/2021\/10\/mujeresdest_bann.png","type":"image\/png"}],"author":"jcastaneda","twitter_card":"summary_large_image","twitter_misc":{"Escrito por":"jcastaneda","Tiempo estimado de lectura":"3 minutos"},"schema":{"@context":"https:\/\/schema.org","@graph":[{"@type":"Article","@id":"https:\/\/explora.cl\/valparaiso\/conoce-a-las-mujeres-destacadas-de-nuestra-tierra-con-estas-intervenciones-urbanas-en-toda-la-region-de-valparaiso\/#article","isPartOf":{"@id":"https:\/\/explora.cl\/valparaiso\/conoce-a-las-mujeres-destacadas-de-nuestra-tierra-con-estas-intervenciones-urbanas-en-toda-la-region-de-valparaiso\/"},"author":{"name":"jcastaneda","@id":"https:\/\/explora.cl\/valparaiso\/#\/schema\/person\/c15e69495b8dbe0af0102f6bca43ba5d"},"headline":"Conoce a las mujeres destacadas de nuestra tierra con estas intervenciones urbanas","datePublished":"2021-10-04T16:32:00+00:00","dateModified":"2021-11-02T21:09:15+00:00","mainEntityOfPage":{"@id":"https:\/\/explora.cl\/valparaiso\/conoce-a-las-mujeres-destacadas-de-nuestra-tierra-con-estas-intervenciones-urbanas-en-toda-la-region-de-valparaiso\/"},"wordCount":615,"commentCount":0,"publisher":{"@id":"https:\/\/explora.cl\/valparaiso\/#organization"},"image":{"@id":"https:\/\/explora.cl\/valparaiso\/conoce-a-las-mujeres-destacadas-de-nuestra-tierra-con-estas-intervenciones-urbanas-en-toda-la-region-de-valparaiso\/#primaryimage"},"thumbnailUrl":"https:\/\/explora.cl\/valparaiso\/wp-content\/uploads\/sites\/7\/2021\/10\/mujeresdest_bann.png","keywords":["consulta ciudadana","cultura cientifica","EXPLORA","exposici\u00f3n","FECI 2021","Festival de la Ciencia","intervenciones urbanas","MinCiencia","Mujeres destacadas de nuestra tierra","plazas de armas","programa EXPLORA","Proyecto Asociativo Regional EXPLORA Valparaiso","Regi\u00f3n de Valpara\u00edso"],"articleSection":["Noticias"],"inLanguage":"es-CL","potentialAction":[{"@type":"CommentAction","name":"Comment","target":["https:\/\/explora.cl\/valparaiso\/conoce-a-las-mujeres-destacadas-de-nuestra-tierra-con-estas-intervenciones-urbanas-en-toda-la-region-de-valparaiso\/#respond"]}]},{"@type":"WebPage","@id":"https:\/\/explora.cl\/valparaiso\/conoce-a-las-mujeres-destacadas-de-nuestra-tierra-con-estas-intervenciones-urbanas-en-toda-la-region-de-valparaiso\/","url":"https:\/\/explora.cl\/valparaiso\/conoce-a-las-mujeres-destacadas-de-nuestra-tierra-con-estas-intervenciones-urbanas-en-toda-la-region-de-valparaiso\/","name":"Conoce a las mujeres destacadas de nuestra tierra con estas intervenciones urbanas - Valpara\u00edso","isPartOf":{"@id":"https:\/\/explora.cl\/valparaiso\/#website"},"primaryImageOfPage":{"@id":"https:\/\/explora.cl\/valparaiso\/conoce-a-las-mujeres-destacadas-de-nuestra-tierra-con-estas-intervenciones-urbanas-en-toda-la-region-de-valparaiso\/#primaryimage"},"image":{"@id":"https:\/\/explora.cl\/valparaiso\/conoce-a-las-mujeres-destacadas-de-nuestra-tierra-con-estas-intervenciones-urbanas-en-toda-la-region-de-valparaiso\/#primaryimage"},"thumbnailUrl":"https:\/\/explora.cl\/valparaiso\/wp-content\/uploads\/sites\/7\/2021\/10\/mujeresdest_bann.png","datePublished":"2021-10-04T16:32:00+00:00","dateModified":"2021-11-02T21:09:15+00:00","breadcrumb":{"@id":"https:\/\/explora.cl\/valparaiso\/conoce-a-las-mujeres-destacadas-de-nuestra-tierra-con-estas-intervenciones-urbanas-en-toda-la-region-de-valparaiso\/#breadcrumb"},"inLanguage":"es-CL","potentialAction":[{"@type":"ReadAction","target":["https:\/\/explora.cl\/valparaiso\/conoce-a-las-mujeres-destacadas-de-nuestra-tierra-con-estas-intervenciones-urbanas-en-toda-la-region-de-valparaiso\/"]}]},{"@type":"ImageObject","inLanguage":"es-CL","@id":"https:\/\/explora.cl\/valparaiso\/conoce-a-las-mujeres-destacadas-de-nuestra-tierra-con-estas-intervenciones-urbanas-en-toda-la-region-de-valparaiso\/#primaryimage","url":"https:\/\/explora.cl\/valparaiso\/wp-content\/uploads\/sites\/7\/2021\/10\/mujeresdest_bann.png","contentUrl":"https:\/\/explora.cl\/valparaiso\/wp-content\/uploads\/sites\/7\/2021\/10\/mujeresdest_bann.png","width":1400,"height":900},{"@type":"BreadcrumbList","@id":"https:\/\/explora.cl\/valparaiso\/conoce-a-las-mujeres-destacadas-de-nuestra-tierra-con-estas-intervenciones-urbanas-en-toda-la-region-de-valparaiso\/#breadcrumb","itemListElement":[{"@type":"ListItem","position":1,"name":"Portada","item":"https:\/\/explora.cl\/valparaiso\/"},{"@type":"ListItem","position":2,"name":"Conoce a las mujeres destacadas de nuestra tierra con estas intervenciones urbanas"}]},{"@type":"WebSite","@id":"https:\/\/explora.cl\/valparaiso\/#website","url":"https:\/\/explora.cl\/valparaiso\/","name":"Valpara\u00edso","description":"Otro sitio m\u00e1s de explora.cl","publisher":{"@id":"https:\/\/explora.cl\/valparaiso\/#organization"},"potentialAction":[{"@type":"SearchAction","target":{"@type":"EntryPoint","urlTemplate":"https:\/\/explora.cl\/valparaiso\/?s={search_term_string}"},"query-input":{"@type":"PropertyValueSpecification","valueRequired":true,"valueName":"search_term_string"}}],"inLanguage":"es-CL"},{"@type":"Organization","@id":"https:\/\/explora.cl\/valparaiso\/#organization","name":"Valpara\u00edso","url":"https:\/\/explora.cl\/valparaiso\/","logo":{"@type":"ImageObject","inLanguage":"es-CL","@id":"https:\/\/explora.cl\/valparaiso\/#\/schema\/logo\/image\/","url":"https:\/\/explora.cl\/valparaiso\/wp-content\/uploads\/sites\/7\/2019\/06\/cropped-logo-explora-color.jpg","contentUrl":"https:\/\/explora.cl\/valparaiso\/wp-content\/uploads\/sites\/7\/2019\/06\/cropped-logo-explora-color.jpg","width":2035,"height":584,"caption":"Valpara\u00edso"},"image":{"@id":"https:\/\/explora.cl\/valparaiso\/#\/schema\/logo\/image\/"}},{"@type":"Person","@id":"https:\/\/explora.cl\/valparaiso\/#\/schema\/person\/c15e69495b8dbe0af0102f6bca43ba5d","name":"jcastaneda","image":{"@type":"ImageObject","inLanguage":"es-CL","@id":"https:\/\/explora.cl\/valparaiso\/#\/schema\/person\/image\/","url":"https:\/\/secure.gravatar.com\/avatar\/f26661a8eef2f6444d9633928ef0219fd69e41c5be1ef5ef16afeee7cd4df675?s=96&d=mm&r=g","contentUrl":"https:\/\/secure.gravatar.com\/avatar\/f26661a8eef2f6444d9633928ef0219fd69e41c5be1ef5ef16afeee7cd4df675?s=96&d=mm&r=g","caption":"jcastaneda"},"url":"https:\/\/explora.cl\/valparaiso\/author\/jcastaneda\/"}]}},"_links":{"self":[{"href":"https:\/\/explora.cl\/valparaiso\/wp-json\/wp\/v2\/posts\/41507","targetHints":{"allow":["GET"]}}],"collection":[{"href":"https:\/\/explora.cl\/valparaiso\/wp-json\/wp\/v2\/posts"}],"about":[{"href":"https:\/\/explora.cl\/valparaiso\/wp-json\/wp\/v2\/types\/post"}],"author":[{"embeddable":true,"href":"https:\/\/explora.cl\/valparaiso\/wp-json\/wp\/v2\/users\/22"}],"replies":[{"embeddable":true,"href":"https:\/\/explora.cl\/valparaiso\/wp-json\/wp\/v2\/comments?post=41507"}],"version-history":[{"count":12,"href":"https:\/\/explora.cl\/valparaiso\/wp-json\/wp\/v2\/posts\/41507\/revisions"}],"predecessor-version":[{"id":41601,"href":"https:\/\/explora.cl\/valparaiso\/wp-json\/wp\/v2\/posts\/41507\/revisions\/41601"}],"wp:featuredmedia":[{"embeddable":true,"href":"https:\/\/explora.cl\/valparaiso\/wp-json\/wp\/v2\/media\/41559"}],"wp:attachment":[{"href":"https:\/\/explora.cl\/valparaiso\/wp-json\/wp\/v2\/media?parent=41507"}],"wp:term":[{"taxonomy":"category","embeddable":true,"href":"https:\/\/explora.cl\/valparaiso\/wp-json\/wp\/v2\/categories?post=41507"},{"taxonomy":"post_tag","embeddable":true,"href":"https:\/\/explora.cl\/valparaiso\/wp-json\/wp\/v2\/tags?post=41507"}],"curies":[{"name":"wp","href":"https:\/\/api.w.org\/{rel}","templated":true}]}}