{"id":41444,"date":"2021-08-30T18:00:47","date_gmt":"2021-08-30T22:00:47","guid":{"rendered":"https:\/\/explora.cl\/valparaiso\/?p=41444"},"modified":"2021-08-30T18:34:57","modified_gmt":"2021-08-30T22:34:57","slug":"ponte-en-movimiento-con-los-viernes-de-cultura-cientifica-de-septiembre","status":"publish","type":"post","link":"https:\/\/explora.cl\/valparaiso\/ponte-en-movimiento-con-los-viernes-de-cultura-cientifica-de-septiembre\/","title":{"rendered":"\u00a1Actividad f\u00edsica y nutrici\u00f3n protagonizar\u00e1n los Viernes de Cultura Cient\u00edfica de septiembre!"},"content":{"rendered":"<h3>Los beneficios de una buena alimentaci\u00f3n y de una vida activa a medida que envejecemos, ser\u00e1n los temas principales de los Viernes de Cultura Cient\u00edfica de este mes, a las 18:00 horas, a trav\u00e9s de Facebook Live y YouTube.<\/h3>\n<p><!--more--><\/p>\n<p>La cuarentena ha dejado secuelas f\u00edsicas y psicol\u00f3gicas en la mayor\u00eda de la poblaci\u00f3n, pero en el segmento de personas mayores, se est\u00e1 experimentando un deterioro mucho m\u00e1s acelerado de sus organismos. Una forma de revertir esa situaci\u00f3n, es inst\u00e1ndoles a salir a hacer deporte al aire libre \u2013con todas las medidas adecuadas- ante una eventual apertura a Fase 4 de diversas comunas de la regi\u00f3n de Valpara\u00edso.<\/p>\n<p>Junto con ello, la pronta llegada de la primavera, es otra de las razones para que este grupo etario quiera y pueda salir a dar largos paseos y a retomar la actividad f\u00edsica. Frente a todo eso, los Viernes de Cultura Cient\u00edfica de septiembre estar\u00e1n dedicados a la Salud f\u00edsica y la alimentaci\u00f3n en personas mayores, con el fin de promover el envejecimiento activo.<\/p>\n<p><strong>El ciclo lo abre este viernes 03 de septiembre el acad\u00e9mico Jorge G\u00e1lvez, de la Escuela de Educaci\u00f3n F\u00edsica de la Pontificia Universidad Cat\u00f3lica de Valpara\u00edso (PUCV), quien se presentar\u00e1 con \u201cSalud y vida activa en la naturaleza\u201d,<\/strong> a las 18:00 horas. En la ocasi\u00f3n, el profesor mostrar\u00e1 a la audiencia una serie de competencias de autocuidado con el objetivo de que las personas mayores puedan mejorar su salud y generar un estilo de vida al contacto de la naturaleza.<\/p>\n<p>Luego<strong>, el viernes 24\u00a0 y para conversar sobre alimentaci\u00f3n sana, se presentar\u00e1 la Dra. Lida Fuentes, del Centro <\/strong><strong>Regional de Estudios en Alimentos Saludables (CREAS) quien expondr\u00e1 \u201cFrutos nativos de Chile: patrimonio y salud\u201d<\/strong>. En la oportunidad, la investigadora abordar\u00e1 algunos estudios cient\u00edficos de especies nativas chilenas, como el Maqui, como base de diversos productos que pueden ayudar a prevenir enfermedades.<\/p>\n<p>\u00a1An\u00edmate y participa! Todos y todas est\u00e1n invitados\/as a ser parte de esta actividad online. Les esperamos los viernes 03 y 24 de septiembre, a las 18:00 horas a trav\u00e9s de Facebook Live y por nuestro canal de YouTube (suscr\u00edbete a explora valparaiso) \u00a1S\u00edguenos en @exploravalpo y ent\u00e9rate de todas nuestras novedades! Recuerda que esta actividad es amigable con la comunidad sorda, porque contamos con int\u00e9rprete en Lengua de Se\u00f1as Chilena.<\/p>\n<p>Es importante se\u00f1alar que esta actividad es realizada hace ya 10 a\u00f1os en conjunto con el Museo Fonck de Vi\u00f1a del Mar. Desde este 2021, y dada su renovaci\u00f3n, la iniciativa tambi\u00e9n cuenta con la colaboraci\u00f3n del Servicio Nacional de Adulto Mayor (SENAMA), la Coordinaci\u00f3n de Bibliotecas P\u00fablicas de Valpara\u00edso, del Servicio Nacional del Patrimonio Cultural y el Centro Ger\u00f3polis, de la Universidad de Valpara\u00edso.<\/p>\n","protected":false},"excerpt":{"rendered":"<p>Los beneficios de una buena alimentaci\u00f3n y de una vida activa a medida que envejecemos, ser\u00e1n los temas principales de los Viernes de Cultura Cient\u00edfica de este mes, a las 18:00 horas, a trav\u00e9s de Facebook Live y YouTube.<\/p>\n","protected":false},"author":22,"featured_media":41446,"comment_status":"open","ping_status":"open","sticky":false,"template":"","format":"standard","meta":{"_acf_changed":false,"_exactmetrics_skip_tracking":false,"_exactmetrics_sitenote_active":false,"_exactmetrics_sitenote_note":"","_exactmetrics_sitenote_category":0,"footnotes":"","_links_to":"","_links_to_target":""},"categories":[4],"tags":[51,1035,339,1063,877,110,759,23,210,837,222,216,166,174,204,1034,198],"class_list":["post-41444","post","type-post","status-publish","format-standard","has-post-thumbnail","hentry","category-noticias","tag-alimentacion-sana","tag-ciencia-abierta","tag-ciencia-regional","tag-conexion-con-la-naturaleza","tag-creas","tag-cultura-cientifica","tag-envejecimiento-activo","tag-explora","tag-exposiciones","tag-minciencia","tag-museo-fonck","tag-naturaleza","tag-proyecto-asociativo-regional-explora-valparaiso","tag-region-de-valparaiso","tag-valparaiso","tag-viernes-de-cultura-cientifica","tag-vina-del-mar"],"acf":[],"yoast_head":"<!-- This site is optimized with the Yoast SEO plugin v26.9 - https:\/\/yoast.com\/product\/yoast-seo-wordpress\/ -->\n<title>\u00a1Actividad f\u00edsica y nutrici\u00f3n protagonizar\u00e1n los Viernes de Cultura Cient\u00edfica de septiembre! - Valpara\u00edso<\/title>\n<meta name=\"robots\" content=\"index, follow, max-snippet:-1, max-image-preview:large, max-video-preview:-1\" \/>\n<link rel=\"canonical\" href=\"https:\/\/explora.cl\/valparaiso\/ponte-en-movimiento-con-los-viernes-de-cultura-cientifica-de-septiembre\/\" class=\"yoast-seo-meta-tag\" \/>\n<meta property=\"og:locale\" content=\"es_ES\" class=\"yoast-seo-meta-tag\" \/>\n<meta property=\"og:type\" content=\"article\" class=\"yoast-seo-meta-tag\" \/>\n<meta property=\"og:title\" content=\"\u00a1Actividad f\u00edsica y nutrici\u00f3n protagonizar\u00e1n los Viernes de Cultura Cient\u00edfica de septiembre! - Valpara\u00edso\" class=\"yoast-seo-meta-tag\" \/>\n<meta property=\"og:description\" content=\"Los beneficios de una buena alimentaci\u00f3n y de una vida activa a medida que envejecemos, ser\u00e1n los temas principales de los Viernes de Cultura Cient\u00edfica de este mes, a las 18:00 horas, a trav\u00e9s de Facebook Live y YouTube.\" class=\"yoast-seo-meta-tag\" \/>\n<meta property=\"og:url\" content=\"https:\/\/explora.cl\/valparaiso\/ponte-en-movimiento-con-los-viernes-de-cultura-cientifica-de-septiembre\/\" class=\"yoast-seo-meta-tag\" \/>\n<meta property=\"og:site_name\" content=\"Valpara\u00edso\" class=\"yoast-seo-meta-tag\" \/>\n<meta property=\"article:published_time\" content=\"2021-08-30T22:00:47+00:00\" class=\"yoast-seo-meta-tag\" \/>\n<meta property=\"article:modified_time\" content=\"2021-08-30T22:34:57+00:00\" class=\"yoast-seo-meta-tag\" \/>\n<meta property=\"og:image\" content=\"https:\/\/explora.cl\/valparaiso\/wp-content\/uploads\/sites\/7\/2021\/08\/Septiembre-1024x666.png\" class=\"yoast-seo-meta-tag\" \/>\n\t<meta property=\"og:image:width\" content=\"1024\" class=\"yoast-seo-meta-tag\" \/>\n\t<meta property=\"og:image:height\" content=\"666\" class=\"yoast-seo-meta-tag\" \/>\n\t<meta property=\"og:image:type\" content=\"image\/png\" class=\"yoast-seo-meta-tag\" \/>\n<meta name=\"author\" content=\"jcastaneda\" class=\"yoast-seo-meta-tag\" \/>\n<meta name=\"twitter:card\" content=\"summary_large_image\" class=\"yoast-seo-meta-tag\" \/>\n<meta name=\"twitter:label1\" content=\"Escrito por\" class=\"yoast-seo-meta-tag\" \/>\n\t<meta name=\"twitter:data1\" content=\"jcastaneda\" class=\"yoast-seo-meta-tag\" \/>\n\t<meta name=\"twitter:label2\" content=\"Tiempo estimado de lectura\" class=\"yoast-seo-meta-tag\" \/>\n\t<meta name=\"twitter:data2\" content=\"2 minutos\" class=\"yoast-seo-meta-tag\" \/>\n<script type=\"application\/ld+json\" class=\"yoast-schema-graph\">{\"@context\":\"https:\/\/schema.org\",\"@graph\":[{\"@type\":\"Article\",\"@id\":\"https:\/\/explora.cl\/valparaiso\/ponte-en-movimiento-con-los-viernes-de-cultura-cientifica-de-septiembre\/#article\",\"isPartOf\":{\"@id\":\"https:\/\/explora.cl\/valparaiso\/ponte-en-movimiento-con-los-viernes-de-cultura-cientifica-de-septiembre\/\"},\"author\":{\"name\":\"jcastaneda\",\"@id\":\"https:\/\/explora.cl\/valparaiso\/#\/schema\/person\/c15e69495b8dbe0af0102f6bca43ba5d\"},\"headline\":\"\u00a1Actividad f\u00edsica y nutrici\u00f3n protagonizar\u00e1n los Viernes de Cultura Cient\u00edfica de septiembre!\",\"datePublished\":\"2021-08-30T22:00:47+00:00\",\"dateModified\":\"2021-08-30T22:34:57+00:00\",\"mainEntityOfPage\":{\"@id\":\"https:\/\/explora.cl\/valparaiso\/ponte-en-movimiento-con-los-viernes-de-cultura-cientifica-de-septiembre\/\"},\"wordCount\":501,\"commentCount\":0,\"publisher\":{\"@id\":\"https:\/\/explora.cl\/valparaiso\/#organization\"},\"image\":{\"@id\":\"https:\/\/explora.cl\/valparaiso\/ponte-en-movimiento-con-los-viernes-de-cultura-cientifica-de-septiembre\/#primaryimage\"},\"thumbnailUrl\":\"https:\/\/explora.cl\/valparaiso\/wp-content\/uploads\/sites\/7\/2021\/08\/Septiembre.png\",\"keywords\":[\"alimentaci\u00f3n sana.\",\"ciencia abierta\",\"ciencia regional\",\"conexi\u00f3n con la naturaleza\",\"CREAS\",\"cultura cientifica\",\"envejecimiento activo\",\"EXPLORA\",\"exposiciones\",\"MinCiencia\",\"museo fonck\",\"naturaleza\",\"Proyecto Asociativo Regional EXPLORA Valparaiso\",\"Regi\u00f3n de Valpara\u00edso\",\"valparaiso\",\"viernes de cultura cient\u00edfica\",\"vi\u00f1a del mar\"],\"articleSection\":[\"Noticias\"],\"inLanguage\":\"es-CL\",\"potentialAction\":[{\"@type\":\"CommentAction\",\"name\":\"Comment\",\"target\":[\"https:\/\/explora.cl\/valparaiso\/ponte-en-movimiento-con-los-viernes-de-cultura-cientifica-de-septiembre\/#respond\"]}]},{\"@type\":\"WebPage\",\"@id\":\"https:\/\/explora.cl\/valparaiso\/ponte-en-movimiento-con-los-viernes-de-cultura-cientifica-de-septiembre\/\",\"url\":\"https:\/\/explora.cl\/valparaiso\/ponte-en-movimiento-con-los-viernes-de-cultura-cientifica-de-septiembre\/\",\"name\":\"\u00a1Actividad f\u00edsica y nutrici\u00f3n protagonizar\u00e1n los Viernes de Cultura Cient\u00edfica de septiembre! - Valpara\u00edso\",\"isPartOf\":{\"@id\":\"https:\/\/explora.cl\/valparaiso\/#website\"},\"primaryImageOfPage\":{\"@id\":\"https:\/\/explora.cl\/valparaiso\/ponte-en-movimiento-con-los-viernes-de-cultura-cientifica-de-septiembre\/#primaryimage\"},\"image\":{\"@id\":\"https:\/\/explora.cl\/valparaiso\/ponte-en-movimiento-con-los-viernes-de-cultura-cientifica-de-septiembre\/#primaryimage\"},\"thumbnailUrl\":\"https:\/\/explora.cl\/valparaiso\/wp-content\/uploads\/sites\/7\/2021\/08\/Septiembre.png\",\"datePublished\":\"2021-08-30T22:00:47+00:00\",\"dateModified\":\"2021-08-30T22:34:57+00:00\",\"breadcrumb\":{\"@id\":\"https:\/\/explora.cl\/valparaiso\/ponte-en-movimiento-con-los-viernes-de-cultura-cientifica-de-septiembre\/#breadcrumb\"},\"inLanguage\":\"es-CL\",\"potentialAction\":[{\"@type\":\"ReadAction\",\"target\":[\"https:\/\/explora.cl\/valparaiso\/ponte-en-movimiento-con-los-viernes-de-cultura-cientifica-de-septiembre\/\"]}]},{\"@type\":\"ImageObject\",\"inLanguage\":\"es-CL\",\"@id\":\"https:\/\/explora.cl\/valparaiso\/ponte-en-movimiento-con-los-viernes-de-cultura-cientifica-de-septiembre\/#primaryimage\",\"url\":\"https:\/\/explora.cl\/valparaiso\/wp-content\/uploads\/sites\/7\/2021\/08\/Septiembre.png\",\"contentUrl\":\"https:\/\/explora.cl\/valparaiso\/wp-content\/uploads\/sites\/7\/2021\/08\/Septiembre.png\",\"width\":1949,\"height\":1267},{\"@type\":\"BreadcrumbList\",\"@id\":\"https:\/\/explora.cl\/valparaiso\/ponte-en-movimiento-con-los-viernes-de-cultura-cientifica-de-septiembre\/#breadcrumb\",\"itemListElement\":[{\"@type\":\"ListItem\",\"position\":1,\"name\":\"Portada\",\"item\":\"https:\/\/explora.cl\/valparaiso\/\"},{\"@type\":\"ListItem\",\"position\":2,\"name\":\"\u00a1Actividad f\u00edsica y nutrici\u00f3n protagonizar\u00e1n los Viernes de Cultura Cient\u00edfica de septiembre!\"}]},{\"@type\":\"WebSite\",\"@id\":\"https:\/\/explora.cl\/valparaiso\/#website\",\"url\":\"https:\/\/explora.cl\/valparaiso\/\",\"name\":\"Valpara\u00edso\",\"description\":\"Otro sitio m\u00e1s de explora.cl\",\"publisher\":{\"@id\":\"https:\/\/explora.cl\/valparaiso\/#organization\"},\"potentialAction\":[{\"@type\":\"SearchAction\",\"target\":{\"@type\":\"EntryPoint\",\"urlTemplate\":\"https:\/\/explora.cl\/valparaiso\/?s={search_term_string}\"},\"query-input\":{\"@type\":\"PropertyValueSpecification\",\"valueRequired\":true,\"valueName\":\"search_term_string\"}}],\"inLanguage\":\"es-CL\"},{\"@type\":\"Organization\",\"@id\":\"https:\/\/explora.cl\/valparaiso\/#organization\",\"name\":\"Valpara\u00edso\",\"url\":\"https:\/\/explora.cl\/valparaiso\/\",\"logo\":{\"@type\":\"ImageObject\",\"inLanguage\":\"es-CL\",\"@id\":\"https:\/\/explora.cl\/valparaiso\/#\/schema\/logo\/image\/\",\"url\":\"https:\/\/explora.cl\/valparaiso\/wp-content\/uploads\/sites\/7\/2019\/06\/cropped-logo-explora-color.jpg\",\"contentUrl\":\"https:\/\/explora.cl\/valparaiso\/wp-content\/uploads\/sites\/7\/2019\/06\/cropped-logo-explora-color.jpg\",\"width\":2035,\"height\":584,\"caption\":\"Valpara\u00edso\"},\"image\":{\"@id\":\"https:\/\/explora.cl\/valparaiso\/#\/schema\/logo\/image\/\"}},{\"@type\":\"Person\",\"@id\":\"https:\/\/explora.cl\/valparaiso\/#\/schema\/person\/c15e69495b8dbe0af0102f6bca43ba5d\",\"name\":\"jcastaneda\",\"image\":{\"@type\":\"ImageObject\",\"inLanguage\":\"es-CL\",\"@id\":\"https:\/\/explora.cl\/valparaiso\/#\/schema\/person\/image\/\",\"url\":\"https:\/\/secure.gravatar.com\/avatar\/f26661a8eef2f6444d9633928ef0219fd69e41c5be1ef5ef16afeee7cd4df675?s=96&d=mm&r=g\",\"contentUrl\":\"https:\/\/secure.gravatar.com\/avatar\/f26661a8eef2f6444d9633928ef0219fd69e41c5be1ef5ef16afeee7cd4df675?s=96&d=mm&r=g\",\"caption\":\"jcastaneda\"},\"url\":\"https:\/\/explora.cl\/valparaiso\/author\/jcastaneda\/\"}]}<\/script>\n<!-- \/ Yoast SEO plugin. -->","yoast_head_json":{"title":"\u00a1Actividad f\u00edsica y nutrici\u00f3n protagonizar\u00e1n los Viernes de Cultura Cient\u00edfica de septiembre! - Valpara\u00edso","robots":{"index":"index","follow":"follow","max-snippet":"max-snippet:-1","max-image-preview":"max-image-preview:large","max-video-preview":"max-video-preview:-1"},"canonical":"https:\/\/explora.cl\/valparaiso\/ponte-en-movimiento-con-los-viernes-de-cultura-cientifica-de-septiembre\/","og_locale":"es_ES","og_type":"article","og_title":"\u00a1Actividad f\u00edsica y nutrici\u00f3n protagonizar\u00e1n los Viernes de Cultura Cient\u00edfica de septiembre! - Valpara\u00edso","og_description":"Los beneficios de una buena alimentaci\u00f3n y de una vida activa a medida que envejecemos, ser\u00e1n los temas principales de los Viernes de Cultura Cient\u00edfica de este mes, a las 18:00 horas, a trav\u00e9s de Facebook Live y YouTube.","og_url":"https:\/\/explora.cl\/valparaiso\/ponte-en-movimiento-con-los-viernes-de-cultura-cientifica-de-septiembre\/","og_site_name":"Valpara\u00edso","article_published_time":"2021-08-30T22:00:47+00:00","article_modified_time":"2021-08-30T22:34:57+00:00","og_image":[{"width":1024,"height":666,"url":"https:\/\/explora.cl\/valparaiso\/wp-content\/uploads\/sites\/7\/2021\/08\/Septiembre-1024x666.png","type":"image\/png"}],"author":"jcastaneda","twitter_card":"summary_large_image","twitter_misc":{"Escrito por":"jcastaneda","Tiempo estimado de lectura":"2 minutos"},"schema":{"@context":"https:\/\/schema.org","@graph":[{"@type":"Article","@id":"https:\/\/explora.cl\/valparaiso\/ponte-en-movimiento-con-los-viernes-de-cultura-cientifica-de-septiembre\/#article","isPartOf":{"@id":"https:\/\/explora.cl\/valparaiso\/ponte-en-movimiento-con-los-viernes-de-cultura-cientifica-de-septiembre\/"},"author":{"name":"jcastaneda","@id":"https:\/\/explora.cl\/valparaiso\/#\/schema\/person\/c15e69495b8dbe0af0102f6bca43ba5d"},"headline":"\u00a1Actividad f\u00edsica y nutrici\u00f3n protagonizar\u00e1n los Viernes de Cultura Cient\u00edfica de septiembre!","datePublished":"2021-08-30T22:00:47+00:00","dateModified":"2021-08-30T22:34:57+00:00","mainEntityOfPage":{"@id":"https:\/\/explora.cl\/valparaiso\/ponte-en-movimiento-con-los-viernes-de-cultura-cientifica-de-septiembre\/"},"wordCount":501,"commentCount":0,"publisher":{"@id":"https:\/\/explora.cl\/valparaiso\/#organization"},"image":{"@id":"https:\/\/explora.cl\/valparaiso\/ponte-en-movimiento-con-los-viernes-de-cultura-cientifica-de-septiembre\/#primaryimage"},"thumbnailUrl":"https:\/\/explora.cl\/valparaiso\/wp-content\/uploads\/sites\/7\/2021\/08\/Septiembre.png","keywords":["alimentaci\u00f3n sana.","ciencia abierta","ciencia regional","conexi\u00f3n con la naturaleza","CREAS","cultura cientifica","envejecimiento activo","EXPLORA","exposiciones","MinCiencia","museo fonck","naturaleza","Proyecto Asociativo Regional EXPLORA Valparaiso","Regi\u00f3n de Valpara\u00edso","valparaiso","viernes de cultura cient\u00edfica","vi\u00f1a del mar"],"articleSection":["Noticias"],"inLanguage":"es-CL","potentialAction":[{"@type":"CommentAction","name":"Comment","target":["https:\/\/explora.cl\/valparaiso\/ponte-en-movimiento-con-los-viernes-de-cultura-cientifica-de-septiembre\/#respond"]}]},{"@type":"WebPage","@id":"https:\/\/explora.cl\/valparaiso\/ponte-en-movimiento-con-los-viernes-de-cultura-cientifica-de-septiembre\/","url":"https:\/\/explora.cl\/valparaiso\/ponte-en-movimiento-con-los-viernes-de-cultura-cientifica-de-septiembre\/","name":"\u00a1Actividad f\u00edsica y nutrici\u00f3n protagonizar\u00e1n los Viernes de Cultura Cient\u00edfica de septiembre! - Valpara\u00edso","isPartOf":{"@id":"https:\/\/explora.cl\/valparaiso\/#website"},"primaryImageOfPage":{"@id":"https:\/\/explora.cl\/valparaiso\/ponte-en-movimiento-con-los-viernes-de-cultura-cientifica-de-septiembre\/#primaryimage"},"image":{"@id":"https:\/\/explora.cl\/valparaiso\/ponte-en-movimiento-con-los-viernes-de-cultura-cientifica-de-septiembre\/#primaryimage"},"thumbnailUrl":"https:\/\/explora.cl\/valparaiso\/wp-content\/uploads\/sites\/7\/2021\/08\/Septiembre.png","datePublished":"2021-08-30T22:00:47+00:00","dateModified":"2021-08-30T22:34:57+00:00","breadcrumb":{"@id":"https:\/\/explora.cl\/valparaiso\/ponte-en-movimiento-con-los-viernes-de-cultura-cientifica-de-septiembre\/#breadcrumb"},"inLanguage":"es-CL","potentialAction":[{"@type":"ReadAction","target":["https:\/\/explora.cl\/valparaiso\/ponte-en-movimiento-con-los-viernes-de-cultura-cientifica-de-septiembre\/"]}]},{"@type":"ImageObject","inLanguage":"es-CL","@id":"https:\/\/explora.cl\/valparaiso\/ponte-en-movimiento-con-los-viernes-de-cultura-cientifica-de-septiembre\/#primaryimage","url":"https:\/\/explora.cl\/valparaiso\/wp-content\/uploads\/sites\/7\/2021\/08\/Septiembre.png","contentUrl":"https:\/\/explora.cl\/valparaiso\/wp-content\/uploads\/sites\/7\/2021\/08\/Septiembre.png","width":1949,"height":1267},{"@type":"BreadcrumbList","@id":"https:\/\/explora.cl\/valparaiso\/ponte-en-movimiento-con-los-viernes-de-cultura-cientifica-de-septiembre\/#breadcrumb","itemListElement":[{"@type":"ListItem","position":1,"name":"Portada","item":"https:\/\/explora.cl\/valparaiso\/"},{"@type":"ListItem","position":2,"name":"\u00a1Actividad f\u00edsica y nutrici\u00f3n protagonizar\u00e1n los Viernes de Cultura Cient\u00edfica de septiembre!"}]},{"@type":"WebSite","@id":"https:\/\/explora.cl\/valparaiso\/#website","url":"https:\/\/explora.cl\/valparaiso\/","name":"Valpara\u00edso","description":"Otro sitio m\u00e1s de explora.cl","publisher":{"@id":"https:\/\/explora.cl\/valparaiso\/#organization"},"potentialAction":[{"@type":"SearchAction","target":{"@type":"EntryPoint","urlTemplate":"https:\/\/explora.cl\/valparaiso\/?s={search_term_string}"},"query-input":{"@type":"PropertyValueSpecification","valueRequired":true,"valueName":"search_term_string"}}],"inLanguage":"es-CL"},{"@type":"Organization","@id":"https:\/\/explora.cl\/valparaiso\/#organization","name":"Valpara\u00edso","url":"https:\/\/explora.cl\/valparaiso\/","logo":{"@type":"ImageObject","inLanguage":"es-CL","@id":"https:\/\/explora.cl\/valparaiso\/#\/schema\/logo\/image\/","url":"https:\/\/explora.cl\/valparaiso\/wp-content\/uploads\/sites\/7\/2019\/06\/cropped-logo-explora-color.jpg","contentUrl":"https:\/\/explora.cl\/valparaiso\/wp-content\/uploads\/sites\/7\/2019\/06\/cropped-logo-explora-color.jpg","width":2035,"height":584,"caption":"Valpara\u00edso"},"image":{"@id":"https:\/\/explora.cl\/valparaiso\/#\/schema\/logo\/image\/"}},{"@type":"Person","@id":"https:\/\/explora.cl\/valparaiso\/#\/schema\/person\/c15e69495b8dbe0af0102f6bca43ba5d","name":"jcastaneda","image":{"@type":"ImageObject","inLanguage":"es-CL","@id":"https:\/\/explora.cl\/valparaiso\/#\/schema\/person\/image\/","url":"https:\/\/secure.gravatar.com\/avatar\/f26661a8eef2f6444d9633928ef0219fd69e41c5be1ef5ef16afeee7cd4df675?s=96&d=mm&r=g","contentUrl":"https:\/\/secure.gravatar.com\/avatar\/f26661a8eef2f6444d9633928ef0219fd69e41c5be1ef5ef16afeee7cd4df675?s=96&d=mm&r=g","caption":"jcastaneda"},"url":"https:\/\/explora.cl\/valparaiso\/author\/jcastaneda\/"}]}},"_links":{"self":[{"href":"https:\/\/explora.cl\/valparaiso\/wp-json\/wp\/v2\/posts\/41444","targetHints":{"allow":["GET"]}}],"collection":[{"href":"https:\/\/explora.cl\/valparaiso\/wp-json\/wp\/v2\/posts"}],"about":[{"href":"https:\/\/explora.cl\/valparaiso\/wp-json\/wp\/v2\/types\/post"}],"author":[{"embeddable":true,"href":"https:\/\/explora.cl\/valparaiso\/wp-json\/wp\/v2\/users\/22"}],"replies":[{"embeddable":true,"href":"https:\/\/explora.cl\/valparaiso\/wp-json\/wp\/v2\/comments?post=41444"}],"version-history":[{"count":4,"href":"https:\/\/explora.cl\/valparaiso\/wp-json\/wp\/v2\/posts\/41444\/revisions"}],"predecessor-version":[{"id":41455,"href":"https:\/\/explora.cl\/valparaiso\/wp-json\/wp\/v2\/posts\/41444\/revisions\/41455"}],"wp:featuredmedia":[{"embeddable":true,"href":"https:\/\/explora.cl\/valparaiso\/wp-json\/wp\/v2\/media\/41446"}],"wp:attachment":[{"href":"https:\/\/explora.cl\/valparaiso\/wp-json\/wp\/v2\/media?parent=41444"}],"wp:term":[{"taxonomy":"category","embeddable":true,"href":"https:\/\/explora.cl\/valparaiso\/wp-json\/wp\/v2\/categories?post=41444"},{"taxonomy":"post_tag","embeddable":true,"href":"https:\/\/explora.cl\/valparaiso\/wp-json\/wp\/v2\/tags?post=41444"}],"curies":[{"name":"wp","href":"https:\/\/api.w.org\/{rel}","templated":true}]}}