{"id":41419,"date":"2021-08-19T23:48:57","date_gmt":"2021-08-20T03:48:57","guid":{"rendered":"https:\/\/explora.cl\/valparaiso\/?p=41419"},"modified":"2021-10-04T14:01:54","modified_gmt":"2021-10-04T17:01:54","slug":"la-inclusion-marca-nuevo-encuentro-de-la-red-de-cultura-cientifica","status":"publish","type":"post","link":"https:\/\/explora.cl\/valparaiso\/la-inclusion-marca-nuevo-encuentro-de-la-red-de-cultura-cientifica\/","title":{"rendered":"La inclusi\u00f3n y la diversidad marcan un nuevo encuentro de la Red de Cultura Cient\u00edfica"},"content":{"rendered":"<h3><span style=\"font-weight: 400\">A trav\u00e9s de una jornada que incluy\u00f3 un taller pr\u00e1ctico realizado por la Dra. Ver\u00f3nica L\u00f3pez, Directora del Centro de Investigaci\u00f3n para la Educaci\u00f3n Inclusiva, los y las participantes pudieron conversar sobre la inclusi\u00f3n y reflexionar sobre sus pr\u00e1cticas en esta importante materia<\/span><span style=\"font-weight: 400\">. <\/span><\/h3>\n<p><!--more--><\/p>\n<p><span style=\"font-weight: 400\">Con el objetivo de conocer el significado de la inclusi\u00f3n y conversar sobre sus distintas dimensiones y su relevancia en materia educativa pero tambi\u00e9n en los distintos espacios, es que el pasado mi\u00e9rcoles 18 de agosto, se desarroll\u00f3 un nuevo encuentro de la Red de Cultura Cient\u00edfica, titulado \u201cHablemos de Inclusi\u00f3n Educativa\u201d<\/span><\/p>\n<p><span style=\"font-weight: 400\">En la ocasi\u00f3n asistieron cerca de 40 personas de diversas instituciones, como universidades, espacios culturales e instituciones p\u00fablicas de la Regi\u00f3n de Valpara\u00edso, quienes pudieron participar de la jornada liderada por la<\/span> <span style=\"font-weight: 400\">Dra. en Psicolog\u00eda, Ver\u00f3nica L\u00f3pez Leiva, <\/span><span style=\"font-weight: 400\">Directora del Centro de Investigaci\u00f3n para la Educaci\u00f3n Inclusiva; Directora del Programa de Apoyo a la Convivencia Escolar PACES PUCV y co-editora de la Revista Psicoperspectivas.<\/span><\/p>\n<p><span style=\"font-weight: 400\"><a href=\"https:\/\/explora.cl\/valparaiso\/la-inclusion-marca-nuevo-encuentro-de-la-red-de-cultura-cientifica\/red-cc-8\/\" rel=\"attachment wp-att-41423\"><img fetchpriority=\"high\" decoding=\"async\" class=\"size-medium wp-image-41423 alignleft\" src=\"https:\/\/explora.cl\/valparaiso\/wp-content\/uploads\/sites\/7\/2021\/08\/Red-CC-8-300x169.png\" alt=\"\" width=\"300\" height=\"169\" srcset=\"https:\/\/explora.cl\/valparaiso\/wp-content\/uploads\/sites\/7\/2021\/08\/Red-CC-8-300x169.png 300w, https:\/\/explora.cl\/valparaiso\/wp-content\/uploads\/sites\/7\/2021\/08\/Red-CC-8-768x432.png 768w, https:\/\/explora.cl\/valparaiso\/wp-content\/uploads\/sites\/7\/2021\/08\/Red-CC-8-1024x576.png 1024w, https:\/\/explora.cl\/valparaiso\/wp-content\/uploads\/sites\/7\/2021\/08\/Red-CC-8.png 1920w\" sizes=\"(max-width: 300px) 100vw, 300px\" \/><\/a>En un comienzo, la especialista abord\u00f3 las principales definiciones de inclusi\u00f3n, indicando que este principio engloba a personas con discapacidad, pero tambi\u00e9n integra la interculturalidad, la equidad de g\u00e9nero, y el derecho de disidencia, entre otros. Adem\u00e1s, explic\u00f3 cu\u00e1les son los cuerpos legales que amparan la inclusi\u00f3n educativa, y explicando que cuando hablamos de esta materia, se requiere que el Estado se haga cargo de cuatro caracter\u00edsticas principales: la disponibilidad, la accesibilidad- que refiere a que independiente de las caracter\u00edsticas f\u00edsicas o socioculturales todos y todas puedan acceder-, la aceptabilidad- es decir dignas y de calidad- y adaptables- es decir espacios que se adaptan tanto f\u00edsica como culturalmente.\u00a0<\/span><\/p>\n<p><span style=\"font-weight: 400\">De esta manera, la experta explic\u00f3 que \u201cla inclusi\u00f3n es un proceso y no aborda \u00fanicamente las competencias acad\u00e9micas o cient\u00edficas. Si no que tambi\u00e9n tiene que ver con la inclusi\u00f3n como un derecho, como una expresi\u00f3n del principio fundamental de que la educaci\u00f3n es un derecho fundamental, es un derecho humano, un derecho social y que est\u00e1 consagrado en distintos cuerpos internacionales que han sido ratificados por Chile\u201d.\u00a0<\/span><\/p>\n<p><span style=\"font-weight: 400\">Asimismo, la Dra. L\u00f3pez tambi\u00e9n se\u00f1al\u00f3 que adem\u00e1s de la Educaci\u00f3n como derecho, existe la Educaci\u00f3n como Inclusi\u00f3n, que tiene otros \u00e1mbitos que engloban \u00e1mbitos como el acceso, la permanencia, promoci\u00f3n, participaci\u00f3n y el aprendizaje. Todo esto de manera progresiva. De esta forma, la especialista indic\u00f3 que estar alertas a estos procesos nos permite derribar barreras para que todas las personas se puedan desarrollar plenamente.\u00a0<\/span><\/p>\n<p><b>Taller y reflexi\u00f3n grupal\u00a0<\/b><\/p>\n<p><span style=\"font-weight: 400\">Adem\u00e1s de la teor\u00eda, la Jornada cont\u00f3 con un taller pr\u00e1ctico en el que los y las asistentes debieron conversar y reflexionar <a href=\"https:\/\/explora.cl\/valparaiso\/la-inclusion-marca-nuevo-encuentro-de-la-red-de-cultura-cientifica\/red-cc-1\/\" rel=\"attachment wp-att-41421\"><img decoding=\"async\" class=\"size-medium wp-image-41421 alignright\" src=\"https:\/\/explora.cl\/valparaiso\/wp-content\/uploads\/sites\/7\/2021\/08\/Red-CC-1-300x169.png\" alt=\"\" width=\"300\" height=\"169\" srcset=\"https:\/\/explora.cl\/valparaiso\/wp-content\/uploads\/sites\/7\/2021\/08\/Red-CC-1-300x169.png 300w, https:\/\/explora.cl\/valparaiso\/wp-content\/uploads\/sites\/7\/2021\/08\/Red-CC-1-768x432.png 768w, https:\/\/explora.cl\/valparaiso\/wp-content\/uploads\/sites\/7\/2021\/08\/Red-CC-1-1024x576.png 1024w, https:\/\/explora.cl\/valparaiso\/wp-content\/uploads\/sites\/7\/2021\/08\/Red-CC-1.png 1920w\" sizes=\"(max-width: 300px) 100vw, 300px\" \/><\/a>en grupo sobre dos preguntas: \u00bfcu\u00e1nto y de qu\u00e9 manera, en sus espacios y\/o lugares de trabajo se aplican los dos procesos: educaci\u00f3n como derecho y educaci\u00f3n como inclusi\u00f3n? para luego pasar a un primer plenario, en el que pudieron compartir sus experiencias.\u00a0<\/span><\/p>\n<p><span style=\"font-weight: 400\">Finalmente, la jornada termin\u00f3 conversando sobre qu\u00e9 podemos hacer para mejorar los procesos y qu\u00e9 podemos hacer individualmente para aportar en esta materia; momento en el que Ver\u00f3nica explic\u00f3 que todos los avances y todos los micropasos que damos en esta materia son importantes, ya que contribuyen a que en conjunto tengamos un cambio cultural, que nos permita integrar en todos los \u00e1mbitos de nuestra vida la inclusi\u00f3n.\u00a0<\/span><\/p>\n<p><span style=\"font-weight: 400\">Cabe destacar que la Red de Cultura Cient\u00edfica, es un entramado creado el a\u00f1o 2013, y en el que participan\u00a0 organizaciones regionales, entre las que se cuentan ONG\u00b4S, Centros Culturales, Universidades, Bibliotecas y muchas otras; con el objetivo de levantar en conjunto acciones que inviten a la ciudadan\u00eda a compartir, disfrutar y apropiarse de las distintas \u00e1reas del conocimiento. Este tercer encuentro del a\u00f1o, se enmarca en una serie de jornadas que han tenido como intenci\u00f3n integrar los principios de equidad de g\u00e9nero, inclusi\u00f3n e interculturalidad al quehacer del entramado.\u00a0<\/span><\/p>\n<p>&nbsp;<\/p>\n","protected":false},"excerpt":{"rendered":"<p>A trav\u00e9s de una jornada que incluy\u00f3 un taller pr\u00e1ctico realizado por la Dra. Ver\u00f3nica L\u00f3pez, Directora del Centro de Investigaci\u00f3n para la Educaci\u00f3n Inclusiva, los y las participantes pudieron conversar sobre la inclusi\u00f3n y reflexionar sobre sus pr\u00e1cticas en esta importante materia.<\/p>\n","protected":false},"author":22,"featured_media":41424,"comment_status":"open","ping_status":"open","sticky":false,"template":"","format":"standard","meta":{"_acf_changed":false,"_exactmetrics_skip_tracking":false,"_exactmetrics_sitenote_active":false,"_exactmetrics_sitenote_note":"","_exactmetrics_sitenote_category":0,"footnotes":"","_links_to":"","_links_to_target":""},"categories":[4],"tags":[662,1060,166,442,174],"class_list":["post-41419","post","type-post","status-publish","format-standard","has-post-thumbnail","hentry","category-noticias","tag-inclusion","tag-inclusion-educativa","tag-proyecto-asociativo-regional-explora-valparaiso","tag-red-de-cultura-cientifica","tag-region-de-valparaiso"],"acf":[],"yoast_head":"<!-- This site is optimized with the Yoast SEO plugin v26.9 - https:\/\/yoast.com\/product\/yoast-seo-wordpress\/ -->\n<title>La inclusi\u00f3n y la diversidad marcan un nuevo encuentro de la Red de Cultura Cient\u00edfica - Valpara\u00edso<\/title>\n<meta name=\"robots\" content=\"index, follow, max-snippet:-1, max-image-preview:large, max-video-preview:-1\" \/>\n<link rel=\"canonical\" href=\"https:\/\/explora.cl\/valparaiso\/la-inclusion-marca-nuevo-encuentro-de-la-red-de-cultura-cientifica\/\" class=\"yoast-seo-meta-tag\" \/>\n<meta property=\"og:locale\" content=\"es_ES\" class=\"yoast-seo-meta-tag\" \/>\n<meta property=\"og:type\" content=\"article\" class=\"yoast-seo-meta-tag\" \/>\n<meta property=\"og:title\" content=\"La inclusi\u00f3n y la diversidad marcan un nuevo encuentro de la Red de Cultura Cient\u00edfica - Valpara\u00edso\" class=\"yoast-seo-meta-tag\" \/>\n<meta property=\"og:description\" content=\"A trav\u00e9s de una jornada que incluy\u00f3 un taller pr\u00e1ctico realizado por la Dra. Ver\u00f3nica L\u00f3pez, Directora del Centro de Investigaci\u00f3n para la Educaci\u00f3n Inclusiva, los y las participantes pudieron conversar sobre la inclusi\u00f3n y reflexionar sobre sus pr\u00e1cticas en esta importante materia.\" class=\"yoast-seo-meta-tag\" \/>\n<meta property=\"og:url\" content=\"https:\/\/explora.cl\/valparaiso\/la-inclusion-marca-nuevo-encuentro-de-la-red-de-cultura-cientifica\/\" class=\"yoast-seo-meta-tag\" \/>\n<meta property=\"og:site_name\" content=\"Valpara\u00edso\" class=\"yoast-seo-meta-tag\" \/>\n<meta property=\"article:published_time\" content=\"2021-08-20T03:48:57+00:00\" class=\"yoast-seo-meta-tag\" \/>\n<meta property=\"article:modified_time\" content=\"2021-10-04T17:01:54+00:00\" class=\"yoast-seo-meta-tag\" \/>\n<meta property=\"og:image\" content=\"https:\/\/explora.cl\/valparaiso\/wp-content\/uploads\/sites\/7\/2021\/08\/Captura-de-Pantalla-2021-08-19-a-las-17.50.55.png\" class=\"yoast-seo-meta-tag\" \/>\n\t<meta property=\"og:image:width\" content=\"1007\" class=\"yoast-seo-meta-tag\" \/>\n\t<meta property=\"og:image:height\" content=\"626\" class=\"yoast-seo-meta-tag\" \/>\n\t<meta property=\"og:image:type\" content=\"image\/png\" class=\"yoast-seo-meta-tag\" \/>\n<meta name=\"author\" content=\"jcastaneda\" class=\"yoast-seo-meta-tag\" \/>\n<meta name=\"twitter:card\" content=\"summary_large_image\" class=\"yoast-seo-meta-tag\" \/>\n<meta name=\"twitter:label1\" content=\"Escrito por\" class=\"yoast-seo-meta-tag\" \/>\n\t<meta name=\"twitter:data1\" content=\"jcastaneda\" class=\"yoast-seo-meta-tag\" \/>\n\t<meta name=\"twitter:label2\" content=\"Tiempo estimado de lectura\" class=\"yoast-seo-meta-tag\" \/>\n\t<meta name=\"twitter:data2\" content=\"3 minutos\" class=\"yoast-seo-meta-tag\" \/>\n<script type=\"application\/ld+json\" class=\"yoast-schema-graph\">{\"@context\":\"https:\/\/schema.org\",\"@graph\":[{\"@type\":\"Article\",\"@id\":\"https:\/\/explora.cl\/valparaiso\/la-inclusion-marca-nuevo-encuentro-de-la-red-de-cultura-cientifica\/#article\",\"isPartOf\":{\"@id\":\"https:\/\/explora.cl\/valparaiso\/la-inclusion-marca-nuevo-encuentro-de-la-red-de-cultura-cientifica\/\"},\"author\":{\"name\":\"jcastaneda\",\"@id\":\"https:\/\/explora.cl\/valparaiso\/#\/schema\/person\/c15e69495b8dbe0af0102f6bca43ba5d\"},\"headline\":\"La inclusi\u00f3n y la diversidad marcan un nuevo encuentro de la Red de Cultura Cient\u00edfica\",\"datePublished\":\"2021-08-20T03:48:57+00:00\",\"dateModified\":\"2021-10-04T17:01:54+00:00\",\"mainEntityOfPage\":{\"@id\":\"https:\/\/explora.cl\/valparaiso\/la-inclusion-marca-nuevo-encuentro-de-la-red-de-cultura-cientifica\/\"},\"wordCount\":710,\"commentCount\":0,\"publisher\":{\"@id\":\"https:\/\/explora.cl\/valparaiso\/#organization\"},\"image\":{\"@id\":\"https:\/\/explora.cl\/valparaiso\/la-inclusion-marca-nuevo-encuentro-de-la-red-de-cultura-cientifica\/#primaryimage\"},\"thumbnailUrl\":\"https:\/\/explora.cl\/valparaiso\/wp-content\/uploads\/sites\/7\/2021\/08\/Captura-de-Pantalla-2021-08-19-a-las-17.50.55.png\",\"keywords\":[\"Inclusi\u00f3n\",\"inclusi\u00f3n educativa\",\"Proyecto Asociativo Regional EXPLORA Valparaiso\",\"Red de Cultura Cient\u00edfica\",\"Regi\u00f3n de Valpara\u00edso\"],\"articleSection\":[\"Noticias\"],\"inLanguage\":\"es-CL\",\"potentialAction\":[{\"@type\":\"CommentAction\",\"name\":\"Comment\",\"target\":[\"https:\/\/explora.cl\/valparaiso\/la-inclusion-marca-nuevo-encuentro-de-la-red-de-cultura-cientifica\/#respond\"]}]},{\"@type\":\"WebPage\",\"@id\":\"https:\/\/explora.cl\/valparaiso\/la-inclusion-marca-nuevo-encuentro-de-la-red-de-cultura-cientifica\/\",\"url\":\"https:\/\/explora.cl\/valparaiso\/la-inclusion-marca-nuevo-encuentro-de-la-red-de-cultura-cientifica\/\",\"name\":\"La inclusi\u00f3n y la diversidad marcan un nuevo encuentro de la Red de Cultura Cient\u00edfica - Valpara\u00edso\",\"isPartOf\":{\"@id\":\"https:\/\/explora.cl\/valparaiso\/#website\"},\"primaryImageOfPage\":{\"@id\":\"https:\/\/explora.cl\/valparaiso\/la-inclusion-marca-nuevo-encuentro-de-la-red-de-cultura-cientifica\/#primaryimage\"},\"image\":{\"@id\":\"https:\/\/explora.cl\/valparaiso\/la-inclusion-marca-nuevo-encuentro-de-la-red-de-cultura-cientifica\/#primaryimage\"},\"thumbnailUrl\":\"https:\/\/explora.cl\/valparaiso\/wp-content\/uploads\/sites\/7\/2021\/08\/Captura-de-Pantalla-2021-08-19-a-las-17.50.55.png\",\"datePublished\":\"2021-08-20T03:48:57+00:00\",\"dateModified\":\"2021-10-04T17:01:54+00:00\",\"breadcrumb\":{\"@id\":\"https:\/\/explora.cl\/valparaiso\/la-inclusion-marca-nuevo-encuentro-de-la-red-de-cultura-cientifica\/#breadcrumb\"},\"inLanguage\":\"es-CL\",\"potentialAction\":[{\"@type\":\"ReadAction\",\"target\":[\"https:\/\/explora.cl\/valparaiso\/la-inclusion-marca-nuevo-encuentro-de-la-red-de-cultura-cientifica\/\"]}]},{\"@type\":\"ImageObject\",\"inLanguage\":\"es-CL\",\"@id\":\"https:\/\/explora.cl\/valparaiso\/la-inclusion-marca-nuevo-encuentro-de-la-red-de-cultura-cientifica\/#primaryimage\",\"url\":\"https:\/\/explora.cl\/valparaiso\/wp-content\/uploads\/sites\/7\/2021\/08\/Captura-de-Pantalla-2021-08-19-a-las-17.50.55.png\",\"contentUrl\":\"https:\/\/explora.cl\/valparaiso\/wp-content\/uploads\/sites\/7\/2021\/08\/Captura-de-Pantalla-2021-08-19-a-las-17.50.55.png\",\"width\":1007,\"height\":626},{\"@type\":\"BreadcrumbList\",\"@id\":\"https:\/\/explora.cl\/valparaiso\/la-inclusion-marca-nuevo-encuentro-de-la-red-de-cultura-cientifica\/#breadcrumb\",\"itemListElement\":[{\"@type\":\"ListItem\",\"position\":1,\"name\":\"Portada\",\"item\":\"https:\/\/explora.cl\/valparaiso\/\"},{\"@type\":\"ListItem\",\"position\":2,\"name\":\"La inclusi\u00f3n y la diversidad marcan un nuevo encuentro de la Red de Cultura Cient\u00edfica\"}]},{\"@type\":\"WebSite\",\"@id\":\"https:\/\/explora.cl\/valparaiso\/#website\",\"url\":\"https:\/\/explora.cl\/valparaiso\/\",\"name\":\"Valpara\u00edso\",\"description\":\"Otro sitio m\u00e1s de explora.cl\",\"publisher\":{\"@id\":\"https:\/\/explora.cl\/valparaiso\/#organization\"},\"potentialAction\":[{\"@type\":\"SearchAction\",\"target\":{\"@type\":\"EntryPoint\",\"urlTemplate\":\"https:\/\/explora.cl\/valparaiso\/?s={search_term_string}\"},\"query-input\":{\"@type\":\"PropertyValueSpecification\",\"valueRequired\":true,\"valueName\":\"search_term_string\"}}],\"inLanguage\":\"es-CL\"},{\"@type\":\"Organization\",\"@id\":\"https:\/\/explora.cl\/valparaiso\/#organization\",\"name\":\"Valpara\u00edso\",\"url\":\"https:\/\/explora.cl\/valparaiso\/\",\"logo\":{\"@type\":\"ImageObject\",\"inLanguage\":\"es-CL\",\"@id\":\"https:\/\/explora.cl\/valparaiso\/#\/schema\/logo\/image\/\",\"url\":\"https:\/\/explora.cl\/valparaiso\/wp-content\/uploads\/sites\/7\/2019\/06\/cropped-logo-explora-color.jpg\",\"contentUrl\":\"https:\/\/explora.cl\/valparaiso\/wp-content\/uploads\/sites\/7\/2019\/06\/cropped-logo-explora-color.jpg\",\"width\":2035,\"height\":584,\"caption\":\"Valpara\u00edso\"},\"image\":{\"@id\":\"https:\/\/explora.cl\/valparaiso\/#\/schema\/logo\/image\/\"}},{\"@type\":\"Person\",\"@id\":\"https:\/\/explora.cl\/valparaiso\/#\/schema\/person\/c15e69495b8dbe0af0102f6bca43ba5d\",\"name\":\"jcastaneda\",\"image\":{\"@type\":\"ImageObject\",\"inLanguage\":\"es-CL\",\"@id\":\"https:\/\/explora.cl\/valparaiso\/#\/schema\/person\/image\/\",\"url\":\"https:\/\/secure.gravatar.com\/avatar\/f26661a8eef2f6444d9633928ef0219fd69e41c5be1ef5ef16afeee7cd4df675?s=96&d=mm&r=g\",\"contentUrl\":\"https:\/\/secure.gravatar.com\/avatar\/f26661a8eef2f6444d9633928ef0219fd69e41c5be1ef5ef16afeee7cd4df675?s=96&d=mm&r=g\",\"caption\":\"jcastaneda\"},\"url\":\"https:\/\/explora.cl\/valparaiso\/author\/jcastaneda\/\"}]}<\/script>\n<!-- \/ Yoast SEO plugin. -->","yoast_head_json":{"title":"La inclusi\u00f3n y la diversidad marcan un nuevo encuentro de la Red de Cultura Cient\u00edfica - Valpara\u00edso","robots":{"index":"index","follow":"follow","max-snippet":"max-snippet:-1","max-image-preview":"max-image-preview:large","max-video-preview":"max-video-preview:-1"},"canonical":"https:\/\/explora.cl\/valparaiso\/la-inclusion-marca-nuevo-encuentro-de-la-red-de-cultura-cientifica\/","og_locale":"es_ES","og_type":"article","og_title":"La inclusi\u00f3n y la diversidad marcan un nuevo encuentro de la Red de Cultura Cient\u00edfica - Valpara\u00edso","og_description":"A trav\u00e9s de una jornada que incluy\u00f3 un taller pr\u00e1ctico realizado por la Dra. Ver\u00f3nica L\u00f3pez, Directora del Centro de Investigaci\u00f3n para la Educaci\u00f3n Inclusiva, los y las participantes pudieron conversar sobre la inclusi\u00f3n y reflexionar sobre sus pr\u00e1cticas en esta importante materia.","og_url":"https:\/\/explora.cl\/valparaiso\/la-inclusion-marca-nuevo-encuentro-de-la-red-de-cultura-cientifica\/","og_site_name":"Valpara\u00edso","article_published_time":"2021-08-20T03:48:57+00:00","article_modified_time":"2021-10-04T17:01:54+00:00","og_image":[{"width":1007,"height":626,"url":"https:\/\/explora.cl\/valparaiso\/wp-content\/uploads\/sites\/7\/2021\/08\/Captura-de-Pantalla-2021-08-19-a-las-17.50.55.png","type":"image\/png"}],"author":"jcastaneda","twitter_card":"summary_large_image","twitter_misc":{"Escrito por":"jcastaneda","Tiempo estimado de lectura":"3 minutos"},"schema":{"@context":"https:\/\/schema.org","@graph":[{"@type":"Article","@id":"https:\/\/explora.cl\/valparaiso\/la-inclusion-marca-nuevo-encuentro-de-la-red-de-cultura-cientifica\/#article","isPartOf":{"@id":"https:\/\/explora.cl\/valparaiso\/la-inclusion-marca-nuevo-encuentro-de-la-red-de-cultura-cientifica\/"},"author":{"name":"jcastaneda","@id":"https:\/\/explora.cl\/valparaiso\/#\/schema\/person\/c15e69495b8dbe0af0102f6bca43ba5d"},"headline":"La inclusi\u00f3n y la diversidad marcan un nuevo encuentro de la Red de Cultura Cient\u00edfica","datePublished":"2021-08-20T03:48:57+00:00","dateModified":"2021-10-04T17:01:54+00:00","mainEntityOfPage":{"@id":"https:\/\/explora.cl\/valparaiso\/la-inclusion-marca-nuevo-encuentro-de-la-red-de-cultura-cientifica\/"},"wordCount":710,"commentCount":0,"publisher":{"@id":"https:\/\/explora.cl\/valparaiso\/#organization"},"image":{"@id":"https:\/\/explora.cl\/valparaiso\/la-inclusion-marca-nuevo-encuentro-de-la-red-de-cultura-cientifica\/#primaryimage"},"thumbnailUrl":"https:\/\/explora.cl\/valparaiso\/wp-content\/uploads\/sites\/7\/2021\/08\/Captura-de-Pantalla-2021-08-19-a-las-17.50.55.png","keywords":["Inclusi\u00f3n","inclusi\u00f3n educativa","Proyecto Asociativo Regional EXPLORA Valparaiso","Red de Cultura Cient\u00edfica","Regi\u00f3n de Valpara\u00edso"],"articleSection":["Noticias"],"inLanguage":"es-CL","potentialAction":[{"@type":"CommentAction","name":"Comment","target":["https:\/\/explora.cl\/valparaiso\/la-inclusion-marca-nuevo-encuentro-de-la-red-de-cultura-cientifica\/#respond"]}]},{"@type":"WebPage","@id":"https:\/\/explora.cl\/valparaiso\/la-inclusion-marca-nuevo-encuentro-de-la-red-de-cultura-cientifica\/","url":"https:\/\/explora.cl\/valparaiso\/la-inclusion-marca-nuevo-encuentro-de-la-red-de-cultura-cientifica\/","name":"La inclusi\u00f3n y la diversidad marcan un nuevo encuentro de la Red de Cultura Cient\u00edfica - Valpara\u00edso","isPartOf":{"@id":"https:\/\/explora.cl\/valparaiso\/#website"},"primaryImageOfPage":{"@id":"https:\/\/explora.cl\/valparaiso\/la-inclusion-marca-nuevo-encuentro-de-la-red-de-cultura-cientifica\/#primaryimage"},"image":{"@id":"https:\/\/explora.cl\/valparaiso\/la-inclusion-marca-nuevo-encuentro-de-la-red-de-cultura-cientifica\/#primaryimage"},"thumbnailUrl":"https:\/\/explora.cl\/valparaiso\/wp-content\/uploads\/sites\/7\/2021\/08\/Captura-de-Pantalla-2021-08-19-a-las-17.50.55.png","datePublished":"2021-08-20T03:48:57+00:00","dateModified":"2021-10-04T17:01:54+00:00","breadcrumb":{"@id":"https:\/\/explora.cl\/valparaiso\/la-inclusion-marca-nuevo-encuentro-de-la-red-de-cultura-cientifica\/#breadcrumb"},"inLanguage":"es-CL","potentialAction":[{"@type":"ReadAction","target":["https:\/\/explora.cl\/valparaiso\/la-inclusion-marca-nuevo-encuentro-de-la-red-de-cultura-cientifica\/"]}]},{"@type":"ImageObject","inLanguage":"es-CL","@id":"https:\/\/explora.cl\/valparaiso\/la-inclusion-marca-nuevo-encuentro-de-la-red-de-cultura-cientifica\/#primaryimage","url":"https:\/\/explora.cl\/valparaiso\/wp-content\/uploads\/sites\/7\/2021\/08\/Captura-de-Pantalla-2021-08-19-a-las-17.50.55.png","contentUrl":"https:\/\/explora.cl\/valparaiso\/wp-content\/uploads\/sites\/7\/2021\/08\/Captura-de-Pantalla-2021-08-19-a-las-17.50.55.png","width":1007,"height":626},{"@type":"BreadcrumbList","@id":"https:\/\/explora.cl\/valparaiso\/la-inclusion-marca-nuevo-encuentro-de-la-red-de-cultura-cientifica\/#breadcrumb","itemListElement":[{"@type":"ListItem","position":1,"name":"Portada","item":"https:\/\/explora.cl\/valparaiso\/"},{"@type":"ListItem","position":2,"name":"La inclusi\u00f3n y la diversidad marcan un nuevo encuentro de la Red de Cultura Cient\u00edfica"}]},{"@type":"WebSite","@id":"https:\/\/explora.cl\/valparaiso\/#website","url":"https:\/\/explora.cl\/valparaiso\/","name":"Valpara\u00edso","description":"Otro sitio m\u00e1s de explora.cl","publisher":{"@id":"https:\/\/explora.cl\/valparaiso\/#organization"},"potentialAction":[{"@type":"SearchAction","target":{"@type":"EntryPoint","urlTemplate":"https:\/\/explora.cl\/valparaiso\/?s={search_term_string}"},"query-input":{"@type":"PropertyValueSpecification","valueRequired":true,"valueName":"search_term_string"}}],"inLanguage":"es-CL"},{"@type":"Organization","@id":"https:\/\/explora.cl\/valparaiso\/#organization","name":"Valpara\u00edso","url":"https:\/\/explora.cl\/valparaiso\/","logo":{"@type":"ImageObject","inLanguage":"es-CL","@id":"https:\/\/explora.cl\/valparaiso\/#\/schema\/logo\/image\/","url":"https:\/\/explora.cl\/valparaiso\/wp-content\/uploads\/sites\/7\/2019\/06\/cropped-logo-explora-color.jpg","contentUrl":"https:\/\/explora.cl\/valparaiso\/wp-content\/uploads\/sites\/7\/2019\/06\/cropped-logo-explora-color.jpg","width":2035,"height":584,"caption":"Valpara\u00edso"},"image":{"@id":"https:\/\/explora.cl\/valparaiso\/#\/schema\/logo\/image\/"}},{"@type":"Person","@id":"https:\/\/explora.cl\/valparaiso\/#\/schema\/person\/c15e69495b8dbe0af0102f6bca43ba5d","name":"jcastaneda","image":{"@type":"ImageObject","inLanguage":"es-CL","@id":"https:\/\/explora.cl\/valparaiso\/#\/schema\/person\/image\/","url":"https:\/\/secure.gravatar.com\/avatar\/f26661a8eef2f6444d9633928ef0219fd69e41c5be1ef5ef16afeee7cd4df675?s=96&d=mm&r=g","contentUrl":"https:\/\/secure.gravatar.com\/avatar\/f26661a8eef2f6444d9633928ef0219fd69e41c5be1ef5ef16afeee7cd4df675?s=96&d=mm&r=g","caption":"jcastaneda"},"url":"https:\/\/explora.cl\/valparaiso\/author\/jcastaneda\/"}]}},"_links":{"self":[{"href":"https:\/\/explora.cl\/valparaiso\/wp-json\/wp\/v2\/posts\/41419","targetHints":{"allow":["GET"]}}],"collection":[{"href":"https:\/\/explora.cl\/valparaiso\/wp-json\/wp\/v2\/posts"}],"about":[{"href":"https:\/\/explora.cl\/valparaiso\/wp-json\/wp\/v2\/types\/post"}],"author":[{"embeddable":true,"href":"https:\/\/explora.cl\/valparaiso\/wp-json\/wp\/v2\/users\/22"}],"replies":[{"embeddable":true,"href":"https:\/\/explora.cl\/valparaiso\/wp-json\/wp\/v2\/comments?post=41419"}],"version-history":[{"count":5,"href":"https:\/\/explora.cl\/valparaiso\/wp-json\/wp\/v2\/posts\/41419\/revisions"}],"predecessor-version":[{"id":41441,"href":"https:\/\/explora.cl\/valparaiso\/wp-json\/wp\/v2\/posts\/41419\/revisions\/41441"}],"wp:featuredmedia":[{"embeddable":true,"href":"https:\/\/explora.cl\/valparaiso\/wp-json\/wp\/v2\/media\/41424"}],"wp:attachment":[{"href":"https:\/\/explora.cl\/valparaiso\/wp-json\/wp\/v2\/media?parent=41419"}],"wp:term":[{"taxonomy":"category","embeddable":true,"href":"https:\/\/explora.cl\/valparaiso\/wp-json\/wp\/v2\/categories?post=41419"},{"taxonomy":"post_tag","embeddable":true,"href":"https:\/\/explora.cl\/valparaiso\/wp-json\/wp\/v2\/tags?post=41419"}],"curies":[{"name":"wp","href":"https:\/\/api.w.org\/{rel}","templated":true}]}}