{"id":41399,"date":"2021-08-13T10:56:45","date_gmt":"2021-08-13T14:56:45","guid":{"rendered":"https:\/\/explora.cl\/valparaiso\/?p=41399"},"modified":"2021-09-07T10:23:18","modified_gmt":"2021-09-07T13:23:18","slug":"sumate-a-nueva-consulta-ciudadana-y-destaquemos-a-las-mujeres-de-la-region-de-valparaiso","status":"publish","type":"post","link":"https:\/\/explora.cl\/valparaiso\/sumate-a-nueva-consulta-ciudadana-y-destaquemos-a-las-mujeres-de-la-region-de-valparaiso\/","title":{"rendered":"S\u00famate a nueva Consulta Ciudadana y destaquemos a las mujeres de la Regi\u00f3n de Valpara\u00edso"},"content":{"rendered":"<h3><strong>Hasta el 31 de agosto, todas y todos est\u00e1n invitadas a postular a mujeres destacadas de las distintas \u00e1reas de las Ciencias, la Tecnolog\u00eda, el Conocimiento y la Innovaci\u00f3n a trav\u00e9s de la Consulta \u201cMujeres destacadas de nuestra tierra\u201d. <\/strong><\/h3>\n<p><!--more--><\/p>\n<p>\u00bfConoces a mujeres destacadas de la regi\u00f3n de Valpara\u00edso en investigaci\u00f3n, en el combate a la pandemia, en literatura o en las artes? Con el fin de contribuir en la disminuci\u00f3n de la brecha de g\u00e9nero en la Regi\u00f3n de Valpara\u00edso, es que el Proyecto Explora Valpara\u00edso, con el apoyo de la Seremi de la Mujer y Equidad de g\u00e9nero y la Seremi de Ciencia de la Macrozona Centro, en colaboraci\u00f3n con cient\u00edficas, investigadoras y diversas especialistas del Comit\u00e9 de G\u00e9nero Explora, invitan a toda la comunidad regional a ser parte de la consulta <strong>\u201cMujeres destacadas de nuestra tierra\u201d<\/strong><\/p>\n<p>Puedes auto-postularte o postular a mujeres mayores de 18 a\u00f1os, de cualquiera de las ocho provincias de la Regi\u00f3n de Valpara\u00edso, que se desempe\u00f1en en cualquiera de las siguientes \u00e1reas:<\/p>\n<ul>\n<li>Ciencias sociales<\/li>\n<li>Ciencias naturales<\/li>\n<li>Ciencias m\u00e9dicas y de la salud<\/li>\n<li>Literatura y humanidades<\/li>\n<li>Cultura y las artes<\/li>\n<li>Tecnolog\u00eda e Innovaci\u00f3n<\/li>\n<\/ul>\n<p>De esta forma, la ciudadan\u00eda podr\u00e1 postular a quienes trabajan en diversos oficios, a quienes se desempe\u00f1an en educaci\u00f3n; a quienes realizan investigaci\u00f3n desde sus emprendimientos, a aquellas mujeres que trabajan por el cambio clim\u00e1tico, por la salud mental, en la agricultura, deportes, y en much\u00edsimas otras \u00e1reas. Tambi\u00e9n podr\u00e1n postular a mujeres que hayan tenido o tengan un rol importante en el combate de la pandemia contra el COVID-19, como doctoras, enfermeras, sic\u00f3logas, t\u00e9cnicas en enfermer\u00eda, y muchas otras.<\/p>\n<p>Para ser parte de la consulta, visita<a href=\"https:\/\/explora.cl\/valparaiso\/?attachment_id=41404\"> las bases disponibles en este enlace\u00a0<\/a> y completa <a href=\"https:\/\/docs.google.com\/forms\/d\/e\/1FAIpQLSfAAHcydlso9no7Py01dV5YUD6FfyG65tg_Xm5pAlboGRpWZg\/viewform\"><strong>hasta el 31 de agosto el siguiente formulario pinchando aqu\u00ed.<\/strong><\/a><\/p>\n<p><strong>Votaci\u00f3n popular e intervenciones urbanas <\/strong><\/p>\n<p>Con los nombres que surjan de esta Consulta, se invitar\u00e1 a toda la ciudadan\u00eda regional a participar de una votaci\u00f3n popular para seleccionar finalmente a la mujer que ser\u00e1 destacada por cada provincia de la regi\u00f3n. Con los resultados obtenidos, Explora Valpara\u00edso junto a las instituciones aliadas levantar\u00e1, en el marco del Festival de la Ciencia 2021, intervenciones urbanas en cada provincia y elaborar\u00e1 un material de difusi\u00f3n disponible para la comunidad.<\/p>\n<p>Asimismo, adem\u00e1s de ser parte de esta intervenci\u00f3n, aquellas mujeres que resulten destacadas recibir\u00e1n un kit de reconocimiento.<\/p>\n<p>Cabe se\u00f1alar que el Comit\u00e9 de G\u00e9nero Explora est\u00e1 conformado la Seremi de Ciencias de la Macrozona Centro<strong> Mar\u00eda Jos\u00e9 Escobar Silva y la periodista Daniela Rusowsky<\/strong> de la misma instituci\u00f3n; por la Seremi de la Mujer y Equidad de G\u00e9nero <strong>Valentina Stagno Gray<\/strong>; <strong>Andrea Aguilar<\/strong> del Centro CERES; <strong>Mariana Dur\u00e1n Fontecilla<\/strong> de la Universidad de Playa Ancha; <strong>Priscilla Nowajewski<\/strong> de la Fundaci\u00f3n de Ciencias Planetarias (Mars Society); <strong>Mariane Lutz Riquelme<\/strong> de la Universidad de Valpara\u00edso; y por la Directora de Explora Valpara\u00edso <strong>Mabel Keller<\/strong> y la Encargada de Comunicaciones <strong>Michelle Phillips<\/strong>.<\/p>\n<p>Recuerda \u00a1no te quedes fuera y participa! La Consulta \u201cMujeres destacadas de nuestra tierra\u201d estar\u00e1 disponible hasta el 31 de agosto <a href=\"https:\/\/docs.google.com\/forms\/d\/e\/1FAIpQLSfAAHcydlso9no7Py01dV5YUD6FfyG65tg_Xm5pAlboGRpWZg\/viewform\">a trav\u00e9s del siguiente enlace.<\/a><\/p>\n","protected":false},"excerpt":{"rendered":"<p>Hasta el 31 de agosto, todas y todos est\u00e1n invitadas a postular a mujeres destacadas de las distintas \u00e1reas de las Ciencias, la Tecnolog\u00eda, el Conocimiento y la Innovaci\u00f3n a trav\u00e9s de la Consulta \u201cMujeres destacadas de nuestra tierra\u201d.<\/p>\n","protected":false},"author":22,"featured_media":41412,"comment_status":"open","ping_status":"open","sticky":false,"template":"","format":"standard","meta":{"_acf_changed":false,"_exactmetrics_skip_tracking":false,"_exactmetrics_sitenote_active":false,"_exactmetrics_sitenote_note":"","_exactmetrics_sitenote_category":0,"footnotes":"","_links_to":"","_links_to_target":""},"categories":[4],"tags":[339,110,23,166,174],"class_list":["post-41399","post","type-post","status-publish","format-standard","has-post-thumbnail","hentry","category-noticias","tag-ciencia-regional","tag-cultura-cientifica","tag-explora","tag-proyecto-asociativo-regional-explora-valparaiso","tag-region-de-valparaiso"],"acf":[],"yoast_head":"<!-- This site is optimized with the Yoast SEO plugin v26.9 - https:\/\/yoast.com\/product\/yoast-seo-wordpress\/ -->\n<title>S\u00famate a nueva Consulta Ciudadana y destaquemos a las mujeres de la Regi\u00f3n de Valpara\u00edso - Valpara\u00edso<\/title>\n<meta name=\"robots\" content=\"index, follow, max-snippet:-1, max-image-preview:large, max-video-preview:-1\" \/>\n<link rel=\"canonical\" href=\"https:\/\/explora.cl\/valparaiso\/sumate-a-nueva-consulta-ciudadana-y-destaquemos-a-las-mujeres-de-la-region-de-valparaiso\/\" class=\"yoast-seo-meta-tag\" \/>\n<meta property=\"og:locale\" content=\"es_ES\" class=\"yoast-seo-meta-tag\" \/>\n<meta property=\"og:type\" content=\"article\" class=\"yoast-seo-meta-tag\" \/>\n<meta property=\"og:title\" content=\"S\u00famate a nueva Consulta Ciudadana y destaquemos a las mujeres de la Regi\u00f3n de Valpara\u00edso - Valpara\u00edso\" class=\"yoast-seo-meta-tag\" \/>\n<meta property=\"og:description\" content=\"Hasta el 31 de agosto, todas y todos est\u00e1n invitadas a postular a mujeres destacadas de las distintas \u00e1reas de las Ciencias, la Tecnolog\u00eda, el Conocimiento y la Innovaci\u00f3n a trav\u00e9s de la Consulta \u201cMujeres destacadas de nuestra tierra\u201d.\" class=\"yoast-seo-meta-tag\" \/>\n<meta property=\"og:url\" content=\"https:\/\/explora.cl\/valparaiso\/sumate-a-nueva-consulta-ciudadana-y-destaquemos-a-las-mujeres-de-la-region-de-valparaiso\/\" class=\"yoast-seo-meta-tag\" \/>\n<meta property=\"og:site_name\" content=\"Valpara\u00edso\" class=\"yoast-seo-meta-tag\" \/>\n<meta property=\"article:published_time\" content=\"2021-08-13T14:56:45+00:00\" class=\"yoast-seo-meta-tag\" \/>\n<meta property=\"article:modified_time\" content=\"2021-09-07T13:23:18+00:00\" class=\"yoast-seo-meta-tag\" \/>\n<meta property=\"og:image\" content=\"https:\/\/explora.cl\/valparaiso\/wp-content\/uploads\/sites\/7\/2021\/08\/dfcvccxcvx.jpg\" class=\"yoast-seo-meta-tag\" \/>\n\t<meta property=\"og:image:width\" content=\"1593\" class=\"yoast-seo-meta-tag\" \/>\n\t<meta property=\"og:image:height\" content=\"989\" class=\"yoast-seo-meta-tag\" \/>\n\t<meta property=\"og:image:type\" content=\"image\/jpeg\" class=\"yoast-seo-meta-tag\" \/>\n<meta name=\"author\" content=\"jcastaneda\" class=\"yoast-seo-meta-tag\" \/>\n<meta name=\"twitter:card\" content=\"summary_large_image\" class=\"yoast-seo-meta-tag\" \/>\n<meta name=\"twitter:label1\" content=\"Escrito por\" class=\"yoast-seo-meta-tag\" \/>\n\t<meta name=\"twitter:data1\" content=\"jcastaneda\" class=\"yoast-seo-meta-tag\" \/>\n\t<meta name=\"twitter:label2\" content=\"Tiempo estimado de lectura\" class=\"yoast-seo-meta-tag\" \/>\n\t<meta name=\"twitter:data2\" content=\"3 minutos\" class=\"yoast-seo-meta-tag\" \/>\n<script type=\"application\/ld+json\" class=\"yoast-schema-graph\">{\"@context\":\"https:\/\/schema.org\",\"@graph\":[{\"@type\":\"Article\",\"@id\":\"https:\/\/explora.cl\/valparaiso\/sumate-a-nueva-consulta-ciudadana-y-destaquemos-a-las-mujeres-de-la-region-de-valparaiso\/#article\",\"isPartOf\":{\"@id\":\"https:\/\/explora.cl\/valparaiso\/sumate-a-nueva-consulta-ciudadana-y-destaquemos-a-las-mujeres-de-la-region-de-valparaiso\/\"},\"author\":{\"name\":\"jcastaneda\",\"@id\":\"https:\/\/explora.cl\/valparaiso\/#\/schema\/person\/c15e69495b8dbe0af0102f6bca43ba5d\"},\"headline\":\"S\u00famate a nueva Consulta Ciudadana y destaquemos a las mujeres de la Regi\u00f3n de Valpara\u00edso\",\"datePublished\":\"2021-08-13T14:56:45+00:00\",\"dateModified\":\"2021-09-07T13:23:18+00:00\",\"mainEntityOfPage\":{\"@id\":\"https:\/\/explora.cl\/valparaiso\/sumate-a-nueva-consulta-ciudadana-y-destaquemos-a-las-mujeres-de-la-region-de-valparaiso\/\"},\"wordCount\":572,\"commentCount\":0,\"publisher\":{\"@id\":\"https:\/\/explora.cl\/valparaiso\/#organization\"},\"image\":{\"@id\":\"https:\/\/explora.cl\/valparaiso\/sumate-a-nueva-consulta-ciudadana-y-destaquemos-a-las-mujeres-de-la-region-de-valparaiso\/#primaryimage\"},\"thumbnailUrl\":\"https:\/\/explora.cl\/valparaiso\/wp-content\/uploads\/sites\/7\/2021\/08\/dfcvccxcvx.jpg\",\"keywords\":[\"ciencia regional\",\"cultura cientifica\",\"EXPLORA\",\"Proyecto Asociativo Regional EXPLORA Valparaiso\",\"Regi\u00f3n de Valpara\u00edso\"],\"articleSection\":[\"Noticias\"],\"inLanguage\":\"es-CL\",\"potentialAction\":[{\"@type\":\"CommentAction\",\"name\":\"Comment\",\"target\":[\"https:\/\/explora.cl\/valparaiso\/sumate-a-nueva-consulta-ciudadana-y-destaquemos-a-las-mujeres-de-la-region-de-valparaiso\/#respond\"]}]},{\"@type\":\"WebPage\",\"@id\":\"https:\/\/explora.cl\/valparaiso\/sumate-a-nueva-consulta-ciudadana-y-destaquemos-a-las-mujeres-de-la-region-de-valparaiso\/\",\"url\":\"https:\/\/explora.cl\/valparaiso\/sumate-a-nueva-consulta-ciudadana-y-destaquemos-a-las-mujeres-de-la-region-de-valparaiso\/\",\"name\":\"S\u00famate a nueva Consulta Ciudadana y destaquemos a las mujeres de la Regi\u00f3n de Valpara\u00edso - Valpara\u00edso\",\"isPartOf\":{\"@id\":\"https:\/\/explora.cl\/valparaiso\/#website\"},\"primaryImageOfPage\":{\"@id\":\"https:\/\/explora.cl\/valparaiso\/sumate-a-nueva-consulta-ciudadana-y-destaquemos-a-las-mujeres-de-la-region-de-valparaiso\/#primaryimage\"},\"image\":{\"@id\":\"https:\/\/explora.cl\/valparaiso\/sumate-a-nueva-consulta-ciudadana-y-destaquemos-a-las-mujeres-de-la-region-de-valparaiso\/#primaryimage\"},\"thumbnailUrl\":\"https:\/\/explora.cl\/valparaiso\/wp-content\/uploads\/sites\/7\/2021\/08\/dfcvccxcvx.jpg\",\"datePublished\":\"2021-08-13T14:56:45+00:00\",\"dateModified\":\"2021-09-07T13:23:18+00:00\",\"breadcrumb\":{\"@id\":\"https:\/\/explora.cl\/valparaiso\/sumate-a-nueva-consulta-ciudadana-y-destaquemos-a-las-mujeres-de-la-region-de-valparaiso\/#breadcrumb\"},\"inLanguage\":\"es-CL\",\"potentialAction\":[{\"@type\":\"ReadAction\",\"target\":[\"https:\/\/explora.cl\/valparaiso\/sumate-a-nueva-consulta-ciudadana-y-destaquemos-a-las-mujeres-de-la-region-de-valparaiso\/\"]}]},{\"@type\":\"ImageObject\",\"inLanguage\":\"es-CL\",\"@id\":\"https:\/\/explora.cl\/valparaiso\/sumate-a-nueva-consulta-ciudadana-y-destaquemos-a-las-mujeres-de-la-region-de-valparaiso\/#primaryimage\",\"url\":\"https:\/\/explora.cl\/valparaiso\/wp-content\/uploads\/sites\/7\/2021\/08\/dfcvccxcvx.jpg\",\"contentUrl\":\"https:\/\/explora.cl\/valparaiso\/wp-content\/uploads\/sites\/7\/2021\/08\/dfcvccxcvx.jpg\",\"width\":1593,\"height\":989},{\"@type\":\"BreadcrumbList\",\"@id\":\"https:\/\/explora.cl\/valparaiso\/sumate-a-nueva-consulta-ciudadana-y-destaquemos-a-las-mujeres-de-la-region-de-valparaiso\/#breadcrumb\",\"itemListElement\":[{\"@type\":\"ListItem\",\"position\":1,\"name\":\"Portada\",\"item\":\"https:\/\/explora.cl\/valparaiso\/\"},{\"@type\":\"ListItem\",\"position\":2,\"name\":\"S\u00famate a nueva Consulta Ciudadana y destaquemos a las mujeres de la Regi\u00f3n de Valpara\u00edso\"}]},{\"@type\":\"WebSite\",\"@id\":\"https:\/\/explora.cl\/valparaiso\/#website\",\"url\":\"https:\/\/explora.cl\/valparaiso\/\",\"name\":\"Valpara\u00edso\",\"description\":\"Otro sitio m\u00e1s de explora.cl\",\"publisher\":{\"@id\":\"https:\/\/explora.cl\/valparaiso\/#organization\"},\"potentialAction\":[{\"@type\":\"SearchAction\",\"target\":{\"@type\":\"EntryPoint\",\"urlTemplate\":\"https:\/\/explora.cl\/valparaiso\/?s={search_term_string}\"},\"query-input\":{\"@type\":\"PropertyValueSpecification\",\"valueRequired\":true,\"valueName\":\"search_term_string\"}}],\"inLanguage\":\"es-CL\"},{\"@type\":\"Organization\",\"@id\":\"https:\/\/explora.cl\/valparaiso\/#organization\",\"name\":\"Valpara\u00edso\",\"url\":\"https:\/\/explora.cl\/valparaiso\/\",\"logo\":{\"@type\":\"ImageObject\",\"inLanguage\":\"es-CL\",\"@id\":\"https:\/\/explora.cl\/valparaiso\/#\/schema\/logo\/image\/\",\"url\":\"https:\/\/explora.cl\/valparaiso\/wp-content\/uploads\/sites\/7\/2019\/06\/cropped-logo-explora-color.jpg\",\"contentUrl\":\"https:\/\/explora.cl\/valparaiso\/wp-content\/uploads\/sites\/7\/2019\/06\/cropped-logo-explora-color.jpg\",\"width\":2035,\"height\":584,\"caption\":\"Valpara\u00edso\"},\"image\":{\"@id\":\"https:\/\/explora.cl\/valparaiso\/#\/schema\/logo\/image\/\"}},{\"@type\":\"Person\",\"@id\":\"https:\/\/explora.cl\/valparaiso\/#\/schema\/person\/c15e69495b8dbe0af0102f6bca43ba5d\",\"name\":\"jcastaneda\",\"image\":{\"@type\":\"ImageObject\",\"inLanguage\":\"es-CL\",\"@id\":\"https:\/\/explora.cl\/valparaiso\/#\/schema\/person\/image\/\",\"url\":\"https:\/\/secure.gravatar.com\/avatar\/f26661a8eef2f6444d9633928ef0219fd69e41c5be1ef5ef16afeee7cd4df675?s=96&d=mm&r=g\",\"contentUrl\":\"https:\/\/secure.gravatar.com\/avatar\/f26661a8eef2f6444d9633928ef0219fd69e41c5be1ef5ef16afeee7cd4df675?s=96&d=mm&r=g\",\"caption\":\"jcastaneda\"},\"url\":\"https:\/\/explora.cl\/valparaiso\/author\/jcastaneda\/\"}]}<\/script>\n<!-- \/ Yoast SEO plugin. -->","yoast_head_json":{"title":"S\u00famate a nueva Consulta Ciudadana y destaquemos a las mujeres de la Regi\u00f3n de Valpara\u00edso - Valpara\u00edso","robots":{"index":"index","follow":"follow","max-snippet":"max-snippet:-1","max-image-preview":"max-image-preview:large","max-video-preview":"max-video-preview:-1"},"canonical":"https:\/\/explora.cl\/valparaiso\/sumate-a-nueva-consulta-ciudadana-y-destaquemos-a-las-mujeres-de-la-region-de-valparaiso\/","og_locale":"es_ES","og_type":"article","og_title":"S\u00famate a nueva Consulta Ciudadana y destaquemos a las mujeres de la Regi\u00f3n de Valpara\u00edso - Valpara\u00edso","og_description":"Hasta el 31 de agosto, todas y todos est\u00e1n invitadas a postular a mujeres destacadas de las distintas \u00e1reas de las Ciencias, la Tecnolog\u00eda, el Conocimiento y la Innovaci\u00f3n a trav\u00e9s de la Consulta \u201cMujeres destacadas de nuestra tierra\u201d.","og_url":"https:\/\/explora.cl\/valparaiso\/sumate-a-nueva-consulta-ciudadana-y-destaquemos-a-las-mujeres-de-la-region-de-valparaiso\/","og_site_name":"Valpara\u00edso","article_published_time":"2021-08-13T14:56:45+00:00","article_modified_time":"2021-09-07T13:23:18+00:00","og_image":[{"width":1593,"height":989,"url":"https:\/\/explora.cl\/valparaiso\/wp-content\/uploads\/sites\/7\/2021\/08\/dfcvccxcvx.jpg","type":"image\/jpeg"}],"author":"jcastaneda","twitter_card":"summary_large_image","twitter_misc":{"Escrito por":"jcastaneda","Tiempo estimado de lectura":"3 minutos"},"schema":{"@context":"https:\/\/schema.org","@graph":[{"@type":"Article","@id":"https:\/\/explora.cl\/valparaiso\/sumate-a-nueva-consulta-ciudadana-y-destaquemos-a-las-mujeres-de-la-region-de-valparaiso\/#article","isPartOf":{"@id":"https:\/\/explora.cl\/valparaiso\/sumate-a-nueva-consulta-ciudadana-y-destaquemos-a-las-mujeres-de-la-region-de-valparaiso\/"},"author":{"name":"jcastaneda","@id":"https:\/\/explora.cl\/valparaiso\/#\/schema\/person\/c15e69495b8dbe0af0102f6bca43ba5d"},"headline":"S\u00famate a nueva Consulta Ciudadana y destaquemos a las mujeres de la Regi\u00f3n de Valpara\u00edso","datePublished":"2021-08-13T14:56:45+00:00","dateModified":"2021-09-07T13:23:18+00:00","mainEntityOfPage":{"@id":"https:\/\/explora.cl\/valparaiso\/sumate-a-nueva-consulta-ciudadana-y-destaquemos-a-las-mujeres-de-la-region-de-valparaiso\/"},"wordCount":572,"commentCount":0,"publisher":{"@id":"https:\/\/explora.cl\/valparaiso\/#organization"},"image":{"@id":"https:\/\/explora.cl\/valparaiso\/sumate-a-nueva-consulta-ciudadana-y-destaquemos-a-las-mujeres-de-la-region-de-valparaiso\/#primaryimage"},"thumbnailUrl":"https:\/\/explora.cl\/valparaiso\/wp-content\/uploads\/sites\/7\/2021\/08\/dfcvccxcvx.jpg","keywords":["ciencia regional","cultura cientifica","EXPLORA","Proyecto Asociativo Regional EXPLORA Valparaiso","Regi\u00f3n de Valpara\u00edso"],"articleSection":["Noticias"],"inLanguage":"es-CL","potentialAction":[{"@type":"CommentAction","name":"Comment","target":["https:\/\/explora.cl\/valparaiso\/sumate-a-nueva-consulta-ciudadana-y-destaquemos-a-las-mujeres-de-la-region-de-valparaiso\/#respond"]}]},{"@type":"WebPage","@id":"https:\/\/explora.cl\/valparaiso\/sumate-a-nueva-consulta-ciudadana-y-destaquemos-a-las-mujeres-de-la-region-de-valparaiso\/","url":"https:\/\/explora.cl\/valparaiso\/sumate-a-nueva-consulta-ciudadana-y-destaquemos-a-las-mujeres-de-la-region-de-valparaiso\/","name":"S\u00famate a nueva Consulta Ciudadana y destaquemos a las mujeres de la Regi\u00f3n de Valpara\u00edso - Valpara\u00edso","isPartOf":{"@id":"https:\/\/explora.cl\/valparaiso\/#website"},"primaryImageOfPage":{"@id":"https:\/\/explora.cl\/valparaiso\/sumate-a-nueva-consulta-ciudadana-y-destaquemos-a-las-mujeres-de-la-region-de-valparaiso\/#primaryimage"},"image":{"@id":"https:\/\/explora.cl\/valparaiso\/sumate-a-nueva-consulta-ciudadana-y-destaquemos-a-las-mujeres-de-la-region-de-valparaiso\/#primaryimage"},"thumbnailUrl":"https:\/\/explora.cl\/valparaiso\/wp-content\/uploads\/sites\/7\/2021\/08\/dfcvccxcvx.jpg","datePublished":"2021-08-13T14:56:45+00:00","dateModified":"2021-09-07T13:23:18+00:00","breadcrumb":{"@id":"https:\/\/explora.cl\/valparaiso\/sumate-a-nueva-consulta-ciudadana-y-destaquemos-a-las-mujeres-de-la-region-de-valparaiso\/#breadcrumb"},"inLanguage":"es-CL","potentialAction":[{"@type":"ReadAction","target":["https:\/\/explora.cl\/valparaiso\/sumate-a-nueva-consulta-ciudadana-y-destaquemos-a-las-mujeres-de-la-region-de-valparaiso\/"]}]},{"@type":"ImageObject","inLanguage":"es-CL","@id":"https:\/\/explora.cl\/valparaiso\/sumate-a-nueva-consulta-ciudadana-y-destaquemos-a-las-mujeres-de-la-region-de-valparaiso\/#primaryimage","url":"https:\/\/explora.cl\/valparaiso\/wp-content\/uploads\/sites\/7\/2021\/08\/dfcvccxcvx.jpg","contentUrl":"https:\/\/explora.cl\/valparaiso\/wp-content\/uploads\/sites\/7\/2021\/08\/dfcvccxcvx.jpg","width":1593,"height":989},{"@type":"BreadcrumbList","@id":"https:\/\/explora.cl\/valparaiso\/sumate-a-nueva-consulta-ciudadana-y-destaquemos-a-las-mujeres-de-la-region-de-valparaiso\/#breadcrumb","itemListElement":[{"@type":"ListItem","position":1,"name":"Portada","item":"https:\/\/explora.cl\/valparaiso\/"},{"@type":"ListItem","position":2,"name":"S\u00famate a nueva Consulta Ciudadana y destaquemos a las mujeres de la Regi\u00f3n de Valpara\u00edso"}]},{"@type":"WebSite","@id":"https:\/\/explora.cl\/valparaiso\/#website","url":"https:\/\/explora.cl\/valparaiso\/","name":"Valpara\u00edso","description":"Otro sitio m\u00e1s de explora.cl","publisher":{"@id":"https:\/\/explora.cl\/valparaiso\/#organization"},"potentialAction":[{"@type":"SearchAction","target":{"@type":"EntryPoint","urlTemplate":"https:\/\/explora.cl\/valparaiso\/?s={search_term_string}"},"query-input":{"@type":"PropertyValueSpecification","valueRequired":true,"valueName":"search_term_string"}}],"inLanguage":"es-CL"},{"@type":"Organization","@id":"https:\/\/explora.cl\/valparaiso\/#organization","name":"Valpara\u00edso","url":"https:\/\/explora.cl\/valparaiso\/","logo":{"@type":"ImageObject","inLanguage":"es-CL","@id":"https:\/\/explora.cl\/valparaiso\/#\/schema\/logo\/image\/","url":"https:\/\/explora.cl\/valparaiso\/wp-content\/uploads\/sites\/7\/2019\/06\/cropped-logo-explora-color.jpg","contentUrl":"https:\/\/explora.cl\/valparaiso\/wp-content\/uploads\/sites\/7\/2019\/06\/cropped-logo-explora-color.jpg","width":2035,"height":584,"caption":"Valpara\u00edso"},"image":{"@id":"https:\/\/explora.cl\/valparaiso\/#\/schema\/logo\/image\/"}},{"@type":"Person","@id":"https:\/\/explora.cl\/valparaiso\/#\/schema\/person\/c15e69495b8dbe0af0102f6bca43ba5d","name":"jcastaneda","image":{"@type":"ImageObject","inLanguage":"es-CL","@id":"https:\/\/explora.cl\/valparaiso\/#\/schema\/person\/image\/","url":"https:\/\/secure.gravatar.com\/avatar\/f26661a8eef2f6444d9633928ef0219fd69e41c5be1ef5ef16afeee7cd4df675?s=96&d=mm&r=g","contentUrl":"https:\/\/secure.gravatar.com\/avatar\/f26661a8eef2f6444d9633928ef0219fd69e41c5be1ef5ef16afeee7cd4df675?s=96&d=mm&r=g","caption":"jcastaneda"},"url":"https:\/\/explora.cl\/valparaiso\/author\/jcastaneda\/"}]}},"_links":{"self":[{"href":"https:\/\/explora.cl\/valparaiso\/wp-json\/wp\/v2\/posts\/41399","targetHints":{"allow":["GET"]}}],"collection":[{"href":"https:\/\/explora.cl\/valparaiso\/wp-json\/wp\/v2\/posts"}],"about":[{"href":"https:\/\/explora.cl\/valparaiso\/wp-json\/wp\/v2\/types\/post"}],"author":[{"embeddable":true,"href":"https:\/\/explora.cl\/valparaiso\/wp-json\/wp\/v2\/users\/22"}],"replies":[{"embeddable":true,"href":"https:\/\/explora.cl\/valparaiso\/wp-json\/wp\/v2\/comments?post=41399"}],"version-history":[{"count":3,"href":"https:\/\/explora.cl\/valparaiso\/wp-json\/wp\/v2\/posts\/41399\/revisions"}],"predecessor-version":[{"id":41411,"href":"https:\/\/explora.cl\/valparaiso\/wp-json\/wp\/v2\/posts\/41399\/revisions\/41411"}],"wp:featuredmedia":[{"embeddable":true,"href":"https:\/\/explora.cl\/valparaiso\/wp-json\/wp\/v2\/media\/41412"}],"wp:attachment":[{"href":"https:\/\/explora.cl\/valparaiso\/wp-json\/wp\/v2\/media?parent=41399"}],"wp:term":[{"taxonomy":"category","embeddable":true,"href":"https:\/\/explora.cl\/valparaiso\/wp-json\/wp\/v2\/categories?post=41399"},{"taxonomy":"post_tag","embeddable":true,"href":"https:\/\/explora.cl\/valparaiso\/wp-json\/wp\/v2\/tags?post=41399"}],"curies":[{"name":"wp","href":"https:\/\/api.w.org\/{rel}","templated":true}]}}