{"id":41380,"date":"2021-08-09T18:14:00","date_gmt":"2021-08-09T22:14:00","guid":{"rendered":"https:\/\/explora.cl\/valparaiso\/?p=41380"},"modified":"2021-09-14T13:01:26","modified_gmt":"2021-09-14T16:01:26","slug":"abiertas-las-postulaciones-al-congreso-regional-de-investigacion-e-innovacion-escolar-de-la-region-de-valparaiso","status":"publish","type":"post","link":"https:\/\/explora.cl\/valparaiso\/abiertas-las-postulaciones-al-congreso-regional-de-investigacion-e-innovacion-escolar-de-la-region-de-valparaiso\/","title":{"rendered":"Abiertas las postulaciones al Congreso Regional de Investigaci\u00f3n e Innovaci\u00f3n Escolar"},"content":{"rendered":"<h3><strong>El Proyecto Explora Valpara\u00edso invita a escolares de 5\u00b0 b\u00e1sico a 4\u00b0 medio, de todo el territorio regional, a postular hasta el 23 de septiembre a este evento de socializaci\u00f3n de sus proyectos de investigaci\u00f3n e innovaci\u00f3n. <\/strong><\/h3>\n<p><!--more--><\/p>\n<p><span style=\"font-weight: 400\">Equipos compuestos por <\/span><span style=\"font-weight: 400\">ni\u00f1os, ni\u00f1as y j\u00f3venes de 5\u00b0 b\u00e1sico a 4\u00b0 medio, pertenecientes a establecimientos educacionales u otra entidades de las 38 comunas de la Regi\u00f3n de Valpara\u00edso, est\u00e1n invitados\/as a postular al Congreso Regional Explora de Investigaci\u00f3n e Innovaci\u00f3n Escolar.\u00a0<\/span><\/p>\n<p><span style=\"font-weight: 400\">Este evento -que se desarrollar\u00e1 en <\/span><b>modalidad virtual entre el 10 y el 11 de noviembre<\/b><span style=\"font-weight: 400\"> en nuestra regi\u00f3n- busca motivar a estudiantes y docentes a desarrollar m\u00e1s y mejor investigaci\u00f3n y\/o innovaci\u00f3n escolar; adem\u00e1s de proporcionar el espacio para que socialicen los resultados de sus proyectos, mientras desarrollan habilidades comunicacionales y de argumentaci\u00f3n en la interacci\u00f3n con sus pares.\u00a0<\/span><\/p>\n<p><span style=\"font-weight: 400\">Para ser parte de este evento, deber\u00e1n <\/span><b>postular <a href=\"https:\/\/docs.google.com\/forms\/d\/e\/1FAIpQLSfkqTlH44HqUJSWAXFdfzKCqgP2rxWXLOgo6Y_edQ03a0xqIw\/viewform\">completando este formulario \u00fanico<\/a><\/b><span style=\"font-weight: 400\">, <\/span><b>hasta el pr\u00f3ximo 23 de septiembre<\/b><span style=\"font-weight: 400\">\u00a0como fecha de cierre de esta etapa, siguiendo todos los requisitos establecidos en<a href=\"https:\/\/explora.cl\/blog\/congreso-regional-de-investigacion-escolar-1\/\"><strong> las Bases del Congreso, que puedes encontrar pinchando aqu\u00ed.<\/strong><\/a><\/span><\/p>\n<p><span style=\"font-weight: 400\"><strong>Los equipos seleccionados al Congreso Regional ser\u00e1n notificados el martes 19 de octubre<\/strong> v\u00eda correo electr\u00f3nico y publicados en esta misma p\u00e1gina web. Posterior a la notificaci\u00f3n, los equipos deber\u00e1n trabajar en un video en el que se explique su proyecto, el cual ser\u00e1 revisado por un Comit\u00e9 Cient\u00edfico Evaluador (las instrucciones para la elaboraci\u00f3n de este recurso audiovisual ser\u00e1n comunicadas a los equipos seleccionados).\u00a0\u00a0<\/span><\/p>\n<p><span style=\"font-weight: 400\">Finalmente, durante el Congreso, este Comit\u00e9 Cient\u00edfico Evaluador podr\u00e1 interactuar con los equipos y realizar preguntas sobre el proyecto.<\/span><span style=\"font-weight: 400\"><br \/>\n<\/span><\/p>\n<p><b>Para quienes quieran postular a este evento, o necesiten mayor informaci\u00f3n, Explora Valpara\u00edso realizar\u00e1 una Jornada Informativa <\/b><strong>abierta a estudiantes, docentes, directivos\/as y toda la comunidad educativa<\/strong><b> interesada, el pr\u00f3ximo jueves 19 de agosto a las 16.00 horas<\/b><span style=\"font-weight: 400\">, con la misi\u00f3n de poder aclarar dudas y consultas respecto a las bases. <strong><a href=\"https:\/\/us02web.zoom.us\/meeting\/register\/tZYvdOmqpjopEtSHYdhGBYdG-iRp-Mt5Ou1g\">Si quieres ser parte de esta jornada, inscr\u00edbete aqu\u00ed.<\/a><\/strong><\/span><\/p>\n<p><span style=\"font-weight: 400\">Fechas importantes:<\/span><\/p>\n<table style=\"height: 518px\" width=\"805\">\n<tbody>\n<tr>\n<td><span style=\"font-weight: 400\">Evento<\/span><\/td>\n<td><span style=\"font-weight: 400\">Fecha\u00a0<\/span><\/td>\n<td><span style=\"font-weight: 400\">Horarios<\/span><\/td>\n<td><span style=\"font-weight: 400\">Participantes<\/span><\/td>\n<td><span style=\"font-weight: 400\">V\u00eda<\/span><\/td>\n<\/tr>\n<tr>\n<td><span style=\"font-weight: 400\">Jornada informativa<\/span><\/td>\n<td><span style=\"font-weight: 400\">19 de agosto<\/span><\/td>\n<td><span style=\"font-weight: 400\">16:00 horas<\/span><\/td>\n<td><span style=\"font-weight: 400\">Comunidad educativa interesada<\/span><\/td>\n<td><a href=\"https:\/\/us02web.zoom.us\/meeting\/register\/tZYvdOmqpjopEtSHYdhGBYdG-iRp-Mt5Ou1g\"><span style=\"font-weight: 400\">Enlace inscripci\u00f3n<\/span><\/a><\/td>\n<\/tr>\n<tr>\n<td><span style=\"font-weight: 400\">Postulaci\u00f3n al Congreso Regional<\/span><\/td>\n<td><span style=\"font-weight: 400\">Del 9 de agosto al 12 de septiembre<\/span><\/td>\n<td><span style=\"font-weight: 400\">Hasta las 23:59 horas<\/span><\/td>\n<td><span style=\"font-weight: 400\">Equipos de IIE interesados en participar<\/span><\/td>\n<td><a href=\"https:\/\/docs.google.com\/forms\/d\/e\/1FAIpQLSfkqTlH44HqUJSWAXFdfzKCqgP2rxWXLOgo6Y_edQ03a0xqIw\/viewform\"><span style=\"font-weight: 400\">Formulario \u00fanico de postulaci\u00f3n<\/span><\/a><\/td>\n<\/tr>\n<tr>\n<td><span style=\"font-weight: 400\">Notificaci\u00f3n de resultados y seleccionados\/as<\/span><\/td>\n<td><span style=\"font-weight: 400\">19 octubre<\/span><\/td>\n<td><span style=\"font-weight: 400\">18:00 horas<\/span><\/td>\n<td><span style=\"font-weight: 400\">&#8211;<\/span><\/td>\n<td><span style=\"font-weight: 400\">Correo electr\u00f3nico y publicaci\u00f3n en explora.cl\/valpara\u00edso<\/span><\/td>\n<\/tr>\n<tr>\n<td><span style=\"font-weight: 400\">Env\u00edo de los videos de los proyectos seleccionados\u00a0<\/span><\/td>\n<td><span style=\"font-weight: 400\">3 de noviembre<\/span><\/td>\n<td><span style=\"font-weight: 400\"><br \/>\n<\/span><span style=\"font-weight: 400\">Hasta las 23:59 horas<\/span><\/td>\n<td><span style=\"font-weight: 400\">Equipos seleccionados al Congreso Regional<\/span><\/td>\n<td><span style=\"font-weight: 400\">Correo electr\u00f3nico<\/span><\/td>\n<\/tr>\n<tr>\n<td><span style=\"font-weight: 400\">Congreso Regional<\/span><\/td>\n<td><span style=\"font-weight: 400\"><br \/>\n<\/span><span style=\"font-weight: 400\">10 y 11 de noviembre<\/span><\/td>\n<td><span style=\"font-weight: 400\"><br \/>\n<\/span><span style=\"font-weight: 400\">Toda la Jornada<\/span><\/td>\n<td>&nbsp;<\/p>\n<p><span style=\"font-weight: 400\">Equipos seleccionados al Congreso Regional<\/span><\/td>\n<td><span style=\"font-weight: 400\">Zoom<\/span><\/td>\n<\/tr>\n<\/tbody>\n<\/table>\n<p>&nbsp;<\/p>\n<p><span style=\"font-weight: 400\">Para consultas o inquietudes, escr\u00edbenos a <\/span><a href=\"mailto:congresoescolar@pucv.cl\"><span style=\"font-weight: 400\">congresoescolar@pucv.cl<\/span><\/a><span style=\"font-weight: 400\">.\u00a0<\/span><\/p>\n<p><span style=\"font-weight: 400\">\u00a1An\u00edmate y s\u00e9 parte de esta entretenida y gran experiencia!\u00a0<\/span><\/p>\n","protected":false},"excerpt":{"rendered":"<p>El Proyecto Explora Valpara\u00edso invita a escolares de 5\u00b0 b\u00e1sico a 4\u00b0 medio, de todo el territorio regional, a postular hasta el 23 de septiembre a este evento de socializaci\u00f3n de sus proyectos de investigaci\u00f3n e innovaci\u00f3n.<\/p>\n","protected":false},"author":22,"featured_media":41485,"comment_status":"open","ping_status":"open","sticky":false,"template":"","format":"standard","meta":{"_acf_changed":false,"_exactmetrics_skip_tracking":false,"_exactmetrics_sitenote_active":false,"_exactmetrics_sitenote_note":"","_exactmetrics_sitenote_category":0,"footnotes":"","_links_to":"","_links_to_target":""},"categories":[4],"tags":[522,339,101,1059,366,110,14,946,166,174,204],"class_list":["post-41380","post","type-post","status-publish","format-standard","has-post-thumbnail","hentry","category-noticias","tag-academias-explora","tag-ciencia-regional","tag-congreso-regional","tag-congreso-regional-explora-de-investigacion-e-innovacion-escolar","tag-cultura","tag-cultura-cientifica","tag-investigacion-cientifica-escolar","tag-investigacion-e-innovacion-escolar","tag-proyecto-asociativo-regional-explora-valparaiso","tag-region-de-valparaiso","tag-valparaiso"],"acf":[],"yoast_head":"<!-- This site is optimized with the Yoast SEO plugin v26.9 - https:\/\/yoast.com\/product\/yoast-seo-wordpress\/ -->\n<title>Abiertas las postulaciones al Congreso Regional de Investigaci\u00f3n e Innovaci\u00f3n Escolar - Valpara\u00edso<\/title>\n<meta name=\"robots\" content=\"index, follow, max-snippet:-1, max-image-preview:large, max-video-preview:-1\" \/>\n<link rel=\"canonical\" href=\"https:\/\/explora.cl\/valparaiso\/abiertas-las-postulaciones-al-congreso-regional-de-investigacion-e-innovacion-escolar-de-la-region-de-valparaiso\/\" class=\"yoast-seo-meta-tag\" \/>\n<meta property=\"og:locale\" content=\"es_ES\" class=\"yoast-seo-meta-tag\" \/>\n<meta property=\"og:type\" content=\"article\" class=\"yoast-seo-meta-tag\" \/>\n<meta property=\"og:title\" content=\"Abiertas las postulaciones al Congreso Regional de Investigaci\u00f3n e Innovaci\u00f3n Escolar - Valpara\u00edso\" class=\"yoast-seo-meta-tag\" \/>\n<meta property=\"og:description\" content=\"El Proyecto Explora Valpara\u00edso invita a escolares de 5\u00b0 b\u00e1sico a 4\u00b0 medio, de todo el territorio regional, a postular hasta el 23 de septiembre a este evento de socializaci\u00f3n de sus proyectos de investigaci\u00f3n e innovaci\u00f3n.\" class=\"yoast-seo-meta-tag\" \/>\n<meta property=\"og:url\" content=\"https:\/\/explora.cl\/valparaiso\/abiertas-las-postulaciones-al-congreso-regional-de-investigacion-e-innovacion-escolar-de-la-region-de-valparaiso\/\" class=\"yoast-seo-meta-tag\" \/>\n<meta property=\"og:site_name\" content=\"Valpara\u00edso\" class=\"yoast-seo-meta-tag\" \/>\n<meta property=\"article:published_time\" content=\"2021-08-09T22:14:00+00:00\" class=\"yoast-seo-meta-tag\" \/>\n<meta property=\"article:modified_time\" content=\"2021-09-14T16:01:26+00:00\" class=\"yoast-seo-meta-tag\" \/>\n<meta property=\"og:image\" content=\"https:\/\/explora.cl\/valparaiso\/wp-content\/uploads\/sites\/7\/2021\/08\/23-e1631635269617.png\" class=\"yoast-seo-meta-tag\" \/>\n\t<meta property=\"og:image:width\" content=\"800\" class=\"yoast-seo-meta-tag\" \/>\n\t<meta property=\"og:image:height\" content=\"450\" class=\"yoast-seo-meta-tag\" \/>\n\t<meta property=\"og:image:type\" content=\"image\/png\" class=\"yoast-seo-meta-tag\" \/>\n<meta name=\"author\" content=\"jcastaneda\" class=\"yoast-seo-meta-tag\" \/>\n<meta name=\"twitter:card\" content=\"summary_large_image\" class=\"yoast-seo-meta-tag\" \/>\n<meta name=\"twitter:label1\" content=\"Escrito por\" class=\"yoast-seo-meta-tag\" \/>\n\t<meta name=\"twitter:data1\" content=\"jcastaneda\" class=\"yoast-seo-meta-tag\" \/>\n\t<meta name=\"twitter:label2\" content=\"Tiempo estimado de lectura\" class=\"yoast-seo-meta-tag\" \/>\n\t<meta name=\"twitter:data2\" content=\"2 minutos\" class=\"yoast-seo-meta-tag\" \/>\n<script type=\"application\/ld+json\" class=\"yoast-schema-graph\">{\"@context\":\"https:\/\/schema.org\",\"@graph\":[{\"@type\":\"Article\",\"@id\":\"https:\/\/explora.cl\/valparaiso\/abiertas-las-postulaciones-al-congreso-regional-de-investigacion-e-innovacion-escolar-de-la-region-de-valparaiso\/#article\",\"isPartOf\":{\"@id\":\"https:\/\/explora.cl\/valparaiso\/abiertas-las-postulaciones-al-congreso-regional-de-investigacion-e-innovacion-escolar-de-la-region-de-valparaiso\/\"},\"author\":{\"name\":\"jcastaneda\",\"@id\":\"https:\/\/explora.cl\/valparaiso\/#\/schema\/person\/c15e69495b8dbe0af0102f6bca43ba5d\"},\"headline\":\"Abiertas las postulaciones al Congreso Regional de Investigaci\u00f3n e Innovaci\u00f3n Escolar\",\"datePublished\":\"2021-08-09T22:14:00+00:00\",\"dateModified\":\"2021-09-14T16:01:26+00:00\",\"mainEntityOfPage\":{\"@id\":\"https:\/\/explora.cl\/valparaiso\/abiertas-las-postulaciones-al-congreso-regional-de-investigacion-e-innovacion-escolar-de-la-region-de-valparaiso\/\"},\"wordCount\":489,\"commentCount\":0,\"publisher\":{\"@id\":\"https:\/\/explora.cl\/valparaiso\/#organization\"},\"image\":{\"@id\":\"https:\/\/explora.cl\/valparaiso\/abiertas-las-postulaciones-al-congreso-regional-de-investigacion-e-innovacion-escolar-de-la-region-de-valparaiso\/#primaryimage\"},\"thumbnailUrl\":\"https:\/\/explora.cl\/valparaiso\/wp-content\/uploads\/sites\/7\/2021\/08\/23-e1631635269617.png\",\"keywords\":[\"Academias EXPLORA\",\"ciencia regional\",\"Congreso Regional\",\"Congreso Regional Explora de Investigaci\u00f3n e Innovaci\u00f3n Escolar\",\"cultura\",\"cultura cientifica\",\"investigaci\u00f3n cient\u00edfica escolar\",\"investigaci\u00f3n e innovaci\u00f3n escolar\",\"Proyecto Asociativo Regional EXPLORA Valparaiso\",\"Regi\u00f3n de Valpara\u00edso\",\"valparaiso\"],\"articleSection\":[\"Noticias\"],\"inLanguage\":\"es-CL\",\"potentialAction\":[{\"@type\":\"CommentAction\",\"name\":\"Comment\",\"target\":[\"https:\/\/explora.cl\/valparaiso\/abiertas-las-postulaciones-al-congreso-regional-de-investigacion-e-innovacion-escolar-de-la-region-de-valparaiso\/#respond\"]}]},{\"@type\":\"WebPage\",\"@id\":\"https:\/\/explora.cl\/valparaiso\/abiertas-las-postulaciones-al-congreso-regional-de-investigacion-e-innovacion-escolar-de-la-region-de-valparaiso\/\",\"url\":\"https:\/\/explora.cl\/valparaiso\/abiertas-las-postulaciones-al-congreso-regional-de-investigacion-e-innovacion-escolar-de-la-region-de-valparaiso\/\",\"name\":\"Abiertas las postulaciones al Congreso Regional de Investigaci\u00f3n e Innovaci\u00f3n Escolar - Valpara\u00edso\",\"isPartOf\":{\"@id\":\"https:\/\/explora.cl\/valparaiso\/#website\"},\"primaryImageOfPage\":{\"@id\":\"https:\/\/explora.cl\/valparaiso\/abiertas-las-postulaciones-al-congreso-regional-de-investigacion-e-innovacion-escolar-de-la-region-de-valparaiso\/#primaryimage\"},\"image\":{\"@id\":\"https:\/\/explora.cl\/valparaiso\/abiertas-las-postulaciones-al-congreso-regional-de-investigacion-e-innovacion-escolar-de-la-region-de-valparaiso\/#primaryimage\"},\"thumbnailUrl\":\"https:\/\/explora.cl\/valparaiso\/wp-content\/uploads\/sites\/7\/2021\/08\/23-e1631635269617.png\",\"datePublished\":\"2021-08-09T22:14:00+00:00\",\"dateModified\":\"2021-09-14T16:01:26+00:00\",\"breadcrumb\":{\"@id\":\"https:\/\/explora.cl\/valparaiso\/abiertas-las-postulaciones-al-congreso-regional-de-investigacion-e-innovacion-escolar-de-la-region-de-valparaiso\/#breadcrumb\"},\"inLanguage\":\"es-CL\",\"potentialAction\":[{\"@type\":\"ReadAction\",\"target\":[\"https:\/\/explora.cl\/valparaiso\/abiertas-las-postulaciones-al-congreso-regional-de-investigacion-e-innovacion-escolar-de-la-region-de-valparaiso\/\"]}]},{\"@type\":\"ImageObject\",\"inLanguage\":\"es-CL\",\"@id\":\"https:\/\/explora.cl\/valparaiso\/abiertas-las-postulaciones-al-congreso-regional-de-investigacion-e-innovacion-escolar-de-la-region-de-valparaiso\/#primaryimage\",\"url\":\"https:\/\/explora.cl\/valparaiso\/wp-content\/uploads\/sites\/7\/2021\/08\/23-e1631635269617.png\",\"contentUrl\":\"https:\/\/explora.cl\/valparaiso\/wp-content\/uploads\/sites\/7\/2021\/08\/23-e1631635269617.png\",\"width\":800,\"height\":450},{\"@type\":\"BreadcrumbList\",\"@id\":\"https:\/\/explora.cl\/valparaiso\/abiertas-las-postulaciones-al-congreso-regional-de-investigacion-e-innovacion-escolar-de-la-region-de-valparaiso\/#breadcrumb\",\"itemListElement\":[{\"@type\":\"ListItem\",\"position\":1,\"name\":\"Portada\",\"item\":\"https:\/\/explora.cl\/valparaiso\/\"},{\"@type\":\"ListItem\",\"position\":2,\"name\":\"Abiertas las postulaciones al Congreso Regional de Investigaci\u00f3n e Innovaci\u00f3n Escolar\"}]},{\"@type\":\"WebSite\",\"@id\":\"https:\/\/explora.cl\/valparaiso\/#website\",\"url\":\"https:\/\/explora.cl\/valparaiso\/\",\"name\":\"Valpara\u00edso\",\"description\":\"Otro sitio m\u00e1s de explora.cl\",\"publisher\":{\"@id\":\"https:\/\/explora.cl\/valparaiso\/#organization\"},\"potentialAction\":[{\"@type\":\"SearchAction\",\"target\":{\"@type\":\"EntryPoint\",\"urlTemplate\":\"https:\/\/explora.cl\/valparaiso\/?s={search_term_string}\"},\"query-input\":{\"@type\":\"PropertyValueSpecification\",\"valueRequired\":true,\"valueName\":\"search_term_string\"}}],\"inLanguage\":\"es-CL\"},{\"@type\":\"Organization\",\"@id\":\"https:\/\/explora.cl\/valparaiso\/#organization\",\"name\":\"Valpara\u00edso\",\"url\":\"https:\/\/explora.cl\/valparaiso\/\",\"logo\":{\"@type\":\"ImageObject\",\"inLanguage\":\"es-CL\",\"@id\":\"https:\/\/explora.cl\/valparaiso\/#\/schema\/logo\/image\/\",\"url\":\"https:\/\/explora.cl\/valparaiso\/wp-content\/uploads\/sites\/7\/2019\/06\/cropped-logo-explora-color.jpg\",\"contentUrl\":\"https:\/\/explora.cl\/valparaiso\/wp-content\/uploads\/sites\/7\/2019\/06\/cropped-logo-explora-color.jpg\",\"width\":2035,\"height\":584,\"caption\":\"Valpara\u00edso\"},\"image\":{\"@id\":\"https:\/\/explora.cl\/valparaiso\/#\/schema\/logo\/image\/\"}},{\"@type\":\"Person\",\"@id\":\"https:\/\/explora.cl\/valparaiso\/#\/schema\/person\/c15e69495b8dbe0af0102f6bca43ba5d\",\"name\":\"jcastaneda\",\"image\":{\"@type\":\"ImageObject\",\"inLanguage\":\"es-CL\",\"@id\":\"https:\/\/explora.cl\/valparaiso\/#\/schema\/person\/image\/\",\"url\":\"https:\/\/secure.gravatar.com\/avatar\/f26661a8eef2f6444d9633928ef0219fd69e41c5be1ef5ef16afeee7cd4df675?s=96&d=mm&r=g\",\"contentUrl\":\"https:\/\/secure.gravatar.com\/avatar\/f26661a8eef2f6444d9633928ef0219fd69e41c5be1ef5ef16afeee7cd4df675?s=96&d=mm&r=g\",\"caption\":\"jcastaneda\"},\"url\":\"https:\/\/explora.cl\/valparaiso\/author\/jcastaneda\/\"}]}<\/script>\n<!-- \/ Yoast SEO plugin. -->","yoast_head_json":{"title":"Abiertas las postulaciones al Congreso Regional de Investigaci\u00f3n e Innovaci\u00f3n Escolar - Valpara\u00edso","robots":{"index":"index","follow":"follow","max-snippet":"max-snippet:-1","max-image-preview":"max-image-preview:large","max-video-preview":"max-video-preview:-1"},"canonical":"https:\/\/explora.cl\/valparaiso\/abiertas-las-postulaciones-al-congreso-regional-de-investigacion-e-innovacion-escolar-de-la-region-de-valparaiso\/","og_locale":"es_ES","og_type":"article","og_title":"Abiertas las postulaciones al Congreso Regional de Investigaci\u00f3n e Innovaci\u00f3n Escolar - Valpara\u00edso","og_description":"El Proyecto Explora Valpara\u00edso invita a escolares de 5\u00b0 b\u00e1sico a 4\u00b0 medio, de todo el territorio regional, a postular hasta el 23 de septiembre a este evento de socializaci\u00f3n de sus proyectos de investigaci\u00f3n e innovaci\u00f3n.","og_url":"https:\/\/explora.cl\/valparaiso\/abiertas-las-postulaciones-al-congreso-regional-de-investigacion-e-innovacion-escolar-de-la-region-de-valparaiso\/","og_site_name":"Valpara\u00edso","article_published_time":"2021-08-09T22:14:00+00:00","article_modified_time":"2021-09-14T16:01:26+00:00","og_image":[{"width":800,"height":450,"url":"https:\/\/explora.cl\/valparaiso\/wp-content\/uploads\/sites\/7\/2021\/08\/23-e1631635269617.png","type":"image\/png"}],"author":"jcastaneda","twitter_card":"summary_large_image","twitter_misc":{"Escrito por":"jcastaneda","Tiempo estimado de lectura":"2 minutos"},"schema":{"@context":"https:\/\/schema.org","@graph":[{"@type":"Article","@id":"https:\/\/explora.cl\/valparaiso\/abiertas-las-postulaciones-al-congreso-regional-de-investigacion-e-innovacion-escolar-de-la-region-de-valparaiso\/#article","isPartOf":{"@id":"https:\/\/explora.cl\/valparaiso\/abiertas-las-postulaciones-al-congreso-regional-de-investigacion-e-innovacion-escolar-de-la-region-de-valparaiso\/"},"author":{"name":"jcastaneda","@id":"https:\/\/explora.cl\/valparaiso\/#\/schema\/person\/c15e69495b8dbe0af0102f6bca43ba5d"},"headline":"Abiertas las postulaciones al Congreso Regional de Investigaci\u00f3n e Innovaci\u00f3n Escolar","datePublished":"2021-08-09T22:14:00+00:00","dateModified":"2021-09-14T16:01:26+00:00","mainEntityOfPage":{"@id":"https:\/\/explora.cl\/valparaiso\/abiertas-las-postulaciones-al-congreso-regional-de-investigacion-e-innovacion-escolar-de-la-region-de-valparaiso\/"},"wordCount":489,"commentCount":0,"publisher":{"@id":"https:\/\/explora.cl\/valparaiso\/#organization"},"image":{"@id":"https:\/\/explora.cl\/valparaiso\/abiertas-las-postulaciones-al-congreso-regional-de-investigacion-e-innovacion-escolar-de-la-region-de-valparaiso\/#primaryimage"},"thumbnailUrl":"https:\/\/explora.cl\/valparaiso\/wp-content\/uploads\/sites\/7\/2021\/08\/23-e1631635269617.png","keywords":["Academias EXPLORA","ciencia regional","Congreso Regional","Congreso Regional Explora de Investigaci\u00f3n e Innovaci\u00f3n Escolar","cultura","cultura cientifica","investigaci\u00f3n cient\u00edfica escolar","investigaci\u00f3n e innovaci\u00f3n escolar","Proyecto Asociativo Regional EXPLORA Valparaiso","Regi\u00f3n de Valpara\u00edso","valparaiso"],"articleSection":["Noticias"],"inLanguage":"es-CL","potentialAction":[{"@type":"CommentAction","name":"Comment","target":["https:\/\/explora.cl\/valparaiso\/abiertas-las-postulaciones-al-congreso-regional-de-investigacion-e-innovacion-escolar-de-la-region-de-valparaiso\/#respond"]}]},{"@type":"WebPage","@id":"https:\/\/explora.cl\/valparaiso\/abiertas-las-postulaciones-al-congreso-regional-de-investigacion-e-innovacion-escolar-de-la-region-de-valparaiso\/","url":"https:\/\/explora.cl\/valparaiso\/abiertas-las-postulaciones-al-congreso-regional-de-investigacion-e-innovacion-escolar-de-la-region-de-valparaiso\/","name":"Abiertas las postulaciones al Congreso Regional de Investigaci\u00f3n e Innovaci\u00f3n Escolar - Valpara\u00edso","isPartOf":{"@id":"https:\/\/explora.cl\/valparaiso\/#website"},"primaryImageOfPage":{"@id":"https:\/\/explora.cl\/valparaiso\/abiertas-las-postulaciones-al-congreso-regional-de-investigacion-e-innovacion-escolar-de-la-region-de-valparaiso\/#primaryimage"},"image":{"@id":"https:\/\/explora.cl\/valparaiso\/abiertas-las-postulaciones-al-congreso-regional-de-investigacion-e-innovacion-escolar-de-la-region-de-valparaiso\/#primaryimage"},"thumbnailUrl":"https:\/\/explora.cl\/valparaiso\/wp-content\/uploads\/sites\/7\/2021\/08\/23-e1631635269617.png","datePublished":"2021-08-09T22:14:00+00:00","dateModified":"2021-09-14T16:01:26+00:00","breadcrumb":{"@id":"https:\/\/explora.cl\/valparaiso\/abiertas-las-postulaciones-al-congreso-regional-de-investigacion-e-innovacion-escolar-de-la-region-de-valparaiso\/#breadcrumb"},"inLanguage":"es-CL","potentialAction":[{"@type":"ReadAction","target":["https:\/\/explora.cl\/valparaiso\/abiertas-las-postulaciones-al-congreso-regional-de-investigacion-e-innovacion-escolar-de-la-region-de-valparaiso\/"]}]},{"@type":"ImageObject","inLanguage":"es-CL","@id":"https:\/\/explora.cl\/valparaiso\/abiertas-las-postulaciones-al-congreso-regional-de-investigacion-e-innovacion-escolar-de-la-region-de-valparaiso\/#primaryimage","url":"https:\/\/explora.cl\/valparaiso\/wp-content\/uploads\/sites\/7\/2021\/08\/23-e1631635269617.png","contentUrl":"https:\/\/explora.cl\/valparaiso\/wp-content\/uploads\/sites\/7\/2021\/08\/23-e1631635269617.png","width":800,"height":450},{"@type":"BreadcrumbList","@id":"https:\/\/explora.cl\/valparaiso\/abiertas-las-postulaciones-al-congreso-regional-de-investigacion-e-innovacion-escolar-de-la-region-de-valparaiso\/#breadcrumb","itemListElement":[{"@type":"ListItem","position":1,"name":"Portada","item":"https:\/\/explora.cl\/valparaiso\/"},{"@type":"ListItem","position":2,"name":"Abiertas las postulaciones al Congreso Regional de Investigaci\u00f3n e Innovaci\u00f3n Escolar"}]},{"@type":"WebSite","@id":"https:\/\/explora.cl\/valparaiso\/#website","url":"https:\/\/explora.cl\/valparaiso\/","name":"Valpara\u00edso","description":"Otro sitio m\u00e1s de explora.cl","publisher":{"@id":"https:\/\/explora.cl\/valparaiso\/#organization"},"potentialAction":[{"@type":"SearchAction","target":{"@type":"EntryPoint","urlTemplate":"https:\/\/explora.cl\/valparaiso\/?s={search_term_string}"},"query-input":{"@type":"PropertyValueSpecification","valueRequired":true,"valueName":"search_term_string"}}],"inLanguage":"es-CL"},{"@type":"Organization","@id":"https:\/\/explora.cl\/valparaiso\/#organization","name":"Valpara\u00edso","url":"https:\/\/explora.cl\/valparaiso\/","logo":{"@type":"ImageObject","inLanguage":"es-CL","@id":"https:\/\/explora.cl\/valparaiso\/#\/schema\/logo\/image\/","url":"https:\/\/explora.cl\/valparaiso\/wp-content\/uploads\/sites\/7\/2019\/06\/cropped-logo-explora-color.jpg","contentUrl":"https:\/\/explora.cl\/valparaiso\/wp-content\/uploads\/sites\/7\/2019\/06\/cropped-logo-explora-color.jpg","width":2035,"height":584,"caption":"Valpara\u00edso"},"image":{"@id":"https:\/\/explora.cl\/valparaiso\/#\/schema\/logo\/image\/"}},{"@type":"Person","@id":"https:\/\/explora.cl\/valparaiso\/#\/schema\/person\/c15e69495b8dbe0af0102f6bca43ba5d","name":"jcastaneda","image":{"@type":"ImageObject","inLanguage":"es-CL","@id":"https:\/\/explora.cl\/valparaiso\/#\/schema\/person\/image\/","url":"https:\/\/secure.gravatar.com\/avatar\/f26661a8eef2f6444d9633928ef0219fd69e41c5be1ef5ef16afeee7cd4df675?s=96&d=mm&r=g","contentUrl":"https:\/\/secure.gravatar.com\/avatar\/f26661a8eef2f6444d9633928ef0219fd69e41c5be1ef5ef16afeee7cd4df675?s=96&d=mm&r=g","caption":"jcastaneda"},"url":"https:\/\/explora.cl\/valparaiso\/author\/jcastaneda\/"}]}},"_links":{"self":[{"href":"https:\/\/explora.cl\/valparaiso\/wp-json\/wp\/v2\/posts\/41380","targetHints":{"allow":["GET"]}}],"collection":[{"href":"https:\/\/explora.cl\/valparaiso\/wp-json\/wp\/v2\/posts"}],"about":[{"href":"https:\/\/explora.cl\/valparaiso\/wp-json\/wp\/v2\/types\/post"}],"author":[{"embeddable":true,"href":"https:\/\/explora.cl\/valparaiso\/wp-json\/wp\/v2\/users\/22"}],"replies":[{"embeddable":true,"href":"https:\/\/explora.cl\/valparaiso\/wp-json\/wp\/v2\/comments?post=41380"}],"version-history":[{"count":14,"href":"https:\/\/explora.cl\/valparaiso\/wp-json\/wp\/v2\/posts\/41380\/revisions"}],"predecessor-version":[{"id":41486,"href":"https:\/\/explora.cl\/valparaiso\/wp-json\/wp\/v2\/posts\/41380\/revisions\/41486"}],"wp:featuredmedia":[{"embeddable":true,"href":"https:\/\/explora.cl\/valparaiso\/wp-json\/wp\/v2\/media\/41485"}],"wp:attachment":[{"href":"https:\/\/explora.cl\/valparaiso\/wp-json\/wp\/v2\/media?parent=41380"}],"wp:term":[{"taxonomy":"category","embeddable":true,"href":"https:\/\/explora.cl\/valparaiso\/wp-json\/wp\/v2\/categories?post=41380"},{"taxonomy":"post_tag","embeddable":true,"href":"https:\/\/explora.cl\/valparaiso\/wp-json\/wp\/v2\/tags?post=41380"}],"curies":[{"name":"wp","href":"https:\/\/api.w.org\/{rel}","templated":true}]}}