{"id":41335,"date":"2021-08-02T14:42:15","date_gmt":"2021-08-02T18:42:15","guid":{"rendered":"https:\/\/explora.cl\/valparaiso\/?p=41335"},"modified":"2021-08-03T11:58:32","modified_gmt":"2021-08-03T15:58:32","slug":"nostalgia-y-memoria-durante-agosto-conversemos-sobre-patrimonio-cultural-en-los-viernes-de-cultura-cientifica","status":"publish","type":"post","link":"https:\/\/explora.cl\/valparaiso\/nostalgia-y-memoria-durante-agosto-conversemos-sobre-patrimonio-cultural-en-los-viernes-de-cultura-cientifica\/","title":{"rendered":"En agosto conversemos sobre Patrimonio cultural en los Viernes de Cultura Cient\u00edfica"},"content":{"rendered":"<h3>La revalorizaci\u00f3n de los entornos culturales y naturales protagonizar\u00e1n el ciclo de este mes dedicado al Patrimonio cultural, los viernes 06 y 20 de agosto, a las 18:00 horas, a trav\u00e9s de Facebook Live y YouTube<em>.<\/em><!--more--><\/h3>\n<p>La importancia de resguardar y valorar la memoria \u2013desde paisajes y lugares hasta monumentos y vestigios materiales del pasado; ser\u00e1n parte de las tem\u00e1ticas a conversar en los ya tradicionales Viernes de Cultura Cient\u00edfica de agosto, en donde se abordar\u00e1 el fen\u00f3meno de la revalorizaci\u00f3n de diversos entornos, considerando el patrimonio cultural como algo que debe cuidarse y a su vez ser conocido por la sociedad.<\/p>\n<p>Todos y todas nos hemos identificado con ciertos lugares \u2013naturales y culturales- y sitios geogr\u00e1ficos, y hemos reconocido el valor de no olvidar el pasado y nuestros recuerdos. Frente a eso, la primera conversaci\u00f3n del ciclo dedicado al <strong>Patrimonio cultural,<\/strong> durante agosto de los Viernes de Cultura Cient\u00edfica, estar\u00e1 a cargo del acad\u00e9mico <strong>Pablo Garc\u00eda, del Instituto de Historia de la Pontificia Universidad Cat\u00f3lica de Valpara\u00edso (PUCV).<\/strong><\/p>\n<p>La presentaci\u00f3n, titulada <strong>\u201cPatrimonio desde la memoria, \u00bftodo pasado fue mejor?, se realizar\u00e1 el viernes 06 de agosto, a las 18:00 horas<\/strong> y repasar\u00e1 los entornos del barrio hist\u00f3rico de Valpara\u00edso, que el 2003 recibi\u00f3 la categor\u00eda de Patrimonio de la Humanidad por UNESCO, e introdujo a la ciudad al c\u00edrculo del patrimonio mundial, que es importante para explicar la historia universal \u2013 especialmente por la importancia de su vida portuaria en el siglo XIX \u2013 lo que nos obliga a no olvidar nuestros barrios de mayor historia.<\/p>\n<p>Continuando el ciclo, <strong>el viernes 20 de agosto, se presentar\u00e1 Roxana Lebuy, Directora del <\/strong><strong>\u00e1rea de Paisaje, territorio y desarrollo rural del Centro CERES, con la conversaci\u00f3n \u201cValorando nuestros paisajes del alma\u201d. <\/strong>En la oportunidad, la profesional nos contar\u00e1 acerca del trabajo participativo que dicho Centro ha tenido con diversas comunidades rurales de la Regi\u00f3n de Valpara\u00edso (bi\u00f3sfera La Campana-Pe\u00f1uelas, comunidades agr\u00edcolas Roco y Varas de La Ligua, la comunidad de la Vega en Olmu\u00e9), en donde se pone en valor la apreciaci\u00f3n de los elementos naturales y culturales que constituyen su paisaje y c\u00f3mo son percibidas en lo individual y colectivo.<\/p>\n<p><strong>\u00a1An\u00edmate y participa! Todos y todas est\u00e1n invitados\/as a ser parte de esta actividad online. Les esperamos los viernes 06 y 20 de agosto, a las 18:00 horas a trav\u00e9s de Facebook Live y por nuestro canal de YouTube (suscr\u00edbete a explora valparaiso) \u00a1S\u00edguenos en @exploravalpo y ent\u00e9rate de todas nuestras novedades! Recuerda que esta actividad es amigable con la comunidad sorda, porque contamos con int\u00e9rprete en Lengua de Se\u00f1as Chilena.<\/strong><\/p>\n<p>Es importante se\u00f1alar que esta actividad es realizada hace ya 10 a\u00f1os en conjunto con el Museo Fonck de Vi\u00f1a del Mar. Desde este 2021, y dada su renovaci\u00f3n, la iniciativa tambi\u00e9n cuenta con la colaboraci\u00f3n del Servicio Nacional de Adulto Mayor (SENAMA), la Coordinaci\u00f3n de Bibliotecas P\u00fablicas de Valpara\u00edso, del Servicio Nacional del Patrimonio Cultural y el Centro Ger\u00f3polis, de la Universidad de Valpara\u00edso.<\/p>\n","protected":false},"excerpt":{"rendered":"<p>La revalorizaci\u00f3n de los entornos culturales y naturales protagonizar\u00e1n el ciclo de este mes dedicado al Patrimonio cultural, los viernes 06 y 20 de agosto, a las 18:00 horas, a trav\u00e9s de Facebook Live y YouTube.<\/p>\n","protected":false},"author":22,"featured_media":41333,"comment_status":"open","ping_status":"open","sticky":false,"template":"","format":"standard","meta":{"_acf_changed":false,"_exactmetrics_skip_tracking":false,"_exactmetrics_sitenote_active":false,"_exactmetrics_sitenote_note":"","_exactmetrics_sitenote_category":0,"footnotes":"","_links_to":"","_links_to_target":""},"categories":[4],"tags":[1053,148,339,1054,110,23,210,1055,1052,222,1018,166,174,1056,434,1034,198],"class_list":["post-41335","post","type-post","status-publish","format-standard","has-post-thumbnail","hentry","category-noticias","tag-centro-ceres","tag-charlas-cientificas","tag-ciencia-regional","tag-conversatorias","tag-cultura-cientifica","tag-explora","tag-exposiciones","tag-geropolis","tag-instituto-de-historia-pucv","tag-museo-fonck","tag-personas-mayores","tag-proyecto-asociativo-regional-explora-valparaiso","tag-region-de-valparaiso","tag-senama","tag-viernes-de-cultura-ciencia","tag-viernes-de-cultura-cientifica","tag-vina-del-mar"],"acf":[],"yoast_head":"<!-- This site is optimized with the Yoast SEO plugin v26.9 - https:\/\/yoast.com\/product\/yoast-seo-wordpress\/ -->\n<title>En agosto conversemos sobre Patrimonio cultural en los Viernes de Cultura Cient\u00edfica - Valpara\u00edso<\/title>\n<meta name=\"robots\" content=\"index, follow, max-snippet:-1, max-image-preview:large, max-video-preview:-1\" \/>\n<link rel=\"canonical\" href=\"https:\/\/explora.cl\/valparaiso\/nostalgia-y-memoria-durante-agosto-conversemos-sobre-patrimonio-cultural-en-los-viernes-de-cultura-cientifica\/\" class=\"yoast-seo-meta-tag\" \/>\n<meta property=\"og:locale\" content=\"es_ES\" class=\"yoast-seo-meta-tag\" \/>\n<meta property=\"og:type\" content=\"article\" class=\"yoast-seo-meta-tag\" \/>\n<meta property=\"og:title\" content=\"En agosto conversemos sobre Patrimonio cultural en los Viernes de Cultura Cient\u00edfica - Valpara\u00edso\" class=\"yoast-seo-meta-tag\" \/>\n<meta property=\"og:description\" content=\"La revalorizaci\u00f3n de los entornos culturales y naturales protagonizar\u00e1n el ciclo de este mes dedicado al Patrimonio cultural, los viernes 06 y 20 de agosto, a las 18:00 horas, a trav\u00e9s de Facebook Live y YouTube.\" class=\"yoast-seo-meta-tag\" \/>\n<meta property=\"og:url\" content=\"https:\/\/explora.cl\/valparaiso\/nostalgia-y-memoria-durante-agosto-conversemos-sobre-patrimonio-cultural-en-los-viernes-de-cultura-cientifica\/\" class=\"yoast-seo-meta-tag\" \/>\n<meta property=\"og:site_name\" content=\"Valpara\u00edso\" class=\"yoast-seo-meta-tag\" \/>\n<meta property=\"article:published_time\" content=\"2021-08-02T18:42:15+00:00\" class=\"yoast-seo-meta-tag\" \/>\n<meta property=\"article:modified_time\" content=\"2021-08-03T15:58:32+00:00\" class=\"yoast-seo-meta-tag\" \/>\n<meta property=\"og:image\" content=\"https:\/\/explora.cl\/valparaiso\/wp-content\/uploads\/sites\/7\/2021\/07\/AGOSTO-01-1.png\" class=\"yoast-seo-meta-tag\" \/>\n\t<meta property=\"og:image:width\" content=\"1949\" class=\"yoast-seo-meta-tag\" \/>\n\t<meta property=\"og:image:height\" content=\"1275\" class=\"yoast-seo-meta-tag\" \/>\n\t<meta property=\"og:image:type\" content=\"image\/png\" class=\"yoast-seo-meta-tag\" \/>\n<meta name=\"author\" content=\"jcastaneda\" class=\"yoast-seo-meta-tag\" \/>\n<meta name=\"twitter:card\" content=\"summary_large_image\" class=\"yoast-seo-meta-tag\" \/>\n<meta name=\"twitter:label1\" content=\"Escrito por\" class=\"yoast-seo-meta-tag\" \/>\n\t<meta name=\"twitter:data1\" content=\"jcastaneda\" class=\"yoast-seo-meta-tag\" \/>\n\t<meta name=\"twitter:label2\" content=\"Tiempo estimado de lectura\" class=\"yoast-seo-meta-tag\" \/>\n\t<meta name=\"twitter:data2\" content=\"3 minutos\" class=\"yoast-seo-meta-tag\" \/>\n<script type=\"application\/ld+json\" class=\"yoast-schema-graph\">{\"@context\":\"https:\/\/schema.org\",\"@graph\":[{\"@type\":\"Article\",\"@id\":\"https:\/\/explora.cl\/valparaiso\/nostalgia-y-memoria-durante-agosto-conversemos-sobre-patrimonio-cultural-en-los-viernes-de-cultura-cientifica\/#article\",\"isPartOf\":{\"@id\":\"https:\/\/explora.cl\/valparaiso\/nostalgia-y-memoria-durante-agosto-conversemos-sobre-patrimonio-cultural-en-los-viernes-de-cultura-cientifica\/\"},\"author\":{\"name\":\"jcastaneda\",\"@id\":\"https:\/\/explora.cl\/valparaiso\/#\/schema\/person\/c15e69495b8dbe0af0102f6bca43ba5d\"},\"headline\":\"En agosto conversemos sobre Patrimonio cultural en los Viernes de Cultura Cient\u00edfica\",\"datePublished\":\"2021-08-02T18:42:15+00:00\",\"dateModified\":\"2021-08-03T15:58:32+00:00\",\"mainEntityOfPage\":{\"@id\":\"https:\/\/explora.cl\/valparaiso\/nostalgia-y-memoria-durante-agosto-conversemos-sobre-patrimonio-cultural-en-los-viernes-de-cultura-cientifica\/\"},\"wordCount\":542,\"commentCount\":0,\"publisher\":{\"@id\":\"https:\/\/explora.cl\/valparaiso\/#organization\"},\"image\":{\"@id\":\"https:\/\/explora.cl\/valparaiso\/nostalgia-y-memoria-durante-agosto-conversemos-sobre-patrimonio-cultural-en-los-viernes-de-cultura-cientifica\/#primaryimage\"},\"thumbnailUrl\":\"https:\/\/explora.cl\/valparaiso\/wp-content\/uploads\/sites\/7\/2021\/07\/AGOSTO-01-1.png\",\"keywords\":[\"Centro CERES\",\"charlas cient\u00edficas\",\"ciencia regional\",\"conversatorias\",\"cultura cientifica\",\"EXPLORA\",\"exposiciones\",\"ger\u00f3polis\",\"Instituto de Historia PUCV\",\"museo fonck\",\"personas mayores\",\"Proyecto Asociativo Regional EXPLORA Valparaiso\",\"Regi\u00f3n de Valpara\u00edso\",\"senama\",\"viernes de cultura + ciencia\",\"viernes de cultura cient\u00edfica\",\"vi\u00f1a del mar\"],\"articleSection\":[\"Noticias\"],\"inLanguage\":\"es-CL\",\"potentialAction\":[{\"@type\":\"CommentAction\",\"name\":\"Comment\",\"target\":[\"https:\/\/explora.cl\/valparaiso\/nostalgia-y-memoria-durante-agosto-conversemos-sobre-patrimonio-cultural-en-los-viernes-de-cultura-cientifica\/#respond\"]}]},{\"@type\":\"WebPage\",\"@id\":\"https:\/\/explora.cl\/valparaiso\/nostalgia-y-memoria-durante-agosto-conversemos-sobre-patrimonio-cultural-en-los-viernes-de-cultura-cientifica\/\",\"url\":\"https:\/\/explora.cl\/valparaiso\/nostalgia-y-memoria-durante-agosto-conversemos-sobre-patrimonio-cultural-en-los-viernes-de-cultura-cientifica\/\",\"name\":\"En agosto conversemos sobre Patrimonio cultural en los Viernes de Cultura Cient\u00edfica - Valpara\u00edso\",\"isPartOf\":{\"@id\":\"https:\/\/explora.cl\/valparaiso\/#website\"},\"primaryImageOfPage\":{\"@id\":\"https:\/\/explora.cl\/valparaiso\/nostalgia-y-memoria-durante-agosto-conversemos-sobre-patrimonio-cultural-en-los-viernes-de-cultura-cientifica\/#primaryimage\"},\"image\":{\"@id\":\"https:\/\/explora.cl\/valparaiso\/nostalgia-y-memoria-durante-agosto-conversemos-sobre-patrimonio-cultural-en-los-viernes-de-cultura-cientifica\/#primaryimage\"},\"thumbnailUrl\":\"https:\/\/explora.cl\/valparaiso\/wp-content\/uploads\/sites\/7\/2021\/07\/AGOSTO-01-1.png\",\"datePublished\":\"2021-08-02T18:42:15+00:00\",\"dateModified\":\"2021-08-03T15:58:32+00:00\",\"breadcrumb\":{\"@id\":\"https:\/\/explora.cl\/valparaiso\/nostalgia-y-memoria-durante-agosto-conversemos-sobre-patrimonio-cultural-en-los-viernes-de-cultura-cientifica\/#breadcrumb\"},\"inLanguage\":\"es-CL\",\"potentialAction\":[{\"@type\":\"ReadAction\",\"target\":[\"https:\/\/explora.cl\/valparaiso\/nostalgia-y-memoria-durante-agosto-conversemos-sobre-patrimonio-cultural-en-los-viernes-de-cultura-cientifica\/\"]}]},{\"@type\":\"ImageObject\",\"inLanguage\":\"es-CL\",\"@id\":\"https:\/\/explora.cl\/valparaiso\/nostalgia-y-memoria-durante-agosto-conversemos-sobre-patrimonio-cultural-en-los-viernes-de-cultura-cientifica\/#primaryimage\",\"url\":\"https:\/\/explora.cl\/valparaiso\/wp-content\/uploads\/sites\/7\/2021\/07\/AGOSTO-01-1.png\",\"contentUrl\":\"https:\/\/explora.cl\/valparaiso\/wp-content\/uploads\/sites\/7\/2021\/07\/AGOSTO-01-1.png\",\"width\":1949,\"height\":1275},{\"@type\":\"BreadcrumbList\",\"@id\":\"https:\/\/explora.cl\/valparaiso\/nostalgia-y-memoria-durante-agosto-conversemos-sobre-patrimonio-cultural-en-los-viernes-de-cultura-cientifica\/#breadcrumb\",\"itemListElement\":[{\"@type\":\"ListItem\",\"position\":1,\"name\":\"Portada\",\"item\":\"https:\/\/explora.cl\/valparaiso\/\"},{\"@type\":\"ListItem\",\"position\":2,\"name\":\"En agosto conversemos sobre Patrimonio cultural en los Viernes de Cultura Cient\u00edfica\"}]},{\"@type\":\"WebSite\",\"@id\":\"https:\/\/explora.cl\/valparaiso\/#website\",\"url\":\"https:\/\/explora.cl\/valparaiso\/\",\"name\":\"Valpara\u00edso\",\"description\":\"Otro sitio m\u00e1s de explora.cl\",\"publisher\":{\"@id\":\"https:\/\/explora.cl\/valparaiso\/#organization\"},\"potentialAction\":[{\"@type\":\"SearchAction\",\"target\":{\"@type\":\"EntryPoint\",\"urlTemplate\":\"https:\/\/explora.cl\/valparaiso\/?s={search_term_string}\"},\"query-input\":{\"@type\":\"PropertyValueSpecification\",\"valueRequired\":true,\"valueName\":\"search_term_string\"}}],\"inLanguage\":\"es-CL\"},{\"@type\":\"Organization\",\"@id\":\"https:\/\/explora.cl\/valparaiso\/#organization\",\"name\":\"Valpara\u00edso\",\"url\":\"https:\/\/explora.cl\/valparaiso\/\",\"logo\":{\"@type\":\"ImageObject\",\"inLanguage\":\"es-CL\",\"@id\":\"https:\/\/explora.cl\/valparaiso\/#\/schema\/logo\/image\/\",\"url\":\"https:\/\/explora.cl\/valparaiso\/wp-content\/uploads\/sites\/7\/2019\/06\/cropped-logo-explora-color.jpg\",\"contentUrl\":\"https:\/\/explora.cl\/valparaiso\/wp-content\/uploads\/sites\/7\/2019\/06\/cropped-logo-explora-color.jpg\",\"width\":2035,\"height\":584,\"caption\":\"Valpara\u00edso\"},\"image\":{\"@id\":\"https:\/\/explora.cl\/valparaiso\/#\/schema\/logo\/image\/\"}},{\"@type\":\"Person\",\"@id\":\"https:\/\/explora.cl\/valparaiso\/#\/schema\/person\/c15e69495b8dbe0af0102f6bca43ba5d\",\"name\":\"jcastaneda\",\"image\":{\"@type\":\"ImageObject\",\"inLanguage\":\"es-CL\",\"@id\":\"https:\/\/explora.cl\/valparaiso\/#\/schema\/person\/image\/\",\"url\":\"https:\/\/secure.gravatar.com\/avatar\/f26661a8eef2f6444d9633928ef0219fd69e41c5be1ef5ef16afeee7cd4df675?s=96&d=mm&r=g\",\"contentUrl\":\"https:\/\/secure.gravatar.com\/avatar\/f26661a8eef2f6444d9633928ef0219fd69e41c5be1ef5ef16afeee7cd4df675?s=96&d=mm&r=g\",\"caption\":\"jcastaneda\"},\"url\":\"https:\/\/explora.cl\/valparaiso\/author\/jcastaneda\/\"}]}<\/script>\n<!-- \/ Yoast SEO plugin. -->","yoast_head_json":{"title":"En agosto conversemos sobre Patrimonio cultural en los Viernes de Cultura Cient\u00edfica - Valpara\u00edso","robots":{"index":"index","follow":"follow","max-snippet":"max-snippet:-1","max-image-preview":"max-image-preview:large","max-video-preview":"max-video-preview:-1"},"canonical":"https:\/\/explora.cl\/valparaiso\/nostalgia-y-memoria-durante-agosto-conversemos-sobre-patrimonio-cultural-en-los-viernes-de-cultura-cientifica\/","og_locale":"es_ES","og_type":"article","og_title":"En agosto conversemos sobre Patrimonio cultural en los Viernes de Cultura Cient\u00edfica - Valpara\u00edso","og_description":"La revalorizaci\u00f3n de los entornos culturales y naturales protagonizar\u00e1n el ciclo de este mes dedicado al Patrimonio cultural, los viernes 06 y 20 de agosto, a las 18:00 horas, a trav\u00e9s de Facebook Live y YouTube.","og_url":"https:\/\/explora.cl\/valparaiso\/nostalgia-y-memoria-durante-agosto-conversemos-sobre-patrimonio-cultural-en-los-viernes-de-cultura-cientifica\/","og_site_name":"Valpara\u00edso","article_published_time":"2021-08-02T18:42:15+00:00","article_modified_time":"2021-08-03T15:58:32+00:00","og_image":[{"width":1949,"height":1275,"url":"https:\/\/explora.cl\/valparaiso\/wp-content\/uploads\/sites\/7\/2021\/07\/AGOSTO-01-1.png","type":"image\/png"}],"author":"jcastaneda","twitter_card":"summary_large_image","twitter_misc":{"Escrito por":"jcastaneda","Tiempo estimado de lectura":"3 minutos"},"schema":{"@context":"https:\/\/schema.org","@graph":[{"@type":"Article","@id":"https:\/\/explora.cl\/valparaiso\/nostalgia-y-memoria-durante-agosto-conversemos-sobre-patrimonio-cultural-en-los-viernes-de-cultura-cientifica\/#article","isPartOf":{"@id":"https:\/\/explora.cl\/valparaiso\/nostalgia-y-memoria-durante-agosto-conversemos-sobre-patrimonio-cultural-en-los-viernes-de-cultura-cientifica\/"},"author":{"name":"jcastaneda","@id":"https:\/\/explora.cl\/valparaiso\/#\/schema\/person\/c15e69495b8dbe0af0102f6bca43ba5d"},"headline":"En agosto conversemos sobre Patrimonio cultural en los Viernes de Cultura Cient\u00edfica","datePublished":"2021-08-02T18:42:15+00:00","dateModified":"2021-08-03T15:58:32+00:00","mainEntityOfPage":{"@id":"https:\/\/explora.cl\/valparaiso\/nostalgia-y-memoria-durante-agosto-conversemos-sobre-patrimonio-cultural-en-los-viernes-de-cultura-cientifica\/"},"wordCount":542,"commentCount":0,"publisher":{"@id":"https:\/\/explora.cl\/valparaiso\/#organization"},"image":{"@id":"https:\/\/explora.cl\/valparaiso\/nostalgia-y-memoria-durante-agosto-conversemos-sobre-patrimonio-cultural-en-los-viernes-de-cultura-cientifica\/#primaryimage"},"thumbnailUrl":"https:\/\/explora.cl\/valparaiso\/wp-content\/uploads\/sites\/7\/2021\/07\/AGOSTO-01-1.png","keywords":["Centro CERES","charlas cient\u00edficas","ciencia regional","conversatorias","cultura cientifica","EXPLORA","exposiciones","ger\u00f3polis","Instituto de Historia PUCV","museo fonck","personas mayores","Proyecto Asociativo Regional EXPLORA Valparaiso","Regi\u00f3n de Valpara\u00edso","senama","viernes de cultura + ciencia","viernes de cultura cient\u00edfica","vi\u00f1a del mar"],"articleSection":["Noticias"],"inLanguage":"es-CL","potentialAction":[{"@type":"CommentAction","name":"Comment","target":["https:\/\/explora.cl\/valparaiso\/nostalgia-y-memoria-durante-agosto-conversemos-sobre-patrimonio-cultural-en-los-viernes-de-cultura-cientifica\/#respond"]}]},{"@type":"WebPage","@id":"https:\/\/explora.cl\/valparaiso\/nostalgia-y-memoria-durante-agosto-conversemos-sobre-patrimonio-cultural-en-los-viernes-de-cultura-cientifica\/","url":"https:\/\/explora.cl\/valparaiso\/nostalgia-y-memoria-durante-agosto-conversemos-sobre-patrimonio-cultural-en-los-viernes-de-cultura-cientifica\/","name":"En agosto conversemos sobre Patrimonio cultural en los Viernes de Cultura Cient\u00edfica - Valpara\u00edso","isPartOf":{"@id":"https:\/\/explora.cl\/valparaiso\/#website"},"primaryImageOfPage":{"@id":"https:\/\/explora.cl\/valparaiso\/nostalgia-y-memoria-durante-agosto-conversemos-sobre-patrimonio-cultural-en-los-viernes-de-cultura-cientifica\/#primaryimage"},"image":{"@id":"https:\/\/explora.cl\/valparaiso\/nostalgia-y-memoria-durante-agosto-conversemos-sobre-patrimonio-cultural-en-los-viernes-de-cultura-cientifica\/#primaryimage"},"thumbnailUrl":"https:\/\/explora.cl\/valparaiso\/wp-content\/uploads\/sites\/7\/2021\/07\/AGOSTO-01-1.png","datePublished":"2021-08-02T18:42:15+00:00","dateModified":"2021-08-03T15:58:32+00:00","breadcrumb":{"@id":"https:\/\/explora.cl\/valparaiso\/nostalgia-y-memoria-durante-agosto-conversemos-sobre-patrimonio-cultural-en-los-viernes-de-cultura-cientifica\/#breadcrumb"},"inLanguage":"es-CL","potentialAction":[{"@type":"ReadAction","target":["https:\/\/explora.cl\/valparaiso\/nostalgia-y-memoria-durante-agosto-conversemos-sobre-patrimonio-cultural-en-los-viernes-de-cultura-cientifica\/"]}]},{"@type":"ImageObject","inLanguage":"es-CL","@id":"https:\/\/explora.cl\/valparaiso\/nostalgia-y-memoria-durante-agosto-conversemos-sobre-patrimonio-cultural-en-los-viernes-de-cultura-cientifica\/#primaryimage","url":"https:\/\/explora.cl\/valparaiso\/wp-content\/uploads\/sites\/7\/2021\/07\/AGOSTO-01-1.png","contentUrl":"https:\/\/explora.cl\/valparaiso\/wp-content\/uploads\/sites\/7\/2021\/07\/AGOSTO-01-1.png","width":1949,"height":1275},{"@type":"BreadcrumbList","@id":"https:\/\/explora.cl\/valparaiso\/nostalgia-y-memoria-durante-agosto-conversemos-sobre-patrimonio-cultural-en-los-viernes-de-cultura-cientifica\/#breadcrumb","itemListElement":[{"@type":"ListItem","position":1,"name":"Portada","item":"https:\/\/explora.cl\/valparaiso\/"},{"@type":"ListItem","position":2,"name":"En agosto conversemos sobre Patrimonio cultural en los Viernes de Cultura Cient\u00edfica"}]},{"@type":"WebSite","@id":"https:\/\/explora.cl\/valparaiso\/#website","url":"https:\/\/explora.cl\/valparaiso\/","name":"Valpara\u00edso","description":"Otro sitio m\u00e1s de explora.cl","publisher":{"@id":"https:\/\/explora.cl\/valparaiso\/#organization"},"potentialAction":[{"@type":"SearchAction","target":{"@type":"EntryPoint","urlTemplate":"https:\/\/explora.cl\/valparaiso\/?s={search_term_string}"},"query-input":{"@type":"PropertyValueSpecification","valueRequired":true,"valueName":"search_term_string"}}],"inLanguage":"es-CL"},{"@type":"Organization","@id":"https:\/\/explora.cl\/valparaiso\/#organization","name":"Valpara\u00edso","url":"https:\/\/explora.cl\/valparaiso\/","logo":{"@type":"ImageObject","inLanguage":"es-CL","@id":"https:\/\/explora.cl\/valparaiso\/#\/schema\/logo\/image\/","url":"https:\/\/explora.cl\/valparaiso\/wp-content\/uploads\/sites\/7\/2019\/06\/cropped-logo-explora-color.jpg","contentUrl":"https:\/\/explora.cl\/valparaiso\/wp-content\/uploads\/sites\/7\/2019\/06\/cropped-logo-explora-color.jpg","width":2035,"height":584,"caption":"Valpara\u00edso"},"image":{"@id":"https:\/\/explora.cl\/valparaiso\/#\/schema\/logo\/image\/"}},{"@type":"Person","@id":"https:\/\/explora.cl\/valparaiso\/#\/schema\/person\/c15e69495b8dbe0af0102f6bca43ba5d","name":"jcastaneda","image":{"@type":"ImageObject","inLanguage":"es-CL","@id":"https:\/\/explora.cl\/valparaiso\/#\/schema\/person\/image\/","url":"https:\/\/secure.gravatar.com\/avatar\/f26661a8eef2f6444d9633928ef0219fd69e41c5be1ef5ef16afeee7cd4df675?s=96&d=mm&r=g","contentUrl":"https:\/\/secure.gravatar.com\/avatar\/f26661a8eef2f6444d9633928ef0219fd69e41c5be1ef5ef16afeee7cd4df675?s=96&d=mm&r=g","caption":"jcastaneda"},"url":"https:\/\/explora.cl\/valparaiso\/author\/jcastaneda\/"}]}},"_links":{"self":[{"href":"https:\/\/explora.cl\/valparaiso\/wp-json\/wp\/v2\/posts\/41335","targetHints":{"allow":["GET"]}}],"collection":[{"href":"https:\/\/explora.cl\/valparaiso\/wp-json\/wp\/v2\/posts"}],"about":[{"href":"https:\/\/explora.cl\/valparaiso\/wp-json\/wp\/v2\/types\/post"}],"author":[{"embeddable":true,"href":"https:\/\/explora.cl\/valparaiso\/wp-json\/wp\/v2\/users\/22"}],"replies":[{"embeddable":true,"href":"https:\/\/explora.cl\/valparaiso\/wp-json\/wp\/v2\/comments?post=41335"}],"version-history":[{"count":5,"href":"https:\/\/explora.cl\/valparaiso\/wp-json\/wp\/v2\/posts\/41335\/revisions"}],"predecessor-version":[{"id":41376,"href":"https:\/\/explora.cl\/valparaiso\/wp-json\/wp\/v2\/posts\/41335\/revisions\/41376"}],"wp:featuredmedia":[{"embeddable":true,"href":"https:\/\/explora.cl\/valparaiso\/wp-json\/wp\/v2\/media\/41333"}],"wp:attachment":[{"href":"https:\/\/explora.cl\/valparaiso\/wp-json\/wp\/v2\/media?parent=41335"}],"wp:term":[{"taxonomy":"category","embeddable":true,"href":"https:\/\/explora.cl\/valparaiso\/wp-json\/wp\/v2\/categories?post=41335"},{"taxonomy":"post_tag","embeddable":true,"href":"https:\/\/explora.cl\/valparaiso\/wp-json\/wp\/v2\/tags?post=41335"}],"curies":[{"name":"wp","href":"https:\/\/api.w.org\/{rel}","templated":true}]}}