{"id":40932,"date":"2021-04-06T17:18:24","date_gmt":"2021-04-06T21:18:24","guid":{"rendered":"https:\/\/explora.cl\/valparaiso\/?p=40932"},"modified":"2021-05-05T17:20:57","modified_gmt":"2021-05-05T21:20:57","slug":"datos-asombrosos-y-libritos-pop-up-en-este-mes-del-libro-celebra-junto-a-explora-valparaiso","status":"publish","type":"post","link":"https:\/\/explora.cl\/valparaiso\/datos-asombrosos-y-libritos-pop-up-en-este-mes-del-libro-celebra-junto-a-explora-valparaiso\/","title":{"rendered":"Datos asombrosos y libritos pop-up: en este Mes del Libro celebra junto a Explora Valpara\u00edso"},"content":{"rendered":"<p><!--more--><\/p>\n<p>El pr\u00f3ximo 23 de abril, se conmemora el D\u00eda Internacional del Libro y el Derecho de autor\/a, en una fecha que recuerda la muerte de tres inconfundibles escritores de la literatura universal: Miguel de Cervantes y Saavedra, Garcilaso de la Vega y William Shakespeare; y surge en 1995 a partir de una iniciativa de la Unesco, que tiene por objetivo la valorizaci\u00f3n de los libros y la importancia de la lectura en el desarrollo de la cultura y el conocimiento.<\/p>\n<p>Este a\u00f1o, desde Explora Valpara\u00edso queremos invitarte a celebrar durante todo este mes, poniendo a tu disposici\u00f3n diversos recursos que apoyan el fomento lector, especialmente en ni\u00f1os, ni\u00f1as y adolescentes.<\/p>\n<p>Pincha sobre el link y descarga los siguientes ejemplares:<\/p>\n<ul>\n<li>\n<h3><a href=\"https:\/\/www.pucv.cl\/uuaa\/site\/docs\/20200821\/20200821172159\/completo_final.pdf\">10 cosas incre\u00edbles sobre las plantas que (probablemente) no sab\u00edas <\/a><\/h3>\n<\/li>\n<\/ul>\n<p>Es posible que todos y todas conozcamos alg\u00fan dato incre\u00edble sobre los animales: los hemos visto en libros, programas de naturaleza o en el colegio. Sin embargo, pocas veces nos enteramos de cosas sobre las plantas, las que usualmente nos imaginamos aburridas. \u00a1Nada m\u00e1s lejos de la verdad! Descarga este entretenido libro realizado por el Dr. Cristian Atala, del Instituto de Biolog\u00eda de la PUCV en conjunto con Explora Valpara\u00edso, y comprueba lo genial del mundo bot\u00e1nico.<\/p>\n<ul>\n<li>\n<h3><a href=\"http:\/\/www.exploratuentorno.cl\/libritos.html\">Descarga tus libritos pop-up<\/a><\/h3>\n<\/li>\n<\/ul>\n<p>Arma tus propios libritos pop y conoce las principales caracter\u00edsticas del <strong>Cururo, la Yaca, el Abejorro Embajador y el Calamar de Humboldt.<\/strong> Ent\u00e9rate d\u00f3nde viven, de qu\u00e9 se alimentan y cu\u00e1les son sus principales amenazas, en este material exclusivo descargable. <a href=\"https:\/\/www.youtube.com\/watch?v=ZML9qj0hwqQ\">(Ver tutorial)<\/a><\/p>\n<p>Adem\u00e1s, en este mismo sitio (<a href=\"http:\/\/www.exploratuentorno.cl\">www.exploratuentorno.cl<\/a>) puedes encontrar otros recursos para descubrir y valorar el patrimonio natural de la Regi\u00f3n de Valpara\u00edso, a trav\u00e9s de entretenidas M\u00e1scaras y Origamis, que puedes descargar y armar en tu casa, c\u00e1psulas cient\u00edficas, t\u00edteres dedo y p\u00f3sters para colorear. \u00a1S\u00famate y empieza ya a explorar tu entorno!<\/p>\n<ul>\n<li>\n<h3><a href=\"https:\/\/explora.cl\/biblioteca-digital\/\">Biblioteca digital Programa Explora<\/a><\/h3>\n<\/li>\n<\/ul>\n<p>Si est\u00e1s en b\u00fasqueda de material como libros de actividades u otras publicaciones de las ciencias, la tecnolog\u00eda y la innovaci\u00f3n, puedes ingresar a esta plataforma de recursos descargables gratuitos.<\/p>\n<p>Durante abril, te invitamos a viajar, crecer, entender y conocer m\u00e1s a trav\u00e9s del h\u00e1bito de la lectura.<\/p>\n<p>&nbsp;<\/p>\n","protected":false},"excerpt":{"rendered":"","protected":false},"author":22,"featured_media":40933,"comment_status":"open","ping_status":"open","sticky":false,"template":"","format":"standard","meta":{"_acf_changed":false,"_exactmetrics_skip_tracking":false,"_exactmetrics_sitenote_active":false,"_exactmetrics_sitenote_note":"","_exactmetrics_sitenote_category":0,"footnotes":"","_links_to":"","_links_to_target":""},"categories":[4],"tags":[500,971,975,974,970,968,973,969,837,976,68,972,707],"class_list":["post-40932","post","type-post","status-publish","format-standard","has-post-thumbnail","hentry","category-noticias","tag-abejorro-embajador","tag-abril-lecturas-mil","tag-calamar-de-humboldt","tag-cururo","tag-dia-del-libro","tag-dia-mundial-del-libro","tag-material-gratuito","tag-mes-del-libro","tag-minciencia","tag-palma-chilena","tag-programa-explora","tag-recursos-descargables","tag-yaca"],"acf":[],"yoast_head":"<!-- This site is optimized with the Yoast SEO plugin v26.9 - https:\/\/yoast.com\/product\/yoast-seo-wordpress\/ -->\n<title>Datos asombrosos y libritos pop-up: en este Mes del Libro celebra junto a Explora Valpara\u00edso - Valpara\u00edso<\/title>\n<meta name=\"robots\" content=\"index, follow, max-snippet:-1, max-image-preview:large, max-video-preview:-1\" \/>\n<link rel=\"canonical\" href=\"https:\/\/explora.cl\/valparaiso\/datos-asombrosos-y-libritos-pop-up-en-este-mes-del-libro-celebra-junto-a-explora-valparaiso\/\" class=\"yoast-seo-meta-tag\" \/>\n<meta property=\"og:locale\" content=\"es_ES\" class=\"yoast-seo-meta-tag\" \/>\n<meta property=\"og:type\" content=\"article\" class=\"yoast-seo-meta-tag\" \/>\n<meta property=\"og:title\" content=\"Datos asombrosos y libritos pop-up: en este Mes del Libro celebra junto a Explora Valpara\u00edso - Valpara\u00edso\" class=\"yoast-seo-meta-tag\" \/>\n<meta property=\"og:url\" content=\"https:\/\/explora.cl\/valparaiso\/datos-asombrosos-y-libritos-pop-up-en-este-mes-del-libro-celebra-junto-a-explora-valparaiso\/\" class=\"yoast-seo-meta-tag\" \/>\n<meta property=\"og:site_name\" content=\"Valpara\u00edso\" class=\"yoast-seo-meta-tag\" \/>\n<meta property=\"article:published_time\" content=\"2021-04-06T21:18:24+00:00\" class=\"yoast-seo-meta-tag\" \/>\n<meta property=\"article:modified_time\" content=\"2021-05-05T21:20:57+00:00\" class=\"yoast-seo-meta-tag\" \/>\n<meta property=\"og:image\" content=\"https:\/\/explora.cl\/valparaiso\/wp-content\/uploads\/sites\/7\/2021\/04\/foto_0000000320200821172159.png\" class=\"yoast-seo-meta-tag\" \/>\n\t<meta property=\"og:image:width\" content=\"1132\" class=\"yoast-seo-meta-tag\" \/>\n\t<meta property=\"og:image:height\" content=\"717\" class=\"yoast-seo-meta-tag\" \/>\n\t<meta property=\"og:image:type\" content=\"image\/png\" class=\"yoast-seo-meta-tag\" \/>\n<meta name=\"author\" content=\"jcastaneda\" class=\"yoast-seo-meta-tag\" \/>\n<meta name=\"twitter:card\" content=\"summary_large_image\" class=\"yoast-seo-meta-tag\" \/>\n<meta name=\"twitter:label1\" content=\"Escrito por\" class=\"yoast-seo-meta-tag\" \/>\n\t<meta name=\"twitter:data1\" content=\"jcastaneda\" class=\"yoast-seo-meta-tag\" \/>\n\t<meta name=\"twitter:label2\" content=\"Tiempo estimado de lectura\" class=\"yoast-seo-meta-tag\" \/>\n\t<meta name=\"twitter:data2\" content=\"2 minutos\" class=\"yoast-seo-meta-tag\" \/>\n<script type=\"application\/ld+json\" class=\"yoast-schema-graph\">{\"@context\":\"https:\/\/schema.org\",\"@graph\":[{\"@type\":\"Article\",\"@id\":\"https:\/\/explora.cl\/valparaiso\/datos-asombrosos-y-libritos-pop-up-en-este-mes-del-libro-celebra-junto-a-explora-valparaiso\/#article\",\"isPartOf\":{\"@id\":\"https:\/\/explora.cl\/valparaiso\/datos-asombrosos-y-libritos-pop-up-en-este-mes-del-libro-celebra-junto-a-explora-valparaiso\/\"},\"author\":{\"name\":\"jcastaneda\",\"@id\":\"https:\/\/explora.cl\/valparaiso\/#\/schema\/person\/c15e69495b8dbe0af0102f6bca43ba5d\"},\"headline\":\"Datos asombrosos y libritos pop-up: en este Mes del Libro celebra junto a Explora Valpara\u00edso\",\"datePublished\":\"2021-04-06T21:18:24+00:00\",\"dateModified\":\"2021-05-05T21:20:57+00:00\",\"mainEntityOfPage\":{\"@id\":\"https:\/\/explora.cl\/valparaiso\/datos-asombrosos-y-libritos-pop-up-en-este-mes-del-libro-celebra-junto-a-explora-valparaiso\/\"},\"wordCount\":411,\"commentCount\":0,\"publisher\":{\"@id\":\"https:\/\/explora.cl\/valparaiso\/#organization\"},\"image\":{\"@id\":\"https:\/\/explora.cl\/valparaiso\/datos-asombrosos-y-libritos-pop-up-en-este-mes-del-libro-celebra-junto-a-explora-valparaiso\/#primaryimage\"},\"thumbnailUrl\":\"https:\/\/explora.cl\/valparaiso\/wp-content\/uploads\/sites\/7\/2021\/04\/foto_0000000320200821172159.png\",\"keywords\":[\"Abejorro Embajador\",\"abril lecturas mil\",\"calamar de humboldt\",\"Cururo\",\"d\u00eda del libro\",\"D\u00eda Mundial del Libro\",\"material gratuito\",\"Mes del Libro\",\"MinCiencia\",\"Palma Chilena\",\"programa EXPLORA\",\"recursos descargables\",\"Yaca\"],\"articleSection\":[\"Noticias\"],\"inLanguage\":\"es-CL\",\"potentialAction\":[{\"@type\":\"CommentAction\",\"name\":\"Comment\",\"target\":[\"https:\/\/explora.cl\/valparaiso\/datos-asombrosos-y-libritos-pop-up-en-este-mes-del-libro-celebra-junto-a-explora-valparaiso\/#respond\"]}]},{\"@type\":\"WebPage\",\"@id\":\"https:\/\/explora.cl\/valparaiso\/datos-asombrosos-y-libritos-pop-up-en-este-mes-del-libro-celebra-junto-a-explora-valparaiso\/\",\"url\":\"https:\/\/explora.cl\/valparaiso\/datos-asombrosos-y-libritos-pop-up-en-este-mes-del-libro-celebra-junto-a-explora-valparaiso\/\",\"name\":\"Datos asombrosos y libritos pop-up: en este Mes del Libro celebra junto a Explora Valpara\u00edso - Valpara\u00edso\",\"isPartOf\":{\"@id\":\"https:\/\/explora.cl\/valparaiso\/#website\"},\"primaryImageOfPage\":{\"@id\":\"https:\/\/explora.cl\/valparaiso\/datos-asombrosos-y-libritos-pop-up-en-este-mes-del-libro-celebra-junto-a-explora-valparaiso\/#primaryimage\"},\"image\":{\"@id\":\"https:\/\/explora.cl\/valparaiso\/datos-asombrosos-y-libritos-pop-up-en-este-mes-del-libro-celebra-junto-a-explora-valparaiso\/#primaryimage\"},\"thumbnailUrl\":\"https:\/\/explora.cl\/valparaiso\/wp-content\/uploads\/sites\/7\/2021\/04\/foto_0000000320200821172159.png\",\"datePublished\":\"2021-04-06T21:18:24+00:00\",\"dateModified\":\"2021-05-05T21:20:57+00:00\",\"breadcrumb\":{\"@id\":\"https:\/\/explora.cl\/valparaiso\/datos-asombrosos-y-libritos-pop-up-en-este-mes-del-libro-celebra-junto-a-explora-valparaiso\/#breadcrumb\"},\"inLanguage\":\"es-CL\",\"potentialAction\":[{\"@type\":\"ReadAction\",\"target\":[\"https:\/\/explora.cl\/valparaiso\/datos-asombrosos-y-libritos-pop-up-en-este-mes-del-libro-celebra-junto-a-explora-valparaiso\/\"]}]},{\"@type\":\"ImageObject\",\"inLanguage\":\"es-CL\",\"@id\":\"https:\/\/explora.cl\/valparaiso\/datos-asombrosos-y-libritos-pop-up-en-este-mes-del-libro-celebra-junto-a-explora-valparaiso\/#primaryimage\",\"url\":\"https:\/\/explora.cl\/valparaiso\/wp-content\/uploads\/sites\/7\/2021\/04\/foto_0000000320200821172159.png\",\"contentUrl\":\"https:\/\/explora.cl\/valparaiso\/wp-content\/uploads\/sites\/7\/2021\/04\/foto_0000000320200821172159.png\",\"width\":1132,\"height\":717},{\"@type\":\"BreadcrumbList\",\"@id\":\"https:\/\/explora.cl\/valparaiso\/datos-asombrosos-y-libritos-pop-up-en-este-mes-del-libro-celebra-junto-a-explora-valparaiso\/#breadcrumb\",\"itemListElement\":[{\"@type\":\"ListItem\",\"position\":1,\"name\":\"Portada\",\"item\":\"https:\/\/explora.cl\/valparaiso\/\"},{\"@type\":\"ListItem\",\"position\":2,\"name\":\"Datos asombrosos y libritos pop-up: en este Mes del Libro celebra junto a Explora Valpara\u00edso\"}]},{\"@type\":\"WebSite\",\"@id\":\"https:\/\/explora.cl\/valparaiso\/#website\",\"url\":\"https:\/\/explora.cl\/valparaiso\/\",\"name\":\"Valpara\u00edso\",\"description\":\"Otro sitio m\u00e1s de explora.cl\",\"publisher\":{\"@id\":\"https:\/\/explora.cl\/valparaiso\/#organization\"},\"potentialAction\":[{\"@type\":\"SearchAction\",\"target\":{\"@type\":\"EntryPoint\",\"urlTemplate\":\"https:\/\/explora.cl\/valparaiso\/?s={search_term_string}\"},\"query-input\":{\"@type\":\"PropertyValueSpecification\",\"valueRequired\":true,\"valueName\":\"search_term_string\"}}],\"inLanguage\":\"es-CL\"},{\"@type\":\"Organization\",\"@id\":\"https:\/\/explora.cl\/valparaiso\/#organization\",\"name\":\"Valpara\u00edso\",\"url\":\"https:\/\/explora.cl\/valparaiso\/\",\"logo\":{\"@type\":\"ImageObject\",\"inLanguage\":\"es-CL\",\"@id\":\"https:\/\/explora.cl\/valparaiso\/#\/schema\/logo\/image\/\",\"url\":\"https:\/\/explora.cl\/valparaiso\/wp-content\/uploads\/sites\/7\/2019\/06\/cropped-logo-explora-color.jpg\",\"contentUrl\":\"https:\/\/explora.cl\/valparaiso\/wp-content\/uploads\/sites\/7\/2019\/06\/cropped-logo-explora-color.jpg\",\"width\":2035,\"height\":584,\"caption\":\"Valpara\u00edso\"},\"image\":{\"@id\":\"https:\/\/explora.cl\/valparaiso\/#\/schema\/logo\/image\/\"}},{\"@type\":\"Person\",\"@id\":\"https:\/\/explora.cl\/valparaiso\/#\/schema\/person\/c15e69495b8dbe0af0102f6bca43ba5d\",\"name\":\"jcastaneda\",\"image\":{\"@type\":\"ImageObject\",\"inLanguage\":\"es-CL\",\"@id\":\"https:\/\/explora.cl\/valparaiso\/#\/schema\/person\/image\/\",\"url\":\"https:\/\/secure.gravatar.com\/avatar\/f26661a8eef2f6444d9633928ef0219fd69e41c5be1ef5ef16afeee7cd4df675?s=96&d=mm&r=g\",\"contentUrl\":\"https:\/\/secure.gravatar.com\/avatar\/f26661a8eef2f6444d9633928ef0219fd69e41c5be1ef5ef16afeee7cd4df675?s=96&d=mm&r=g\",\"caption\":\"jcastaneda\"},\"url\":\"https:\/\/explora.cl\/valparaiso\/author\/jcastaneda\/\"}]}<\/script>\n<!-- \/ Yoast SEO plugin. -->","yoast_head_json":{"title":"Datos asombrosos y libritos pop-up: en este Mes del Libro celebra junto a Explora Valpara\u00edso - Valpara\u00edso","robots":{"index":"index","follow":"follow","max-snippet":"max-snippet:-1","max-image-preview":"max-image-preview:large","max-video-preview":"max-video-preview:-1"},"canonical":"https:\/\/explora.cl\/valparaiso\/datos-asombrosos-y-libritos-pop-up-en-este-mes-del-libro-celebra-junto-a-explora-valparaiso\/","og_locale":"es_ES","og_type":"article","og_title":"Datos asombrosos y libritos pop-up: en este Mes del Libro celebra junto a Explora Valpara\u00edso - Valpara\u00edso","og_url":"https:\/\/explora.cl\/valparaiso\/datos-asombrosos-y-libritos-pop-up-en-este-mes-del-libro-celebra-junto-a-explora-valparaiso\/","og_site_name":"Valpara\u00edso","article_published_time":"2021-04-06T21:18:24+00:00","article_modified_time":"2021-05-05T21:20:57+00:00","og_image":[{"width":1132,"height":717,"url":"https:\/\/explora.cl\/valparaiso\/wp-content\/uploads\/sites\/7\/2021\/04\/foto_0000000320200821172159.png","type":"image\/png"}],"author":"jcastaneda","twitter_card":"summary_large_image","twitter_misc":{"Escrito por":"jcastaneda","Tiempo estimado de lectura":"2 minutos"},"schema":{"@context":"https:\/\/schema.org","@graph":[{"@type":"Article","@id":"https:\/\/explora.cl\/valparaiso\/datos-asombrosos-y-libritos-pop-up-en-este-mes-del-libro-celebra-junto-a-explora-valparaiso\/#article","isPartOf":{"@id":"https:\/\/explora.cl\/valparaiso\/datos-asombrosos-y-libritos-pop-up-en-este-mes-del-libro-celebra-junto-a-explora-valparaiso\/"},"author":{"name":"jcastaneda","@id":"https:\/\/explora.cl\/valparaiso\/#\/schema\/person\/c15e69495b8dbe0af0102f6bca43ba5d"},"headline":"Datos asombrosos y libritos pop-up: en este Mes del Libro celebra junto a Explora Valpara\u00edso","datePublished":"2021-04-06T21:18:24+00:00","dateModified":"2021-05-05T21:20:57+00:00","mainEntityOfPage":{"@id":"https:\/\/explora.cl\/valparaiso\/datos-asombrosos-y-libritos-pop-up-en-este-mes-del-libro-celebra-junto-a-explora-valparaiso\/"},"wordCount":411,"commentCount":0,"publisher":{"@id":"https:\/\/explora.cl\/valparaiso\/#organization"},"image":{"@id":"https:\/\/explora.cl\/valparaiso\/datos-asombrosos-y-libritos-pop-up-en-este-mes-del-libro-celebra-junto-a-explora-valparaiso\/#primaryimage"},"thumbnailUrl":"https:\/\/explora.cl\/valparaiso\/wp-content\/uploads\/sites\/7\/2021\/04\/foto_0000000320200821172159.png","keywords":["Abejorro Embajador","abril lecturas mil","calamar de humboldt","Cururo","d\u00eda del libro","D\u00eda Mundial del Libro","material gratuito","Mes del Libro","MinCiencia","Palma Chilena","programa EXPLORA","recursos descargables","Yaca"],"articleSection":["Noticias"],"inLanguage":"es-CL","potentialAction":[{"@type":"CommentAction","name":"Comment","target":["https:\/\/explora.cl\/valparaiso\/datos-asombrosos-y-libritos-pop-up-en-este-mes-del-libro-celebra-junto-a-explora-valparaiso\/#respond"]}]},{"@type":"WebPage","@id":"https:\/\/explora.cl\/valparaiso\/datos-asombrosos-y-libritos-pop-up-en-este-mes-del-libro-celebra-junto-a-explora-valparaiso\/","url":"https:\/\/explora.cl\/valparaiso\/datos-asombrosos-y-libritos-pop-up-en-este-mes-del-libro-celebra-junto-a-explora-valparaiso\/","name":"Datos asombrosos y libritos pop-up: en este Mes del Libro celebra junto a Explora Valpara\u00edso - Valpara\u00edso","isPartOf":{"@id":"https:\/\/explora.cl\/valparaiso\/#website"},"primaryImageOfPage":{"@id":"https:\/\/explora.cl\/valparaiso\/datos-asombrosos-y-libritos-pop-up-en-este-mes-del-libro-celebra-junto-a-explora-valparaiso\/#primaryimage"},"image":{"@id":"https:\/\/explora.cl\/valparaiso\/datos-asombrosos-y-libritos-pop-up-en-este-mes-del-libro-celebra-junto-a-explora-valparaiso\/#primaryimage"},"thumbnailUrl":"https:\/\/explora.cl\/valparaiso\/wp-content\/uploads\/sites\/7\/2021\/04\/foto_0000000320200821172159.png","datePublished":"2021-04-06T21:18:24+00:00","dateModified":"2021-05-05T21:20:57+00:00","breadcrumb":{"@id":"https:\/\/explora.cl\/valparaiso\/datos-asombrosos-y-libritos-pop-up-en-este-mes-del-libro-celebra-junto-a-explora-valparaiso\/#breadcrumb"},"inLanguage":"es-CL","potentialAction":[{"@type":"ReadAction","target":["https:\/\/explora.cl\/valparaiso\/datos-asombrosos-y-libritos-pop-up-en-este-mes-del-libro-celebra-junto-a-explora-valparaiso\/"]}]},{"@type":"ImageObject","inLanguage":"es-CL","@id":"https:\/\/explora.cl\/valparaiso\/datos-asombrosos-y-libritos-pop-up-en-este-mes-del-libro-celebra-junto-a-explora-valparaiso\/#primaryimage","url":"https:\/\/explora.cl\/valparaiso\/wp-content\/uploads\/sites\/7\/2021\/04\/foto_0000000320200821172159.png","contentUrl":"https:\/\/explora.cl\/valparaiso\/wp-content\/uploads\/sites\/7\/2021\/04\/foto_0000000320200821172159.png","width":1132,"height":717},{"@type":"BreadcrumbList","@id":"https:\/\/explora.cl\/valparaiso\/datos-asombrosos-y-libritos-pop-up-en-este-mes-del-libro-celebra-junto-a-explora-valparaiso\/#breadcrumb","itemListElement":[{"@type":"ListItem","position":1,"name":"Portada","item":"https:\/\/explora.cl\/valparaiso\/"},{"@type":"ListItem","position":2,"name":"Datos asombrosos y libritos pop-up: en este Mes del Libro celebra junto a Explora Valpara\u00edso"}]},{"@type":"WebSite","@id":"https:\/\/explora.cl\/valparaiso\/#website","url":"https:\/\/explora.cl\/valparaiso\/","name":"Valpara\u00edso","description":"Otro sitio m\u00e1s de explora.cl","publisher":{"@id":"https:\/\/explora.cl\/valparaiso\/#organization"},"potentialAction":[{"@type":"SearchAction","target":{"@type":"EntryPoint","urlTemplate":"https:\/\/explora.cl\/valparaiso\/?s={search_term_string}"},"query-input":{"@type":"PropertyValueSpecification","valueRequired":true,"valueName":"search_term_string"}}],"inLanguage":"es-CL"},{"@type":"Organization","@id":"https:\/\/explora.cl\/valparaiso\/#organization","name":"Valpara\u00edso","url":"https:\/\/explora.cl\/valparaiso\/","logo":{"@type":"ImageObject","inLanguage":"es-CL","@id":"https:\/\/explora.cl\/valparaiso\/#\/schema\/logo\/image\/","url":"https:\/\/explora.cl\/valparaiso\/wp-content\/uploads\/sites\/7\/2019\/06\/cropped-logo-explora-color.jpg","contentUrl":"https:\/\/explora.cl\/valparaiso\/wp-content\/uploads\/sites\/7\/2019\/06\/cropped-logo-explora-color.jpg","width":2035,"height":584,"caption":"Valpara\u00edso"},"image":{"@id":"https:\/\/explora.cl\/valparaiso\/#\/schema\/logo\/image\/"}},{"@type":"Person","@id":"https:\/\/explora.cl\/valparaiso\/#\/schema\/person\/c15e69495b8dbe0af0102f6bca43ba5d","name":"jcastaneda","image":{"@type":"ImageObject","inLanguage":"es-CL","@id":"https:\/\/explora.cl\/valparaiso\/#\/schema\/person\/image\/","url":"https:\/\/secure.gravatar.com\/avatar\/f26661a8eef2f6444d9633928ef0219fd69e41c5be1ef5ef16afeee7cd4df675?s=96&d=mm&r=g","contentUrl":"https:\/\/secure.gravatar.com\/avatar\/f26661a8eef2f6444d9633928ef0219fd69e41c5be1ef5ef16afeee7cd4df675?s=96&d=mm&r=g","caption":"jcastaneda"},"url":"https:\/\/explora.cl\/valparaiso\/author\/jcastaneda\/"}]}},"_links":{"self":[{"href":"https:\/\/explora.cl\/valparaiso\/wp-json\/wp\/v2\/posts\/40932","targetHints":{"allow":["GET"]}}],"collection":[{"href":"https:\/\/explora.cl\/valparaiso\/wp-json\/wp\/v2\/posts"}],"about":[{"href":"https:\/\/explora.cl\/valparaiso\/wp-json\/wp\/v2\/types\/post"}],"author":[{"embeddable":true,"href":"https:\/\/explora.cl\/valparaiso\/wp-json\/wp\/v2\/users\/22"}],"replies":[{"embeddable":true,"href":"https:\/\/explora.cl\/valparaiso\/wp-json\/wp\/v2\/comments?post=40932"}],"version-history":[{"count":4,"href":"https:\/\/explora.cl\/valparaiso\/wp-json\/wp\/v2\/posts\/40932\/revisions"}],"predecessor-version":[{"id":40940,"href":"https:\/\/explora.cl\/valparaiso\/wp-json\/wp\/v2\/posts\/40932\/revisions\/40940"}],"wp:featuredmedia":[{"embeddable":true,"href":"https:\/\/explora.cl\/valparaiso\/wp-json\/wp\/v2\/media\/40933"}],"wp:attachment":[{"href":"https:\/\/explora.cl\/valparaiso\/wp-json\/wp\/v2\/media?parent=40932"}],"wp:term":[{"taxonomy":"category","embeddable":true,"href":"https:\/\/explora.cl\/valparaiso\/wp-json\/wp\/v2\/categories?post=40932"},{"taxonomy":"post_tag","embeddable":true,"href":"https:\/\/explora.cl\/valparaiso\/wp-json\/wp\/v2\/tags?post=40932"}],"curies":[{"name":"wp","href":"https:\/\/api.w.org\/{rel}","templated":true}]}}