{"id":40885,"date":"2021-03-17T16:50:12","date_gmt":"2021-03-17T19:50:12","guid":{"rendered":"https:\/\/explora.cl\/valparaiso\/?p=40885"},"modified":"2021-03-19T14:11:22","modified_gmt":"2021-03-19T17:11:22","slug":"este-dia-de-la-astronomia-celebremos-todos-y-todas-mirando-el-cielo-nocturno","status":"publish","type":"post","link":"https:\/\/explora.cl\/valparaiso\/este-dia-de-la-astronomia-celebremos-todos-y-todas-mirando-el-cielo-nocturno\/","title":{"rendered":"Este D\u00eda de la Astronom\u00eda celebremos todos y todas mirando el cielo nocturno"},"content":{"rendered":"<h3>Para festejar la llegada del equinoccio de oto\u00f1o, este D\u00eda de la Astronom\u00eda lo celebramos con dos actividades a nivel regional, que nos invitan a concientizar acerca de la protecci\u00f3n de los cielos y el rol que cumple la contaminaci\u00f3n lum\u00ednica, en diversas \u00e1reas.<!--more--><\/h3>\n<p>Es ampliamente conocido que los cielos del norte de nuestro pa\u00eds son los m\u00e1s pr\u00edstinos y claros de todo el mundo, y se estima que para el a\u00f1o 2025, Chile podr\u00eda concentrar incluso hasta el 70% de la capacidad de observaci\u00f3n astron\u00f3mica mundial, convirti\u00e9ndonos en un polo de conocimiento cient\u00edfico no solo a nivel de f\u00edsica y astronom\u00eda, sino tambi\u00e9n de variadas y m\u00faltiples disciplinas.<\/p>\n<figure id=\"attachment_40900\" aria-describedby=\"caption-attachment-40900\" style=\"width: 225px\" class=\"wp-caption alignright\"><a href=\"https:\/\/explora.cl\/valparaiso\/este-dia-de-la-astronomia-celebremos-todos-y-todas-mirando-el-cielo-nocturno\/whatsapp-image-2021-03-17-at-18-16-40\/\" rel=\"attachment wp-att-40900\"><img fetchpriority=\"high\" decoding=\"async\" class=\"wp-image-40900 size-medium\" src=\"https:\/\/explora.cl\/valparaiso\/wp-content\/uploads\/sites\/7\/2021\/03\/WhatsApp-Image-2021-03-17-at-18.16.40-225x300.jpeg\" alt=\"\" width=\"225\" height=\"300\" srcset=\"https:\/\/explora.cl\/valparaiso\/wp-content\/uploads\/sites\/7\/2021\/03\/WhatsApp-Image-2021-03-17-at-18.16.40-225x300.jpeg 225w, https:\/\/explora.cl\/valparaiso\/wp-content\/uploads\/sites\/7\/2021\/03\/WhatsApp-Image-2021-03-17-at-18.16.40.jpeg 750w\" sizes=\"(max-width: 225px) 100vw, 225px\" \/><\/a><figcaption id=\"caption-attachment-40900\" class=\"wp-caption-text\"><em>&#8220;Bordando el firmamento&#8221;<\/em><\/figcaption><\/figure>\n<p>Este 20 de marzo, se celebra a nivel nacional el <strong>D\u00eda de la Astronom\u00eda<\/strong>, y para festejarlo desarrollamos una novedosa experiencia a trav\u00e9s de un ejercicio de bordado denominado \u201c<strong>Bordando el firmamento\u201d.<\/strong> La actividad, consisti\u00f3 en la entrega de m\u00e1s de 300 kits de bordado, con materiales e instrucciones (entre la semana del 08 al 14 de marzo), a diferentes juntas vecinales, establecimientos educacionales y clubes de personas mayores, de las comunas de Limache, Villa Alemana, Quilpu\u00e9, La Ligua, La Calera, Papudo, Zapallar, entre otras.<\/p>\n<p>El objetivo, es conocer algunas de las constelaciones, mediante el trabajo manual que permite este arte textil y, dejar plasmado en la tela un fragmento de su universo creativo. Lo novedoso, es que las personas participantes puedan devolver su estrella bordada \u2013a los intermediadores de la actividad a nivel comunal- para que cada una de estas estrellas pueda ser parte de una gran exposici\u00f3n en forma de constelaci\u00f3n (fecha por confirmar).<\/p>\n<p>Por otro lado, y como una forma de conocer los efectos que tiene la contaminaci\u00f3n lum\u00ednica en diversos sectores, este viernes 19 de marzo realizaremos \u2013en conjunto con el Instituto de F\u00edsica y Astronom\u00eda (IFA-UV) de la Universidad de Valpara\u00edso- un interesante conversatorio virtual denominado <strong>\u201cVolvamos a mirar las estrellas\u201d,<\/strong> que ser\u00e1 transmitido a las 18:00 horas, por la plataforma soyvalparaiso.cl y redes sociales de los dos entes organizadores, adem\u00e1s del Museo Fonck.<\/p>\n<p>La actividad, abrir\u00e1 con unas palabras de bienvenida de Mar\u00eda Jos\u00e9 Escobar, Seremi de Ciencia de la Macrozona Centro, y contar\u00e1 con la participaci\u00f3n de especialistas de diversas disciplinas quienes abordar\u00e1n los efectos de la luz artificial en las personas, la vida silvestre, las ciudades y la astronom\u00eda. En la oportunidad, se discutir\u00e1n los siguientes t\u00f3picos:<\/p>\n<ul>\n<li><strong>ASTRONOM\u00cdA: <\/strong>A cargo<strong> del Dr. <\/strong><strong>Eduardo Ibar, investigador del IFA-UV y Director ejecutivo de la Sociedad Chilena de Astronom\u00eda (SOCHIAS).<\/strong><\/li>\n<li><strong>NEUROCIENCIA<\/strong>: Participar\u00e1 <strong>John Ewer, bi\u00f3logo y Dr. en neurociencias del Centro Interdisciplinario de Neurociencias de Valpara\u00edso,<\/strong> quien se referir\u00e1 a los efectos de los excesos de luz artificial y los ciclos circadianos.<\/li>\n<li><strong>URBANISMO<\/strong>: A cargo de <strong>Paulina Villalobos, arquitecta y experta en iluminaci\u00f3n de las ciudades.<\/strong><\/li>\n<li><strong>NORMATIVA<\/strong>: En materia de sistemas de protecci\u00f3n, participar\u00e1 <strong>Pedro Sanhueza, Secretario de la Fundaci\u00f3n Cielos de Chile y Director de la Oficina de Protecci\u00f3n de la Calidad del Cielo del Norte de Chile \u2013 OPCC.<\/strong><\/li>\n<li><strong>MEDIOAMBIENTE: <\/strong>A nivel silvestre, expondr\u00e1 la <strong>veterinaria Valentina Colodro, de la ONG Oikonos<\/strong>.<\/li>\n<\/ul>\n<p>Para participar de este conversatorio, puedes inscribirte en este link \ud83d\udc49 <a href=\"http:\/\/bit.ly\/3twvcJx%20\">http:\/\/bit.ly\/3twvcJx<\/a><\/p>\n<p>Para ver la transmisi\u00f3n ese d\u00eda, puedes entrar soyvalparaiso.cl, al canal de YouTube del IFA-UV y a los fanpages de Facebook de Explora Valpara\u00edso y del Museo Fonck.<\/p>\n<p>Si quieres revisar las dem\u00e1s actividades que se realizar\u00e1n a nivel nacional, puedes entrar a este sitio <a href=\"https:\/\/diadelaastronomia.cl\/\">https:\/\/diadelaastronomia.cl\/<\/a><\/p>\n<p><a href=\"https:\/\/explora.cl\/valparaiso\/este-dia-de-la-astronomia-celebremos-todos-y-todas-mirando-el-cielo-nocturno\/dia-de-la-astronomia-twitter\/\" rel=\"attachment wp-att-40893\"><img decoding=\"async\" class=\"aligncenter wp-image-40893 size-large\" src=\"https:\/\/explora.cl\/valparaiso\/wp-content\/uploads\/sites\/7\/2021\/03\/dia-de-la-astronomia-twitter-1024x341.jpg\" alt=\"\" width=\"1024\" height=\"341\" srcset=\"https:\/\/explora.cl\/valparaiso\/wp-content\/uploads\/sites\/7\/2021\/03\/dia-de-la-astronomia-twitter-1024x341.jpg 1024w, https:\/\/explora.cl\/valparaiso\/wp-content\/uploads\/sites\/7\/2021\/03\/dia-de-la-astronomia-twitter-300x100.jpg 300w, https:\/\/explora.cl\/valparaiso\/wp-content\/uploads\/sites\/7\/2021\/03\/dia-de-la-astronomia-twitter-768x256.jpg 768w, https:\/\/explora.cl\/valparaiso\/wp-content\/uploads\/sites\/7\/2021\/03\/dia-de-la-astronomia-twitter.jpg 1500w\" sizes=\"(max-width: 1024px) 100vw, 1024px\" \/><\/a><\/p>\n","protected":false},"excerpt":{"rendered":"<p>Para festejar la llegada del equinoccio de oto\u00f1o, este D\u00eda de la Astronom\u00eda lo celebramos con dos actividades a nivel regional, que nos invitan a concientizar acerca de la protecci\u00f3n de los cielos y el rol que cumple la contaminaci\u00f3n lum\u00ednica, en diversas \u00e1reas.<\/p>\n","protected":false},"author":22,"featured_media":40887,"comment_status":"open","ping_status":"open","sticky":false,"template":"","format":"standard","meta":{"_acf_changed":false,"_exactmetrics_skip_tracking":false,"_exactmetrics_sitenote_active":false,"_exactmetrics_sitenote_note":"","_exactmetrics_sitenote_category":0,"footnotes":"","_links_to":"","_links_to_target":""},"categories":[4],"tags":[963,372,960,871,962,110,559,959,964,174,961],"class_list":["post-40885","post","type-post","status-publish","format-standard","has-post-thumbnail","hentry","category-noticias","tag-chilemiratucielo","tag-astronomia","tag-bordando-el-firmamento","tag-chile-mira-tu-cielo","tag-contaminacion-luminica","tag-cultura-cientifica","tag-dia-de-la-astronomia","tag-dia-de-la-astronomia-2021","tag-proteccion-de-los-cielos-nocturnos","tag-region-de-valparaiso","tag-volvamos-a-mirar-las-estrellas"],"acf":[],"yoast_head":"<!-- This site is optimized with the Yoast SEO plugin v26.9 - https:\/\/yoast.com\/product\/yoast-seo-wordpress\/ -->\n<title>Este D\u00eda de la Astronom\u00eda celebremos todos y todas mirando el cielo nocturno - Valpara\u00edso<\/title>\n<meta name=\"robots\" content=\"index, follow, max-snippet:-1, max-image-preview:large, max-video-preview:-1\" \/>\n<link rel=\"canonical\" href=\"https:\/\/explora.cl\/valparaiso\/este-dia-de-la-astronomia-celebremos-todos-y-todas-mirando-el-cielo-nocturno\/\" class=\"yoast-seo-meta-tag\" \/>\n<meta property=\"og:locale\" content=\"es_ES\" class=\"yoast-seo-meta-tag\" \/>\n<meta property=\"og:type\" content=\"article\" class=\"yoast-seo-meta-tag\" \/>\n<meta property=\"og:title\" content=\"Este D\u00eda de la Astronom\u00eda celebremos todos y todas mirando el cielo nocturno - Valpara\u00edso\" class=\"yoast-seo-meta-tag\" \/>\n<meta property=\"og:description\" content=\"Para festejar la llegada del equinoccio de oto\u00f1o, este D\u00eda de la Astronom\u00eda lo celebramos con dos actividades a nivel regional, que nos invitan a concientizar acerca de la protecci\u00f3n de los cielos y el rol que cumple la contaminaci\u00f3n lum\u00ednica, en diversas \u00e1reas.\" class=\"yoast-seo-meta-tag\" \/>\n<meta property=\"og:url\" content=\"https:\/\/explora.cl\/valparaiso\/este-dia-de-la-astronomia-celebremos-todos-y-todas-mirando-el-cielo-nocturno\/\" class=\"yoast-seo-meta-tag\" \/>\n<meta property=\"og:site_name\" content=\"Valpara\u00edso\" class=\"yoast-seo-meta-tag\" \/>\n<meta property=\"article:published_time\" content=\"2021-03-17T19:50:12+00:00\" class=\"yoast-seo-meta-tag\" \/>\n<meta property=\"article:modified_time\" content=\"2021-03-19T17:11:22+00:00\" class=\"yoast-seo-meta-tag\" \/>\n<meta property=\"og:image\" content=\"https:\/\/explora.cl\/valparaiso\/wp-content\/uploads\/sites\/7\/2021\/03\/diaastronomiabanner.jpg\" class=\"yoast-seo-meta-tag\" \/>\n\t<meta property=\"og:image:width\" content=\"1833\" class=\"yoast-seo-meta-tag\" \/>\n\t<meta property=\"og:image:height\" content=\"955\" class=\"yoast-seo-meta-tag\" \/>\n\t<meta property=\"og:image:type\" content=\"image\/jpeg\" class=\"yoast-seo-meta-tag\" \/>\n<meta name=\"author\" content=\"jcastaneda\" class=\"yoast-seo-meta-tag\" \/>\n<meta name=\"twitter:card\" content=\"summary_large_image\" class=\"yoast-seo-meta-tag\" \/>\n<meta name=\"twitter:label1\" content=\"Escrito por\" class=\"yoast-seo-meta-tag\" \/>\n\t<meta name=\"twitter:data1\" content=\"jcastaneda\" class=\"yoast-seo-meta-tag\" \/>\n\t<meta name=\"twitter:label2\" content=\"Tiempo estimado de lectura\" class=\"yoast-seo-meta-tag\" \/>\n\t<meta name=\"twitter:data2\" content=\"3 minutos\" class=\"yoast-seo-meta-tag\" \/>\n<script type=\"application\/ld+json\" class=\"yoast-schema-graph\">{\"@context\":\"https:\/\/schema.org\",\"@graph\":[{\"@type\":\"Article\",\"@id\":\"https:\/\/explora.cl\/valparaiso\/este-dia-de-la-astronomia-celebremos-todos-y-todas-mirando-el-cielo-nocturno\/#article\",\"isPartOf\":{\"@id\":\"https:\/\/explora.cl\/valparaiso\/este-dia-de-la-astronomia-celebremos-todos-y-todas-mirando-el-cielo-nocturno\/\"},\"author\":{\"name\":\"jcastaneda\",\"@id\":\"https:\/\/explora.cl\/valparaiso\/#\/schema\/person\/c15e69495b8dbe0af0102f6bca43ba5d\"},\"headline\":\"Este D\u00eda de la Astronom\u00eda celebremos todos y todas mirando el cielo nocturno\",\"datePublished\":\"2021-03-17T19:50:12+00:00\",\"dateModified\":\"2021-03-19T17:11:22+00:00\",\"mainEntityOfPage\":{\"@id\":\"https:\/\/explora.cl\/valparaiso\/este-dia-de-la-astronomia-celebremos-todos-y-todas-mirando-el-cielo-nocturno\/\"},\"wordCount\":638,\"commentCount\":0,\"publisher\":{\"@id\":\"https:\/\/explora.cl\/valparaiso\/#organization\"},\"image\":{\"@id\":\"https:\/\/explora.cl\/valparaiso\/este-dia-de-la-astronomia-celebremos-todos-y-todas-mirando-el-cielo-nocturno\/#primaryimage\"},\"thumbnailUrl\":\"https:\/\/explora.cl\/valparaiso\/wp-content\/uploads\/sites\/7\/2021\/03\/diaastronomiabanner.jpg\",\"keywords\":[\"#Chilemiratucielo\",\"astronom\u00eda\",\"Bordando el firmamento\",\"Chile mira tu cielo\",\"contaminaci\u00f3n lum\u00ednica\",\"cultura cientifica\",\"Dia de la Astronom\u00eda\",\"D\u00eda de la Astronom\u00eda 2021\",\"protecci\u00f3n de los cielos nocturnos\",\"Regi\u00f3n de Valpara\u00edso\",\"Volvamos a mirar las estrellas\"],\"articleSection\":[\"Noticias\"],\"inLanguage\":\"es-CL\",\"potentialAction\":[{\"@type\":\"CommentAction\",\"name\":\"Comment\",\"target\":[\"https:\/\/explora.cl\/valparaiso\/este-dia-de-la-astronomia-celebremos-todos-y-todas-mirando-el-cielo-nocturno\/#respond\"]}]},{\"@type\":\"WebPage\",\"@id\":\"https:\/\/explora.cl\/valparaiso\/este-dia-de-la-astronomia-celebremos-todos-y-todas-mirando-el-cielo-nocturno\/\",\"url\":\"https:\/\/explora.cl\/valparaiso\/este-dia-de-la-astronomia-celebremos-todos-y-todas-mirando-el-cielo-nocturno\/\",\"name\":\"Este D\u00eda de la Astronom\u00eda celebremos todos y todas mirando el cielo nocturno - Valpara\u00edso\",\"isPartOf\":{\"@id\":\"https:\/\/explora.cl\/valparaiso\/#website\"},\"primaryImageOfPage\":{\"@id\":\"https:\/\/explora.cl\/valparaiso\/este-dia-de-la-astronomia-celebremos-todos-y-todas-mirando-el-cielo-nocturno\/#primaryimage\"},\"image\":{\"@id\":\"https:\/\/explora.cl\/valparaiso\/este-dia-de-la-astronomia-celebremos-todos-y-todas-mirando-el-cielo-nocturno\/#primaryimage\"},\"thumbnailUrl\":\"https:\/\/explora.cl\/valparaiso\/wp-content\/uploads\/sites\/7\/2021\/03\/diaastronomiabanner.jpg\",\"datePublished\":\"2021-03-17T19:50:12+00:00\",\"dateModified\":\"2021-03-19T17:11:22+00:00\",\"breadcrumb\":{\"@id\":\"https:\/\/explora.cl\/valparaiso\/este-dia-de-la-astronomia-celebremos-todos-y-todas-mirando-el-cielo-nocturno\/#breadcrumb\"},\"inLanguage\":\"es-CL\",\"potentialAction\":[{\"@type\":\"ReadAction\",\"target\":[\"https:\/\/explora.cl\/valparaiso\/este-dia-de-la-astronomia-celebremos-todos-y-todas-mirando-el-cielo-nocturno\/\"]}]},{\"@type\":\"ImageObject\",\"inLanguage\":\"es-CL\",\"@id\":\"https:\/\/explora.cl\/valparaiso\/este-dia-de-la-astronomia-celebremos-todos-y-todas-mirando-el-cielo-nocturno\/#primaryimage\",\"url\":\"https:\/\/explora.cl\/valparaiso\/wp-content\/uploads\/sites\/7\/2021\/03\/diaastronomiabanner.jpg\",\"contentUrl\":\"https:\/\/explora.cl\/valparaiso\/wp-content\/uploads\/sites\/7\/2021\/03\/diaastronomiabanner.jpg\",\"width\":1833,\"height\":955},{\"@type\":\"BreadcrumbList\",\"@id\":\"https:\/\/explora.cl\/valparaiso\/este-dia-de-la-astronomia-celebremos-todos-y-todas-mirando-el-cielo-nocturno\/#breadcrumb\",\"itemListElement\":[{\"@type\":\"ListItem\",\"position\":1,\"name\":\"Portada\",\"item\":\"https:\/\/explora.cl\/valparaiso\/\"},{\"@type\":\"ListItem\",\"position\":2,\"name\":\"Este D\u00eda de la Astronom\u00eda celebremos todos y todas mirando el cielo nocturno\"}]},{\"@type\":\"WebSite\",\"@id\":\"https:\/\/explora.cl\/valparaiso\/#website\",\"url\":\"https:\/\/explora.cl\/valparaiso\/\",\"name\":\"Valpara\u00edso\",\"description\":\"Otro sitio m\u00e1s de explora.cl\",\"publisher\":{\"@id\":\"https:\/\/explora.cl\/valparaiso\/#organization\"},\"potentialAction\":[{\"@type\":\"SearchAction\",\"target\":{\"@type\":\"EntryPoint\",\"urlTemplate\":\"https:\/\/explora.cl\/valparaiso\/?s={search_term_string}\"},\"query-input\":{\"@type\":\"PropertyValueSpecification\",\"valueRequired\":true,\"valueName\":\"search_term_string\"}}],\"inLanguage\":\"es-CL\"},{\"@type\":\"Organization\",\"@id\":\"https:\/\/explora.cl\/valparaiso\/#organization\",\"name\":\"Valpara\u00edso\",\"url\":\"https:\/\/explora.cl\/valparaiso\/\",\"logo\":{\"@type\":\"ImageObject\",\"inLanguage\":\"es-CL\",\"@id\":\"https:\/\/explora.cl\/valparaiso\/#\/schema\/logo\/image\/\",\"url\":\"https:\/\/explora.cl\/valparaiso\/wp-content\/uploads\/sites\/7\/2019\/06\/cropped-logo-explora-color.jpg\",\"contentUrl\":\"https:\/\/explora.cl\/valparaiso\/wp-content\/uploads\/sites\/7\/2019\/06\/cropped-logo-explora-color.jpg\",\"width\":2035,\"height\":584,\"caption\":\"Valpara\u00edso\"},\"image\":{\"@id\":\"https:\/\/explora.cl\/valparaiso\/#\/schema\/logo\/image\/\"}},{\"@type\":\"Person\",\"@id\":\"https:\/\/explora.cl\/valparaiso\/#\/schema\/person\/c15e69495b8dbe0af0102f6bca43ba5d\",\"name\":\"jcastaneda\",\"image\":{\"@type\":\"ImageObject\",\"inLanguage\":\"es-CL\",\"@id\":\"https:\/\/explora.cl\/valparaiso\/#\/schema\/person\/image\/\",\"url\":\"https:\/\/secure.gravatar.com\/avatar\/f26661a8eef2f6444d9633928ef0219fd69e41c5be1ef5ef16afeee7cd4df675?s=96&d=mm&r=g\",\"contentUrl\":\"https:\/\/secure.gravatar.com\/avatar\/f26661a8eef2f6444d9633928ef0219fd69e41c5be1ef5ef16afeee7cd4df675?s=96&d=mm&r=g\",\"caption\":\"jcastaneda\"},\"url\":\"https:\/\/explora.cl\/valparaiso\/author\/jcastaneda\/\"}]}<\/script>\n<!-- \/ Yoast SEO plugin. -->","yoast_head_json":{"title":"Este D\u00eda de la Astronom\u00eda celebremos todos y todas mirando el cielo nocturno - Valpara\u00edso","robots":{"index":"index","follow":"follow","max-snippet":"max-snippet:-1","max-image-preview":"max-image-preview:large","max-video-preview":"max-video-preview:-1"},"canonical":"https:\/\/explora.cl\/valparaiso\/este-dia-de-la-astronomia-celebremos-todos-y-todas-mirando-el-cielo-nocturno\/","og_locale":"es_ES","og_type":"article","og_title":"Este D\u00eda de la Astronom\u00eda celebremos todos y todas mirando el cielo nocturno - Valpara\u00edso","og_description":"Para festejar la llegada del equinoccio de oto\u00f1o, este D\u00eda de la Astronom\u00eda lo celebramos con dos actividades a nivel regional, que nos invitan a concientizar acerca de la protecci\u00f3n de los cielos y el rol que cumple la contaminaci\u00f3n lum\u00ednica, en diversas \u00e1reas.","og_url":"https:\/\/explora.cl\/valparaiso\/este-dia-de-la-astronomia-celebremos-todos-y-todas-mirando-el-cielo-nocturno\/","og_site_name":"Valpara\u00edso","article_published_time":"2021-03-17T19:50:12+00:00","article_modified_time":"2021-03-19T17:11:22+00:00","og_image":[{"width":1833,"height":955,"url":"https:\/\/explora.cl\/valparaiso\/wp-content\/uploads\/sites\/7\/2021\/03\/diaastronomiabanner.jpg","type":"image\/jpeg"}],"author":"jcastaneda","twitter_card":"summary_large_image","twitter_misc":{"Escrito por":"jcastaneda","Tiempo estimado de lectura":"3 minutos"},"schema":{"@context":"https:\/\/schema.org","@graph":[{"@type":"Article","@id":"https:\/\/explora.cl\/valparaiso\/este-dia-de-la-astronomia-celebremos-todos-y-todas-mirando-el-cielo-nocturno\/#article","isPartOf":{"@id":"https:\/\/explora.cl\/valparaiso\/este-dia-de-la-astronomia-celebremos-todos-y-todas-mirando-el-cielo-nocturno\/"},"author":{"name":"jcastaneda","@id":"https:\/\/explora.cl\/valparaiso\/#\/schema\/person\/c15e69495b8dbe0af0102f6bca43ba5d"},"headline":"Este D\u00eda de la Astronom\u00eda celebremos todos y todas mirando el cielo nocturno","datePublished":"2021-03-17T19:50:12+00:00","dateModified":"2021-03-19T17:11:22+00:00","mainEntityOfPage":{"@id":"https:\/\/explora.cl\/valparaiso\/este-dia-de-la-astronomia-celebremos-todos-y-todas-mirando-el-cielo-nocturno\/"},"wordCount":638,"commentCount":0,"publisher":{"@id":"https:\/\/explora.cl\/valparaiso\/#organization"},"image":{"@id":"https:\/\/explora.cl\/valparaiso\/este-dia-de-la-astronomia-celebremos-todos-y-todas-mirando-el-cielo-nocturno\/#primaryimage"},"thumbnailUrl":"https:\/\/explora.cl\/valparaiso\/wp-content\/uploads\/sites\/7\/2021\/03\/diaastronomiabanner.jpg","keywords":["#Chilemiratucielo","astronom\u00eda","Bordando el firmamento","Chile mira tu cielo","contaminaci\u00f3n lum\u00ednica","cultura cientifica","Dia de la Astronom\u00eda","D\u00eda de la Astronom\u00eda 2021","protecci\u00f3n de los cielos nocturnos","Regi\u00f3n de Valpara\u00edso","Volvamos a mirar las estrellas"],"articleSection":["Noticias"],"inLanguage":"es-CL","potentialAction":[{"@type":"CommentAction","name":"Comment","target":["https:\/\/explora.cl\/valparaiso\/este-dia-de-la-astronomia-celebremos-todos-y-todas-mirando-el-cielo-nocturno\/#respond"]}]},{"@type":"WebPage","@id":"https:\/\/explora.cl\/valparaiso\/este-dia-de-la-astronomia-celebremos-todos-y-todas-mirando-el-cielo-nocturno\/","url":"https:\/\/explora.cl\/valparaiso\/este-dia-de-la-astronomia-celebremos-todos-y-todas-mirando-el-cielo-nocturno\/","name":"Este D\u00eda de la Astronom\u00eda celebremos todos y todas mirando el cielo nocturno - Valpara\u00edso","isPartOf":{"@id":"https:\/\/explora.cl\/valparaiso\/#website"},"primaryImageOfPage":{"@id":"https:\/\/explora.cl\/valparaiso\/este-dia-de-la-astronomia-celebremos-todos-y-todas-mirando-el-cielo-nocturno\/#primaryimage"},"image":{"@id":"https:\/\/explora.cl\/valparaiso\/este-dia-de-la-astronomia-celebremos-todos-y-todas-mirando-el-cielo-nocturno\/#primaryimage"},"thumbnailUrl":"https:\/\/explora.cl\/valparaiso\/wp-content\/uploads\/sites\/7\/2021\/03\/diaastronomiabanner.jpg","datePublished":"2021-03-17T19:50:12+00:00","dateModified":"2021-03-19T17:11:22+00:00","breadcrumb":{"@id":"https:\/\/explora.cl\/valparaiso\/este-dia-de-la-astronomia-celebremos-todos-y-todas-mirando-el-cielo-nocturno\/#breadcrumb"},"inLanguage":"es-CL","potentialAction":[{"@type":"ReadAction","target":["https:\/\/explora.cl\/valparaiso\/este-dia-de-la-astronomia-celebremos-todos-y-todas-mirando-el-cielo-nocturno\/"]}]},{"@type":"ImageObject","inLanguage":"es-CL","@id":"https:\/\/explora.cl\/valparaiso\/este-dia-de-la-astronomia-celebremos-todos-y-todas-mirando-el-cielo-nocturno\/#primaryimage","url":"https:\/\/explora.cl\/valparaiso\/wp-content\/uploads\/sites\/7\/2021\/03\/diaastronomiabanner.jpg","contentUrl":"https:\/\/explora.cl\/valparaiso\/wp-content\/uploads\/sites\/7\/2021\/03\/diaastronomiabanner.jpg","width":1833,"height":955},{"@type":"BreadcrumbList","@id":"https:\/\/explora.cl\/valparaiso\/este-dia-de-la-astronomia-celebremos-todos-y-todas-mirando-el-cielo-nocturno\/#breadcrumb","itemListElement":[{"@type":"ListItem","position":1,"name":"Portada","item":"https:\/\/explora.cl\/valparaiso\/"},{"@type":"ListItem","position":2,"name":"Este D\u00eda de la Astronom\u00eda celebremos todos y todas mirando el cielo nocturno"}]},{"@type":"WebSite","@id":"https:\/\/explora.cl\/valparaiso\/#website","url":"https:\/\/explora.cl\/valparaiso\/","name":"Valpara\u00edso","description":"Otro sitio m\u00e1s de explora.cl","publisher":{"@id":"https:\/\/explora.cl\/valparaiso\/#organization"},"potentialAction":[{"@type":"SearchAction","target":{"@type":"EntryPoint","urlTemplate":"https:\/\/explora.cl\/valparaiso\/?s={search_term_string}"},"query-input":{"@type":"PropertyValueSpecification","valueRequired":true,"valueName":"search_term_string"}}],"inLanguage":"es-CL"},{"@type":"Organization","@id":"https:\/\/explora.cl\/valparaiso\/#organization","name":"Valpara\u00edso","url":"https:\/\/explora.cl\/valparaiso\/","logo":{"@type":"ImageObject","inLanguage":"es-CL","@id":"https:\/\/explora.cl\/valparaiso\/#\/schema\/logo\/image\/","url":"https:\/\/explora.cl\/valparaiso\/wp-content\/uploads\/sites\/7\/2019\/06\/cropped-logo-explora-color.jpg","contentUrl":"https:\/\/explora.cl\/valparaiso\/wp-content\/uploads\/sites\/7\/2019\/06\/cropped-logo-explora-color.jpg","width":2035,"height":584,"caption":"Valpara\u00edso"},"image":{"@id":"https:\/\/explora.cl\/valparaiso\/#\/schema\/logo\/image\/"}},{"@type":"Person","@id":"https:\/\/explora.cl\/valparaiso\/#\/schema\/person\/c15e69495b8dbe0af0102f6bca43ba5d","name":"jcastaneda","image":{"@type":"ImageObject","inLanguage":"es-CL","@id":"https:\/\/explora.cl\/valparaiso\/#\/schema\/person\/image\/","url":"https:\/\/secure.gravatar.com\/avatar\/f26661a8eef2f6444d9633928ef0219fd69e41c5be1ef5ef16afeee7cd4df675?s=96&d=mm&r=g","contentUrl":"https:\/\/secure.gravatar.com\/avatar\/f26661a8eef2f6444d9633928ef0219fd69e41c5be1ef5ef16afeee7cd4df675?s=96&d=mm&r=g","caption":"jcastaneda"},"url":"https:\/\/explora.cl\/valparaiso\/author\/jcastaneda\/"}]}},"_links":{"self":[{"href":"https:\/\/explora.cl\/valparaiso\/wp-json\/wp\/v2\/posts\/40885","targetHints":{"allow":["GET"]}}],"collection":[{"href":"https:\/\/explora.cl\/valparaiso\/wp-json\/wp\/v2\/posts"}],"about":[{"href":"https:\/\/explora.cl\/valparaiso\/wp-json\/wp\/v2\/types\/post"}],"author":[{"embeddable":true,"href":"https:\/\/explora.cl\/valparaiso\/wp-json\/wp\/v2\/users\/22"}],"replies":[{"embeddable":true,"href":"https:\/\/explora.cl\/valparaiso\/wp-json\/wp\/v2\/comments?post=40885"}],"version-history":[{"count":11,"href":"https:\/\/explora.cl\/valparaiso\/wp-json\/wp\/v2\/posts\/40885\/revisions"}],"predecessor-version":[{"id":40905,"href":"https:\/\/explora.cl\/valparaiso\/wp-json\/wp\/v2\/posts\/40885\/revisions\/40905"}],"wp:featuredmedia":[{"embeddable":true,"href":"https:\/\/explora.cl\/valparaiso\/wp-json\/wp\/v2\/media\/40887"}],"wp:attachment":[{"href":"https:\/\/explora.cl\/valparaiso\/wp-json\/wp\/v2\/media?parent=40885"}],"wp:term":[{"taxonomy":"category","embeddable":true,"href":"https:\/\/explora.cl\/valparaiso\/wp-json\/wp\/v2\/categories?post=40885"},{"taxonomy":"post_tag","embeddable":true,"href":"https:\/\/explora.cl\/valparaiso\/wp-json\/wp\/v2\/tags?post=40885"}],"curies":[{"name":"wp","href":"https:\/\/api.w.org\/{rel}","templated":true}]}}