{"id":40862,"date":"2021-03-04T18:22:32","date_gmt":"2021-03-04T21:22:32","guid":{"rendered":"https:\/\/explora.cl\/valparaiso\/?p=40862"},"modified":"2021-03-17T16:58:19","modified_gmt":"2021-03-17T19:58:19","slug":"durante-marzo-sumate-a-los-viernes-de-cultura-ciencia-y-conoce-la-importancia-de-cuidar-nuestra-salud-mental","status":"publish","type":"post","link":"https:\/\/explora.cl\/valparaiso\/durante-marzo-sumate-a-los-viernes-de-cultura-ciencia-y-conoce-la-importancia-de-cuidar-nuestra-salud-mental\/","title":{"rendered":"Durante marzo s\u00famate a los Viernes de Cultura + Ciencia y conoce la importancia de cuidar nuestra salud mental"},"content":{"rendered":"<h3>Desde el 05 hasta el 26 de marzo, s\u00famate a la transmisi\u00f3n de conversaciones con especialistas que te hablar\u00e1n sobre el rol de los genes en la salud mental, el estr\u00e9s que afrontan los\/as docentes y c\u00f3mo podemos mantener nuestro bienestar mental, en esta nueva realidad de distanciamiento social.<!--more--><\/h3>\n<p>\u00bfSab\u00edas que, en nuestro pa\u00eds, los problemas de salud mental constituyen la principal fuente de ausentismo laboral y carga de otras enfermedades?* Con la llegada de la pandemia, se ha visibilizado en un muy amplio espectro los estragos que implica en nuestro \u00e1nimo y conducta adaptarnos a esta nueva realidad y lo importante que es proteger nuestra salud mental manteniendo a raya el estr\u00e9s o la ansiedad.<\/p>\n<p>Para comenzar este a\u00f1o acad\u00e9mico, marzo se viene con tres conversaciones durante el ciclo de los <strong>Viernes de Cultura + Ciencia<\/strong>, esta vez bajo la tem\u00e1tica del <strong>Estr\u00e9s y la salud mental<\/strong>, a cargo de acad\u00e9micos y profesionales de las \u00e1reas de la neurociencia y la psicolog\u00eda de universidades de la regi\u00f3n.<\/p>\n<p><strong>Partimos el 05 de marzo, con \u201c<\/strong><strong>Salud mental: el medio ambiente, mis genes y yo<\/strong><strong>\u201d a cargo del acad\u00e9mico Pablo Moya, bioqu\u00edmico y miembro del Centro de Neurociencias de la Universidad de Valpara\u00edso.<\/strong>\u00a0En la ocasi\u00f3n, el investigador te acercar\u00e1 un poquito al t\u00e9rmino epigen\u00e9tica, y te explicar\u00e1 el rol que tienen los genes y el ambiente en el que nos desenvolvemos, en nuestro cerebro, nuestra conducta y la salud mental.<\/p>\n<p>Continuamos el ciclo el viernes 12 <strong>con\u00a0\u201c\u00a1Cuidemos a los\/as <\/strong><strong>profesores! La salud f\u00edsica y mental en docentes chilenos<\/strong>\u201d<strong>, a cargo\u00a0del acad\u00e9mico Pablo Lizana, del Instituto de Biolog\u00eda de la Pontificia Universidad Cat\u00f3lica de Valpara\u00edso<\/strong>. En esta oportunidad, el Dr. Lizana realizar\u00e1 un barrido sobre las altas cargas laborales que tienen nuestros profesores y profesoras, sobre todo luego de un a\u00f1o de realizar clases online, y qu\u00e9 se puede hacer al respecto.<\/p>\n<p>Finalizamos con broche de oro <strong>el viernes 26 de marzo<\/strong> con un tema que nos involucra a todos y todas. <strong>El psic\u00f3logo Juan Pablo Araya, de la Universidad de Playa Ancha,<\/strong> te entregar\u00e1 una serie de consejos y tips para mantener el bienestar de nuestra salud mental en pandemia, con la presentaci\u00f3n<strong> \u00bf<\/strong><strong>C\u00f3mo mantener el bienestar mental en tiempos de incertidumbre y distanciamiento?<\/strong><\/p>\n<p><strong>\u00a1An\u00edmate y participa! Todos y todas est\u00e1n invitados\/as a ser parte de esta actividad online. Te esperamos los viernes de marzo, a las 18:00 horas a trav\u00e9s de Facebook Live y por nuestro canal de YouTube \u00a1S\u00edguenos y ent\u00e9rate de todas nuestras novedades!<\/strong><\/p>\n<p>Esta iniciativa es un esfuerzo de Explora Valpara\u00edso y el Museo Fonck de Vi\u00f1a del Mar, miembro de nuestra Red de Cultura Cient\u00edfica, que ya lleva 10 a\u00f1os invitando a la comunidad a conocer el impacto de la ciencia a trav\u00e9s de una conversaci\u00f3n amena y cercana con cient\u00edficos y cient\u00edficas de diversas disciplinas. Las presentaciones, han sido adaptadas a un formato a distancia a trav\u00e9s de transmisiones en vivo, para seguir brindando espacios que acerquen a la comunidad a la cultura cient\u00edfica #desdecasa.<\/p>\n<p><em>Fuente: Ministerio de Salud<\/em><\/p>\n","protected":false},"excerpt":{"rendered":"<p>Desde el 05 hasta el 26 de marzo, s\u00famate a la transmisi\u00f3n de conversaciones con especialistas que te hablar\u00e1n sobre el rol de los genes en la salud mental, el estr\u00e9s que afrontan los\/as docentes y c\u00f3mo podemos mantener nuestro bienestar mental, en esta nueva realidad de distanciamiento social.<\/p>\n","protected":false},"author":22,"featured_media":40877,"comment_status":"open","ping_status":"open","sticky":false,"template":"","format":"standard","meta":{"_acf_changed":false,"_exactmetrics_skip_tracking":false,"_exactmetrics_sitenote_active":false,"_exactmetrics_sitenote_note":"","_exactmetrics_sitenote_category":0,"footnotes":"","_links_to":"","_links_to_target":""},"categories":[4],"tags":[],"class_list":["post-40862","post","type-post","status-publish","format-standard","has-post-thumbnail","hentry","category-noticias"],"acf":[],"yoast_head":"<!-- This site is optimized with the Yoast SEO plugin v26.9 - https:\/\/yoast.com\/product\/yoast-seo-wordpress\/ -->\n<title>Durante marzo s\u00famate a los Viernes de Cultura + Ciencia y conoce la importancia de cuidar nuestra salud mental - Valpara\u00edso<\/title>\n<meta name=\"robots\" content=\"index, follow, max-snippet:-1, max-image-preview:large, max-video-preview:-1\" \/>\n<link rel=\"canonical\" href=\"https:\/\/explora.cl\/valparaiso\/durante-marzo-sumate-a-los-viernes-de-cultura-ciencia-y-conoce-la-importancia-de-cuidar-nuestra-salud-mental\/\" class=\"yoast-seo-meta-tag\" \/>\n<meta property=\"og:locale\" content=\"es_ES\" class=\"yoast-seo-meta-tag\" \/>\n<meta property=\"og:type\" content=\"article\" class=\"yoast-seo-meta-tag\" \/>\n<meta property=\"og:title\" content=\"Durante marzo s\u00famate a los Viernes de Cultura + Ciencia y conoce la importancia de cuidar nuestra salud mental - Valpara\u00edso\" class=\"yoast-seo-meta-tag\" \/>\n<meta property=\"og:description\" content=\"Desde el 05 hasta el 26 de marzo, s\u00famate a la transmisi\u00f3n de conversaciones con especialistas que te hablar\u00e1n sobre el rol de los genes en la salud mental, el estr\u00e9s que afrontan los\/as docentes y c\u00f3mo podemos mantener nuestro bienestar mental, en esta nueva realidad de distanciamiento social.\" class=\"yoast-seo-meta-tag\" \/>\n<meta property=\"og:url\" content=\"https:\/\/explora.cl\/valparaiso\/durante-marzo-sumate-a-los-viernes-de-cultura-ciencia-y-conoce-la-importancia-de-cuidar-nuestra-salud-mental\/\" class=\"yoast-seo-meta-tag\" \/>\n<meta property=\"og:site_name\" content=\"Valpara\u00edso\" class=\"yoast-seo-meta-tag\" \/>\n<meta property=\"article:published_time\" content=\"2021-03-04T21:22:32+00:00\" class=\"yoast-seo-meta-tag\" \/>\n<meta property=\"article:modified_time\" content=\"2021-03-17T19:58:19+00:00\" class=\"yoast-seo-meta-tag\" \/>\n<meta property=\"og:image\" content=\"https:\/\/explora.cl\/valparaiso\/wp-content\/uploads\/sites\/7\/2019\/09\/MAR-2021.png\" class=\"yoast-seo-meta-tag\" \/>\n\t<meta property=\"og:image:width\" content=\"1951\" class=\"yoast-seo-meta-tag\" \/>\n\t<meta property=\"og:image:height\" content=\"1278\" class=\"yoast-seo-meta-tag\" \/>\n\t<meta property=\"og:image:type\" content=\"image\/png\" class=\"yoast-seo-meta-tag\" \/>\n<meta name=\"author\" content=\"jcastaneda\" class=\"yoast-seo-meta-tag\" \/>\n<meta name=\"twitter:card\" content=\"summary_large_image\" class=\"yoast-seo-meta-tag\" \/>\n<meta name=\"twitter:label1\" content=\"Escrito por\" class=\"yoast-seo-meta-tag\" \/>\n\t<meta name=\"twitter:data1\" content=\"jcastaneda\" class=\"yoast-seo-meta-tag\" \/>\n\t<meta name=\"twitter:label2\" content=\"Tiempo estimado de lectura\" class=\"yoast-seo-meta-tag\" \/>\n\t<meta name=\"twitter:data2\" content=\"3 minutos\" class=\"yoast-seo-meta-tag\" \/>\n<script type=\"application\/ld+json\" class=\"yoast-schema-graph\">{\"@context\":\"https:\/\/schema.org\",\"@graph\":[{\"@type\":\"Article\",\"@id\":\"https:\/\/explora.cl\/valparaiso\/durante-marzo-sumate-a-los-viernes-de-cultura-ciencia-y-conoce-la-importancia-de-cuidar-nuestra-salud-mental\/#article\",\"isPartOf\":{\"@id\":\"https:\/\/explora.cl\/valparaiso\/durante-marzo-sumate-a-los-viernes-de-cultura-ciencia-y-conoce-la-importancia-de-cuidar-nuestra-salud-mental\/\"},\"author\":{\"name\":\"jcastaneda\",\"@id\":\"https:\/\/explora.cl\/valparaiso\/#\/schema\/person\/c15e69495b8dbe0af0102f6bca43ba5d\"},\"headline\":\"Durante marzo s\u00famate a los Viernes de Cultura + Ciencia y conoce la importancia de cuidar nuestra salud mental\",\"datePublished\":\"2021-03-04T21:22:32+00:00\",\"dateModified\":\"2021-03-17T19:58:19+00:00\",\"mainEntityOfPage\":{\"@id\":\"https:\/\/explora.cl\/valparaiso\/durante-marzo-sumate-a-los-viernes-de-cultura-ciencia-y-conoce-la-importancia-de-cuidar-nuestra-salud-mental\/\"},\"wordCount\":565,\"commentCount\":0,\"publisher\":{\"@id\":\"https:\/\/explora.cl\/valparaiso\/#organization\"},\"image\":{\"@id\":\"https:\/\/explora.cl\/valparaiso\/durante-marzo-sumate-a-los-viernes-de-cultura-ciencia-y-conoce-la-importancia-de-cuidar-nuestra-salud-mental\/#primaryimage\"},\"thumbnailUrl\":\"https:\/\/explora.cl\/valparaiso\/wp-content\/uploads\/sites\/7\/2019\/09\/MAR-2021.png\",\"articleSection\":[\"Noticias\"],\"inLanguage\":\"es-CL\",\"potentialAction\":[{\"@type\":\"CommentAction\",\"name\":\"Comment\",\"target\":[\"https:\/\/explora.cl\/valparaiso\/durante-marzo-sumate-a-los-viernes-de-cultura-ciencia-y-conoce-la-importancia-de-cuidar-nuestra-salud-mental\/#respond\"]}]},{\"@type\":\"WebPage\",\"@id\":\"https:\/\/explora.cl\/valparaiso\/durante-marzo-sumate-a-los-viernes-de-cultura-ciencia-y-conoce-la-importancia-de-cuidar-nuestra-salud-mental\/\",\"url\":\"https:\/\/explora.cl\/valparaiso\/durante-marzo-sumate-a-los-viernes-de-cultura-ciencia-y-conoce-la-importancia-de-cuidar-nuestra-salud-mental\/\",\"name\":\"Durante marzo s\u00famate a los Viernes de Cultura + Ciencia y conoce la importancia de cuidar nuestra salud mental - Valpara\u00edso\",\"isPartOf\":{\"@id\":\"https:\/\/explora.cl\/valparaiso\/#website\"},\"primaryImageOfPage\":{\"@id\":\"https:\/\/explora.cl\/valparaiso\/durante-marzo-sumate-a-los-viernes-de-cultura-ciencia-y-conoce-la-importancia-de-cuidar-nuestra-salud-mental\/#primaryimage\"},\"image\":{\"@id\":\"https:\/\/explora.cl\/valparaiso\/durante-marzo-sumate-a-los-viernes-de-cultura-ciencia-y-conoce-la-importancia-de-cuidar-nuestra-salud-mental\/#primaryimage\"},\"thumbnailUrl\":\"https:\/\/explora.cl\/valparaiso\/wp-content\/uploads\/sites\/7\/2019\/09\/MAR-2021.png\",\"datePublished\":\"2021-03-04T21:22:32+00:00\",\"dateModified\":\"2021-03-17T19:58:19+00:00\",\"breadcrumb\":{\"@id\":\"https:\/\/explora.cl\/valparaiso\/durante-marzo-sumate-a-los-viernes-de-cultura-ciencia-y-conoce-la-importancia-de-cuidar-nuestra-salud-mental\/#breadcrumb\"},\"inLanguage\":\"es-CL\",\"potentialAction\":[{\"@type\":\"ReadAction\",\"target\":[\"https:\/\/explora.cl\/valparaiso\/durante-marzo-sumate-a-los-viernes-de-cultura-ciencia-y-conoce-la-importancia-de-cuidar-nuestra-salud-mental\/\"]}]},{\"@type\":\"ImageObject\",\"inLanguage\":\"es-CL\",\"@id\":\"https:\/\/explora.cl\/valparaiso\/durante-marzo-sumate-a-los-viernes-de-cultura-ciencia-y-conoce-la-importancia-de-cuidar-nuestra-salud-mental\/#primaryimage\",\"url\":\"https:\/\/explora.cl\/valparaiso\/wp-content\/uploads\/sites\/7\/2019\/09\/MAR-2021.png\",\"contentUrl\":\"https:\/\/explora.cl\/valparaiso\/wp-content\/uploads\/sites\/7\/2019\/09\/MAR-2021.png\",\"width\":1951,\"height\":1278},{\"@type\":\"BreadcrumbList\",\"@id\":\"https:\/\/explora.cl\/valparaiso\/durante-marzo-sumate-a-los-viernes-de-cultura-ciencia-y-conoce-la-importancia-de-cuidar-nuestra-salud-mental\/#breadcrumb\",\"itemListElement\":[{\"@type\":\"ListItem\",\"position\":1,\"name\":\"Portada\",\"item\":\"https:\/\/explora.cl\/valparaiso\/\"},{\"@type\":\"ListItem\",\"position\":2,\"name\":\"Durante marzo s\u00famate a los Viernes de Cultura + Ciencia y conoce la importancia de cuidar nuestra salud mental\"}]},{\"@type\":\"WebSite\",\"@id\":\"https:\/\/explora.cl\/valparaiso\/#website\",\"url\":\"https:\/\/explora.cl\/valparaiso\/\",\"name\":\"Valpara\u00edso\",\"description\":\"Otro sitio m\u00e1s de explora.cl\",\"publisher\":{\"@id\":\"https:\/\/explora.cl\/valparaiso\/#organization\"},\"potentialAction\":[{\"@type\":\"SearchAction\",\"target\":{\"@type\":\"EntryPoint\",\"urlTemplate\":\"https:\/\/explora.cl\/valparaiso\/?s={search_term_string}\"},\"query-input\":{\"@type\":\"PropertyValueSpecification\",\"valueRequired\":true,\"valueName\":\"search_term_string\"}}],\"inLanguage\":\"es-CL\"},{\"@type\":\"Organization\",\"@id\":\"https:\/\/explora.cl\/valparaiso\/#organization\",\"name\":\"Valpara\u00edso\",\"url\":\"https:\/\/explora.cl\/valparaiso\/\",\"logo\":{\"@type\":\"ImageObject\",\"inLanguage\":\"es-CL\",\"@id\":\"https:\/\/explora.cl\/valparaiso\/#\/schema\/logo\/image\/\",\"url\":\"https:\/\/explora.cl\/valparaiso\/wp-content\/uploads\/sites\/7\/2019\/06\/cropped-logo-explora-color.jpg\",\"contentUrl\":\"https:\/\/explora.cl\/valparaiso\/wp-content\/uploads\/sites\/7\/2019\/06\/cropped-logo-explora-color.jpg\",\"width\":2035,\"height\":584,\"caption\":\"Valpara\u00edso\"},\"image\":{\"@id\":\"https:\/\/explora.cl\/valparaiso\/#\/schema\/logo\/image\/\"}},{\"@type\":\"Person\",\"@id\":\"https:\/\/explora.cl\/valparaiso\/#\/schema\/person\/c15e69495b8dbe0af0102f6bca43ba5d\",\"name\":\"jcastaneda\",\"image\":{\"@type\":\"ImageObject\",\"inLanguage\":\"es-CL\",\"@id\":\"https:\/\/explora.cl\/valparaiso\/#\/schema\/person\/image\/\",\"url\":\"https:\/\/secure.gravatar.com\/avatar\/f26661a8eef2f6444d9633928ef0219fd69e41c5be1ef5ef16afeee7cd4df675?s=96&d=mm&r=g\",\"contentUrl\":\"https:\/\/secure.gravatar.com\/avatar\/f26661a8eef2f6444d9633928ef0219fd69e41c5be1ef5ef16afeee7cd4df675?s=96&d=mm&r=g\",\"caption\":\"jcastaneda\"},\"url\":\"https:\/\/explora.cl\/valparaiso\/author\/jcastaneda\/\"}]}<\/script>\n<!-- \/ Yoast SEO plugin. -->","yoast_head_json":{"title":"Durante marzo s\u00famate a los Viernes de Cultura + Ciencia y conoce la importancia de cuidar nuestra salud mental - Valpara\u00edso","robots":{"index":"index","follow":"follow","max-snippet":"max-snippet:-1","max-image-preview":"max-image-preview:large","max-video-preview":"max-video-preview:-1"},"canonical":"https:\/\/explora.cl\/valparaiso\/durante-marzo-sumate-a-los-viernes-de-cultura-ciencia-y-conoce-la-importancia-de-cuidar-nuestra-salud-mental\/","og_locale":"es_ES","og_type":"article","og_title":"Durante marzo s\u00famate a los Viernes de Cultura + Ciencia y conoce la importancia de cuidar nuestra salud mental - Valpara\u00edso","og_description":"Desde el 05 hasta el 26 de marzo, s\u00famate a la transmisi\u00f3n de conversaciones con especialistas que te hablar\u00e1n sobre el rol de los genes en la salud mental, el estr\u00e9s que afrontan los\/as docentes y c\u00f3mo podemos mantener nuestro bienestar mental, en esta nueva realidad de distanciamiento social.","og_url":"https:\/\/explora.cl\/valparaiso\/durante-marzo-sumate-a-los-viernes-de-cultura-ciencia-y-conoce-la-importancia-de-cuidar-nuestra-salud-mental\/","og_site_name":"Valpara\u00edso","article_published_time":"2021-03-04T21:22:32+00:00","article_modified_time":"2021-03-17T19:58:19+00:00","og_image":[{"width":1951,"height":1278,"url":"https:\/\/explora.cl\/valparaiso\/wp-content\/uploads\/sites\/7\/2019\/09\/MAR-2021.png","type":"image\/png"}],"author":"jcastaneda","twitter_card":"summary_large_image","twitter_misc":{"Escrito por":"jcastaneda","Tiempo estimado de lectura":"3 minutos"},"schema":{"@context":"https:\/\/schema.org","@graph":[{"@type":"Article","@id":"https:\/\/explora.cl\/valparaiso\/durante-marzo-sumate-a-los-viernes-de-cultura-ciencia-y-conoce-la-importancia-de-cuidar-nuestra-salud-mental\/#article","isPartOf":{"@id":"https:\/\/explora.cl\/valparaiso\/durante-marzo-sumate-a-los-viernes-de-cultura-ciencia-y-conoce-la-importancia-de-cuidar-nuestra-salud-mental\/"},"author":{"name":"jcastaneda","@id":"https:\/\/explora.cl\/valparaiso\/#\/schema\/person\/c15e69495b8dbe0af0102f6bca43ba5d"},"headline":"Durante marzo s\u00famate a los Viernes de Cultura + Ciencia y conoce la importancia de cuidar nuestra salud mental","datePublished":"2021-03-04T21:22:32+00:00","dateModified":"2021-03-17T19:58:19+00:00","mainEntityOfPage":{"@id":"https:\/\/explora.cl\/valparaiso\/durante-marzo-sumate-a-los-viernes-de-cultura-ciencia-y-conoce-la-importancia-de-cuidar-nuestra-salud-mental\/"},"wordCount":565,"commentCount":0,"publisher":{"@id":"https:\/\/explora.cl\/valparaiso\/#organization"},"image":{"@id":"https:\/\/explora.cl\/valparaiso\/durante-marzo-sumate-a-los-viernes-de-cultura-ciencia-y-conoce-la-importancia-de-cuidar-nuestra-salud-mental\/#primaryimage"},"thumbnailUrl":"https:\/\/explora.cl\/valparaiso\/wp-content\/uploads\/sites\/7\/2019\/09\/MAR-2021.png","articleSection":["Noticias"],"inLanguage":"es-CL","potentialAction":[{"@type":"CommentAction","name":"Comment","target":["https:\/\/explora.cl\/valparaiso\/durante-marzo-sumate-a-los-viernes-de-cultura-ciencia-y-conoce-la-importancia-de-cuidar-nuestra-salud-mental\/#respond"]}]},{"@type":"WebPage","@id":"https:\/\/explora.cl\/valparaiso\/durante-marzo-sumate-a-los-viernes-de-cultura-ciencia-y-conoce-la-importancia-de-cuidar-nuestra-salud-mental\/","url":"https:\/\/explora.cl\/valparaiso\/durante-marzo-sumate-a-los-viernes-de-cultura-ciencia-y-conoce-la-importancia-de-cuidar-nuestra-salud-mental\/","name":"Durante marzo s\u00famate a los Viernes de Cultura + Ciencia y conoce la importancia de cuidar nuestra salud mental - Valpara\u00edso","isPartOf":{"@id":"https:\/\/explora.cl\/valparaiso\/#website"},"primaryImageOfPage":{"@id":"https:\/\/explora.cl\/valparaiso\/durante-marzo-sumate-a-los-viernes-de-cultura-ciencia-y-conoce-la-importancia-de-cuidar-nuestra-salud-mental\/#primaryimage"},"image":{"@id":"https:\/\/explora.cl\/valparaiso\/durante-marzo-sumate-a-los-viernes-de-cultura-ciencia-y-conoce-la-importancia-de-cuidar-nuestra-salud-mental\/#primaryimage"},"thumbnailUrl":"https:\/\/explora.cl\/valparaiso\/wp-content\/uploads\/sites\/7\/2019\/09\/MAR-2021.png","datePublished":"2021-03-04T21:22:32+00:00","dateModified":"2021-03-17T19:58:19+00:00","breadcrumb":{"@id":"https:\/\/explora.cl\/valparaiso\/durante-marzo-sumate-a-los-viernes-de-cultura-ciencia-y-conoce-la-importancia-de-cuidar-nuestra-salud-mental\/#breadcrumb"},"inLanguage":"es-CL","potentialAction":[{"@type":"ReadAction","target":["https:\/\/explora.cl\/valparaiso\/durante-marzo-sumate-a-los-viernes-de-cultura-ciencia-y-conoce-la-importancia-de-cuidar-nuestra-salud-mental\/"]}]},{"@type":"ImageObject","inLanguage":"es-CL","@id":"https:\/\/explora.cl\/valparaiso\/durante-marzo-sumate-a-los-viernes-de-cultura-ciencia-y-conoce-la-importancia-de-cuidar-nuestra-salud-mental\/#primaryimage","url":"https:\/\/explora.cl\/valparaiso\/wp-content\/uploads\/sites\/7\/2019\/09\/MAR-2021.png","contentUrl":"https:\/\/explora.cl\/valparaiso\/wp-content\/uploads\/sites\/7\/2019\/09\/MAR-2021.png","width":1951,"height":1278},{"@type":"BreadcrumbList","@id":"https:\/\/explora.cl\/valparaiso\/durante-marzo-sumate-a-los-viernes-de-cultura-ciencia-y-conoce-la-importancia-de-cuidar-nuestra-salud-mental\/#breadcrumb","itemListElement":[{"@type":"ListItem","position":1,"name":"Portada","item":"https:\/\/explora.cl\/valparaiso\/"},{"@type":"ListItem","position":2,"name":"Durante marzo s\u00famate a los Viernes de Cultura + Ciencia y conoce la importancia de cuidar nuestra salud mental"}]},{"@type":"WebSite","@id":"https:\/\/explora.cl\/valparaiso\/#website","url":"https:\/\/explora.cl\/valparaiso\/","name":"Valpara\u00edso","description":"Otro sitio m\u00e1s de explora.cl","publisher":{"@id":"https:\/\/explora.cl\/valparaiso\/#organization"},"potentialAction":[{"@type":"SearchAction","target":{"@type":"EntryPoint","urlTemplate":"https:\/\/explora.cl\/valparaiso\/?s={search_term_string}"},"query-input":{"@type":"PropertyValueSpecification","valueRequired":true,"valueName":"search_term_string"}}],"inLanguage":"es-CL"},{"@type":"Organization","@id":"https:\/\/explora.cl\/valparaiso\/#organization","name":"Valpara\u00edso","url":"https:\/\/explora.cl\/valparaiso\/","logo":{"@type":"ImageObject","inLanguage":"es-CL","@id":"https:\/\/explora.cl\/valparaiso\/#\/schema\/logo\/image\/","url":"https:\/\/explora.cl\/valparaiso\/wp-content\/uploads\/sites\/7\/2019\/06\/cropped-logo-explora-color.jpg","contentUrl":"https:\/\/explora.cl\/valparaiso\/wp-content\/uploads\/sites\/7\/2019\/06\/cropped-logo-explora-color.jpg","width":2035,"height":584,"caption":"Valpara\u00edso"},"image":{"@id":"https:\/\/explora.cl\/valparaiso\/#\/schema\/logo\/image\/"}},{"@type":"Person","@id":"https:\/\/explora.cl\/valparaiso\/#\/schema\/person\/c15e69495b8dbe0af0102f6bca43ba5d","name":"jcastaneda","image":{"@type":"ImageObject","inLanguage":"es-CL","@id":"https:\/\/explora.cl\/valparaiso\/#\/schema\/person\/image\/","url":"https:\/\/secure.gravatar.com\/avatar\/f26661a8eef2f6444d9633928ef0219fd69e41c5be1ef5ef16afeee7cd4df675?s=96&d=mm&r=g","contentUrl":"https:\/\/secure.gravatar.com\/avatar\/f26661a8eef2f6444d9633928ef0219fd69e41c5be1ef5ef16afeee7cd4df675?s=96&d=mm&r=g","caption":"jcastaneda"},"url":"https:\/\/explora.cl\/valparaiso\/author\/jcastaneda\/"}]}},"_links":{"self":[{"href":"https:\/\/explora.cl\/valparaiso\/wp-json\/wp\/v2\/posts\/40862","targetHints":{"allow":["GET"]}}],"collection":[{"href":"https:\/\/explora.cl\/valparaiso\/wp-json\/wp\/v2\/posts"}],"about":[{"href":"https:\/\/explora.cl\/valparaiso\/wp-json\/wp\/v2\/types\/post"}],"author":[{"embeddable":true,"href":"https:\/\/explora.cl\/valparaiso\/wp-json\/wp\/v2\/users\/22"}],"replies":[{"embeddable":true,"href":"https:\/\/explora.cl\/valparaiso\/wp-json\/wp\/v2\/comments?post=40862"}],"version-history":[{"count":1,"href":"https:\/\/explora.cl\/valparaiso\/wp-json\/wp\/v2\/posts\/40862\/revisions"}],"predecessor-version":[{"id":40863,"href":"https:\/\/explora.cl\/valparaiso\/wp-json\/wp\/v2\/posts\/40862\/revisions\/40863"}],"wp:featuredmedia":[{"embeddable":true,"href":"https:\/\/explora.cl\/valparaiso\/wp-json\/wp\/v2\/media\/40877"}],"wp:attachment":[{"href":"https:\/\/explora.cl\/valparaiso\/wp-json\/wp\/v2\/media?parent=40862"}],"wp:term":[{"taxonomy":"category","embeddable":true,"href":"https:\/\/explora.cl\/valparaiso\/wp-json\/wp\/v2\/categories?post=40862"},{"taxonomy":"post_tag","embeddable":true,"href":"https:\/\/explora.cl\/valparaiso\/wp-json\/wp\/v2\/tags?post=40862"}],"curies":[{"name":"wp","href":"https:\/\/api.w.org\/{rel}","templated":true}]}}