{"id":40387,"date":"2020-09-02T13:09:26","date_gmt":"2020-09-02T17:09:26","guid":{"rendered":"https:\/\/explora.cl\/valparaiso\/?p=40387"},"modified":"2020-10-30T13:24:27","modified_gmt":"2020-10-30T16:24:27","slug":"abierto-xii-concurso-de-arte-un-ano-muy-particular","status":"publish","type":"post","link":"https:\/\/explora.cl\/valparaiso\/abierto-xii-concurso-de-arte-un-ano-muy-particular\/","title":{"rendered":"\u00a1Nuevo plazo! A\u00fan puedes participar del XII Concurso de Arte: \u201cUn A\u00f1o muy Particular\u201d"},"content":{"rendered":"<h3>Invitamos a escolares de Educaci\u00f3n B\u00e1sica de toda la Regi\u00f3n de Valpara\u00edso, a crear un dibujo que d\u00e9 cuenta de sus reflexiones y pensamientos en torno a esta pandemia. <strong><i>\u00a1Nuevo plazo! Si bien las bases dicen hasta el 30 de octubre, podr\u00e1s enviar tu obra hasta el 15 de noviembre.<\/i><\/strong><\/h3>\n<p><!--more--><\/p>\n<p>Debido a la pandemia mundial por el COVID-19 este a\u00f1o ha sido muy distinto a otros. Las rutinas de las mayor\u00edas de las personas del mundo se han modificado; pero tambi\u00e9n hemos aprendido nuevas cosas, nos hemos comunicado de otras maneras y expresado a trav\u00e9s de distintos medios; adem\u00e1s de ello \u00bfqu\u00e9 otras cosas se han cambiado para ti?<\/p>\n<p>En este 2020, invitamos a ni\u00f1os y ni\u00f1as de 1\u00b0 a 8\u00b0 a\u00f1o de Educaci\u00f3n B\u00e1sica de toda la Regi\u00f3n de Valpara\u00edso a participar de la XII versi\u00f3n del Concurso de Arte \u201cUn a\u00f1o muy particular\u201d y a crear un dibujo que refleje tus pensamientos e ideas sobre esta experiencia que estamos viviendo.<\/p>\n<p>\u00bfQuiz\u00e1s quieras dibujar aquellas cosas que te hacen feliz de estar en casa? \u00bfo aquellas que extra\u00f1as? \u00a1Puedes ilustrar lo que quieras! lo importante es que crees una obra que muestre lo que quieras destacar o reflexionar sobre este periodo y que luego nos la env\u00edes por correo electr\u00f3nico, <a href=\"https:\/\/explora.cl\/valparaiso\/wp-content\/uploads\/sites\/7\/2020\/09\/Bases-Un-a\u00f1o-muy-particular.pdf\">siguiendo las indicaciones de las bases del Concurso, que encontrar\u00e1s en este enlace.<\/a><\/p>\n<p>Cabe se\u00f1alar que esta iniciativa es organizada por doceavo a\u00f1o consecutivo entre el Museo Artequin de Vi\u00f1a del Mar, Explora Valpara\u00edso y el Centro Avanzado de Ingenier\u00eda El\u00e9ctrica y Electr\u00f3nica (AC3E) de la Universidad T\u00e9cnica Federico Santa Mar\u00eda; como una forma de vincular arte y ciencia y fomentar la cultura cient\u00edfica en escolares de distintas edades.<\/p>\n<p>Con todas las obras que recibamos, crearemos una gran exposici\u00f3n en nuestras redes sociales sobre experiencias en cuarentena de escolares de toda la regi\u00f3n; adem\u00e1s participar\u00e1s por ser parte del calendario 2021 de Explora Valpara\u00edso y el AC3E.<\/p>\n<p>Descarga las<a href=\"https:\/\/explora.cl\/valparaiso\/wp-content\/uploads\/sites\/7\/2020\/09\/Bases-Un-a\u00f1o-muy-particular.pdf\"> bases del concurso aqu\u00ed. <\/a><\/p>\n<p><strong>OJO QUE EL PLAZO ES HASTA EL 15 DE NOVIEMBRE&#8230; \u00a1ENV\u00cdA TU OBRA!<\/strong><\/p>\n<p>Para cualquier informaci\u00f3n, dudas o consultas puedes enviar un correo electr\u00f3nico a <a href=\"mailto:museo.artequinvinadelmar@gmail.com\">museo.artequinvinadelmar@gmail.com<\/a> \u00a1An\u00edmate y participa!<\/p>\n<p>&nbsp;<\/p>\n<p>&nbsp;<\/p>\n","protected":false},"excerpt":{"rendered":"<p>Invitamos a escolares de Educaci\u00f3n B\u00e1sica de toda la Regi\u00f3n de Valpara\u00edso, a crear un dibujo que d\u00e9 cuenta de sus reflexiones y pensamientos en torno a esta pandemia. \u00a1Nuevo plazo! Si bien las bases dicen hasta el 30 de octubre, podr\u00e1s enviar tu obra hasta el 15 de noviembre.<\/p>\n","protected":false},"author":22,"featured_media":40558,"comment_status":"open","ping_status":"open","sticky":false,"template":"","format":"standard","meta":{"_acf_changed":false,"_exactmetrics_skip_tracking":false,"_exactmetrics_sitenote_active":false,"_exactmetrics_sitenote_note":"","_exactmetrics_sitenote_category":0,"footnotes":"","_links_to":"","_links_to_target":""},"categories":[4],"tags":[],"class_list":["post-40387","post","type-post","status-publish","format-standard","has-post-thumbnail","hentry","category-noticias"],"acf":[],"yoast_head":"<!-- This site is optimized with the Yoast SEO plugin v26.9 - https:\/\/yoast.com\/product\/yoast-seo-wordpress\/ -->\n<title>\u00a1Nuevo plazo! A\u00fan puedes participar del XII Concurso de Arte: \u201cUn A\u00f1o muy Particular\u201d - Valpara\u00edso<\/title>\n<meta name=\"robots\" content=\"index, follow, max-snippet:-1, max-image-preview:large, max-video-preview:-1\" \/>\n<link rel=\"canonical\" href=\"https:\/\/explora.cl\/valparaiso\/abierto-xii-concurso-de-arte-un-ano-muy-particular\/\" class=\"yoast-seo-meta-tag\" \/>\n<meta property=\"og:locale\" content=\"es_ES\" class=\"yoast-seo-meta-tag\" \/>\n<meta property=\"og:type\" content=\"article\" class=\"yoast-seo-meta-tag\" \/>\n<meta property=\"og:title\" content=\"\u00a1Nuevo plazo! A\u00fan puedes participar del XII Concurso de Arte: \u201cUn A\u00f1o muy Particular\u201d - Valpara\u00edso\" class=\"yoast-seo-meta-tag\" \/>\n<meta property=\"og:description\" content=\"Invitamos a escolares de Educaci\u00f3n B\u00e1sica de toda la Regi\u00f3n de Valpara\u00edso, a crear un dibujo que d\u00e9 cuenta de sus reflexiones y pensamientos en torno a esta pandemia. \u00a1Nuevo plazo! Si bien las bases dicen hasta el 30 de octubre, podr\u00e1s enviar tu obra hasta el 15 de noviembre.\" class=\"yoast-seo-meta-tag\" \/>\n<meta property=\"og:url\" content=\"https:\/\/explora.cl\/valparaiso\/abierto-xii-concurso-de-arte-un-ano-muy-particular\/\" class=\"yoast-seo-meta-tag\" \/>\n<meta property=\"og:site_name\" content=\"Valpara\u00edso\" class=\"yoast-seo-meta-tag\" \/>\n<meta property=\"article:published_time\" content=\"2020-09-02T17:09:26+00:00\" class=\"yoast-seo-meta-tag\" \/>\n<meta property=\"article:modified_time\" content=\"2020-10-30T16:24:27+00:00\" class=\"yoast-seo-meta-tag\" \/>\n<meta property=\"og:image\" content=\"https:\/\/explora.cl\/valparaiso\/wp-content\/uploads\/sites\/7\/2020\/05\/nuevo.jpg\" class=\"yoast-seo-meta-tag\" \/>\n\t<meta property=\"og:image:width\" content=\"2048\" class=\"yoast-seo-meta-tag\" \/>\n\t<meta property=\"og:image:height\" content=\"1136\" class=\"yoast-seo-meta-tag\" \/>\n\t<meta property=\"og:image:type\" content=\"image\/jpeg\" class=\"yoast-seo-meta-tag\" \/>\n<meta name=\"author\" content=\"jcastaneda\" class=\"yoast-seo-meta-tag\" \/>\n<meta name=\"twitter:card\" content=\"summary_large_image\" class=\"yoast-seo-meta-tag\" \/>\n<meta name=\"twitter:label1\" content=\"Escrito por\" class=\"yoast-seo-meta-tag\" \/>\n\t<meta name=\"twitter:data1\" content=\"jcastaneda\" class=\"yoast-seo-meta-tag\" \/>\n\t<meta name=\"twitter:label2\" content=\"Tiempo estimado de lectura\" class=\"yoast-seo-meta-tag\" \/>\n\t<meta name=\"twitter:data2\" content=\"2 minutos\" class=\"yoast-seo-meta-tag\" \/>\n<script type=\"application\/ld+json\" class=\"yoast-schema-graph\">{\"@context\":\"https:\/\/schema.org\",\"@graph\":[{\"@type\":\"Article\",\"@id\":\"https:\/\/explora.cl\/valparaiso\/abierto-xii-concurso-de-arte-un-ano-muy-particular\/#article\",\"isPartOf\":{\"@id\":\"https:\/\/explora.cl\/valparaiso\/abierto-xii-concurso-de-arte-un-ano-muy-particular\/\"},\"author\":{\"name\":\"jcastaneda\",\"@id\":\"https:\/\/explora.cl\/valparaiso\/#\/schema\/person\/c15e69495b8dbe0af0102f6bca43ba5d\"},\"headline\":\"\u00a1Nuevo plazo! A\u00fan puedes participar del XII Concurso de Arte: \u201cUn A\u00f1o muy Particular\u201d\",\"datePublished\":\"2020-09-02T17:09:26+00:00\",\"dateModified\":\"2020-10-30T16:24:27+00:00\",\"mainEntityOfPage\":{\"@id\":\"https:\/\/explora.cl\/valparaiso\/abierto-xii-concurso-de-arte-un-ano-muy-particular\/\"},\"wordCount\":412,\"commentCount\":0,\"publisher\":{\"@id\":\"https:\/\/explora.cl\/valparaiso\/#organization\"},\"image\":{\"@id\":\"https:\/\/explora.cl\/valparaiso\/abierto-xii-concurso-de-arte-un-ano-muy-particular\/#primaryimage\"},\"thumbnailUrl\":\"https:\/\/explora.cl\/valparaiso\/wp-content\/uploads\/sites\/7\/2020\/05\/nuevo.jpg\",\"articleSection\":[\"Noticias\"],\"inLanguage\":\"es-CL\",\"potentialAction\":[{\"@type\":\"CommentAction\",\"name\":\"Comment\",\"target\":[\"https:\/\/explora.cl\/valparaiso\/abierto-xii-concurso-de-arte-un-ano-muy-particular\/#respond\"]}]},{\"@type\":\"WebPage\",\"@id\":\"https:\/\/explora.cl\/valparaiso\/abierto-xii-concurso-de-arte-un-ano-muy-particular\/\",\"url\":\"https:\/\/explora.cl\/valparaiso\/abierto-xii-concurso-de-arte-un-ano-muy-particular\/\",\"name\":\"\u00a1Nuevo plazo! A\u00fan puedes participar del XII Concurso de Arte: \u201cUn A\u00f1o muy Particular\u201d - Valpara\u00edso\",\"isPartOf\":{\"@id\":\"https:\/\/explora.cl\/valparaiso\/#website\"},\"primaryImageOfPage\":{\"@id\":\"https:\/\/explora.cl\/valparaiso\/abierto-xii-concurso-de-arte-un-ano-muy-particular\/#primaryimage\"},\"image\":{\"@id\":\"https:\/\/explora.cl\/valparaiso\/abierto-xii-concurso-de-arte-un-ano-muy-particular\/#primaryimage\"},\"thumbnailUrl\":\"https:\/\/explora.cl\/valparaiso\/wp-content\/uploads\/sites\/7\/2020\/05\/nuevo.jpg\",\"datePublished\":\"2020-09-02T17:09:26+00:00\",\"dateModified\":\"2020-10-30T16:24:27+00:00\",\"breadcrumb\":{\"@id\":\"https:\/\/explora.cl\/valparaiso\/abierto-xii-concurso-de-arte-un-ano-muy-particular\/#breadcrumb\"},\"inLanguage\":\"es-CL\",\"potentialAction\":[{\"@type\":\"ReadAction\",\"target\":[\"https:\/\/explora.cl\/valparaiso\/abierto-xii-concurso-de-arte-un-ano-muy-particular\/\"]}]},{\"@type\":\"ImageObject\",\"inLanguage\":\"es-CL\",\"@id\":\"https:\/\/explora.cl\/valparaiso\/abierto-xii-concurso-de-arte-un-ano-muy-particular\/#primaryimage\",\"url\":\"https:\/\/explora.cl\/valparaiso\/wp-content\/uploads\/sites\/7\/2020\/05\/nuevo.jpg\",\"contentUrl\":\"https:\/\/explora.cl\/valparaiso\/wp-content\/uploads\/sites\/7\/2020\/05\/nuevo.jpg\",\"width\":2048,\"height\":1136},{\"@type\":\"BreadcrumbList\",\"@id\":\"https:\/\/explora.cl\/valparaiso\/abierto-xii-concurso-de-arte-un-ano-muy-particular\/#breadcrumb\",\"itemListElement\":[{\"@type\":\"ListItem\",\"position\":1,\"name\":\"Portada\",\"item\":\"https:\/\/explora.cl\/valparaiso\/\"},{\"@type\":\"ListItem\",\"position\":2,\"name\":\"\u00a1Nuevo plazo! A\u00fan puedes participar del XII Concurso de Arte: \u201cUn A\u00f1o muy Particular\u201d\"}]},{\"@type\":\"WebSite\",\"@id\":\"https:\/\/explora.cl\/valparaiso\/#website\",\"url\":\"https:\/\/explora.cl\/valparaiso\/\",\"name\":\"Valpara\u00edso\",\"description\":\"Otro sitio m\u00e1s de explora.cl\",\"publisher\":{\"@id\":\"https:\/\/explora.cl\/valparaiso\/#organization\"},\"potentialAction\":[{\"@type\":\"SearchAction\",\"target\":{\"@type\":\"EntryPoint\",\"urlTemplate\":\"https:\/\/explora.cl\/valparaiso\/?s={search_term_string}\"},\"query-input\":{\"@type\":\"PropertyValueSpecification\",\"valueRequired\":true,\"valueName\":\"search_term_string\"}}],\"inLanguage\":\"es-CL\"},{\"@type\":\"Organization\",\"@id\":\"https:\/\/explora.cl\/valparaiso\/#organization\",\"name\":\"Valpara\u00edso\",\"url\":\"https:\/\/explora.cl\/valparaiso\/\",\"logo\":{\"@type\":\"ImageObject\",\"inLanguage\":\"es-CL\",\"@id\":\"https:\/\/explora.cl\/valparaiso\/#\/schema\/logo\/image\/\",\"url\":\"https:\/\/explora.cl\/valparaiso\/wp-content\/uploads\/sites\/7\/2019\/06\/cropped-logo-explora-color.jpg\",\"contentUrl\":\"https:\/\/explora.cl\/valparaiso\/wp-content\/uploads\/sites\/7\/2019\/06\/cropped-logo-explora-color.jpg\",\"width\":2035,\"height\":584,\"caption\":\"Valpara\u00edso\"},\"image\":{\"@id\":\"https:\/\/explora.cl\/valparaiso\/#\/schema\/logo\/image\/\"}},{\"@type\":\"Person\",\"@id\":\"https:\/\/explora.cl\/valparaiso\/#\/schema\/person\/c15e69495b8dbe0af0102f6bca43ba5d\",\"name\":\"jcastaneda\",\"image\":{\"@type\":\"ImageObject\",\"inLanguage\":\"es-CL\",\"@id\":\"https:\/\/explora.cl\/valparaiso\/#\/schema\/person\/image\/\",\"url\":\"https:\/\/secure.gravatar.com\/avatar\/f26661a8eef2f6444d9633928ef0219fd69e41c5be1ef5ef16afeee7cd4df675?s=96&d=mm&r=g\",\"contentUrl\":\"https:\/\/secure.gravatar.com\/avatar\/f26661a8eef2f6444d9633928ef0219fd69e41c5be1ef5ef16afeee7cd4df675?s=96&d=mm&r=g\",\"caption\":\"jcastaneda\"},\"url\":\"https:\/\/explora.cl\/valparaiso\/author\/jcastaneda\/\"}]}<\/script>\n<!-- \/ Yoast SEO plugin. -->","yoast_head_json":{"title":"\u00a1Nuevo plazo! A\u00fan puedes participar del XII Concurso de Arte: \u201cUn A\u00f1o muy Particular\u201d - Valpara\u00edso","robots":{"index":"index","follow":"follow","max-snippet":"max-snippet:-1","max-image-preview":"max-image-preview:large","max-video-preview":"max-video-preview:-1"},"canonical":"https:\/\/explora.cl\/valparaiso\/abierto-xii-concurso-de-arte-un-ano-muy-particular\/","og_locale":"es_ES","og_type":"article","og_title":"\u00a1Nuevo plazo! A\u00fan puedes participar del XII Concurso de Arte: \u201cUn A\u00f1o muy Particular\u201d - Valpara\u00edso","og_description":"Invitamos a escolares de Educaci\u00f3n B\u00e1sica de toda la Regi\u00f3n de Valpara\u00edso, a crear un dibujo que d\u00e9 cuenta de sus reflexiones y pensamientos en torno a esta pandemia. \u00a1Nuevo plazo! Si bien las bases dicen hasta el 30 de octubre, podr\u00e1s enviar tu obra hasta el 15 de noviembre.","og_url":"https:\/\/explora.cl\/valparaiso\/abierto-xii-concurso-de-arte-un-ano-muy-particular\/","og_site_name":"Valpara\u00edso","article_published_time":"2020-09-02T17:09:26+00:00","article_modified_time":"2020-10-30T16:24:27+00:00","og_image":[{"width":2048,"height":1136,"url":"https:\/\/explora.cl\/valparaiso\/wp-content\/uploads\/sites\/7\/2020\/05\/nuevo.jpg","type":"image\/jpeg"}],"author":"jcastaneda","twitter_card":"summary_large_image","twitter_misc":{"Escrito por":"jcastaneda","Tiempo estimado de lectura":"2 minutos"},"schema":{"@context":"https:\/\/schema.org","@graph":[{"@type":"Article","@id":"https:\/\/explora.cl\/valparaiso\/abierto-xii-concurso-de-arte-un-ano-muy-particular\/#article","isPartOf":{"@id":"https:\/\/explora.cl\/valparaiso\/abierto-xii-concurso-de-arte-un-ano-muy-particular\/"},"author":{"name":"jcastaneda","@id":"https:\/\/explora.cl\/valparaiso\/#\/schema\/person\/c15e69495b8dbe0af0102f6bca43ba5d"},"headline":"\u00a1Nuevo plazo! A\u00fan puedes participar del XII Concurso de Arte: \u201cUn A\u00f1o muy Particular\u201d","datePublished":"2020-09-02T17:09:26+00:00","dateModified":"2020-10-30T16:24:27+00:00","mainEntityOfPage":{"@id":"https:\/\/explora.cl\/valparaiso\/abierto-xii-concurso-de-arte-un-ano-muy-particular\/"},"wordCount":412,"commentCount":0,"publisher":{"@id":"https:\/\/explora.cl\/valparaiso\/#organization"},"image":{"@id":"https:\/\/explora.cl\/valparaiso\/abierto-xii-concurso-de-arte-un-ano-muy-particular\/#primaryimage"},"thumbnailUrl":"https:\/\/explora.cl\/valparaiso\/wp-content\/uploads\/sites\/7\/2020\/05\/nuevo.jpg","articleSection":["Noticias"],"inLanguage":"es-CL","potentialAction":[{"@type":"CommentAction","name":"Comment","target":["https:\/\/explora.cl\/valparaiso\/abierto-xii-concurso-de-arte-un-ano-muy-particular\/#respond"]}]},{"@type":"WebPage","@id":"https:\/\/explora.cl\/valparaiso\/abierto-xii-concurso-de-arte-un-ano-muy-particular\/","url":"https:\/\/explora.cl\/valparaiso\/abierto-xii-concurso-de-arte-un-ano-muy-particular\/","name":"\u00a1Nuevo plazo! A\u00fan puedes participar del XII Concurso de Arte: \u201cUn A\u00f1o muy Particular\u201d - Valpara\u00edso","isPartOf":{"@id":"https:\/\/explora.cl\/valparaiso\/#website"},"primaryImageOfPage":{"@id":"https:\/\/explora.cl\/valparaiso\/abierto-xii-concurso-de-arte-un-ano-muy-particular\/#primaryimage"},"image":{"@id":"https:\/\/explora.cl\/valparaiso\/abierto-xii-concurso-de-arte-un-ano-muy-particular\/#primaryimage"},"thumbnailUrl":"https:\/\/explora.cl\/valparaiso\/wp-content\/uploads\/sites\/7\/2020\/05\/nuevo.jpg","datePublished":"2020-09-02T17:09:26+00:00","dateModified":"2020-10-30T16:24:27+00:00","breadcrumb":{"@id":"https:\/\/explora.cl\/valparaiso\/abierto-xii-concurso-de-arte-un-ano-muy-particular\/#breadcrumb"},"inLanguage":"es-CL","potentialAction":[{"@type":"ReadAction","target":["https:\/\/explora.cl\/valparaiso\/abierto-xii-concurso-de-arte-un-ano-muy-particular\/"]}]},{"@type":"ImageObject","inLanguage":"es-CL","@id":"https:\/\/explora.cl\/valparaiso\/abierto-xii-concurso-de-arte-un-ano-muy-particular\/#primaryimage","url":"https:\/\/explora.cl\/valparaiso\/wp-content\/uploads\/sites\/7\/2020\/05\/nuevo.jpg","contentUrl":"https:\/\/explora.cl\/valparaiso\/wp-content\/uploads\/sites\/7\/2020\/05\/nuevo.jpg","width":2048,"height":1136},{"@type":"BreadcrumbList","@id":"https:\/\/explora.cl\/valparaiso\/abierto-xii-concurso-de-arte-un-ano-muy-particular\/#breadcrumb","itemListElement":[{"@type":"ListItem","position":1,"name":"Portada","item":"https:\/\/explora.cl\/valparaiso\/"},{"@type":"ListItem","position":2,"name":"\u00a1Nuevo plazo! A\u00fan puedes participar del XII Concurso de Arte: \u201cUn A\u00f1o muy Particular\u201d"}]},{"@type":"WebSite","@id":"https:\/\/explora.cl\/valparaiso\/#website","url":"https:\/\/explora.cl\/valparaiso\/","name":"Valpara\u00edso","description":"Otro sitio m\u00e1s de explora.cl","publisher":{"@id":"https:\/\/explora.cl\/valparaiso\/#organization"},"potentialAction":[{"@type":"SearchAction","target":{"@type":"EntryPoint","urlTemplate":"https:\/\/explora.cl\/valparaiso\/?s={search_term_string}"},"query-input":{"@type":"PropertyValueSpecification","valueRequired":true,"valueName":"search_term_string"}}],"inLanguage":"es-CL"},{"@type":"Organization","@id":"https:\/\/explora.cl\/valparaiso\/#organization","name":"Valpara\u00edso","url":"https:\/\/explora.cl\/valparaiso\/","logo":{"@type":"ImageObject","inLanguage":"es-CL","@id":"https:\/\/explora.cl\/valparaiso\/#\/schema\/logo\/image\/","url":"https:\/\/explora.cl\/valparaiso\/wp-content\/uploads\/sites\/7\/2019\/06\/cropped-logo-explora-color.jpg","contentUrl":"https:\/\/explora.cl\/valparaiso\/wp-content\/uploads\/sites\/7\/2019\/06\/cropped-logo-explora-color.jpg","width":2035,"height":584,"caption":"Valpara\u00edso"},"image":{"@id":"https:\/\/explora.cl\/valparaiso\/#\/schema\/logo\/image\/"}},{"@type":"Person","@id":"https:\/\/explora.cl\/valparaiso\/#\/schema\/person\/c15e69495b8dbe0af0102f6bca43ba5d","name":"jcastaneda","image":{"@type":"ImageObject","inLanguage":"es-CL","@id":"https:\/\/explora.cl\/valparaiso\/#\/schema\/person\/image\/","url":"https:\/\/secure.gravatar.com\/avatar\/f26661a8eef2f6444d9633928ef0219fd69e41c5be1ef5ef16afeee7cd4df675?s=96&d=mm&r=g","contentUrl":"https:\/\/secure.gravatar.com\/avatar\/f26661a8eef2f6444d9633928ef0219fd69e41c5be1ef5ef16afeee7cd4df675?s=96&d=mm&r=g","caption":"jcastaneda"},"url":"https:\/\/explora.cl\/valparaiso\/author\/jcastaneda\/"}]}},"_links":{"self":[{"href":"https:\/\/explora.cl\/valparaiso\/wp-json\/wp\/v2\/posts\/40387","targetHints":{"allow":["GET"]}}],"collection":[{"href":"https:\/\/explora.cl\/valparaiso\/wp-json\/wp\/v2\/posts"}],"about":[{"href":"https:\/\/explora.cl\/valparaiso\/wp-json\/wp\/v2\/types\/post"}],"author":[{"embeddable":true,"href":"https:\/\/explora.cl\/valparaiso\/wp-json\/wp\/v2\/users\/22"}],"replies":[{"embeddable":true,"href":"https:\/\/explora.cl\/valparaiso\/wp-json\/wp\/v2\/comments?post=40387"}],"version-history":[{"count":4,"href":"https:\/\/explora.cl\/valparaiso\/wp-json\/wp\/v2\/posts\/40387\/revisions"}],"predecessor-version":[{"id":40561,"href":"https:\/\/explora.cl\/valparaiso\/wp-json\/wp\/v2\/posts\/40387\/revisions\/40561"}],"wp:featuredmedia":[{"embeddable":true,"href":"https:\/\/explora.cl\/valparaiso\/wp-json\/wp\/v2\/media\/40558"}],"wp:attachment":[{"href":"https:\/\/explora.cl\/valparaiso\/wp-json\/wp\/v2\/media?parent=40387"}],"wp:term":[{"taxonomy":"category","embeddable":true,"href":"https:\/\/explora.cl\/valparaiso\/wp-json\/wp\/v2\/categories?post=40387"},{"taxonomy":"post_tag","embeddable":true,"href":"https:\/\/explora.cl\/valparaiso\/wp-json\/wp\/v2\/tags?post=40387"}],"curies":[{"name":"wp","href":"https:\/\/api.w.org\/{rel}","templated":true}]}}