{"id":40352,"date":"2020-08-28T14:41:12","date_gmt":"2020-08-28T18:41:12","guid":{"rendered":"https:\/\/explora.cl\/valparaiso\/?p=40352"},"modified":"2020-11-03T18:40:33","modified_gmt":"2020-11-03T21:40:33","slug":"la-comunidad-cientifica-comienza-a-asesorar-a-las-academias-explora","status":"publish","type":"post","link":"https:\/\/explora.cl\/valparaiso\/la-comunidad-cientifica-comienza-a-asesorar-a-las-academias-explora\/","title":{"rendered":"La comunidad cient\u00edfica comienza a asesorar a las Academias Explora"},"content":{"rendered":"<h3>Investigadores e investigadoras se han sumado al desaf\u00edo de brindar asesor\u00eda virtual a las Academias Explora; entregando a estudiantes de toda la regi\u00f3n consejos y recomendaciones para concretar sus proyectos.<\/h3>\n<p><!--more--><\/p>\n<p>Con el objetivo de brindar apoyo a los trabajos de investigaci\u00f3n e innovaci\u00f3n desarrollados por escolares, pero tambi\u00e9n de acompa\u00f1arles en este proceso y animarles a continuar con sus proyectos, es que 28 profesionales de diversas disciplinas han conformado el Comit\u00e9 Asesor 2020; grupo de investigadores e investigadoras que, a trav\u00e9s de asesor\u00edas virtuales, acompa\u00f1an el trabajo que est\u00e1n realizando escolares en el marco de las Academias Explora.<\/p>\n<p>De esta manera, 13 cient\u00edficos y 15 cient\u00edficas de la Universidad de Valpara\u00edso (UV), la Universidad de Playa Ancha (UPLA), la Pontificia Universidad Cat\u00f3lica de Valpara\u00edso (PUCV) y la Universidad T\u00e9cnica Federico Santa Mar\u00eda (USM), en conjunto con el equipo de Vinculaci\u00f3n Escolar de Explora Valpara\u00edso, han logrado aconsejar, traspasar ideas y sus conocimientos a estudiantes para que sigan desarrollando sus proyectos desde sus casas.<\/p>\n<p>Para Florencia Arcaya, estudiante de 8vo b\u00e1sico del Colegio Nuestro Tiempo de Algarrobo, y quien est\u00e1 investigado sobre estilo de vida en aislamiento social junto a su grupo, esta experiencia en pandemia \u201c(\u2026) ha sido bastante buena. Si bien no es lo mismo que en a\u00f1os anteriores, hemos podido trabajar e investigar de buena manera junto con mi grupo. Tambi\u00e9n la asesor\u00eda y recomendaciones que nos facilitaron, me aclararon y me hicieron reflexionar varios puntos que faltaban y que son necesarios agregar en nuestra investigaci\u00f3n; por lo que agradezco darnos a conocer sus recomendaciones y sugerencia\u201d, cuenta la estudiante.<\/p>\n<p>Similar opini\u00f3n tiene Jimmy Duamante, estudiante del Liceo Pedro de Valdivia de La Calera y quien cree que esta instancia \u201ces s\u00faper buena. Los profesionales que estaban presentes eran secos (sic.) en el tema (\u2026) nos aclararon dudas y nos dieron recomendaciones sobre nuestro proyecto\u201d. Adem\u00e1s, Jimmy cuenta que junto a sus compa\u00f1eros y compa\u00f1eras se encuentran desarrollando un proyecto sobre construcci\u00f3n sustentable, con el prop\u00f3sito de \u201cdar un ejemplo a la comunidad que, si podemos reciclar y reutilizar\u201d, se\u00f1ala.<\/p>\n<h3>Una instancia tambi\u00e9n valorada por profesionales<\/h3>\n<p>Daniel Herrera, Soci\u00f3logo y Docente del Instituto de Sociolog\u00eda y de la Facultad de Medicina de la UV; tuvo su primera experiencia como asesor de Academia Explora hace unos pocos d\u00edas atr\u00e1s, asesorando justamente a la Academia del Colegio Nuestro Tiempo. Sobre su participaci\u00f3n, el investigador se\u00f1ala que \u201ces s\u00faper importante para uno como acad\u00e9mico y tambi\u00e9n como investigador, poder colaborar en la formaci\u00f3n acad\u00e9mica de los ni\u00f1os, ni\u00f1as y adolescentes de los diferentes colegios de la regi\u00f3n, en virtud de poder desarrollar habilidades en la investigaci\u00f3n propiamente tal. Siento que, dentro de todo, estamos al debe en la formaci\u00f3n en investigaci\u00f3n en la Educaci\u00f3n B\u00e1sica y Media, entonces es una oportunidad bastante interesante y bastante enriquecedora\u201d.<\/p>\n<p>Respecto a la importancia de la investigaci\u00f3n e innovaci\u00f3n escolar, el acad\u00e9mico agrega que \u201cel hecho de descubrir, de buscar las causas y de ver efectos, genera una nueva forma de pensar en las personas. Creo que todo aporte desde el plano del desarrollo de investigaci\u00f3n, es sumamente positivo para todos los ni\u00f1os, ni\u00f1as y adolescentes, incluso en nosotros como adultos\u201d.<\/p>\n<p>Lo mismo piensa Eva Soto, Ingeniera Civil Bioqu\u00edmica y Directora del Departamento de Medio Ambiente (DMA) de la UPLA, quien ha participado en a\u00f1os anteriores de estas asesor\u00edas, y tambi\u00e9n ha sido parte de los Congresos escolares de Explora Valpara\u00edso. Para ella, que escolares contin\u00faen trabajando en esta senda -pese a las actuales condiciones- es fundamental; \u201ces un valor alt\u00edsimo porque hacemos y ellos hacen, per se, que la ciencia siga avanzando, que no exista un impedimento para que lo puedan hacer desde sus propios domicilios. Se gatilla que se<br \/>\nentusiasmen, que se animen, y vean otras formas de poder analizar las distintas problem\u00e1ticas que tienen sus localidades o el pa\u00eds. Por tanto, es altamente positivo que los chicos y las chicas desde peque\u00f1os\/as tengan el bichito por investigar, por estudiar, por conocer, por llenarse de ideas y hacer realidad su imaginaci\u00f3n\u201d.<\/p>\n<p>\u201cEs importante darles otra mirada, ayudarles a que puedan abrir la mente, y que reconozcan que lo que est\u00e1n haciendo es muy bueno y es potente. Tienen ideas que, de concretarse, ayudan a la regi\u00f3n y al pa\u00eds, por tanto, es el cimiento que viene, es el futuro que viene, y eso es muy importante. Adem\u00e1s, ac\u00e1 aprendemos todos\u201d, finaliza Eva.<\/p>\n<p>Cabe se\u00f1alar que actualmente hay 42 Academias Explora trabajando de manera virtual en todas las provincias continentales del territorio, y que los proyectos que realizan los y las escolares provienen de sus propias ideas, problem\u00e1ticas y reflexiones. En este camino, son guiados\/as por sus docentes, quienes cumplen un rol fundamental en este proceso. Tambi\u00e9n reciben el apoyo de diversos actores y actrices de sus comunidades escolares, red que, junto al acompa\u00f1amiento de la comunidad cient\u00edfica y el apoyo de Explora Valpara\u00edso, resulta esencial para que ni\u00f1os, ni\u00f1as y adolescentes contin\u00faen desarrollando sus competencias cient\u00edficas y transversales en tiempos de<br \/>\npandemia.<\/p>\n<p><strong>*Im\u00e1genes de asesor\u00edas y talleres del 2019:<\/strong><\/p>\n<div id='gallery-1' class='gallery galleryid-40352 gallery-columns-4 gallery-size-medium'><figure class='gallery-item'>\n\t\t\t<div class='gallery-icon landscape'>\n\t\t\t\t<a href='https:\/\/explora.cl\/valparaiso\/en-toda-la-region-de-valparaiso-cientos-de-estudiantes-y-docentes-participan-en-segundo-taller-para-las-academias-explora\/img_2851\/'><img fetchpriority=\"high\" decoding=\"async\" width=\"300\" height=\"200\" src=\"https:\/\/explora.cl\/valparaiso\/wp-content\/uploads\/sites\/7\/2019\/06\/IMG_2851-300x200.jpg\" class=\"attachment-medium size-medium\" alt=\"\" srcset=\"https:\/\/explora.cl\/valparaiso\/wp-content\/uploads\/sites\/7\/2019\/06\/IMG_2851-300x200.jpg 300w, https:\/\/explora.cl\/valparaiso\/wp-content\/uploads\/sites\/7\/2019\/06\/IMG_2851-768x512.jpg 768w, https:\/\/explora.cl\/valparaiso\/wp-content\/uploads\/sites\/7\/2019\/06\/IMG_2851-1024x682.jpg 1024w, https:\/\/explora.cl\/valparaiso\/wp-content\/uploads\/sites\/7\/2019\/06\/IMG_2851.jpg 1594w\" sizes=\"(max-width: 300px) 100vw, 300px\" \/><\/a>\n\t\t\t<\/div><\/figure><figure class='gallery-item'>\n\t\t\t<div class='gallery-icon landscape'>\n\t\t\t\t<a href='https:\/\/explora.cl\/valparaiso\/la-provincia-de-san-antonio-tambien-dice-presente-en-los-talleres-de-apoyo-a-las-academias-explora\/img_2222\/'><img decoding=\"async\" width=\"300\" height=\"200\" src=\"https:\/\/explora.cl\/valparaiso\/wp-content\/uploads\/sites\/7\/2019\/04\/IMG_2222-300x200.jpg\" class=\"attachment-medium size-medium\" alt=\"\" srcset=\"https:\/\/explora.cl\/valparaiso\/wp-content\/uploads\/sites\/7\/2019\/04\/IMG_2222-300x200.jpg 300w, https:\/\/explora.cl\/valparaiso\/wp-content\/uploads\/sites\/7\/2019\/04\/IMG_2222-768x512.jpg 768w, https:\/\/explora.cl\/valparaiso\/wp-content\/uploads\/sites\/7\/2019\/04\/IMG_2222-1024x683.jpg 1024w, https:\/\/explora.cl\/valparaiso\/wp-content\/uploads\/sites\/7\/2019\/04\/IMG_2222.jpg 1992w\" sizes=\"(max-width: 300px) 100vw, 300px\" \/><\/a>\n\t\t\t<\/div><\/figure><figure class='gallery-item'>\n\t\t\t<div class='gallery-icon landscape'>\n\t\t\t\t<a href='https:\/\/explora.cl\/valparaiso\/mas-de-150-estudiantes-y-profesores-de-la-provincia-de-valparaiso-se-reunen-para-trabajar-en-investigacion-escolar\/img_2150-2\/'><img decoding=\"async\" width=\"300\" height=\"200\" src=\"https:\/\/explora.cl\/valparaiso\/wp-content\/uploads\/sites\/7\/2019\/04\/IMG_2150-1-300x200.jpg\" class=\"attachment-medium size-medium\" alt=\"\" srcset=\"https:\/\/explora.cl\/valparaiso\/wp-content\/uploads\/sites\/7\/2019\/04\/IMG_2150-1-300x200.jpg 300w, https:\/\/explora.cl\/valparaiso\/wp-content\/uploads\/sites\/7\/2019\/04\/IMG_2150-1-768x512.jpg 768w, https:\/\/explora.cl\/valparaiso\/wp-content\/uploads\/sites\/7\/2019\/04\/IMG_2150-1-1024x682.jpg 1024w, https:\/\/explora.cl\/valparaiso\/wp-content\/uploads\/sites\/7\/2019\/04\/IMG_2150-1.jpg 1793w\" sizes=\"(max-width: 300px) 100vw, 300px\" \/><\/a>\n\t\t\t<\/div><\/figure><figure class='gallery-item'>\n\t\t\t<div class='gallery-icon landscape'>\n\t\t\t\t<a href='https:\/\/explora.cl\/valparaiso\/3-2\/'><img loading=\"lazy\" decoding=\"async\" width=\"300\" height=\"200\" src=\"https:\/\/explora.cl\/valparaiso\/wp-content\/uploads\/sites\/7\/2019\/04\/3-300x200.jpg\" class=\"attachment-medium size-medium\" alt=\"\" srcset=\"https:\/\/explora.cl\/valparaiso\/wp-content\/uploads\/sites\/7\/2019\/04\/3-300x200.jpg 300w, https:\/\/explora.cl\/valparaiso\/wp-content\/uploads\/sites\/7\/2019\/04\/3-768x512.jpg 768w, https:\/\/explora.cl\/valparaiso\/wp-content\/uploads\/sites\/7\/2019\/04\/3-1024x683.jpg 1024w, https:\/\/explora.cl\/valparaiso\/wp-content\/uploads\/sites\/7\/2019\/04\/3.jpg 1394w\" sizes=\"(max-width: 300px) 100vw, 300px\" \/><\/a>\n\t\t\t<\/div><\/figure>\n\t\t<\/div>\n\n<p>&nbsp;<\/p>\n","protected":false},"excerpt":{"rendered":"<p>Investigadores e investigadoras se han sumado al desaf\u00edo de brindar asesor\u00eda virtual a las Academias Explora; entregando a estudiantes de toda la regi\u00f3n consejos y recomendaciones para concretar sus proyectos.<\/p>\n","protected":false},"author":22,"featured_media":40354,"comment_status":"open","ping_status":"open","sticky":false,"template":"","format":"standard","meta":{"_acf_changed":false,"_exactmetrics_skip_tracking":false,"_exactmetrics_sitenote_active":false,"_exactmetrics_sitenote_note":"","_exactmetrics_sitenote_category":0,"footnotes":"","_links_to":"","_links_to_target":""},"categories":[4],"tags":[904,522,949,881,110,105,258,100,14,946,947,163,948,186,174,844,362,851,950],"class_list":["post-40352","post","type-post","status-publish","format-standard","has-post-thumbnail","hentry","category-noticias","tag-quedateencasa","tag-academias-explora","tag-algarrobo","tag-coronavirus","tag-cultura-cientifica","tag-educacion","tag-innovacion","tag-investigacion","tag-investigacion-cientifica-escolar","tag-investigacion-e-innovacion-escolar","tag-la-calera","tag-los-andes","tag-nogales","tag-pucv","tag-region-de-valparaiso","tag-upla","tag-usm","tag-uv","tag-zoom"],"acf":[],"yoast_head":"<!-- This site is optimized with the Yoast SEO plugin v26.9 - https:\/\/yoast.com\/product\/yoast-seo-wordpress\/ -->\n<title>La comunidad cient\u00edfica comienza a asesorar a las Academias Explora - Valpara\u00edso<\/title>\n<meta name=\"robots\" content=\"index, follow, max-snippet:-1, max-image-preview:large, max-video-preview:-1\" \/>\n<link rel=\"canonical\" href=\"https:\/\/explora.cl\/valparaiso\/la-comunidad-cientifica-comienza-a-asesorar-a-las-academias-explora\/\" class=\"yoast-seo-meta-tag\" \/>\n<meta property=\"og:locale\" content=\"es_ES\" class=\"yoast-seo-meta-tag\" \/>\n<meta property=\"og:type\" content=\"article\" class=\"yoast-seo-meta-tag\" \/>\n<meta property=\"og:title\" content=\"La comunidad cient\u00edfica comienza a asesorar a las Academias Explora - Valpara\u00edso\" class=\"yoast-seo-meta-tag\" \/>\n<meta property=\"og:description\" content=\"Investigadores e investigadoras se han sumado al desaf\u00edo de brindar asesor\u00eda virtual a las Academias Explora; entregando a estudiantes de toda la regi\u00f3n consejos y recomendaciones para concretar sus proyectos.\" class=\"yoast-seo-meta-tag\" \/>\n<meta property=\"og:url\" content=\"https:\/\/explora.cl\/valparaiso\/la-comunidad-cientifica-comienza-a-asesorar-a-las-academias-explora\/\" class=\"yoast-seo-meta-tag\" \/>\n<meta property=\"og:site_name\" content=\"Valpara\u00edso\" class=\"yoast-seo-meta-tag\" \/>\n<meta property=\"article:published_time\" content=\"2020-08-28T18:41:12+00:00\" class=\"yoast-seo-meta-tag\" \/>\n<meta property=\"article:modified_time\" content=\"2020-11-03T21:40:33+00:00\" class=\"yoast-seo-meta-tag\" \/>\n<meta property=\"og:image\" content=\"https:\/\/explora.cl\/valparaiso\/wp-content\/uploads\/sites\/7\/2020\/08\/WhatsApp-Image-2020-08-27-at-17.30.11-1.jpeg\" class=\"yoast-seo-meta-tag\" \/>\n\t<meta property=\"og:image:width\" content=\"1048\" class=\"yoast-seo-meta-tag\" \/>\n\t<meta property=\"og:image:height\" content=\"723\" class=\"yoast-seo-meta-tag\" \/>\n\t<meta property=\"og:image:type\" content=\"image\/jpeg\" class=\"yoast-seo-meta-tag\" \/>\n<meta name=\"author\" content=\"jcastaneda\" class=\"yoast-seo-meta-tag\" \/>\n<meta name=\"twitter:card\" content=\"summary_large_image\" class=\"yoast-seo-meta-tag\" \/>\n<meta name=\"twitter:label1\" content=\"Escrito por\" class=\"yoast-seo-meta-tag\" \/>\n\t<meta name=\"twitter:data1\" content=\"jcastaneda\" class=\"yoast-seo-meta-tag\" \/>\n\t<meta name=\"twitter:label2\" content=\"Tiempo estimado de lectura\" class=\"yoast-seo-meta-tag\" \/>\n\t<meta name=\"twitter:data2\" content=\"5 minutos\" class=\"yoast-seo-meta-tag\" \/>\n<script type=\"application\/ld+json\" class=\"yoast-schema-graph\">{\"@context\":\"https:\/\/schema.org\",\"@graph\":[{\"@type\":\"Article\",\"@id\":\"https:\/\/explora.cl\/valparaiso\/la-comunidad-cientifica-comienza-a-asesorar-a-las-academias-explora\/#article\",\"isPartOf\":{\"@id\":\"https:\/\/explora.cl\/valparaiso\/la-comunidad-cientifica-comienza-a-asesorar-a-las-academias-explora\/\"},\"author\":{\"name\":\"jcastaneda\",\"@id\":\"https:\/\/explora.cl\/valparaiso\/#\/schema\/person\/c15e69495b8dbe0af0102f6bca43ba5d\"},\"headline\":\"La comunidad cient\u00edfica comienza a asesorar a las Academias Explora\",\"datePublished\":\"2020-08-28T18:41:12+00:00\",\"dateModified\":\"2020-11-03T21:40:33+00:00\",\"mainEntityOfPage\":{\"@id\":\"https:\/\/explora.cl\/valparaiso\/la-comunidad-cientifica-comienza-a-asesorar-a-las-academias-explora\/\"},\"wordCount\":933,\"commentCount\":0,\"publisher\":{\"@id\":\"https:\/\/explora.cl\/valparaiso\/#organization\"},\"image\":{\"@id\":\"https:\/\/explora.cl\/valparaiso\/la-comunidad-cientifica-comienza-a-asesorar-a-las-academias-explora\/#primaryimage\"},\"thumbnailUrl\":\"https:\/\/explora.cl\/valparaiso\/wp-content\/uploads\/sites\/7\/2020\/08\/WhatsApp-Image-2020-08-27-at-17.30.11-1.jpeg\",\"keywords\":[\"#qu\u00e9dateencasa\",\"Academias EXPLORA\",\"Algarrobo\",\"coronavirus\",\"cultura cientifica\",\"educaci\u00f3n\",\"innovacion\",\"investigaci\u00f3n\",\"investigaci\u00f3n cient\u00edfica escolar\",\"investigaci\u00f3n e innovaci\u00f3n escolar\",\"La Calera\",\"Los Andes\",\"Nogales\",\"pucv\",\"Regi\u00f3n de Valpara\u00edso\",\"upla\",\"USM\",\"UV\",\"Zoom\"],\"articleSection\":[\"Noticias\"],\"inLanguage\":\"es-CL\",\"potentialAction\":[{\"@type\":\"CommentAction\",\"name\":\"Comment\",\"target\":[\"https:\/\/explora.cl\/valparaiso\/la-comunidad-cientifica-comienza-a-asesorar-a-las-academias-explora\/#respond\"]}]},{\"@type\":\"WebPage\",\"@id\":\"https:\/\/explora.cl\/valparaiso\/la-comunidad-cientifica-comienza-a-asesorar-a-las-academias-explora\/\",\"url\":\"https:\/\/explora.cl\/valparaiso\/la-comunidad-cientifica-comienza-a-asesorar-a-las-academias-explora\/\",\"name\":\"La comunidad cient\u00edfica comienza a asesorar a las Academias Explora - Valpara\u00edso\",\"isPartOf\":{\"@id\":\"https:\/\/explora.cl\/valparaiso\/#website\"},\"primaryImageOfPage\":{\"@id\":\"https:\/\/explora.cl\/valparaiso\/la-comunidad-cientifica-comienza-a-asesorar-a-las-academias-explora\/#primaryimage\"},\"image\":{\"@id\":\"https:\/\/explora.cl\/valparaiso\/la-comunidad-cientifica-comienza-a-asesorar-a-las-academias-explora\/#primaryimage\"},\"thumbnailUrl\":\"https:\/\/explora.cl\/valparaiso\/wp-content\/uploads\/sites\/7\/2020\/08\/WhatsApp-Image-2020-08-27-at-17.30.11-1.jpeg\",\"datePublished\":\"2020-08-28T18:41:12+00:00\",\"dateModified\":\"2020-11-03T21:40:33+00:00\",\"breadcrumb\":{\"@id\":\"https:\/\/explora.cl\/valparaiso\/la-comunidad-cientifica-comienza-a-asesorar-a-las-academias-explora\/#breadcrumb\"},\"inLanguage\":\"es-CL\",\"potentialAction\":[{\"@type\":\"ReadAction\",\"target\":[\"https:\/\/explora.cl\/valparaiso\/la-comunidad-cientifica-comienza-a-asesorar-a-las-academias-explora\/\"]}]},{\"@type\":\"ImageObject\",\"inLanguage\":\"es-CL\",\"@id\":\"https:\/\/explora.cl\/valparaiso\/la-comunidad-cientifica-comienza-a-asesorar-a-las-academias-explora\/#primaryimage\",\"url\":\"https:\/\/explora.cl\/valparaiso\/wp-content\/uploads\/sites\/7\/2020\/08\/WhatsApp-Image-2020-08-27-at-17.30.11-1.jpeg\",\"contentUrl\":\"https:\/\/explora.cl\/valparaiso\/wp-content\/uploads\/sites\/7\/2020\/08\/WhatsApp-Image-2020-08-27-at-17.30.11-1.jpeg\",\"width\":1048,\"height\":723},{\"@type\":\"BreadcrumbList\",\"@id\":\"https:\/\/explora.cl\/valparaiso\/la-comunidad-cientifica-comienza-a-asesorar-a-las-academias-explora\/#breadcrumb\",\"itemListElement\":[{\"@type\":\"ListItem\",\"position\":1,\"name\":\"Portada\",\"item\":\"https:\/\/explora.cl\/valparaiso\/\"},{\"@type\":\"ListItem\",\"position\":2,\"name\":\"La comunidad cient\u00edfica comienza a asesorar a las Academias Explora\"}]},{\"@type\":\"WebSite\",\"@id\":\"https:\/\/explora.cl\/valparaiso\/#website\",\"url\":\"https:\/\/explora.cl\/valparaiso\/\",\"name\":\"Valpara\u00edso\",\"description\":\"Otro sitio m\u00e1s de explora.cl\",\"publisher\":{\"@id\":\"https:\/\/explora.cl\/valparaiso\/#organization\"},\"potentialAction\":[{\"@type\":\"SearchAction\",\"target\":{\"@type\":\"EntryPoint\",\"urlTemplate\":\"https:\/\/explora.cl\/valparaiso\/?s={search_term_string}\"},\"query-input\":{\"@type\":\"PropertyValueSpecification\",\"valueRequired\":true,\"valueName\":\"search_term_string\"}}],\"inLanguage\":\"es-CL\"},{\"@type\":\"Organization\",\"@id\":\"https:\/\/explora.cl\/valparaiso\/#organization\",\"name\":\"Valpara\u00edso\",\"url\":\"https:\/\/explora.cl\/valparaiso\/\",\"logo\":{\"@type\":\"ImageObject\",\"inLanguage\":\"es-CL\",\"@id\":\"https:\/\/explora.cl\/valparaiso\/#\/schema\/logo\/image\/\",\"url\":\"https:\/\/explora.cl\/valparaiso\/wp-content\/uploads\/sites\/7\/2019\/06\/cropped-logo-explora-color.jpg\",\"contentUrl\":\"https:\/\/explora.cl\/valparaiso\/wp-content\/uploads\/sites\/7\/2019\/06\/cropped-logo-explora-color.jpg\",\"width\":2035,\"height\":584,\"caption\":\"Valpara\u00edso\"},\"image\":{\"@id\":\"https:\/\/explora.cl\/valparaiso\/#\/schema\/logo\/image\/\"}},{\"@type\":\"Person\",\"@id\":\"https:\/\/explora.cl\/valparaiso\/#\/schema\/person\/c15e69495b8dbe0af0102f6bca43ba5d\",\"name\":\"jcastaneda\",\"image\":{\"@type\":\"ImageObject\",\"inLanguage\":\"es-CL\",\"@id\":\"https:\/\/explora.cl\/valparaiso\/#\/schema\/person\/image\/\",\"url\":\"https:\/\/secure.gravatar.com\/avatar\/f26661a8eef2f6444d9633928ef0219fd69e41c5be1ef5ef16afeee7cd4df675?s=96&d=mm&r=g\",\"contentUrl\":\"https:\/\/secure.gravatar.com\/avatar\/f26661a8eef2f6444d9633928ef0219fd69e41c5be1ef5ef16afeee7cd4df675?s=96&d=mm&r=g\",\"caption\":\"jcastaneda\"},\"url\":\"https:\/\/explora.cl\/valparaiso\/author\/jcastaneda\/\"}]}<\/script>\n<!-- \/ Yoast SEO plugin. -->","yoast_head_json":{"title":"La comunidad cient\u00edfica comienza a asesorar a las Academias Explora - Valpara\u00edso","robots":{"index":"index","follow":"follow","max-snippet":"max-snippet:-1","max-image-preview":"max-image-preview:large","max-video-preview":"max-video-preview:-1"},"canonical":"https:\/\/explora.cl\/valparaiso\/la-comunidad-cientifica-comienza-a-asesorar-a-las-academias-explora\/","og_locale":"es_ES","og_type":"article","og_title":"La comunidad cient\u00edfica comienza a asesorar a las Academias Explora - Valpara\u00edso","og_description":"Investigadores e investigadoras se han sumado al desaf\u00edo de brindar asesor\u00eda virtual a las Academias Explora; entregando a estudiantes de toda la regi\u00f3n consejos y recomendaciones para concretar sus proyectos.","og_url":"https:\/\/explora.cl\/valparaiso\/la-comunidad-cientifica-comienza-a-asesorar-a-las-academias-explora\/","og_site_name":"Valpara\u00edso","article_published_time":"2020-08-28T18:41:12+00:00","article_modified_time":"2020-11-03T21:40:33+00:00","og_image":[{"width":1048,"height":723,"url":"https:\/\/explora.cl\/valparaiso\/wp-content\/uploads\/sites\/7\/2020\/08\/WhatsApp-Image-2020-08-27-at-17.30.11-1.jpeg","type":"image\/jpeg"}],"author":"jcastaneda","twitter_card":"summary_large_image","twitter_misc":{"Escrito por":"jcastaneda","Tiempo estimado de lectura":"5 minutos"},"schema":{"@context":"https:\/\/schema.org","@graph":[{"@type":"Article","@id":"https:\/\/explora.cl\/valparaiso\/la-comunidad-cientifica-comienza-a-asesorar-a-las-academias-explora\/#article","isPartOf":{"@id":"https:\/\/explora.cl\/valparaiso\/la-comunidad-cientifica-comienza-a-asesorar-a-las-academias-explora\/"},"author":{"name":"jcastaneda","@id":"https:\/\/explora.cl\/valparaiso\/#\/schema\/person\/c15e69495b8dbe0af0102f6bca43ba5d"},"headline":"La comunidad cient\u00edfica comienza a asesorar a las Academias Explora","datePublished":"2020-08-28T18:41:12+00:00","dateModified":"2020-11-03T21:40:33+00:00","mainEntityOfPage":{"@id":"https:\/\/explora.cl\/valparaiso\/la-comunidad-cientifica-comienza-a-asesorar-a-las-academias-explora\/"},"wordCount":933,"commentCount":0,"publisher":{"@id":"https:\/\/explora.cl\/valparaiso\/#organization"},"image":{"@id":"https:\/\/explora.cl\/valparaiso\/la-comunidad-cientifica-comienza-a-asesorar-a-las-academias-explora\/#primaryimage"},"thumbnailUrl":"https:\/\/explora.cl\/valparaiso\/wp-content\/uploads\/sites\/7\/2020\/08\/WhatsApp-Image-2020-08-27-at-17.30.11-1.jpeg","keywords":["#qu\u00e9dateencasa","Academias EXPLORA","Algarrobo","coronavirus","cultura cientifica","educaci\u00f3n","innovacion","investigaci\u00f3n","investigaci\u00f3n cient\u00edfica escolar","investigaci\u00f3n e innovaci\u00f3n escolar","La Calera","Los Andes","Nogales","pucv","Regi\u00f3n de Valpara\u00edso","upla","USM","UV","Zoom"],"articleSection":["Noticias"],"inLanguage":"es-CL","potentialAction":[{"@type":"CommentAction","name":"Comment","target":["https:\/\/explora.cl\/valparaiso\/la-comunidad-cientifica-comienza-a-asesorar-a-las-academias-explora\/#respond"]}]},{"@type":"WebPage","@id":"https:\/\/explora.cl\/valparaiso\/la-comunidad-cientifica-comienza-a-asesorar-a-las-academias-explora\/","url":"https:\/\/explora.cl\/valparaiso\/la-comunidad-cientifica-comienza-a-asesorar-a-las-academias-explora\/","name":"La comunidad cient\u00edfica comienza a asesorar a las Academias Explora - Valpara\u00edso","isPartOf":{"@id":"https:\/\/explora.cl\/valparaiso\/#website"},"primaryImageOfPage":{"@id":"https:\/\/explora.cl\/valparaiso\/la-comunidad-cientifica-comienza-a-asesorar-a-las-academias-explora\/#primaryimage"},"image":{"@id":"https:\/\/explora.cl\/valparaiso\/la-comunidad-cientifica-comienza-a-asesorar-a-las-academias-explora\/#primaryimage"},"thumbnailUrl":"https:\/\/explora.cl\/valparaiso\/wp-content\/uploads\/sites\/7\/2020\/08\/WhatsApp-Image-2020-08-27-at-17.30.11-1.jpeg","datePublished":"2020-08-28T18:41:12+00:00","dateModified":"2020-11-03T21:40:33+00:00","breadcrumb":{"@id":"https:\/\/explora.cl\/valparaiso\/la-comunidad-cientifica-comienza-a-asesorar-a-las-academias-explora\/#breadcrumb"},"inLanguage":"es-CL","potentialAction":[{"@type":"ReadAction","target":["https:\/\/explora.cl\/valparaiso\/la-comunidad-cientifica-comienza-a-asesorar-a-las-academias-explora\/"]}]},{"@type":"ImageObject","inLanguage":"es-CL","@id":"https:\/\/explora.cl\/valparaiso\/la-comunidad-cientifica-comienza-a-asesorar-a-las-academias-explora\/#primaryimage","url":"https:\/\/explora.cl\/valparaiso\/wp-content\/uploads\/sites\/7\/2020\/08\/WhatsApp-Image-2020-08-27-at-17.30.11-1.jpeg","contentUrl":"https:\/\/explora.cl\/valparaiso\/wp-content\/uploads\/sites\/7\/2020\/08\/WhatsApp-Image-2020-08-27-at-17.30.11-1.jpeg","width":1048,"height":723},{"@type":"BreadcrumbList","@id":"https:\/\/explora.cl\/valparaiso\/la-comunidad-cientifica-comienza-a-asesorar-a-las-academias-explora\/#breadcrumb","itemListElement":[{"@type":"ListItem","position":1,"name":"Portada","item":"https:\/\/explora.cl\/valparaiso\/"},{"@type":"ListItem","position":2,"name":"La comunidad cient\u00edfica comienza a asesorar a las Academias Explora"}]},{"@type":"WebSite","@id":"https:\/\/explora.cl\/valparaiso\/#website","url":"https:\/\/explora.cl\/valparaiso\/","name":"Valpara\u00edso","description":"Otro sitio m\u00e1s de explora.cl","publisher":{"@id":"https:\/\/explora.cl\/valparaiso\/#organization"},"potentialAction":[{"@type":"SearchAction","target":{"@type":"EntryPoint","urlTemplate":"https:\/\/explora.cl\/valparaiso\/?s={search_term_string}"},"query-input":{"@type":"PropertyValueSpecification","valueRequired":true,"valueName":"search_term_string"}}],"inLanguage":"es-CL"},{"@type":"Organization","@id":"https:\/\/explora.cl\/valparaiso\/#organization","name":"Valpara\u00edso","url":"https:\/\/explora.cl\/valparaiso\/","logo":{"@type":"ImageObject","inLanguage":"es-CL","@id":"https:\/\/explora.cl\/valparaiso\/#\/schema\/logo\/image\/","url":"https:\/\/explora.cl\/valparaiso\/wp-content\/uploads\/sites\/7\/2019\/06\/cropped-logo-explora-color.jpg","contentUrl":"https:\/\/explora.cl\/valparaiso\/wp-content\/uploads\/sites\/7\/2019\/06\/cropped-logo-explora-color.jpg","width":2035,"height":584,"caption":"Valpara\u00edso"},"image":{"@id":"https:\/\/explora.cl\/valparaiso\/#\/schema\/logo\/image\/"}},{"@type":"Person","@id":"https:\/\/explora.cl\/valparaiso\/#\/schema\/person\/c15e69495b8dbe0af0102f6bca43ba5d","name":"jcastaneda","image":{"@type":"ImageObject","inLanguage":"es-CL","@id":"https:\/\/explora.cl\/valparaiso\/#\/schema\/person\/image\/","url":"https:\/\/secure.gravatar.com\/avatar\/f26661a8eef2f6444d9633928ef0219fd69e41c5be1ef5ef16afeee7cd4df675?s=96&d=mm&r=g","contentUrl":"https:\/\/secure.gravatar.com\/avatar\/f26661a8eef2f6444d9633928ef0219fd69e41c5be1ef5ef16afeee7cd4df675?s=96&d=mm&r=g","caption":"jcastaneda"},"url":"https:\/\/explora.cl\/valparaiso\/author\/jcastaneda\/"}]}},"_links":{"self":[{"href":"https:\/\/explora.cl\/valparaiso\/wp-json\/wp\/v2\/posts\/40352","targetHints":{"allow":["GET"]}}],"collection":[{"href":"https:\/\/explora.cl\/valparaiso\/wp-json\/wp\/v2\/posts"}],"about":[{"href":"https:\/\/explora.cl\/valparaiso\/wp-json\/wp\/v2\/types\/post"}],"author":[{"embeddable":true,"href":"https:\/\/explora.cl\/valparaiso\/wp-json\/wp\/v2\/users\/22"}],"replies":[{"embeddable":true,"href":"https:\/\/explora.cl\/valparaiso\/wp-json\/wp\/v2\/comments?post=40352"}],"version-history":[{"count":6,"href":"https:\/\/explora.cl\/valparaiso\/wp-json\/wp\/v2\/posts\/40352\/revisions"}],"predecessor-version":[{"id":40413,"href":"https:\/\/explora.cl\/valparaiso\/wp-json\/wp\/v2\/posts\/40352\/revisions\/40413"}],"wp:featuredmedia":[{"embeddable":true,"href":"https:\/\/explora.cl\/valparaiso\/wp-json\/wp\/v2\/media\/40354"}],"wp:attachment":[{"href":"https:\/\/explora.cl\/valparaiso\/wp-json\/wp\/v2\/media?parent=40352"}],"wp:term":[{"taxonomy":"category","embeddable":true,"href":"https:\/\/explora.cl\/valparaiso\/wp-json\/wp\/v2\/categories?post=40352"},{"taxonomy":"post_tag","embeddable":true,"href":"https:\/\/explora.cl\/valparaiso\/wp-json\/wp\/v2\/tags?post=40352"}],"curies":[{"name":"wp","href":"https:\/\/api.w.org\/{rel}","templated":true}]}}