{"id":40149,"date":"2020-06-08T12:57:21","date_gmt":"2020-06-08T16:57:21","guid":{"rendered":"https:\/\/explora.cl\/valparaiso\/?p=40149"},"modified":"2020-07-22T12:54:56","modified_gmt":"2020-07-22T16:54:56","slug":"aclaremos-algunas-dudas-acerca-del-covid-19-a-traves-de-quierosaber","status":"publish","type":"post","link":"https:\/\/explora.cl\/valparaiso\/aclaremos-algunas-dudas-acerca-del-covid-19-a-traves-de-quierosaber\/","title":{"rendered":"Aclaremos algunas dudas acerca del Covid-19 a trav\u00e9s de #QuieroSaber"},"content":{"rendered":"<h3><strong>Revisa en esta nota recopilatoria, algunas de las preguntas que m\u00e1s se han repetido durante la campa\u00f1a #QuieroSaber del Programa Explora.<\/strong><\/h3>\n<p><!--more--><\/p>\n<p>En esta nueva realidad, han sido numerosas las interrogantes que ni\u00f1os, ni\u00f1as y j\u00f3venes se han planteado con respecto al Covid-19 y sus mitos. Frente a eso, desde el Programa Explora se lanz\u00f3 a principios de abril la campa\u00f1a #QuieroSaber, en la que a trav\u00e9s de un <a href=\"https:\/\/docs.google.com\/forms\/d\/e\/1FAIpQLSfsQBadTHfRxsb-pftihP3tqT3cStXLv5XQ-Lss8Eu_uZsdTw\/viewform\">formulario online<\/a>, los y las interesadas pueden hacer preguntas al respecto, las que son respondidas por expertos y expertas de diversas disciplinas de las ciencias.<\/p>\n<p>Revisa aqu\u00ed algunas de las preguntas y combate las <em>fake news<\/em>:<\/p>\n<ul>\n<li>\n<h3><strong>\u00bfCu\u00e1l es la diferencia entre un virus y una bacteria? <\/strong><\/h3>\n<\/li>\n<\/ul>\n<p>Existen m\u00faltiples diferencias entre un virus y una bacteria. Lo primero que debe saberse es que <strong>la bacteria se puede dividir por s\u00ed misma, un virus no<\/strong>. <strong>Este \u00faltimo necesita estar dentro de una c\u00e9lula para obtener todo lo necesario para que pueda dividirse en dos. <\/strong>El tama\u00f1o tambi\u00e9n es un factor diferenciador: la bacteria es hasta cien veces m\u00e1s grande que un virus. Otra diferencia, es que las bacterias se eliminan con antibi\u00f3ticos, mientras que los virus no. Para estos, se usan antivirales.<\/p>\n<p><em>Responde el Dr. Gonzalo Barriga, Vir\u00f3logo de la Facultad de Medicina de la Universidad de Chile.<\/em><\/p>\n<ul>\n<li>\n<h3><strong>\u00bfPor qu\u00e9 es tan importante lavarse las manos? <\/strong><\/h3>\n<\/li>\n<\/ul>\n<p>Lavarse las manos con jab\u00f3n es una medida <strong>100% efectiva para eliminar el virus<\/strong> y evitar el contagio. <strong>La estructura o pared del virus est\u00e1 compuesto de un elemento graso que el jab\u00f3n puede disolver<\/strong>. Hay que considerar que el alcohol gel puede ayudar si se usa hasta dos veces consecutivas, pero lo \u00fanico que lo elimina por completo es un adecuado lavado de manos, por al menos 20 segundos, y que involucre lavado completo del dorso, palma, entre dedos, u\u00f1as y antebrazo.<\/p>\n<p><em>Responde Paz Cook, Epidemi\u00f3loga de la Pontificia Universidad Cat\u00f3lica e Investigadora ACCDis.<\/em><\/p>\n<ul>\n<li>\n<h3><strong>\u00bfEs recomendable hacer g\u00e1rgaras con agua oxigenada para prevenir el virus?<\/strong><\/h3>\n<\/li>\n<\/ul>\n<p><strong>No es recomendable<\/strong>. El agua oxigenada es un producto qu\u00edmico que podemos encontrar en la f\u00f3rmula de muchos productos que van desde la limpieza del hogar hasta tintes para el cabello. <strong>Es un agente t\u00f3xico, ya que la exposici\u00f3n directa con las mucosas, puede provocar da\u00f1o en los tejidos en la zona orofar\u00edngea, como ampollas y quemaduras; <\/strong>y su ingesti\u00f3n puede causar irritaci\u00f3n del tracto gastrointestinal hasta<strong> obstrucci\u00f3n respiratoria.<\/strong><\/p>\n<p><em>Responde Valeria Garrido, Dra. en Farmacolog\u00eda de la Universidad de Chile, Investigadora ACCDiS.<\/em><\/p>\n<ul>\n<li>\n<h3><strong>\u00bfEs posible contagiarse de Covid-19 por contacto con las heces de una persona contagiada?<\/strong><\/h3>\n<\/li>\n<\/ul>\n<p>Algunos pacientes desarrollan dentro de su cuadro cl\u00ednico, problemas gastrointestinales y diarrea. <strong>Este virus es mucho m\u00e1s abundante en diarrea que en heces normales.<\/strong> La Organizaci\u00f3n Mundial de la Salud (OMS) ha informado que el virus tiene una mayor resistencia en la diarrea de los pacientes, persistiendo hasta por m\u00e1s de 4 d\u00edas, en temperatura ambiente. Frente a esto, <strong>personal m\u00e9dico tener especial precauci\u00f3n en el manejo y eliminaci\u00f3n de heces y<\/strong> <strong>orina<\/strong> de pacientes contagiados.<\/p>\n<p><em>Responde Mario Chiong, Director del PAR Explora Regi\u00f3n Metropolitana Norte e Investigador ACCDiS.<\/em><\/p>\n<ul>\n<li>\n<h3><strong>Si soy hipertenso\/a, \u00bfdebo dejar de tomar mis medicamentos?<\/strong><\/h3>\n<\/li>\n<\/ul>\n<p><strong>No debe dejar de tomar sus medicamentos hipertensivos<\/strong>. En estos d\u00edas, existe mucha especulaci\u00f3n sobre la seguridad de medicamentos como el <strong>Enalapril o Losartan<\/strong>, en relaci\u00f3n al Covid-19, pero sin una base cient\u00edfica s\u00f3lida. Existe evidencia en estudios de animales que estos medicamentos podr\u00edan tener un rol protector contra complicaciones pulmonares graves del Covid-19, pero no existen datos a\u00fan en humanos. Es importante considerar que, si bien los s\u00edntomas principales del Covid-19 son respiratorios, este tambi\u00e9n puede da\u00f1ar el sistema cardiovascular; por ende,<strong> cualquier cambio en la terapia de la hipertensi\u00f3n debe ser discutida con su m\u00e9dico tratante y no suspender medicamentos por su cuenta (o automedicarse).<\/strong><\/p>\n<p><em>Responde el Dr. Hugo Verdejo, cardi\u00f3logo y Jefe de la Unidad Coronaria de la Pontificia Universidad Cat\u00f3lica de Chile e Investigador ACCDiS.<\/em><\/p>\n<ul>\n<li>\n<h3><strong>\u00bfEl coronavirus puede causar da\u00f1o permanente en los pulmones?<\/strong><\/h3>\n<\/li>\n<\/ul>\n<p>El Covid-19 puede generar insuficiencia respiratoria permanente en aquellos pacientes que desarrollan un curso agresivo de la enfermedad con neumon\u00edas severas. Existen observaciones en Hong Kong que han determinado una disminuci\u00f3n de la funci\u00f3n pulmonar en un 20 o 30% de los pacientes dados de alta hospitalaria. Si bien, faltan estudios que respalden esos datos, existen publicaciones que han demostrado que <strong>el virus es capaz de generar da\u00f1o alveolar masivo<\/strong>, condici\u00f3n que puede llevar a una insuficiencia respiratoria secundaria. <strong>Ese tipo de da\u00f1os, puede verse en casos graves y no en la mayor\u00eda de los pacientes, que cursar\u00e1n una forma leve o moderada de la enfermedad.<\/strong><\/p>\n<p><em>Carolina Oliva, estudiante del Doctorado en Ciencias M\u00e9dicas y residente de Otorrinolaringolog\u00eda del Hospital Cl\u00ednico de la Universidad de Chile.<\/em><\/p>\n<ul>\n<li>\n<h3><strong>\u00bfCu\u00e1ntas veces puedo usar la misma mascarilla?<\/strong><\/h3>\n<\/li>\n<\/ul>\n<p>Las mascarillas tienen una vida \u00fatil limitada. La mascarilla com\u00fan es desechable, con una duraci\u00f3n m\u00e1xima de 4 horas. La N95, m\u00e1s sofisticada, tambi\u00e9n es desechable, pero tiene una duraci\u00f3n m\u00e1xima de 8 horas. <strong>Se debe tener presente que las mascarillas son una medida preventiva <\/strong>que disminuye en un alto porcentaje la probabilidad de contagio, por lo que todas las personas, incluso aquellas que no presenten s\u00edntomas, deben utilizarla.<\/p>\n<p><em>Fernanda Sanhueza, Tesista del Doctorado en Ciencias Biom\u00e9dicas de la Universidad de Chile, investigadora ACCDiS.<\/em><\/p>\n<p>\u00bfTienes alguna pregunta al respecto? Recuerda que puedes enviar tus interrogantes entrando en el <a href=\"https:\/\/docs.google.com\/forms\/d\/e\/1FAIpQLSfsQBadTHfRxsb-pftihP3tqT3cStXLv5XQ-Lss8Eu_uZsdTw\/viewform\">siguiente formulario.<\/a> Si quieres revisar todas las preguntas que han llegado a #QuieroSaber, s\u00edguenos en @explora_cl y en @exploravalpo en Facebook, Twitter e Instagram<\/p>\n","protected":false},"excerpt":{"rendered":"<p>Revisa en esta nota recopilatoria, algunas de las preguntas que m\u00e1s se han repetido durante la campa\u00f1a #QuieroSaber del Programa Explora.<\/p>\n","protected":false},"author":22,"featured_media":40146,"comment_status":"open","ping_status":"open","sticky":false,"template":"","format":"standard","meta":{"_acf_changed":false,"_exactmetrics_skip_tracking":false,"_exactmetrics_sitenote_active":false,"_exactmetrics_sitenote_note":"","_exactmetrics_sitenote_category":0,"footnotes":"","_links_to":"","_links_to_target":""},"categories":[4],"tags":[],"class_list":["post-40149","post","type-post","status-publish","format-standard","has-post-thumbnail","hentry","category-noticias"],"acf":[],"yoast_head":"<!-- This site is optimized with the Yoast SEO plugin v26.9 - https:\/\/yoast.com\/product\/yoast-seo-wordpress\/ -->\n<title>Aclaremos algunas dudas acerca del Covid-19 a trav\u00e9s de #QuieroSaber - Valpara\u00edso<\/title>\n<meta name=\"robots\" content=\"index, follow, max-snippet:-1, max-image-preview:large, max-video-preview:-1\" \/>\n<link rel=\"canonical\" href=\"https:\/\/explora.cl\/valparaiso\/aclaremos-algunas-dudas-acerca-del-covid-19-a-traves-de-quierosaber\/\" class=\"yoast-seo-meta-tag\" \/>\n<meta property=\"og:locale\" content=\"es_ES\" class=\"yoast-seo-meta-tag\" \/>\n<meta property=\"og:type\" content=\"article\" class=\"yoast-seo-meta-tag\" \/>\n<meta property=\"og:title\" content=\"Aclaremos algunas dudas acerca del Covid-19 a trav\u00e9s de #QuieroSaber - Valpara\u00edso\" class=\"yoast-seo-meta-tag\" \/>\n<meta property=\"og:description\" content=\"Revisa en esta nota recopilatoria, algunas de las preguntas que m\u00e1s se han repetido durante la campa\u00f1a #QuieroSaber del Programa Explora.\" class=\"yoast-seo-meta-tag\" \/>\n<meta property=\"og:url\" content=\"https:\/\/explora.cl\/valparaiso\/aclaremos-algunas-dudas-acerca-del-covid-19-a-traves-de-quierosaber\/\" class=\"yoast-seo-meta-tag\" \/>\n<meta property=\"og:site_name\" content=\"Valpara\u00edso\" class=\"yoast-seo-meta-tag\" \/>\n<meta property=\"article:published_time\" content=\"2020-06-08T16:57:21+00:00\" class=\"yoast-seo-meta-tag\" \/>\n<meta property=\"article:modified_time\" content=\"2020-07-22T16:54:56+00:00\" class=\"yoast-seo-meta-tag\" \/>\n<meta property=\"og:image\" content=\"https:\/\/explora.cl\/valparaiso\/wp-content\/uploads\/sites\/7\/2020\/03\/QuieroSaber_inicio-e1585793455268-735x470.png\" class=\"yoast-seo-meta-tag\" \/>\n\t<meta property=\"og:image:width\" content=\"735\" class=\"yoast-seo-meta-tag\" \/>\n\t<meta property=\"og:image:height\" content=\"470\" class=\"yoast-seo-meta-tag\" \/>\n\t<meta property=\"og:image:type\" content=\"image\/png\" class=\"yoast-seo-meta-tag\" \/>\n<meta name=\"author\" content=\"jcastaneda\" class=\"yoast-seo-meta-tag\" \/>\n<meta name=\"twitter:card\" content=\"summary_large_image\" class=\"yoast-seo-meta-tag\" \/>\n<meta name=\"twitter:label1\" content=\"Escrito por\" class=\"yoast-seo-meta-tag\" \/>\n\t<meta name=\"twitter:data1\" content=\"jcastaneda\" class=\"yoast-seo-meta-tag\" \/>\n\t<meta name=\"twitter:label2\" content=\"Tiempo estimado de lectura\" class=\"yoast-seo-meta-tag\" \/>\n\t<meta name=\"twitter:data2\" content=\"5 minutos\" class=\"yoast-seo-meta-tag\" \/>\n<script type=\"application\/ld+json\" class=\"yoast-schema-graph\">{\"@context\":\"https:\/\/schema.org\",\"@graph\":[{\"@type\":\"Article\",\"@id\":\"https:\/\/explora.cl\/valparaiso\/aclaremos-algunas-dudas-acerca-del-covid-19-a-traves-de-quierosaber\/#article\",\"isPartOf\":{\"@id\":\"https:\/\/explora.cl\/valparaiso\/aclaremos-algunas-dudas-acerca-del-covid-19-a-traves-de-quierosaber\/\"},\"author\":{\"name\":\"jcastaneda\",\"@id\":\"https:\/\/explora.cl\/valparaiso\/#\/schema\/person\/c15e69495b8dbe0af0102f6bca43ba5d\"},\"headline\":\"Aclaremos algunas dudas acerca del Covid-19 a trav\u00e9s de #QuieroSaber\",\"datePublished\":\"2020-06-08T16:57:21+00:00\",\"dateModified\":\"2020-07-22T16:54:56+00:00\",\"mainEntityOfPage\":{\"@id\":\"https:\/\/explora.cl\/valparaiso\/aclaremos-algunas-dudas-acerca-del-covid-19-a-traves-de-quierosaber\/\"},\"wordCount\":998,\"commentCount\":0,\"publisher\":{\"@id\":\"https:\/\/explora.cl\/valparaiso\/#organization\"},\"image\":{\"@id\":\"https:\/\/explora.cl\/valparaiso\/aclaremos-algunas-dudas-acerca-del-covid-19-a-traves-de-quierosaber\/#primaryimage\"},\"thumbnailUrl\":\"https:\/\/explora.cl\/valparaiso\/wp-content\/uploads\/sites\/7\/2020\/03\/QuieroSaber_inicio-e1585793455268-735x470.png\",\"articleSection\":[\"Noticias\"],\"inLanguage\":\"es-CL\",\"potentialAction\":[{\"@type\":\"CommentAction\",\"name\":\"Comment\",\"target\":[\"https:\/\/explora.cl\/valparaiso\/aclaremos-algunas-dudas-acerca-del-covid-19-a-traves-de-quierosaber\/#respond\"]}]},{\"@type\":\"WebPage\",\"@id\":\"https:\/\/explora.cl\/valparaiso\/aclaremos-algunas-dudas-acerca-del-covid-19-a-traves-de-quierosaber\/\",\"url\":\"https:\/\/explora.cl\/valparaiso\/aclaremos-algunas-dudas-acerca-del-covid-19-a-traves-de-quierosaber\/\",\"name\":\"Aclaremos algunas dudas acerca del Covid-19 a trav\u00e9s de #QuieroSaber - Valpara\u00edso\",\"isPartOf\":{\"@id\":\"https:\/\/explora.cl\/valparaiso\/#website\"},\"primaryImageOfPage\":{\"@id\":\"https:\/\/explora.cl\/valparaiso\/aclaremos-algunas-dudas-acerca-del-covid-19-a-traves-de-quierosaber\/#primaryimage\"},\"image\":{\"@id\":\"https:\/\/explora.cl\/valparaiso\/aclaremos-algunas-dudas-acerca-del-covid-19-a-traves-de-quierosaber\/#primaryimage\"},\"thumbnailUrl\":\"https:\/\/explora.cl\/valparaiso\/wp-content\/uploads\/sites\/7\/2020\/03\/QuieroSaber_inicio-e1585793455268-735x470.png\",\"datePublished\":\"2020-06-08T16:57:21+00:00\",\"dateModified\":\"2020-07-22T16:54:56+00:00\",\"breadcrumb\":{\"@id\":\"https:\/\/explora.cl\/valparaiso\/aclaremos-algunas-dudas-acerca-del-covid-19-a-traves-de-quierosaber\/#breadcrumb\"},\"inLanguage\":\"es-CL\",\"potentialAction\":[{\"@type\":\"ReadAction\",\"target\":[\"https:\/\/explora.cl\/valparaiso\/aclaremos-algunas-dudas-acerca-del-covid-19-a-traves-de-quierosaber\/\"]}]},{\"@type\":\"ImageObject\",\"inLanguage\":\"es-CL\",\"@id\":\"https:\/\/explora.cl\/valparaiso\/aclaremos-algunas-dudas-acerca-del-covid-19-a-traves-de-quierosaber\/#primaryimage\",\"url\":\"https:\/\/explora.cl\/valparaiso\/wp-content\/uploads\/sites\/7\/2020\/03\/QuieroSaber_inicio-e1585793455268-735x470.png\",\"contentUrl\":\"https:\/\/explora.cl\/valparaiso\/wp-content\/uploads\/sites\/7\/2020\/03\/QuieroSaber_inicio-e1585793455268-735x470.png\",\"width\":735,\"height\":470},{\"@type\":\"BreadcrumbList\",\"@id\":\"https:\/\/explora.cl\/valparaiso\/aclaremos-algunas-dudas-acerca-del-covid-19-a-traves-de-quierosaber\/#breadcrumb\",\"itemListElement\":[{\"@type\":\"ListItem\",\"position\":1,\"name\":\"Portada\",\"item\":\"https:\/\/explora.cl\/valparaiso\/\"},{\"@type\":\"ListItem\",\"position\":2,\"name\":\"Aclaremos algunas dudas acerca del Covid-19 a trav\u00e9s de #QuieroSaber\"}]},{\"@type\":\"WebSite\",\"@id\":\"https:\/\/explora.cl\/valparaiso\/#website\",\"url\":\"https:\/\/explora.cl\/valparaiso\/\",\"name\":\"Valpara\u00edso\",\"description\":\"Otro sitio m\u00e1s de explora.cl\",\"publisher\":{\"@id\":\"https:\/\/explora.cl\/valparaiso\/#organization\"},\"potentialAction\":[{\"@type\":\"SearchAction\",\"target\":{\"@type\":\"EntryPoint\",\"urlTemplate\":\"https:\/\/explora.cl\/valparaiso\/?s={search_term_string}\"},\"query-input\":{\"@type\":\"PropertyValueSpecification\",\"valueRequired\":true,\"valueName\":\"search_term_string\"}}],\"inLanguage\":\"es-CL\"},{\"@type\":\"Organization\",\"@id\":\"https:\/\/explora.cl\/valparaiso\/#organization\",\"name\":\"Valpara\u00edso\",\"url\":\"https:\/\/explora.cl\/valparaiso\/\",\"logo\":{\"@type\":\"ImageObject\",\"inLanguage\":\"es-CL\",\"@id\":\"https:\/\/explora.cl\/valparaiso\/#\/schema\/logo\/image\/\",\"url\":\"https:\/\/explora.cl\/valparaiso\/wp-content\/uploads\/sites\/7\/2019\/06\/cropped-logo-explora-color.jpg\",\"contentUrl\":\"https:\/\/explora.cl\/valparaiso\/wp-content\/uploads\/sites\/7\/2019\/06\/cropped-logo-explora-color.jpg\",\"width\":2035,\"height\":584,\"caption\":\"Valpara\u00edso\"},\"image\":{\"@id\":\"https:\/\/explora.cl\/valparaiso\/#\/schema\/logo\/image\/\"}},{\"@type\":\"Person\",\"@id\":\"https:\/\/explora.cl\/valparaiso\/#\/schema\/person\/c15e69495b8dbe0af0102f6bca43ba5d\",\"name\":\"jcastaneda\",\"image\":{\"@type\":\"ImageObject\",\"inLanguage\":\"es-CL\",\"@id\":\"https:\/\/explora.cl\/valparaiso\/#\/schema\/person\/image\/\",\"url\":\"https:\/\/secure.gravatar.com\/avatar\/f26661a8eef2f6444d9633928ef0219fd69e41c5be1ef5ef16afeee7cd4df675?s=96&d=mm&r=g\",\"contentUrl\":\"https:\/\/secure.gravatar.com\/avatar\/f26661a8eef2f6444d9633928ef0219fd69e41c5be1ef5ef16afeee7cd4df675?s=96&d=mm&r=g\",\"caption\":\"jcastaneda\"},\"url\":\"https:\/\/explora.cl\/valparaiso\/author\/jcastaneda\/\"}]}<\/script>\n<!-- \/ Yoast SEO plugin. -->","yoast_head_json":{"title":"Aclaremos algunas dudas acerca del Covid-19 a trav\u00e9s de #QuieroSaber - Valpara\u00edso","robots":{"index":"index","follow":"follow","max-snippet":"max-snippet:-1","max-image-preview":"max-image-preview:large","max-video-preview":"max-video-preview:-1"},"canonical":"https:\/\/explora.cl\/valparaiso\/aclaremos-algunas-dudas-acerca-del-covid-19-a-traves-de-quierosaber\/","og_locale":"es_ES","og_type":"article","og_title":"Aclaremos algunas dudas acerca del Covid-19 a trav\u00e9s de #QuieroSaber - Valpara\u00edso","og_description":"Revisa en esta nota recopilatoria, algunas de las preguntas que m\u00e1s se han repetido durante la campa\u00f1a #QuieroSaber del Programa Explora.","og_url":"https:\/\/explora.cl\/valparaiso\/aclaremos-algunas-dudas-acerca-del-covid-19-a-traves-de-quierosaber\/","og_site_name":"Valpara\u00edso","article_published_time":"2020-06-08T16:57:21+00:00","article_modified_time":"2020-07-22T16:54:56+00:00","og_image":[{"width":735,"height":470,"url":"https:\/\/explora.cl\/valparaiso\/wp-content\/uploads\/sites\/7\/2020\/03\/QuieroSaber_inicio-e1585793455268-735x470.png","type":"image\/png"}],"author":"jcastaneda","twitter_card":"summary_large_image","twitter_misc":{"Escrito por":"jcastaneda","Tiempo estimado de lectura":"5 minutos"},"schema":{"@context":"https:\/\/schema.org","@graph":[{"@type":"Article","@id":"https:\/\/explora.cl\/valparaiso\/aclaremos-algunas-dudas-acerca-del-covid-19-a-traves-de-quierosaber\/#article","isPartOf":{"@id":"https:\/\/explora.cl\/valparaiso\/aclaremos-algunas-dudas-acerca-del-covid-19-a-traves-de-quierosaber\/"},"author":{"name":"jcastaneda","@id":"https:\/\/explora.cl\/valparaiso\/#\/schema\/person\/c15e69495b8dbe0af0102f6bca43ba5d"},"headline":"Aclaremos algunas dudas acerca del Covid-19 a trav\u00e9s de #QuieroSaber","datePublished":"2020-06-08T16:57:21+00:00","dateModified":"2020-07-22T16:54:56+00:00","mainEntityOfPage":{"@id":"https:\/\/explora.cl\/valparaiso\/aclaremos-algunas-dudas-acerca-del-covid-19-a-traves-de-quierosaber\/"},"wordCount":998,"commentCount":0,"publisher":{"@id":"https:\/\/explora.cl\/valparaiso\/#organization"},"image":{"@id":"https:\/\/explora.cl\/valparaiso\/aclaremos-algunas-dudas-acerca-del-covid-19-a-traves-de-quierosaber\/#primaryimage"},"thumbnailUrl":"https:\/\/explora.cl\/valparaiso\/wp-content\/uploads\/sites\/7\/2020\/03\/QuieroSaber_inicio-e1585793455268-735x470.png","articleSection":["Noticias"],"inLanguage":"es-CL","potentialAction":[{"@type":"CommentAction","name":"Comment","target":["https:\/\/explora.cl\/valparaiso\/aclaremos-algunas-dudas-acerca-del-covid-19-a-traves-de-quierosaber\/#respond"]}]},{"@type":"WebPage","@id":"https:\/\/explora.cl\/valparaiso\/aclaremos-algunas-dudas-acerca-del-covid-19-a-traves-de-quierosaber\/","url":"https:\/\/explora.cl\/valparaiso\/aclaremos-algunas-dudas-acerca-del-covid-19-a-traves-de-quierosaber\/","name":"Aclaremos algunas dudas acerca del Covid-19 a trav\u00e9s de #QuieroSaber - Valpara\u00edso","isPartOf":{"@id":"https:\/\/explora.cl\/valparaiso\/#website"},"primaryImageOfPage":{"@id":"https:\/\/explora.cl\/valparaiso\/aclaremos-algunas-dudas-acerca-del-covid-19-a-traves-de-quierosaber\/#primaryimage"},"image":{"@id":"https:\/\/explora.cl\/valparaiso\/aclaremos-algunas-dudas-acerca-del-covid-19-a-traves-de-quierosaber\/#primaryimage"},"thumbnailUrl":"https:\/\/explora.cl\/valparaiso\/wp-content\/uploads\/sites\/7\/2020\/03\/QuieroSaber_inicio-e1585793455268-735x470.png","datePublished":"2020-06-08T16:57:21+00:00","dateModified":"2020-07-22T16:54:56+00:00","breadcrumb":{"@id":"https:\/\/explora.cl\/valparaiso\/aclaremos-algunas-dudas-acerca-del-covid-19-a-traves-de-quierosaber\/#breadcrumb"},"inLanguage":"es-CL","potentialAction":[{"@type":"ReadAction","target":["https:\/\/explora.cl\/valparaiso\/aclaremos-algunas-dudas-acerca-del-covid-19-a-traves-de-quierosaber\/"]}]},{"@type":"ImageObject","inLanguage":"es-CL","@id":"https:\/\/explora.cl\/valparaiso\/aclaremos-algunas-dudas-acerca-del-covid-19-a-traves-de-quierosaber\/#primaryimage","url":"https:\/\/explora.cl\/valparaiso\/wp-content\/uploads\/sites\/7\/2020\/03\/QuieroSaber_inicio-e1585793455268-735x470.png","contentUrl":"https:\/\/explora.cl\/valparaiso\/wp-content\/uploads\/sites\/7\/2020\/03\/QuieroSaber_inicio-e1585793455268-735x470.png","width":735,"height":470},{"@type":"BreadcrumbList","@id":"https:\/\/explora.cl\/valparaiso\/aclaremos-algunas-dudas-acerca-del-covid-19-a-traves-de-quierosaber\/#breadcrumb","itemListElement":[{"@type":"ListItem","position":1,"name":"Portada","item":"https:\/\/explora.cl\/valparaiso\/"},{"@type":"ListItem","position":2,"name":"Aclaremos algunas dudas acerca del Covid-19 a trav\u00e9s de #QuieroSaber"}]},{"@type":"WebSite","@id":"https:\/\/explora.cl\/valparaiso\/#website","url":"https:\/\/explora.cl\/valparaiso\/","name":"Valpara\u00edso","description":"Otro sitio m\u00e1s de explora.cl","publisher":{"@id":"https:\/\/explora.cl\/valparaiso\/#organization"},"potentialAction":[{"@type":"SearchAction","target":{"@type":"EntryPoint","urlTemplate":"https:\/\/explora.cl\/valparaiso\/?s={search_term_string}"},"query-input":{"@type":"PropertyValueSpecification","valueRequired":true,"valueName":"search_term_string"}}],"inLanguage":"es-CL"},{"@type":"Organization","@id":"https:\/\/explora.cl\/valparaiso\/#organization","name":"Valpara\u00edso","url":"https:\/\/explora.cl\/valparaiso\/","logo":{"@type":"ImageObject","inLanguage":"es-CL","@id":"https:\/\/explora.cl\/valparaiso\/#\/schema\/logo\/image\/","url":"https:\/\/explora.cl\/valparaiso\/wp-content\/uploads\/sites\/7\/2019\/06\/cropped-logo-explora-color.jpg","contentUrl":"https:\/\/explora.cl\/valparaiso\/wp-content\/uploads\/sites\/7\/2019\/06\/cropped-logo-explora-color.jpg","width":2035,"height":584,"caption":"Valpara\u00edso"},"image":{"@id":"https:\/\/explora.cl\/valparaiso\/#\/schema\/logo\/image\/"}},{"@type":"Person","@id":"https:\/\/explora.cl\/valparaiso\/#\/schema\/person\/c15e69495b8dbe0af0102f6bca43ba5d","name":"jcastaneda","image":{"@type":"ImageObject","inLanguage":"es-CL","@id":"https:\/\/explora.cl\/valparaiso\/#\/schema\/person\/image\/","url":"https:\/\/secure.gravatar.com\/avatar\/f26661a8eef2f6444d9633928ef0219fd69e41c5be1ef5ef16afeee7cd4df675?s=96&d=mm&r=g","contentUrl":"https:\/\/secure.gravatar.com\/avatar\/f26661a8eef2f6444d9633928ef0219fd69e41c5be1ef5ef16afeee7cd4df675?s=96&d=mm&r=g","caption":"jcastaneda"},"url":"https:\/\/explora.cl\/valparaiso\/author\/jcastaneda\/"}]}},"_links":{"self":[{"href":"https:\/\/explora.cl\/valparaiso\/wp-json\/wp\/v2\/posts\/40149","targetHints":{"allow":["GET"]}}],"collection":[{"href":"https:\/\/explora.cl\/valparaiso\/wp-json\/wp\/v2\/posts"}],"about":[{"href":"https:\/\/explora.cl\/valparaiso\/wp-json\/wp\/v2\/types\/post"}],"author":[{"embeddable":true,"href":"https:\/\/explora.cl\/valparaiso\/wp-json\/wp\/v2\/users\/22"}],"replies":[{"embeddable":true,"href":"https:\/\/explora.cl\/valparaiso\/wp-json\/wp\/v2\/comments?post=40149"}],"version-history":[{"count":4,"href":"https:\/\/explora.cl\/valparaiso\/wp-json\/wp\/v2\/posts\/40149\/revisions"}],"predecessor-version":[{"id":40153,"href":"https:\/\/explora.cl\/valparaiso\/wp-json\/wp\/v2\/posts\/40149\/revisions\/40153"}],"wp:featuredmedia":[{"embeddable":true,"href":"https:\/\/explora.cl\/valparaiso\/wp-json\/wp\/v2\/media\/40146"}],"wp:attachment":[{"href":"https:\/\/explora.cl\/valparaiso\/wp-json\/wp\/v2\/media?parent=40149"}],"wp:term":[{"taxonomy":"category","embeddable":true,"href":"https:\/\/explora.cl\/valparaiso\/wp-json\/wp\/v2\/categories?post=40149"},{"taxonomy":"post_tag","embeddable":true,"href":"https:\/\/explora.cl\/valparaiso\/wp-json\/wp\/v2\/tags?post=40149"}],"curies":[{"name":"wp","href":"https:\/\/api.w.org\/{rel}","templated":true}]}}