{"id":32438,"date":"2016-06-06T00:00:00","date_gmt":"2016-06-06T04:00:00","guid":{"rendered":"https:\/\/explora.cl\/valparaiso\/blog\/2016\/06\/06\/conoce-a-los-inmigrantes-europeos-de-valparaiso-en-conectando-historia-y-patrimonio\/"},"modified":"2019-05-20T16:59:35","modified_gmt":"2019-05-20T16:59:35","slug":"conoce-a-los-inmigrantes-europeos-de-valparaiso-en-conectando-historia-y-patrimonio","status":"publish","type":"post","link":"https:\/\/explora.cl\/valparaiso\/conoce-a-los-inmigrantes-europeos-de-valparaiso-en-conectando-historia-y-patrimonio\/","title":{"rendered":"Conoce a los inmigrantes europeos de Valpara\u00edso en \u201cConectando Historia y Patrimonio\u201d"},"content":{"rendered":"<p style=\"text-align: center\"><em>El jueves 9 de junio a las 18:00 Baldomero Estrada nos compartir\u00e1 sus conocimientos acerca de la inmigraci\u00f3n del viejo continente desde el fines del siglo XIX en el ciclo del PAR Explora de CONICYT Valpara\u00edso y el Museo de Historia Natural de Valpara\u00edso.<\/em><\/p>\n<hr \/>\n<p style=\"text-align: center\">\u00a0<\/p>\n<p style=\"text-align: justify\"><img fetchpriority=\"high\" decoding=\"async\" class=\" alignright size-full wp-image-17977\" style=\"float: right\" src=\"http:\/\/ec2-54-245-22-188.us-west-2.compute.amazonaws.com\/wp-content\/uploads\/2016\/06\/Junio-MHNV.png\" alt=\"\" width=\"400\" height=\"657\" \/>Valpara\u00edso, centro de comercio y de oportunidades. Cientos de extranjeros llegaron a Valpara\u00edso con sus sue\u00f1os y transformaron al puerto en un centro cosmopolita desde la segunda mitad del siglo XIX. \u00bfQuieres conocerlos? Asiste al museo y participa en el \u201cConectando Historia y Patrimonio\u201d; una invitaci\u00f3n gratuita para que la ciudadan\u00eda pueda acercarse a distintos aspectos de su identidad y su pasado en el Museo de Historia Natural de Valpara\u00edso.<\/p>\n<p style=\"text-align: justify\">El profesor del Instituto de Historia de la Pontificia Universidad Cat\u00f3lica de Valpara\u00edso, Baldomero Estrada, ser\u00e1 el encargado de guiarnos por el proceso de la inmigraci\u00f3n europea en Valpara\u00edso desde fines del siglo XIX. El profesor vincular\u00e1 la llegada de extranjeros con el proceso de globalizaci\u00f3n proyectado desde Europa y describir\u00e1 las formas en que estas colectividades se integran a la sociedad y econom\u00eda local.<\/p>\n<p style=\"text-align: justify\">Participa el jueves 9 de junio a las 18:00 en el Auditorio del Museo de Historia Natural de Valpara\u00edso (Condell 1546, Valpara\u00edso). La actividad es gratuita y apta para todo tipo de p\u00fablico.<\/p>\n<p style=\"text-align: justify\">El Ciclo &#8220;Conectando historia y patrimonio&#8221; es una iniciativa conjunta entre el Museo de Historia Natural de Valpara\u00edso y el Proyecto Asociativo Regional EXPLORA Valpara\u00edso en el marco de la Red de Cultura Cient\u00edfica; Red constituida en 2013 con centros de investigaci\u00f3n y espacios de cultura de toda la regi\u00f3n, y que hoy re\u00fane a los principales actores en ciencia y cultura comprometidos con el desarrollo de una cultura cient\u00edfica en Valpara\u00edso.<\/p>\n<p style=\"text-align: justify\">\u00a0<\/p>\n<p style=\"text-align: justify\"><span style=\"text-decoration: underline\"><strong><a href=\"valparaiso\/noticias-valparaiso\/download\/604_7c29d50d951490b183f4a52f70b2f6b6\" target=\"_blank\" rel=\"noopener noreferrer\">Conoce aqu\u00ed la programaci\u00f3n 2016 del \u201cConectando Historia y Patrimonio\u201d.<\/a><\/strong><\/span><\/p>\n<h3>Sobre el expositor<\/h3>\n<p>Baldomero Estrada Turra, Doctor en Historia. Es profesor titular del Instituto de Historia de la Pontificia Universidad Cat\u00f3lica de Valpara\u00edso. Actualmente se dedica fundamentalmente a temas relativos a la historia de Valpara\u00edso, especialmente la inmigraci\u00f3n. Sobre tales temas ha publicado diversos art\u00edculos y libros tanto en Chile como el extranjero.<\/p>\n<p>Ha sido director del Instituto de Historia y decano de la Facultad de Filosof\u00eda y Educaci\u00f3n de la PUCV.<\/p>\n<p style=\"text-align: justify\">\u00a0<\/p>\n","protected":false},"excerpt":{"rendered":"<p>El jueves 9 de junio a las 18:00 Baldomero Estrada nos compartir\u00e1 sus conocimientos acerca de la inmigraci\u00f3n del viejo continente desde el fines del siglo XIX en el ciclo del PAR Explora de CONICYT Valpara\u00edso y el Museo de Historia Natural de Valpara\u00edso. \u00a0 Valpara\u00edso, centro de comercio y de oportunidades. Cientos de extranjeros [&hellip;]<\/p>\n","protected":false},"author":2,"featured_media":32439,"comment_status":"open","ping_status":"open","sticky":false,"template":"","format":"standard","meta":{"_acf_changed":false,"_exactmetrics_skip_tracking":false,"_exactmetrics_sitenote_active":false,"_exactmetrics_sitenote_note":"","_exactmetrics_sitenote_category":0,"footnotes":"","_links_to":"","_links_to_target":""},"categories":[4],"tags":[],"class_list":["post-32438","post","type-post","status-publish","format-standard","has-post-thumbnail","hentry","category-noticias"],"acf":[],"yoast_head":"<!-- This site is optimized with the Yoast SEO plugin v26.9 - https:\/\/yoast.com\/product\/yoast-seo-wordpress\/ -->\n<title>Conoce a los inmigrantes europeos de Valpara\u00edso en \u201cConectando Historia y Patrimonio\u201d - Valpara\u00edso<\/title>\n<meta name=\"robots\" content=\"index, follow, max-snippet:-1, max-image-preview:large, max-video-preview:-1\" \/>\n<link rel=\"canonical\" href=\"https:\/\/explora.cl\/valparaiso\/conoce-a-los-inmigrantes-europeos-de-valparaiso-en-conectando-historia-y-patrimonio\/\" class=\"yoast-seo-meta-tag\" \/>\n<meta property=\"og:locale\" content=\"es_ES\" class=\"yoast-seo-meta-tag\" \/>\n<meta property=\"og:type\" content=\"article\" class=\"yoast-seo-meta-tag\" \/>\n<meta property=\"og:title\" content=\"Conoce a los inmigrantes europeos de Valpara\u00edso en \u201cConectando Historia y Patrimonio\u201d - Valpara\u00edso\" class=\"yoast-seo-meta-tag\" \/>\n<meta property=\"og:description\" content=\"El jueves 9 de junio a las 18:00 Baldomero Estrada nos compartir\u00e1 sus conocimientos acerca de la inmigraci\u00f3n del viejo continente desde el fines del siglo XIX en el ciclo del PAR Explora de CONICYT Valpara\u00edso y el Museo de Historia Natural de Valpara\u00edso. \u00a0 Valpara\u00edso, centro de comercio y de oportunidades. Cientos de extranjeros [&hellip;]\" class=\"yoast-seo-meta-tag\" \/>\n<meta property=\"og:url\" content=\"https:\/\/explora.cl\/valparaiso\/conoce-a-los-inmigrantes-europeos-de-valparaiso-en-conectando-historia-y-patrimonio\/\" class=\"yoast-seo-meta-tag\" \/>\n<meta property=\"og:site_name\" content=\"Valpara\u00edso\" class=\"yoast-seo-meta-tag\" \/>\n<meta property=\"article:published_time\" content=\"2016-06-06T04:00:00+00:00\" class=\"yoast-seo-meta-tag\" \/>\n<meta property=\"article:modified_time\" content=\"2019-05-20T16:59:35+00:00\" class=\"yoast-seo-meta-tag\" \/>\n<meta property=\"og:image\" content=\"https:\/\/explora.cl\/valparaiso\/wp-content\/uploads\/sites\/7\/2018\/06\/Junio-MHNV.png\" class=\"yoast-seo-meta-tag\" \/>\n\t<meta property=\"og:image:width\" content=\"800\" class=\"yoast-seo-meta-tag\" \/>\n\t<meta property=\"og:image:height\" content=\"1314\" class=\"yoast-seo-meta-tag\" \/>\n\t<meta property=\"og:image:type\" content=\"image\/png\" class=\"yoast-seo-meta-tag\" \/>\n<meta name=\"author\" content=\"webman\" class=\"yoast-seo-meta-tag\" \/>\n<meta name=\"twitter:card\" content=\"summary_large_image\" class=\"yoast-seo-meta-tag\" \/>\n<meta name=\"twitter:label1\" content=\"Escrito por\" class=\"yoast-seo-meta-tag\" \/>\n\t<meta name=\"twitter:data1\" content=\"webman\" class=\"yoast-seo-meta-tag\" \/>\n\t<meta name=\"twitter:label2\" content=\"Tiempo estimado de lectura\" class=\"yoast-seo-meta-tag\" \/>\n\t<meta name=\"twitter:data2\" content=\"2 minutos\" class=\"yoast-seo-meta-tag\" \/>\n<script type=\"application\/ld+json\" class=\"yoast-schema-graph\">{\"@context\":\"https:\/\/schema.org\",\"@graph\":[{\"@type\":\"Article\",\"@id\":\"https:\/\/explora.cl\/valparaiso\/conoce-a-los-inmigrantes-europeos-de-valparaiso-en-conectando-historia-y-patrimonio\/#article\",\"isPartOf\":{\"@id\":\"https:\/\/explora.cl\/valparaiso\/conoce-a-los-inmigrantes-europeos-de-valparaiso-en-conectando-historia-y-patrimonio\/\"},\"author\":{\"name\":\"webman\",\"@id\":\"https:\/\/explora.cl\/valparaiso\/#\/schema\/person\/cb8349c13ea2d324080adf8480d7ba5d\"},\"headline\":\"Conoce a los inmigrantes europeos de Valpara\u00edso en \u201cConectando Historia y Patrimonio\u201d\",\"datePublished\":\"2016-06-06T04:00:00+00:00\",\"dateModified\":\"2019-05-20T16:59:35+00:00\",\"mainEntityOfPage\":{\"@id\":\"https:\/\/explora.cl\/valparaiso\/conoce-a-los-inmigrantes-europeos-de-valparaiso-en-conectando-historia-y-patrimonio\/\"},\"wordCount\":406,\"commentCount\":0,\"publisher\":{\"@id\":\"https:\/\/explora.cl\/valparaiso\/#organization\"},\"image\":{\"@id\":\"https:\/\/explora.cl\/valparaiso\/conoce-a-los-inmigrantes-europeos-de-valparaiso-en-conectando-historia-y-patrimonio\/#primaryimage\"},\"thumbnailUrl\":\"https:\/\/explora.cl\/valparaiso\/wp-content\/uploads\/sites\/7\/2018\/06\/Junio-MHNV.png\",\"articleSection\":[\"Noticias\"],\"inLanguage\":\"es-CL\",\"potentialAction\":[{\"@type\":\"CommentAction\",\"name\":\"Comment\",\"target\":[\"https:\/\/explora.cl\/valparaiso\/conoce-a-los-inmigrantes-europeos-de-valparaiso-en-conectando-historia-y-patrimonio\/#respond\"]}]},{\"@type\":\"WebPage\",\"@id\":\"https:\/\/explora.cl\/valparaiso\/conoce-a-los-inmigrantes-europeos-de-valparaiso-en-conectando-historia-y-patrimonio\/\",\"url\":\"https:\/\/explora.cl\/valparaiso\/conoce-a-los-inmigrantes-europeos-de-valparaiso-en-conectando-historia-y-patrimonio\/\",\"name\":\"Conoce a los inmigrantes europeos de Valpara\u00edso en \u201cConectando Historia y Patrimonio\u201d - Valpara\u00edso\",\"isPartOf\":{\"@id\":\"https:\/\/explora.cl\/valparaiso\/#website\"},\"primaryImageOfPage\":{\"@id\":\"https:\/\/explora.cl\/valparaiso\/conoce-a-los-inmigrantes-europeos-de-valparaiso-en-conectando-historia-y-patrimonio\/#primaryimage\"},\"image\":{\"@id\":\"https:\/\/explora.cl\/valparaiso\/conoce-a-los-inmigrantes-europeos-de-valparaiso-en-conectando-historia-y-patrimonio\/#primaryimage\"},\"thumbnailUrl\":\"https:\/\/explora.cl\/valparaiso\/wp-content\/uploads\/sites\/7\/2018\/06\/Junio-MHNV.png\",\"datePublished\":\"2016-06-06T04:00:00+00:00\",\"dateModified\":\"2019-05-20T16:59:35+00:00\",\"breadcrumb\":{\"@id\":\"https:\/\/explora.cl\/valparaiso\/conoce-a-los-inmigrantes-europeos-de-valparaiso-en-conectando-historia-y-patrimonio\/#breadcrumb\"},\"inLanguage\":\"es-CL\",\"potentialAction\":[{\"@type\":\"ReadAction\",\"target\":[\"https:\/\/explora.cl\/valparaiso\/conoce-a-los-inmigrantes-europeos-de-valparaiso-en-conectando-historia-y-patrimonio\/\"]}]},{\"@type\":\"ImageObject\",\"inLanguage\":\"es-CL\",\"@id\":\"https:\/\/explora.cl\/valparaiso\/conoce-a-los-inmigrantes-europeos-de-valparaiso-en-conectando-historia-y-patrimonio\/#primaryimage\",\"url\":\"https:\/\/explora.cl\/valparaiso\/wp-content\/uploads\/sites\/7\/2018\/06\/Junio-MHNV.png\",\"contentUrl\":\"https:\/\/explora.cl\/valparaiso\/wp-content\/uploads\/sites\/7\/2018\/06\/Junio-MHNV.png\",\"width\":800,\"height\":1314},{\"@type\":\"BreadcrumbList\",\"@id\":\"https:\/\/explora.cl\/valparaiso\/conoce-a-los-inmigrantes-europeos-de-valparaiso-en-conectando-historia-y-patrimonio\/#breadcrumb\",\"itemListElement\":[{\"@type\":\"ListItem\",\"position\":1,\"name\":\"Portada\",\"item\":\"https:\/\/explora.cl\/valparaiso\/\"},{\"@type\":\"ListItem\",\"position\":2,\"name\":\"Conoce a los inmigrantes europeos de Valpara\u00edso en \u201cConectando Historia y Patrimonio\u201d\"}]},{\"@type\":\"WebSite\",\"@id\":\"https:\/\/explora.cl\/valparaiso\/#website\",\"url\":\"https:\/\/explora.cl\/valparaiso\/\",\"name\":\"Valpara\u00edso\",\"description\":\"Otro sitio m\u00e1s de explora.cl\",\"publisher\":{\"@id\":\"https:\/\/explora.cl\/valparaiso\/#organization\"},\"potentialAction\":[{\"@type\":\"SearchAction\",\"target\":{\"@type\":\"EntryPoint\",\"urlTemplate\":\"https:\/\/explora.cl\/valparaiso\/?s={search_term_string}\"},\"query-input\":{\"@type\":\"PropertyValueSpecification\",\"valueRequired\":true,\"valueName\":\"search_term_string\"}}],\"inLanguage\":\"es-CL\"},{\"@type\":\"Organization\",\"@id\":\"https:\/\/explora.cl\/valparaiso\/#organization\",\"name\":\"Valpara\u00edso\",\"url\":\"https:\/\/explora.cl\/valparaiso\/\",\"logo\":{\"@type\":\"ImageObject\",\"inLanguage\":\"es-CL\",\"@id\":\"https:\/\/explora.cl\/valparaiso\/#\/schema\/logo\/image\/\",\"url\":\"https:\/\/explora.cl\/valparaiso\/wp-content\/uploads\/sites\/7\/2019\/06\/cropped-logo-explora-color.jpg\",\"contentUrl\":\"https:\/\/explora.cl\/valparaiso\/wp-content\/uploads\/sites\/7\/2019\/06\/cropped-logo-explora-color.jpg\",\"width\":2035,\"height\":584,\"caption\":\"Valpara\u00edso\"},\"image\":{\"@id\":\"https:\/\/explora.cl\/valparaiso\/#\/schema\/logo\/image\/\"}},{\"@type\":\"Person\",\"@id\":\"https:\/\/explora.cl\/valparaiso\/#\/schema\/person\/cb8349c13ea2d324080adf8480d7ba5d\",\"name\":\"webman\",\"image\":{\"@type\":\"ImageObject\",\"inLanguage\":\"es-CL\",\"@id\":\"https:\/\/explora.cl\/valparaiso\/#\/schema\/person\/image\/\",\"url\":\"https:\/\/secure.gravatar.com\/avatar\/eeff3c82f2c02f7177d13663b7e6f890e9a6a0647ce9bb29cae02dcb094c7312?s=96&d=mm&r=g\",\"contentUrl\":\"https:\/\/secure.gravatar.com\/avatar\/eeff3c82f2c02f7177d13663b7e6f890e9a6a0647ce9bb29cae02dcb094c7312?s=96&d=mm&r=g\",\"caption\":\"webman\"},\"url\":\"https:\/\/explora.cl\/valparaiso\/author\/webman\/\"}]}<\/script>\n<!-- \/ Yoast SEO plugin. -->","yoast_head_json":{"title":"Conoce a los inmigrantes europeos de Valpara\u00edso en \u201cConectando Historia y Patrimonio\u201d - Valpara\u00edso","robots":{"index":"index","follow":"follow","max-snippet":"max-snippet:-1","max-image-preview":"max-image-preview:large","max-video-preview":"max-video-preview:-1"},"canonical":"https:\/\/explora.cl\/valparaiso\/conoce-a-los-inmigrantes-europeos-de-valparaiso-en-conectando-historia-y-patrimonio\/","og_locale":"es_ES","og_type":"article","og_title":"Conoce a los inmigrantes europeos de Valpara\u00edso en \u201cConectando Historia y Patrimonio\u201d - Valpara\u00edso","og_description":"El jueves 9 de junio a las 18:00 Baldomero Estrada nos compartir\u00e1 sus conocimientos acerca de la inmigraci\u00f3n del viejo continente desde el fines del siglo XIX en el ciclo del PAR Explora de CONICYT Valpara\u00edso y el Museo de Historia Natural de Valpara\u00edso. \u00a0 Valpara\u00edso, centro de comercio y de oportunidades. Cientos de extranjeros [&hellip;]","og_url":"https:\/\/explora.cl\/valparaiso\/conoce-a-los-inmigrantes-europeos-de-valparaiso-en-conectando-historia-y-patrimonio\/","og_site_name":"Valpara\u00edso","article_published_time":"2016-06-06T04:00:00+00:00","article_modified_time":"2019-05-20T16:59:35+00:00","og_image":[{"width":800,"height":1314,"url":"https:\/\/explora.cl\/valparaiso\/wp-content\/uploads\/sites\/7\/2018\/06\/Junio-MHNV.png","type":"image\/png"}],"author":"webman","twitter_card":"summary_large_image","twitter_misc":{"Escrito por":"webman","Tiempo estimado de lectura":"2 minutos"},"schema":{"@context":"https:\/\/schema.org","@graph":[{"@type":"Article","@id":"https:\/\/explora.cl\/valparaiso\/conoce-a-los-inmigrantes-europeos-de-valparaiso-en-conectando-historia-y-patrimonio\/#article","isPartOf":{"@id":"https:\/\/explora.cl\/valparaiso\/conoce-a-los-inmigrantes-europeos-de-valparaiso-en-conectando-historia-y-patrimonio\/"},"author":{"name":"webman","@id":"https:\/\/explora.cl\/valparaiso\/#\/schema\/person\/cb8349c13ea2d324080adf8480d7ba5d"},"headline":"Conoce a los inmigrantes europeos de Valpara\u00edso en \u201cConectando Historia y Patrimonio\u201d","datePublished":"2016-06-06T04:00:00+00:00","dateModified":"2019-05-20T16:59:35+00:00","mainEntityOfPage":{"@id":"https:\/\/explora.cl\/valparaiso\/conoce-a-los-inmigrantes-europeos-de-valparaiso-en-conectando-historia-y-patrimonio\/"},"wordCount":406,"commentCount":0,"publisher":{"@id":"https:\/\/explora.cl\/valparaiso\/#organization"},"image":{"@id":"https:\/\/explora.cl\/valparaiso\/conoce-a-los-inmigrantes-europeos-de-valparaiso-en-conectando-historia-y-patrimonio\/#primaryimage"},"thumbnailUrl":"https:\/\/explora.cl\/valparaiso\/wp-content\/uploads\/sites\/7\/2018\/06\/Junio-MHNV.png","articleSection":["Noticias"],"inLanguage":"es-CL","potentialAction":[{"@type":"CommentAction","name":"Comment","target":["https:\/\/explora.cl\/valparaiso\/conoce-a-los-inmigrantes-europeos-de-valparaiso-en-conectando-historia-y-patrimonio\/#respond"]}]},{"@type":"WebPage","@id":"https:\/\/explora.cl\/valparaiso\/conoce-a-los-inmigrantes-europeos-de-valparaiso-en-conectando-historia-y-patrimonio\/","url":"https:\/\/explora.cl\/valparaiso\/conoce-a-los-inmigrantes-europeos-de-valparaiso-en-conectando-historia-y-patrimonio\/","name":"Conoce a los inmigrantes europeos de Valpara\u00edso en \u201cConectando Historia y Patrimonio\u201d - Valpara\u00edso","isPartOf":{"@id":"https:\/\/explora.cl\/valparaiso\/#website"},"primaryImageOfPage":{"@id":"https:\/\/explora.cl\/valparaiso\/conoce-a-los-inmigrantes-europeos-de-valparaiso-en-conectando-historia-y-patrimonio\/#primaryimage"},"image":{"@id":"https:\/\/explora.cl\/valparaiso\/conoce-a-los-inmigrantes-europeos-de-valparaiso-en-conectando-historia-y-patrimonio\/#primaryimage"},"thumbnailUrl":"https:\/\/explora.cl\/valparaiso\/wp-content\/uploads\/sites\/7\/2018\/06\/Junio-MHNV.png","datePublished":"2016-06-06T04:00:00+00:00","dateModified":"2019-05-20T16:59:35+00:00","breadcrumb":{"@id":"https:\/\/explora.cl\/valparaiso\/conoce-a-los-inmigrantes-europeos-de-valparaiso-en-conectando-historia-y-patrimonio\/#breadcrumb"},"inLanguage":"es-CL","potentialAction":[{"@type":"ReadAction","target":["https:\/\/explora.cl\/valparaiso\/conoce-a-los-inmigrantes-europeos-de-valparaiso-en-conectando-historia-y-patrimonio\/"]}]},{"@type":"ImageObject","inLanguage":"es-CL","@id":"https:\/\/explora.cl\/valparaiso\/conoce-a-los-inmigrantes-europeos-de-valparaiso-en-conectando-historia-y-patrimonio\/#primaryimage","url":"https:\/\/explora.cl\/valparaiso\/wp-content\/uploads\/sites\/7\/2018\/06\/Junio-MHNV.png","contentUrl":"https:\/\/explora.cl\/valparaiso\/wp-content\/uploads\/sites\/7\/2018\/06\/Junio-MHNV.png","width":800,"height":1314},{"@type":"BreadcrumbList","@id":"https:\/\/explora.cl\/valparaiso\/conoce-a-los-inmigrantes-europeos-de-valparaiso-en-conectando-historia-y-patrimonio\/#breadcrumb","itemListElement":[{"@type":"ListItem","position":1,"name":"Portada","item":"https:\/\/explora.cl\/valparaiso\/"},{"@type":"ListItem","position":2,"name":"Conoce a los inmigrantes europeos de Valpara\u00edso en \u201cConectando Historia y Patrimonio\u201d"}]},{"@type":"WebSite","@id":"https:\/\/explora.cl\/valparaiso\/#website","url":"https:\/\/explora.cl\/valparaiso\/","name":"Valpara\u00edso","description":"Otro sitio m\u00e1s de explora.cl","publisher":{"@id":"https:\/\/explora.cl\/valparaiso\/#organization"},"potentialAction":[{"@type":"SearchAction","target":{"@type":"EntryPoint","urlTemplate":"https:\/\/explora.cl\/valparaiso\/?s={search_term_string}"},"query-input":{"@type":"PropertyValueSpecification","valueRequired":true,"valueName":"search_term_string"}}],"inLanguage":"es-CL"},{"@type":"Organization","@id":"https:\/\/explora.cl\/valparaiso\/#organization","name":"Valpara\u00edso","url":"https:\/\/explora.cl\/valparaiso\/","logo":{"@type":"ImageObject","inLanguage":"es-CL","@id":"https:\/\/explora.cl\/valparaiso\/#\/schema\/logo\/image\/","url":"https:\/\/explora.cl\/valparaiso\/wp-content\/uploads\/sites\/7\/2019\/06\/cropped-logo-explora-color.jpg","contentUrl":"https:\/\/explora.cl\/valparaiso\/wp-content\/uploads\/sites\/7\/2019\/06\/cropped-logo-explora-color.jpg","width":2035,"height":584,"caption":"Valpara\u00edso"},"image":{"@id":"https:\/\/explora.cl\/valparaiso\/#\/schema\/logo\/image\/"}},{"@type":"Person","@id":"https:\/\/explora.cl\/valparaiso\/#\/schema\/person\/cb8349c13ea2d324080adf8480d7ba5d","name":"webman","image":{"@type":"ImageObject","inLanguage":"es-CL","@id":"https:\/\/explora.cl\/valparaiso\/#\/schema\/person\/image\/","url":"https:\/\/secure.gravatar.com\/avatar\/eeff3c82f2c02f7177d13663b7e6f890e9a6a0647ce9bb29cae02dcb094c7312?s=96&d=mm&r=g","contentUrl":"https:\/\/secure.gravatar.com\/avatar\/eeff3c82f2c02f7177d13663b7e6f890e9a6a0647ce9bb29cae02dcb094c7312?s=96&d=mm&r=g","caption":"webman"},"url":"https:\/\/explora.cl\/valparaiso\/author\/webman\/"}]}},"_links":{"self":[{"href":"https:\/\/explora.cl\/valparaiso\/wp-json\/wp\/v2\/posts\/32438","targetHints":{"allow":["GET"]}}],"collection":[{"href":"https:\/\/explora.cl\/valparaiso\/wp-json\/wp\/v2\/posts"}],"about":[{"href":"https:\/\/explora.cl\/valparaiso\/wp-json\/wp\/v2\/types\/post"}],"author":[{"embeddable":true,"href":"https:\/\/explora.cl\/valparaiso\/wp-json\/wp\/v2\/users\/2"}],"replies":[{"embeddable":true,"href":"https:\/\/explora.cl\/valparaiso\/wp-json\/wp\/v2\/comments?post=32438"}],"version-history":[{"count":1,"href":"https:\/\/explora.cl\/valparaiso\/wp-json\/wp\/v2\/posts\/32438\/revisions"}],"predecessor-version":[{"id":38665,"href":"https:\/\/explora.cl\/valparaiso\/wp-json\/wp\/v2\/posts\/32438\/revisions\/38665"}],"wp:featuredmedia":[{"embeddable":true,"href":"https:\/\/explora.cl\/valparaiso\/wp-json\/wp\/v2\/media\/32439"}],"wp:attachment":[{"href":"https:\/\/explora.cl\/valparaiso\/wp-json\/wp\/v2\/media?parent=32438"}],"wp:term":[{"taxonomy":"category","embeddable":true,"href":"https:\/\/explora.cl\/valparaiso\/wp-json\/wp\/v2\/categories?post=32438"},{"taxonomy":"post_tag","embeddable":true,"href":"https:\/\/explora.cl\/valparaiso\/wp-json\/wp\/v2\/tags?post=32438"}],"curies":[{"name":"wp","href":"https:\/\/api.w.org\/{rel}","templated":true}]}}