{"id":40304,"date":"2025-03-22T11:09:10","date_gmt":"2025-03-22T14:09:10","guid":{"rendered":"https:\/\/explora.cl\/tarapaca\/?p=40304"},"modified":"2026-02-09T11:20:33","modified_gmt":"2026-02-09T14:20:33","slug":"37-educadoras-de-parvulo-de-la-region-se-capacitan-para-impartir-ciencia-y-tecnologia","status":"publish","type":"post","link":"https:\/\/explora.cl\/tarapaca\/37-educadoras-de-parvulo-de-la-region-se-capacitan-para-impartir-ciencia-y-tecnologia\/","title":{"rendered":"37 EDUCADORAS DE P\u00c1RVULO DE LA REGI\u00d3N SE CAPACITAN PARA IMPARTIR CIENCIA Y TECNOLOG\u00cdA"},"content":{"rendered":"<p>Con un alcance territorial de un 100%, 37 educadoras de 22 jardines infantiles de las siete comunas de la regi\u00f3n de Tarapac\u00e1 comenzaron su capacitaci\u00f3n en ciencia, tecnolog\u00eda y artes en el marco del Programa de Indagaci\u00f3n para Primeras Edades PIPE 2025-2026.<\/p>\n<p>Una iniciativa gratuita del PAR Explora Tarapac\u00e1, que apunta a reforzar competencias y entregar herramientas, de forma did\u00e1ctica y con salidas pedag\u00f3gicas, a profesionales que se desempe\u00f1an con la primera infancia, con la finalidad de incentivar la curiosidad, la exploraci\u00f3n del entorno y la valoraci\u00f3n de las ciencias en los p\u00e1rvulos.<\/p>\n<p>Establecimientos educacionales de caletas y poblados del interior, adem\u00e1s del el aula hospitalaria y la sala cuna del centro de cumplimiento penitenciario de mujeres de Alto Hospicio tambi\u00e9n se sumaron a esta versi\u00f3n de PIPE.<\/p>\n<p>Carmen Roque, educadora de p\u00e1rvulos del Liceo T\u00e9cnico Profesional Colchane, valor\u00f3 la descentralizaci\u00f3n del programa. \u201cMe parece muy interesante ya que los ni\u00f1os de Colchane viven otra realidad porque son de la cultura aymara y es muy bueno que ellos vayan conociendo otras realidades, como de la ciudad, por ejemplo. Creo que la capacitaci\u00f3n es muy importante porque al yo aprender e interiorizarme de nuevas cosas, puedo despu\u00e9s traspasarse a los ni\u00f1os para que ellos tambi\u00e9n vayan aprendiendo cosas nuevas\u201d, sostuvo.<\/p>\n<p>Su par, la educadora Tracy Cisternas, del jard\u00edn infantil Estrellas del Desierto de Huara, manifest\u00f3 que \u201cEsta participaci\u00f3n es muy importante, ya que estas habilidades se las podremos presentar a nuestras compa\u00f1eras de trabajo y tambi\u00e9n a los ni\u00f1os e incentivarlos para que tengan una mentalidad m\u00e1s abierta para poder trabajar en las ciencias\u201d, manifest\u00f3.<\/p>\n<p>\u201cSiempre es importante aprender cosas nuevas, es la primera vez que participo en PIPE y la capacitaci\u00f3n me pareci\u00f3 s\u00faper interesante, m\u00e1s a\u00fan si despu\u00e9s debo exponerles a todas las colegas de mi jard\u00edn\u201d, indic\u00f3 por su parte Alejandra Ponce, educadora del jard\u00edn infantil Santa Catalina de Alto Hospicio.<\/p>\n<p>Las capacitaciones PIPE contar\u00e1n con la participaci\u00f3n de destacados investigadores e investigadoras de universidades nacionales y locales, adem\u00e1s de expertos en diferentes \u00e1reas. Asimismo, las educadoras participar\u00e1n de una salida pedag\u00f3gica a Pisagua, donde se interiorizar\u00e1n sobre historia, biodiversidad y territorio.<\/p>\n<p>\u201cEntre las misiones que nos pusimos en este periodo de ejecuci\u00f3n, una de las principales fue reforzar nuestros lazos con instituciones claves para nosotros, como son Junji y<\/p>\n<p>Fundaci\u00f3n Integra, principalmente con sus jardines VTF y los m\u00e1s alejados de la regi\u00f3n\u201d, coment\u00f3 el director del PAR Explora Tarapac\u00e1, Waldo Palacio.<\/p>\n<p>\u201cEste PIPE 2025-2026 viene con una serie de mejoras, las que apuntan a generar un impacto m\u00e1s significativo a la hora de adquirir de mejor manera nuevas competencias\u201d, explic\u00f3 Palacio.<\/p>\n<p>&nbsp;<\/p>\n","protected":false},"excerpt":{"rendered":"<p>Con un alcance territorial de un 100%, 37 educadoras de 22 jardines infantiles de las siete comunas de la regi\u00f3n de Tarapac\u00e1 comenzaron su capacitaci\u00f3n en ciencia, tecnolog\u00eda y artes en el marco del Programa de Indagaci\u00f3n para Primeras Edades PIPE 2025-2026. Una iniciativa gratuita del PAR Explora Tarapac\u00e1, que apunta a reforzar competencias y [&hellip;]<\/p>\n","protected":false},"author":18,"featured_media":40305,"comment_status":"open","ping_status":"open","sticky":false,"template":"","format":"standard","meta":{"_acf_changed":false,"_exactmetrics_skip_tracking":false,"_exactmetrics_sitenote_active":false,"_exactmetrics_sitenote_note":"","_exactmetrics_sitenote_category":0,"footnotes":"","_links_to":"","_links_to_target":""},"categories":[140,4],"tags":[],"class_list":["post-40304","post","type-post","status-publish","format-standard","has-post-thumbnail","hentry","category-lugar-5","category-noticias"],"acf":[],"yoast_head":"<!-- This site is optimized with the Yoast SEO plugin v26.9 - https:\/\/yoast.com\/product\/yoast-seo-wordpress\/ -->\n<title>37 EDUCADORAS DE P\u00c1RVULO DE LA REGI\u00d3N SE CAPACITAN PARA IMPARTIR CIENCIA Y TECNOLOG\u00cdA - Tarapaca<\/title>\n<meta name=\"robots\" content=\"index, follow, max-snippet:-1, max-image-preview:large, max-video-preview:-1\" \/>\n<link rel=\"canonical\" href=\"https:\/\/explora.cl\/tarapaca\/37-educadoras-de-parvulo-de-la-region-se-capacitan-para-impartir-ciencia-y-tecnologia\/\" class=\"yoast-seo-meta-tag\" \/>\n<meta property=\"og:locale\" content=\"es_ES\" class=\"yoast-seo-meta-tag\" \/>\n<meta property=\"og:type\" content=\"article\" class=\"yoast-seo-meta-tag\" \/>\n<meta property=\"og:title\" content=\"37 EDUCADORAS DE P\u00c1RVULO DE LA REGI\u00d3N SE CAPACITAN PARA IMPARTIR CIENCIA Y TECNOLOG\u00cdA - Tarapaca\" class=\"yoast-seo-meta-tag\" \/>\n<meta property=\"og:description\" content=\"Con un alcance territorial de un 100%, 37 educadoras de 22 jardines infantiles de las siete comunas de la regi\u00f3n de Tarapac\u00e1 comenzaron su capacitaci\u00f3n en ciencia, tecnolog\u00eda y artes en el marco del Programa de Indagaci\u00f3n para Primeras Edades PIPE 2025-2026. Una iniciativa gratuita del PAR Explora Tarapac\u00e1, que apunta a reforzar competencias y [&hellip;]\" class=\"yoast-seo-meta-tag\" \/>\n<meta property=\"og:url\" content=\"https:\/\/explora.cl\/tarapaca\/37-educadoras-de-parvulo-de-la-region-se-capacitan-para-impartir-ciencia-y-tecnologia\/\" class=\"yoast-seo-meta-tag\" \/>\n<meta property=\"og:site_name\" content=\"Tarapaca\" class=\"yoast-seo-meta-tag\" \/>\n<meta property=\"article:published_time\" content=\"2025-03-22T14:09:10+00:00\" class=\"yoast-seo-meta-tag\" \/>\n<meta property=\"article:modified_time\" content=\"2026-02-09T14:20:33+00:00\" class=\"yoast-seo-meta-tag\" \/>\n<meta property=\"og:image\" content=\"https:\/\/explora.cl\/tarapaca\/wp-content\/uploads\/sites\/3\/2026\/02\/498204038_1260112609451745_333914795464993090_n.jpg\" class=\"yoast-seo-meta-tag\" \/>\n\t<meta property=\"og:image:width\" content=\"2048\" class=\"yoast-seo-meta-tag\" \/>\n\t<meta property=\"og:image:height\" content=\"1365\" class=\"yoast-seo-meta-tag\" \/>\n\t<meta property=\"og:image:type\" content=\"image\/jpeg\" class=\"yoast-seo-meta-tag\" \/>\n<meta name=\"author\" content=\"admintarapaca\" class=\"yoast-seo-meta-tag\" \/>\n<meta name=\"twitter:card\" content=\"summary_large_image\" class=\"yoast-seo-meta-tag\" \/>\n<meta name=\"twitter:label1\" content=\"Escrito por\" class=\"yoast-seo-meta-tag\" \/>\n\t<meta name=\"twitter:data1\" content=\"admintarapaca\" class=\"yoast-seo-meta-tag\" \/>\n\t<meta name=\"twitter:label2\" content=\"Tiempo estimado de lectura\" class=\"yoast-seo-meta-tag\" \/>\n\t<meta name=\"twitter:data2\" content=\"2 minutos\" class=\"yoast-seo-meta-tag\" \/>\n<script type=\"application\/ld+json\" class=\"yoast-schema-graph\">{\"@context\":\"https:\/\/schema.org\",\"@graph\":[{\"@type\":\"Article\",\"@id\":\"https:\/\/explora.cl\/tarapaca\/37-educadoras-de-parvulo-de-la-region-se-capacitan-para-impartir-ciencia-y-tecnologia\/#article\",\"isPartOf\":{\"@id\":\"https:\/\/explora.cl\/tarapaca\/37-educadoras-de-parvulo-de-la-region-se-capacitan-para-impartir-ciencia-y-tecnologia\/\"},\"author\":{\"name\":\"admintarapaca\",\"@id\":\"https:\/\/explora.cl\/tarapaca\/#\/schema\/person\/ca04f8a8f8e25243bd462d34eb1ca505\"},\"headline\":\"37 EDUCADORAS DE P\u00c1RVULO DE LA REGI\u00d3N SE CAPACITAN PARA IMPARTIR CIENCIA Y TECNOLOG\u00cdA\",\"datePublished\":\"2025-03-22T14:09:10+00:00\",\"dateModified\":\"2026-02-09T14:20:33+00:00\",\"mainEntityOfPage\":{\"@id\":\"https:\/\/explora.cl\/tarapaca\/37-educadoras-de-parvulo-de-la-region-se-capacitan-para-impartir-ciencia-y-tecnologia\/\"},\"wordCount\":494,\"commentCount\":0,\"image\":{\"@id\":\"https:\/\/explora.cl\/tarapaca\/37-educadoras-de-parvulo-de-la-region-se-capacitan-para-impartir-ciencia-y-tecnologia\/#primaryimage\"},\"thumbnailUrl\":\"https:\/\/explora.cl\/tarapaca\/wp-content\/uploads\/sites\/3\/2026\/02\/498204038_1260112609451745_333914795464993090_n.jpg\",\"articleSection\":[\"Lugar 5\",\"Noticias\"],\"inLanguage\":\"es-CL\",\"potentialAction\":[{\"@type\":\"CommentAction\",\"name\":\"Comment\",\"target\":[\"https:\/\/explora.cl\/tarapaca\/37-educadoras-de-parvulo-de-la-region-se-capacitan-para-impartir-ciencia-y-tecnologia\/#respond\"]}]},{\"@type\":\"WebPage\",\"@id\":\"https:\/\/explora.cl\/tarapaca\/37-educadoras-de-parvulo-de-la-region-se-capacitan-para-impartir-ciencia-y-tecnologia\/\",\"url\":\"https:\/\/explora.cl\/tarapaca\/37-educadoras-de-parvulo-de-la-region-se-capacitan-para-impartir-ciencia-y-tecnologia\/\",\"name\":\"37 EDUCADORAS DE P\u00c1RVULO DE LA REGI\u00d3N SE CAPACITAN PARA IMPARTIR CIENCIA Y TECNOLOG\u00cdA - Tarapaca\",\"isPartOf\":{\"@id\":\"https:\/\/explora.cl\/tarapaca\/#website\"},\"primaryImageOfPage\":{\"@id\":\"https:\/\/explora.cl\/tarapaca\/37-educadoras-de-parvulo-de-la-region-se-capacitan-para-impartir-ciencia-y-tecnologia\/#primaryimage\"},\"image\":{\"@id\":\"https:\/\/explora.cl\/tarapaca\/37-educadoras-de-parvulo-de-la-region-se-capacitan-para-impartir-ciencia-y-tecnologia\/#primaryimage\"},\"thumbnailUrl\":\"https:\/\/explora.cl\/tarapaca\/wp-content\/uploads\/sites\/3\/2026\/02\/498204038_1260112609451745_333914795464993090_n.jpg\",\"datePublished\":\"2025-03-22T14:09:10+00:00\",\"dateModified\":\"2026-02-09T14:20:33+00:00\",\"author\":{\"@id\":\"https:\/\/explora.cl\/tarapaca\/#\/schema\/person\/ca04f8a8f8e25243bd462d34eb1ca505\"},\"breadcrumb\":{\"@id\":\"https:\/\/explora.cl\/tarapaca\/37-educadoras-de-parvulo-de-la-region-se-capacitan-para-impartir-ciencia-y-tecnologia\/#breadcrumb\"},\"inLanguage\":\"es-CL\",\"potentialAction\":[{\"@type\":\"ReadAction\",\"target\":[\"https:\/\/explora.cl\/tarapaca\/37-educadoras-de-parvulo-de-la-region-se-capacitan-para-impartir-ciencia-y-tecnologia\/\"]}]},{\"@type\":\"ImageObject\",\"inLanguage\":\"es-CL\",\"@id\":\"https:\/\/explora.cl\/tarapaca\/37-educadoras-de-parvulo-de-la-region-se-capacitan-para-impartir-ciencia-y-tecnologia\/#primaryimage\",\"url\":\"https:\/\/explora.cl\/tarapaca\/wp-content\/uploads\/sites\/3\/2026\/02\/498204038_1260112609451745_333914795464993090_n.jpg\",\"contentUrl\":\"https:\/\/explora.cl\/tarapaca\/wp-content\/uploads\/sites\/3\/2026\/02\/498204038_1260112609451745_333914795464993090_n.jpg\",\"width\":2048,\"height\":1365},{\"@type\":\"BreadcrumbList\",\"@id\":\"https:\/\/explora.cl\/tarapaca\/37-educadoras-de-parvulo-de-la-region-se-capacitan-para-impartir-ciencia-y-tecnologia\/#breadcrumb\",\"itemListElement\":[{\"@type\":\"ListItem\",\"position\":1,\"name\":\"Portada\",\"item\":\"https:\/\/explora.cl\/tarapaca\/\"},{\"@type\":\"ListItem\",\"position\":2,\"name\":\"37 EDUCADORAS DE P\u00c1RVULO DE LA REGI\u00d3N SE CAPACITAN PARA IMPARTIR CIENCIA Y TECNOLOG\u00cdA\"}]},{\"@type\":\"WebSite\",\"@id\":\"https:\/\/explora.cl\/tarapaca\/#website\",\"url\":\"https:\/\/explora.cl\/tarapaca\/\",\"name\":\"Tarapaca\",\"description\":\"Otro sitio m\u00e1s de explora.cl\",\"potentialAction\":[{\"@type\":\"SearchAction\",\"target\":{\"@type\":\"EntryPoint\",\"urlTemplate\":\"https:\/\/explora.cl\/tarapaca\/?s={search_term_string}\"},\"query-input\":{\"@type\":\"PropertyValueSpecification\",\"valueRequired\":true,\"valueName\":\"search_term_string\"}}],\"inLanguage\":\"es-CL\"},{\"@type\":\"Person\",\"@id\":\"https:\/\/explora.cl\/tarapaca\/#\/schema\/person\/ca04f8a8f8e25243bd462d34eb1ca505\",\"name\":\"admintarapaca\",\"image\":{\"@type\":\"ImageObject\",\"inLanguage\":\"es-CL\",\"@id\":\"https:\/\/explora.cl\/tarapaca\/#\/schema\/person\/image\/\",\"url\":\"https:\/\/secure.gravatar.com\/avatar\/8ff4762fabbf7a1732a126425c82d628f08ba754529d77a55358cbb74e14343f?s=96&d=mm&r=g\",\"contentUrl\":\"https:\/\/secure.gravatar.com\/avatar\/8ff4762fabbf7a1732a126425c82d628f08ba754529d77a55358cbb74e14343f?s=96&d=mm&r=g\",\"caption\":\"admintarapaca\"},\"url\":\"https:\/\/explora.cl\/tarapaca\/author\/dolivares\/\"}]}<\/script>\n<!-- \/ Yoast SEO plugin. -->","yoast_head_json":{"title":"37 EDUCADORAS DE P\u00c1RVULO DE LA REGI\u00d3N SE CAPACITAN PARA IMPARTIR CIENCIA Y TECNOLOG\u00cdA - Tarapaca","robots":{"index":"index","follow":"follow","max-snippet":"max-snippet:-1","max-image-preview":"max-image-preview:large","max-video-preview":"max-video-preview:-1"},"canonical":"https:\/\/explora.cl\/tarapaca\/37-educadoras-de-parvulo-de-la-region-se-capacitan-para-impartir-ciencia-y-tecnologia\/","og_locale":"es_ES","og_type":"article","og_title":"37 EDUCADORAS DE P\u00c1RVULO DE LA REGI\u00d3N SE CAPACITAN PARA IMPARTIR CIENCIA Y TECNOLOG\u00cdA - Tarapaca","og_description":"Con un alcance territorial de un 100%, 37 educadoras de 22 jardines infantiles de las siete comunas de la regi\u00f3n de Tarapac\u00e1 comenzaron su capacitaci\u00f3n en ciencia, tecnolog\u00eda y artes en el marco del Programa de Indagaci\u00f3n para Primeras Edades PIPE 2025-2026. Una iniciativa gratuita del PAR Explora Tarapac\u00e1, que apunta a reforzar competencias y [&hellip;]","og_url":"https:\/\/explora.cl\/tarapaca\/37-educadoras-de-parvulo-de-la-region-se-capacitan-para-impartir-ciencia-y-tecnologia\/","og_site_name":"Tarapaca","article_published_time":"2025-03-22T14:09:10+00:00","article_modified_time":"2026-02-09T14:20:33+00:00","og_image":[{"width":2048,"height":1365,"url":"https:\/\/explora.cl\/tarapaca\/wp-content\/uploads\/sites\/3\/2026\/02\/498204038_1260112609451745_333914795464993090_n.jpg","type":"image\/jpeg"}],"author":"admintarapaca","twitter_card":"summary_large_image","twitter_misc":{"Escrito por":"admintarapaca","Tiempo estimado de lectura":"2 minutos"},"schema":{"@context":"https:\/\/schema.org","@graph":[{"@type":"Article","@id":"https:\/\/explora.cl\/tarapaca\/37-educadoras-de-parvulo-de-la-region-se-capacitan-para-impartir-ciencia-y-tecnologia\/#article","isPartOf":{"@id":"https:\/\/explora.cl\/tarapaca\/37-educadoras-de-parvulo-de-la-region-se-capacitan-para-impartir-ciencia-y-tecnologia\/"},"author":{"name":"admintarapaca","@id":"https:\/\/explora.cl\/tarapaca\/#\/schema\/person\/ca04f8a8f8e25243bd462d34eb1ca505"},"headline":"37 EDUCADORAS DE P\u00c1RVULO DE LA REGI\u00d3N SE CAPACITAN PARA IMPARTIR CIENCIA Y TECNOLOG\u00cdA","datePublished":"2025-03-22T14:09:10+00:00","dateModified":"2026-02-09T14:20:33+00:00","mainEntityOfPage":{"@id":"https:\/\/explora.cl\/tarapaca\/37-educadoras-de-parvulo-de-la-region-se-capacitan-para-impartir-ciencia-y-tecnologia\/"},"wordCount":494,"commentCount":0,"image":{"@id":"https:\/\/explora.cl\/tarapaca\/37-educadoras-de-parvulo-de-la-region-se-capacitan-para-impartir-ciencia-y-tecnologia\/#primaryimage"},"thumbnailUrl":"https:\/\/explora.cl\/tarapaca\/wp-content\/uploads\/sites\/3\/2026\/02\/498204038_1260112609451745_333914795464993090_n.jpg","articleSection":["Lugar 5","Noticias"],"inLanguage":"es-CL","potentialAction":[{"@type":"CommentAction","name":"Comment","target":["https:\/\/explora.cl\/tarapaca\/37-educadoras-de-parvulo-de-la-region-se-capacitan-para-impartir-ciencia-y-tecnologia\/#respond"]}]},{"@type":"WebPage","@id":"https:\/\/explora.cl\/tarapaca\/37-educadoras-de-parvulo-de-la-region-se-capacitan-para-impartir-ciencia-y-tecnologia\/","url":"https:\/\/explora.cl\/tarapaca\/37-educadoras-de-parvulo-de-la-region-se-capacitan-para-impartir-ciencia-y-tecnologia\/","name":"37 EDUCADORAS DE P\u00c1RVULO DE LA REGI\u00d3N SE CAPACITAN PARA IMPARTIR CIENCIA Y TECNOLOG\u00cdA - Tarapaca","isPartOf":{"@id":"https:\/\/explora.cl\/tarapaca\/#website"},"primaryImageOfPage":{"@id":"https:\/\/explora.cl\/tarapaca\/37-educadoras-de-parvulo-de-la-region-se-capacitan-para-impartir-ciencia-y-tecnologia\/#primaryimage"},"image":{"@id":"https:\/\/explora.cl\/tarapaca\/37-educadoras-de-parvulo-de-la-region-se-capacitan-para-impartir-ciencia-y-tecnologia\/#primaryimage"},"thumbnailUrl":"https:\/\/explora.cl\/tarapaca\/wp-content\/uploads\/sites\/3\/2026\/02\/498204038_1260112609451745_333914795464993090_n.jpg","datePublished":"2025-03-22T14:09:10+00:00","dateModified":"2026-02-09T14:20:33+00:00","author":{"@id":"https:\/\/explora.cl\/tarapaca\/#\/schema\/person\/ca04f8a8f8e25243bd462d34eb1ca505"},"breadcrumb":{"@id":"https:\/\/explora.cl\/tarapaca\/37-educadoras-de-parvulo-de-la-region-se-capacitan-para-impartir-ciencia-y-tecnologia\/#breadcrumb"},"inLanguage":"es-CL","potentialAction":[{"@type":"ReadAction","target":["https:\/\/explora.cl\/tarapaca\/37-educadoras-de-parvulo-de-la-region-se-capacitan-para-impartir-ciencia-y-tecnologia\/"]}]},{"@type":"ImageObject","inLanguage":"es-CL","@id":"https:\/\/explora.cl\/tarapaca\/37-educadoras-de-parvulo-de-la-region-se-capacitan-para-impartir-ciencia-y-tecnologia\/#primaryimage","url":"https:\/\/explora.cl\/tarapaca\/wp-content\/uploads\/sites\/3\/2026\/02\/498204038_1260112609451745_333914795464993090_n.jpg","contentUrl":"https:\/\/explora.cl\/tarapaca\/wp-content\/uploads\/sites\/3\/2026\/02\/498204038_1260112609451745_333914795464993090_n.jpg","width":2048,"height":1365},{"@type":"BreadcrumbList","@id":"https:\/\/explora.cl\/tarapaca\/37-educadoras-de-parvulo-de-la-region-se-capacitan-para-impartir-ciencia-y-tecnologia\/#breadcrumb","itemListElement":[{"@type":"ListItem","position":1,"name":"Portada","item":"https:\/\/explora.cl\/tarapaca\/"},{"@type":"ListItem","position":2,"name":"37 EDUCADORAS DE P\u00c1RVULO DE LA REGI\u00d3N SE CAPACITAN PARA IMPARTIR CIENCIA Y TECNOLOG\u00cdA"}]},{"@type":"WebSite","@id":"https:\/\/explora.cl\/tarapaca\/#website","url":"https:\/\/explora.cl\/tarapaca\/","name":"Tarapaca","description":"Otro sitio m\u00e1s de explora.cl","potentialAction":[{"@type":"SearchAction","target":{"@type":"EntryPoint","urlTemplate":"https:\/\/explora.cl\/tarapaca\/?s={search_term_string}"},"query-input":{"@type":"PropertyValueSpecification","valueRequired":true,"valueName":"search_term_string"}}],"inLanguage":"es-CL"},{"@type":"Person","@id":"https:\/\/explora.cl\/tarapaca\/#\/schema\/person\/ca04f8a8f8e25243bd462d34eb1ca505","name":"admintarapaca","image":{"@type":"ImageObject","inLanguage":"es-CL","@id":"https:\/\/explora.cl\/tarapaca\/#\/schema\/person\/image\/","url":"https:\/\/secure.gravatar.com\/avatar\/8ff4762fabbf7a1732a126425c82d628f08ba754529d77a55358cbb74e14343f?s=96&d=mm&r=g","contentUrl":"https:\/\/secure.gravatar.com\/avatar\/8ff4762fabbf7a1732a126425c82d628f08ba754529d77a55358cbb74e14343f?s=96&d=mm&r=g","caption":"admintarapaca"},"url":"https:\/\/explora.cl\/tarapaca\/author\/dolivares\/"}]}},"_links":{"self":[{"href":"https:\/\/explora.cl\/tarapaca\/wp-json\/wp\/v2\/posts\/40304","targetHints":{"allow":["GET"]}}],"collection":[{"href":"https:\/\/explora.cl\/tarapaca\/wp-json\/wp\/v2\/posts"}],"about":[{"href":"https:\/\/explora.cl\/tarapaca\/wp-json\/wp\/v2\/types\/post"}],"author":[{"embeddable":true,"href":"https:\/\/explora.cl\/tarapaca\/wp-json\/wp\/v2\/users\/18"}],"replies":[{"embeddable":true,"href":"https:\/\/explora.cl\/tarapaca\/wp-json\/wp\/v2\/comments?post=40304"}],"version-history":[{"count":1,"href":"https:\/\/explora.cl\/tarapaca\/wp-json\/wp\/v2\/posts\/40304\/revisions"}],"predecessor-version":[{"id":40306,"href":"https:\/\/explora.cl\/tarapaca\/wp-json\/wp\/v2\/posts\/40304\/revisions\/40306"}],"wp:featuredmedia":[{"embeddable":true,"href":"https:\/\/explora.cl\/tarapaca\/wp-json\/wp\/v2\/media\/40305"}],"wp:attachment":[{"href":"https:\/\/explora.cl\/tarapaca\/wp-json\/wp\/v2\/media?parent=40304"}],"wp:term":[{"taxonomy":"category","embeddable":true,"href":"https:\/\/explora.cl\/tarapaca\/wp-json\/wp\/v2\/categories?post=40304"},{"taxonomy":"post_tag","embeddable":true,"href":"https:\/\/explora.cl\/tarapaca\/wp-json\/wp\/v2\/tags?post=40304"}],"curies":[{"name":"wp","href":"https:\/\/api.w.org\/{rel}","templated":true}]}}