{"id":39907,"date":"2023-08-16T16:32:38","date_gmt":"2023-08-16T20:32:38","guid":{"rendered":"https:\/\/explora.cl\/tarapaca\/?p=39907"},"modified":"2023-08-16T16:34:47","modified_gmt":"2023-08-16T20:34:47","slug":"explora-tarapaca-capacita-a-35-profesionales-de-la-educacion-parvularia-en-ciencia-y-tecnologia","status":"publish","type":"post","link":"https:\/\/explora.cl\/tarapaca\/explora-tarapaca-capacita-a-35-profesionales-de-la-educacion-parvularia-en-ciencia-y-tecnologia\/","title":{"rendered":"EXPLORA TARAPAC\u00c1 CAPACITA A 35 PROFESIONALES DE LA EDUCACI\u00d3N PARVULARIA EN CIENCIA Y TECNOLOG\u00cdA"},"content":{"rendered":"<p><em><br \/>\n<img fetchpriority=\"high\" decoding=\"async\" class=\"size-medium wp-image-39913 alignleft\" src=\"https:\/\/explora.cl\/tarapaca\/wp-content\/uploads\/sites\/3\/2023\/08\/PIPE-FOTO-5-300x200.jpg\" alt=\"\" width=\"300\" height=\"200\" srcset=\"https:\/\/explora.cl\/tarapaca\/wp-content\/uploads\/sites\/3\/2023\/08\/PIPE-FOTO-5-300x200.jpg 300w, https:\/\/explora.cl\/tarapaca\/wp-content\/uploads\/sites\/3\/2023\/08\/PIPE-FOTO-5-768x513.jpg 768w, https:\/\/explora.cl\/tarapaca\/wp-content\/uploads\/sites\/3\/2023\/08\/PIPE-FOTO-5-1024x684.jpg 1024w, https:\/\/explora.cl\/tarapaca\/wp-content\/uploads\/sites\/3\/2023\/08\/PIPE-FOTO-5.jpg 2048w\" sizes=\"(max-width: 300px) 100vw, 300px\" \/><\/em><\/p>\n<p><em>Proceso, que es completamente gratuito, consta de 32 horas de capacitaci\u00f3n a cargo de destacados expertos locales y nacionales. En esta versi\u00f3n, participan establecimientos educacionales de las siete comunas de la regi\u00f3n. <\/em><\/p>\n<p>Un total de 35 profesionales de educaci\u00f3n parvularia de las siete comunas de la regi\u00f3n, comenzaron una completa capacitaci\u00f3n en ciencia y tecnolog\u00eda en el marco del Programa de Indagaci\u00f3n para Primeras Edades PIPE, impartido de forma gratuita por el PAR Explora Tarapac\u00e1.<\/p>\n<p>De esta forma, los equipos pedag\u00f3gicos de 19 establecimientos educacionales, iniciaron el fortalecimiento de sus competencias cient\u00edficas, por medio de 32 horas de capacitaci\u00f3n, divididas en cinco m\u00f3dulos a cargo de destacados expertos nacionales y locales. Adem\u00e1s, las participantes recibir\u00e1n un kit de materiales did\u00e1cticos para aplicarlos en el aula.<em><img decoding=\"async\" class=\" wp-image-39909 alignright\" src=\"https:\/\/explora.cl\/tarapaca\/wp-content\/uploads\/sites\/3\/2023\/08\/PIPE-FOTO-1-300x200.jpg\" alt=\"\" width=\"380\" height=\"253\" srcset=\"https:\/\/explora.cl\/tarapaca\/wp-content\/uploads\/sites\/3\/2023\/08\/PIPE-FOTO-1-300x200.jpg 300w, https:\/\/explora.cl\/tarapaca\/wp-content\/uploads\/sites\/3\/2023\/08\/PIPE-FOTO-1-768x513.jpg 768w, https:\/\/explora.cl\/tarapaca\/wp-content\/uploads\/sites\/3\/2023\/08\/PIPE-FOTO-1-1024x684.jpg 1024w, https:\/\/explora.cl\/tarapaca\/wp-content\/uploads\/sites\/3\/2023\/08\/PIPE-FOTO-1.jpg 2048w\" sizes=\"(max-width: 380px) 100vw, 380px\" \/><\/em><\/p>\n<p>Marlen Mamani, profesora rural de la escuela b\u00e1sica de Pachica, manifest\u00f3 que, lo que la lleva a participar de esta iniciativa \u201ces para fortalecer el aprendizaje de los ni\u00f1as y ni\u00f1as con necesidades educativas especiales, es el factor principal para m\u00ed como profesora y tambi\u00e9n para capacitarme en todos los \u00e1mbitos de los proyectos que tiene Explora para poder incentivar las ciencias\u201d.<\/p>\n<p>Por su parte, Deysi Y\u00e1\u00f1ez, educadora de p\u00e1rvulo del jard\u00edn infantil Pampinitos de Pozo Almonte coment\u00f3 \u201ces muy necesaria esta capacitaci\u00f3n porque nos sirve para nosotros poder poner en pr\u00e1ctica nuevas estrategias para los ni\u00f1os y ni\u00f1as, para poder entregarles conocimiento que ellos puedan aprender y el d\u00eda de ma\u00f1ana puedan aplicar lo aprendido\u201d.<\/p>\n<p>&#8220;El programa PIPE entrega herramientas a equipos educativos y t\u00e9cnicos, as\u00ed como a ni\u00f1as y ni\u00f1os de Educaci\u00f3n Parvularia, para estimular y apoyar el desarrollo del pensamiento cient\u00edfico en el aula, junto con habilidades transversales que les permitan desenvolverse como ciudadanos activos y responsables\u201d, se\u00f1al\u00f3 la encargada del programa PIPE, Priscilla \u00c1lvarez.<\/p>\n<p>\u201cPIPE est\u00e1 enmarcado bajo el modelo indagatorio con un amplio abanico de experiencias de aprendizaje dirigidas a equipos pedag\u00f3gicos en las \u00e1reas de ciencias naturales, ciencias sociales y tecnolog\u00eda para ser implementados en sus aulas con ni\u00f1os y ni\u00f1as. Hy varias actividades sugeridas a realizar en las aulas\u201d, agreg\u00f3.<\/p>\n<p><em><img decoding=\"async\" class=\"alignnone size-medium wp-image-39910\" src=\"https:\/\/explora.cl\/tarapaca\/wp-content\/uploads\/sites\/3\/2023\/08\/PIPE-FOTO-2-300x200.jpg\" alt=\"\" width=\"300\" height=\"200\" srcset=\"https:\/\/explora.cl\/tarapaca\/wp-content\/uploads\/sites\/3\/2023\/08\/PIPE-FOTO-2-300x200.jpg 300w, https:\/\/explora.cl\/tarapaca\/wp-content\/uploads\/sites\/3\/2023\/08\/PIPE-FOTO-2-768x513.jpg 768w, https:\/\/explora.cl\/tarapaca\/wp-content\/uploads\/sites\/3\/2023\/08\/PIPE-FOTO-2-1024x684.jpg 1024w, https:\/\/explora.cl\/tarapaca\/wp-content\/uploads\/sites\/3\/2023\/08\/PIPE-FOTO-2.jpg 2048w\" sizes=\"(max-width: 300px) 100vw, 300px\" \/><img loading=\"lazy\" decoding=\"async\" class=\"alignnone size-medium wp-image-39911\" src=\"https:\/\/explora.cl\/tarapaca\/wp-content\/uploads\/sites\/3\/2023\/08\/PIPE-FOTO-3-300x200.jpg\" alt=\"\" width=\"300\" height=\"200\" srcset=\"https:\/\/explora.cl\/tarapaca\/wp-content\/uploads\/sites\/3\/2023\/08\/PIPE-FOTO-3-300x200.jpg 300w, https:\/\/explora.cl\/tarapaca\/wp-content\/uploads\/sites\/3\/2023\/08\/PIPE-FOTO-3-768x513.jpg 768w, https:\/\/explora.cl\/tarapaca\/wp-content\/uploads\/sites\/3\/2023\/08\/PIPE-FOTO-3-1024x684.jpg 1024w, https:\/\/explora.cl\/tarapaca\/wp-content\/uploads\/sites\/3\/2023\/08\/PIPE-FOTO-3.jpg 2048w\" sizes=\"(max-width: 300px) 100vw, 300px\" \/><img loading=\"lazy\" decoding=\"async\" class=\"alignnone size-medium wp-image-39912\" src=\"https:\/\/explora.cl\/tarapaca\/wp-content\/uploads\/sites\/3\/2023\/08\/PIPE-FOTO-4-300x200.jpg\" alt=\"\" width=\"300\" height=\"200\" srcset=\"https:\/\/explora.cl\/tarapaca\/wp-content\/uploads\/sites\/3\/2023\/08\/PIPE-FOTO-4-300x200.jpg 300w, https:\/\/explora.cl\/tarapaca\/wp-content\/uploads\/sites\/3\/2023\/08\/PIPE-FOTO-4-768x513.jpg 768w, https:\/\/explora.cl\/tarapaca\/wp-content\/uploads\/sites\/3\/2023\/08\/PIPE-FOTO-4-1024x684.jpg 1024w, https:\/\/explora.cl\/tarapaca\/wp-content\/uploads\/sites\/3\/2023\/08\/PIPE-FOTO-4.jpg 2048w\" sizes=\"(max-width: 300px) 100vw, 300px\" \/><\/em><\/p>\n","protected":false},"excerpt":{"rendered":"<p>Proceso, que es completamente gratuito, consta de 32 horas de capacitaci\u00f3n a cargo de destacados expertos locales y nacionales. En esta versi\u00f3n, participan establecimientos educacionales de las siete comunas de la regi\u00f3n. Un total de 35 profesionales de educaci\u00f3n parvularia de las siete comunas de la regi\u00f3n, comenzaron una completa capacitaci\u00f3n en ciencia y tecnolog\u00eda [&hellip;]<\/p>\n","protected":false},"author":18,"featured_media":39910,"comment_status":"open","ping_status":"open","sticky":false,"template":"","format":"standard","meta":{"_acf_changed":false,"_exactmetrics_skip_tracking":false,"_exactmetrics_sitenote_active":false,"_exactmetrics_sitenote_note":"","_exactmetrics_sitenote_category":0,"footnotes":"","_links_to":"","_links_to_target":""},"categories":[136,4],"tags":[],"class_list":["post-39907","post","type-post","status-publish","format-standard","has-post-thumbnail","hentry","category-lugar-1","category-noticias"],"acf":[],"yoast_head":"<!-- This site is optimized with the Yoast SEO plugin v26.9 - https:\/\/yoast.com\/product\/yoast-seo-wordpress\/ -->\n<title>EXPLORA TARAPAC\u00c1 CAPACITA A 35 PROFESIONALES DE LA EDUCACI\u00d3N PARVULARIA EN CIENCIA Y TECNOLOG\u00cdA - Tarapaca<\/title>\n<meta name=\"robots\" content=\"index, follow, max-snippet:-1, max-image-preview:large, max-video-preview:-1\" \/>\n<link rel=\"canonical\" href=\"https:\/\/explora.cl\/tarapaca\/explora-tarapaca-capacita-a-35-profesionales-de-la-educacion-parvularia-en-ciencia-y-tecnologia\/\" class=\"yoast-seo-meta-tag\" \/>\n<meta property=\"og:locale\" content=\"es_ES\" class=\"yoast-seo-meta-tag\" \/>\n<meta property=\"og:type\" content=\"article\" class=\"yoast-seo-meta-tag\" \/>\n<meta property=\"og:title\" content=\"EXPLORA TARAPAC\u00c1 CAPACITA A 35 PROFESIONALES DE LA EDUCACI\u00d3N PARVULARIA EN CIENCIA Y TECNOLOG\u00cdA - Tarapaca\" class=\"yoast-seo-meta-tag\" \/>\n<meta property=\"og:description\" content=\"Proceso, que es completamente gratuito, consta de 32 horas de capacitaci\u00f3n a cargo de destacados expertos locales y nacionales. En esta versi\u00f3n, participan establecimientos educacionales de las siete comunas de la regi\u00f3n. Un total de 35 profesionales de educaci\u00f3n parvularia de las siete comunas de la regi\u00f3n, comenzaron una completa capacitaci\u00f3n en ciencia y tecnolog\u00eda [&hellip;]\" class=\"yoast-seo-meta-tag\" \/>\n<meta property=\"og:url\" content=\"https:\/\/explora.cl\/tarapaca\/explora-tarapaca-capacita-a-35-profesionales-de-la-educacion-parvularia-en-ciencia-y-tecnologia\/\" class=\"yoast-seo-meta-tag\" \/>\n<meta property=\"og:site_name\" content=\"Tarapaca\" class=\"yoast-seo-meta-tag\" \/>\n<meta property=\"article:published_time\" content=\"2023-08-16T20:32:38+00:00\" class=\"yoast-seo-meta-tag\" \/>\n<meta property=\"article:modified_time\" content=\"2023-08-16T20:34:47+00:00\" class=\"yoast-seo-meta-tag\" \/>\n<meta property=\"og:image\" content=\"https:\/\/explora.cl\/tarapaca\/wp-content\/uploads\/sites\/3\/2023\/08\/PIPE-FOTO-2.jpg\" class=\"yoast-seo-meta-tag\" \/>\n\t<meta property=\"og:image:width\" content=\"2048\" class=\"yoast-seo-meta-tag\" \/>\n\t<meta property=\"og:image:height\" content=\"1367\" class=\"yoast-seo-meta-tag\" \/>\n\t<meta property=\"og:image:type\" content=\"image\/jpeg\" class=\"yoast-seo-meta-tag\" \/>\n<meta name=\"author\" content=\"admintarapaca\" class=\"yoast-seo-meta-tag\" \/>\n<meta name=\"twitter:card\" content=\"summary_large_image\" class=\"yoast-seo-meta-tag\" \/>\n<meta name=\"twitter:label1\" content=\"Escrito por\" class=\"yoast-seo-meta-tag\" \/>\n\t<meta name=\"twitter:data1\" content=\"admintarapaca\" class=\"yoast-seo-meta-tag\" \/>\n\t<meta name=\"twitter:label2\" content=\"Tiempo estimado de lectura\" class=\"yoast-seo-meta-tag\" \/>\n\t<meta name=\"twitter:data2\" content=\"2 minutos\" class=\"yoast-seo-meta-tag\" \/>\n<script type=\"application\/ld+json\" class=\"yoast-schema-graph\">{\"@context\":\"https:\/\/schema.org\",\"@graph\":[{\"@type\":\"Article\",\"@id\":\"https:\/\/explora.cl\/tarapaca\/explora-tarapaca-capacita-a-35-profesionales-de-la-educacion-parvularia-en-ciencia-y-tecnologia\/#article\",\"isPartOf\":{\"@id\":\"https:\/\/explora.cl\/tarapaca\/explora-tarapaca-capacita-a-35-profesionales-de-la-educacion-parvularia-en-ciencia-y-tecnologia\/\"},\"author\":{\"name\":\"admintarapaca\",\"@id\":\"https:\/\/explora.cl\/tarapaca\/#\/schema\/person\/ca04f8a8f8e25243bd462d34eb1ca505\"},\"headline\":\"EXPLORA TARAPAC\u00c1 CAPACITA A 35 PROFESIONALES DE LA EDUCACI\u00d3N PARVULARIA EN CIENCIA Y TECNOLOG\u00cdA\",\"datePublished\":\"2023-08-16T20:32:38+00:00\",\"dateModified\":\"2023-08-16T20:34:47+00:00\",\"mainEntityOfPage\":{\"@id\":\"https:\/\/explora.cl\/tarapaca\/explora-tarapaca-capacita-a-35-profesionales-de-la-educacion-parvularia-en-ciencia-y-tecnologia\/\"},\"wordCount\":391,\"commentCount\":0,\"image\":{\"@id\":\"https:\/\/explora.cl\/tarapaca\/explora-tarapaca-capacita-a-35-profesionales-de-la-educacion-parvularia-en-ciencia-y-tecnologia\/#primaryimage\"},\"thumbnailUrl\":\"https:\/\/explora.cl\/tarapaca\/wp-content\/uploads\/sites\/3\/2023\/08\/PIPE-FOTO-2.jpg\",\"articleSection\":[\"Lugar 1\",\"Noticias\"],\"inLanguage\":\"es-CL\",\"potentialAction\":[{\"@type\":\"CommentAction\",\"name\":\"Comment\",\"target\":[\"https:\/\/explora.cl\/tarapaca\/explora-tarapaca-capacita-a-35-profesionales-de-la-educacion-parvularia-en-ciencia-y-tecnologia\/#respond\"]}]},{\"@type\":\"WebPage\",\"@id\":\"https:\/\/explora.cl\/tarapaca\/explora-tarapaca-capacita-a-35-profesionales-de-la-educacion-parvularia-en-ciencia-y-tecnologia\/\",\"url\":\"https:\/\/explora.cl\/tarapaca\/explora-tarapaca-capacita-a-35-profesionales-de-la-educacion-parvularia-en-ciencia-y-tecnologia\/\",\"name\":\"EXPLORA TARAPAC\u00c1 CAPACITA A 35 PROFESIONALES DE LA EDUCACI\u00d3N PARVULARIA EN CIENCIA Y TECNOLOG\u00cdA - Tarapaca\",\"isPartOf\":{\"@id\":\"https:\/\/explora.cl\/tarapaca\/#website\"},\"primaryImageOfPage\":{\"@id\":\"https:\/\/explora.cl\/tarapaca\/explora-tarapaca-capacita-a-35-profesionales-de-la-educacion-parvularia-en-ciencia-y-tecnologia\/#primaryimage\"},\"image\":{\"@id\":\"https:\/\/explora.cl\/tarapaca\/explora-tarapaca-capacita-a-35-profesionales-de-la-educacion-parvularia-en-ciencia-y-tecnologia\/#primaryimage\"},\"thumbnailUrl\":\"https:\/\/explora.cl\/tarapaca\/wp-content\/uploads\/sites\/3\/2023\/08\/PIPE-FOTO-2.jpg\",\"datePublished\":\"2023-08-16T20:32:38+00:00\",\"dateModified\":\"2023-08-16T20:34:47+00:00\",\"author\":{\"@id\":\"https:\/\/explora.cl\/tarapaca\/#\/schema\/person\/ca04f8a8f8e25243bd462d34eb1ca505\"},\"breadcrumb\":{\"@id\":\"https:\/\/explora.cl\/tarapaca\/explora-tarapaca-capacita-a-35-profesionales-de-la-educacion-parvularia-en-ciencia-y-tecnologia\/#breadcrumb\"},\"inLanguage\":\"es-CL\",\"potentialAction\":[{\"@type\":\"ReadAction\",\"target\":[\"https:\/\/explora.cl\/tarapaca\/explora-tarapaca-capacita-a-35-profesionales-de-la-educacion-parvularia-en-ciencia-y-tecnologia\/\"]}]},{\"@type\":\"ImageObject\",\"inLanguage\":\"es-CL\",\"@id\":\"https:\/\/explora.cl\/tarapaca\/explora-tarapaca-capacita-a-35-profesionales-de-la-educacion-parvularia-en-ciencia-y-tecnologia\/#primaryimage\",\"url\":\"https:\/\/explora.cl\/tarapaca\/wp-content\/uploads\/sites\/3\/2023\/08\/PIPE-FOTO-2.jpg\",\"contentUrl\":\"https:\/\/explora.cl\/tarapaca\/wp-content\/uploads\/sites\/3\/2023\/08\/PIPE-FOTO-2.jpg\",\"width\":2048,\"height\":1367},{\"@type\":\"BreadcrumbList\",\"@id\":\"https:\/\/explora.cl\/tarapaca\/explora-tarapaca-capacita-a-35-profesionales-de-la-educacion-parvularia-en-ciencia-y-tecnologia\/#breadcrumb\",\"itemListElement\":[{\"@type\":\"ListItem\",\"position\":1,\"name\":\"Portada\",\"item\":\"https:\/\/explora.cl\/tarapaca\/\"},{\"@type\":\"ListItem\",\"position\":2,\"name\":\"EXPLORA TARAPAC\u00c1 CAPACITA A 35 PROFESIONALES DE LA EDUCACI\u00d3N PARVULARIA EN CIENCIA Y TECNOLOG\u00cdA\"}]},{\"@type\":\"WebSite\",\"@id\":\"https:\/\/explora.cl\/tarapaca\/#website\",\"url\":\"https:\/\/explora.cl\/tarapaca\/\",\"name\":\"Tarapaca\",\"description\":\"Otro sitio m\u00e1s de explora.cl\",\"potentialAction\":[{\"@type\":\"SearchAction\",\"target\":{\"@type\":\"EntryPoint\",\"urlTemplate\":\"https:\/\/explora.cl\/tarapaca\/?s={search_term_string}\"},\"query-input\":{\"@type\":\"PropertyValueSpecification\",\"valueRequired\":true,\"valueName\":\"search_term_string\"}}],\"inLanguage\":\"es-CL\"},{\"@type\":\"Person\",\"@id\":\"https:\/\/explora.cl\/tarapaca\/#\/schema\/person\/ca04f8a8f8e25243bd462d34eb1ca505\",\"name\":\"admintarapaca\",\"image\":{\"@type\":\"ImageObject\",\"inLanguage\":\"es-CL\",\"@id\":\"https:\/\/explora.cl\/tarapaca\/#\/schema\/person\/image\/\",\"url\":\"https:\/\/secure.gravatar.com\/avatar\/8ff4762fabbf7a1732a126425c82d628f08ba754529d77a55358cbb74e14343f?s=96&d=mm&r=g\",\"contentUrl\":\"https:\/\/secure.gravatar.com\/avatar\/8ff4762fabbf7a1732a126425c82d628f08ba754529d77a55358cbb74e14343f?s=96&d=mm&r=g\",\"caption\":\"admintarapaca\"},\"url\":\"https:\/\/explora.cl\/tarapaca\/author\/dolivares\/\"}]}<\/script>\n<!-- \/ Yoast SEO plugin. -->","yoast_head_json":{"title":"EXPLORA TARAPAC\u00c1 CAPACITA A 35 PROFESIONALES DE LA EDUCACI\u00d3N PARVULARIA EN CIENCIA Y TECNOLOG\u00cdA - Tarapaca","robots":{"index":"index","follow":"follow","max-snippet":"max-snippet:-1","max-image-preview":"max-image-preview:large","max-video-preview":"max-video-preview:-1"},"canonical":"https:\/\/explora.cl\/tarapaca\/explora-tarapaca-capacita-a-35-profesionales-de-la-educacion-parvularia-en-ciencia-y-tecnologia\/","og_locale":"es_ES","og_type":"article","og_title":"EXPLORA TARAPAC\u00c1 CAPACITA A 35 PROFESIONALES DE LA EDUCACI\u00d3N PARVULARIA EN CIENCIA Y TECNOLOG\u00cdA - Tarapaca","og_description":"Proceso, que es completamente gratuito, consta de 32 horas de capacitaci\u00f3n a cargo de destacados expertos locales y nacionales. En esta versi\u00f3n, participan establecimientos educacionales de las siete comunas de la regi\u00f3n. Un total de 35 profesionales de educaci\u00f3n parvularia de las siete comunas de la regi\u00f3n, comenzaron una completa capacitaci\u00f3n en ciencia y tecnolog\u00eda [&hellip;]","og_url":"https:\/\/explora.cl\/tarapaca\/explora-tarapaca-capacita-a-35-profesionales-de-la-educacion-parvularia-en-ciencia-y-tecnologia\/","og_site_name":"Tarapaca","article_published_time":"2023-08-16T20:32:38+00:00","article_modified_time":"2023-08-16T20:34:47+00:00","og_image":[{"width":2048,"height":1367,"url":"https:\/\/explora.cl\/tarapaca\/wp-content\/uploads\/sites\/3\/2023\/08\/PIPE-FOTO-2.jpg","type":"image\/jpeg"}],"author":"admintarapaca","twitter_card":"summary_large_image","twitter_misc":{"Escrito por":"admintarapaca","Tiempo estimado de lectura":"2 minutos"},"schema":{"@context":"https:\/\/schema.org","@graph":[{"@type":"Article","@id":"https:\/\/explora.cl\/tarapaca\/explora-tarapaca-capacita-a-35-profesionales-de-la-educacion-parvularia-en-ciencia-y-tecnologia\/#article","isPartOf":{"@id":"https:\/\/explora.cl\/tarapaca\/explora-tarapaca-capacita-a-35-profesionales-de-la-educacion-parvularia-en-ciencia-y-tecnologia\/"},"author":{"name":"admintarapaca","@id":"https:\/\/explora.cl\/tarapaca\/#\/schema\/person\/ca04f8a8f8e25243bd462d34eb1ca505"},"headline":"EXPLORA TARAPAC\u00c1 CAPACITA A 35 PROFESIONALES DE LA EDUCACI\u00d3N PARVULARIA EN CIENCIA Y TECNOLOG\u00cdA","datePublished":"2023-08-16T20:32:38+00:00","dateModified":"2023-08-16T20:34:47+00:00","mainEntityOfPage":{"@id":"https:\/\/explora.cl\/tarapaca\/explora-tarapaca-capacita-a-35-profesionales-de-la-educacion-parvularia-en-ciencia-y-tecnologia\/"},"wordCount":391,"commentCount":0,"image":{"@id":"https:\/\/explora.cl\/tarapaca\/explora-tarapaca-capacita-a-35-profesionales-de-la-educacion-parvularia-en-ciencia-y-tecnologia\/#primaryimage"},"thumbnailUrl":"https:\/\/explora.cl\/tarapaca\/wp-content\/uploads\/sites\/3\/2023\/08\/PIPE-FOTO-2.jpg","articleSection":["Lugar 1","Noticias"],"inLanguage":"es-CL","potentialAction":[{"@type":"CommentAction","name":"Comment","target":["https:\/\/explora.cl\/tarapaca\/explora-tarapaca-capacita-a-35-profesionales-de-la-educacion-parvularia-en-ciencia-y-tecnologia\/#respond"]}]},{"@type":"WebPage","@id":"https:\/\/explora.cl\/tarapaca\/explora-tarapaca-capacita-a-35-profesionales-de-la-educacion-parvularia-en-ciencia-y-tecnologia\/","url":"https:\/\/explora.cl\/tarapaca\/explora-tarapaca-capacita-a-35-profesionales-de-la-educacion-parvularia-en-ciencia-y-tecnologia\/","name":"EXPLORA TARAPAC\u00c1 CAPACITA A 35 PROFESIONALES DE LA EDUCACI\u00d3N PARVULARIA EN CIENCIA Y TECNOLOG\u00cdA - Tarapaca","isPartOf":{"@id":"https:\/\/explora.cl\/tarapaca\/#website"},"primaryImageOfPage":{"@id":"https:\/\/explora.cl\/tarapaca\/explora-tarapaca-capacita-a-35-profesionales-de-la-educacion-parvularia-en-ciencia-y-tecnologia\/#primaryimage"},"image":{"@id":"https:\/\/explora.cl\/tarapaca\/explora-tarapaca-capacita-a-35-profesionales-de-la-educacion-parvularia-en-ciencia-y-tecnologia\/#primaryimage"},"thumbnailUrl":"https:\/\/explora.cl\/tarapaca\/wp-content\/uploads\/sites\/3\/2023\/08\/PIPE-FOTO-2.jpg","datePublished":"2023-08-16T20:32:38+00:00","dateModified":"2023-08-16T20:34:47+00:00","author":{"@id":"https:\/\/explora.cl\/tarapaca\/#\/schema\/person\/ca04f8a8f8e25243bd462d34eb1ca505"},"breadcrumb":{"@id":"https:\/\/explora.cl\/tarapaca\/explora-tarapaca-capacita-a-35-profesionales-de-la-educacion-parvularia-en-ciencia-y-tecnologia\/#breadcrumb"},"inLanguage":"es-CL","potentialAction":[{"@type":"ReadAction","target":["https:\/\/explora.cl\/tarapaca\/explora-tarapaca-capacita-a-35-profesionales-de-la-educacion-parvularia-en-ciencia-y-tecnologia\/"]}]},{"@type":"ImageObject","inLanguage":"es-CL","@id":"https:\/\/explora.cl\/tarapaca\/explora-tarapaca-capacita-a-35-profesionales-de-la-educacion-parvularia-en-ciencia-y-tecnologia\/#primaryimage","url":"https:\/\/explora.cl\/tarapaca\/wp-content\/uploads\/sites\/3\/2023\/08\/PIPE-FOTO-2.jpg","contentUrl":"https:\/\/explora.cl\/tarapaca\/wp-content\/uploads\/sites\/3\/2023\/08\/PIPE-FOTO-2.jpg","width":2048,"height":1367},{"@type":"BreadcrumbList","@id":"https:\/\/explora.cl\/tarapaca\/explora-tarapaca-capacita-a-35-profesionales-de-la-educacion-parvularia-en-ciencia-y-tecnologia\/#breadcrumb","itemListElement":[{"@type":"ListItem","position":1,"name":"Portada","item":"https:\/\/explora.cl\/tarapaca\/"},{"@type":"ListItem","position":2,"name":"EXPLORA TARAPAC\u00c1 CAPACITA A 35 PROFESIONALES DE LA EDUCACI\u00d3N PARVULARIA EN CIENCIA Y TECNOLOG\u00cdA"}]},{"@type":"WebSite","@id":"https:\/\/explora.cl\/tarapaca\/#website","url":"https:\/\/explora.cl\/tarapaca\/","name":"Tarapaca","description":"Otro sitio m\u00e1s de explora.cl","potentialAction":[{"@type":"SearchAction","target":{"@type":"EntryPoint","urlTemplate":"https:\/\/explora.cl\/tarapaca\/?s={search_term_string}"},"query-input":{"@type":"PropertyValueSpecification","valueRequired":true,"valueName":"search_term_string"}}],"inLanguage":"es-CL"},{"@type":"Person","@id":"https:\/\/explora.cl\/tarapaca\/#\/schema\/person\/ca04f8a8f8e25243bd462d34eb1ca505","name":"admintarapaca","image":{"@type":"ImageObject","inLanguage":"es-CL","@id":"https:\/\/explora.cl\/tarapaca\/#\/schema\/person\/image\/","url":"https:\/\/secure.gravatar.com\/avatar\/8ff4762fabbf7a1732a126425c82d628f08ba754529d77a55358cbb74e14343f?s=96&d=mm&r=g","contentUrl":"https:\/\/secure.gravatar.com\/avatar\/8ff4762fabbf7a1732a126425c82d628f08ba754529d77a55358cbb74e14343f?s=96&d=mm&r=g","caption":"admintarapaca"},"url":"https:\/\/explora.cl\/tarapaca\/author\/dolivares\/"}]}},"_links":{"self":[{"href":"https:\/\/explora.cl\/tarapaca\/wp-json\/wp\/v2\/posts\/39907","targetHints":{"allow":["GET"]}}],"collection":[{"href":"https:\/\/explora.cl\/tarapaca\/wp-json\/wp\/v2\/posts"}],"about":[{"href":"https:\/\/explora.cl\/tarapaca\/wp-json\/wp\/v2\/types\/post"}],"author":[{"embeddable":true,"href":"https:\/\/explora.cl\/tarapaca\/wp-json\/wp\/v2\/users\/18"}],"replies":[{"embeddable":true,"href":"https:\/\/explora.cl\/tarapaca\/wp-json\/wp\/v2\/comments?post=39907"}],"version-history":[{"count":3,"href":"https:\/\/explora.cl\/tarapaca\/wp-json\/wp\/v2\/posts\/39907\/revisions"}],"predecessor-version":[{"id":39915,"href":"https:\/\/explora.cl\/tarapaca\/wp-json\/wp\/v2\/posts\/39907\/revisions\/39915"}],"wp:featuredmedia":[{"embeddable":true,"href":"https:\/\/explora.cl\/tarapaca\/wp-json\/wp\/v2\/media\/39910"}],"wp:attachment":[{"href":"https:\/\/explora.cl\/tarapaca\/wp-json\/wp\/v2\/media?parent=39907"}],"wp:term":[{"taxonomy":"category","embeddable":true,"href":"https:\/\/explora.cl\/tarapaca\/wp-json\/wp\/v2\/categories?post=39907"},{"taxonomy":"post_tag","embeddable":true,"href":"https:\/\/explora.cl\/tarapaca\/wp-json\/wp\/v2\/tags?post=39907"}],"curies":[{"name":"wp","href":"https:\/\/api.w.org\/{rel}","templated":true}]}}