{"id":39859,"date":"2023-06-28T11:11:30","date_gmt":"2023-06-28T15:11:30","guid":{"rendered":"https:\/\/explora.cl\/tarapaca\/?p=39859"},"modified":"2023-06-28T11:29:02","modified_gmt":"2023-06-28T15:29:02","slug":"39859-2","status":"publish","type":"post","link":"https:\/\/explora.cl\/tarapaca\/39859-2\/","title":{"rendered":"P\u00c1RVULOS PARTICIPARON DE OBSERVACI\u00d3N SOLAR Y DE &#8220;EL ALMACEN DE LOS COLORES&#8221;"},"content":{"rendered":"<p>El jard\u00edn infantil Cucul\u00ed de Iquique fue pionero en conocer nuestra nueva iniciativa MINI PIPE, un complemento del Programa de Indagaci\u00f3n para Primeras Edades que permite acercar a los p\u00e1rvulos y educadoras a contenidos relacionados con ciencia, tecnolog\u00eda e innovaci\u00f3n.<\/p>\n<p>Adem\u00e1s, junto al astr\u00f3nomo, Pablo Gonz\u00e1lez, realizamos con los p\u00e1rvulos una did\u00e1ctica observaci\u00f3n solar, adem\u00e1s de desarrollar con la encargada de <a class=\"x1i10hfl xjbqb8w x6umtig x1b1mbwd xaqea5y xav7gou x9f619 x1ypdohk xt0psk2 xe8uvvx xdj266r x11i5rnm xat24cr x1mh8g0r xexx8yu x4uap5 x18d9i69 xkhd6sd x16tdsg8 x1hl2dhg xggy1nq x1a2a7pz xt0b8zv x1qq9wsj xo1l8bm\" role=\"link\" href=\"https:\/\/www.facebook.com\/hashtag\/pipe?__eep__=6&amp;__cft__[0]=AZX61r86aqECvAOR9IXslgLRUSHRPFnqki8gDix8QdMlfMFOy-scsne1VNS5LaSR8sTnk9qIzjh3N_8_e72uJJdm8a1ohCjkqG9CJDQy18wSQcSodGf_73IH4So_PnIbEOIUHVxjjBYWasJOYeIcBDIL2RBXh7J3xLSXe3-Ernfs9KKAsa92hZOOb17tWgCYkCwuzXymGxDo0SK7mR7L3GgY&amp;__tn__=*NK-R\">#PIPE<\/a>, Priscilla \u00c1lvarez, la actividad \u201cEl almac\u00e9n de los colores\u201d, en el que ni\u00f1as y ni\u00f1os tuvieron sus primeros acercamientos a las pinturas y el arte.<\/p>\n<p><img fetchpriority=\"high\" decoding=\"async\" class=\"alignnone size-medium wp-image-39860\" src=\"https:\/\/explora.cl\/tarapaca\/wp-content\/uploads\/sites\/3\/2023\/06\/DSC_0659-2-300x200.jpg\" alt=\"\" width=\"300\" height=\"200\" srcset=\"https:\/\/explora.cl\/tarapaca\/wp-content\/uploads\/sites\/3\/2023\/06\/DSC_0659-2-300x200.jpg 300w, https:\/\/explora.cl\/tarapaca\/wp-content\/uploads\/sites\/3\/2023\/06\/DSC_0659-2-768x512.jpg 768w, https:\/\/explora.cl\/tarapaca\/wp-content\/uploads\/sites\/3\/2023\/06\/DSC_0659-2-1024x683.jpg 1024w\" sizes=\"(max-width: 300px) 100vw, 300px\" \/> <img decoding=\"async\" class=\"alignnone size-medium wp-image-39862\" src=\"https:\/\/explora.cl\/tarapaca\/wp-content\/uploads\/sites\/3\/2023\/06\/354227671_3235990019880292_4686258528108701285_n-300x200.jpg\" alt=\"\" width=\"300\" height=\"200\" srcset=\"https:\/\/explora.cl\/tarapaca\/wp-content\/uploads\/sites\/3\/2023\/06\/354227671_3235990019880292_4686258528108701285_n-300x200.jpg 300w, https:\/\/explora.cl\/tarapaca\/wp-content\/uploads\/sites\/3\/2023\/06\/354227671_3235990019880292_4686258528108701285_n-768x513.jpg 768w, https:\/\/explora.cl\/tarapaca\/wp-content\/uploads\/sites\/3\/2023\/06\/354227671_3235990019880292_4686258528108701285_n-1024x684.jpg 1024w, https:\/\/explora.cl\/tarapaca\/wp-content\/uploads\/sites\/3\/2023\/06\/354227671_3235990019880292_4686258528108701285_n.jpg 2048w\" sizes=\"(max-width: 300px) 100vw, 300px\" \/><img decoding=\"async\" class=\"alignnone size-medium wp-image-39861\" src=\"https:\/\/explora.cl\/tarapaca\/wp-content\/uploads\/sites\/3\/2023\/06\/354229313_3235991473213480_8903218230221044054_n-300x200.jpg\" alt=\"\" width=\"300\" height=\"200\" srcset=\"https:\/\/explora.cl\/tarapaca\/wp-content\/uploads\/sites\/3\/2023\/06\/354229313_3235991473213480_8903218230221044054_n-300x200.jpg 300w, https:\/\/explora.cl\/tarapaca\/wp-content\/uploads\/sites\/3\/2023\/06\/354229313_3235991473213480_8903218230221044054_n-768x513.jpg 768w, https:\/\/explora.cl\/tarapaca\/wp-content\/uploads\/sites\/3\/2023\/06\/354229313_3235991473213480_8903218230221044054_n-1024x684.jpg 1024w, https:\/\/explora.cl\/tarapaca\/wp-content\/uploads\/sites\/3\/2023\/06\/354229313_3235991473213480_8903218230221044054_n.jpg 2048w\" sizes=\"(max-width: 300px) 100vw, 300px\" \/><\/p>\n","protected":false},"excerpt":{"rendered":"<p>El jard\u00edn infantil Cucul\u00ed de Iquique fue pionero en conocer nuestra nueva iniciativa MINI PIPE, un complemento del Programa de Indagaci\u00f3n para Primeras Edades que permite acercar a los p\u00e1rvulos y educadoras a contenidos relacionados con ciencia, tecnolog\u00eda e innovaci\u00f3n. Adem\u00e1s, junto al astr\u00f3nomo, Pablo Gonz\u00e1lez, realizamos con los p\u00e1rvulos una did\u00e1ctica observaci\u00f3n solar, adem\u00e1s [&hellip;]<\/p>\n","protected":false},"author":18,"featured_media":39860,"comment_status":"open","ping_status":"open","sticky":false,"template":"","format":"standard","meta":{"_acf_changed":false,"_exactmetrics_skip_tracking":false,"_exactmetrics_sitenote_active":false,"_exactmetrics_sitenote_note":"","_exactmetrics_sitenote_category":0,"footnotes":"","_links_to":"","_links_to_target":""},"categories":[4],"tags":[],"class_list":["post-39859","post","type-post","status-publish","format-standard","has-post-thumbnail","hentry","category-noticias"],"acf":[],"yoast_head":"<!-- This site is optimized with the Yoast SEO plugin v26.9 - https:\/\/yoast.com\/product\/yoast-seo-wordpress\/ -->\n<title>P\u00c1RVULOS PARTICIPARON DE OBSERVACI\u00d3N SOLAR Y DE &quot;EL ALMACEN DE LOS COLORES&quot; - Tarapaca<\/title>\n<meta name=\"robots\" content=\"index, follow, max-snippet:-1, max-image-preview:large, max-video-preview:-1\" \/>\n<link rel=\"canonical\" href=\"https:\/\/explora.cl\/tarapaca\/39859-2\/\" class=\"yoast-seo-meta-tag\" \/>\n<meta property=\"og:locale\" content=\"es_ES\" class=\"yoast-seo-meta-tag\" \/>\n<meta property=\"og:type\" content=\"article\" class=\"yoast-seo-meta-tag\" \/>\n<meta property=\"og:title\" content=\"P\u00c1RVULOS PARTICIPARON DE OBSERVACI\u00d3N SOLAR Y DE &quot;EL ALMACEN DE LOS COLORES&quot; - Tarapaca\" class=\"yoast-seo-meta-tag\" \/>\n<meta property=\"og:description\" content=\"El jard\u00edn infantil Cucul\u00ed de Iquique fue pionero en conocer nuestra nueva iniciativa MINI PIPE, un complemento del Programa de Indagaci\u00f3n para Primeras Edades que permite acercar a los p\u00e1rvulos y educadoras a contenidos relacionados con ciencia, tecnolog\u00eda e innovaci\u00f3n. Adem\u00e1s, junto al astr\u00f3nomo, Pablo Gonz\u00e1lez, realizamos con los p\u00e1rvulos una did\u00e1ctica observaci\u00f3n solar, adem\u00e1s [&hellip;]\" class=\"yoast-seo-meta-tag\" \/>\n<meta property=\"og:url\" content=\"https:\/\/explora.cl\/tarapaca\/39859-2\/\" class=\"yoast-seo-meta-tag\" \/>\n<meta property=\"og:site_name\" content=\"Tarapaca\" class=\"yoast-seo-meta-tag\" \/>\n<meta property=\"article:published_time\" content=\"2023-06-28T15:11:30+00:00\" class=\"yoast-seo-meta-tag\" \/>\n<meta property=\"article:modified_time\" content=\"2023-06-28T15:29:02+00:00\" class=\"yoast-seo-meta-tag\" \/>\n<meta property=\"og:image\" content=\"https:\/\/explora.cl\/tarapaca\/wp-content\/uploads\/sites\/3\/2023\/06\/DSC_0659-2-1024x683.jpg\" class=\"yoast-seo-meta-tag\" \/>\n\t<meta property=\"og:image:width\" content=\"1024\" class=\"yoast-seo-meta-tag\" \/>\n\t<meta property=\"og:image:height\" content=\"683\" class=\"yoast-seo-meta-tag\" \/>\n\t<meta property=\"og:image:type\" content=\"image\/jpeg\" class=\"yoast-seo-meta-tag\" \/>\n<meta name=\"author\" content=\"admintarapaca\" class=\"yoast-seo-meta-tag\" \/>\n<meta name=\"twitter:card\" content=\"summary_large_image\" class=\"yoast-seo-meta-tag\" \/>\n<meta name=\"twitter:label1\" content=\"Escrito por\" class=\"yoast-seo-meta-tag\" \/>\n\t<meta name=\"twitter:data1\" content=\"admintarapaca\" class=\"yoast-seo-meta-tag\" \/>\n\t<meta name=\"twitter:label2\" content=\"Tiempo estimado de lectura\" class=\"yoast-seo-meta-tag\" \/>\n\t<meta name=\"twitter:data2\" content=\"1 minuto\" class=\"yoast-seo-meta-tag\" \/>\n<script type=\"application\/ld+json\" class=\"yoast-schema-graph\">{\"@context\":\"https:\/\/schema.org\",\"@graph\":[{\"@type\":\"Article\",\"@id\":\"https:\/\/explora.cl\/tarapaca\/39859-2\/#article\",\"isPartOf\":{\"@id\":\"https:\/\/explora.cl\/tarapaca\/39859-2\/\"},\"author\":{\"name\":\"admintarapaca\",\"@id\":\"https:\/\/explora.cl\/tarapaca\/#\/schema\/person\/ca04f8a8f8e25243bd462d34eb1ca505\"},\"headline\":\"P\u00c1RVULOS PARTICIPARON DE OBSERVACI\u00d3N SOLAR Y DE &#8220;EL ALMACEN DE LOS COLORES&#8221;\",\"datePublished\":\"2023-06-28T15:11:30+00:00\",\"dateModified\":\"2023-06-28T15:29:02+00:00\",\"mainEntityOfPage\":{\"@id\":\"https:\/\/explora.cl\/tarapaca\/39859-2\/\"},\"wordCount\":116,\"commentCount\":0,\"image\":{\"@id\":\"https:\/\/explora.cl\/tarapaca\/39859-2\/#primaryimage\"},\"thumbnailUrl\":\"https:\/\/explora.cl\/tarapaca\/wp-content\/uploads\/sites\/3\/2023\/06\/DSC_0659-2.jpg\",\"articleSection\":[\"Noticias\"],\"inLanguage\":\"es-CL\",\"potentialAction\":[{\"@type\":\"CommentAction\",\"name\":\"Comment\",\"target\":[\"https:\/\/explora.cl\/tarapaca\/39859-2\/#respond\"]}]},{\"@type\":\"WebPage\",\"@id\":\"https:\/\/explora.cl\/tarapaca\/39859-2\/\",\"url\":\"https:\/\/explora.cl\/tarapaca\/39859-2\/\",\"name\":\"P\u00c1RVULOS PARTICIPARON DE OBSERVACI\u00d3N SOLAR Y DE \\\"EL ALMACEN DE LOS COLORES\\\" - Tarapaca\",\"isPartOf\":{\"@id\":\"https:\/\/explora.cl\/tarapaca\/#website\"},\"primaryImageOfPage\":{\"@id\":\"https:\/\/explora.cl\/tarapaca\/39859-2\/#primaryimage\"},\"image\":{\"@id\":\"https:\/\/explora.cl\/tarapaca\/39859-2\/#primaryimage\"},\"thumbnailUrl\":\"https:\/\/explora.cl\/tarapaca\/wp-content\/uploads\/sites\/3\/2023\/06\/DSC_0659-2.jpg\",\"datePublished\":\"2023-06-28T15:11:30+00:00\",\"dateModified\":\"2023-06-28T15:29:02+00:00\",\"author\":{\"@id\":\"https:\/\/explora.cl\/tarapaca\/#\/schema\/person\/ca04f8a8f8e25243bd462d34eb1ca505\"},\"breadcrumb\":{\"@id\":\"https:\/\/explora.cl\/tarapaca\/39859-2\/#breadcrumb\"},\"inLanguage\":\"es-CL\",\"potentialAction\":[{\"@type\":\"ReadAction\",\"target\":[\"https:\/\/explora.cl\/tarapaca\/39859-2\/\"]}]},{\"@type\":\"ImageObject\",\"inLanguage\":\"es-CL\",\"@id\":\"https:\/\/explora.cl\/tarapaca\/39859-2\/#primaryimage\",\"url\":\"https:\/\/explora.cl\/tarapaca\/wp-content\/uploads\/sites\/3\/2023\/06\/DSC_0659-2.jpg\",\"contentUrl\":\"https:\/\/explora.cl\/tarapaca\/wp-content\/uploads\/sites\/3\/2023\/06\/DSC_0659-2.jpg\",\"width\":4496,\"height\":3000},{\"@type\":\"BreadcrumbList\",\"@id\":\"https:\/\/explora.cl\/tarapaca\/39859-2\/#breadcrumb\",\"itemListElement\":[{\"@type\":\"ListItem\",\"position\":1,\"name\":\"Portada\",\"item\":\"https:\/\/explora.cl\/tarapaca\/\"},{\"@type\":\"ListItem\",\"position\":2,\"name\":\"P\u00c1RVULOS PARTICIPARON DE OBSERVACI\u00d3N SOLAR Y DE &#8220;EL ALMACEN DE LOS COLORES&#8221;\"}]},{\"@type\":\"WebSite\",\"@id\":\"https:\/\/explora.cl\/tarapaca\/#website\",\"url\":\"https:\/\/explora.cl\/tarapaca\/\",\"name\":\"Tarapaca\",\"description\":\"Otro sitio m\u00e1s de explora.cl\",\"potentialAction\":[{\"@type\":\"SearchAction\",\"target\":{\"@type\":\"EntryPoint\",\"urlTemplate\":\"https:\/\/explora.cl\/tarapaca\/?s={search_term_string}\"},\"query-input\":{\"@type\":\"PropertyValueSpecification\",\"valueRequired\":true,\"valueName\":\"search_term_string\"}}],\"inLanguage\":\"es-CL\"},{\"@type\":\"Person\",\"@id\":\"https:\/\/explora.cl\/tarapaca\/#\/schema\/person\/ca04f8a8f8e25243bd462d34eb1ca505\",\"name\":\"admintarapaca\",\"image\":{\"@type\":\"ImageObject\",\"inLanguage\":\"es-CL\",\"@id\":\"https:\/\/explora.cl\/tarapaca\/#\/schema\/person\/image\/\",\"url\":\"https:\/\/secure.gravatar.com\/avatar\/8ff4762fabbf7a1732a126425c82d628f08ba754529d77a55358cbb74e14343f?s=96&d=mm&r=g\",\"contentUrl\":\"https:\/\/secure.gravatar.com\/avatar\/8ff4762fabbf7a1732a126425c82d628f08ba754529d77a55358cbb74e14343f?s=96&d=mm&r=g\",\"caption\":\"admintarapaca\"},\"url\":\"https:\/\/explora.cl\/tarapaca\/author\/dolivares\/\"}]}<\/script>\n<!-- \/ Yoast SEO plugin. -->","yoast_head_json":{"title":"P\u00c1RVULOS PARTICIPARON DE OBSERVACI\u00d3N SOLAR Y DE \"EL ALMACEN DE LOS COLORES\" - Tarapaca","robots":{"index":"index","follow":"follow","max-snippet":"max-snippet:-1","max-image-preview":"max-image-preview:large","max-video-preview":"max-video-preview:-1"},"canonical":"https:\/\/explora.cl\/tarapaca\/39859-2\/","og_locale":"es_ES","og_type":"article","og_title":"P\u00c1RVULOS PARTICIPARON DE OBSERVACI\u00d3N SOLAR Y DE \"EL ALMACEN DE LOS COLORES\" - Tarapaca","og_description":"El jard\u00edn infantil Cucul\u00ed de Iquique fue pionero en conocer nuestra nueva iniciativa MINI PIPE, un complemento del Programa de Indagaci\u00f3n para Primeras Edades que permite acercar a los p\u00e1rvulos y educadoras a contenidos relacionados con ciencia, tecnolog\u00eda e innovaci\u00f3n. Adem\u00e1s, junto al astr\u00f3nomo, Pablo Gonz\u00e1lez, realizamos con los p\u00e1rvulos una did\u00e1ctica observaci\u00f3n solar, adem\u00e1s [&hellip;]","og_url":"https:\/\/explora.cl\/tarapaca\/39859-2\/","og_site_name":"Tarapaca","article_published_time":"2023-06-28T15:11:30+00:00","article_modified_time":"2023-06-28T15:29:02+00:00","og_image":[{"width":1024,"height":683,"url":"https:\/\/explora.cl\/tarapaca\/wp-content\/uploads\/sites\/3\/2023\/06\/DSC_0659-2-1024x683.jpg","type":"image\/jpeg"}],"author":"admintarapaca","twitter_card":"summary_large_image","twitter_misc":{"Escrito por":"admintarapaca","Tiempo estimado de lectura":"1 minuto"},"schema":{"@context":"https:\/\/schema.org","@graph":[{"@type":"Article","@id":"https:\/\/explora.cl\/tarapaca\/39859-2\/#article","isPartOf":{"@id":"https:\/\/explora.cl\/tarapaca\/39859-2\/"},"author":{"name":"admintarapaca","@id":"https:\/\/explora.cl\/tarapaca\/#\/schema\/person\/ca04f8a8f8e25243bd462d34eb1ca505"},"headline":"P\u00c1RVULOS PARTICIPARON DE OBSERVACI\u00d3N SOLAR Y DE &#8220;EL ALMACEN DE LOS COLORES&#8221;","datePublished":"2023-06-28T15:11:30+00:00","dateModified":"2023-06-28T15:29:02+00:00","mainEntityOfPage":{"@id":"https:\/\/explora.cl\/tarapaca\/39859-2\/"},"wordCount":116,"commentCount":0,"image":{"@id":"https:\/\/explora.cl\/tarapaca\/39859-2\/#primaryimage"},"thumbnailUrl":"https:\/\/explora.cl\/tarapaca\/wp-content\/uploads\/sites\/3\/2023\/06\/DSC_0659-2.jpg","articleSection":["Noticias"],"inLanguage":"es-CL","potentialAction":[{"@type":"CommentAction","name":"Comment","target":["https:\/\/explora.cl\/tarapaca\/39859-2\/#respond"]}]},{"@type":"WebPage","@id":"https:\/\/explora.cl\/tarapaca\/39859-2\/","url":"https:\/\/explora.cl\/tarapaca\/39859-2\/","name":"P\u00c1RVULOS PARTICIPARON DE OBSERVACI\u00d3N SOLAR Y DE \"EL ALMACEN DE LOS COLORES\" - Tarapaca","isPartOf":{"@id":"https:\/\/explora.cl\/tarapaca\/#website"},"primaryImageOfPage":{"@id":"https:\/\/explora.cl\/tarapaca\/39859-2\/#primaryimage"},"image":{"@id":"https:\/\/explora.cl\/tarapaca\/39859-2\/#primaryimage"},"thumbnailUrl":"https:\/\/explora.cl\/tarapaca\/wp-content\/uploads\/sites\/3\/2023\/06\/DSC_0659-2.jpg","datePublished":"2023-06-28T15:11:30+00:00","dateModified":"2023-06-28T15:29:02+00:00","author":{"@id":"https:\/\/explora.cl\/tarapaca\/#\/schema\/person\/ca04f8a8f8e25243bd462d34eb1ca505"},"breadcrumb":{"@id":"https:\/\/explora.cl\/tarapaca\/39859-2\/#breadcrumb"},"inLanguage":"es-CL","potentialAction":[{"@type":"ReadAction","target":["https:\/\/explora.cl\/tarapaca\/39859-2\/"]}]},{"@type":"ImageObject","inLanguage":"es-CL","@id":"https:\/\/explora.cl\/tarapaca\/39859-2\/#primaryimage","url":"https:\/\/explora.cl\/tarapaca\/wp-content\/uploads\/sites\/3\/2023\/06\/DSC_0659-2.jpg","contentUrl":"https:\/\/explora.cl\/tarapaca\/wp-content\/uploads\/sites\/3\/2023\/06\/DSC_0659-2.jpg","width":4496,"height":3000},{"@type":"BreadcrumbList","@id":"https:\/\/explora.cl\/tarapaca\/39859-2\/#breadcrumb","itemListElement":[{"@type":"ListItem","position":1,"name":"Portada","item":"https:\/\/explora.cl\/tarapaca\/"},{"@type":"ListItem","position":2,"name":"P\u00c1RVULOS PARTICIPARON DE OBSERVACI\u00d3N SOLAR Y DE &#8220;EL ALMACEN DE LOS COLORES&#8221;"}]},{"@type":"WebSite","@id":"https:\/\/explora.cl\/tarapaca\/#website","url":"https:\/\/explora.cl\/tarapaca\/","name":"Tarapaca","description":"Otro sitio m\u00e1s de explora.cl","potentialAction":[{"@type":"SearchAction","target":{"@type":"EntryPoint","urlTemplate":"https:\/\/explora.cl\/tarapaca\/?s={search_term_string}"},"query-input":{"@type":"PropertyValueSpecification","valueRequired":true,"valueName":"search_term_string"}}],"inLanguage":"es-CL"},{"@type":"Person","@id":"https:\/\/explora.cl\/tarapaca\/#\/schema\/person\/ca04f8a8f8e25243bd462d34eb1ca505","name":"admintarapaca","image":{"@type":"ImageObject","inLanguage":"es-CL","@id":"https:\/\/explora.cl\/tarapaca\/#\/schema\/person\/image\/","url":"https:\/\/secure.gravatar.com\/avatar\/8ff4762fabbf7a1732a126425c82d628f08ba754529d77a55358cbb74e14343f?s=96&d=mm&r=g","contentUrl":"https:\/\/secure.gravatar.com\/avatar\/8ff4762fabbf7a1732a126425c82d628f08ba754529d77a55358cbb74e14343f?s=96&d=mm&r=g","caption":"admintarapaca"},"url":"https:\/\/explora.cl\/tarapaca\/author\/dolivares\/"}]}},"_links":{"self":[{"href":"https:\/\/explora.cl\/tarapaca\/wp-json\/wp\/v2\/posts\/39859","targetHints":{"allow":["GET"]}}],"collection":[{"href":"https:\/\/explora.cl\/tarapaca\/wp-json\/wp\/v2\/posts"}],"about":[{"href":"https:\/\/explora.cl\/tarapaca\/wp-json\/wp\/v2\/types\/post"}],"author":[{"embeddable":true,"href":"https:\/\/explora.cl\/tarapaca\/wp-json\/wp\/v2\/users\/18"}],"replies":[{"embeddable":true,"href":"https:\/\/explora.cl\/tarapaca\/wp-json\/wp\/v2\/comments?post=39859"}],"version-history":[{"count":4,"href":"https:\/\/explora.cl\/tarapaca\/wp-json\/wp\/v2\/posts\/39859\/revisions"}],"predecessor-version":[{"id":39866,"href":"https:\/\/explora.cl\/tarapaca\/wp-json\/wp\/v2\/posts\/39859\/revisions\/39866"}],"wp:featuredmedia":[{"embeddable":true,"href":"https:\/\/explora.cl\/tarapaca\/wp-json\/wp\/v2\/media\/39860"}],"wp:attachment":[{"href":"https:\/\/explora.cl\/tarapaca\/wp-json\/wp\/v2\/media?parent=39859"}],"wp:term":[{"taxonomy":"category","embeddable":true,"href":"https:\/\/explora.cl\/tarapaca\/wp-json\/wp\/v2\/categories?post=39859"},{"taxonomy":"post_tag","embeddable":true,"href":"https:\/\/explora.cl\/tarapaca\/wp-json\/wp\/v2\/tags?post=39859"}],"curies":[{"name":"wp","href":"https:\/\/api.w.org\/{rel}","templated":true}]}}