{"id":39834,"date":"2022-10-05T13:03:43","date_gmt":"2022-10-05T16:03:43","guid":{"rendered":"https:\/\/explora.cl\/tarapaca\/?p=39834"},"modified":"2023-03-27T13:04:31","modified_gmt":"2023-03-27T16:04:31","slug":"familias-y-turistas-participaron-de-feria-cientifica-vive-las-ciencias-en-el-tamarugal-en-el-poblado-de-pica","status":"publish","type":"post","link":"https:\/\/explora.cl\/tarapaca\/familias-y-turistas-participaron-de-feria-cientifica-vive-las-ciencias-en-el-tamarugal-en-el-poblado-de-pica\/","title":{"rendered":"FAMILIAS Y TURISTAS PARTICIPARON DE FERIA CIENT\u00cdFICA \u201cVIVE-LAS CIENCIAS EN EL TAMARUGAL\u201d EN EL POBLADO DE PICA"},"content":{"rendered":"<p>&nbsp;<\/p>\n<p><img fetchpriority=\"high\" decoding=\"async\" class=\"alignnone size-medium wp-image-39835\" src=\"https:\/\/explora.cl\/tarapaca\/wp-content\/uploads\/sites\/3\/2023\/03\/310599713_2996622057150424_5511218818015412919_n-300x200.jpg\" alt=\"\" width=\"300\" height=\"200\" srcset=\"https:\/\/explora.cl\/tarapaca\/wp-content\/uploads\/sites\/3\/2023\/03\/310599713_2996622057150424_5511218818015412919_n-300x200.jpg 300w, https:\/\/explora.cl\/tarapaca\/wp-content\/uploads\/sites\/3\/2023\/03\/310599713_2996622057150424_5511218818015412919_n-768x512.jpg 768w, https:\/\/explora.cl\/tarapaca\/wp-content\/uploads\/sites\/3\/2023\/03\/310599713_2996622057150424_5511218818015412919_n.jpg 1024w\" sizes=\"(max-width: 300px) 100vw, 300px\" \/><\/p>\n<p><em>Actividad que forma parte del Festival de las Ciencias 2022 del PAR Explora Tarapac\u00e1 cont\u00f3 con una alta participaci\u00f3n de personas que conocieron sobre ciencia, tecnolog\u00eda, medioambiente y el Universo.<\/em><\/p>\n<p>Una gran participaci\u00f3n de familias pique\u00f1as y de turistas tuvo la gran feria cient\u00edfica Vive-las Ciencias en el Tamarugal, desarrollada en el Plaza de Armas de la localidad de Pica. Instancia organizada por el PAR Explora Tarapac\u00e1 del Ministerio de Ciencia, Tecnolog\u00eda, Conocimiento e Innovaci\u00f3n ejecutado por la Universidad de Tarapac\u00e1, en la que los visitantes pudieron acercarse, de manera l\u00fadica y did\u00e1ctica, a las ciencias, la tecnolog\u00eda, el medio ambiente y la innovaci\u00f3n.<\/p>\n<p>Actividad que forma parte de la programaci\u00f3n del Festival de las Ciencias FECI 2022, a la que se sumaron stands de apicultores de la comuna, el Servicio Agr\u00edcola Ganadero, que educ\u00f3 a los asistentes sobre las especies de insectos da\u00f1inos para los cultivos de Pica y c\u00f3mo identificarlos, as\u00ed como tambi\u00e9n, la Universidad de Arturo Prat, con un sistema para explicar la forma que la fuerza de gravedad ejerce en el Universo. Adem\u00e1s, la feria Vive-las Ciencias en el Tamarugal, present\u00f3 charlas magistrales sobre cosmolog\u00eda y el origen de las estrellas.<\/p>\n<p>El encargado de la actividad y asesor cient\u00edfico del PAR Explora Tarapac\u00e1, Pablo Gonz\u00e1lez, se\u00f1al\u00f3 que la feria rural en Pica, forma parte de una nutrida de agenda de panoramas enmarcados en el FECI 2022, celebraci\u00f3n que se extiende desde el 02 al 09 de octubre, en conmemoraci\u00f3n del D\u00eda del nacional de la Ciencia.<\/p>\n<p>&#8220;Ya estamos en la recta final de nuestra programaci\u00f3n del Festival de las Ciencia 2022, con la realizaci\u00f3n del a feria de la feria rural en Pica y varias visitas guiadas que se han desarrollado durante todas las semana en las que estudiantes, adultos y adultas han estado presentes en instituciones que presentan la ciencia a la comunidad&#8221;, explic\u00f3 Gonz\u00e1lez.<\/p>\n<p>As\u00ed mismo, extendi\u00f3 la invitaci\u00f3n a las y los tarapaque\u00f1os, a participar del resto de las actividades gratuitas que FECI 2022 tendr\u00e1 en la regi\u00f3n. &#8220;Quiero dejar cordialmente invitados a que se nos unan a nosotros en las instancias que quedan, como es la presentaci\u00f3n del Festival de Cine Cient\u00edfico por nuestras redes sociales desde el 07 al 09 de octubre y a la gran actividad de cierre el domingo 09 de octubre en el Parque Playa Brava con nuestra gran feria Vive-las Ciencias en Tarapac\u00e1&#8221;, manifest\u00f3 el asesor de Explora Tarapac\u00e1.<\/p>\n<p>La gran feria cient\u00edfica \u201cVive-las Ciencias en Tarapac\u00e1\u201d,\u00a0 se desarrollar\u00e1 al costado sur del expub Mango\u00b4s desde las 17:00 a las 20:00 horas y contar\u00e1 con una programaci\u00f3n de actividades para todas las edades, en las que destacan \u201cExplorando el Sistema Solar\u201d, \u201cPreg\u00fantale a un@ Cient\u00edfic@\u201d, talleres y presentaciones con tem\u00e1tica medioambiental, intercambio de libros de divulgaci\u00f3n cient\u00edfica y de ciencia-ficci\u00f3n, as\u00ed como tambi\u00e9n concursos de dibujos y shows art\u00edsticos.<\/p>\n","protected":false},"excerpt":{"rendered":"<p>&nbsp; Actividad que forma parte del Festival de las Ciencias 2022 del PAR Explora Tarapac\u00e1 cont\u00f3 con una alta participaci\u00f3n de personas que conocieron sobre ciencia, tecnolog\u00eda, medioambiente y el Universo. Una gran participaci\u00f3n de familias pique\u00f1as y de turistas tuvo la gran feria cient\u00edfica Vive-las Ciencias en el Tamarugal, desarrollada en el Plaza de [&hellip;]<\/p>\n","protected":false},"author":18,"featured_media":39835,"comment_status":"open","ping_status":"open","sticky":false,"template":"","format":"standard","meta":{"_acf_changed":false,"_exactmetrics_skip_tracking":false,"_exactmetrics_sitenote_active":false,"_exactmetrics_sitenote_note":"","_exactmetrics_sitenote_category":0,"footnotes":"","_links_to":"","_links_to_target":""},"categories":[4],"tags":[],"class_list":["post-39834","post","type-post","status-publish","format-standard","has-post-thumbnail","hentry","category-noticias"],"acf":[],"yoast_head":"<!-- This site is optimized with the Yoast SEO plugin v26.9 - https:\/\/yoast.com\/product\/yoast-seo-wordpress\/ -->\n<title>FAMILIAS Y TURISTAS PARTICIPARON DE FERIA CIENT\u00cdFICA \u201cVIVE-LAS CIENCIAS EN EL TAMARUGAL\u201d EN EL POBLADO DE PICA - Tarapaca<\/title>\n<meta name=\"robots\" content=\"index, follow, max-snippet:-1, max-image-preview:large, max-video-preview:-1\" \/>\n<link rel=\"canonical\" href=\"https:\/\/explora.cl\/tarapaca\/familias-y-turistas-participaron-de-feria-cientifica-vive-las-ciencias-en-el-tamarugal-en-el-poblado-de-pica\/\" class=\"yoast-seo-meta-tag\" \/>\n<meta property=\"og:locale\" content=\"es_ES\" class=\"yoast-seo-meta-tag\" \/>\n<meta property=\"og:type\" content=\"article\" class=\"yoast-seo-meta-tag\" \/>\n<meta property=\"og:title\" content=\"FAMILIAS Y TURISTAS PARTICIPARON DE FERIA CIENT\u00cdFICA \u201cVIVE-LAS CIENCIAS EN EL TAMARUGAL\u201d EN EL POBLADO DE PICA - Tarapaca\" class=\"yoast-seo-meta-tag\" \/>\n<meta property=\"og:description\" content=\"&nbsp; Actividad que forma parte del Festival de las Ciencias 2022 del PAR Explora Tarapac\u00e1 cont\u00f3 con una alta participaci\u00f3n de personas que conocieron sobre ciencia, tecnolog\u00eda, medioambiente y el Universo. Una gran participaci\u00f3n de familias pique\u00f1as y de turistas tuvo la gran feria cient\u00edfica Vive-las Ciencias en el Tamarugal, desarrollada en el Plaza de [&hellip;]\" class=\"yoast-seo-meta-tag\" \/>\n<meta property=\"og:url\" content=\"https:\/\/explora.cl\/tarapaca\/familias-y-turistas-participaron-de-feria-cientifica-vive-las-ciencias-en-el-tamarugal-en-el-poblado-de-pica\/\" class=\"yoast-seo-meta-tag\" \/>\n<meta property=\"og:site_name\" content=\"Tarapaca\" class=\"yoast-seo-meta-tag\" \/>\n<meta property=\"article:published_time\" content=\"2022-10-05T16:03:43+00:00\" class=\"yoast-seo-meta-tag\" \/>\n<meta property=\"article:modified_time\" content=\"2023-03-27T16:04:31+00:00\" class=\"yoast-seo-meta-tag\" \/>\n<meta property=\"og:image\" content=\"https:\/\/explora.cl\/tarapaca\/wp-content\/uploads\/sites\/3\/2023\/03\/310599713_2996622057150424_5511218818015412919_n.jpg\" class=\"yoast-seo-meta-tag\" \/>\n\t<meta property=\"og:image:width\" content=\"1024\" class=\"yoast-seo-meta-tag\" \/>\n\t<meta property=\"og:image:height\" content=\"683\" class=\"yoast-seo-meta-tag\" \/>\n\t<meta property=\"og:image:type\" content=\"image\/jpeg\" class=\"yoast-seo-meta-tag\" \/>\n<meta name=\"author\" content=\"admintarapaca\" class=\"yoast-seo-meta-tag\" \/>\n<meta name=\"twitter:card\" content=\"summary_large_image\" class=\"yoast-seo-meta-tag\" \/>\n<meta name=\"twitter:label1\" content=\"Escrito por\" class=\"yoast-seo-meta-tag\" \/>\n\t<meta name=\"twitter:data1\" content=\"admintarapaca\" class=\"yoast-seo-meta-tag\" \/>\n\t<meta name=\"twitter:label2\" content=\"Tiempo estimado de lectura\" class=\"yoast-seo-meta-tag\" \/>\n\t<meta name=\"twitter:data2\" content=\"3 minutos\" class=\"yoast-seo-meta-tag\" \/>\n<script type=\"application\/ld+json\" class=\"yoast-schema-graph\">{\"@context\":\"https:\/\/schema.org\",\"@graph\":[{\"@type\":\"Article\",\"@id\":\"https:\/\/explora.cl\/tarapaca\/familias-y-turistas-participaron-de-feria-cientifica-vive-las-ciencias-en-el-tamarugal-en-el-poblado-de-pica\/#article\",\"isPartOf\":{\"@id\":\"https:\/\/explora.cl\/tarapaca\/familias-y-turistas-participaron-de-feria-cientifica-vive-las-ciencias-en-el-tamarugal-en-el-poblado-de-pica\/\"},\"author\":{\"name\":\"admintarapaca\",\"@id\":\"https:\/\/explora.cl\/tarapaca\/#\/schema\/person\/ca04f8a8f8e25243bd462d34eb1ca505\"},\"headline\":\"FAMILIAS Y TURISTAS PARTICIPARON DE FERIA CIENT\u00cdFICA \u201cVIVE-LAS CIENCIAS EN EL TAMARUGAL\u201d EN EL POBLADO DE PICA\",\"datePublished\":\"2022-10-05T16:03:43+00:00\",\"dateModified\":\"2023-03-27T16:04:31+00:00\",\"mainEntityOfPage\":{\"@id\":\"https:\/\/explora.cl\/tarapaca\/familias-y-turistas-participaron-de-feria-cientifica-vive-las-ciencias-en-el-tamarugal-en-el-poblado-de-pica\/\"},\"wordCount\":522,\"commentCount\":0,\"image\":{\"@id\":\"https:\/\/explora.cl\/tarapaca\/familias-y-turistas-participaron-de-feria-cientifica-vive-las-ciencias-en-el-tamarugal-en-el-poblado-de-pica\/#primaryimage\"},\"thumbnailUrl\":\"https:\/\/explora.cl\/tarapaca\/wp-content\/uploads\/sites\/3\/2023\/03\/310599713_2996622057150424_5511218818015412919_n.jpg\",\"articleSection\":[\"Noticias\"],\"inLanguage\":\"es-CL\",\"potentialAction\":[{\"@type\":\"CommentAction\",\"name\":\"Comment\",\"target\":[\"https:\/\/explora.cl\/tarapaca\/familias-y-turistas-participaron-de-feria-cientifica-vive-las-ciencias-en-el-tamarugal-en-el-poblado-de-pica\/#respond\"]}]},{\"@type\":\"WebPage\",\"@id\":\"https:\/\/explora.cl\/tarapaca\/familias-y-turistas-participaron-de-feria-cientifica-vive-las-ciencias-en-el-tamarugal-en-el-poblado-de-pica\/\",\"url\":\"https:\/\/explora.cl\/tarapaca\/familias-y-turistas-participaron-de-feria-cientifica-vive-las-ciencias-en-el-tamarugal-en-el-poblado-de-pica\/\",\"name\":\"FAMILIAS Y TURISTAS PARTICIPARON DE FERIA CIENT\u00cdFICA \u201cVIVE-LAS CIENCIAS EN EL TAMARUGAL\u201d EN EL POBLADO DE PICA - Tarapaca\",\"isPartOf\":{\"@id\":\"https:\/\/explora.cl\/tarapaca\/#website\"},\"primaryImageOfPage\":{\"@id\":\"https:\/\/explora.cl\/tarapaca\/familias-y-turistas-participaron-de-feria-cientifica-vive-las-ciencias-en-el-tamarugal-en-el-poblado-de-pica\/#primaryimage\"},\"image\":{\"@id\":\"https:\/\/explora.cl\/tarapaca\/familias-y-turistas-participaron-de-feria-cientifica-vive-las-ciencias-en-el-tamarugal-en-el-poblado-de-pica\/#primaryimage\"},\"thumbnailUrl\":\"https:\/\/explora.cl\/tarapaca\/wp-content\/uploads\/sites\/3\/2023\/03\/310599713_2996622057150424_5511218818015412919_n.jpg\",\"datePublished\":\"2022-10-05T16:03:43+00:00\",\"dateModified\":\"2023-03-27T16:04:31+00:00\",\"author\":{\"@id\":\"https:\/\/explora.cl\/tarapaca\/#\/schema\/person\/ca04f8a8f8e25243bd462d34eb1ca505\"},\"breadcrumb\":{\"@id\":\"https:\/\/explora.cl\/tarapaca\/familias-y-turistas-participaron-de-feria-cientifica-vive-las-ciencias-en-el-tamarugal-en-el-poblado-de-pica\/#breadcrumb\"},\"inLanguage\":\"es-CL\",\"potentialAction\":[{\"@type\":\"ReadAction\",\"target\":[\"https:\/\/explora.cl\/tarapaca\/familias-y-turistas-participaron-de-feria-cientifica-vive-las-ciencias-en-el-tamarugal-en-el-poblado-de-pica\/\"]}]},{\"@type\":\"ImageObject\",\"inLanguage\":\"es-CL\",\"@id\":\"https:\/\/explora.cl\/tarapaca\/familias-y-turistas-participaron-de-feria-cientifica-vive-las-ciencias-en-el-tamarugal-en-el-poblado-de-pica\/#primaryimage\",\"url\":\"https:\/\/explora.cl\/tarapaca\/wp-content\/uploads\/sites\/3\/2023\/03\/310599713_2996622057150424_5511218818015412919_n.jpg\",\"contentUrl\":\"https:\/\/explora.cl\/tarapaca\/wp-content\/uploads\/sites\/3\/2023\/03\/310599713_2996622057150424_5511218818015412919_n.jpg\",\"width\":1024,\"height\":683},{\"@type\":\"BreadcrumbList\",\"@id\":\"https:\/\/explora.cl\/tarapaca\/familias-y-turistas-participaron-de-feria-cientifica-vive-las-ciencias-en-el-tamarugal-en-el-poblado-de-pica\/#breadcrumb\",\"itemListElement\":[{\"@type\":\"ListItem\",\"position\":1,\"name\":\"Portada\",\"item\":\"https:\/\/explora.cl\/tarapaca\/\"},{\"@type\":\"ListItem\",\"position\":2,\"name\":\"FAMILIAS Y TURISTAS PARTICIPARON DE FERIA CIENT\u00cdFICA \u201cVIVE-LAS CIENCIAS EN EL TAMARUGAL\u201d EN EL POBLADO DE PICA\"}]},{\"@type\":\"WebSite\",\"@id\":\"https:\/\/explora.cl\/tarapaca\/#website\",\"url\":\"https:\/\/explora.cl\/tarapaca\/\",\"name\":\"Tarapaca\",\"description\":\"Otro sitio m\u00e1s de explora.cl\",\"potentialAction\":[{\"@type\":\"SearchAction\",\"target\":{\"@type\":\"EntryPoint\",\"urlTemplate\":\"https:\/\/explora.cl\/tarapaca\/?s={search_term_string}\"},\"query-input\":{\"@type\":\"PropertyValueSpecification\",\"valueRequired\":true,\"valueName\":\"search_term_string\"}}],\"inLanguage\":\"es-CL\"},{\"@type\":\"Person\",\"@id\":\"https:\/\/explora.cl\/tarapaca\/#\/schema\/person\/ca04f8a8f8e25243bd462d34eb1ca505\",\"name\":\"admintarapaca\",\"image\":{\"@type\":\"ImageObject\",\"inLanguage\":\"es-CL\",\"@id\":\"https:\/\/explora.cl\/tarapaca\/#\/schema\/person\/image\/\",\"url\":\"https:\/\/secure.gravatar.com\/avatar\/8ff4762fabbf7a1732a126425c82d628f08ba754529d77a55358cbb74e14343f?s=96&d=mm&r=g\",\"contentUrl\":\"https:\/\/secure.gravatar.com\/avatar\/8ff4762fabbf7a1732a126425c82d628f08ba754529d77a55358cbb74e14343f?s=96&d=mm&r=g\",\"caption\":\"admintarapaca\"},\"url\":\"https:\/\/explora.cl\/tarapaca\/author\/dolivares\/\"}]}<\/script>\n<!-- \/ Yoast SEO plugin. -->","yoast_head_json":{"title":"FAMILIAS Y TURISTAS PARTICIPARON DE FERIA CIENT\u00cdFICA \u201cVIVE-LAS CIENCIAS EN EL TAMARUGAL\u201d EN EL POBLADO DE PICA - Tarapaca","robots":{"index":"index","follow":"follow","max-snippet":"max-snippet:-1","max-image-preview":"max-image-preview:large","max-video-preview":"max-video-preview:-1"},"canonical":"https:\/\/explora.cl\/tarapaca\/familias-y-turistas-participaron-de-feria-cientifica-vive-las-ciencias-en-el-tamarugal-en-el-poblado-de-pica\/","og_locale":"es_ES","og_type":"article","og_title":"FAMILIAS Y TURISTAS PARTICIPARON DE FERIA CIENT\u00cdFICA \u201cVIVE-LAS CIENCIAS EN EL TAMARUGAL\u201d EN EL POBLADO DE PICA - Tarapaca","og_description":"&nbsp; Actividad que forma parte del Festival de las Ciencias 2022 del PAR Explora Tarapac\u00e1 cont\u00f3 con una alta participaci\u00f3n de personas que conocieron sobre ciencia, tecnolog\u00eda, medioambiente y el Universo. Una gran participaci\u00f3n de familias pique\u00f1as y de turistas tuvo la gran feria cient\u00edfica Vive-las Ciencias en el Tamarugal, desarrollada en el Plaza de [&hellip;]","og_url":"https:\/\/explora.cl\/tarapaca\/familias-y-turistas-participaron-de-feria-cientifica-vive-las-ciencias-en-el-tamarugal-en-el-poblado-de-pica\/","og_site_name":"Tarapaca","article_published_time":"2022-10-05T16:03:43+00:00","article_modified_time":"2023-03-27T16:04:31+00:00","og_image":[{"width":1024,"height":683,"url":"https:\/\/explora.cl\/tarapaca\/wp-content\/uploads\/sites\/3\/2023\/03\/310599713_2996622057150424_5511218818015412919_n.jpg","type":"image\/jpeg"}],"author":"admintarapaca","twitter_card":"summary_large_image","twitter_misc":{"Escrito por":"admintarapaca","Tiempo estimado de lectura":"3 minutos"},"schema":{"@context":"https:\/\/schema.org","@graph":[{"@type":"Article","@id":"https:\/\/explora.cl\/tarapaca\/familias-y-turistas-participaron-de-feria-cientifica-vive-las-ciencias-en-el-tamarugal-en-el-poblado-de-pica\/#article","isPartOf":{"@id":"https:\/\/explora.cl\/tarapaca\/familias-y-turistas-participaron-de-feria-cientifica-vive-las-ciencias-en-el-tamarugal-en-el-poblado-de-pica\/"},"author":{"name":"admintarapaca","@id":"https:\/\/explora.cl\/tarapaca\/#\/schema\/person\/ca04f8a8f8e25243bd462d34eb1ca505"},"headline":"FAMILIAS Y TURISTAS PARTICIPARON DE FERIA CIENT\u00cdFICA \u201cVIVE-LAS CIENCIAS EN EL TAMARUGAL\u201d EN EL POBLADO DE PICA","datePublished":"2022-10-05T16:03:43+00:00","dateModified":"2023-03-27T16:04:31+00:00","mainEntityOfPage":{"@id":"https:\/\/explora.cl\/tarapaca\/familias-y-turistas-participaron-de-feria-cientifica-vive-las-ciencias-en-el-tamarugal-en-el-poblado-de-pica\/"},"wordCount":522,"commentCount":0,"image":{"@id":"https:\/\/explora.cl\/tarapaca\/familias-y-turistas-participaron-de-feria-cientifica-vive-las-ciencias-en-el-tamarugal-en-el-poblado-de-pica\/#primaryimage"},"thumbnailUrl":"https:\/\/explora.cl\/tarapaca\/wp-content\/uploads\/sites\/3\/2023\/03\/310599713_2996622057150424_5511218818015412919_n.jpg","articleSection":["Noticias"],"inLanguage":"es-CL","potentialAction":[{"@type":"CommentAction","name":"Comment","target":["https:\/\/explora.cl\/tarapaca\/familias-y-turistas-participaron-de-feria-cientifica-vive-las-ciencias-en-el-tamarugal-en-el-poblado-de-pica\/#respond"]}]},{"@type":"WebPage","@id":"https:\/\/explora.cl\/tarapaca\/familias-y-turistas-participaron-de-feria-cientifica-vive-las-ciencias-en-el-tamarugal-en-el-poblado-de-pica\/","url":"https:\/\/explora.cl\/tarapaca\/familias-y-turistas-participaron-de-feria-cientifica-vive-las-ciencias-en-el-tamarugal-en-el-poblado-de-pica\/","name":"FAMILIAS Y TURISTAS PARTICIPARON DE FERIA CIENT\u00cdFICA \u201cVIVE-LAS CIENCIAS EN EL TAMARUGAL\u201d EN EL POBLADO DE PICA - Tarapaca","isPartOf":{"@id":"https:\/\/explora.cl\/tarapaca\/#website"},"primaryImageOfPage":{"@id":"https:\/\/explora.cl\/tarapaca\/familias-y-turistas-participaron-de-feria-cientifica-vive-las-ciencias-en-el-tamarugal-en-el-poblado-de-pica\/#primaryimage"},"image":{"@id":"https:\/\/explora.cl\/tarapaca\/familias-y-turistas-participaron-de-feria-cientifica-vive-las-ciencias-en-el-tamarugal-en-el-poblado-de-pica\/#primaryimage"},"thumbnailUrl":"https:\/\/explora.cl\/tarapaca\/wp-content\/uploads\/sites\/3\/2023\/03\/310599713_2996622057150424_5511218818015412919_n.jpg","datePublished":"2022-10-05T16:03:43+00:00","dateModified":"2023-03-27T16:04:31+00:00","author":{"@id":"https:\/\/explora.cl\/tarapaca\/#\/schema\/person\/ca04f8a8f8e25243bd462d34eb1ca505"},"breadcrumb":{"@id":"https:\/\/explora.cl\/tarapaca\/familias-y-turistas-participaron-de-feria-cientifica-vive-las-ciencias-en-el-tamarugal-en-el-poblado-de-pica\/#breadcrumb"},"inLanguage":"es-CL","potentialAction":[{"@type":"ReadAction","target":["https:\/\/explora.cl\/tarapaca\/familias-y-turistas-participaron-de-feria-cientifica-vive-las-ciencias-en-el-tamarugal-en-el-poblado-de-pica\/"]}]},{"@type":"ImageObject","inLanguage":"es-CL","@id":"https:\/\/explora.cl\/tarapaca\/familias-y-turistas-participaron-de-feria-cientifica-vive-las-ciencias-en-el-tamarugal-en-el-poblado-de-pica\/#primaryimage","url":"https:\/\/explora.cl\/tarapaca\/wp-content\/uploads\/sites\/3\/2023\/03\/310599713_2996622057150424_5511218818015412919_n.jpg","contentUrl":"https:\/\/explora.cl\/tarapaca\/wp-content\/uploads\/sites\/3\/2023\/03\/310599713_2996622057150424_5511218818015412919_n.jpg","width":1024,"height":683},{"@type":"BreadcrumbList","@id":"https:\/\/explora.cl\/tarapaca\/familias-y-turistas-participaron-de-feria-cientifica-vive-las-ciencias-en-el-tamarugal-en-el-poblado-de-pica\/#breadcrumb","itemListElement":[{"@type":"ListItem","position":1,"name":"Portada","item":"https:\/\/explora.cl\/tarapaca\/"},{"@type":"ListItem","position":2,"name":"FAMILIAS Y TURISTAS PARTICIPARON DE FERIA CIENT\u00cdFICA \u201cVIVE-LAS CIENCIAS EN EL TAMARUGAL\u201d EN EL POBLADO DE PICA"}]},{"@type":"WebSite","@id":"https:\/\/explora.cl\/tarapaca\/#website","url":"https:\/\/explora.cl\/tarapaca\/","name":"Tarapaca","description":"Otro sitio m\u00e1s de explora.cl","potentialAction":[{"@type":"SearchAction","target":{"@type":"EntryPoint","urlTemplate":"https:\/\/explora.cl\/tarapaca\/?s={search_term_string}"},"query-input":{"@type":"PropertyValueSpecification","valueRequired":true,"valueName":"search_term_string"}}],"inLanguage":"es-CL"},{"@type":"Person","@id":"https:\/\/explora.cl\/tarapaca\/#\/schema\/person\/ca04f8a8f8e25243bd462d34eb1ca505","name":"admintarapaca","image":{"@type":"ImageObject","inLanguage":"es-CL","@id":"https:\/\/explora.cl\/tarapaca\/#\/schema\/person\/image\/","url":"https:\/\/secure.gravatar.com\/avatar\/8ff4762fabbf7a1732a126425c82d628f08ba754529d77a55358cbb74e14343f?s=96&d=mm&r=g","contentUrl":"https:\/\/secure.gravatar.com\/avatar\/8ff4762fabbf7a1732a126425c82d628f08ba754529d77a55358cbb74e14343f?s=96&d=mm&r=g","caption":"admintarapaca"},"url":"https:\/\/explora.cl\/tarapaca\/author\/dolivares\/"}]}},"_links":{"self":[{"href":"https:\/\/explora.cl\/tarapaca\/wp-json\/wp\/v2\/posts\/39834","targetHints":{"allow":["GET"]}}],"collection":[{"href":"https:\/\/explora.cl\/tarapaca\/wp-json\/wp\/v2\/posts"}],"about":[{"href":"https:\/\/explora.cl\/tarapaca\/wp-json\/wp\/v2\/types\/post"}],"author":[{"embeddable":true,"href":"https:\/\/explora.cl\/tarapaca\/wp-json\/wp\/v2\/users\/18"}],"replies":[{"embeddable":true,"href":"https:\/\/explora.cl\/tarapaca\/wp-json\/wp\/v2\/comments?post=39834"}],"version-history":[{"count":1,"href":"https:\/\/explora.cl\/tarapaca\/wp-json\/wp\/v2\/posts\/39834\/revisions"}],"predecessor-version":[{"id":39836,"href":"https:\/\/explora.cl\/tarapaca\/wp-json\/wp\/v2\/posts\/39834\/revisions\/39836"}],"wp:featuredmedia":[{"embeddable":true,"href":"https:\/\/explora.cl\/tarapaca\/wp-json\/wp\/v2\/media\/39835"}],"wp:attachment":[{"href":"https:\/\/explora.cl\/tarapaca\/wp-json\/wp\/v2\/media?parent=39834"}],"wp:term":[{"taxonomy":"category","embeddable":true,"href":"https:\/\/explora.cl\/tarapaca\/wp-json\/wp\/v2\/categories?post=39834"},{"taxonomy":"post_tag","embeddable":true,"href":"https:\/\/explora.cl\/tarapaca\/wp-json\/wp\/v2\/tags?post=39834"}],"curies":[{"name":"wp","href":"https:\/\/api.w.org\/{rel}","templated":true}]}}