{"id":39831,"date":"2022-10-10T12:56:55","date_gmt":"2022-10-10T15:56:55","guid":{"rendered":"https:\/\/explora.cl\/tarapaca\/?p=39831"},"modified":"2023-03-27T12:58:36","modified_gmt":"2023-03-27T15:58:36","slug":"mas-de-dos-mil-personas-fueron-parte-de-la-feria-vive-las-ciencias-en-tarapaca-en-el-parque-playa-brava","status":"publish","type":"post","link":"https:\/\/explora.cl\/tarapaca\/mas-de-dos-mil-personas-fueron-parte-de-la-feria-vive-las-ciencias-en-tarapaca-en-el-parque-playa-brava\/","title":{"rendered":"M\u00c1S DE DOS MIL PERSONAS FUERON PARTE DE LA FERIA \u201cVIVE-LAS CIENCIAS EN TARAPAC\u00c1\u201d EN EL PARQUE PLAYA BRAVA"},"content":{"rendered":"<p>&nbsp;<\/p>\n<p><em><img fetchpriority=\"high\" decoding=\"async\" class=\"alignnone size-medium wp-image-39832\" src=\"https:\/\/explora.cl\/tarapaca\/wp-content\/uploads\/sites\/3\/2023\/03\/307981598_3004202433059053_4752596955810231705_n-300x212.jpg\" alt=\"\" width=\"300\" height=\"212\" srcset=\"https:\/\/explora.cl\/tarapaca\/wp-content\/uploads\/sites\/3\/2023\/03\/307981598_3004202433059053_4752596955810231705_n-300x212.jpg 300w, https:\/\/explora.cl\/tarapaca\/wp-content\/uploads\/sites\/3\/2023\/03\/307981598_3004202433059053_4752596955810231705_n-768x543.jpg 768w, https:\/\/explora.cl\/tarapaca\/wp-content\/uploads\/sites\/3\/2023\/03\/307981598_3004202433059053_4752596955810231705_n.jpg 1024w\" sizes=\"(max-width: 300px) 100vw, 300px\" \/><\/em><\/p>\n<p><em>Adem<\/em><em>\u00e1s, cerca de 300 tarapaque\u00f1os participaron de las visitas guiadas en Iquique y el Tamarugal en el marco del Festival de las Ciencias FECI 2022 en Tarapac\u00e1.<\/em><\/p>\n<p>En el marco de la culminaci\u00f3n del Festival de las Ciencias FECI 2022, que se desarroll\u00f3 del 02 al 09 de octubre, es que en el Parque Playa Brava se realiz\u00f3 la feria cient\u00edfica Vive-las Ciencias en Tarapac\u00e1, actividad organizada por el PAR Explora Tarapac\u00e1. Instancia que reuni\u00f3 a m\u00e1s de dos mil personas en torno a la divulgaci\u00f3n cient\u00edfica, el conocimiento, la innovaci\u00f3n y la tecnolog\u00eda.<\/p>\n<p>Familias completas y curiosos se hicieron parte de la programaci\u00f3n de FECI 2022, participando de las charlas magistrales sobre el universo y el agua en el desierto, los intercambios de libros de Ciencia y ciencia ficci\u00f3n, el concurso de dibujo \u201cImagina tu ciencia\u201d, as\u00ed como tambi\u00e9n la intervenci\u00f3n \u201cPreguntale a un cient\u00edfic@\u201d. Adem\u00e1s, instituciones como la Universidad de Tarapac\u00e1 y la Universidad Arturo Prat, presentaron a la comunidad los proyectos cient\u00edficos que est\u00e1n desarrollando en la actualidad.<\/p>\n<p>Marisel Cornejo, quien visit\u00f3 la feria cient\u00edfica en el Parque Playa Brava, coment\u00f3 que \u201ctrato que los ni\u00f1os puedan tener la mayor cantidad de conocimiento y de experiencias y esta feria es una gran experiencia para todos los ni\u00f1os\u201d.<\/p>\n<p>El organizador de la feria \u201cVive-las Ciencias en Tarapac\u00e1\u201d, el asesor cient\u00edfico del proyecto Explora Tarapac\u00e1, Pablo Gonz\u00e1lez, se refiri\u00f3 a la gran convocatoria y el trasfondo de la actividad.<\/p>\n<p>\u201cEl Festival de las Ciencias es una instancia donde especialistas de distintas instituciones de la regi\u00f3n y el pa\u00eds pueden presentar su contribuci\u00f3n a la comunidad de forma l\u00fadica y entretenida, en materia de Ciencia y la Tecnolog\u00eda. Consideramos que estas instancias son fundamentales para el desarrollo y la divulgaci\u00f3n de la Ciencia, como tambi\u00e9n la educaci\u00f3n de la comunidad en el \u00e1mbito cient\u00edfico. Por eso creemos que el Festival de las Ciencias este a\u00f1o en la regi\u00f3n de Tarapac\u00e1 fue un gran \u00e9xito en particular por lo desarrollado en la feria Vive-las Ciencias en el parque Playa Brava\u201d, expres\u00f3 Gonz\u00e1lez.<\/p>\n<p>Asimismo, agradeci\u00f3 a las instituciones que se sumaron a esta edici\u00f3n del Festival de las Ciencias en la regi\u00f3n, las que abrieron sus puertas para realizar visitas guiadas en Iquique y el Tamarugal, participando m\u00e1s de 300 personas pertenecientes a establecimientos educacionales y hogares de adultos mayores.<\/p>\n<p>\u201cAgradecemos la participaci\u00f3n de toda la comunidad en la feria cient\u00edfica y esperamos enormemente que hayan disfrutado y aprendido junto a nosotros y tambi\u00e9n en forma especial queremos agradecer a las instituciones colaboradoras que estuvieron a lo largo del Festival de las Ciencias, tanto en la feria en las ferias de Pica e Iquique, como tambi\u00e9n en las visitas guiadas\u201d, manifest\u00f3.<\/p>\n<p>Por su parte, el seremi de Ciencia, Tecnolog\u00eda, Conocimiento e Innovaci\u00f3n, Rub\u00e9n Moraga, destac\u00f3 el gran marco de p\u00fablico que asisti\u00f3 a la feria cient\u00edfica. \u201cPrimero quiero felicitara Explora Tarapac\u00e1 por lo maravilloso de esta feria, hay una multitud de ni\u00f1os y ni\u00f1as, lo importante es que estamos dando a conocer lo que es la Ciencia desde la parte l\u00fadica y entretenida, con expresiones e integraci\u00f3n. Estamos s\u00faper contentos porque estamos democratizando el conocimiento y dando a conocer la innovaci\u00f3n y la tecnolog\u00eda al alcance de las familias\u201d, sostuvo la autoridad.<\/p>\n<p>Este programa y todas las iniciativas del Proyecto Explora Tarapac\u00e1 son financiadas por elMinisterio de Ciencia, Tecnolog\u00eda, Conocimiento e Innovaci\u00f3n y es ejecutadas por la Universidad de Tarapac\u00e1 Sede Iquique.<\/p>\n<p>&nbsp;<\/p>\n<p>&nbsp;<\/p>\n<p>&nbsp;<\/p>\n","protected":false},"excerpt":{"rendered":"<p>&nbsp; Adem\u00e1s, cerca de 300 tarapaque\u00f1os participaron de las visitas guiadas en Iquique y el Tamarugal en el marco del Festival de las Ciencias FECI 2022 en Tarapac\u00e1. En el marco de la culminaci\u00f3n del Festival de las Ciencias FECI 2022, que se desarroll\u00f3 del 02 al 09 de octubre, es que en el Parque [&hellip;]<\/p>\n","protected":false},"author":18,"featured_media":39832,"comment_status":"open","ping_status":"open","sticky":false,"template":"","format":"standard","meta":{"_acf_changed":false,"_exactmetrics_skip_tracking":false,"_exactmetrics_sitenote_active":false,"_exactmetrics_sitenote_note":"","_exactmetrics_sitenote_category":0,"footnotes":"","_links_to":"","_links_to_target":""},"categories":[4],"tags":[],"class_list":["post-39831","post","type-post","status-publish","format-standard","has-post-thumbnail","hentry","category-noticias"],"acf":[],"yoast_head":"<!-- This site is optimized with the Yoast SEO plugin v26.9 - https:\/\/yoast.com\/product\/yoast-seo-wordpress\/ -->\n<title>M\u00c1S DE DOS MIL PERSONAS FUERON PARTE DE LA FERIA \u201cVIVE-LAS CIENCIAS EN TARAPAC\u00c1\u201d EN EL PARQUE PLAYA BRAVA - Tarapaca<\/title>\n<meta name=\"robots\" content=\"index, follow, max-snippet:-1, max-image-preview:large, max-video-preview:-1\" \/>\n<link rel=\"canonical\" href=\"https:\/\/explora.cl\/tarapaca\/mas-de-dos-mil-personas-fueron-parte-de-la-feria-vive-las-ciencias-en-tarapaca-en-el-parque-playa-brava\/\" class=\"yoast-seo-meta-tag\" \/>\n<meta property=\"og:locale\" content=\"es_ES\" class=\"yoast-seo-meta-tag\" \/>\n<meta property=\"og:type\" content=\"article\" class=\"yoast-seo-meta-tag\" \/>\n<meta property=\"og:title\" content=\"M\u00c1S DE DOS MIL PERSONAS FUERON PARTE DE LA FERIA \u201cVIVE-LAS CIENCIAS EN TARAPAC\u00c1\u201d EN EL PARQUE PLAYA BRAVA - Tarapaca\" class=\"yoast-seo-meta-tag\" \/>\n<meta property=\"og:description\" content=\"&nbsp; Adem\u00e1s, cerca de 300 tarapaque\u00f1os participaron de las visitas guiadas en Iquique y el Tamarugal en el marco del Festival de las Ciencias FECI 2022 en Tarapac\u00e1. En el marco de la culminaci\u00f3n del Festival de las Ciencias FECI 2022, que se desarroll\u00f3 del 02 al 09 de octubre, es que en el Parque [&hellip;]\" class=\"yoast-seo-meta-tag\" \/>\n<meta property=\"og:url\" content=\"https:\/\/explora.cl\/tarapaca\/mas-de-dos-mil-personas-fueron-parte-de-la-feria-vive-las-ciencias-en-tarapaca-en-el-parque-playa-brava\/\" class=\"yoast-seo-meta-tag\" \/>\n<meta property=\"og:site_name\" content=\"Tarapaca\" class=\"yoast-seo-meta-tag\" \/>\n<meta property=\"article:published_time\" content=\"2022-10-10T15:56:55+00:00\" class=\"yoast-seo-meta-tag\" \/>\n<meta property=\"article:modified_time\" content=\"2023-03-27T15:58:36+00:00\" class=\"yoast-seo-meta-tag\" \/>\n<meta property=\"og:image\" content=\"https:\/\/explora.cl\/tarapaca\/wp-content\/uploads\/sites\/3\/2023\/03\/307981598_3004202433059053_4752596955810231705_n.jpg\" class=\"yoast-seo-meta-tag\" \/>\n\t<meta property=\"og:image:width\" content=\"1024\" class=\"yoast-seo-meta-tag\" \/>\n\t<meta property=\"og:image:height\" content=\"724\" class=\"yoast-seo-meta-tag\" \/>\n\t<meta property=\"og:image:type\" content=\"image\/jpeg\" class=\"yoast-seo-meta-tag\" \/>\n<meta name=\"author\" content=\"admintarapaca\" class=\"yoast-seo-meta-tag\" \/>\n<meta name=\"twitter:card\" content=\"summary_large_image\" class=\"yoast-seo-meta-tag\" \/>\n<meta name=\"twitter:label1\" content=\"Escrito por\" class=\"yoast-seo-meta-tag\" \/>\n\t<meta name=\"twitter:data1\" content=\"admintarapaca\" class=\"yoast-seo-meta-tag\" \/>\n\t<meta name=\"twitter:label2\" content=\"Tiempo estimado de lectura\" class=\"yoast-seo-meta-tag\" \/>\n\t<meta name=\"twitter:data2\" content=\"3 minutos\" class=\"yoast-seo-meta-tag\" \/>\n<script type=\"application\/ld+json\" class=\"yoast-schema-graph\">{\"@context\":\"https:\/\/schema.org\",\"@graph\":[{\"@type\":\"Article\",\"@id\":\"https:\/\/explora.cl\/tarapaca\/mas-de-dos-mil-personas-fueron-parte-de-la-feria-vive-las-ciencias-en-tarapaca-en-el-parque-playa-brava\/#article\",\"isPartOf\":{\"@id\":\"https:\/\/explora.cl\/tarapaca\/mas-de-dos-mil-personas-fueron-parte-de-la-feria-vive-las-ciencias-en-tarapaca-en-el-parque-playa-brava\/\"},\"author\":{\"name\":\"admintarapaca\",\"@id\":\"https:\/\/explora.cl\/tarapaca\/#\/schema\/person\/ca04f8a8f8e25243bd462d34eb1ca505\"},\"headline\":\"M\u00c1S DE DOS MIL PERSONAS FUERON PARTE DE LA FERIA \u201cVIVE-LAS CIENCIAS EN TARAPAC\u00c1\u201d EN EL PARQUE PLAYA BRAVA\",\"datePublished\":\"2022-10-10T15:56:55+00:00\",\"dateModified\":\"2023-03-27T15:58:36+00:00\",\"mainEntityOfPage\":{\"@id\":\"https:\/\/explora.cl\/tarapaca\/mas-de-dos-mil-personas-fueron-parte-de-la-feria-vive-las-ciencias-en-tarapaca-en-el-parque-playa-brava\/\"},\"wordCount\":642,\"commentCount\":0,\"image\":{\"@id\":\"https:\/\/explora.cl\/tarapaca\/mas-de-dos-mil-personas-fueron-parte-de-la-feria-vive-las-ciencias-en-tarapaca-en-el-parque-playa-brava\/#primaryimage\"},\"thumbnailUrl\":\"https:\/\/explora.cl\/tarapaca\/wp-content\/uploads\/sites\/3\/2023\/03\/307981598_3004202433059053_4752596955810231705_n.jpg\",\"articleSection\":[\"Noticias\"],\"inLanguage\":\"es-CL\",\"potentialAction\":[{\"@type\":\"CommentAction\",\"name\":\"Comment\",\"target\":[\"https:\/\/explora.cl\/tarapaca\/mas-de-dos-mil-personas-fueron-parte-de-la-feria-vive-las-ciencias-en-tarapaca-en-el-parque-playa-brava\/#respond\"]}]},{\"@type\":\"WebPage\",\"@id\":\"https:\/\/explora.cl\/tarapaca\/mas-de-dos-mil-personas-fueron-parte-de-la-feria-vive-las-ciencias-en-tarapaca-en-el-parque-playa-brava\/\",\"url\":\"https:\/\/explora.cl\/tarapaca\/mas-de-dos-mil-personas-fueron-parte-de-la-feria-vive-las-ciencias-en-tarapaca-en-el-parque-playa-brava\/\",\"name\":\"M\u00c1S DE DOS MIL PERSONAS FUERON PARTE DE LA FERIA \u201cVIVE-LAS CIENCIAS EN TARAPAC\u00c1\u201d EN EL PARQUE PLAYA BRAVA - Tarapaca\",\"isPartOf\":{\"@id\":\"https:\/\/explora.cl\/tarapaca\/#website\"},\"primaryImageOfPage\":{\"@id\":\"https:\/\/explora.cl\/tarapaca\/mas-de-dos-mil-personas-fueron-parte-de-la-feria-vive-las-ciencias-en-tarapaca-en-el-parque-playa-brava\/#primaryimage\"},\"image\":{\"@id\":\"https:\/\/explora.cl\/tarapaca\/mas-de-dos-mil-personas-fueron-parte-de-la-feria-vive-las-ciencias-en-tarapaca-en-el-parque-playa-brava\/#primaryimage\"},\"thumbnailUrl\":\"https:\/\/explora.cl\/tarapaca\/wp-content\/uploads\/sites\/3\/2023\/03\/307981598_3004202433059053_4752596955810231705_n.jpg\",\"datePublished\":\"2022-10-10T15:56:55+00:00\",\"dateModified\":\"2023-03-27T15:58:36+00:00\",\"author\":{\"@id\":\"https:\/\/explora.cl\/tarapaca\/#\/schema\/person\/ca04f8a8f8e25243bd462d34eb1ca505\"},\"breadcrumb\":{\"@id\":\"https:\/\/explora.cl\/tarapaca\/mas-de-dos-mil-personas-fueron-parte-de-la-feria-vive-las-ciencias-en-tarapaca-en-el-parque-playa-brava\/#breadcrumb\"},\"inLanguage\":\"es-CL\",\"potentialAction\":[{\"@type\":\"ReadAction\",\"target\":[\"https:\/\/explora.cl\/tarapaca\/mas-de-dos-mil-personas-fueron-parte-de-la-feria-vive-las-ciencias-en-tarapaca-en-el-parque-playa-brava\/\"]}]},{\"@type\":\"ImageObject\",\"inLanguage\":\"es-CL\",\"@id\":\"https:\/\/explora.cl\/tarapaca\/mas-de-dos-mil-personas-fueron-parte-de-la-feria-vive-las-ciencias-en-tarapaca-en-el-parque-playa-brava\/#primaryimage\",\"url\":\"https:\/\/explora.cl\/tarapaca\/wp-content\/uploads\/sites\/3\/2023\/03\/307981598_3004202433059053_4752596955810231705_n.jpg\",\"contentUrl\":\"https:\/\/explora.cl\/tarapaca\/wp-content\/uploads\/sites\/3\/2023\/03\/307981598_3004202433059053_4752596955810231705_n.jpg\",\"width\":1024,\"height\":724},{\"@type\":\"BreadcrumbList\",\"@id\":\"https:\/\/explora.cl\/tarapaca\/mas-de-dos-mil-personas-fueron-parte-de-la-feria-vive-las-ciencias-en-tarapaca-en-el-parque-playa-brava\/#breadcrumb\",\"itemListElement\":[{\"@type\":\"ListItem\",\"position\":1,\"name\":\"Portada\",\"item\":\"https:\/\/explora.cl\/tarapaca\/\"},{\"@type\":\"ListItem\",\"position\":2,\"name\":\"M\u00c1S DE DOS MIL PERSONAS FUERON PARTE DE LA FERIA \u201cVIVE-LAS CIENCIAS EN TARAPAC\u00c1\u201d EN EL PARQUE PLAYA BRAVA\"}]},{\"@type\":\"WebSite\",\"@id\":\"https:\/\/explora.cl\/tarapaca\/#website\",\"url\":\"https:\/\/explora.cl\/tarapaca\/\",\"name\":\"Tarapaca\",\"description\":\"Otro sitio m\u00e1s de explora.cl\",\"potentialAction\":[{\"@type\":\"SearchAction\",\"target\":{\"@type\":\"EntryPoint\",\"urlTemplate\":\"https:\/\/explora.cl\/tarapaca\/?s={search_term_string}\"},\"query-input\":{\"@type\":\"PropertyValueSpecification\",\"valueRequired\":true,\"valueName\":\"search_term_string\"}}],\"inLanguage\":\"es-CL\"},{\"@type\":\"Person\",\"@id\":\"https:\/\/explora.cl\/tarapaca\/#\/schema\/person\/ca04f8a8f8e25243bd462d34eb1ca505\",\"name\":\"admintarapaca\",\"image\":{\"@type\":\"ImageObject\",\"inLanguage\":\"es-CL\",\"@id\":\"https:\/\/explora.cl\/tarapaca\/#\/schema\/person\/image\/\",\"url\":\"https:\/\/secure.gravatar.com\/avatar\/8ff4762fabbf7a1732a126425c82d628f08ba754529d77a55358cbb74e14343f?s=96&d=mm&r=g\",\"contentUrl\":\"https:\/\/secure.gravatar.com\/avatar\/8ff4762fabbf7a1732a126425c82d628f08ba754529d77a55358cbb74e14343f?s=96&d=mm&r=g\",\"caption\":\"admintarapaca\"},\"url\":\"https:\/\/explora.cl\/tarapaca\/author\/dolivares\/\"}]}<\/script>\n<!-- \/ Yoast SEO plugin. -->","yoast_head_json":{"title":"M\u00c1S DE DOS MIL PERSONAS FUERON PARTE DE LA FERIA \u201cVIVE-LAS CIENCIAS EN TARAPAC\u00c1\u201d EN EL PARQUE PLAYA BRAVA - Tarapaca","robots":{"index":"index","follow":"follow","max-snippet":"max-snippet:-1","max-image-preview":"max-image-preview:large","max-video-preview":"max-video-preview:-1"},"canonical":"https:\/\/explora.cl\/tarapaca\/mas-de-dos-mil-personas-fueron-parte-de-la-feria-vive-las-ciencias-en-tarapaca-en-el-parque-playa-brava\/","og_locale":"es_ES","og_type":"article","og_title":"M\u00c1S DE DOS MIL PERSONAS FUERON PARTE DE LA FERIA \u201cVIVE-LAS CIENCIAS EN TARAPAC\u00c1\u201d EN EL PARQUE PLAYA BRAVA - Tarapaca","og_description":"&nbsp; Adem\u00e1s, cerca de 300 tarapaque\u00f1os participaron de las visitas guiadas en Iquique y el Tamarugal en el marco del Festival de las Ciencias FECI 2022 en Tarapac\u00e1. En el marco de la culminaci\u00f3n del Festival de las Ciencias FECI 2022, que se desarroll\u00f3 del 02 al 09 de octubre, es que en el Parque [&hellip;]","og_url":"https:\/\/explora.cl\/tarapaca\/mas-de-dos-mil-personas-fueron-parte-de-la-feria-vive-las-ciencias-en-tarapaca-en-el-parque-playa-brava\/","og_site_name":"Tarapaca","article_published_time":"2022-10-10T15:56:55+00:00","article_modified_time":"2023-03-27T15:58:36+00:00","og_image":[{"width":1024,"height":724,"url":"https:\/\/explora.cl\/tarapaca\/wp-content\/uploads\/sites\/3\/2023\/03\/307981598_3004202433059053_4752596955810231705_n.jpg","type":"image\/jpeg"}],"author":"admintarapaca","twitter_card":"summary_large_image","twitter_misc":{"Escrito por":"admintarapaca","Tiempo estimado de lectura":"3 minutos"},"schema":{"@context":"https:\/\/schema.org","@graph":[{"@type":"Article","@id":"https:\/\/explora.cl\/tarapaca\/mas-de-dos-mil-personas-fueron-parte-de-la-feria-vive-las-ciencias-en-tarapaca-en-el-parque-playa-brava\/#article","isPartOf":{"@id":"https:\/\/explora.cl\/tarapaca\/mas-de-dos-mil-personas-fueron-parte-de-la-feria-vive-las-ciencias-en-tarapaca-en-el-parque-playa-brava\/"},"author":{"name":"admintarapaca","@id":"https:\/\/explora.cl\/tarapaca\/#\/schema\/person\/ca04f8a8f8e25243bd462d34eb1ca505"},"headline":"M\u00c1S DE DOS MIL PERSONAS FUERON PARTE DE LA FERIA \u201cVIVE-LAS CIENCIAS EN TARAPAC\u00c1\u201d EN EL PARQUE PLAYA BRAVA","datePublished":"2022-10-10T15:56:55+00:00","dateModified":"2023-03-27T15:58:36+00:00","mainEntityOfPage":{"@id":"https:\/\/explora.cl\/tarapaca\/mas-de-dos-mil-personas-fueron-parte-de-la-feria-vive-las-ciencias-en-tarapaca-en-el-parque-playa-brava\/"},"wordCount":642,"commentCount":0,"image":{"@id":"https:\/\/explora.cl\/tarapaca\/mas-de-dos-mil-personas-fueron-parte-de-la-feria-vive-las-ciencias-en-tarapaca-en-el-parque-playa-brava\/#primaryimage"},"thumbnailUrl":"https:\/\/explora.cl\/tarapaca\/wp-content\/uploads\/sites\/3\/2023\/03\/307981598_3004202433059053_4752596955810231705_n.jpg","articleSection":["Noticias"],"inLanguage":"es-CL","potentialAction":[{"@type":"CommentAction","name":"Comment","target":["https:\/\/explora.cl\/tarapaca\/mas-de-dos-mil-personas-fueron-parte-de-la-feria-vive-las-ciencias-en-tarapaca-en-el-parque-playa-brava\/#respond"]}]},{"@type":"WebPage","@id":"https:\/\/explora.cl\/tarapaca\/mas-de-dos-mil-personas-fueron-parte-de-la-feria-vive-las-ciencias-en-tarapaca-en-el-parque-playa-brava\/","url":"https:\/\/explora.cl\/tarapaca\/mas-de-dos-mil-personas-fueron-parte-de-la-feria-vive-las-ciencias-en-tarapaca-en-el-parque-playa-brava\/","name":"M\u00c1S DE DOS MIL PERSONAS FUERON PARTE DE LA FERIA \u201cVIVE-LAS CIENCIAS EN TARAPAC\u00c1\u201d EN EL PARQUE PLAYA BRAVA - Tarapaca","isPartOf":{"@id":"https:\/\/explora.cl\/tarapaca\/#website"},"primaryImageOfPage":{"@id":"https:\/\/explora.cl\/tarapaca\/mas-de-dos-mil-personas-fueron-parte-de-la-feria-vive-las-ciencias-en-tarapaca-en-el-parque-playa-brava\/#primaryimage"},"image":{"@id":"https:\/\/explora.cl\/tarapaca\/mas-de-dos-mil-personas-fueron-parte-de-la-feria-vive-las-ciencias-en-tarapaca-en-el-parque-playa-brava\/#primaryimage"},"thumbnailUrl":"https:\/\/explora.cl\/tarapaca\/wp-content\/uploads\/sites\/3\/2023\/03\/307981598_3004202433059053_4752596955810231705_n.jpg","datePublished":"2022-10-10T15:56:55+00:00","dateModified":"2023-03-27T15:58:36+00:00","author":{"@id":"https:\/\/explora.cl\/tarapaca\/#\/schema\/person\/ca04f8a8f8e25243bd462d34eb1ca505"},"breadcrumb":{"@id":"https:\/\/explora.cl\/tarapaca\/mas-de-dos-mil-personas-fueron-parte-de-la-feria-vive-las-ciencias-en-tarapaca-en-el-parque-playa-brava\/#breadcrumb"},"inLanguage":"es-CL","potentialAction":[{"@type":"ReadAction","target":["https:\/\/explora.cl\/tarapaca\/mas-de-dos-mil-personas-fueron-parte-de-la-feria-vive-las-ciencias-en-tarapaca-en-el-parque-playa-brava\/"]}]},{"@type":"ImageObject","inLanguage":"es-CL","@id":"https:\/\/explora.cl\/tarapaca\/mas-de-dos-mil-personas-fueron-parte-de-la-feria-vive-las-ciencias-en-tarapaca-en-el-parque-playa-brava\/#primaryimage","url":"https:\/\/explora.cl\/tarapaca\/wp-content\/uploads\/sites\/3\/2023\/03\/307981598_3004202433059053_4752596955810231705_n.jpg","contentUrl":"https:\/\/explora.cl\/tarapaca\/wp-content\/uploads\/sites\/3\/2023\/03\/307981598_3004202433059053_4752596955810231705_n.jpg","width":1024,"height":724},{"@type":"BreadcrumbList","@id":"https:\/\/explora.cl\/tarapaca\/mas-de-dos-mil-personas-fueron-parte-de-la-feria-vive-las-ciencias-en-tarapaca-en-el-parque-playa-brava\/#breadcrumb","itemListElement":[{"@type":"ListItem","position":1,"name":"Portada","item":"https:\/\/explora.cl\/tarapaca\/"},{"@type":"ListItem","position":2,"name":"M\u00c1S DE DOS MIL PERSONAS FUERON PARTE DE LA FERIA \u201cVIVE-LAS CIENCIAS EN TARAPAC\u00c1\u201d EN EL PARQUE PLAYA BRAVA"}]},{"@type":"WebSite","@id":"https:\/\/explora.cl\/tarapaca\/#website","url":"https:\/\/explora.cl\/tarapaca\/","name":"Tarapaca","description":"Otro sitio m\u00e1s de explora.cl","potentialAction":[{"@type":"SearchAction","target":{"@type":"EntryPoint","urlTemplate":"https:\/\/explora.cl\/tarapaca\/?s={search_term_string}"},"query-input":{"@type":"PropertyValueSpecification","valueRequired":true,"valueName":"search_term_string"}}],"inLanguage":"es-CL"},{"@type":"Person","@id":"https:\/\/explora.cl\/tarapaca\/#\/schema\/person\/ca04f8a8f8e25243bd462d34eb1ca505","name":"admintarapaca","image":{"@type":"ImageObject","inLanguage":"es-CL","@id":"https:\/\/explora.cl\/tarapaca\/#\/schema\/person\/image\/","url":"https:\/\/secure.gravatar.com\/avatar\/8ff4762fabbf7a1732a126425c82d628f08ba754529d77a55358cbb74e14343f?s=96&d=mm&r=g","contentUrl":"https:\/\/secure.gravatar.com\/avatar\/8ff4762fabbf7a1732a126425c82d628f08ba754529d77a55358cbb74e14343f?s=96&d=mm&r=g","caption":"admintarapaca"},"url":"https:\/\/explora.cl\/tarapaca\/author\/dolivares\/"}]}},"_links":{"self":[{"href":"https:\/\/explora.cl\/tarapaca\/wp-json\/wp\/v2\/posts\/39831","targetHints":{"allow":["GET"]}}],"collection":[{"href":"https:\/\/explora.cl\/tarapaca\/wp-json\/wp\/v2\/posts"}],"about":[{"href":"https:\/\/explora.cl\/tarapaca\/wp-json\/wp\/v2\/types\/post"}],"author":[{"embeddable":true,"href":"https:\/\/explora.cl\/tarapaca\/wp-json\/wp\/v2\/users\/18"}],"replies":[{"embeddable":true,"href":"https:\/\/explora.cl\/tarapaca\/wp-json\/wp\/v2\/comments?post=39831"}],"version-history":[{"count":1,"href":"https:\/\/explora.cl\/tarapaca\/wp-json\/wp\/v2\/posts\/39831\/revisions"}],"predecessor-version":[{"id":39833,"href":"https:\/\/explora.cl\/tarapaca\/wp-json\/wp\/v2\/posts\/39831\/revisions\/39833"}],"wp:featuredmedia":[{"embeddable":true,"href":"https:\/\/explora.cl\/tarapaca\/wp-json\/wp\/v2\/media\/39832"}],"wp:attachment":[{"href":"https:\/\/explora.cl\/tarapaca\/wp-json\/wp\/v2\/media?parent=39831"}],"wp:term":[{"taxonomy":"category","embeddable":true,"href":"https:\/\/explora.cl\/tarapaca\/wp-json\/wp\/v2\/categories?post=39831"},{"taxonomy":"post_tag","embeddable":true,"href":"https:\/\/explora.cl\/tarapaca\/wp-json\/wp\/v2\/tags?post=39831"}],"curies":[{"name":"wp","href":"https:\/\/api.w.org\/{rel}","templated":true}]}}