{"id":39546,"date":"2022-05-18T14:03:17","date_gmt":"2022-05-18T18:03:17","guid":{"rendered":"https:\/\/explora.cl\/tarapaca\/?p=39546"},"modified":"2022-12-21T13:00:15","modified_gmt":"2022-12-21T16:00:15","slug":"explora-tarapaca-lanza-programas-para-2022","status":"publish","type":"post","link":"https:\/\/explora.cl\/tarapaca\/explora-tarapaca-lanza-programas-para-2022\/","title":{"rendered":"Explora Tarapac\u00e1 lanza programas para 2022"},"content":{"rendered":"<p>Con la presencia de m\u00e1s de 80 personas, entre estudiantes, profesores, autoridades y acad\u00e9micos de instituciones p\u00fablicas y privadas, se desarroll\u00f3 el lanzamiento de actividades 2022 del Proyecto Explora Tarapac\u00e1, jornada que se realiz\u00f3 en el hotel Gavina Sens y que tuvo como actividad central la charla \u201cMundos alrededor de peque\u00f1as estrellas\u201d la cual estuvo a cargo de la doctora en Astronom\u00eda B\u00e1rbara Rojas-Ayala, profesora asociada del Instituto de Alta Investigaci\u00f3n de la Universidad Tarapac\u00e1 (UTA). Dicha instancia propici\u00f3 un espacio para la retroalimentaci\u00f3n con los estudiantes y profesores participantes de la jornada.<\/p>\n<p>El seremi de Ciencias de la Macrozona Norte, Rub\u00e9n Moraga, destac\u00f3 el trabajo realizado por la Universidad de Tarapac\u00e1, a trav\u00e9s de su Proyecto Explora, para divulgar y valorar las ciencias con la comunidad de la regi\u00f3n, renovando el compromiso del Ministerio de Ciencia, Tecnolog\u00eda, Conocimiento e Innovaci\u00f3n en la descentralizaci\u00f3n del conocimiento y reforzar esfuerzos en cumplir los objetivos comunes por el beneficio de las comunidades de Tarapac\u00e1, enfocado en el beneficio que otorga el Programa Explora a la divulgaci\u00f3n cient\u00edfica.<\/p>\n<p>La jornada inaugural tambi\u00e9n consider\u00f3 las palabras del Premio Nacional de Historia 2014 y Director (s) del Instituto de Alta Investigaci\u00f3n de la UTA, Dr. Sergio Gonz\u00e1lez, qui\u00e9n motiv\u00f3 a los j\u00f3venes a encantarse con la ciencia; en tanto, su directora acad\u00e9mica, Ang\u00e9lica Cazenave, manifest\u00f3 la satisfacci\u00f3n de la universidad de asumir desde el 2019 la ejecuci\u00f3n del Proyecto Explora Tarapac\u00e1 para promover las ciencias en toda la regi\u00f3n.<\/p>\n<p>Esta jornada tuvo como objetivo presentar las diferentes iniciativas impulsadas por el Proyecto Explora Tarapac\u00e1, destacando en particular los dos programas que se encuentran en proceso de convocatoria, siendo uno de ellos Investigaci\u00f3n e Innovaci\u00f3n Escolar (IIE) el cual invita a los establecimientos educacionales de Tarapac\u00e1 a inscribirse en las Academias IIE 2022. Los beneficiarios podr\u00e1n acceder a talleres, conversatorios y asesor\u00eda cient\u00edfica especializada para desarrollar y potenciar sus proyectos cient\u00edficos escolares.<\/p>\n<p>Al respecto, Valeska Zepeda, directora ejecutiva, coment\u00f3 que \u201cqueremos apoyar a los equipos de investigaciones o innovaciones, entregando competencias t\u00e9cnicas y transversales. Del mismo modo, invitamos a profesionales y acad\u00e9micos de organismos p\u00fablicos y privados a sumarse a participar por medio del Comit\u00e9 de Asesores Cient\u00edficos de las Academias para apoyar a nuestros estudiantes en sus proyectos.\u201d<\/p>\n<p>La otra iniciativa se trata del \u201cPrograma de Indagaci\u00f3n para Primeras Edades\u201d (PIPE) la cual busca fortalecer las competencias cient\u00edficas de los equipos pedag\u00f3gicos de educaci\u00f3n parvularia con el prop\u00f3sito de desarrollar en ni\u00f1os y ni\u00f1as las competencias necesarias para que conozcan y comprendan el mundo que los rodea. En ese sentido, el Proyecto Explora Tarapac\u00e1 invita a profesionales de la educaci\u00f3n parvularia a ser parte de las capacitaciones en la metodolog\u00eda indagatoria para que puedan aplicarlas en el aula con sus ni\u00f1os y ni\u00f1as.<\/p>\n<p>\u201cEsperamos que con la presencialidad podamos llegar a toda la comunidad con nuestros diferentes programas, alcanzando todas las comunas de la regi\u00f3n\u201d, concluy\u00f3 Zepeda.<\/p>\n<p>Para mayor informaci\u00f3n pueden ingresar a las redes sociales del Explora Tarapac\u00e1 o a su p\u00e1gina web <a href=\"https:\/\/explora.cl\/tarapaca\">explora.cl\/tarapaca<\/a>. El Proyecto Explora Tarapac\u00e1 es financiado por el Ministerio de Ciencia, Tecnolog\u00eda, Conocimiento e Innovaci\u00f3n y es ejecutado por la Universidad de Tarapac\u00e1 Sede Iquique.<\/p>\n<p><img fetchpriority=\"high\" decoding=\"async\" class=\"alignnone size-medium wp-image-39549\" src=\"https:\/\/explora.cl\/tarapaca\/wp-content\/uploads\/sites\/3\/2022\/05\/Jornada-Inaugural-2-300x200.jpg\" alt=\"\" width=\"300\" height=\"200\" srcset=\"https:\/\/explora.cl\/tarapaca\/wp-content\/uploads\/sites\/3\/2022\/05\/Jornada-Inaugural-2-300x200.jpg 300w, https:\/\/explora.cl\/tarapaca\/wp-content\/uploads\/sites\/3\/2022\/05\/Jornada-Inaugural-2-768x512.jpg 768w, https:\/\/explora.cl\/tarapaca\/wp-content\/uploads\/sites\/3\/2022\/05\/Jornada-Inaugural-2-1024x683.jpg 1024w, https:\/\/explora.cl\/tarapaca\/wp-content\/uploads\/sites\/3\/2022\/05\/Jornada-Inaugural-2.jpg 2048w\" sizes=\"(max-width: 300px) 100vw, 300px\" \/><img decoding=\"async\" class=\"alignnone size-medium wp-image-39550\" src=\"https:\/\/explora.cl\/tarapaca\/wp-content\/uploads\/sites\/3\/2022\/05\/Jornada-Inaugural-4-300x200.jpg\" alt=\"\" width=\"300\" height=\"200\" srcset=\"https:\/\/explora.cl\/tarapaca\/wp-content\/uploads\/sites\/3\/2022\/05\/Jornada-Inaugural-4-300x200.jpg 300w, https:\/\/explora.cl\/tarapaca\/wp-content\/uploads\/sites\/3\/2022\/05\/Jornada-Inaugural-4-768x512.jpg 768w, https:\/\/explora.cl\/tarapaca\/wp-content\/uploads\/sites\/3\/2022\/05\/Jornada-Inaugural-4-1024x683.jpg 1024w, https:\/\/explora.cl\/tarapaca\/wp-content\/uploads\/sites\/3\/2022\/05\/Jornada-Inaugural-4.jpg 2048w\" sizes=\"(max-width: 300px) 100vw, 300px\" \/><img decoding=\"async\" class=\"alignnone size-medium wp-image-39551\" src=\"https:\/\/explora.cl\/tarapaca\/wp-content\/uploads\/sites\/3\/2022\/05\/Jornada-Inaugural-6-300x201.jpg\" alt=\"\" width=\"300\" height=\"201\" srcset=\"https:\/\/explora.cl\/tarapaca\/wp-content\/uploads\/sites\/3\/2022\/05\/Jornada-Inaugural-6-300x201.jpg 300w, https:\/\/explora.cl\/tarapaca\/wp-content\/uploads\/sites\/3\/2022\/05\/Jornada-Inaugural-6-768x514.jpg 768w, https:\/\/explora.cl\/tarapaca\/wp-content\/uploads\/sites\/3\/2022\/05\/Jornada-Inaugural-6-1024x685.jpg 1024w, https:\/\/explora.cl\/tarapaca\/wp-content\/uploads\/sites\/3\/2022\/05\/Jornada-Inaugural-6.jpg 2048w\" sizes=\"(max-width: 300px) 100vw, 300px\" \/><img loading=\"lazy\" decoding=\"async\" class=\"alignnone size-medium wp-image-39553\" src=\"https:\/\/explora.cl\/tarapaca\/wp-content\/uploads\/sites\/3\/2022\/05\/Jornada-Inaugural-3-300x236.jpg\" alt=\"\" width=\"300\" height=\"236\" srcset=\"https:\/\/explora.cl\/tarapaca\/wp-content\/uploads\/sites\/3\/2022\/05\/Jornada-Inaugural-3-300x236.jpg 300w, https:\/\/explora.cl\/tarapaca\/wp-content\/uploads\/sites\/3\/2022\/05\/Jornada-Inaugural-3-768x603.jpg 768w, https:\/\/explora.cl\/tarapaca\/wp-content\/uploads\/sites\/3\/2022\/05\/Jornada-Inaugural-3-1024x804.jpg 1024w, https:\/\/explora.cl\/tarapaca\/wp-content\/uploads\/sites\/3\/2022\/05\/Jornada-Inaugural-3.jpg 2048w\" sizes=\"(max-width: 300px) 100vw, 300px\" \/><\/p>\n","protected":false},"excerpt":{"rendered":"<p>Con la presencia de m\u00e1s de 80 personas, entre estudiantes, profesores, autoridades y acad\u00e9micos de instituciones p\u00fablicas y privadas, se desarroll\u00f3 el lanzamiento de actividades 2022 del Proyecto Explora Tarapac\u00e1, jornada que se realiz\u00f3 en el hotel Gavina Sens y que tuvo como actividad central la charla \u201cMundos alrededor de peque\u00f1as estrellas\u201d la cual estuvo [&hellip;]<\/p>\n","protected":false},"author":18,"featured_media":39547,"comment_status":"open","ping_status":"open","sticky":false,"template":"","format":"standard","meta":{"_acf_changed":false,"_exactmetrics_skip_tracking":false,"_exactmetrics_sitenote_active":false,"_exactmetrics_sitenote_note":"","_exactmetrics_sitenote_category":0,"footnotes":"","_links_to":"","_links_to_target":""},"categories":[143,4,1],"tags":[23,181,201,183,215],"class_list":["post-39546","post","type-post","status-publish","format-standard","has-post-thumbnail","hentry","category-lugar-8","category-noticias","category-sin-categoria","tag-explora","tag-ministerio-de-ciencia","tag-universidad-de-tarapaca","tag-uta","tag-uta-iquique"],"acf":[],"yoast_head":"<!-- This site is optimized with the Yoast SEO plugin v26.9 - https:\/\/yoast.com\/product\/yoast-seo-wordpress\/ -->\n<title>Explora Tarapac\u00e1 lanza programas para 2022 - Tarapaca<\/title>\n<meta name=\"robots\" content=\"index, follow, max-snippet:-1, max-image-preview:large, max-video-preview:-1\" \/>\n<link rel=\"canonical\" href=\"https:\/\/explora.cl\/tarapaca\/explora-tarapaca-lanza-programas-para-2022\/\" class=\"yoast-seo-meta-tag\" \/>\n<meta property=\"og:locale\" content=\"es_ES\" class=\"yoast-seo-meta-tag\" \/>\n<meta property=\"og:type\" content=\"article\" class=\"yoast-seo-meta-tag\" \/>\n<meta property=\"og:title\" content=\"Explora Tarapac\u00e1 lanza programas para 2022 - Tarapaca\" class=\"yoast-seo-meta-tag\" \/>\n<meta property=\"og:description\" content=\"Con la presencia de m\u00e1s de 80 personas, entre estudiantes, profesores, autoridades y acad\u00e9micos de instituciones p\u00fablicas y privadas, se desarroll\u00f3 el lanzamiento de actividades 2022 del Proyecto Explora Tarapac\u00e1, jornada que se realiz\u00f3 en el hotel Gavina Sens y que tuvo como actividad central la charla \u201cMundos alrededor de peque\u00f1as estrellas\u201d la cual estuvo [&hellip;]\" class=\"yoast-seo-meta-tag\" \/>\n<meta property=\"og:url\" content=\"https:\/\/explora.cl\/tarapaca\/explora-tarapaca-lanza-programas-para-2022\/\" class=\"yoast-seo-meta-tag\" \/>\n<meta property=\"og:site_name\" content=\"Tarapaca\" class=\"yoast-seo-meta-tag\" \/>\n<meta property=\"article:published_time\" content=\"2022-05-18T18:03:17+00:00\" class=\"yoast-seo-meta-tag\" \/>\n<meta property=\"article:modified_time\" content=\"2022-12-21T16:00:15+00:00\" class=\"yoast-seo-meta-tag\" \/>\n<meta property=\"og:image\" content=\"https:\/\/explora.cl\/tarapaca\/wp-content\/uploads\/sites\/3\/2022\/05\/Jornada-Inaugural-1-e1652896713834.jpg\" class=\"yoast-seo-meta-tag\" \/>\n\t<meta property=\"og:image:width\" content=\"2042\" class=\"yoast-seo-meta-tag\" \/>\n\t<meta property=\"og:image:height\" content=\"906\" class=\"yoast-seo-meta-tag\" \/>\n\t<meta property=\"og:image:type\" content=\"image\/jpeg\" class=\"yoast-seo-meta-tag\" \/>\n<meta name=\"author\" content=\"admintarapaca\" class=\"yoast-seo-meta-tag\" \/>\n<meta name=\"twitter:card\" content=\"summary_large_image\" class=\"yoast-seo-meta-tag\" \/>\n<meta name=\"twitter:label1\" content=\"Escrito por\" class=\"yoast-seo-meta-tag\" \/>\n\t<meta name=\"twitter:data1\" content=\"admintarapaca\" class=\"yoast-seo-meta-tag\" \/>\n\t<meta name=\"twitter:label2\" content=\"Tiempo estimado de lectura\" class=\"yoast-seo-meta-tag\" \/>\n\t<meta name=\"twitter:data2\" content=\"3 minutos\" class=\"yoast-seo-meta-tag\" \/>\n<script type=\"application\/ld+json\" class=\"yoast-schema-graph\">{\"@context\":\"https:\/\/schema.org\",\"@graph\":[{\"@type\":\"Article\",\"@id\":\"https:\/\/explora.cl\/tarapaca\/explora-tarapaca-lanza-programas-para-2022\/#article\",\"isPartOf\":{\"@id\":\"https:\/\/explora.cl\/tarapaca\/explora-tarapaca-lanza-programas-para-2022\/\"},\"author\":{\"name\":\"admintarapaca\",\"@id\":\"https:\/\/explora.cl\/tarapaca\/#\/schema\/person\/ca04f8a8f8e25243bd462d34eb1ca505\"},\"headline\":\"Explora Tarapac\u00e1 lanza programas para 2022\",\"datePublished\":\"2022-05-18T18:03:17+00:00\",\"dateModified\":\"2022-12-21T16:00:15+00:00\",\"mainEntityOfPage\":{\"@id\":\"https:\/\/explora.cl\/tarapaca\/explora-tarapaca-lanza-programas-para-2022\/\"},\"wordCount\":579,\"commentCount\":0,\"image\":{\"@id\":\"https:\/\/explora.cl\/tarapaca\/explora-tarapaca-lanza-programas-para-2022\/#primaryimage\"},\"thumbnailUrl\":\"https:\/\/explora.cl\/tarapaca\/wp-content\/uploads\/sites\/3\/2022\/05\/Jornada-Inaugural-1-e1652896713834.jpg\",\"keywords\":[\"EXPLORA\",\"Ministerio de Ciencia\",\"Universidad de Tarapac\u00e1\",\"UTA\",\"UTA Iquique\"],\"articleSection\":[\"Lugar 8\",\"Noticias\"],\"inLanguage\":\"es-CL\",\"potentialAction\":[{\"@type\":\"CommentAction\",\"name\":\"Comment\",\"target\":[\"https:\/\/explora.cl\/tarapaca\/explora-tarapaca-lanza-programas-para-2022\/#respond\"]}]},{\"@type\":\"WebPage\",\"@id\":\"https:\/\/explora.cl\/tarapaca\/explora-tarapaca-lanza-programas-para-2022\/\",\"url\":\"https:\/\/explora.cl\/tarapaca\/explora-tarapaca-lanza-programas-para-2022\/\",\"name\":\"Explora Tarapac\u00e1 lanza programas para 2022 - Tarapaca\",\"isPartOf\":{\"@id\":\"https:\/\/explora.cl\/tarapaca\/#website\"},\"primaryImageOfPage\":{\"@id\":\"https:\/\/explora.cl\/tarapaca\/explora-tarapaca-lanza-programas-para-2022\/#primaryimage\"},\"image\":{\"@id\":\"https:\/\/explora.cl\/tarapaca\/explora-tarapaca-lanza-programas-para-2022\/#primaryimage\"},\"thumbnailUrl\":\"https:\/\/explora.cl\/tarapaca\/wp-content\/uploads\/sites\/3\/2022\/05\/Jornada-Inaugural-1-e1652896713834.jpg\",\"datePublished\":\"2022-05-18T18:03:17+00:00\",\"dateModified\":\"2022-12-21T16:00:15+00:00\",\"author\":{\"@id\":\"https:\/\/explora.cl\/tarapaca\/#\/schema\/person\/ca04f8a8f8e25243bd462d34eb1ca505\"},\"breadcrumb\":{\"@id\":\"https:\/\/explora.cl\/tarapaca\/explora-tarapaca-lanza-programas-para-2022\/#breadcrumb\"},\"inLanguage\":\"es-CL\",\"potentialAction\":[{\"@type\":\"ReadAction\",\"target\":[\"https:\/\/explora.cl\/tarapaca\/explora-tarapaca-lanza-programas-para-2022\/\"]}]},{\"@type\":\"ImageObject\",\"inLanguage\":\"es-CL\",\"@id\":\"https:\/\/explora.cl\/tarapaca\/explora-tarapaca-lanza-programas-para-2022\/#primaryimage\",\"url\":\"https:\/\/explora.cl\/tarapaca\/wp-content\/uploads\/sites\/3\/2022\/05\/Jornada-Inaugural-1-e1652896713834.jpg\",\"contentUrl\":\"https:\/\/explora.cl\/tarapaca\/wp-content\/uploads\/sites\/3\/2022\/05\/Jornada-Inaugural-1-e1652896713834.jpg\",\"width\":2042,\"height\":906},{\"@type\":\"BreadcrumbList\",\"@id\":\"https:\/\/explora.cl\/tarapaca\/explora-tarapaca-lanza-programas-para-2022\/#breadcrumb\",\"itemListElement\":[{\"@type\":\"ListItem\",\"position\":1,\"name\":\"Portada\",\"item\":\"https:\/\/explora.cl\/tarapaca\/\"},{\"@type\":\"ListItem\",\"position\":2,\"name\":\"Explora Tarapac\u00e1 lanza programas para 2022\"}]},{\"@type\":\"WebSite\",\"@id\":\"https:\/\/explora.cl\/tarapaca\/#website\",\"url\":\"https:\/\/explora.cl\/tarapaca\/\",\"name\":\"Tarapaca\",\"description\":\"Otro sitio m\u00e1s de explora.cl\",\"potentialAction\":[{\"@type\":\"SearchAction\",\"target\":{\"@type\":\"EntryPoint\",\"urlTemplate\":\"https:\/\/explora.cl\/tarapaca\/?s={search_term_string}\"},\"query-input\":{\"@type\":\"PropertyValueSpecification\",\"valueRequired\":true,\"valueName\":\"search_term_string\"}}],\"inLanguage\":\"es-CL\"},{\"@type\":\"Person\",\"@id\":\"https:\/\/explora.cl\/tarapaca\/#\/schema\/person\/ca04f8a8f8e25243bd462d34eb1ca505\",\"name\":\"admintarapaca\",\"image\":{\"@type\":\"ImageObject\",\"inLanguage\":\"es-CL\",\"@id\":\"https:\/\/explora.cl\/tarapaca\/#\/schema\/person\/image\/\",\"url\":\"https:\/\/secure.gravatar.com\/avatar\/8ff4762fabbf7a1732a126425c82d628f08ba754529d77a55358cbb74e14343f?s=96&d=mm&r=g\",\"contentUrl\":\"https:\/\/secure.gravatar.com\/avatar\/8ff4762fabbf7a1732a126425c82d628f08ba754529d77a55358cbb74e14343f?s=96&d=mm&r=g\",\"caption\":\"admintarapaca\"},\"url\":\"https:\/\/explora.cl\/tarapaca\/author\/dolivares\/\"}]}<\/script>\n<!-- \/ Yoast SEO plugin. -->","yoast_head_json":{"title":"Explora Tarapac\u00e1 lanza programas para 2022 - Tarapaca","robots":{"index":"index","follow":"follow","max-snippet":"max-snippet:-1","max-image-preview":"max-image-preview:large","max-video-preview":"max-video-preview:-1"},"canonical":"https:\/\/explora.cl\/tarapaca\/explora-tarapaca-lanza-programas-para-2022\/","og_locale":"es_ES","og_type":"article","og_title":"Explora Tarapac\u00e1 lanza programas para 2022 - Tarapaca","og_description":"Con la presencia de m\u00e1s de 80 personas, entre estudiantes, profesores, autoridades y acad\u00e9micos de instituciones p\u00fablicas y privadas, se desarroll\u00f3 el lanzamiento de actividades 2022 del Proyecto Explora Tarapac\u00e1, jornada que se realiz\u00f3 en el hotel Gavina Sens y que tuvo como actividad central la charla \u201cMundos alrededor de peque\u00f1as estrellas\u201d la cual estuvo [&hellip;]","og_url":"https:\/\/explora.cl\/tarapaca\/explora-tarapaca-lanza-programas-para-2022\/","og_site_name":"Tarapaca","article_published_time":"2022-05-18T18:03:17+00:00","article_modified_time":"2022-12-21T16:00:15+00:00","og_image":[{"width":2042,"height":906,"url":"https:\/\/explora.cl\/tarapaca\/wp-content\/uploads\/sites\/3\/2022\/05\/Jornada-Inaugural-1-e1652896713834.jpg","type":"image\/jpeg"}],"author":"admintarapaca","twitter_card":"summary_large_image","twitter_misc":{"Escrito por":"admintarapaca","Tiempo estimado de lectura":"3 minutos"},"schema":{"@context":"https:\/\/schema.org","@graph":[{"@type":"Article","@id":"https:\/\/explora.cl\/tarapaca\/explora-tarapaca-lanza-programas-para-2022\/#article","isPartOf":{"@id":"https:\/\/explora.cl\/tarapaca\/explora-tarapaca-lanza-programas-para-2022\/"},"author":{"name":"admintarapaca","@id":"https:\/\/explora.cl\/tarapaca\/#\/schema\/person\/ca04f8a8f8e25243bd462d34eb1ca505"},"headline":"Explora Tarapac\u00e1 lanza programas para 2022","datePublished":"2022-05-18T18:03:17+00:00","dateModified":"2022-12-21T16:00:15+00:00","mainEntityOfPage":{"@id":"https:\/\/explora.cl\/tarapaca\/explora-tarapaca-lanza-programas-para-2022\/"},"wordCount":579,"commentCount":0,"image":{"@id":"https:\/\/explora.cl\/tarapaca\/explora-tarapaca-lanza-programas-para-2022\/#primaryimage"},"thumbnailUrl":"https:\/\/explora.cl\/tarapaca\/wp-content\/uploads\/sites\/3\/2022\/05\/Jornada-Inaugural-1-e1652896713834.jpg","keywords":["EXPLORA","Ministerio de Ciencia","Universidad de Tarapac\u00e1","UTA","UTA Iquique"],"articleSection":["Lugar 8","Noticias"],"inLanguage":"es-CL","potentialAction":[{"@type":"CommentAction","name":"Comment","target":["https:\/\/explora.cl\/tarapaca\/explora-tarapaca-lanza-programas-para-2022\/#respond"]}]},{"@type":"WebPage","@id":"https:\/\/explora.cl\/tarapaca\/explora-tarapaca-lanza-programas-para-2022\/","url":"https:\/\/explora.cl\/tarapaca\/explora-tarapaca-lanza-programas-para-2022\/","name":"Explora Tarapac\u00e1 lanza programas para 2022 - Tarapaca","isPartOf":{"@id":"https:\/\/explora.cl\/tarapaca\/#website"},"primaryImageOfPage":{"@id":"https:\/\/explora.cl\/tarapaca\/explora-tarapaca-lanza-programas-para-2022\/#primaryimage"},"image":{"@id":"https:\/\/explora.cl\/tarapaca\/explora-tarapaca-lanza-programas-para-2022\/#primaryimage"},"thumbnailUrl":"https:\/\/explora.cl\/tarapaca\/wp-content\/uploads\/sites\/3\/2022\/05\/Jornada-Inaugural-1-e1652896713834.jpg","datePublished":"2022-05-18T18:03:17+00:00","dateModified":"2022-12-21T16:00:15+00:00","author":{"@id":"https:\/\/explora.cl\/tarapaca\/#\/schema\/person\/ca04f8a8f8e25243bd462d34eb1ca505"},"breadcrumb":{"@id":"https:\/\/explora.cl\/tarapaca\/explora-tarapaca-lanza-programas-para-2022\/#breadcrumb"},"inLanguage":"es-CL","potentialAction":[{"@type":"ReadAction","target":["https:\/\/explora.cl\/tarapaca\/explora-tarapaca-lanza-programas-para-2022\/"]}]},{"@type":"ImageObject","inLanguage":"es-CL","@id":"https:\/\/explora.cl\/tarapaca\/explora-tarapaca-lanza-programas-para-2022\/#primaryimage","url":"https:\/\/explora.cl\/tarapaca\/wp-content\/uploads\/sites\/3\/2022\/05\/Jornada-Inaugural-1-e1652896713834.jpg","contentUrl":"https:\/\/explora.cl\/tarapaca\/wp-content\/uploads\/sites\/3\/2022\/05\/Jornada-Inaugural-1-e1652896713834.jpg","width":2042,"height":906},{"@type":"BreadcrumbList","@id":"https:\/\/explora.cl\/tarapaca\/explora-tarapaca-lanza-programas-para-2022\/#breadcrumb","itemListElement":[{"@type":"ListItem","position":1,"name":"Portada","item":"https:\/\/explora.cl\/tarapaca\/"},{"@type":"ListItem","position":2,"name":"Explora Tarapac\u00e1 lanza programas para 2022"}]},{"@type":"WebSite","@id":"https:\/\/explora.cl\/tarapaca\/#website","url":"https:\/\/explora.cl\/tarapaca\/","name":"Tarapaca","description":"Otro sitio m\u00e1s de explora.cl","potentialAction":[{"@type":"SearchAction","target":{"@type":"EntryPoint","urlTemplate":"https:\/\/explora.cl\/tarapaca\/?s={search_term_string}"},"query-input":{"@type":"PropertyValueSpecification","valueRequired":true,"valueName":"search_term_string"}}],"inLanguage":"es-CL"},{"@type":"Person","@id":"https:\/\/explora.cl\/tarapaca\/#\/schema\/person\/ca04f8a8f8e25243bd462d34eb1ca505","name":"admintarapaca","image":{"@type":"ImageObject","inLanguage":"es-CL","@id":"https:\/\/explora.cl\/tarapaca\/#\/schema\/person\/image\/","url":"https:\/\/secure.gravatar.com\/avatar\/8ff4762fabbf7a1732a126425c82d628f08ba754529d77a55358cbb74e14343f?s=96&d=mm&r=g","contentUrl":"https:\/\/secure.gravatar.com\/avatar\/8ff4762fabbf7a1732a126425c82d628f08ba754529d77a55358cbb74e14343f?s=96&d=mm&r=g","caption":"admintarapaca"},"url":"https:\/\/explora.cl\/tarapaca\/author\/dolivares\/"}]}},"_links":{"self":[{"href":"https:\/\/explora.cl\/tarapaca\/wp-json\/wp\/v2\/posts\/39546","targetHints":{"allow":["GET"]}}],"collection":[{"href":"https:\/\/explora.cl\/tarapaca\/wp-json\/wp\/v2\/posts"}],"about":[{"href":"https:\/\/explora.cl\/tarapaca\/wp-json\/wp\/v2\/types\/post"}],"author":[{"embeddable":true,"href":"https:\/\/explora.cl\/tarapaca\/wp-json\/wp\/v2\/users\/18"}],"replies":[{"embeddable":true,"href":"https:\/\/explora.cl\/tarapaca\/wp-json\/wp\/v2\/comments?post=39546"}],"version-history":[{"count":5,"href":"https:\/\/explora.cl\/tarapaca\/wp-json\/wp\/v2\/posts\/39546\/revisions"}],"predecessor-version":[{"id":39556,"href":"https:\/\/explora.cl\/tarapaca\/wp-json\/wp\/v2\/posts\/39546\/revisions\/39556"}],"wp:featuredmedia":[{"embeddable":true,"href":"https:\/\/explora.cl\/tarapaca\/wp-json\/wp\/v2\/media\/39547"}],"wp:attachment":[{"href":"https:\/\/explora.cl\/tarapaca\/wp-json\/wp\/v2\/media?parent=39546"}],"wp:term":[{"taxonomy":"category","embeddable":true,"href":"https:\/\/explora.cl\/tarapaca\/wp-json\/wp\/v2\/categories?post=39546"},{"taxonomy":"post_tag","embeddable":true,"href":"https:\/\/explora.cl\/tarapaca\/wp-json\/wp\/v2\/tags?post=39546"}],"curies":[{"name":"wp","href":"https:\/\/api.w.org\/{rel}","templated":true}]}}