{"id":39444,"date":"2021-11-23T16:33:17","date_gmt":"2021-11-23T19:33:17","guid":{"rendered":"https:\/\/explora.cl\/tarapaca\/?p=39444"},"modified":"2022-01-04T16:37:45","modified_gmt":"2022-01-04T19:37:45","slug":"con-certamen-regional-tarapaca-define-a-sus-representantes-para-el-congreso-nacional-explora-de-investigacion-e-innovacion-escolar","status":"publish","type":"post","link":"https:\/\/explora.cl\/tarapaca\/con-certamen-regional-tarapaca-define-a-sus-representantes-para-el-congreso-nacional-explora-de-investigacion-e-innovacion-escolar\/","title":{"rendered":"Con certamen regional Tarapac\u00e1 define a sus representantes para el Congreso Nacional Explora de Investigaci\u00f3n e Innovaci\u00f3n Escolar"},"content":{"rendered":"<p><em>Siete establecimientos educacionales demostraron sus competencias cient\u00edficas.<\/em><\/p>\n<p><em>\u00a0<\/em><\/p>\n<p>El espacio de divulgaci\u00f3n pensado para que los participantes vivan la experiencia de compartir conocimientos, reuni\u00f3 13 proyectos en el reciente Congreso Regional de Investigaci\u00f3n e Innovaci\u00f3n escolar, IIE, organizado por la Universidad de Tarapac\u00e1, sede Iquique a trav\u00e9s de su Proyecto Asociativo Regional Explora Tarapac\u00e1.<\/p>\n<p>El certamen congreg\u00f3 a siete establecimientos educacionales, de los cuales se impusieron cuatro proyectos: dos de ense\u00f1anza media y dos de ense\u00f1anza b\u00e1sica, siendo estos \u00faltimos los representantes de la Escuela Gabriela Mistral con el proyecto de investigaci\u00f3n. Mientras que los otros seleccionados de ense\u00f1anza media corresponden a investigaciones realizadas por los establecimientos del Liceo General Bernardo O\u2019Higgins y a la Corporaci\u00f3n Educacional Academia Tarapac\u00e1.<\/p>\n<p>Valeska Zepeda Cordero, Directora de Explora Tarapac\u00e1 destac\u00f3 la calidad de cada uno de los proyectos de Investigaci\u00f3n e Innovaci\u00f3n Cient\u00edfica presentados este a\u00f1o, junto con felicitar a los ganadores regionales, quienes reflejaron el trabajo sistem\u00e1tico realizado, que los llev\u00f3 a desarrollar habilidades cient\u00edficas, como el pensamiento cr\u00edtico, divulgaci\u00f3n, entre otras.<\/p>\n<p>Finalmente \u00c1lvaro Pimentel Cadena, encargado de Investigaci\u00f3n e Innovaci\u00f3n Escolar de Explora Tarapac\u00e1 destac\u00f3 al comit\u00e9 evaluador, conformado por 29 expertas y expertos de diversas \u00e1reas, quienes evaluaron y retroalimentaron a las y los estudiantes del Colegio Bajo Molle, Corporaci\u00f3n Educacional Academia Tarapac\u00e1, Liceo Bicentenario Minero Juan Pablo II, Liceo General Bernardo O\u2019Higgins y los colegios Diocesano Obispo Labb\u00e9 e Hispano Brit\u00e1nico, los siete competidores.<\/p>\n<p>&nbsp;<\/p>\n","protected":false},"excerpt":{"rendered":"<p>Siete establecimientos educacionales demostraron sus competencias cient\u00edficas. \u00a0 El espacio de divulgaci\u00f3n pensado para que los participantes vivan la experiencia de compartir conocimientos, reuni\u00f3 13 proyectos en el reciente Congreso Regional de Investigaci\u00f3n e Innovaci\u00f3n escolar, IIE, organizado por la Universidad de Tarapac\u00e1, sede Iquique a trav\u00e9s de su Proyecto Asociativo Regional Explora Tarapac\u00e1. El [&hellip;]<\/p>\n","protected":false},"author":18,"featured_media":39445,"comment_status":"open","ping_status":"open","sticky":false,"template":"","format":"standard","meta":{"_acf_changed":false,"_exactmetrics_skip_tracking":false,"_exactmetrics_sitenote_active":false,"_exactmetrics_sitenote_note":"","_exactmetrics_sitenote_category":0,"footnotes":"","_links_to":"","_links_to_target":""},"categories":[4],"tags":[101,186,100],"class_list":["post-39444","post","type-post","status-publish","format-standard","has-post-thumbnail","hentry","category-noticias","tag-congreso-regional","tag-innovacion","tag-investigacion"],"acf":[],"yoast_head":"<!-- This site is optimized with the Yoast SEO plugin v26.9 - https:\/\/yoast.com\/product\/yoast-seo-wordpress\/ -->\n<title>Con certamen regional Tarapac\u00e1 define a sus representantes para el Congreso Nacional Explora de Investigaci\u00f3n e Innovaci\u00f3n Escolar - Tarapaca<\/title>\n<meta name=\"robots\" content=\"index, follow, max-snippet:-1, max-image-preview:large, max-video-preview:-1\" \/>\n<link rel=\"canonical\" href=\"https:\/\/explora.cl\/tarapaca\/con-certamen-regional-tarapaca-define-a-sus-representantes-para-el-congreso-nacional-explora-de-investigacion-e-innovacion-escolar\/\" class=\"yoast-seo-meta-tag\" \/>\n<meta property=\"og:locale\" content=\"es_ES\" class=\"yoast-seo-meta-tag\" \/>\n<meta property=\"og:type\" content=\"article\" class=\"yoast-seo-meta-tag\" \/>\n<meta property=\"og:title\" content=\"Con certamen regional Tarapac\u00e1 define a sus representantes para el Congreso Nacional Explora de Investigaci\u00f3n e Innovaci\u00f3n Escolar - Tarapaca\" class=\"yoast-seo-meta-tag\" \/>\n<meta property=\"og:description\" content=\"Siete establecimientos educacionales demostraron sus competencias cient\u00edficas. \u00a0 El espacio de divulgaci\u00f3n pensado para que los participantes vivan la experiencia de compartir conocimientos, reuni\u00f3 13 proyectos en el reciente Congreso Regional de Investigaci\u00f3n e Innovaci\u00f3n escolar, IIE, organizado por la Universidad de Tarapac\u00e1, sede Iquique a trav\u00e9s de su Proyecto Asociativo Regional Explora Tarapac\u00e1. El [&hellip;]\" class=\"yoast-seo-meta-tag\" \/>\n<meta property=\"og:url\" content=\"https:\/\/explora.cl\/tarapaca\/con-certamen-regional-tarapaca-define-a-sus-representantes-para-el-congreso-nacional-explora-de-investigacion-e-innovacion-escolar\/\" class=\"yoast-seo-meta-tag\" \/>\n<meta property=\"og:site_name\" content=\"Tarapaca\" class=\"yoast-seo-meta-tag\" \/>\n<meta property=\"article:published_time\" content=\"2021-11-23T19:33:17+00:00\" class=\"yoast-seo-meta-tag\" \/>\n<meta property=\"article:modified_time\" content=\"2022-01-04T19:37:45+00:00\" class=\"yoast-seo-meta-tag\" \/>\n<meta property=\"og:image\" content=\"https:\/\/explora.cl\/tarapaca\/wp-content\/uploads\/sites\/3\/2022\/01\/IMG_8992-1-1.jpg\" class=\"yoast-seo-meta-tag\" \/>\n\t<meta property=\"og:image:width\" content=\"2048\" class=\"yoast-seo-meta-tag\" \/>\n\t<meta property=\"og:image:height\" content=\"1152\" class=\"yoast-seo-meta-tag\" \/>\n\t<meta property=\"og:image:type\" content=\"image\/jpeg\" class=\"yoast-seo-meta-tag\" \/>\n<meta name=\"author\" content=\"admintarapaca\" class=\"yoast-seo-meta-tag\" \/>\n<meta name=\"twitter:card\" content=\"summary_large_image\" class=\"yoast-seo-meta-tag\" \/>\n<meta name=\"twitter:label1\" content=\"Escrito por\" class=\"yoast-seo-meta-tag\" \/>\n\t<meta name=\"twitter:data1\" content=\"admintarapaca\" class=\"yoast-seo-meta-tag\" \/>\n\t<meta name=\"twitter:label2\" content=\"Tiempo estimado de lectura\" class=\"yoast-seo-meta-tag\" \/>\n\t<meta name=\"twitter:data2\" content=\"1 minuto\" class=\"yoast-seo-meta-tag\" \/>\n<script type=\"application\/ld+json\" class=\"yoast-schema-graph\">{\"@context\":\"https:\/\/schema.org\",\"@graph\":[{\"@type\":\"Article\",\"@id\":\"https:\/\/explora.cl\/tarapaca\/con-certamen-regional-tarapaca-define-a-sus-representantes-para-el-congreso-nacional-explora-de-investigacion-e-innovacion-escolar\/#article\",\"isPartOf\":{\"@id\":\"https:\/\/explora.cl\/tarapaca\/con-certamen-regional-tarapaca-define-a-sus-representantes-para-el-congreso-nacional-explora-de-investigacion-e-innovacion-escolar\/\"},\"author\":{\"name\":\"admintarapaca\",\"@id\":\"https:\/\/explora.cl\/tarapaca\/#\/schema\/person\/ca04f8a8f8e25243bd462d34eb1ca505\"},\"headline\":\"Con certamen regional Tarapac\u00e1 define a sus representantes para el Congreso Nacional Explora de Investigaci\u00f3n e Innovaci\u00f3n Escolar\",\"datePublished\":\"2021-11-23T19:33:17+00:00\",\"dateModified\":\"2022-01-04T19:37:45+00:00\",\"mainEntityOfPage\":{\"@id\":\"https:\/\/explora.cl\/tarapaca\/con-certamen-regional-tarapaca-define-a-sus-representantes-para-el-congreso-nacional-explora-de-investigacion-e-innovacion-escolar\/\"},\"wordCount\":278,\"commentCount\":0,\"image\":{\"@id\":\"https:\/\/explora.cl\/tarapaca\/con-certamen-regional-tarapaca-define-a-sus-representantes-para-el-congreso-nacional-explora-de-investigacion-e-innovacion-escolar\/#primaryimage\"},\"thumbnailUrl\":\"https:\/\/explora.cl\/tarapaca\/wp-content\/uploads\/sites\/3\/2022\/01\/IMG_8992-1-1.jpg\",\"keywords\":[\"Congreso Regional\",\"Innovacion\",\"investigaci\u00f3n\"],\"articleSection\":[\"Noticias\"],\"inLanguage\":\"es-CL\",\"potentialAction\":[{\"@type\":\"CommentAction\",\"name\":\"Comment\",\"target\":[\"https:\/\/explora.cl\/tarapaca\/con-certamen-regional-tarapaca-define-a-sus-representantes-para-el-congreso-nacional-explora-de-investigacion-e-innovacion-escolar\/#respond\"]}]},{\"@type\":\"WebPage\",\"@id\":\"https:\/\/explora.cl\/tarapaca\/con-certamen-regional-tarapaca-define-a-sus-representantes-para-el-congreso-nacional-explora-de-investigacion-e-innovacion-escolar\/\",\"url\":\"https:\/\/explora.cl\/tarapaca\/con-certamen-regional-tarapaca-define-a-sus-representantes-para-el-congreso-nacional-explora-de-investigacion-e-innovacion-escolar\/\",\"name\":\"Con certamen regional Tarapac\u00e1 define a sus representantes para el Congreso Nacional Explora de Investigaci\u00f3n e Innovaci\u00f3n Escolar - Tarapaca\",\"isPartOf\":{\"@id\":\"https:\/\/explora.cl\/tarapaca\/#website\"},\"primaryImageOfPage\":{\"@id\":\"https:\/\/explora.cl\/tarapaca\/con-certamen-regional-tarapaca-define-a-sus-representantes-para-el-congreso-nacional-explora-de-investigacion-e-innovacion-escolar\/#primaryimage\"},\"image\":{\"@id\":\"https:\/\/explora.cl\/tarapaca\/con-certamen-regional-tarapaca-define-a-sus-representantes-para-el-congreso-nacional-explora-de-investigacion-e-innovacion-escolar\/#primaryimage\"},\"thumbnailUrl\":\"https:\/\/explora.cl\/tarapaca\/wp-content\/uploads\/sites\/3\/2022\/01\/IMG_8992-1-1.jpg\",\"datePublished\":\"2021-11-23T19:33:17+00:00\",\"dateModified\":\"2022-01-04T19:37:45+00:00\",\"author\":{\"@id\":\"https:\/\/explora.cl\/tarapaca\/#\/schema\/person\/ca04f8a8f8e25243bd462d34eb1ca505\"},\"breadcrumb\":{\"@id\":\"https:\/\/explora.cl\/tarapaca\/con-certamen-regional-tarapaca-define-a-sus-representantes-para-el-congreso-nacional-explora-de-investigacion-e-innovacion-escolar\/#breadcrumb\"},\"inLanguage\":\"es-CL\",\"potentialAction\":[{\"@type\":\"ReadAction\",\"target\":[\"https:\/\/explora.cl\/tarapaca\/con-certamen-regional-tarapaca-define-a-sus-representantes-para-el-congreso-nacional-explora-de-investigacion-e-innovacion-escolar\/\"]}]},{\"@type\":\"ImageObject\",\"inLanguage\":\"es-CL\",\"@id\":\"https:\/\/explora.cl\/tarapaca\/con-certamen-regional-tarapaca-define-a-sus-representantes-para-el-congreso-nacional-explora-de-investigacion-e-innovacion-escolar\/#primaryimage\",\"url\":\"https:\/\/explora.cl\/tarapaca\/wp-content\/uploads\/sites\/3\/2022\/01\/IMG_8992-1-1.jpg\",\"contentUrl\":\"https:\/\/explora.cl\/tarapaca\/wp-content\/uploads\/sites\/3\/2022\/01\/IMG_8992-1-1.jpg\",\"width\":2048,\"height\":1152},{\"@type\":\"BreadcrumbList\",\"@id\":\"https:\/\/explora.cl\/tarapaca\/con-certamen-regional-tarapaca-define-a-sus-representantes-para-el-congreso-nacional-explora-de-investigacion-e-innovacion-escolar\/#breadcrumb\",\"itemListElement\":[{\"@type\":\"ListItem\",\"position\":1,\"name\":\"Portada\",\"item\":\"https:\/\/explora.cl\/tarapaca\/\"},{\"@type\":\"ListItem\",\"position\":2,\"name\":\"Con certamen regional Tarapac\u00e1 define a sus representantes para el Congreso Nacional Explora de Investigaci\u00f3n e Innovaci\u00f3n Escolar\"}]},{\"@type\":\"WebSite\",\"@id\":\"https:\/\/explora.cl\/tarapaca\/#website\",\"url\":\"https:\/\/explora.cl\/tarapaca\/\",\"name\":\"Tarapaca\",\"description\":\"Otro sitio m\u00e1s de explora.cl\",\"potentialAction\":[{\"@type\":\"SearchAction\",\"target\":{\"@type\":\"EntryPoint\",\"urlTemplate\":\"https:\/\/explora.cl\/tarapaca\/?s={search_term_string}\"},\"query-input\":{\"@type\":\"PropertyValueSpecification\",\"valueRequired\":true,\"valueName\":\"search_term_string\"}}],\"inLanguage\":\"es-CL\"},{\"@type\":\"Person\",\"@id\":\"https:\/\/explora.cl\/tarapaca\/#\/schema\/person\/ca04f8a8f8e25243bd462d34eb1ca505\",\"name\":\"admintarapaca\",\"image\":{\"@type\":\"ImageObject\",\"inLanguage\":\"es-CL\",\"@id\":\"https:\/\/explora.cl\/tarapaca\/#\/schema\/person\/image\/\",\"url\":\"https:\/\/secure.gravatar.com\/avatar\/8ff4762fabbf7a1732a126425c82d628f08ba754529d77a55358cbb74e14343f?s=96&d=mm&r=g\",\"contentUrl\":\"https:\/\/secure.gravatar.com\/avatar\/8ff4762fabbf7a1732a126425c82d628f08ba754529d77a55358cbb74e14343f?s=96&d=mm&r=g\",\"caption\":\"admintarapaca\"},\"url\":\"https:\/\/explora.cl\/tarapaca\/author\/dolivares\/\"}]}<\/script>\n<!-- \/ Yoast SEO plugin. -->","yoast_head_json":{"title":"Con certamen regional Tarapac\u00e1 define a sus representantes para el Congreso Nacional Explora de Investigaci\u00f3n e Innovaci\u00f3n Escolar - Tarapaca","robots":{"index":"index","follow":"follow","max-snippet":"max-snippet:-1","max-image-preview":"max-image-preview:large","max-video-preview":"max-video-preview:-1"},"canonical":"https:\/\/explora.cl\/tarapaca\/con-certamen-regional-tarapaca-define-a-sus-representantes-para-el-congreso-nacional-explora-de-investigacion-e-innovacion-escolar\/","og_locale":"es_ES","og_type":"article","og_title":"Con certamen regional Tarapac\u00e1 define a sus representantes para el Congreso Nacional Explora de Investigaci\u00f3n e Innovaci\u00f3n Escolar - Tarapaca","og_description":"Siete establecimientos educacionales demostraron sus competencias cient\u00edficas. \u00a0 El espacio de divulgaci\u00f3n pensado para que los participantes vivan la experiencia de compartir conocimientos, reuni\u00f3 13 proyectos en el reciente Congreso Regional de Investigaci\u00f3n e Innovaci\u00f3n escolar, IIE, organizado por la Universidad de Tarapac\u00e1, sede Iquique a trav\u00e9s de su Proyecto Asociativo Regional Explora Tarapac\u00e1. El [&hellip;]","og_url":"https:\/\/explora.cl\/tarapaca\/con-certamen-regional-tarapaca-define-a-sus-representantes-para-el-congreso-nacional-explora-de-investigacion-e-innovacion-escolar\/","og_site_name":"Tarapaca","article_published_time":"2021-11-23T19:33:17+00:00","article_modified_time":"2022-01-04T19:37:45+00:00","og_image":[{"width":2048,"height":1152,"url":"https:\/\/explora.cl\/tarapaca\/wp-content\/uploads\/sites\/3\/2022\/01\/IMG_8992-1-1.jpg","type":"image\/jpeg"}],"author":"admintarapaca","twitter_card":"summary_large_image","twitter_misc":{"Escrito por":"admintarapaca","Tiempo estimado de lectura":"1 minuto"},"schema":{"@context":"https:\/\/schema.org","@graph":[{"@type":"Article","@id":"https:\/\/explora.cl\/tarapaca\/con-certamen-regional-tarapaca-define-a-sus-representantes-para-el-congreso-nacional-explora-de-investigacion-e-innovacion-escolar\/#article","isPartOf":{"@id":"https:\/\/explora.cl\/tarapaca\/con-certamen-regional-tarapaca-define-a-sus-representantes-para-el-congreso-nacional-explora-de-investigacion-e-innovacion-escolar\/"},"author":{"name":"admintarapaca","@id":"https:\/\/explora.cl\/tarapaca\/#\/schema\/person\/ca04f8a8f8e25243bd462d34eb1ca505"},"headline":"Con certamen regional Tarapac\u00e1 define a sus representantes para el Congreso Nacional Explora de Investigaci\u00f3n e Innovaci\u00f3n Escolar","datePublished":"2021-11-23T19:33:17+00:00","dateModified":"2022-01-04T19:37:45+00:00","mainEntityOfPage":{"@id":"https:\/\/explora.cl\/tarapaca\/con-certamen-regional-tarapaca-define-a-sus-representantes-para-el-congreso-nacional-explora-de-investigacion-e-innovacion-escolar\/"},"wordCount":278,"commentCount":0,"image":{"@id":"https:\/\/explora.cl\/tarapaca\/con-certamen-regional-tarapaca-define-a-sus-representantes-para-el-congreso-nacional-explora-de-investigacion-e-innovacion-escolar\/#primaryimage"},"thumbnailUrl":"https:\/\/explora.cl\/tarapaca\/wp-content\/uploads\/sites\/3\/2022\/01\/IMG_8992-1-1.jpg","keywords":["Congreso Regional","Innovacion","investigaci\u00f3n"],"articleSection":["Noticias"],"inLanguage":"es-CL","potentialAction":[{"@type":"CommentAction","name":"Comment","target":["https:\/\/explora.cl\/tarapaca\/con-certamen-regional-tarapaca-define-a-sus-representantes-para-el-congreso-nacional-explora-de-investigacion-e-innovacion-escolar\/#respond"]}]},{"@type":"WebPage","@id":"https:\/\/explora.cl\/tarapaca\/con-certamen-regional-tarapaca-define-a-sus-representantes-para-el-congreso-nacional-explora-de-investigacion-e-innovacion-escolar\/","url":"https:\/\/explora.cl\/tarapaca\/con-certamen-regional-tarapaca-define-a-sus-representantes-para-el-congreso-nacional-explora-de-investigacion-e-innovacion-escolar\/","name":"Con certamen regional Tarapac\u00e1 define a sus representantes para el Congreso Nacional Explora de Investigaci\u00f3n e Innovaci\u00f3n Escolar - Tarapaca","isPartOf":{"@id":"https:\/\/explora.cl\/tarapaca\/#website"},"primaryImageOfPage":{"@id":"https:\/\/explora.cl\/tarapaca\/con-certamen-regional-tarapaca-define-a-sus-representantes-para-el-congreso-nacional-explora-de-investigacion-e-innovacion-escolar\/#primaryimage"},"image":{"@id":"https:\/\/explora.cl\/tarapaca\/con-certamen-regional-tarapaca-define-a-sus-representantes-para-el-congreso-nacional-explora-de-investigacion-e-innovacion-escolar\/#primaryimage"},"thumbnailUrl":"https:\/\/explora.cl\/tarapaca\/wp-content\/uploads\/sites\/3\/2022\/01\/IMG_8992-1-1.jpg","datePublished":"2021-11-23T19:33:17+00:00","dateModified":"2022-01-04T19:37:45+00:00","author":{"@id":"https:\/\/explora.cl\/tarapaca\/#\/schema\/person\/ca04f8a8f8e25243bd462d34eb1ca505"},"breadcrumb":{"@id":"https:\/\/explora.cl\/tarapaca\/con-certamen-regional-tarapaca-define-a-sus-representantes-para-el-congreso-nacional-explora-de-investigacion-e-innovacion-escolar\/#breadcrumb"},"inLanguage":"es-CL","potentialAction":[{"@type":"ReadAction","target":["https:\/\/explora.cl\/tarapaca\/con-certamen-regional-tarapaca-define-a-sus-representantes-para-el-congreso-nacional-explora-de-investigacion-e-innovacion-escolar\/"]}]},{"@type":"ImageObject","inLanguage":"es-CL","@id":"https:\/\/explora.cl\/tarapaca\/con-certamen-regional-tarapaca-define-a-sus-representantes-para-el-congreso-nacional-explora-de-investigacion-e-innovacion-escolar\/#primaryimage","url":"https:\/\/explora.cl\/tarapaca\/wp-content\/uploads\/sites\/3\/2022\/01\/IMG_8992-1-1.jpg","contentUrl":"https:\/\/explora.cl\/tarapaca\/wp-content\/uploads\/sites\/3\/2022\/01\/IMG_8992-1-1.jpg","width":2048,"height":1152},{"@type":"BreadcrumbList","@id":"https:\/\/explora.cl\/tarapaca\/con-certamen-regional-tarapaca-define-a-sus-representantes-para-el-congreso-nacional-explora-de-investigacion-e-innovacion-escolar\/#breadcrumb","itemListElement":[{"@type":"ListItem","position":1,"name":"Portada","item":"https:\/\/explora.cl\/tarapaca\/"},{"@type":"ListItem","position":2,"name":"Con certamen regional Tarapac\u00e1 define a sus representantes para el Congreso Nacional Explora de Investigaci\u00f3n e Innovaci\u00f3n Escolar"}]},{"@type":"WebSite","@id":"https:\/\/explora.cl\/tarapaca\/#website","url":"https:\/\/explora.cl\/tarapaca\/","name":"Tarapaca","description":"Otro sitio m\u00e1s de explora.cl","potentialAction":[{"@type":"SearchAction","target":{"@type":"EntryPoint","urlTemplate":"https:\/\/explora.cl\/tarapaca\/?s={search_term_string}"},"query-input":{"@type":"PropertyValueSpecification","valueRequired":true,"valueName":"search_term_string"}}],"inLanguage":"es-CL"},{"@type":"Person","@id":"https:\/\/explora.cl\/tarapaca\/#\/schema\/person\/ca04f8a8f8e25243bd462d34eb1ca505","name":"admintarapaca","image":{"@type":"ImageObject","inLanguage":"es-CL","@id":"https:\/\/explora.cl\/tarapaca\/#\/schema\/person\/image\/","url":"https:\/\/secure.gravatar.com\/avatar\/8ff4762fabbf7a1732a126425c82d628f08ba754529d77a55358cbb74e14343f?s=96&d=mm&r=g","contentUrl":"https:\/\/secure.gravatar.com\/avatar\/8ff4762fabbf7a1732a126425c82d628f08ba754529d77a55358cbb74e14343f?s=96&d=mm&r=g","caption":"admintarapaca"},"url":"https:\/\/explora.cl\/tarapaca\/author\/dolivares\/"}]}},"_links":{"self":[{"href":"https:\/\/explora.cl\/tarapaca\/wp-json\/wp\/v2\/posts\/39444","targetHints":{"allow":["GET"]}}],"collection":[{"href":"https:\/\/explora.cl\/tarapaca\/wp-json\/wp\/v2\/posts"}],"about":[{"href":"https:\/\/explora.cl\/tarapaca\/wp-json\/wp\/v2\/types\/post"}],"author":[{"embeddable":true,"href":"https:\/\/explora.cl\/tarapaca\/wp-json\/wp\/v2\/users\/18"}],"replies":[{"embeddable":true,"href":"https:\/\/explora.cl\/tarapaca\/wp-json\/wp\/v2\/comments?post=39444"}],"version-history":[{"count":1,"href":"https:\/\/explora.cl\/tarapaca\/wp-json\/wp\/v2\/posts\/39444\/revisions"}],"predecessor-version":[{"id":39446,"href":"https:\/\/explora.cl\/tarapaca\/wp-json\/wp\/v2\/posts\/39444\/revisions\/39446"}],"wp:featuredmedia":[{"embeddable":true,"href":"https:\/\/explora.cl\/tarapaca\/wp-json\/wp\/v2\/media\/39445"}],"wp:attachment":[{"href":"https:\/\/explora.cl\/tarapaca\/wp-json\/wp\/v2\/media?parent=39444"}],"wp:term":[{"taxonomy":"category","embeddable":true,"href":"https:\/\/explora.cl\/tarapaca\/wp-json\/wp\/v2\/categories?post=39444"},{"taxonomy":"post_tag","embeddable":true,"href":"https:\/\/explora.cl\/tarapaca\/wp-json\/wp\/v2\/tags?post=39444"}],"curies":[{"name":"wp","href":"https:\/\/api.w.org\/{rel}","templated":true}]}}