{"id":39434,"date":"2021-12-01T15:48:15","date_gmt":"2021-12-01T18:48:15","guid":{"rendered":"https:\/\/explora.cl\/tarapaca\/?p=39434"},"modified":"2022-01-04T15:52:14","modified_gmt":"2022-01-04T18:52:14","slug":"ultimos-dias-para-postular-a-campamento-de-ciencias-para-profes-explora-va","status":"publish","type":"post","link":"https:\/\/explora.cl\/tarapaca\/ultimos-dias-para-postular-a-campamento-de-ciencias-para-profes-explora-va\/","title":{"rendered":"\u00daltimos d\u00edas para postular a Campamento de Ciencias para Profes \u00a1Explora Va!"},"content":{"rendered":"<p><em>Los participantes recibir\u00e1n certificaci\u00f3n tras finalizar<\/em><\/p>\n<p>El encuentro de formaci\u00f3n e intercambio de experiencias, \u00a1Explora Va!, dirigido a directivos, docentes y educadores de cualquier asignatura y ciclo escolar, busca enriquecer las pr\u00e1cticas pedag\u00f3gicas\u00a0\u00a0de los participantes utilizando herramientas y aptitudes que entregan las ciencias, la tecnolog\u00eda y la innovaci\u00f3n.<\/p>\n<p>La convocatoria que cierra su inscripci\u00f3n el viernes 3 de diciembre consiste en una serie de capacitaciones dise\u00f1adas para potenciar las competencias pedag\u00f3gicas, a la vez que se entregan competencias en habilidades para fomentar y guiar a los y las estudiantes dentro del dise\u00f1o de proyectos de investigaci\u00f3n, su autonom\u00eda y en el trabajo en equipo e interdisciplinario.<\/p>\n<p>El Campamento de CTCI para Profes \u00a1Explora Va! 2021 es una actividad completamente gratuita, desarrollada por la Universidad de Tarapac\u00e1 Sede Iquique, por medio del Proyecto Explora Tarapac\u00e1 del Ministerio de Ciencia, Tecnolog\u00eda, Conocimiento e Innovaci\u00f3n. A diferencia de versiones anteriores, Campamento se desarrollar\u00e1 completamente online, con talleres semanales durante enero del 2022, y se impartir\u00e1n de forma sincr\u00f3nica y asincr\u00f3nica.<\/p>\n<p>La directora del Proyecto Explora, Valeska Zepeda, llam\u00f3 a los establecimientos educacionales de Tarapac\u00e1, &#8220;para que apoyen a sus docentes y educadoras interesados en \u00a0participar de estas iniciativas que definitivamente van en beneficio de una educaci\u00f3n integral para las futuras generaciones&#8221;.<\/p>\n<p>Consulta al correo: pablo.gonzalez.explora@gmail.com<\/p>\n<p>&nbsp;<\/p>\n","protected":false},"excerpt":{"rendered":"<p>Los participantes recibir\u00e1n certificaci\u00f3n tras finalizar El encuentro de formaci\u00f3n e intercambio de experiencias, \u00a1Explora Va!, dirigido a directivos, docentes y educadores de cualquier asignatura y ciclo escolar, busca enriquecer las pr\u00e1cticas pedag\u00f3gicas\u00a0\u00a0de los participantes utilizando herramientas y aptitudes que entregan las ciencias, la tecnolog\u00eda y la innovaci\u00f3n. La convocatoria que cierra su inscripci\u00f3n el [&hellip;]<\/p>\n","protected":false},"author":18,"featured_media":39435,"comment_status":"open","ping_status":"open","sticky":false,"template":"","format":"standard","meta":{"_acf_changed":false,"_exactmetrics_skip_tracking":false,"_exactmetrics_sitenote_active":false,"_exactmetrics_sitenote_note":"","_exactmetrics_sitenote_category":0,"footnotes":"","_links_to":"","_links_to_target":""},"categories":[4],"tags":[167],"class_list":["post-39434","post","type-post","status-publish","format-standard","has-post-thumbnail","hentry","category-noticias","tag-campamento"],"acf":[],"yoast_head":"<!-- This site is optimized with the Yoast SEO plugin v26.9 - https:\/\/yoast.com\/product\/yoast-seo-wordpress\/ -->\n<title>\u00daltimos d\u00edas para postular a Campamento de Ciencias para Profes \u00a1Explora Va! - Tarapaca<\/title>\n<meta name=\"robots\" content=\"index, follow, max-snippet:-1, max-image-preview:large, max-video-preview:-1\" \/>\n<link rel=\"canonical\" href=\"https:\/\/explora.cl\/tarapaca\/ultimos-dias-para-postular-a-campamento-de-ciencias-para-profes-explora-va\/\" class=\"yoast-seo-meta-tag\" \/>\n<meta property=\"og:locale\" content=\"es_ES\" class=\"yoast-seo-meta-tag\" \/>\n<meta property=\"og:type\" content=\"article\" class=\"yoast-seo-meta-tag\" \/>\n<meta property=\"og:title\" content=\"\u00daltimos d\u00edas para postular a Campamento de Ciencias para Profes \u00a1Explora Va! - Tarapaca\" class=\"yoast-seo-meta-tag\" \/>\n<meta property=\"og:description\" content=\"Los participantes recibir\u00e1n certificaci\u00f3n tras finalizar El encuentro de formaci\u00f3n e intercambio de experiencias, \u00a1Explora Va!, dirigido a directivos, docentes y educadores de cualquier asignatura y ciclo escolar, busca enriquecer las pr\u00e1cticas pedag\u00f3gicas\u00a0\u00a0de los participantes utilizando herramientas y aptitudes que entregan las ciencias, la tecnolog\u00eda y la innovaci\u00f3n. La convocatoria que cierra su inscripci\u00f3n el [&hellip;]\" class=\"yoast-seo-meta-tag\" \/>\n<meta property=\"og:url\" content=\"https:\/\/explora.cl\/tarapaca\/ultimos-dias-para-postular-a-campamento-de-ciencias-para-profes-explora-va\/\" class=\"yoast-seo-meta-tag\" \/>\n<meta property=\"og:site_name\" content=\"Tarapaca\" class=\"yoast-seo-meta-tag\" \/>\n<meta property=\"article:published_time\" content=\"2021-12-01T18:48:15+00:00\" class=\"yoast-seo-meta-tag\" \/>\n<meta property=\"article:modified_time\" content=\"2022-01-04T18:52:14+00:00\" class=\"yoast-seo-meta-tag\" \/>\n<meta property=\"og:image\" content=\"https:\/\/explora.cl\/tarapaca\/wp-content\/uploads\/sites\/3\/2022\/01\/IMG_9260.jpg\" class=\"yoast-seo-meta-tag\" \/>\n\t<meta property=\"og:image:width\" content=\"1080\" class=\"yoast-seo-meta-tag\" \/>\n\t<meta property=\"og:image:height\" content=\"1080\" class=\"yoast-seo-meta-tag\" \/>\n\t<meta property=\"og:image:type\" content=\"image\/jpeg\" class=\"yoast-seo-meta-tag\" \/>\n<meta name=\"author\" content=\"admintarapaca\" class=\"yoast-seo-meta-tag\" \/>\n<meta name=\"twitter:card\" content=\"summary_large_image\" class=\"yoast-seo-meta-tag\" \/>\n<meta name=\"twitter:label1\" content=\"Escrito por\" class=\"yoast-seo-meta-tag\" \/>\n\t<meta name=\"twitter:data1\" content=\"admintarapaca\" class=\"yoast-seo-meta-tag\" \/>\n\t<meta name=\"twitter:label2\" content=\"Tiempo estimado de lectura\" class=\"yoast-seo-meta-tag\" \/>\n\t<meta name=\"twitter:data2\" content=\"1 minuto\" class=\"yoast-seo-meta-tag\" \/>\n<script type=\"application\/ld+json\" class=\"yoast-schema-graph\">{\"@context\":\"https:\/\/schema.org\",\"@graph\":[{\"@type\":\"Article\",\"@id\":\"https:\/\/explora.cl\/tarapaca\/ultimos-dias-para-postular-a-campamento-de-ciencias-para-profes-explora-va\/#article\",\"isPartOf\":{\"@id\":\"https:\/\/explora.cl\/tarapaca\/ultimos-dias-para-postular-a-campamento-de-ciencias-para-profes-explora-va\/\"},\"author\":{\"name\":\"admintarapaca\",\"@id\":\"https:\/\/explora.cl\/tarapaca\/#\/schema\/person\/ca04f8a8f8e25243bd462d34eb1ca505\"},\"headline\":\"\u00daltimos d\u00edas para postular a Campamento de Ciencias para Profes \u00a1Explora Va!\",\"datePublished\":\"2021-12-01T18:48:15+00:00\",\"dateModified\":\"2022-01-04T18:52:14+00:00\",\"mainEntityOfPage\":{\"@id\":\"https:\/\/explora.cl\/tarapaca\/ultimos-dias-para-postular-a-campamento-de-ciencias-para-profes-explora-va\/\"},\"wordCount\":247,\"commentCount\":0,\"image\":{\"@id\":\"https:\/\/explora.cl\/tarapaca\/ultimos-dias-para-postular-a-campamento-de-ciencias-para-profes-explora-va\/#primaryimage\"},\"thumbnailUrl\":\"https:\/\/explora.cl\/tarapaca\/wp-content\/uploads\/sites\/3\/2022\/01\/IMG_9260.jpg\",\"keywords\":[\"campamento\"],\"articleSection\":[\"Noticias\"],\"inLanguage\":\"es-CL\",\"potentialAction\":[{\"@type\":\"CommentAction\",\"name\":\"Comment\",\"target\":[\"https:\/\/explora.cl\/tarapaca\/ultimos-dias-para-postular-a-campamento-de-ciencias-para-profes-explora-va\/#respond\"]}]},{\"@type\":\"WebPage\",\"@id\":\"https:\/\/explora.cl\/tarapaca\/ultimos-dias-para-postular-a-campamento-de-ciencias-para-profes-explora-va\/\",\"url\":\"https:\/\/explora.cl\/tarapaca\/ultimos-dias-para-postular-a-campamento-de-ciencias-para-profes-explora-va\/\",\"name\":\"\u00daltimos d\u00edas para postular a Campamento de Ciencias para Profes \u00a1Explora Va! - Tarapaca\",\"isPartOf\":{\"@id\":\"https:\/\/explora.cl\/tarapaca\/#website\"},\"primaryImageOfPage\":{\"@id\":\"https:\/\/explora.cl\/tarapaca\/ultimos-dias-para-postular-a-campamento-de-ciencias-para-profes-explora-va\/#primaryimage\"},\"image\":{\"@id\":\"https:\/\/explora.cl\/tarapaca\/ultimos-dias-para-postular-a-campamento-de-ciencias-para-profes-explora-va\/#primaryimage\"},\"thumbnailUrl\":\"https:\/\/explora.cl\/tarapaca\/wp-content\/uploads\/sites\/3\/2022\/01\/IMG_9260.jpg\",\"datePublished\":\"2021-12-01T18:48:15+00:00\",\"dateModified\":\"2022-01-04T18:52:14+00:00\",\"author\":{\"@id\":\"https:\/\/explora.cl\/tarapaca\/#\/schema\/person\/ca04f8a8f8e25243bd462d34eb1ca505\"},\"breadcrumb\":{\"@id\":\"https:\/\/explora.cl\/tarapaca\/ultimos-dias-para-postular-a-campamento-de-ciencias-para-profes-explora-va\/#breadcrumb\"},\"inLanguage\":\"es-CL\",\"potentialAction\":[{\"@type\":\"ReadAction\",\"target\":[\"https:\/\/explora.cl\/tarapaca\/ultimos-dias-para-postular-a-campamento-de-ciencias-para-profes-explora-va\/\"]}]},{\"@type\":\"ImageObject\",\"inLanguage\":\"es-CL\",\"@id\":\"https:\/\/explora.cl\/tarapaca\/ultimos-dias-para-postular-a-campamento-de-ciencias-para-profes-explora-va\/#primaryimage\",\"url\":\"https:\/\/explora.cl\/tarapaca\/wp-content\/uploads\/sites\/3\/2022\/01\/IMG_9260.jpg\",\"contentUrl\":\"https:\/\/explora.cl\/tarapaca\/wp-content\/uploads\/sites\/3\/2022\/01\/IMG_9260.jpg\",\"width\":1080,\"height\":1080},{\"@type\":\"BreadcrumbList\",\"@id\":\"https:\/\/explora.cl\/tarapaca\/ultimos-dias-para-postular-a-campamento-de-ciencias-para-profes-explora-va\/#breadcrumb\",\"itemListElement\":[{\"@type\":\"ListItem\",\"position\":1,\"name\":\"Portada\",\"item\":\"https:\/\/explora.cl\/tarapaca\/\"},{\"@type\":\"ListItem\",\"position\":2,\"name\":\"\u00daltimos d\u00edas para postular a Campamento de Ciencias para Profes \u00a1Explora Va!\"}]},{\"@type\":\"WebSite\",\"@id\":\"https:\/\/explora.cl\/tarapaca\/#website\",\"url\":\"https:\/\/explora.cl\/tarapaca\/\",\"name\":\"Tarapaca\",\"description\":\"Otro sitio m\u00e1s de explora.cl\",\"potentialAction\":[{\"@type\":\"SearchAction\",\"target\":{\"@type\":\"EntryPoint\",\"urlTemplate\":\"https:\/\/explora.cl\/tarapaca\/?s={search_term_string}\"},\"query-input\":{\"@type\":\"PropertyValueSpecification\",\"valueRequired\":true,\"valueName\":\"search_term_string\"}}],\"inLanguage\":\"es-CL\"},{\"@type\":\"Person\",\"@id\":\"https:\/\/explora.cl\/tarapaca\/#\/schema\/person\/ca04f8a8f8e25243bd462d34eb1ca505\",\"name\":\"admintarapaca\",\"image\":{\"@type\":\"ImageObject\",\"inLanguage\":\"es-CL\",\"@id\":\"https:\/\/explora.cl\/tarapaca\/#\/schema\/person\/image\/\",\"url\":\"https:\/\/secure.gravatar.com\/avatar\/8ff4762fabbf7a1732a126425c82d628f08ba754529d77a55358cbb74e14343f?s=96&d=mm&r=g\",\"contentUrl\":\"https:\/\/secure.gravatar.com\/avatar\/8ff4762fabbf7a1732a126425c82d628f08ba754529d77a55358cbb74e14343f?s=96&d=mm&r=g\",\"caption\":\"admintarapaca\"},\"url\":\"https:\/\/explora.cl\/tarapaca\/author\/dolivares\/\"}]}<\/script>\n<!-- \/ Yoast SEO plugin. -->","yoast_head_json":{"title":"\u00daltimos d\u00edas para postular a Campamento de Ciencias para Profes \u00a1Explora Va! - Tarapaca","robots":{"index":"index","follow":"follow","max-snippet":"max-snippet:-1","max-image-preview":"max-image-preview:large","max-video-preview":"max-video-preview:-1"},"canonical":"https:\/\/explora.cl\/tarapaca\/ultimos-dias-para-postular-a-campamento-de-ciencias-para-profes-explora-va\/","og_locale":"es_ES","og_type":"article","og_title":"\u00daltimos d\u00edas para postular a Campamento de Ciencias para Profes \u00a1Explora Va! - Tarapaca","og_description":"Los participantes recibir\u00e1n certificaci\u00f3n tras finalizar El encuentro de formaci\u00f3n e intercambio de experiencias, \u00a1Explora Va!, dirigido a directivos, docentes y educadores de cualquier asignatura y ciclo escolar, busca enriquecer las pr\u00e1cticas pedag\u00f3gicas\u00a0\u00a0de los participantes utilizando herramientas y aptitudes que entregan las ciencias, la tecnolog\u00eda y la innovaci\u00f3n. La convocatoria que cierra su inscripci\u00f3n el [&hellip;]","og_url":"https:\/\/explora.cl\/tarapaca\/ultimos-dias-para-postular-a-campamento-de-ciencias-para-profes-explora-va\/","og_site_name":"Tarapaca","article_published_time":"2021-12-01T18:48:15+00:00","article_modified_time":"2022-01-04T18:52:14+00:00","og_image":[{"width":1080,"height":1080,"url":"https:\/\/explora.cl\/tarapaca\/wp-content\/uploads\/sites\/3\/2022\/01\/IMG_9260.jpg","type":"image\/jpeg"}],"author":"admintarapaca","twitter_card":"summary_large_image","twitter_misc":{"Escrito por":"admintarapaca","Tiempo estimado de lectura":"1 minuto"},"schema":{"@context":"https:\/\/schema.org","@graph":[{"@type":"Article","@id":"https:\/\/explora.cl\/tarapaca\/ultimos-dias-para-postular-a-campamento-de-ciencias-para-profes-explora-va\/#article","isPartOf":{"@id":"https:\/\/explora.cl\/tarapaca\/ultimos-dias-para-postular-a-campamento-de-ciencias-para-profes-explora-va\/"},"author":{"name":"admintarapaca","@id":"https:\/\/explora.cl\/tarapaca\/#\/schema\/person\/ca04f8a8f8e25243bd462d34eb1ca505"},"headline":"\u00daltimos d\u00edas para postular a Campamento de Ciencias para Profes \u00a1Explora Va!","datePublished":"2021-12-01T18:48:15+00:00","dateModified":"2022-01-04T18:52:14+00:00","mainEntityOfPage":{"@id":"https:\/\/explora.cl\/tarapaca\/ultimos-dias-para-postular-a-campamento-de-ciencias-para-profes-explora-va\/"},"wordCount":247,"commentCount":0,"image":{"@id":"https:\/\/explora.cl\/tarapaca\/ultimos-dias-para-postular-a-campamento-de-ciencias-para-profes-explora-va\/#primaryimage"},"thumbnailUrl":"https:\/\/explora.cl\/tarapaca\/wp-content\/uploads\/sites\/3\/2022\/01\/IMG_9260.jpg","keywords":["campamento"],"articleSection":["Noticias"],"inLanguage":"es-CL","potentialAction":[{"@type":"CommentAction","name":"Comment","target":["https:\/\/explora.cl\/tarapaca\/ultimos-dias-para-postular-a-campamento-de-ciencias-para-profes-explora-va\/#respond"]}]},{"@type":"WebPage","@id":"https:\/\/explora.cl\/tarapaca\/ultimos-dias-para-postular-a-campamento-de-ciencias-para-profes-explora-va\/","url":"https:\/\/explora.cl\/tarapaca\/ultimos-dias-para-postular-a-campamento-de-ciencias-para-profes-explora-va\/","name":"\u00daltimos d\u00edas para postular a Campamento de Ciencias para Profes \u00a1Explora Va! - Tarapaca","isPartOf":{"@id":"https:\/\/explora.cl\/tarapaca\/#website"},"primaryImageOfPage":{"@id":"https:\/\/explora.cl\/tarapaca\/ultimos-dias-para-postular-a-campamento-de-ciencias-para-profes-explora-va\/#primaryimage"},"image":{"@id":"https:\/\/explora.cl\/tarapaca\/ultimos-dias-para-postular-a-campamento-de-ciencias-para-profes-explora-va\/#primaryimage"},"thumbnailUrl":"https:\/\/explora.cl\/tarapaca\/wp-content\/uploads\/sites\/3\/2022\/01\/IMG_9260.jpg","datePublished":"2021-12-01T18:48:15+00:00","dateModified":"2022-01-04T18:52:14+00:00","author":{"@id":"https:\/\/explora.cl\/tarapaca\/#\/schema\/person\/ca04f8a8f8e25243bd462d34eb1ca505"},"breadcrumb":{"@id":"https:\/\/explora.cl\/tarapaca\/ultimos-dias-para-postular-a-campamento-de-ciencias-para-profes-explora-va\/#breadcrumb"},"inLanguage":"es-CL","potentialAction":[{"@type":"ReadAction","target":["https:\/\/explora.cl\/tarapaca\/ultimos-dias-para-postular-a-campamento-de-ciencias-para-profes-explora-va\/"]}]},{"@type":"ImageObject","inLanguage":"es-CL","@id":"https:\/\/explora.cl\/tarapaca\/ultimos-dias-para-postular-a-campamento-de-ciencias-para-profes-explora-va\/#primaryimage","url":"https:\/\/explora.cl\/tarapaca\/wp-content\/uploads\/sites\/3\/2022\/01\/IMG_9260.jpg","contentUrl":"https:\/\/explora.cl\/tarapaca\/wp-content\/uploads\/sites\/3\/2022\/01\/IMG_9260.jpg","width":1080,"height":1080},{"@type":"BreadcrumbList","@id":"https:\/\/explora.cl\/tarapaca\/ultimos-dias-para-postular-a-campamento-de-ciencias-para-profes-explora-va\/#breadcrumb","itemListElement":[{"@type":"ListItem","position":1,"name":"Portada","item":"https:\/\/explora.cl\/tarapaca\/"},{"@type":"ListItem","position":2,"name":"\u00daltimos d\u00edas para postular a Campamento de Ciencias para Profes \u00a1Explora Va!"}]},{"@type":"WebSite","@id":"https:\/\/explora.cl\/tarapaca\/#website","url":"https:\/\/explora.cl\/tarapaca\/","name":"Tarapaca","description":"Otro sitio m\u00e1s de explora.cl","potentialAction":[{"@type":"SearchAction","target":{"@type":"EntryPoint","urlTemplate":"https:\/\/explora.cl\/tarapaca\/?s={search_term_string}"},"query-input":{"@type":"PropertyValueSpecification","valueRequired":true,"valueName":"search_term_string"}}],"inLanguage":"es-CL"},{"@type":"Person","@id":"https:\/\/explora.cl\/tarapaca\/#\/schema\/person\/ca04f8a8f8e25243bd462d34eb1ca505","name":"admintarapaca","image":{"@type":"ImageObject","inLanguage":"es-CL","@id":"https:\/\/explora.cl\/tarapaca\/#\/schema\/person\/image\/","url":"https:\/\/secure.gravatar.com\/avatar\/8ff4762fabbf7a1732a126425c82d628f08ba754529d77a55358cbb74e14343f?s=96&d=mm&r=g","contentUrl":"https:\/\/secure.gravatar.com\/avatar\/8ff4762fabbf7a1732a126425c82d628f08ba754529d77a55358cbb74e14343f?s=96&d=mm&r=g","caption":"admintarapaca"},"url":"https:\/\/explora.cl\/tarapaca\/author\/dolivares\/"}]}},"_links":{"self":[{"href":"https:\/\/explora.cl\/tarapaca\/wp-json\/wp\/v2\/posts\/39434","targetHints":{"allow":["GET"]}}],"collection":[{"href":"https:\/\/explora.cl\/tarapaca\/wp-json\/wp\/v2\/posts"}],"about":[{"href":"https:\/\/explora.cl\/tarapaca\/wp-json\/wp\/v2\/types\/post"}],"author":[{"embeddable":true,"href":"https:\/\/explora.cl\/tarapaca\/wp-json\/wp\/v2\/users\/18"}],"replies":[{"embeddable":true,"href":"https:\/\/explora.cl\/tarapaca\/wp-json\/wp\/v2\/comments?post=39434"}],"version-history":[{"count":1,"href":"https:\/\/explora.cl\/tarapaca\/wp-json\/wp\/v2\/posts\/39434\/revisions"}],"predecessor-version":[{"id":39436,"href":"https:\/\/explora.cl\/tarapaca\/wp-json\/wp\/v2\/posts\/39434\/revisions\/39436"}],"wp:featuredmedia":[{"embeddable":true,"href":"https:\/\/explora.cl\/tarapaca\/wp-json\/wp\/v2\/media\/39435"}],"wp:attachment":[{"href":"https:\/\/explora.cl\/tarapaca\/wp-json\/wp\/v2\/media?parent=39434"}],"wp:term":[{"taxonomy":"category","embeddable":true,"href":"https:\/\/explora.cl\/tarapaca\/wp-json\/wp\/v2\/categories?post=39434"},{"taxonomy":"post_tag","embeddable":true,"href":"https:\/\/explora.cl\/tarapaca\/wp-json\/wp\/v2\/tags?post=39434"}],"curies":[{"name":"wp","href":"https:\/\/api.w.org\/{rel}","templated":true}]}}