{"id":39430,"date":"2021-12-16T13:53:23","date_gmt":"2021-12-16T16:53:23","guid":{"rendered":"https:\/\/explora.cl\/tarapaca\/?p=39430"},"modified":"2022-01-04T13:59:13","modified_gmt":"2022-01-04T16:59:13","slug":"con-encuentro-literario-explora-tarapaca-incentiva-la-interculturalidad","status":"publish","type":"post","link":"https:\/\/explora.cl\/tarapaca\/con-encuentro-literario-explora-tarapaca-incentiva-la-interculturalidad\/","title":{"rendered":"Con encuentro literario Explora Tarapac\u00e1 incentiva la interculturalidad"},"content":{"rendered":"<h5><em>Siete cuentos ganadores y seis menciones honrosas ser\u00e1n publicadas en libro de cuentos ilustrados.<\/em><\/h5>\n<p>En el marco del 76\u00b0 aniversario desde que Gabriela Mistral recibi\u00f3 el premio Nobel de Literatura, la Universidad de Tarapac\u00e1 a trav\u00e9s de su Proyecto Explora Tarapac\u00e1, realiz\u00f3 su encuentro literario intercultural como jornada de cierre de su Programa Regional de Cuentos Interculturales, congregando a estudiantes desde quinto b\u00e1sico a cuarto medio de la Regi\u00f3n.<\/p>\n<p>De los 124 cuentos recepcionados desde el 18 de agosto hasta el 31 de octubre, siete fueron los ganadores del certamen, que incentiva el intercambio intercultural y el di\u00e1logo entre diferentes nacionalidades y etnias por medio de la expresi\u00f3n literaria.<\/p>\n<p>El encuentro Literario intercultural se realiz\u00f3 de forma virtual que dio espacio para la presentaci\u00f3n de los siete cuentos ganadores, adem\u00e1s de compartir con los estudiantes autores sobre sus experiencias creativas, los cuales pertenecen a los establecimientos Kronos School, Colegio Hispano Brit\u00e1nico, Liceo Bicentenario Nirvana y al Colegio Bajo Molle.<\/p>\n<p>Adem\u00e1s, se destacaron otros cinco cuentos como menciones honrosas, los cuales pertenecen a la Escuela B\u00e1sica de Huatacondo, Colegio Diocesano Obispo Labb\u00e9, Kronos School y Liceo Bicentenario Nirvana. Los trece cuentos ser\u00e1n publicados en un libro ilustrado el 2022, siendo entregado a los estudiantes, establecimientos y distintas autoridades.<\/p>\n<p>Waldo Palacio, encargado del evento literario, precis\u00f3 que \u201cesta es una oportunidad para que los estudiantes de la regi\u00f3n compartan experiencias y desarrollen su creatividad, bas\u00e1ndose en la interculturalidad y en las caracter\u00edsticas propias de nuestra regi\u00f3n\u201d, dijo.<\/p>\n<p>Por su parte, la directora de Explora Tarapac\u00e1, Valeska Zepeda Cordero, destac\u00f3 la importancia de desarrollar la creatividad, fomentando el intercambio de las distintas culturas existentes en la regi\u00f3n, a trav\u00e9s de la literatura.<\/p>\n<p>El proyecto Explora Tarapac\u00e1 es financiado por el Ministerio de Ciencia, Tecnolog\u00eda, Conocimiento e Innovaci\u00f3n y es liderado por la Universidad de Tarapac\u00e1, Sede Iquique.<\/p>\n<p>&nbsp;<\/p>\n<p>&nbsp;<\/p>\n<p>&nbsp;<\/p>\n","protected":false},"excerpt":{"rendered":"<p>Siete cuentos ganadores y seis menciones honrosas ser\u00e1n publicadas en libro de cuentos ilustrados. En el marco del 76\u00b0 aniversario desde que Gabriela Mistral recibi\u00f3 el premio Nobel de Literatura, la Universidad de Tarapac\u00e1 a trav\u00e9s de su Proyecto Explora Tarapac\u00e1, realiz\u00f3 su encuentro literario intercultural como jornada de cierre de su Programa Regional de [&hellip;]<\/p>\n","protected":false},"author":18,"featured_media":39431,"comment_status":"open","ping_status":"open","sticky":false,"template":"","format":"standard","meta":{"_acf_changed":false,"_exactmetrics_skip_tracking":false,"_exactmetrics_sitenote_active":false,"_exactmetrics_sitenote_note":"","_exactmetrics_sitenote_category":0,"footnotes":"","_links_to":"","_links_to_target":""},"categories":[143,4],"tags":[256,199,157],"class_list":["post-39430","post","type-post","status-publish","format-standard","has-post-thumbnail","hentry","category-lugar-8","category-noticias","tag-encuentro-literario","tag-interculturalidad","tag-tarapaca"],"acf":[],"yoast_head":"<!-- This site is optimized with the Yoast SEO plugin v26.9 - https:\/\/yoast.com\/product\/yoast-seo-wordpress\/ -->\n<title>Con encuentro literario Explora Tarapac\u00e1 incentiva la interculturalidad - Tarapaca<\/title>\n<meta name=\"robots\" content=\"index, follow, max-snippet:-1, max-image-preview:large, max-video-preview:-1\" \/>\n<link rel=\"canonical\" href=\"https:\/\/explora.cl\/tarapaca\/con-encuentro-literario-explora-tarapaca-incentiva-la-interculturalidad\/\" class=\"yoast-seo-meta-tag\" \/>\n<meta property=\"og:locale\" content=\"es_ES\" class=\"yoast-seo-meta-tag\" \/>\n<meta property=\"og:type\" content=\"article\" class=\"yoast-seo-meta-tag\" \/>\n<meta property=\"og:title\" content=\"Con encuentro literario Explora Tarapac\u00e1 incentiva la interculturalidad - Tarapaca\" class=\"yoast-seo-meta-tag\" \/>\n<meta property=\"og:description\" content=\"Siete cuentos ganadores y seis menciones honrosas ser\u00e1n publicadas en libro de cuentos ilustrados. En el marco del 76\u00b0 aniversario desde que Gabriela Mistral recibi\u00f3 el premio Nobel de Literatura, la Universidad de Tarapac\u00e1 a trav\u00e9s de su Proyecto Explora Tarapac\u00e1, realiz\u00f3 su encuentro literario intercultural como jornada de cierre de su Programa Regional de [&hellip;]\" class=\"yoast-seo-meta-tag\" \/>\n<meta property=\"og:url\" content=\"https:\/\/explora.cl\/tarapaca\/con-encuentro-literario-explora-tarapaca-incentiva-la-interculturalidad\/\" class=\"yoast-seo-meta-tag\" \/>\n<meta property=\"og:site_name\" content=\"Tarapaca\" class=\"yoast-seo-meta-tag\" \/>\n<meta property=\"article:published_time\" content=\"2021-12-16T16:53:23+00:00\" class=\"yoast-seo-meta-tag\" \/>\n<meta property=\"article:modified_time\" content=\"2022-01-04T16:59:13+00:00\" class=\"yoast-seo-meta-tag\" \/>\n<meta property=\"og:image\" content=\"https:\/\/explora.cl\/tarapaca\/wp-content\/uploads\/sites\/3\/2022\/01\/Captura-cuento.png\" class=\"yoast-seo-meta-tag\" \/>\n\t<meta property=\"og:image:width\" content=\"1440\" class=\"yoast-seo-meta-tag\" \/>\n\t<meta property=\"og:image:height\" content=\"900\" class=\"yoast-seo-meta-tag\" \/>\n\t<meta property=\"og:image:type\" content=\"image\/png\" class=\"yoast-seo-meta-tag\" \/>\n<meta name=\"author\" content=\"admintarapaca\" class=\"yoast-seo-meta-tag\" \/>\n<meta name=\"twitter:card\" content=\"summary_large_image\" class=\"yoast-seo-meta-tag\" \/>\n<meta name=\"twitter:label1\" content=\"Escrito por\" class=\"yoast-seo-meta-tag\" \/>\n\t<meta name=\"twitter:data1\" content=\"admintarapaca\" class=\"yoast-seo-meta-tag\" \/>\n\t<meta name=\"twitter:label2\" content=\"Tiempo estimado de lectura\" class=\"yoast-seo-meta-tag\" \/>\n\t<meta name=\"twitter:data2\" content=\"2 minutos\" class=\"yoast-seo-meta-tag\" \/>\n<script type=\"application\/ld+json\" class=\"yoast-schema-graph\">{\"@context\":\"https:\/\/schema.org\",\"@graph\":[{\"@type\":\"Article\",\"@id\":\"https:\/\/explora.cl\/tarapaca\/con-encuentro-literario-explora-tarapaca-incentiva-la-interculturalidad\/#article\",\"isPartOf\":{\"@id\":\"https:\/\/explora.cl\/tarapaca\/con-encuentro-literario-explora-tarapaca-incentiva-la-interculturalidad\/\"},\"author\":{\"name\":\"admintarapaca\",\"@id\":\"https:\/\/explora.cl\/tarapaca\/#\/schema\/person\/ca04f8a8f8e25243bd462d34eb1ca505\"},\"headline\":\"Con encuentro literario Explora Tarapac\u00e1 incentiva la interculturalidad\",\"datePublished\":\"2021-12-16T16:53:23+00:00\",\"dateModified\":\"2022-01-04T16:59:13+00:00\",\"mainEntityOfPage\":{\"@id\":\"https:\/\/explora.cl\/tarapaca\/con-encuentro-literario-explora-tarapaca-incentiva-la-interculturalidad\/\"},\"wordCount\":330,\"commentCount\":0,\"image\":{\"@id\":\"https:\/\/explora.cl\/tarapaca\/con-encuentro-literario-explora-tarapaca-incentiva-la-interculturalidad\/#primaryimage\"},\"thumbnailUrl\":\"https:\/\/explora.cl\/tarapaca\/wp-content\/uploads\/sites\/3\/2022\/01\/Captura-cuento.png\",\"keywords\":[\"Encuentro Literario\",\"Interculturalidad\",\"tarapac\u00e1,\"],\"articleSection\":[\"Lugar 8\",\"Noticias\"],\"inLanguage\":\"es-CL\",\"potentialAction\":[{\"@type\":\"CommentAction\",\"name\":\"Comment\",\"target\":[\"https:\/\/explora.cl\/tarapaca\/con-encuentro-literario-explora-tarapaca-incentiva-la-interculturalidad\/#respond\"]}]},{\"@type\":\"WebPage\",\"@id\":\"https:\/\/explora.cl\/tarapaca\/con-encuentro-literario-explora-tarapaca-incentiva-la-interculturalidad\/\",\"url\":\"https:\/\/explora.cl\/tarapaca\/con-encuentro-literario-explora-tarapaca-incentiva-la-interculturalidad\/\",\"name\":\"Con encuentro literario Explora Tarapac\u00e1 incentiva la interculturalidad - Tarapaca\",\"isPartOf\":{\"@id\":\"https:\/\/explora.cl\/tarapaca\/#website\"},\"primaryImageOfPage\":{\"@id\":\"https:\/\/explora.cl\/tarapaca\/con-encuentro-literario-explora-tarapaca-incentiva-la-interculturalidad\/#primaryimage\"},\"image\":{\"@id\":\"https:\/\/explora.cl\/tarapaca\/con-encuentro-literario-explora-tarapaca-incentiva-la-interculturalidad\/#primaryimage\"},\"thumbnailUrl\":\"https:\/\/explora.cl\/tarapaca\/wp-content\/uploads\/sites\/3\/2022\/01\/Captura-cuento.png\",\"datePublished\":\"2021-12-16T16:53:23+00:00\",\"dateModified\":\"2022-01-04T16:59:13+00:00\",\"author\":{\"@id\":\"https:\/\/explora.cl\/tarapaca\/#\/schema\/person\/ca04f8a8f8e25243bd462d34eb1ca505\"},\"breadcrumb\":{\"@id\":\"https:\/\/explora.cl\/tarapaca\/con-encuentro-literario-explora-tarapaca-incentiva-la-interculturalidad\/#breadcrumb\"},\"inLanguage\":\"es-CL\",\"potentialAction\":[{\"@type\":\"ReadAction\",\"target\":[\"https:\/\/explora.cl\/tarapaca\/con-encuentro-literario-explora-tarapaca-incentiva-la-interculturalidad\/\"]}]},{\"@type\":\"ImageObject\",\"inLanguage\":\"es-CL\",\"@id\":\"https:\/\/explora.cl\/tarapaca\/con-encuentro-literario-explora-tarapaca-incentiva-la-interculturalidad\/#primaryimage\",\"url\":\"https:\/\/explora.cl\/tarapaca\/wp-content\/uploads\/sites\/3\/2022\/01\/Captura-cuento.png\",\"contentUrl\":\"https:\/\/explora.cl\/tarapaca\/wp-content\/uploads\/sites\/3\/2022\/01\/Captura-cuento.png\",\"width\":1440,\"height\":900},{\"@type\":\"BreadcrumbList\",\"@id\":\"https:\/\/explora.cl\/tarapaca\/con-encuentro-literario-explora-tarapaca-incentiva-la-interculturalidad\/#breadcrumb\",\"itemListElement\":[{\"@type\":\"ListItem\",\"position\":1,\"name\":\"Portada\",\"item\":\"https:\/\/explora.cl\/tarapaca\/\"},{\"@type\":\"ListItem\",\"position\":2,\"name\":\"Con encuentro literario Explora Tarapac\u00e1 incentiva la interculturalidad\"}]},{\"@type\":\"WebSite\",\"@id\":\"https:\/\/explora.cl\/tarapaca\/#website\",\"url\":\"https:\/\/explora.cl\/tarapaca\/\",\"name\":\"Tarapaca\",\"description\":\"Otro sitio m\u00e1s de explora.cl\",\"potentialAction\":[{\"@type\":\"SearchAction\",\"target\":{\"@type\":\"EntryPoint\",\"urlTemplate\":\"https:\/\/explora.cl\/tarapaca\/?s={search_term_string}\"},\"query-input\":{\"@type\":\"PropertyValueSpecification\",\"valueRequired\":true,\"valueName\":\"search_term_string\"}}],\"inLanguage\":\"es-CL\"},{\"@type\":\"Person\",\"@id\":\"https:\/\/explora.cl\/tarapaca\/#\/schema\/person\/ca04f8a8f8e25243bd462d34eb1ca505\",\"name\":\"admintarapaca\",\"image\":{\"@type\":\"ImageObject\",\"inLanguage\":\"es-CL\",\"@id\":\"https:\/\/explora.cl\/tarapaca\/#\/schema\/person\/image\/\",\"url\":\"https:\/\/secure.gravatar.com\/avatar\/8ff4762fabbf7a1732a126425c82d628f08ba754529d77a55358cbb74e14343f?s=96&d=mm&r=g\",\"contentUrl\":\"https:\/\/secure.gravatar.com\/avatar\/8ff4762fabbf7a1732a126425c82d628f08ba754529d77a55358cbb74e14343f?s=96&d=mm&r=g\",\"caption\":\"admintarapaca\"},\"url\":\"https:\/\/explora.cl\/tarapaca\/author\/dolivares\/\"}]}<\/script>\n<!-- \/ Yoast SEO plugin. -->","yoast_head_json":{"title":"Con encuentro literario Explora Tarapac\u00e1 incentiva la interculturalidad - Tarapaca","robots":{"index":"index","follow":"follow","max-snippet":"max-snippet:-1","max-image-preview":"max-image-preview:large","max-video-preview":"max-video-preview:-1"},"canonical":"https:\/\/explora.cl\/tarapaca\/con-encuentro-literario-explora-tarapaca-incentiva-la-interculturalidad\/","og_locale":"es_ES","og_type":"article","og_title":"Con encuentro literario Explora Tarapac\u00e1 incentiva la interculturalidad - Tarapaca","og_description":"Siete cuentos ganadores y seis menciones honrosas ser\u00e1n publicadas en libro de cuentos ilustrados. En el marco del 76\u00b0 aniversario desde que Gabriela Mistral recibi\u00f3 el premio Nobel de Literatura, la Universidad de Tarapac\u00e1 a trav\u00e9s de su Proyecto Explora Tarapac\u00e1, realiz\u00f3 su encuentro literario intercultural como jornada de cierre de su Programa Regional de [&hellip;]","og_url":"https:\/\/explora.cl\/tarapaca\/con-encuentro-literario-explora-tarapaca-incentiva-la-interculturalidad\/","og_site_name":"Tarapaca","article_published_time":"2021-12-16T16:53:23+00:00","article_modified_time":"2022-01-04T16:59:13+00:00","og_image":[{"width":1440,"height":900,"url":"https:\/\/explora.cl\/tarapaca\/wp-content\/uploads\/sites\/3\/2022\/01\/Captura-cuento.png","type":"image\/png"}],"author":"admintarapaca","twitter_card":"summary_large_image","twitter_misc":{"Escrito por":"admintarapaca","Tiempo estimado de lectura":"2 minutos"},"schema":{"@context":"https:\/\/schema.org","@graph":[{"@type":"Article","@id":"https:\/\/explora.cl\/tarapaca\/con-encuentro-literario-explora-tarapaca-incentiva-la-interculturalidad\/#article","isPartOf":{"@id":"https:\/\/explora.cl\/tarapaca\/con-encuentro-literario-explora-tarapaca-incentiva-la-interculturalidad\/"},"author":{"name":"admintarapaca","@id":"https:\/\/explora.cl\/tarapaca\/#\/schema\/person\/ca04f8a8f8e25243bd462d34eb1ca505"},"headline":"Con encuentro literario Explora Tarapac\u00e1 incentiva la interculturalidad","datePublished":"2021-12-16T16:53:23+00:00","dateModified":"2022-01-04T16:59:13+00:00","mainEntityOfPage":{"@id":"https:\/\/explora.cl\/tarapaca\/con-encuentro-literario-explora-tarapaca-incentiva-la-interculturalidad\/"},"wordCount":330,"commentCount":0,"image":{"@id":"https:\/\/explora.cl\/tarapaca\/con-encuentro-literario-explora-tarapaca-incentiva-la-interculturalidad\/#primaryimage"},"thumbnailUrl":"https:\/\/explora.cl\/tarapaca\/wp-content\/uploads\/sites\/3\/2022\/01\/Captura-cuento.png","keywords":["Encuentro Literario","Interculturalidad","tarapac\u00e1,"],"articleSection":["Lugar 8","Noticias"],"inLanguage":"es-CL","potentialAction":[{"@type":"CommentAction","name":"Comment","target":["https:\/\/explora.cl\/tarapaca\/con-encuentro-literario-explora-tarapaca-incentiva-la-interculturalidad\/#respond"]}]},{"@type":"WebPage","@id":"https:\/\/explora.cl\/tarapaca\/con-encuentro-literario-explora-tarapaca-incentiva-la-interculturalidad\/","url":"https:\/\/explora.cl\/tarapaca\/con-encuentro-literario-explora-tarapaca-incentiva-la-interculturalidad\/","name":"Con encuentro literario Explora Tarapac\u00e1 incentiva la interculturalidad - Tarapaca","isPartOf":{"@id":"https:\/\/explora.cl\/tarapaca\/#website"},"primaryImageOfPage":{"@id":"https:\/\/explora.cl\/tarapaca\/con-encuentro-literario-explora-tarapaca-incentiva-la-interculturalidad\/#primaryimage"},"image":{"@id":"https:\/\/explora.cl\/tarapaca\/con-encuentro-literario-explora-tarapaca-incentiva-la-interculturalidad\/#primaryimage"},"thumbnailUrl":"https:\/\/explora.cl\/tarapaca\/wp-content\/uploads\/sites\/3\/2022\/01\/Captura-cuento.png","datePublished":"2021-12-16T16:53:23+00:00","dateModified":"2022-01-04T16:59:13+00:00","author":{"@id":"https:\/\/explora.cl\/tarapaca\/#\/schema\/person\/ca04f8a8f8e25243bd462d34eb1ca505"},"breadcrumb":{"@id":"https:\/\/explora.cl\/tarapaca\/con-encuentro-literario-explora-tarapaca-incentiva-la-interculturalidad\/#breadcrumb"},"inLanguage":"es-CL","potentialAction":[{"@type":"ReadAction","target":["https:\/\/explora.cl\/tarapaca\/con-encuentro-literario-explora-tarapaca-incentiva-la-interculturalidad\/"]}]},{"@type":"ImageObject","inLanguage":"es-CL","@id":"https:\/\/explora.cl\/tarapaca\/con-encuentro-literario-explora-tarapaca-incentiva-la-interculturalidad\/#primaryimage","url":"https:\/\/explora.cl\/tarapaca\/wp-content\/uploads\/sites\/3\/2022\/01\/Captura-cuento.png","contentUrl":"https:\/\/explora.cl\/tarapaca\/wp-content\/uploads\/sites\/3\/2022\/01\/Captura-cuento.png","width":1440,"height":900},{"@type":"BreadcrumbList","@id":"https:\/\/explora.cl\/tarapaca\/con-encuentro-literario-explora-tarapaca-incentiva-la-interculturalidad\/#breadcrumb","itemListElement":[{"@type":"ListItem","position":1,"name":"Portada","item":"https:\/\/explora.cl\/tarapaca\/"},{"@type":"ListItem","position":2,"name":"Con encuentro literario Explora Tarapac\u00e1 incentiva la interculturalidad"}]},{"@type":"WebSite","@id":"https:\/\/explora.cl\/tarapaca\/#website","url":"https:\/\/explora.cl\/tarapaca\/","name":"Tarapaca","description":"Otro sitio m\u00e1s de explora.cl","potentialAction":[{"@type":"SearchAction","target":{"@type":"EntryPoint","urlTemplate":"https:\/\/explora.cl\/tarapaca\/?s={search_term_string}"},"query-input":{"@type":"PropertyValueSpecification","valueRequired":true,"valueName":"search_term_string"}}],"inLanguage":"es-CL"},{"@type":"Person","@id":"https:\/\/explora.cl\/tarapaca\/#\/schema\/person\/ca04f8a8f8e25243bd462d34eb1ca505","name":"admintarapaca","image":{"@type":"ImageObject","inLanguage":"es-CL","@id":"https:\/\/explora.cl\/tarapaca\/#\/schema\/person\/image\/","url":"https:\/\/secure.gravatar.com\/avatar\/8ff4762fabbf7a1732a126425c82d628f08ba754529d77a55358cbb74e14343f?s=96&d=mm&r=g","contentUrl":"https:\/\/secure.gravatar.com\/avatar\/8ff4762fabbf7a1732a126425c82d628f08ba754529d77a55358cbb74e14343f?s=96&d=mm&r=g","caption":"admintarapaca"},"url":"https:\/\/explora.cl\/tarapaca\/author\/dolivares\/"}]}},"_links":{"self":[{"href":"https:\/\/explora.cl\/tarapaca\/wp-json\/wp\/v2\/posts\/39430","targetHints":{"allow":["GET"]}}],"collection":[{"href":"https:\/\/explora.cl\/tarapaca\/wp-json\/wp\/v2\/posts"}],"about":[{"href":"https:\/\/explora.cl\/tarapaca\/wp-json\/wp\/v2\/types\/post"}],"author":[{"embeddable":true,"href":"https:\/\/explora.cl\/tarapaca\/wp-json\/wp\/v2\/users\/18"}],"replies":[{"embeddable":true,"href":"https:\/\/explora.cl\/tarapaca\/wp-json\/wp\/v2\/comments?post=39430"}],"version-history":[{"count":1,"href":"https:\/\/explora.cl\/tarapaca\/wp-json\/wp\/v2\/posts\/39430\/revisions"}],"predecessor-version":[{"id":39433,"href":"https:\/\/explora.cl\/tarapaca\/wp-json\/wp\/v2\/posts\/39430\/revisions\/39433"}],"wp:featuredmedia":[{"embeddable":true,"href":"https:\/\/explora.cl\/tarapaca\/wp-json\/wp\/v2\/media\/39431"}],"wp:attachment":[{"href":"https:\/\/explora.cl\/tarapaca\/wp-json\/wp\/v2\/media?parent=39430"}],"wp:term":[{"taxonomy":"category","embeddable":true,"href":"https:\/\/explora.cl\/tarapaca\/wp-json\/wp\/v2\/categories?post=39430"},{"taxonomy":"post_tag","embeddable":true,"href":"https:\/\/explora.cl\/tarapaca\/wp-json\/wp\/v2\/tags?post=39430"}],"curies":[{"name":"wp","href":"https:\/\/api.w.org\/{rel}","templated":true}]}}