{"id":39427,"date":"2021-12-21T13:37:21","date_gmt":"2021-12-21T16:37:21","guid":{"rendered":"https:\/\/explora.cl\/tarapaca\/?p=39427"},"modified":"2022-01-04T13:50:47","modified_gmt":"2022-01-04T16:50:47","slug":"12-proyectos-de-investigacion-e-innovacion-cientifica-fueron-expuestos-en-feria-escolar","status":"publish","type":"post","link":"https:\/\/explora.cl\/tarapaca\/12-proyectos-de-investigacion-e-innovacion-cientifica-fueron-expuestos-en-feria-escolar\/","title":{"rendered":"12 proyectos de investigaci\u00f3n e innovaci\u00f3n cient\u00edfica fueron expuestos en Feria Escolar"},"content":{"rendered":"<h5><em>El evento es el<\/em><em> espacio para la difusi\u00f3n y el di\u00e1logo entre los estudiantes.<\/em><\/h5>\n<p><em>\u00a0<\/em>La actividad organizada por la Universidad de Tarapac\u00e1 sede Iquique, a trav\u00e9s del Proyecto Explora Tarapac\u00e1 del Ministerio de Ciencia, Tecnolog\u00eda, Conocimiento e Innovaci\u00f3n, congreg\u00f3 a siete establecimientos educacionales de las comunas de Iquique y Alto Hospicio.<\/p>\n<p>Oportunidad en la que estudiantes de ense\u00f1anza b\u00e1sica y media de Tarapac\u00e1 socializaron, difundieron y compartieron experiencias con sus pares, estudiantes de la universidad, apoderados asistentes y la directora de sedes UTA Iquique, Dra. Yasna Godoy Henr\u00edquez, en torno al desarrollo de sus proyectos de investigaci\u00f3n e innovaci\u00f3n escolar que efectuaron durante el 2021.<\/p>\n<p>La feria cient\u00edfica fue el hito de cierre de las academias de Investigaci\u00f3n e Innovaci\u00f3n Escolar Explora Tarapac\u00e1 que se desarrollaron durante este a\u00f1o, donde estudiantes y docentes participaron de talleres y reuniones con diferentes profesionales que los asesoraron en la realizaci\u00f3n de sus proyectos.<\/p>\n<p>Paulina de la Fuente, apoderada de Benjam\u00edn Friedli, estudiante de ense\u00f1anza b\u00e1sica del colegio Hispano Brit\u00e1nico, destac\u00f3 el trabajo de investigaci\u00f3n presentado por cada uno de los establecimientos y tambi\u00e9n la instancia de encuentro que signific\u00f3 la Feria Cient\u00edfica \u201cBenjam\u00edn y sus compa\u00f1eros se encuentran con estudiantes que tienen las mismas inquietudes que \u00e9l, el gusto por investigar y tambi\u00e9n conocer el trabajo realizado por otros colegios\u201d.<\/p>\n<p>La Feria Escolar se desarroll\u00f3 en la sede Esmeralda de la Universidad Tarapac\u00e1 y cont\u00f3 con la participaci\u00f3n de estudiantes y docentes de la escuela Gabriela Mistral, Colegio Hispano Brit\u00e1nico, Liceo Libertador Bernardo O\u2019Higgins Riquelme, Colegio Bajo Molle, Escuela Centenario, Escuela Thilda Portillo y el Colegio Marista Hermano Fernando de Alto Hospicio.<\/p>\n<p>\u00c1lvaro Pimentel, Coordinador de la actividad, destac\u00f3 la participaci\u00f3n y entusiasmo de los estudiantes y el nivel de los proyectos presentados. Adem\u00e1s, felicit\u00f3 a cada uno de las y los estudiantes por el tiempo que dedican a investigar y presentar proyectos de investigaci\u00f3n e innovaci\u00f3n.<\/p>\n<p>Por su parte la directora del Proyecto Explora, Valeska Zepeda, destac\u00f3 a los establecimientos educacionales de Tarapac\u00e1 por sumarse a esta invitaci\u00f3n, apoyando a sus docentes y estudiantes en el desarrollo de proyectos de investigaci\u00f3n e innovaci\u00f3n por lo que se espera que se renueve el compromiso con cada establecimiento para el 2022.<\/p>\n<p>El Proyecto Asociativo Regional Explora Tarapac\u00e1 es financiado por el Ministerio de Ciencia, Tecnolog\u00eda, Conocimiento e Innovaci\u00f3n y es liderado por la Universidad de Tarapac\u00e1 Sede Iquique.<\/p>\n","protected":false},"excerpt":{"rendered":"<p>El evento es el espacio para la difusi\u00f3n y el di\u00e1logo entre los estudiantes. \u00a0La actividad organizada por la Universidad de Tarapac\u00e1 sede Iquique, a trav\u00e9s del Proyecto Explora Tarapac\u00e1 del Ministerio de Ciencia, Tecnolog\u00eda, Conocimiento e Innovaci\u00f3n, congreg\u00f3 a siete establecimientos educacionales de las comunas de Iquique y Alto Hospicio. Oportunidad en la que [&hellip;]<\/p>\n","protected":false},"author":18,"featured_media":39428,"comment_status":"open","ping_status":"open","sticky":false,"template":"","format":"standard","meta":{"_acf_changed":false,"_exactmetrics_skip_tracking":false,"_exactmetrics_sitenote_active":false,"_exactmetrics_sitenote_note":"","_exactmetrics_sitenote_category":0,"footnotes":"","_links_to":"","_links_to_target":""},"categories":[142,4],"tags":[102,243],"class_list":["post-39427","post","type-post","status-publish","format-standard","has-post-thumbnail","hentry","category-lugar-7","category-noticias","tag-feria-cientifica","tag-iie"],"acf":[],"yoast_head":"<!-- This site is optimized with the Yoast SEO plugin v26.9 - https:\/\/yoast.com\/product\/yoast-seo-wordpress\/ -->\n<title>12 proyectos de investigaci\u00f3n e innovaci\u00f3n cient\u00edfica fueron expuestos en Feria Escolar - Tarapaca<\/title>\n<meta name=\"robots\" content=\"index, follow, max-snippet:-1, max-image-preview:large, max-video-preview:-1\" \/>\n<link rel=\"canonical\" href=\"https:\/\/explora.cl\/tarapaca\/12-proyectos-de-investigacion-e-innovacion-cientifica-fueron-expuestos-en-feria-escolar\/\" class=\"yoast-seo-meta-tag\" \/>\n<meta property=\"og:locale\" content=\"es_ES\" class=\"yoast-seo-meta-tag\" \/>\n<meta property=\"og:type\" content=\"article\" class=\"yoast-seo-meta-tag\" \/>\n<meta property=\"og:title\" content=\"12 proyectos de investigaci\u00f3n e innovaci\u00f3n cient\u00edfica fueron expuestos en Feria Escolar - Tarapaca\" class=\"yoast-seo-meta-tag\" \/>\n<meta property=\"og:description\" content=\"El evento es el espacio para la difusi\u00f3n y el di\u00e1logo entre los estudiantes. \u00a0La actividad organizada por la Universidad de Tarapac\u00e1 sede Iquique, a trav\u00e9s del Proyecto Explora Tarapac\u00e1 del Ministerio de Ciencia, Tecnolog\u00eda, Conocimiento e Innovaci\u00f3n, congreg\u00f3 a siete establecimientos educacionales de las comunas de Iquique y Alto Hospicio. Oportunidad en la que [&hellip;]\" class=\"yoast-seo-meta-tag\" \/>\n<meta property=\"og:url\" content=\"https:\/\/explora.cl\/tarapaca\/12-proyectos-de-investigacion-e-innovacion-cientifica-fueron-expuestos-en-feria-escolar\/\" class=\"yoast-seo-meta-tag\" \/>\n<meta property=\"og:site_name\" content=\"Tarapaca\" class=\"yoast-seo-meta-tag\" \/>\n<meta property=\"article:published_time\" content=\"2021-12-21T16:37:21+00:00\" class=\"yoast-seo-meta-tag\" \/>\n<meta property=\"article:modified_time\" content=\"2022-01-04T16:50:47+00:00\" class=\"yoast-seo-meta-tag\" \/>\n<meta property=\"og:image\" content=\"https:\/\/explora.cl\/tarapaca\/wp-content\/uploads\/sites\/3\/2022\/01\/IMG-9770-1024x768.jpg\" class=\"yoast-seo-meta-tag\" \/>\n\t<meta property=\"og:image:width\" content=\"1024\" class=\"yoast-seo-meta-tag\" \/>\n\t<meta property=\"og:image:height\" content=\"768\" class=\"yoast-seo-meta-tag\" \/>\n\t<meta property=\"og:image:type\" content=\"image\/jpeg\" class=\"yoast-seo-meta-tag\" \/>\n<meta name=\"author\" content=\"admintarapaca\" class=\"yoast-seo-meta-tag\" \/>\n<meta name=\"twitter:card\" content=\"summary_large_image\" class=\"yoast-seo-meta-tag\" \/>\n<meta name=\"twitter:label1\" content=\"Escrito por\" class=\"yoast-seo-meta-tag\" \/>\n\t<meta name=\"twitter:data1\" content=\"admintarapaca\" class=\"yoast-seo-meta-tag\" \/>\n\t<meta name=\"twitter:label2\" content=\"Tiempo estimado de lectura\" class=\"yoast-seo-meta-tag\" \/>\n\t<meta name=\"twitter:data2\" content=\"2 minutos\" class=\"yoast-seo-meta-tag\" \/>\n<script type=\"application\/ld+json\" class=\"yoast-schema-graph\">{\"@context\":\"https:\/\/schema.org\",\"@graph\":[{\"@type\":\"Article\",\"@id\":\"https:\/\/explora.cl\/tarapaca\/12-proyectos-de-investigacion-e-innovacion-cientifica-fueron-expuestos-en-feria-escolar\/#article\",\"isPartOf\":{\"@id\":\"https:\/\/explora.cl\/tarapaca\/12-proyectos-de-investigacion-e-innovacion-cientifica-fueron-expuestos-en-feria-escolar\/\"},\"author\":{\"name\":\"admintarapaca\",\"@id\":\"https:\/\/explora.cl\/tarapaca\/#\/schema\/person\/ca04f8a8f8e25243bd462d34eb1ca505\"},\"headline\":\"12 proyectos de investigaci\u00f3n e innovaci\u00f3n cient\u00edfica fueron expuestos en Feria Escolar\",\"datePublished\":\"2021-12-21T16:37:21+00:00\",\"dateModified\":\"2022-01-04T16:50:47+00:00\",\"mainEntityOfPage\":{\"@id\":\"https:\/\/explora.cl\/tarapaca\/12-proyectos-de-investigacion-e-innovacion-cientifica-fueron-expuestos-en-feria-escolar\/\"},\"wordCount\":443,\"commentCount\":0,\"image\":{\"@id\":\"https:\/\/explora.cl\/tarapaca\/12-proyectos-de-investigacion-e-innovacion-cientifica-fueron-expuestos-en-feria-escolar\/#primaryimage\"},\"thumbnailUrl\":\"https:\/\/explora.cl\/tarapaca\/wp-content\/uploads\/sites\/3\/2022\/01\/IMG-9770.jpg\",\"keywords\":[\"Feria Cient\u00edfica\",\"IIE\"],\"articleSection\":[\"Lugar 7\",\"Noticias\"],\"inLanguage\":\"es-CL\",\"potentialAction\":[{\"@type\":\"CommentAction\",\"name\":\"Comment\",\"target\":[\"https:\/\/explora.cl\/tarapaca\/12-proyectos-de-investigacion-e-innovacion-cientifica-fueron-expuestos-en-feria-escolar\/#respond\"]}]},{\"@type\":\"WebPage\",\"@id\":\"https:\/\/explora.cl\/tarapaca\/12-proyectos-de-investigacion-e-innovacion-cientifica-fueron-expuestos-en-feria-escolar\/\",\"url\":\"https:\/\/explora.cl\/tarapaca\/12-proyectos-de-investigacion-e-innovacion-cientifica-fueron-expuestos-en-feria-escolar\/\",\"name\":\"12 proyectos de investigaci\u00f3n e innovaci\u00f3n cient\u00edfica fueron expuestos en Feria Escolar - Tarapaca\",\"isPartOf\":{\"@id\":\"https:\/\/explora.cl\/tarapaca\/#website\"},\"primaryImageOfPage\":{\"@id\":\"https:\/\/explora.cl\/tarapaca\/12-proyectos-de-investigacion-e-innovacion-cientifica-fueron-expuestos-en-feria-escolar\/#primaryimage\"},\"image\":{\"@id\":\"https:\/\/explora.cl\/tarapaca\/12-proyectos-de-investigacion-e-innovacion-cientifica-fueron-expuestos-en-feria-escolar\/#primaryimage\"},\"thumbnailUrl\":\"https:\/\/explora.cl\/tarapaca\/wp-content\/uploads\/sites\/3\/2022\/01\/IMG-9770.jpg\",\"datePublished\":\"2021-12-21T16:37:21+00:00\",\"dateModified\":\"2022-01-04T16:50:47+00:00\",\"author\":{\"@id\":\"https:\/\/explora.cl\/tarapaca\/#\/schema\/person\/ca04f8a8f8e25243bd462d34eb1ca505\"},\"breadcrumb\":{\"@id\":\"https:\/\/explora.cl\/tarapaca\/12-proyectos-de-investigacion-e-innovacion-cientifica-fueron-expuestos-en-feria-escolar\/#breadcrumb\"},\"inLanguage\":\"es-CL\",\"potentialAction\":[{\"@type\":\"ReadAction\",\"target\":[\"https:\/\/explora.cl\/tarapaca\/12-proyectos-de-investigacion-e-innovacion-cientifica-fueron-expuestos-en-feria-escolar\/\"]}]},{\"@type\":\"ImageObject\",\"inLanguage\":\"es-CL\",\"@id\":\"https:\/\/explora.cl\/tarapaca\/12-proyectos-de-investigacion-e-innovacion-cientifica-fueron-expuestos-en-feria-escolar\/#primaryimage\",\"url\":\"https:\/\/explora.cl\/tarapaca\/wp-content\/uploads\/sites\/3\/2022\/01\/IMG-9770.jpg\",\"contentUrl\":\"https:\/\/explora.cl\/tarapaca\/wp-content\/uploads\/sites\/3\/2022\/01\/IMG-9770.jpg\",\"width\":4032,\"height\":3024},{\"@type\":\"BreadcrumbList\",\"@id\":\"https:\/\/explora.cl\/tarapaca\/12-proyectos-de-investigacion-e-innovacion-cientifica-fueron-expuestos-en-feria-escolar\/#breadcrumb\",\"itemListElement\":[{\"@type\":\"ListItem\",\"position\":1,\"name\":\"Portada\",\"item\":\"https:\/\/explora.cl\/tarapaca\/\"},{\"@type\":\"ListItem\",\"position\":2,\"name\":\"12 proyectos de investigaci\u00f3n e innovaci\u00f3n cient\u00edfica fueron expuestos en Feria Escolar\"}]},{\"@type\":\"WebSite\",\"@id\":\"https:\/\/explora.cl\/tarapaca\/#website\",\"url\":\"https:\/\/explora.cl\/tarapaca\/\",\"name\":\"Tarapaca\",\"description\":\"Otro sitio m\u00e1s de explora.cl\",\"potentialAction\":[{\"@type\":\"SearchAction\",\"target\":{\"@type\":\"EntryPoint\",\"urlTemplate\":\"https:\/\/explora.cl\/tarapaca\/?s={search_term_string}\"},\"query-input\":{\"@type\":\"PropertyValueSpecification\",\"valueRequired\":true,\"valueName\":\"search_term_string\"}}],\"inLanguage\":\"es-CL\"},{\"@type\":\"Person\",\"@id\":\"https:\/\/explora.cl\/tarapaca\/#\/schema\/person\/ca04f8a8f8e25243bd462d34eb1ca505\",\"name\":\"admintarapaca\",\"image\":{\"@type\":\"ImageObject\",\"inLanguage\":\"es-CL\",\"@id\":\"https:\/\/explora.cl\/tarapaca\/#\/schema\/person\/image\/\",\"url\":\"https:\/\/secure.gravatar.com\/avatar\/8ff4762fabbf7a1732a126425c82d628f08ba754529d77a55358cbb74e14343f?s=96&d=mm&r=g\",\"contentUrl\":\"https:\/\/secure.gravatar.com\/avatar\/8ff4762fabbf7a1732a126425c82d628f08ba754529d77a55358cbb74e14343f?s=96&d=mm&r=g\",\"caption\":\"admintarapaca\"},\"url\":\"https:\/\/explora.cl\/tarapaca\/author\/dolivares\/\"}]}<\/script>\n<!-- \/ Yoast SEO plugin. -->","yoast_head_json":{"title":"12 proyectos de investigaci\u00f3n e innovaci\u00f3n cient\u00edfica fueron expuestos en Feria Escolar - Tarapaca","robots":{"index":"index","follow":"follow","max-snippet":"max-snippet:-1","max-image-preview":"max-image-preview:large","max-video-preview":"max-video-preview:-1"},"canonical":"https:\/\/explora.cl\/tarapaca\/12-proyectos-de-investigacion-e-innovacion-cientifica-fueron-expuestos-en-feria-escolar\/","og_locale":"es_ES","og_type":"article","og_title":"12 proyectos de investigaci\u00f3n e innovaci\u00f3n cient\u00edfica fueron expuestos en Feria Escolar - Tarapaca","og_description":"El evento es el espacio para la difusi\u00f3n y el di\u00e1logo entre los estudiantes. \u00a0La actividad organizada por la Universidad de Tarapac\u00e1 sede Iquique, a trav\u00e9s del Proyecto Explora Tarapac\u00e1 del Ministerio de Ciencia, Tecnolog\u00eda, Conocimiento e Innovaci\u00f3n, congreg\u00f3 a siete establecimientos educacionales de las comunas de Iquique y Alto Hospicio. Oportunidad en la que [&hellip;]","og_url":"https:\/\/explora.cl\/tarapaca\/12-proyectos-de-investigacion-e-innovacion-cientifica-fueron-expuestos-en-feria-escolar\/","og_site_name":"Tarapaca","article_published_time":"2021-12-21T16:37:21+00:00","article_modified_time":"2022-01-04T16:50:47+00:00","og_image":[{"width":1024,"height":768,"url":"https:\/\/explora.cl\/tarapaca\/wp-content\/uploads\/sites\/3\/2022\/01\/IMG-9770-1024x768.jpg","type":"image\/jpeg"}],"author":"admintarapaca","twitter_card":"summary_large_image","twitter_misc":{"Escrito por":"admintarapaca","Tiempo estimado de lectura":"2 minutos"},"schema":{"@context":"https:\/\/schema.org","@graph":[{"@type":"Article","@id":"https:\/\/explora.cl\/tarapaca\/12-proyectos-de-investigacion-e-innovacion-cientifica-fueron-expuestos-en-feria-escolar\/#article","isPartOf":{"@id":"https:\/\/explora.cl\/tarapaca\/12-proyectos-de-investigacion-e-innovacion-cientifica-fueron-expuestos-en-feria-escolar\/"},"author":{"name":"admintarapaca","@id":"https:\/\/explora.cl\/tarapaca\/#\/schema\/person\/ca04f8a8f8e25243bd462d34eb1ca505"},"headline":"12 proyectos de investigaci\u00f3n e innovaci\u00f3n cient\u00edfica fueron expuestos en Feria Escolar","datePublished":"2021-12-21T16:37:21+00:00","dateModified":"2022-01-04T16:50:47+00:00","mainEntityOfPage":{"@id":"https:\/\/explora.cl\/tarapaca\/12-proyectos-de-investigacion-e-innovacion-cientifica-fueron-expuestos-en-feria-escolar\/"},"wordCount":443,"commentCount":0,"image":{"@id":"https:\/\/explora.cl\/tarapaca\/12-proyectos-de-investigacion-e-innovacion-cientifica-fueron-expuestos-en-feria-escolar\/#primaryimage"},"thumbnailUrl":"https:\/\/explora.cl\/tarapaca\/wp-content\/uploads\/sites\/3\/2022\/01\/IMG-9770.jpg","keywords":["Feria Cient\u00edfica","IIE"],"articleSection":["Lugar 7","Noticias"],"inLanguage":"es-CL","potentialAction":[{"@type":"CommentAction","name":"Comment","target":["https:\/\/explora.cl\/tarapaca\/12-proyectos-de-investigacion-e-innovacion-cientifica-fueron-expuestos-en-feria-escolar\/#respond"]}]},{"@type":"WebPage","@id":"https:\/\/explora.cl\/tarapaca\/12-proyectos-de-investigacion-e-innovacion-cientifica-fueron-expuestos-en-feria-escolar\/","url":"https:\/\/explora.cl\/tarapaca\/12-proyectos-de-investigacion-e-innovacion-cientifica-fueron-expuestos-en-feria-escolar\/","name":"12 proyectos de investigaci\u00f3n e innovaci\u00f3n cient\u00edfica fueron expuestos en Feria Escolar - Tarapaca","isPartOf":{"@id":"https:\/\/explora.cl\/tarapaca\/#website"},"primaryImageOfPage":{"@id":"https:\/\/explora.cl\/tarapaca\/12-proyectos-de-investigacion-e-innovacion-cientifica-fueron-expuestos-en-feria-escolar\/#primaryimage"},"image":{"@id":"https:\/\/explora.cl\/tarapaca\/12-proyectos-de-investigacion-e-innovacion-cientifica-fueron-expuestos-en-feria-escolar\/#primaryimage"},"thumbnailUrl":"https:\/\/explora.cl\/tarapaca\/wp-content\/uploads\/sites\/3\/2022\/01\/IMG-9770.jpg","datePublished":"2021-12-21T16:37:21+00:00","dateModified":"2022-01-04T16:50:47+00:00","author":{"@id":"https:\/\/explora.cl\/tarapaca\/#\/schema\/person\/ca04f8a8f8e25243bd462d34eb1ca505"},"breadcrumb":{"@id":"https:\/\/explora.cl\/tarapaca\/12-proyectos-de-investigacion-e-innovacion-cientifica-fueron-expuestos-en-feria-escolar\/#breadcrumb"},"inLanguage":"es-CL","potentialAction":[{"@type":"ReadAction","target":["https:\/\/explora.cl\/tarapaca\/12-proyectos-de-investigacion-e-innovacion-cientifica-fueron-expuestos-en-feria-escolar\/"]}]},{"@type":"ImageObject","inLanguage":"es-CL","@id":"https:\/\/explora.cl\/tarapaca\/12-proyectos-de-investigacion-e-innovacion-cientifica-fueron-expuestos-en-feria-escolar\/#primaryimage","url":"https:\/\/explora.cl\/tarapaca\/wp-content\/uploads\/sites\/3\/2022\/01\/IMG-9770.jpg","contentUrl":"https:\/\/explora.cl\/tarapaca\/wp-content\/uploads\/sites\/3\/2022\/01\/IMG-9770.jpg","width":4032,"height":3024},{"@type":"BreadcrumbList","@id":"https:\/\/explora.cl\/tarapaca\/12-proyectos-de-investigacion-e-innovacion-cientifica-fueron-expuestos-en-feria-escolar\/#breadcrumb","itemListElement":[{"@type":"ListItem","position":1,"name":"Portada","item":"https:\/\/explora.cl\/tarapaca\/"},{"@type":"ListItem","position":2,"name":"12 proyectos de investigaci\u00f3n e innovaci\u00f3n cient\u00edfica fueron expuestos en Feria Escolar"}]},{"@type":"WebSite","@id":"https:\/\/explora.cl\/tarapaca\/#website","url":"https:\/\/explora.cl\/tarapaca\/","name":"Tarapaca","description":"Otro sitio m\u00e1s de explora.cl","potentialAction":[{"@type":"SearchAction","target":{"@type":"EntryPoint","urlTemplate":"https:\/\/explora.cl\/tarapaca\/?s={search_term_string}"},"query-input":{"@type":"PropertyValueSpecification","valueRequired":true,"valueName":"search_term_string"}}],"inLanguage":"es-CL"},{"@type":"Person","@id":"https:\/\/explora.cl\/tarapaca\/#\/schema\/person\/ca04f8a8f8e25243bd462d34eb1ca505","name":"admintarapaca","image":{"@type":"ImageObject","inLanguage":"es-CL","@id":"https:\/\/explora.cl\/tarapaca\/#\/schema\/person\/image\/","url":"https:\/\/secure.gravatar.com\/avatar\/8ff4762fabbf7a1732a126425c82d628f08ba754529d77a55358cbb74e14343f?s=96&d=mm&r=g","contentUrl":"https:\/\/secure.gravatar.com\/avatar\/8ff4762fabbf7a1732a126425c82d628f08ba754529d77a55358cbb74e14343f?s=96&d=mm&r=g","caption":"admintarapaca"},"url":"https:\/\/explora.cl\/tarapaca\/author\/dolivares\/"}]}},"_links":{"self":[{"href":"https:\/\/explora.cl\/tarapaca\/wp-json\/wp\/v2\/posts\/39427","targetHints":{"allow":["GET"]}}],"collection":[{"href":"https:\/\/explora.cl\/tarapaca\/wp-json\/wp\/v2\/posts"}],"about":[{"href":"https:\/\/explora.cl\/tarapaca\/wp-json\/wp\/v2\/types\/post"}],"author":[{"embeddable":true,"href":"https:\/\/explora.cl\/tarapaca\/wp-json\/wp\/v2\/users\/18"}],"replies":[{"embeddable":true,"href":"https:\/\/explora.cl\/tarapaca\/wp-json\/wp\/v2\/comments?post=39427"}],"version-history":[{"count":1,"href":"https:\/\/explora.cl\/tarapaca\/wp-json\/wp\/v2\/posts\/39427\/revisions"}],"predecessor-version":[{"id":39429,"href":"https:\/\/explora.cl\/tarapaca\/wp-json\/wp\/v2\/posts\/39427\/revisions\/39429"}],"wp:featuredmedia":[{"embeddable":true,"href":"https:\/\/explora.cl\/tarapaca\/wp-json\/wp\/v2\/media\/39428"}],"wp:attachment":[{"href":"https:\/\/explora.cl\/tarapaca\/wp-json\/wp\/v2\/media?parent=39427"}],"wp:term":[{"taxonomy":"category","embeddable":true,"href":"https:\/\/explora.cl\/tarapaca\/wp-json\/wp\/v2\/categories?post=39427"},{"taxonomy":"post_tag","embeddable":true,"href":"https:\/\/explora.cl\/tarapaca\/wp-json\/wp\/v2\/tags?post=39427"}],"curies":[{"name":"wp","href":"https:\/\/api.w.org\/{rel}","templated":true}]}}