{"id":39295,"date":"2021-06-11T11:05:40","date_gmt":"2021-06-11T15:05:40","guid":{"rendered":"https:\/\/explora.cl\/tarapaca\/?p=39295"},"modified":"2021-09-10T11:50:31","modified_gmt":"2021-09-10T14:50:31","slug":"explora-convoca-a-estudiantes-de-educacion-basica-y-media-para-participar-en-investigacion-e-innovacion-escolar","status":"publish","type":"post","link":"https:\/\/explora.cl\/tarapaca\/explora-convoca-a-estudiantes-de-educacion-basica-y-media-para-participar-en-investigacion-e-innovacion-escolar\/","title":{"rendered":"Explora convoca a estudiantes de educaci\u00f3n b\u00e1sica y media para participar en Investigaci\u00f3n e Innovaci\u00f3n Escolar"},"content":{"rendered":"<ul>\n<li>\n<p align=\"justify\"><span style=\"color: #000000\"><span style=\"font-family: gobCL, serif\"><i><b>Estudiantes de primero b\u00e1sico a cuarto medio tienen hasta el 25 de junio para postular.<\/b><\/i><\/span><\/span><\/p>\n<\/li>\n<\/ul>\n<p class=\"western\" align=\"justify\"><span style=\"color: #000000\"><span style=\"font-family: gobCL, serif\"> La Universidad de Tarapac\u00e1 Sede Iquique, a trav\u00e9s de su proyecto Explora Tarapac\u00e1, est\u00e1 realizando una convocatoria a la actividad de Investigaci\u00f3n e Innovaci\u00f3n Escolar la cual busca fomentar la investigaci\u00f3n e innovaci\u00f3n en estudiantes desde primero b\u00e1sico a cuarto medio en nuestra regi\u00f3n.<\/span><\/span><\/p>\n<p class=\"western\" align=\"justify\"><span style=\"color: #000000\"><span style=\"font-family: gobCL, serif\"> Esta iniciativa se desarrollar\u00e1 en el marco de academias de investigaci\u00f3n e innovaci\u00f3n v\u00eda remota donde las y los estudiantes seleccionados, junto a sus docentes y familias podr\u00e1n participar de talleres, conversatorios y asesor\u00eda cient\u00edfica online. Adem\u00e1s, con el apoyo de Explora Tarapac\u00e1, las y los estudiantes podr\u00e1n desarrollar iniciativas o proyectos en cuatro \u00e1reas espec\u00edficas: 1) Ciencias naturales y exactas, 2) Ciencias sociales, 3) Artes y\/o humanidades y 4) Innovaci\u00f3n. Los proyectos que logren obtener resultados podr\u00e1n postular al Congreso Regional de IIE que se realizar\u00e1 el mes de noviembre del presente a\u00f1o. Cabe destacar que los ganadores de congreso clasificaran para el Congreso Nacional de Explora que se realizar\u00e1 en 2022. <\/span><\/span><\/p>\n<p class=\"western\" align=\"justify\"><span style=\"color: #000000\"><span style=\"font-family: gobCL, serif\"> Para ser parte de la iniciativa Investigaci\u00f3n e Innovaci\u00f3n Escolar (IIE) 2021 el plazo se extiende hasta el 25 de junio y sus postulaciones cuentan con un formulario y bases en la web regional de Explora Tarapac\u00e1. <\/span><\/span><\/p>\n<p class=\"western\" align=\"justify\"><span style=\"color: #000000\"><span style=\"font-family: gobCL, serif\">El 2020 fueron 16 proyectos de investigaci\u00f3n que respondieron a diversas tem\u00e1ticas en las \u00e1reas de las ciencias naturales y sociales principalmente, las cuales abordaron problem\u00e1ticas importantes que podr\u00edan ser un aporte a los problemas actuales. Entre algunos de los proyectos podemos nombrar: \u201cCandidatos fitoterap\u00e9uticos de la zona norte de Chile para la mitigaci\u00f3n oxidativa inducida por la exposici\u00f3n a gran altura&#8221;, del Colegio Humberstone de Iquique; &#8220;Investigaci\u00f3n del uso de los recursos tecnol\u00f3gicos en los \u00e1mbitos educativos y recreativos en tiempos de pandemia 2020\u201d, del Liceo Bicentenario SS Juan Pablo Segundo de Alto Hospicio y \u201cAutocultivo y emociones en pandemia&#8221;, del Liceo A-7 Libertador Bernardo O&#8217;higgins de Iquique.<\/span><\/span><\/p>\n<p class=\"western\" align=\"justify\"><span style=\"color: #000000\"> <span style=\"font-family: gobCL, serif\">Para la Universidad de Tarapac\u00e1 Sede Iquique, a trav\u00e9s de su Directora acad\u00e9mica Ang\u00e9lica Cazenave: \u201cEsta iniciativa busca acercar las ciencias a estudiantes de ense\u00f1anza b\u00e1sica y media, quienes podr\u00edan generar las investigaciones del ma\u00f1ana\u201d.<\/span><\/span><\/p>\n<p class=\"western\" align=\"justify\"><span style=\"color: #000000\"> <span style=\"font-family: gobCL, serif\"> Mientras que Valeska Zepeda Cordero, Directora ejecutiva de Explora Tarapac\u00e1, enfatiza en la necesidad de que las y los interesados postulen este 2021 : \u201cQueremos que los y las estudiantes se motiven a desarrollar ciencia con al apoyo de sus comunidades escolares. En esta oportunidad tenemos hasta el 25 de junio para que puedan postular todas y todos a trav\u00e9s de nuestra web explora.cl\/tarapaca\u201d. <\/span><\/span><\/p>\n<p class=\"western\" align=\"justify\"><a name=\"__DdeLink__1132_3032965669\"><\/a> <span style=\"color: #000000\"><span style=\"font-family: gobCL, serif\"> Por su parte el encargado de IIE 2021, \u00c1lvaro Pimentel, comenta que \u201cdesde Explora Tarapac\u00e1 apoyamos a todas y cada una de las iniciativas que se presentan a esta actividad mediante talleres, cursos y acercamiento con profesionales de diferentes \u00e1reas para entregar competencias t\u00e9cnicas\u201d.<\/span><\/span><\/p>\n<p class=\"western\" align=\"justify\"><span style=\"color: #000000\"><span style=\"font-family: gobCL, serif\"> La postulaci\u00f3n para \u201cInvestigaci\u00f3n e Innovaci\u00f3n Escolar\u201d y todo su proceso formativo es completamente gratuito, ya que el programa Explora Tarapac\u00e1 es financiado por el Ministerio de Ciencia, Tecnolog\u00eda, Conocimiento e Innovaci\u00f3n y ejecutado por la Universidad de Tarapac\u00e1 Sede Iquique.<\/span><\/span><\/p>\n","protected":false},"excerpt":{"rendered":"<p>Estudiantes de primero b\u00e1sico a cuarto medio tienen hasta el 25 de junio para postular. La Universidad de Tarapac\u00e1 Sede Iquique, a trav\u00e9s de su proyecto Explora Tarapac\u00e1, est\u00e1 realizando una convocatoria a la actividad de Investigaci\u00f3n e Innovaci\u00f3n Escolar la cual busca fomentar la investigaci\u00f3n e innovaci\u00f3n en estudiantes desde primero b\u00e1sico a cuarto [&hellip;]<\/p>\n","protected":false},"author":18,"featured_media":39296,"comment_status":"open","ping_status":"open","sticky":false,"template":"","format":"standard","meta":{"_acf_changed":false,"_exactmetrics_skip_tracking":false,"_exactmetrics_sitenote_active":false,"_exactmetrics_sitenote_note":"","_exactmetrics_sitenote_category":0,"footnotes":"","_links_to":"","_links_to_target":""},"categories":[141,4],"tags":[39,187,243,186,100,181,195,194,157,183,215],"class_list":["post-39295","post","type-post","status-publish","format-standard","has-post-thumbnail","hentry","category-lugar-6","category-noticias","tag-adolescentes","tag-escolar","tag-iie","tag-innovacion","tag-investigacion","tag-ministerio-de-ciencia","tag-ninas","tag-ninos","tag-tarapaca","tag-uta","tag-uta-iquique"],"acf":[],"yoast_head":"<!-- This site is optimized with the Yoast SEO plugin v26.9 - https:\/\/yoast.com\/product\/yoast-seo-wordpress\/ -->\n<title>Explora convoca a estudiantes de educaci\u00f3n b\u00e1sica y media para participar en Investigaci\u00f3n e Innovaci\u00f3n Escolar - Tarapaca<\/title>\n<meta name=\"robots\" content=\"index, follow, max-snippet:-1, max-image-preview:large, max-video-preview:-1\" \/>\n<link rel=\"canonical\" href=\"https:\/\/explora.cl\/tarapaca\/explora-convoca-a-estudiantes-de-educacion-basica-y-media-para-participar-en-investigacion-e-innovacion-escolar\/\" class=\"yoast-seo-meta-tag\" \/>\n<meta property=\"og:locale\" content=\"es_ES\" class=\"yoast-seo-meta-tag\" \/>\n<meta property=\"og:type\" content=\"article\" class=\"yoast-seo-meta-tag\" \/>\n<meta property=\"og:title\" content=\"Explora convoca a estudiantes de educaci\u00f3n b\u00e1sica y media para participar en Investigaci\u00f3n e Innovaci\u00f3n Escolar - Tarapaca\" class=\"yoast-seo-meta-tag\" \/>\n<meta property=\"og:description\" content=\"Estudiantes de primero b\u00e1sico a cuarto medio tienen hasta el 25 de junio para postular. La Universidad de Tarapac\u00e1 Sede Iquique, a trav\u00e9s de su proyecto Explora Tarapac\u00e1, est\u00e1 realizando una convocatoria a la actividad de Investigaci\u00f3n e Innovaci\u00f3n Escolar la cual busca fomentar la investigaci\u00f3n e innovaci\u00f3n en estudiantes desde primero b\u00e1sico a cuarto [&hellip;]\" class=\"yoast-seo-meta-tag\" \/>\n<meta property=\"og:url\" content=\"https:\/\/explora.cl\/tarapaca\/explora-convoca-a-estudiantes-de-educacion-basica-y-media-para-participar-en-investigacion-e-innovacion-escolar\/\" class=\"yoast-seo-meta-tag\" \/>\n<meta property=\"og:site_name\" content=\"Tarapaca\" class=\"yoast-seo-meta-tag\" \/>\n<meta property=\"article:published_time\" content=\"2021-06-11T15:05:40+00:00\" class=\"yoast-seo-meta-tag\" \/>\n<meta property=\"article:modified_time\" content=\"2021-09-10T14:50:31+00:00\" class=\"yoast-seo-meta-tag\" \/>\n<meta property=\"og:image\" content=\"https:\/\/explora.cl\/tarapaca\/wp-content\/uploads\/sites\/3\/2021\/06\/IIE_2020.png\" class=\"yoast-seo-meta-tag\" \/>\n\t<meta property=\"og:image:width\" content=\"1381\" class=\"yoast-seo-meta-tag\" \/>\n\t<meta property=\"og:image:height\" content=\"773\" class=\"yoast-seo-meta-tag\" \/>\n\t<meta property=\"og:image:type\" content=\"image\/png\" class=\"yoast-seo-meta-tag\" \/>\n<meta name=\"author\" content=\"admintarapaca\" class=\"yoast-seo-meta-tag\" \/>\n<meta name=\"twitter:card\" content=\"summary_large_image\" class=\"yoast-seo-meta-tag\" \/>\n<meta name=\"twitter:label1\" content=\"Escrito por\" class=\"yoast-seo-meta-tag\" \/>\n\t<meta name=\"twitter:data1\" content=\"admintarapaca\" class=\"yoast-seo-meta-tag\" \/>\n\t<meta name=\"twitter:label2\" content=\"Tiempo estimado de lectura\" class=\"yoast-seo-meta-tag\" \/>\n\t<meta name=\"twitter:data2\" content=\"3 minutos\" class=\"yoast-seo-meta-tag\" \/>\n<script type=\"application\/ld+json\" class=\"yoast-schema-graph\">{\"@context\":\"https:\/\/schema.org\",\"@graph\":[{\"@type\":\"Article\",\"@id\":\"https:\/\/explora.cl\/tarapaca\/explora-convoca-a-estudiantes-de-educacion-basica-y-media-para-participar-en-investigacion-e-innovacion-escolar\/#article\",\"isPartOf\":{\"@id\":\"https:\/\/explora.cl\/tarapaca\/explora-convoca-a-estudiantes-de-educacion-basica-y-media-para-participar-en-investigacion-e-innovacion-escolar\/\"},\"author\":{\"name\":\"admintarapaca\",\"@id\":\"https:\/\/explora.cl\/tarapaca\/#\/schema\/person\/ca04f8a8f8e25243bd462d34eb1ca505\"},\"headline\":\"Explora convoca a estudiantes de educaci\u00f3n b\u00e1sica y media para participar en Investigaci\u00f3n e Innovaci\u00f3n Escolar\",\"datePublished\":\"2021-06-11T15:05:40+00:00\",\"dateModified\":\"2021-09-10T14:50:31+00:00\",\"mainEntityOfPage\":{\"@id\":\"https:\/\/explora.cl\/tarapaca\/explora-convoca-a-estudiantes-de-educacion-basica-y-media-para-participar-en-investigacion-e-innovacion-escolar\/\"},\"wordCount\":556,\"commentCount\":0,\"image\":{\"@id\":\"https:\/\/explora.cl\/tarapaca\/explora-convoca-a-estudiantes-de-educacion-basica-y-media-para-participar-en-investigacion-e-innovacion-escolar\/#primaryimage\"},\"thumbnailUrl\":\"https:\/\/explora.cl\/tarapaca\/wp-content\/uploads\/sites\/3\/2021\/06\/IIE_2020.png\",\"keywords\":[\"adolescentes\",\"Escolar\",\"IIE\",\"Innovacion\",\"investigaci\u00f3n\",\"Ministerio de Ciencia\",\"Ni\u00f1as\",\"Ni\u00f1os\",\"tarapac\u00e1,\",\"UTA\",\"UTA Iquique\"],\"articleSection\":[\"Lugar 6\",\"Noticias\"],\"inLanguage\":\"es-CL\",\"potentialAction\":[{\"@type\":\"CommentAction\",\"name\":\"Comment\",\"target\":[\"https:\/\/explora.cl\/tarapaca\/explora-convoca-a-estudiantes-de-educacion-basica-y-media-para-participar-en-investigacion-e-innovacion-escolar\/#respond\"]}]},{\"@type\":\"WebPage\",\"@id\":\"https:\/\/explora.cl\/tarapaca\/explora-convoca-a-estudiantes-de-educacion-basica-y-media-para-participar-en-investigacion-e-innovacion-escolar\/\",\"url\":\"https:\/\/explora.cl\/tarapaca\/explora-convoca-a-estudiantes-de-educacion-basica-y-media-para-participar-en-investigacion-e-innovacion-escolar\/\",\"name\":\"Explora convoca a estudiantes de educaci\u00f3n b\u00e1sica y media para participar en Investigaci\u00f3n e Innovaci\u00f3n Escolar - Tarapaca\",\"isPartOf\":{\"@id\":\"https:\/\/explora.cl\/tarapaca\/#website\"},\"primaryImageOfPage\":{\"@id\":\"https:\/\/explora.cl\/tarapaca\/explora-convoca-a-estudiantes-de-educacion-basica-y-media-para-participar-en-investigacion-e-innovacion-escolar\/#primaryimage\"},\"image\":{\"@id\":\"https:\/\/explora.cl\/tarapaca\/explora-convoca-a-estudiantes-de-educacion-basica-y-media-para-participar-en-investigacion-e-innovacion-escolar\/#primaryimage\"},\"thumbnailUrl\":\"https:\/\/explora.cl\/tarapaca\/wp-content\/uploads\/sites\/3\/2021\/06\/IIE_2020.png\",\"datePublished\":\"2021-06-11T15:05:40+00:00\",\"dateModified\":\"2021-09-10T14:50:31+00:00\",\"author\":{\"@id\":\"https:\/\/explora.cl\/tarapaca\/#\/schema\/person\/ca04f8a8f8e25243bd462d34eb1ca505\"},\"breadcrumb\":{\"@id\":\"https:\/\/explora.cl\/tarapaca\/explora-convoca-a-estudiantes-de-educacion-basica-y-media-para-participar-en-investigacion-e-innovacion-escolar\/#breadcrumb\"},\"inLanguage\":\"es-CL\",\"potentialAction\":[{\"@type\":\"ReadAction\",\"target\":[\"https:\/\/explora.cl\/tarapaca\/explora-convoca-a-estudiantes-de-educacion-basica-y-media-para-participar-en-investigacion-e-innovacion-escolar\/\"]}]},{\"@type\":\"ImageObject\",\"inLanguage\":\"es-CL\",\"@id\":\"https:\/\/explora.cl\/tarapaca\/explora-convoca-a-estudiantes-de-educacion-basica-y-media-para-participar-en-investigacion-e-innovacion-escolar\/#primaryimage\",\"url\":\"https:\/\/explora.cl\/tarapaca\/wp-content\/uploads\/sites\/3\/2021\/06\/IIE_2020.png\",\"contentUrl\":\"https:\/\/explora.cl\/tarapaca\/wp-content\/uploads\/sites\/3\/2021\/06\/IIE_2020.png\",\"width\":1381,\"height\":773},{\"@type\":\"BreadcrumbList\",\"@id\":\"https:\/\/explora.cl\/tarapaca\/explora-convoca-a-estudiantes-de-educacion-basica-y-media-para-participar-en-investigacion-e-innovacion-escolar\/#breadcrumb\",\"itemListElement\":[{\"@type\":\"ListItem\",\"position\":1,\"name\":\"Portada\",\"item\":\"https:\/\/explora.cl\/tarapaca\/\"},{\"@type\":\"ListItem\",\"position\":2,\"name\":\"Explora convoca a estudiantes de educaci\u00f3n b\u00e1sica y media para participar en Investigaci\u00f3n e Innovaci\u00f3n Escolar\"}]},{\"@type\":\"WebSite\",\"@id\":\"https:\/\/explora.cl\/tarapaca\/#website\",\"url\":\"https:\/\/explora.cl\/tarapaca\/\",\"name\":\"Tarapaca\",\"description\":\"Otro sitio m\u00e1s de explora.cl\",\"potentialAction\":[{\"@type\":\"SearchAction\",\"target\":{\"@type\":\"EntryPoint\",\"urlTemplate\":\"https:\/\/explora.cl\/tarapaca\/?s={search_term_string}\"},\"query-input\":{\"@type\":\"PropertyValueSpecification\",\"valueRequired\":true,\"valueName\":\"search_term_string\"}}],\"inLanguage\":\"es-CL\"},{\"@type\":\"Person\",\"@id\":\"https:\/\/explora.cl\/tarapaca\/#\/schema\/person\/ca04f8a8f8e25243bd462d34eb1ca505\",\"name\":\"admintarapaca\",\"image\":{\"@type\":\"ImageObject\",\"inLanguage\":\"es-CL\",\"@id\":\"https:\/\/explora.cl\/tarapaca\/#\/schema\/person\/image\/\",\"url\":\"https:\/\/secure.gravatar.com\/avatar\/8ff4762fabbf7a1732a126425c82d628f08ba754529d77a55358cbb74e14343f?s=96&d=mm&r=g\",\"contentUrl\":\"https:\/\/secure.gravatar.com\/avatar\/8ff4762fabbf7a1732a126425c82d628f08ba754529d77a55358cbb74e14343f?s=96&d=mm&r=g\",\"caption\":\"admintarapaca\"},\"url\":\"https:\/\/explora.cl\/tarapaca\/author\/dolivares\/\"}]}<\/script>\n<!-- \/ Yoast SEO plugin. -->","yoast_head_json":{"title":"Explora convoca a estudiantes de educaci\u00f3n b\u00e1sica y media para participar en Investigaci\u00f3n e Innovaci\u00f3n Escolar - Tarapaca","robots":{"index":"index","follow":"follow","max-snippet":"max-snippet:-1","max-image-preview":"max-image-preview:large","max-video-preview":"max-video-preview:-1"},"canonical":"https:\/\/explora.cl\/tarapaca\/explora-convoca-a-estudiantes-de-educacion-basica-y-media-para-participar-en-investigacion-e-innovacion-escolar\/","og_locale":"es_ES","og_type":"article","og_title":"Explora convoca a estudiantes de educaci\u00f3n b\u00e1sica y media para participar en Investigaci\u00f3n e Innovaci\u00f3n Escolar - Tarapaca","og_description":"Estudiantes de primero b\u00e1sico a cuarto medio tienen hasta el 25 de junio para postular. La Universidad de Tarapac\u00e1 Sede Iquique, a trav\u00e9s de su proyecto Explora Tarapac\u00e1, est\u00e1 realizando una convocatoria a la actividad de Investigaci\u00f3n e Innovaci\u00f3n Escolar la cual busca fomentar la investigaci\u00f3n e innovaci\u00f3n en estudiantes desde primero b\u00e1sico a cuarto [&hellip;]","og_url":"https:\/\/explora.cl\/tarapaca\/explora-convoca-a-estudiantes-de-educacion-basica-y-media-para-participar-en-investigacion-e-innovacion-escolar\/","og_site_name":"Tarapaca","article_published_time":"2021-06-11T15:05:40+00:00","article_modified_time":"2021-09-10T14:50:31+00:00","og_image":[{"width":1381,"height":773,"url":"https:\/\/explora.cl\/tarapaca\/wp-content\/uploads\/sites\/3\/2021\/06\/IIE_2020.png","type":"image\/png"}],"author":"admintarapaca","twitter_card":"summary_large_image","twitter_misc":{"Escrito por":"admintarapaca","Tiempo estimado de lectura":"3 minutos"},"schema":{"@context":"https:\/\/schema.org","@graph":[{"@type":"Article","@id":"https:\/\/explora.cl\/tarapaca\/explora-convoca-a-estudiantes-de-educacion-basica-y-media-para-participar-en-investigacion-e-innovacion-escolar\/#article","isPartOf":{"@id":"https:\/\/explora.cl\/tarapaca\/explora-convoca-a-estudiantes-de-educacion-basica-y-media-para-participar-en-investigacion-e-innovacion-escolar\/"},"author":{"name":"admintarapaca","@id":"https:\/\/explora.cl\/tarapaca\/#\/schema\/person\/ca04f8a8f8e25243bd462d34eb1ca505"},"headline":"Explora convoca a estudiantes de educaci\u00f3n b\u00e1sica y media para participar en Investigaci\u00f3n e Innovaci\u00f3n Escolar","datePublished":"2021-06-11T15:05:40+00:00","dateModified":"2021-09-10T14:50:31+00:00","mainEntityOfPage":{"@id":"https:\/\/explora.cl\/tarapaca\/explora-convoca-a-estudiantes-de-educacion-basica-y-media-para-participar-en-investigacion-e-innovacion-escolar\/"},"wordCount":556,"commentCount":0,"image":{"@id":"https:\/\/explora.cl\/tarapaca\/explora-convoca-a-estudiantes-de-educacion-basica-y-media-para-participar-en-investigacion-e-innovacion-escolar\/#primaryimage"},"thumbnailUrl":"https:\/\/explora.cl\/tarapaca\/wp-content\/uploads\/sites\/3\/2021\/06\/IIE_2020.png","keywords":["adolescentes","Escolar","IIE","Innovacion","investigaci\u00f3n","Ministerio de Ciencia","Ni\u00f1as","Ni\u00f1os","tarapac\u00e1,","UTA","UTA Iquique"],"articleSection":["Lugar 6","Noticias"],"inLanguage":"es-CL","potentialAction":[{"@type":"CommentAction","name":"Comment","target":["https:\/\/explora.cl\/tarapaca\/explora-convoca-a-estudiantes-de-educacion-basica-y-media-para-participar-en-investigacion-e-innovacion-escolar\/#respond"]}]},{"@type":"WebPage","@id":"https:\/\/explora.cl\/tarapaca\/explora-convoca-a-estudiantes-de-educacion-basica-y-media-para-participar-en-investigacion-e-innovacion-escolar\/","url":"https:\/\/explora.cl\/tarapaca\/explora-convoca-a-estudiantes-de-educacion-basica-y-media-para-participar-en-investigacion-e-innovacion-escolar\/","name":"Explora convoca a estudiantes de educaci\u00f3n b\u00e1sica y media para participar en Investigaci\u00f3n e Innovaci\u00f3n Escolar - Tarapaca","isPartOf":{"@id":"https:\/\/explora.cl\/tarapaca\/#website"},"primaryImageOfPage":{"@id":"https:\/\/explora.cl\/tarapaca\/explora-convoca-a-estudiantes-de-educacion-basica-y-media-para-participar-en-investigacion-e-innovacion-escolar\/#primaryimage"},"image":{"@id":"https:\/\/explora.cl\/tarapaca\/explora-convoca-a-estudiantes-de-educacion-basica-y-media-para-participar-en-investigacion-e-innovacion-escolar\/#primaryimage"},"thumbnailUrl":"https:\/\/explora.cl\/tarapaca\/wp-content\/uploads\/sites\/3\/2021\/06\/IIE_2020.png","datePublished":"2021-06-11T15:05:40+00:00","dateModified":"2021-09-10T14:50:31+00:00","author":{"@id":"https:\/\/explora.cl\/tarapaca\/#\/schema\/person\/ca04f8a8f8e25243bd462d34eb1ca505"},"breadcrumb":{"@id":"https:\/\/explora.cl\/tarapaca\/explora-convoca-a-estudiantes-de-educacion-basica-y-media-para-participar-en-investigacion-e-innovacion-escolar\/#breadcrumb"},"inLanguage":"es-CL","potentialAction":[{"@type":"ReadAction","target":["https:\/\/explora.cl\/tarapaca\/explora-convoca-a-estudiantes-de-educacion-basica-y-media-para-participar-en-investigacion-e-innovacion-escolar\/"]}]},{"@type":"ImageObject","inLanguage":"es-CL","@id":"https:\/\/explora.cl\/tarapaca\/explora-convoca-a-estudiantes-de-educacion-basica-y-media-para-participar-en-investigacion-e-innovacion-escolar\/#primaryimage","url":"https:\/\/explora.cl\/tarapaca\/wp-content\/uploads\/sites\/3\/2021\/06\/IIE_2020.png","contentUrl":"https:\/\/explora.cl\/tarapaca\/wp-content\/uploads\/sites\/3\/2021\/06\/IIE_2020.png","width":1381,"height":773},{"@type":"BreadcrumbList","@id":"https:\/\/explora.cl\/tarapaca\/explora-convoca-a-estudiantes-de-educacion-basica-y-media-para-participar-en-investigacion-e-innovacion-escolar\/#breadcrumb","itemListElement":[{"@type":"ListItem","position":1,"name":"Portada","item":"https:\/\/explora.cl\/tarapaca\/"},{"@type":"ListItem","position":2,"name":"Explora convoca a estudiantes de educaci\u00f3n b\u00e1sica y media para participar en Investigaci\u00f3n e Innovaci\u00f3n Escolar"}]},{"@type":"WebSite","@id":"https:\/\/explora.cl\/tarapaca\/#website","url":"https:\/\/explora.cl\/tarapaca\/","name":"Tarapaca","description":"Otro sitio m\u00e1s de explora.cl","potentialAction":[{"@type":"SearchAction","target":{"@type":"EntryPoint","urlTemplate":"https:\/\/explora.cl\/tarapaca\/?s={search_term_string}"},"query-input":{"@type":"PropertyValueSpecification","valueRequired":true,"valueName":"search_term_string"}}],"inLanguage":"es-CL"},{"@type":"Person","@id":"https:\/\/explora.cl\/tarapaca\/#\/schema\/person\/ca04f8a8f8e25243bd462d34eb1ca505","name":"admintarapaca","image":{"@type":"ImageObject","inLanguage":"es-CL","@id":"https:\/\/explora.cl\/tarapaca\/#\/schema\/person\/image\/","url":"https:\/\/secure.gravatar.com\/avatar\/8ff4762fabbf7a1732a126425c82d628f08ba754529d77a55358cbb74e14343f?s=96&d=mm&r=g","contentUrl":"https:\/\/secure.gravatar.com\/avatar\/8ff4762fabbf7a1732a126425c82d628f08ba754529d77a55358cbb74e14343f?s=96&d=mm&r=g","caption":"admintarapaca"},"url":"https:\/\/explora.cl\/tarapaca\/author\/dolivares\/"}]}},"_links":{"self":[{"href":"https:\/\/explora.cl\/tarapaca\/wp-json\/wp\/v2\/posts\/39295","targetHints":{"allow":["GET"]}}],"collection":[{"href":"https:\/\/explora.cl\/tarapaca\/wp-json\/wp\/v2\/posts"}],"about":[{"href":"https:\/\/explora.cl\/tarapaca\/wp-json\/wp\/v2\/types\/post"}],"author":[{"embeddable":true,"href":"https:\/\/explora.cl\/tarapaca\/wp-json\/wp\/v2\/users\/18"}],"replies":[{"embeddable":true,"href":"https:\/\/explora.cl\/tarapaca\/wp-json\/wp\/v2\/comments?post=39295"}],"version-history":[{"count":1,"href":"https:\/\/explora.cl\/tarapaca\/wp-json\/wp\/v2\/posts\/39295\/revisions"}],"predecessor-version":[{"id":39297,"href":"https:\/\/explora.cl\/tarapaca\/wp-json\/wp\/v2\/posts\/39295\/revisions\/39297"}],"wp:featuredmedia":[{"embeddable":true,"href":"https:\/\/explora.cl\/tarapaca\/wp-json\/wp\/v2\/media\/39296"}],"wp:attachment":[{"href":"https:\/\/explora.cl\/tarapaca\/wp-json\/wp\/v2\/media?parent=39295"}],"wp:term":[{"taxonomy":"category","embeddable":true,"href":"https:\/\/explora.cl\/tarapaca\/wp-json\/wp\/v2\/categories?post=39295"},{"taxonomy":"post_tag","embeddable":true,"href":"https:\/\/explora.cl\/tarapaca\/wp-json\/wp\/v2\/tags?post=39295"}],"curies":[{"name":"wp","href":"https:\/\/api.w.org\/{rel}","templated":true}]}}