{"id":39276,"date":"2021-06-01T12:07:51","date_gmt":"2021-06-01T16:07:51","guid":{"rendered":"https:\/\/explora.cl\/tarapaca\/?p=39276"},"modified":"2021-06-25T13:17:07","modified_gmt":"2021-06-25T17:17:07","slug":"explora-tarapaca-convocatoria-para-investigacion-e-innovacion-escolar-2021","status":"publish","type":"post","link":"https:\/\/explora.cl\/tarapaca\/explora-tarapaca-convocatoria-para-investigacion-e-innovacion-escolar-2021\/","title":{"rendered":"Explora Tarapac\u00e1 abre convocatoria para Investigaci\u00f3n e Innovaci\u00f3n Escolar 2021"},"content":{"rendered":"<ul>\n<li><em><strong>Plazo de postulaci\u00f3n hasta el 2 de Julio de 2021.<\/strong><\/em><\/li>\n<\/ul>\n<p style=\"font-weight: 400\">La Universidad de Tarapac\u00e1 Sede Iquique, a trav\u00e9s de su proyecto Explora Tarapac\u00e1, llevar\u00e1 a cabo el instrumento Investigaci\u00f3n e Innovaci\u00f3n Escolar 2021 mediante la formaci\u00f3n de academias escolares y actividades formativas para dar cumplimiento a los objetivos planteados desde la Divisi\u00f3n Ciencia y Sociedad del Ministerio de Ciencia, Tecnolog\u00eda, Conocimiento e Innovaci\u00f3n. En este contexto, se convoca a la comunidad educativa a participar del instrumento que fomenta la investigaci\u00f3n en estudiantes desde 1\u00b0 b\u00e1sico a 4\u00b0 medio con el apoyo mancomunado entre docentes, asesores\/as cient\u00edficos\/as y el PAR.<\/p>\n<p style=\"font-weight: 400\">Posterior a la selecci\u00f3n y notificaci\u00f3n de los postulantes se dar\u00e1 inicio a la formaci\u00f3n de academias de investigaci\u00f3n e innovaci\u00f3n con un ciclo de jornadas y talleres formativos que se rigen por el modelo de competencias del programa Explora. Las academias se desarrollar\u00e1n en las \u00e1reas de: a) Ciencias naturales y exactas. b) Ciencias sociales c) Artes y\/o humanidades d) Innovaci\u00f3n.<\/p>\n<p style=\"font-weight: 400\">Las actividades en IIE 2021 se realizar\u00e1n de manera virtual mediante reuniones Zoom resguardando los derechos de los NNA y tambi\u00e9n la importancia de la integridad de las ciencias. Los talleres formativos servir\u00e1n de apoyo a los equipos escolares para comenzar a formular sus propuestas de investigaci\u00f3n proyect\u00e1ndolas hacia una participaci\u00f3n en el congreso regional Explora 2021 cuyos ganadores podr\u00e1n participar del congreso nacional. En este contexto, desde el PAR se gestionar\u00e1 asesor\u00eda cient\u00edfica al equipo de investigaci\u00f3n por parte de un profesional quien los acompa\u00f1ar\u00e1 en el proceso de desarrollo de investigaciones y\/o proyectos de innovaci\u00f3n.<\/p>\n<p style=\"font-weight: 400\">Una vez terminado el proceso formativo, y con el apoyo de la asesor\u00eda cient\u00edfica m\u00e1s el acompa\u00f1amiento del PAR, se espera que los equipos logren concluir con su proyecto de investigaci\u00f3n e innovaci\u00f3n en un m\u00ednimo de 3 meses, obteniendo resultados que puedan ser comunicados en diferentes instancias, incluso aquellas fuera del Explora pero apuntando principalmente al congreso regional escolar. En atenci\u00f3n a socializar el proceso de IIE es que realizaremos un conversatorio de cierre, antes del congreso regional, donde revisaremos las investigaciones y proyectos de innovaci\u00f3n en conjunto a la comunidad educativa y cient\u00edfica que nos acompa\u00f1e para la ocasi\u00f3n. Finalmente, los proyectos ganadores del congreso regional podr\u00e1n participar del congreso nacional de Explora.<\/p>\n<p><a href=\"https:\/\/forms.gle\/WHwVaweGDZFueTH6A\"><strong>1)FORMULARIO DE POSTULACI\u00d3N (FORMULARIO GOOGLE)<\/strong><\/a><\/p>\n<p><a href=\"https:\/\/explora.cl\/tarapaca\/wp-content\/uploads\/sites\/3\/2021\/06\/BASES-CONVOCATORIA-IIE2021.pdf\"><strong>2)BASES IIE 2021 (PDF)<\/strong><\/a><\/p>\n<p>&nbsp;<\/p>\n","protected":false},"excerpt":{"rendered":"<p>Se convoca a la comunidad educativa a participar del Investigaci\u00f3n e Innovaci\u00f3n Escolar, instrumento que fomenta la investigaci\u00f3n en estudiantes desde 1\u00b0 b\u00e1sico a 4\u00b0 medio con el apoyo mancomunado entre docentes, asesores\/as cient\u00edficos\/as y el PAR. Podr\u00e1n desarrollar proyectos en: a) Ciencias naturales y exactas. b) Ciencias sociales c) Artes y\/o humanidades d) Innovaci\u00f3n.<\/p>\n","protected":false},"author":18,"featured_media":39277,"comment_status":"open","ping_status":"open","sticky":false,"template":"","format":"standard","meta":{"_acf_changed":false,"_exactmetrics_skip_tracking":false,"_exactmetrics_sitenote_active":false,"_exactmetrics_sitenote_note":"","_exactmetrics_sitenote_category":0,"footnotes":"","_links_to":"","_links_to_target":""},"categories":[151,136],"tags":[39,168,187,243,186,100,155,195,194,157],"class_list":["post-39276","post","type-post","status-publish","format-standard","has-post-thumbnail","hentry","category-banner","category-lugar-1","tag-adolescentes","tag-ciencias","tag-escolar","tag-iie","tag-innovacion","tag-investigacion","tag-iquique","tag-ninas","tag-ninos","tag-tarapaca"],"acf":[],"yoast_head":"<!-- This site is optimized with the Yoast SEO plugin v26.9 - https:\/\/yoast.com\/product\/yoast-seo-wordpress\/ -->\n<title>Explora Tarapac\u00e1 abre convocatoria para Investigaci\u00f3n e Innovaci\u00f3n Escolar 2021 - Tarapaca<\/title>\n<meta name=\"robots\" content=\"index, follow, max-snippet:-1, max-image-preview:large, max-video-preview:-1\" \/>\n<link rel=\"canonical\" href=\"https:\/\/explora.cl\/tarapaca\/explora-tarapaca-convocatoria-para-investigacion-e-innovacion-escolar-2021\/\" class=\"yoast-seo-meta-tag\" \/>\n<meta property=\"og:locale\" content=\"es_ES\" class=\"yoast-seo-meta-tag\" \/>\n<meta property=\"og:type\" content=\"article\" class=\"yoast-seo-meta-tag\" \/>\n<meta property=\"og:title\" content=\"Explora Tarapac\u00e1 abre convocatoria para Investigaci\u00f3n e Innovaci\u00f3n Escolar 2021 - Tarapaca\" class=\"yoast-seo-meta-tag\" \/>\n<meta property=\"og:description\" content=\"Se convoca a la comunidad educativa a participar del Investigaci\u00f3n e Innovaci\u00f3n Escolar, instrumento que fomenta la investigaci\u00f3n en estudiantes desde 1\u00b0 b\u00e1sico a 4\u00b0 medio con el apoyo mancomunado entre docentes, asesores\/as cient\u00edficos\/as y el PAR. Podr\u00e1n desarrollar proyectos en: a) Ciencias naturales y exactas. b) Ciencias sociales c) Artes y\/o humanidades d) Innovaci\u00f3n.\" class=\"yoast-seo-meta-tag\" \/>\n<meta property=\"og:url\" content=\"https:\/\/explora.cl\/tarapaca\/explora-tarapaca-convocatoria-para-investigacion-e-innovacion-escolar-2021\/\" class=\"yoast-seo-meta-tag\" \/>\n<meta property=\"og:site_name\" content=\"Tarapaca\" class=\"yoast-seo-meta-tag\" \/>\n<meta property=\"article:published_time\" content=\"2021-06-01T16:07:51+00:00\" class=\"yoast-seo-meta-tag\" \/>\n<meta property=\"article:modified_time\" content=\"2021-06-25T17:17:07+00:00\" class=\"yoast-seo-meta-tag\" \/>\n<meta property=\"og:image\" content=\"https:\/\/explora.cl\/tarapaca\/wp-content\/uploads\/sites\/3\/2021\/06\/IIE2021.jpg\" class=\"yoast-seo-meta-tag\" \/>\n\t<meta property=\"og:image:width\" content=\"4000\" class=\"yoast-seo-meta-tag\" \/>\n\t<meta property=\"og:image:height\" content=\"2251\" class=\"yoast-seo-meta-tag\" \/>\n\t<meta property=\"og:image:type\" content=\"image\/jpeg\" class=\"yoast-seo-meta-tag\" \/>\n<meta name=\"author\" content=\"admintarapaca\" class=\"yoast-seo-meta-tag\" \/>\n<meta name=\"twitter:card\" content=\"summary_large_image\" class=\"yoast-seo-meta-tag\" \/>\n<meta name=\"twitter:label1\" content=\"Escrito por\" class=\"yoast-seo-meta-tag\" \/>\n\t<meta name=\"twitter:data1\" content=\"admintarapaca\" class=\"yoast-seo-meta-tag\" \/>\n\t<meta name=\"twitter:label2\" content=\"Tiempo estimado de lectura\" class=\"yoast-seo-meta-tag\" \/>\n\t<meta name=\"twitter:data2\" content=\"2 minutos\" class=\"yoast-seo-meta-tag\" \/>\n<script type=\"application\/ld+json\" class=\"yoast-schema-graph\">{\"@context\":\"https:\/\/schema.org\",\"@graph\":[{\"@type\":\"Article\",\"@id\":\"https:\/\/explora.cl\/tarapaca\/explora-tarapaca-convocatoria-para-investigacion-e-innovacion-escolar-2021\/#article\",\"isPartOf\":{\"@id\":\"https:\/\/explora.cl\/tarapaca\/explora-tarapaca-convocatoria-para-investigacion-e-innovacion-escolar-2021\/\"},\"author\":{\"name\":\"admintarapaca\",\"@id\":\"https:\/\/explora.cl\/tarapaca\/#\/schema\/person\/ca04f8a8f8e25243bd462d34eb1ca505\"},\"headline\":\"Explora Tarapac\u00e1 abre convocatoria para Investigaci\u00f3n e Innovaci\u00f3n Escolar 2021\",\"datePublished\":\"2021-06-01T16:07:51+00:00\",\"dateModified\":\"2021-06-25T17:17:07+00:00\",\"mainEntityOfPage\":{\"@id\":\"https:\/\/explora.cl\/tarapaca\/explora-tarapaca-convocatoria-para-investigacion-e-innovacion-escolar-2021\/\"},\"wordCount\":433,\"commentCount\":0,\"image\":{\"@id\":\"https:\/\/explora.cl\/tarapaca\/explora-tarapaca-convocatoria-para-investigacion-e-innovacion-escolar-2021\/#primaryimage\"},\"thumbnailUrl\":\"https:\/\/explora.cl\/tarapaca\/wp-content\/uploads\/sites\/3\/2021\/06\/IIE2021.jpg\",\"keywords\":[\"adolescentes\",\"ciencias\",\"Escolar\",\"IIE\",\"Innovacion\",\"investigaci\u00f3n\",\"iquique,\",\"Ni\u00f1as\",\"Ni\u00f1os\",\"tarapac\u00e1,\"],\"articleSection\":[\"Banner\",\"Lugar 1\"],\"inLanguage\":\"es-CL\",\"potentialAction\":[{\"@type\":\"CommentAction\",\"name\":\"Comment\",\"target\":[\"https:\/\/explora.cl\/tarapaca\/explora-tarapaca-convocatoria-para-investigacion-e-innovacion-escolar-2021\/#respond\"]}]},{\"@type\":\"WebPage\",\"@id\":\"https:\/\/explora.cl\/tarapaca\/explora-tarapaca-convocatoria-para-investigacion-e-innovacion-escolar-2021\/\",\"url\":\"https:\/\/explora.cl\/tarapaca\/explora-tarapaca-convocatoria-para-investigacion-e-innovacion-escolar-2021\/\",\"name\":\"Explora Tarapac\u00e1 abre convocatoria para Investigaci\u00f3n e Innovaci\u00f3n Escolar 2021 - Tarapaca\",\"isPartOf\":{\"@id\":\"https:\/\/explora.cl\/tarapaca\/#website\"},\"primaryImageOfPage\":{\"@id\":\"https:\/\/explora.cl\/tarapaca\/explora-tarapaca-convocatoria-para-investigacion-e-innovacion-escolar-2021\/#primaryimage\"},\"image\":{\"@id\":\"https:\/\/explora.cl\/tarapaca\/explora-tarapaca-convocatoria-para-investigacion-e-innovacion-escolar-2021\/#primaryimage\"},\"thumbnailUrl\":\"https:\/\/explora.cl\/tarapaca\/wp-content\/uploads\/sites\/3\/2021\/06\/IIE2021.jpg\",\"datePublished\":\"2021-06-01T16:07:51+00:00\",\"dateModified\":\"2021-06-25T17:17:07+00:00\",\"author\":{\"@id\":\"https:\/\/explora.cl\/tarapaca\/#\/schema\/person\/ca04f8a8f8e25243bd462d34eb1ca505\"},\"breadcrumb\":{\"@id\":\"https:\/\/explora.cl\/tarapaca\/explora-tarapaca-convocatoria-para-investigacion-e-innovacion-escolar-2021\/#breadcrumb\"},\"inLanguage\":\"es-CL\",\"potentialAction\":[{\"@type\":\"ReadAction\",\"target\":[\"https:\/\/explora.cl\/tarapaca\/explora-tarapaca-convocatoria-para-investigacion-e-innovacion-escolar-2021\/\"]}]},{\"@type\":\"ImageObject\",\"inLanguage\":\"es-CL\",\"@id\":\"https:\/\/explora.cl\/tarapaca\/explora-tarapaca-convocatoria-para-investigacion-e-innovacion-escolar-2021\/#primaryimage\",\"url\":\"https:\/\/explora.cl\/tarapaca\/wp-content\/uploads\/sites\/3\/2021\/06\/IIE2021.jpg\",\"contentUrl\":\"https:\/\/explora.cl\/tarapaca\/wp-content\/uploads\/sites\/3\/2021\/06\/IIE2021.jpg\",\"width\":4000,\"height\":2251},{\"@type\":\"BreadcrumbList\",\"@id\":\"https:\/\/explora.cl\/tarapaca\/explora-tarapaca-convocatoria-para-investigacion-e-innovacion-escolar-2021\/#breadcrumb\",\"itemListElement\":[{\"@type\":\"ListItem\",\"position\":1,\"name\":\"Portada\",\"item\":\"https:\/\/explora.cl\/tarapaca\/\"},{\"@type\":\"ListItem\",\"position\":2,\"name\":\"Explora Tarapac\u00e1 abre convocatoria para Investigaci\u00f3n e Innovaci\u00f3n Escolar 2021\"}]},{\"@type\":\"WebSite\",\"@id\":\"https:\/\/explora.cl\/tarapaca\/#website\",\"url\":\"https:\/\/explora.cl\/tarapaca\/\",\"name\":\"Tarapaca\",\"description\":\"Otro sitio m\u00e1s de explora.cl\",\"potentialAction\":[{\"@type\":\"SearchAction\",\"target\":{\"@type\":\"EntryPoint\",\"urlTemplate\":\"https:\/\/explora.cl\/tarapaca\/?s={search_term_string}\"},\"query-input\":{\"@type\":\"PropertyValueSpecification\",\"valueRequired\":true,\"valueName\":\"search_term_string\"}}],\"inLanguage\":\"es-CL\"},{\"@type\":\"Person\",\"@id\":\"https:\/\/explora.cl\/tarapaca\/#\/schema\/person\/ca04f8a8f8e25243bd462d34eb1ca505\",\"name\":\"admintarapaca\",\"image\":{\"@type\":\"ImageObject\",\"inLanguage\":\"es-CL\",\"@id\":\"https:\/\/explora.cl\/tarapaca\/#\/schema\/person\/image\/\",\"url\":\"https:\/\/secure.gravatar.com\/avatar\/8ff4762fabbf7a1732a126425c82d628f08ba754529d77a55358cbb74e14343f?s=96&d=mm&r=g\",\"contentUrl\":\"https:\/\/secure.gravatar.com\/avatar\/8ff4762fabbf7a1732a126425c82d628f08ba754529d77a55358cbb74e14343f?s=96&d=mm&r=g\",\"caption\":\"admintarapaca\"},\"url\":\"https:\/\/explora.cl\/tarapaca\/author\/dolivares\/\"}]}<\/script>\n<!-- \/ Yoast SEO plugin. -->","yoast_head_json":{"title":"Explora Tarapac\u00e1 abre convocatoria para Investigaci\u00f3n e Innovaci\u00f3n Escolar 2021 - Tarapaca","robots":{"index":"index","follow":"follow","max-snippet":"max-snippet:-1","max-image-preview":"max-image-preview:large","max-video-preview":"max-video-preview:-1"},"canonical":"https:\/\/explora.cl\/tarapaca\/explora-tarapaca-convocatoria-para-investigacion-e-innovacion-escolar-2021\/","og_locale":"es_ES","og_type":"article","og_title":"Explora Tarapac\u00e1 abre convocatoria para Investigaci\u00f3n e Innovaci\u00f3n Escolar 2021 - Tarapaca","og_description":"Se convoca a la comunidad educativa a participar del Investigaci\u00f3n e Innovaci\u00f3n Escolar, instrumento que fomenta la investigaci\u00f3n en estudiantes desde 1\u00b0 b\u00e1sico a 4\u00b0 medio con el apoyo mancomunado entre docentes, asesores\/as cient\u00edficos\/as y el PAR. Podr\u00e1n desarrollar proyectos en: a) Ciencias naturales y exactas. b) Ciencias sociales c) Artes y\/o humanidades d) Innovaci\u00f3n.","og_url":"https:\/\/explora.cl\/tarapaca\/explora-tarapaca-convocatoria-para-investigacion-e-innovacion-escolar-2021\/","og_site_name":"Tarapaca","article_published_time":"2021-06-01T16:07:51+00:00","article_modified_time":"2021-06-25T17:17:07+00:00","og_image":[{"width":4000,"height":2251,"url":"https:\/\/explora.cl\/tarapaca\/wp-content\/uploads\/sites\/3\/2021\/06\/IIE2021.jpg","type":"image\/jpeg"}],"author":"admintarapaca","twitter_card":"summary_large_image","twitter_misc":{"Escrito por":"admintarapaca","Tiempo estimado de lectura":"2 minutos"},"schema":{"@context":"https:\/\/schema.org","@graph":[{"@type":"Article","@id":"https:\/\/explora.cl\/tarapaca\/explora-tarapaca-convocatoria-para-investigacion-e-innovacion-escolar-2021\/#article","isPartOf":{"@id":"https:\/\/explora.cl\/tarapaca\/explora-tarapaca-convocatoria-para-investigacion-e-innovacion-escolar-2021\/"},"author":{"name":"admintarapaca","@id":"https:\/\/explora.cl\/tarapaca\/#\/schema\/person\/ca04f8a8f8e25243bd462d34eb1ca505"},"headline":"Explora Tarapac\u00e1 abre convocatoria para Investigaci\u00f3n e Innovaci\u00f3n Escolar 2021","datePublished":"2021-06-01T16:07:51+00:00","dateModified":"2021-06-25T17:17:07+00:00","mainEntityOfPage":{"@id":"https:\/\/explora.cl\/tarapaca\/explora-tarapaca-convocatoria-para-investigacion-e-innovacion-escolar-2021\/"},"wordCount":433,"commentCount":0,"image":{"@id":"https:\/\/explora.cl\/tarapaca\/explora-tarapaca-convocatoria-para-investigacion-e-innovacion-escolar-2021\/#primaryimage"},"thumbnailUrl":"https:\/\/explora.cl\/tarapaca\/wp-content\/uploads\/sites\/3\/2021\/06\/IIE2021.jpg","keywords":["adolescentes","ciencias","Escolar","IIE","Innovacion","investigaci\u00f3n","iquique,","Ni\u00f1as","Ni\u00f1os","tarapac\u00e1,"],"articleSection":["Banner","Lugar 1"],"inLanguage":"es-CL","potentialAction":[{"@type":"CommentAction","name":"Comment","target":["https:\/\/explora.cl\/tarapaca\/explora-tarapaca-convocatoria-para-investigacion-e-innovacion-escolar-2021\/#respond"]}]},{"@type":"WebPage","@id":"https:\/\/explora.cl\/tarapaca\/explora-tarapaca-convocatoria-para-investigacion-e-innovacion-escolar-2021\/","url":"https:\/\/explora.cl\/tarapaca\/explora-tarapaca-convocatoria-para-investigacion-e-innovacion-escolar-2021\/","name":"Explora Tarapac\u00e1 abre convocatoria para Investigaci\u00f3n e Innovaci\u00f3n Escolar 2021 - Tarapaca","isPartOf":{"@id":"https:\/\/explora.cl\/tarapaca\/#website"},"primaryImageOfPage":{"@id":"https:\/\/explora.cl\/tarapaca\/explora-tarapaca-convocatoria-para-investigacion-e-innovacion-escolar-2021\/#primaryimage"},"image":{"@id":"https:\/\/explora.cl\/tarapaca\/explora-tarapaca-convocatoria-para-investigacion-e-innovacion-escolar-2021\/#primaryimage"},"thumbnailUrl":"https:\/\/explora.cl\/tarapaca\/wp-content\/uploads\/sites\/3\/2021\/06\/IIE2021.jpg","datePublished":"2021-06-01T16:07:51+00:00","dateModified":"2021-06-25T17:17:07+00:00","author":{"@id":"https:\/\/explora.cl\/tarapaca\/#\/schema\/person\/ca04f8a8f8e25243bd462d34eb1ca505"},"breadcrumb":{"@id":"https:\/\/explora.cl\/tarapaca\/explora-tarapaca-convocatoria-para-investigacion-e-innovacion-escolar-2021\/#breadcrumb"},"inLanguage":"es-CL","potentialAction":[{"@type":"ReadAction","target":["https:\/\/explora.cl\/tarapaca\/explora-tarapaca-convocatoria-para-investigacion-e-innovacion-escolar-2021\/"]}]},{"@type":"ImageObject","inLanguage":"es-CL","@id":"https:\/\/explora.cl\/tarapaca\/explora-tarapaca-convocatoria-para-investigacion-e-innovacion-escolar-2021\/#primaryimage","url":"https:\/\/explora.cl\/tarapaca\/wp-content\/uploads\/sites\/3\/2021\/06\/IIE2021.jpg","contentUrl":"https:\/\/explora.cl\/tarapaca\/wp-content\/uploads\/sites\/3\/2021\/06\/IIE2021.jpg","width":4000,"height":2251},{"@type":"BreadcrumbList","@id":"https:\/\/explora.cl\/tarapaca\/explora-tarapaca-convocatoria-para-investigacion-e-innovacion-escolar-2021\/#breadcrumb","itemListElement":[{"@type":"ListItem","position":1,"name":"Portada","item":"https:\/\/explora.cl\/tarapaca\/"},{"@type":"ListItem","position":2,"name":"Explora Tarapac\u00e1 abre convocatoria para Investigaci\u00f3n e Innovaci\u00f3n Escolar 2021"}]},{"@type":"WebSite","@id":"https:\/\/explora.cl\/tarapaca\/#website","url":"https:\/\/explora.cl\/tarapaca\/","name":"Tarapaca","description":"Otro sitio m\u00e1s de explora.cl","potentialAction":[{"@type":"SearchAction","target":{"@type":"EntryPoint","urlTemplate":"https:\/\/explora.cl\/tarapaca\/?s={search_term_string}"},"query-input":{"@type":"PropertyValueSpecification","valueRequired":true,"valueName":"search_term_string"}}],"inLanguage":"es-CL"},{"@type":"Person","@id":"https:\/\/explora.cl\/tarapaca\/#\/schema\/person\/ca04f8a8f8e25243bd462d34eb1ca505","name":"admintarapaca","image":{"@type":"ImageObject","inLanguage":"es-CL","@id":"https:\/\/explora.cl\/tarapaca\/#\/schema\/person\/image\/","url":"https:\/\/secure.gravatar.com\/avatar\/8ff4762fabbf7a1732a126425c82d628f08ba754529d77a55358cbb74e14343f?s=96&d=mm&r=g","contentUrl":"https:\/\/secure.gravatar.com\/avatar\/8ff4762fabbf7a1732a126425c82d628f08ba754529d77a55358cbb74e14343f?s=96&d=mm&r=g","caption":"admintarapaca"},"url":"https:\/\/explora.cl\/tarapaca\/author\/dolivares\/"}]}},"_links":{"self":[{"href":"https:\/\/explora.cl\/tarapaca\/wp-json\/wp\/v2\/posts\/39276","targetHints":{"allow":["GET"]}}],"collection":[{"href":"https:\/\/explora.cl\/tarapaca\/wp-json\/wp\/v2\/posts"}],"about":[{"href":"https:\/\/explora.cl\/tarapaca\/wp-json\/wp\/v2\/types\/post"}],"author":[{"embeddable":true,"href":"https:\/\/explora.cl\/tarapaca\/wp-json\/wp\/v2\/users\/18"}],"replies":[{"embeddable":true,"href":"https:\/\/explora.cl\/tarapaca\/wp-json\/wp\/v2\/comments?post=39276"}],"version-history":[{"count":8,"href":"https:\/\/explora.cl\/tarapaca\/wp-json\/wp\/v2\/posts\/39276\/revisions"}],"predecessor-version":[{"id":39312,"href":"https:\/\/explora.cl\/tarapaca\/wp-json\/wp\/v2\/posts\/39276\/revisions\/39312"}],"wp:featuredmedia":[{"embeddable":true,"href":"https:\/\/explora.cl\/tarapaca\/wp-json\/wp\/v2\/media\/39277"}],"wp:attachment":[{"href":"https:\/\/explora.cl\/tarapaca\/wp-json\/wp\/v2\/media?parent=39276"}],"wp:term":[{"taxonomy":"category","embeddable":true,"href":"https:\/\/explora.cl\/tarapaca\/wp-json\/wp\/v2\/categories?post=39276"},{"taxonomy":"post_tag","embeddable":true,"href":"https:\/\/explora.cl\/tarapaca\/wp-json\/wp\/v2\/tags?post=39276"}],"curies":[{"name":"wp","href":"https:\/\/api.w.org\/{rel}","templated":true}]}}