{"id":39234,"date":"2021-03-12T17:44:34","date_gmt":"2021-03-12T20:44:34","guid":{"rendered":"https:\/\/explora.cl\/tarapaca\/?p=39234"},"modified":"2021-06-17T17:24:48","modified_gmt":"2021-06-17T21:24:48","slug":"miercoles-17-de-marzo-charla-en-la-busqueda-por-vida-mas-alla-de-la-tierra-exploracion-espacial-u-observacion-de-planetas-extrasolares","status":"publish","type":"post","link":"https:\/\/explora.cl\/tarapaca\/miercoles-17-de-marzo-charla-en-la-busqueda-por-vida-mas-alla-de-la-tierra-exploracion-espacial-u-observacion-de-planetas-extrasolares\/","title":{"rendered":"Mi\u00e9rcoles 17 de marzo: Charla \u201cEn la b\u00fasqueda por vida m\u00e1s all\u00e1 de la Tierra: \u00bfExploraci\u00f3n Espacial u observaci\u00f3n de Planetas Extrasolares?&#8221;"},"content":{"rendered":"<h3>\u00a1Atenci\u00f3n comunidad de la Regi\u00f3n de Tarapac\u00e1 y de Chile!<\/h3>\n<p>Los\/as invitamos a participar del<b> Conversatorio EN VIVO <\/b><b>\u201cEn la b\u00fasqueda por vida m\u00e1s all\u00e1 de la Tierra: \u00bfExploraci\u00f3n Espacial u observaci\u00f3n de Planetas Extrasolares?\u201d<\/b>, actividad de la iniciativa Ciencia Abierta y en la que participar\u00e1n Carlos Gonz\u00e1lez Silva,\u00a0Experto en geo-microbiolog\u00eda del desierto de atacama en analog\u00eda al planeta Marte\u00a0y Pablo Gonz\u00e1lez Villaroel,\u00a0Astrof\u00edsico experto en Cosmolog\u00eda.<\/p>\n<p>En la actividad podr\u00e1n realizar consultas en vivo a trav\u00e9s de los comentarios de la transmisi\u00f3n, y ser\u00e1n respondidas al finalizar la presentaci\u00f3n.<\/p>\n<p><strong>\u00bfCu\u00e1ndo?<\/strong><\/p>\n<p>Mi\u00e9rcoles 17 de Marzo<\/p>\n<p>17:00 horas<\/p>\n<p><strong>\u00bfD\u00f3nde?<\/strong><\/p>\n<p>Por\u00a0<strong><a href=\"https:\/\/www.facebook.com\/exploratarapaca\">Facebook Live de Explora Tarapac\u00e1<\/a><\/strong>\u00a0y\u00a0<strong><a href=\"https:\/\/www.youtube.com\/exploratarapaca\">Youtube de Explora Tarapac\u00e1<\/a><\/strong><\/p>\n<p><strong>P\u00fablico objetivo<\/strong><\/p>\n<p>Estudiantes de educaci\u00f3n b\u00e1sica, media y comunidad general.<\/p>\n<div class=\"o9v6fnle cxmmr5t8 oygrvhab hcukyx3x c1et5uql ii04i59q\">\n<div dir=\"auto\"><strong>Est\u00e1 actividad cuenta con servicio de interpretaci\u00f3n en lengua de se\u00f1as chilena y espa\u00f1ol.\u00a0<\/strong><\/div>\n<div dir=\"auto\"><\/div>\n<\/div>\n<div class=\"o9v6fnle cxmmr5t8 oygrvhab hcukyx3x c1et5uql ii04i59q\">\n<div dir=\"auto\">Esta iniciativa es organizada por la Universidad de Tarapac\u00e1 Iquique a trav\u00e9s de su proyecto Explora Tarapac\u00e1 del Ministerio de Ciencia, Tecnolog\u00eda, Conocimiento e Innovaci\u00f3n y cuenta con el apoyo de Es de Iquique\u00f1os y el Museo Regional de Iquique.<\/div>\n<\/div>\n","protected":false},"excerpt":{"rendered":"<p>Los\/as invitamos a participar del Conversatorio EN VIVO \u201cEn la b\u00fasqueda por vida m\u00e1s all\u00e1 de la Tierra: \u00bfExploraci\u00f3n Espacial u observaci\u00f3n de Planetas Extrasolares?\u201d, actividad de la iniciativa Ciencia Abierta y en la que participar\u00e1n Carlos Gonz\u00e1lez Silva,\u00a0Experto en geo-microbiolog\u00eda del desierto de atacama en analog\u00eda al planeta Marte\u00a0y Pablo Gonz\u00e1lez Villaroel,\u00a0Astrof\u00edsico experto en Cosmolog\u00eda.<\/p>\n","protected":false},"author":18,"featured_media":39235,"comment_status":"open","ping_status":"open","sticky":false,"template":"","format":"standard","meta":{"_acf_changed":false,"_exactmetrics_skip_tracking":false,"_exactmetrics_sitenote_active":false,"_exactmetrics_sitenote_note":"","_exactmetrics_sitenote_category":0,"footnotes":"","_links_to":"","_links_to_target":""},"categories":[151],"tags":[],"class_list":["post-39234","post","type-post","status-publish","format-standard","has-post-thumbnail","hentry","category-banner"],"acf":[],"yoast_head":"<!-- This site is optimized with the Yoast SEO plugin v26.9 - https:\/\/yoast.com\/product\/yoast-seo-wordpress\/ -->\n<title>Mi\u00e9rcoles 17 de marzo: Charla \u201cEn la b\u00fasqueda por vida m\u00e1s all\u00e1 de la Tierra: \u00bfExploraci\u00f3n Espacial u observaci\u00f3n de Planetas Extrasolares?&quot; - Tarapaca<\/title>\n<meta name=\"robots\" content=\"index, follow, max-snippet:-1, max-image-preview:large, max-video-preview:-1\" \/>\n<link rel=\"canonical\" href=\"https:\/\/explora.cl\/tarapaca\/miercoles-17-de-marzo-charla-en-la-busqueda-por-vida-mas-alla-de-la-tierra-exploracion-espacial-u-observacion-de-planetas-extrasolares\/\" class=\"yoast-seo-meta-tag\" \/>\n<meta property=\"og:locale\" content=\"es_ES\" class=\"yoast-seo-meta-tag\" \/>\n<meta property=\"og:type\" content=\"article\" class=\"yoast-seo-meta-tag\" \/>\n<meta property=\"og:title\" content=\"Mi\u00e9rcoles 17 de marzo: Charla \u201cEn la b\u00fasqueda por vida m\u00e1s all\u00e1 de la Tierra: \u00bfExploraci\u00f3n Espacial u observaci\u00f3n de Planetas Extrasolares?&quot; - Tarapaca\" class=\"yoast-seo-meta-tag\" \/>\n<meta property=\"og:description\" content=\"Los\/as invitamos a participar del Conversatorio EN VIVO \u201cEn la b\u00fasqueda por vida m\u00e1s all\u00e1 de la Tierra: \u00bfExploraci\u00f3n Espacial u observaci\u00f3n de Planetas Extrasolares?\u201d, actividad de la iniciativa Ciencia Abierta y en la que participar\u00e1n Carlos Gonz\u00e1lez Silva,\u00a0Experto en geo-microbiolog\u00eda del desierto de atacama en analog\u00eda al planeta Marte\u00a0y Pablo Gonz\u00e1lez Villaroel,\u00a0Astrof\u00edsico experto en Cosmolog\u00eda.\" class=\"yoast-seo-meta-tag\" \/>\n<meta property=\"og:url\" content=\"https:\/\/explora.cl\/tarapaca\/miercoles-17-de-marzo-charla-en-la-busqueda-por-vida-mas-alla-de-la-tierra-exploracion-espacial-u-observacion-de-planetas-extrasolares\/\" class=\"yoast-seo-meta-tag\" \/>\n<meta property=\"og:site_name\" content=\"Tarapaca\" class=\"yoast-seo-meta-tag\" \/>\n<meta property=\"article:published_time\" content=\"2021-03-12T20:44:34+00:00\" class=\"yoast-seo-meta-tag\" \/>\n<meta property=\"article:modified_time\" content=\"2021-06-17T21:24:48+00:00\" class=\"yoast-seo-meta-tag\" \/>\n<meta property=\"og:image\" content=\"https:\/\/explora.cl\/tarapaca\/wp-content\/uploads\/sites\/3\/2021\/03\/cienciaabierta17marzo.jpg\" class=\"yoast-seo-meta-tag\" \/>\n\t<meta property=\"og:image:width\" content=\"1000\" class=\"yoast-seo-meta-tag\" \/>\n\t<meta property=\"og:image:height\" content=\"563\" class=\"yoast-seo-meta-tag\" \/>\n\t<meta property=\"og:image:type\" content=\"image\/jpeg\" class=\"yoast-seo-meta-tag\" \/>\n<meta name=\"author\" content=\"admintarapaca\" class=\"yoast-seo-meta-tag\" \/>\n<meta name=\"twitter:card\" content=\"summary_large_image\" class=\"yoast-seo-meta-tag\" \/>\n<meta name=\"twitter:label1\" content=\"Escrito por\" class=\"yoast-seo-meta-tag\" \/>\n\t<meta name=\"twitter:data1\" content=\"admintarapaca\" class=\"yoast-seo-meta-tag\" \/>\n\t<meta name=\"twitter:label2\" content=\"Tiempo estimado de lectura\" class=\"yoast-seo-meta-tag\" \/>\n\t<meta name=\"twitter:data2\" content=\"1 minuto\" class=\"yoast-seo-meta-tag\" \/>\n<script type=\"application\/ld+json\" class=\"yoast-schema-graph\">{\"@context\":\"https:\/\/schema.org\",\"@graph\":[{\"@type\":\"Article\",\"@id\":\"https:\/\/explora.cl\/tarapaca\/miercoles-17-de-marzo-charla-en-la-busqueda-por-vida-mas-alla-de-la-tierra-exploracion-espacial-u-observacion-de-planetas-extrasolares\/#article\",\"isPartOf\":{\"@id\":\"https:\/\/explora.cl\/tarapaca\/miercoles-17-de-marzo-charla-en-la-busqueda-por-vida-mas-alla-de-la-tierra-exploracion-espacial-u-observacion-de-planetas-extrasolares\/\"},\"author\":{\"name\":\"admintarapaca\",\"@id\":\"https:\/\/explora.cl\/tarapaca\/#\/schema\/person\/ca04f8a8f8e25243bd462d34eb1ca505\"},\"headline\":\"Mi\u00e9rcoles 17 de marzo: Charla \u201cEn la b\u00fasqueda por vida m\u00e1s all\u00e1 de la Tierra: \u00bfExploraci\u00f3n Espacial u observaci\u00f3n de Planetas Extrasolares?&#8221;\",\"datePublished\":\"2021-03-12T20:44:34+00:00\",\"dateModified\":\"2021-06-17T21:24:48+00:00\",\"mainEntityOfPage\":{\"@id\":\"https:\/\/explora.cl\/tarapaca\/miercoles-17-de-marzo-charla-en-la-busqueda-por-vida-mas-alla-de-la-tierra-exploracion-espacial-u-observacion-de-planetas-extrasolares\/\"},\"wordCount\":231,\"commentCount\":0,\"image\":{\"@id\":\"https:\/\/explora.cl\/tarapaca\/miercoles-17-de-marzo-charla-en-la-busqueda-por-vida-mas-alla-de-la-tierra-exploracion-espacial-u-observacion-de-planetas-extrasolares\/#primaryimage\"},\"thumbnailUrl\":\"https:\/\/explora.cl\/tarapaca\/wp-content\/uploads\/sites\/3\/2021\/03\/cienciaabierta17marzo.jpg\",\"articleSection\":[\"Banner\"],\"inLanguage\":\"es-CL\",\"potentialAction\":[{\"@type\":\"CommentAction\",\"name\":\"Comment\",\"target\":[\"https:\/\/explora.cl\/tarapaca\/miercoles-17-de-marzo-charla-en-la-busqueda-por-vida-mas-alla-de-la-tierra-exploracion-espacial-u-observacion-de-planetas-extrasolares\/#respond\"]}]},{\"@type\":\"WebPage\",\"@id\":\"https:\/\/explora.cl\/tarapaca\/miercoles-17-de-marzo-charla-en-la-busqueda-por-vida-mas-alla-de-la-tierra-exploracion-espacial-u-observacion-de-planetas-extrasolares\/\",\"url\":\"https:\/\/explora.cl\/tarapaca\/miercoles-17-de-marzo-charla-en-la-busqueda-por-vida-mas-alla-de-la-tierra-exploracion-espacial-u-observacion-de-planetas-extrasolares\/\",\"name\":\"Mi\u00e9rcoles 17 de marzo: Charla \u201cEn la b\u00fasqueda por vida m\u00e1s all\u00e1 de la Tierra: \u00bfExploraci\u00f3n Espacial u observaci\u00f3n de Planetas Extrasolares?\\\" - Tarapaca\",\"isPartOf\":{\"@id\":\"https:\/\/explora.cl\/tarapaca\/#website\"},\"primaryImageOfPage\":{\"@id\":\"https:\/\/explora.cl\/tarapaca\/miercoles-17-de-marzo-charla-en-la-busqueda-por-vida-mas-alla-de-la-tierra-exploracion-espacial-u-observacion-de-planetas-extrasolares\/#primaryimage\"},\"image\":{\"@id\":\"https:\/\/explora.cl\/tarapaca\/miercoles-17-de-marzo-charla-en-la-busqueda-por-vida-mas-alla-de-la-tierra-exploracion-espacial-u-observacion-de-planetas-extrasolares\/#primaryimage\"},\"thumbnailUrl\":\"https:\/\/explora.cl\/tarapaca\/wp-content\/uploads\/sites\/3\/2021\/03\/cienciaabierta17marzo.jpg\",\"datePublished\":\"2021-03-12T20:44:34+00:00\",\"dateModified\":\"2021-06-17T21:24:48+00:00\",\"author\":{\"@id\":\"https:\/\/explora.cl\/tarapaca\/#\/schema\/person\/ca04f8a8f8e25243bd462d34eb1ca505\"},\"breadcrumb\":{\"@id\":\"https:\/\/explora.cl\/tarapaca\/miercoles-17-de-marzo-charla-en-la-busqueda-por-vida-mas-alla-de-la-tierra-exploracion-espacial-u-observacion-de-planetas-extrasolares\/#breadcrumb\"},\"inLanguage\":\"es-CL\",\"potentialAction\":[{\"@type\":\"ReadAction\",\"target\":[\"https:\/\/explora.cl\/tarapaca\/miercoles-17-de-marzo-charla-en-la-busqueda-por-vida-mas-alla-de-la-tierra-exploracion-espacial-u-observacion-de-planetas-extrasolares\/\"]}]},{\"@type\":\"ImageObject\",\"inLanguage\":\"es-CL\",\"@id\":\"https:\/\/explora.cl\/tarapaca\/miercoles-17-de-marzo-charla-en-la-busqueda-por-vida-mas-alla-de-la-tierra-exploracion-espacial-u-observacion-de-planetas-extrasolares\/#primaryimage\",\"url\":\"https:\/\/explora.cl\/tarapaca\/wp-content\/uploads\/sites\/3\/2021\/03\/cienciaabierta17marzo.jpg\",\"contentUrl\":\"https:\/\/explora.cl\/tarapaca\/wp-content\/uploads\/sites\/3\/2021\/03\/cienciaabierta17marzo.jpg\",\"width\":1000,\"height\":563},{\"@type\":\"BreadcrumbList\",\"@id\":\"https:\/\/explora.cl\/tarapaca\/miercoles-17-de-marzo-charla-en-la-busqueda-por-vida-mas-alla-de-la-tierra-exploracion-espacial-u-observacion-de-planetas-extrasolares\/#breadcrumb\",\"itemListElement\":[{\"@type\":\"ListItem\",\"position\":1,\"name\":\"Portada\",\"item\":\"https:\/\/explora.cl\/tarapaca\/\"},{\"@type\":\"ListItem\",\"position\":2,\"name\":\"Mi\u00e9rcoles 17 de marzo: Charla \u201cEn la b\u00fasqueda por vida m\u00e1s all\u00e1 de la Tierra: \u00bfExploraci\u00f3n Espacial u observaci\u00f3n de Planetas Extrasolares?&#8221;\"}]},{\"@type\":\"WebSite\",\"@id\":\"https:\/\/explora.cl\/tarapaca\/#website\",\"url\":\"https:\/\/explora.cl\/tarapaca\/\",\"name\":\"Tarapaca\",\"description\":\"Otro sitio m\u00e1s de explora.cl\",\"potentialAction\":[{\"@type\":\"SearchAction\",\"target\":{\"@type\":\"EntryPoint\",\"urlTemplate\":\"https:\/\/explora.cl\/tarapaca\/?s={search_term_string}\"},\"query-input\":{\"@type\":\"PropertyValueSpecification\",\"valueRequired\":true,\"valueName\":\"search_term_string\"}}],\"inLanguage\":\"es-CL\"},{\"@type\":\"Person\",\"@id\":\"https:\/\/explora.cl\/tarapaca\/#\/schema\/person\/ca04f8a8f8e25243bd462d34eb1ca505\",\"name\":\"admintarapaca\",\"image\":{\"@type\":\"ImageObject\",\"inLanguage\":\"es-CL\",\"@id\":\"https:\/\/explora.cl\/tarapaca\/#\/schema\/person\/image\/\",\"url\":\"https:\/\/secure.gravatar.com\/avatar\/8ff4762fabbf7a1732a126425c82d628f08ba754529d77a55358cbb74e14343f?s=96&d=mm&r=g\",\"contentUrl\":\"https:\/\/secure.gravatar.com\/avatar\/8ff4762fabbf7a1732a126425c82d628f08ba754529d77a55358cbb74e14343f?s=96&d=mm&r=g\",\"caption\":\"admintarapaca\"},\"url\":\"https:\/\/explora.cl\/tarapaca\/author\/dolivares\/\"}]}<\/script>\n<!-- \/ Yoast SEO plugin. -->","yoast_head_json":{"title":"Mi\u00e9rcoles 17 de marzo: Charla \u201cEn la b\u00fasqueda por vida m\u00e1s all\u00e1 de la Tierra: \u00bfExploraci\u00f3n Espacial u observaci\u00f3n de Planetas Extrasolares?\" - Tarapaca","robots":{"index":"index","follow":"follow","max-snippet":"max-snippet:-1","max-image-preview":"max-image-preview:large","max-video-preview":"max-video-preview:-1"},"canonical":"https:\/\/explora.cl\/tarapaca\/miercoles-17-de-marzo-charla-en-la-busqueda-por-vida-mas-alla-de-la-tierra-exploracion-espacial-u-observacion-de-planetas-extrasolares\/","og_locale":"es_ES","og_type":"article","og_title":"Mi\u00e9rcoles 17 de marzo: Charla \u201cEn la b\u00fasqueda por vida m\u00e1s all\u00e1 de la Tierra: \u00bfExploraci\u00f3n Espacial u observaci\u00f3n de Planetas Extrasolares?\" - Tarapaca","og_description":"Los\/as invitamos a participar del Conversatorio EN VIVO \u201cEn la b\u00fasqueda por vida m\u00e1s all\u00e1 de la Tierra: \u00bfExploraci\u00f3n Espacial u observaci\u00f3n de Planetas Extrasolares?\u201d, actividad de la iniciativa Ciencia Abierta y en la que participar\u00e1n Carlos Gonz\u00e1lez Silva,\u00a0Experto en geo-microbiolog\u00eda del desierto de atacama en analog\u00eda al planeta Marte\u00a0y Pablo Gonz\u00e1lez Villaroel,\u00a0Astrof\u00edsico experto en Cosmolog\u00eda.","og_url":"https:\/\/explora.cl\/tarapaca\/miercoles-17-de-marzo-charla-en-la-busqueda-por-vida-mas-alla-de-la-tierra-exploracion-espacial-u-observacion-de-planetas-extrasolares\/","og_site_name":"Tarapaca","article_published_time":"2021-03-12T20:44:34+00:00","article_modified_time":"2021-06-17T21:24:48+00:00","og_image":[{"width":1000,"height":563,"url":"https:\/\/explora.cl\/tarapaca\/wp-content\/uploads\/sites\/3\/2021\/03\/cienciaabierta17marzo.jpg","type":"image\/jpeg"}],"author":"admintarapaca","twitter_card":"summary_large_image","twitter_misc":{"Escrito por":"admintarapaca","Tiempo estimado de lectura":"1 minuto"},"schema":{"@context":"https:\/\/schema.org","@graph":[{"@type":"Article","@id":"https:\/\/explora.cl\/tarapaca\/miercoles-17-de-marzo-charla-en-la-busqueda-por-vida-mas-alla-de-la-tierra-exploracion-espacial-u-observacion-de-planetas-extrasolares\/#article","isPartOf":{"@id":"https:\/\/explora.cl\/tarapaca\/miercoles-17-de-marzo-charla-en-la-busqueda-por-vida-mas-alla-de-la-tierra-exploracion-espacial-u-observacion-de-planetas-extrasolares\/"},"author":{"name":"admintarapaca","@id":"https:\/\/explora.cl\/tarapaca\/#\/schema\/person\/ca04f8a8f8e25243bd462d34eb1ca505"},"headline":"Mi\u00e9rcoles 17 de marzo: Charla \u201cEn la b\u00fasqueda por vida m\u00e1s all\u00e1 de la Tierra: \u00bfExploraci\u00f3n Espacial u observaci\u00f3n de Planetas Extrasolares?&#8221;","datePublished":"2021-03-12T20:44:34+00:00","dateModified":"2021-06-17T21:24:48+00:00","mainEntityOfPage":{"@id":"https:\/\/explora.cl\/tarapaca\/miercoles-17-de-marzo-charla-en-la-busqueda-por-vida-mas-alla-de-la-tierra-exploracion-espacial-u-observacion-de-planetas-extrasolares\/"},"wordCount":231,"commentCount":0,"image":{"@id":"https:\/\/explora.cl\/tarapaca\/miercoles-17-de-marzo-charla-en-la-busqueda-por-vida-mas-alla-de-la-tierra-exploracion-espacial-u-observacion-de-planetas-extrasolares\/#primaryimage"},"thumbnailUrl":"https:\/\/explora.cl\/tarapaca\/wp-content\/uploads\/sites\/3\/2021\/03\/cienciaabierta17marzo.jpg","articleSection":["Banner"],"inLanguage":"es-CL","potentialAction":[{"@type":"CommentAction","name":"Comment","target":["https:\/\/explora.cl\/tarapaca\/miercoles-17-de-marzo-charla-en-la-busqueda-por-vida-mas-alla-de-la-tierra-exploracion-espacial-u-observacion-de-planetas-extrasolares\/#respond"]}]},{"@type":"WebPage","@id":"https:\/\/explora.cl\/tarapaca\/miercoles-17-de-marzo-charla-en-la-busqueda-por-vida-mas-alla-de-la-tierra-exploracion-espacial-u-observacion-de-planetas-extrasolares\/","url":"https:\/\/explora.cl\/tarapaca\/miercoles-17-de-marzo-charla-en-la-busqueda-por-vida-mas-alla-de-la-tierra-exploracion-espacial-u-observacion-de-planetas-extrasolares\/","name":"Mi\u00e9rcoles 17 de marzo: Charla \u201cEn la b\u00fasqueda por vida m\u00e1s all\u00e1 de la Tierra: \u00bfExploraci\u00f3n Espacial u observaci\u00f3n de Planetas Extrasolares?\" - Tarapaca","isPartOf":{"@id":"https:\/\/explora.cl\/tarapaca\/#website"},"primaryImageOfPage":{"@id":"https:\/\/explora.cl\/tarapaca\/miercoles-17-de-marzo-charla-en-la-busqueda-por-vida-mas-alla-de-la-tierra-exploracion-espacial-u-observacion-de-planetas-extrasolares\/#primaryimage"},"image":{"@id":"https:\/\/explora.cl\/tarapaca\/miercoles-17-de-marzo-charla-en-la-busqueda-por-vida-mas-alla-de-la-tierra-exploracion-espacial-u-observacion-de-planetas-extrasolares\/#primaryimage"},"thumbnailUrl":"https:\/\/explora.cl\/tarapaca\/wp-content\/uploads\/sites\/3\/2021\/03\/cienciaabierta17marzo.jpg","datePublished":"2021-03-12T20:44:34+00:00","dateModified":"2021-06-17T21:24:48+00:00","author":{"@id":"https:\/\/explora.cl\/tarapaca\/#\/schema\/person\/ca04f8a8f8e25243bd462d34eb1ca505"},"breadcrumb":{"@id":"https:\/\/explora.cl\/tarapaca\/miercoles-17-de-marzo-charla-en-la-busqueda-por-vida-mas-alla-de-la-tierra-exploracion-espacial-u-observacion-de-planetas-extrasolares\/#breadcrumb"},"inLanguage":"es-CL","potentialAction":[{"@type":"ReadAction","target":["https:\/\/explora.cl\/tarapaca\/miercoles-17-de-marzo-charla-en-la-busqueda-por-vida-mas-alla-de-la-tierra-exploracion-espacial-u-observacion-de-planetas-extrasolares\/"]}]},{"@type":"ImageObject","inLanguage":"es-CL","@id":"https:\/\/explora.cl\/tarapaca\/miercoles-17-de-marzo-charla-en-la-busqueda-por-vida-mas-alla-de-la-tierra-exploracion-espacial-u-observacion-de-planetas-extrasolares\/#primaryimage","url":"https:\/\/explora.cl\/tarapaca\/wp-content\/uploads\/sites\/3\/2021\/03\/cienciaabierta17marzo.jpg","contentUrl":"https:\/\/explora.cl\/tarapaca\/wp-content\/uploads\/sites\/3\/2021\/03\/cienciaabierta17marzo.jpg","width":1000,"height":563},{"@type":"BreadcrumbList","@id":"https:\/\/explora.cl\/tarapaca\/miercoles-17-de-marzo-charla-en-la-busqueda-por-vida-mas-alla-de-la-tierra-exploracion-espacial-u-observacion-de-planetas-extrasolares\/#breadcrumb","itemListElement":[{"@type":"ListItem","position":1,"name":"Portada","item":"https:\/\/explora.cl\/tarapaca\/"},{"@type":"ListItem","position":2,"name":"Mi\u00e9rcoles 17 de marzo: Charla \u201cEn la b\u00fasqueda por vida m\u00e1s all\u00e1 de la Tierra: \u00bfExploraci\u00f3n Espacial u observaci\u00f3n de Planetas Extrasolares?&#8221;"}]},{"@type":"WebSite","@id":"https:\/\/explora.cl\/tarapaca\/#website","url":"https:\/\/explora.cl\/tarapaca\/","name":"Tarapaca","description":"Otro sitio m\u00e1s de explora.cl","potentialAction":[{"@type":"SearchAction","target":{"@type":"EntryPoint","urlTemplate":"https:\/\/explora.cl\/tarapaca\/?s={search_term_string}"},"query-input":{"@type":"PropertyValueSpecification","valueRequired":true,"valueName":"search_term_string"}}],"inLanguage":"es-CL"},{"@type":"Person","@id":"https:\/\/explora.cl\/tarapaca\/#\/schema\/person\/ca04f8a8f8e25243bd462d34eb1ca505","name":"admintarapaca","image":{"@type":"ImageObject","inLanguage":"es-CL","@id":"https:\/\/explora.cl\/tarapaca\/#\/schema\/person\/image\/","url":"https:\/\/secure.gravatar.com\/avatar\/8ff4762fabbf7a1732a126425c82d628f08ba754529d77a55358cbb74e14343f?s=96&d=mm&r=g","contentUrl":"https:\/\/secure.gravatar.com\/avatar\/8ff4762fabbf7a1732a126425c82d628f08ba754529d77a55358cbb74e14343f?s=96&d=mm&r=g","caption":"admintarapaca"},"url":"https:\/\/explora.cl\/tarapaca\/author\/dolivares\/"}]}},"_links":{"self":[{"href":"https:\/\/explora.cl\/tarapaca\/wp-json\/wp\/v2\/posts\/39234","targetHints":{"allow":["GET"]}}],"collection":[{"href":"https:\/\/explora.cl\/tarapaca\/wp-json\/wp\/v2\/posts"}],"about":[{"href":"https:\/\/explora.cl\/tarapaca\/wp-json\/wp\/v2\/types\/post"}],"author":[{"embeddable":true,"href":"https:\/\/explora.cl\/tarapaca\/wp-json\/wp\/v2\/users\/18"}],"replies":[{"embeddable":true,"href":"https:\/\/explora.cl\/tarapaca\/wp-json\/wp\/v2\/comments?post=39234"}],"version-history":[{"count":3,"href":"https:\/\/explora.cl\/tarapaca\/wp-json\/wp\/v2\/posts\/39234\/revisions"}],"predecessor-version":[{"id":39238,"href":"https:\/\/explora.cl\/tarapaca\/wp-json\/wp\/v2\/posts\/39234\/revisions\/39238"}],"wp:featuredmedia":[{"embeddable":true,"href":"https:\/\/explora.cl\/tarapaca\/wp-json\/wp\/v2\/media\/39235"}],"wp:attachment":[{"href":"https:\/\/explora.cl\/tarapaca\/wp-json\/wp\/v2\/media?parent=39234"}],"wp:term":[{"taxonomy":"category","embeddable":true,"href":"https:\/\/explora.cl\/tarapaca\/wp-json\/wp\/v2\/categories?post=39234"},{"taxonomy":"post_tag","embeddable":true,"href":"https:\/\/explora.cl\/tarapaca\/wp-json\/wp\/v2\/tags?post=39234"}],"curies":[{"name":"wp","href":"https:\/\/api.w.org\/{rel}","templated":true}]}}