{"id":39231,"date":"2021-03-12T14:31:45","date_gmt":"2021-03-12T17:31:45","guid":{"rendered":"https:\/\/explora.cl\/tarapaca\/?p=39231"},"modified":"2021-07-08T18:45:37","modified_gmt":"2021-07-08T22:45:37","slug":"explora-tarapaca-realizara-actividades-virtuales-por-el-dia-de-la-astronomia-2021","status":"publish","type":"post","link":"https:\/\/explora.cl\/tarapaca\/explora-tarapaca-realizara-actividades-virtuales-por-el-dia-de-la-astronomia-2021\/","title":{"rendered":"Explora Tarapac\u00e1 realizar\u00e1 actividades virtuales por el D\u00eda de la Astronom\u00eda 2021"},"content":{"rendered":"<p><strong><em>* Comunidad tendr\u00e1 la posibilidad de participar de una serie de actividades desde el martes 16 al 22 de marzo.<\/em><\/strong><\/p>\n<p>La Universidad de Tarapac\u00e1 Sede Iquique, a trav\u00e9s de su proyecto Explora Tarapac\u00e1, realizar\u00e1 una serie de actividades en el marco del \u201cD\u00eda de la Astronom\u00eda 2021\u201d.<\/p>\n<p>Las actividades planteadas se realizar\u00e1n de forma virtual a partir del martes 16 al\u00a0 lunes 22 de marzo e incluyen charlas en vivo por las redes sociales, documentales de astronom\u00eda, un taller de observaci\u00f3n solar y un concurso virtual de dibujo.<\/p>\n<p>El D\u00eda de la Astronom\u00eda se celebra desde el 2014 cada 20 o 21 de marzo en el marco de nuestro equinoccio de oto\u00f1o y para el Programa Explora y las instituciones que participan de este d\u00eda es: \u201cuna celebraci\u00f3n anual de nuestro cielo y de las posibilidades privilegiadas que tenemos en todo el pa\u00eds\u201d.<\/p>\n<p>En la regi\u00f3n de Tarapac\u00e1 las actividades parten con una charla magistral que se realizar\u00e1 el martes 16 de marzo, a las 17 horas, por las redes sociales de Explora Tarapac\u00e1 y de otras instituciones colaboradoras, que se titula \u201c\u00bfLlegamos a la luna? Verdad o Mito\u201d, y que ser\u00e1 entregada por el Doctor Ricardo Demarco, Astr\u00f3nomo de la Universidad de Concepci\u00f3n e Investigador del Centro de Astrof\u00edsica y Tecnolog\u00edas Afines. Mientras que el mi\u00e9rcoles 17 de marzo, a las 17 horas, se realizar\u00e1 un conversatorio denominado \u201cEn la b\u00fasqueda por vida m\u00e1s all\u00e1 de la Tierra: \u00bfExploraci\u00f3n Espacial u observaci\u00f3n de Planetas Extrasolares?\u201d, en el cual participar\u00e1n Carlos Gonz\u00e1lez, Experto en geo-microbiolog\u00eda del desierto de atacama en analog\u00eda al planeta Marte y Pablo Gonz\u00e1lez, Astrof\u00edsico experto en Cosmolog\u00eda.<\/p>\n<p>Adem\u00e1s, desde el 12 de marzo, ni\u00f1os y ni\u00f1as entre 4 y 12 a\u00f1os podr\u00e1n participar del concurso virtual de dibujos titulado \u201cImaginando el universo&#8221;. Tambi\u00e9n, los d\u00edas 18, 19 y 22 de marzo, a las 19 de horas, se transmitir\u00e1 un ciclo de documentales sobre astronom\u00eda a trav\u00e9s de la cuenta de Facebook de Explora y casi al finalizar, justo en el D\u00eda de la Astronom\u00eda, el s\u00e1bado 20 de marzo, se realizar\u00e1 un taller online de observaci\u00f3n solar denominado \u201cCelebrando el D\u00eda de las Astronom\u00eda\u201d, donde aprender\u00e1n de instrumentaci\u00f3n astron\u00f3mica y observar\u00e1n el Sol en vivo.<\/p>\n<p>Todas las actividades est\u00e1n disponibles a trav\u00e9s de la web explora.cl\/tarapac\u00e1 y de sus redes sociales de Explora Tarapac\u00e1.<\/p>\n<p>Pablo Gonz\u00e1lez, Astr\u00f3nomo y Coordinador ejecutivo de Explora, explic\u00f3: \u201cOfrecemos una serie de actividades para que ni\u00f1os, ni\u00f1as, j\u00f3venes y la familia puedan disfrutar del D\u00eda de la Astronom\u00eda 2021 desde sus casas e invitamos a todos y todas a participar activamente en cada una de las propuestas que tenemos\u201d.<\/p>\n<p>La Directora de Explora Tarapac\u00e1, Valeska Zepeda, precis\u00f3: \u201cHoy queremos relevar la importancia de la astronom\u00eda, acercarla a las familias, ni\u00f1os, ni\u00f1as, j\u00f3venes y ciudadan\u00eda tarapaque\u00f1a y poner en valor los privilegios clim\u00e1ticos del norte de Chile. Para el Ministerio de ciencia, tecnolog\u00eda, conocimiento e innovaci\u00f3n y la Universidad de Tarapac\u00e1 es muy importante la creaci\u00f3n de estas instancias para lograr la apropiaci\u00f3n cultural de la ciencia y la tecnolog\u00eda\u201d.<\/p>\n<p>El proyecto Explora Tarapac\u00e1 es financiado por el Ministerio de Ciencia, Tecnolog\u00eda, Conocimiento e Innovaci\u00f3n y es liderado por la Universidad de Tarapac\u00e1 Sede Iquique.<\/p>\n","protected":false},"excerpt":{"rendered":"<p>* Comunidad tendr\u00e1 la posibilidad de participar de una serie de actividades desde el martes 16 al 22 de marzo. La Universidad de Tarapac\u00e1 Sede Iquique, a trav\u00e9s de su proyecto Explora Tarapac\u00e1, realizar\u00e1 una serie de actividades en el marco del \u201cD\u00eda de la Astronom\u00eda 2021\u201d. Las actividades planteadas se realizar\u00e1n de forma virtual [&hellip;]<\/p>\n","protected":false},"author":18,"featured_media":39232,"comment_status":"open","ping_status":"open","sticky":false,"template":"","format":"standard","meta":{"_acf_changed":false,"_exactmetrics_skip_tracking":false,"_exactmetrics_sitenote_active":false,"_exactmetrics_sitenote_note":"","_exactmetrics_sitenote_category":0,"footnotes":"","_links_to":"","_links_to_target":""},"categories":[4],"tags":[228,239,237,236,155,157,183],"class_list":["post-39231","post","type-post","status-publish","format-standard","has-post-thumbnail","hentry","category-noticias","tag-228","tag-actividades","tag-astronomia","tag-dia","tag-iquique","tag-tarapaca","tag-uta"],"acf":[],"yoast_head":"<!-- This site is optimized with the Yoast SEO plugin v26.9 - https:\/\/yoast.com\/product\/yoast-seo-wordpress\/ -->\n<title>Explora Tarapac\u00e1 realizar\u00e1 actividades virtuales por el D\u00eda de la Astronom\u00eda 2021 - Tarapaca<\/title>\n<meta name=\"robots\" content=\"index, follow, max-snippet:-1, max-image-preview:large, max-video-preview:-1\" \/>\n<link rel=\"canonical\" href=\"https:\/\/explora.cl\/tarapaca\/explora-tarapaca-realizara-actividades-virtuales-por-el-dia-de-la-astronomia-2021\/\" class=\"yoast-seo-meta-tag\" \/>\n<meta property=\"og:locale\" content=\"es_ES\" class=\"yoast-seo-meta-tag\" \/>\n<meta property=\"og:type\" content=\"article\" class=\"yoast-seo-meta-tag\" \/>\n<meta property=\"og:title\" content=\"Explora Tarapac\u00e1 realizar\u00e1 actividades virtuales por el D\u00eda de la Astronom\u00eda 2021 - Tarapaca\" class=\"yoast-seo-meta-tag\" \/>\n<meta property=\"og:description\" content=\"* Comunidad tendr\u00e1 la posibilidad de participar de una serie de actividades desde el martes 16 al 22 de marzo. La Universidad de Tarapac\u00e1 Sede Iquique, a trav\u00e9s de su proyecto Explora Tarapac\u00e1, realizar\u00e1 una serie de actividades en el marco del \u201cD\u00eda de la Astronom\u00eda 2021\u201d. Las actividades planteadas se realizar\u00e1n de forma virtual [&hellip;]\" class=\"yoast-seo-meta-tag\" \/>\n<meta property=\"og:url\" content=\"https:\/\/explora.cl\/tarapaca\/explora-tarapaca-realizara-actividades-virtuales-por-el-dia-de-la-astronomia-2021\/\" class=\"yoast-seo-meta-tag\" \/>\n<meta property=\"og:site_name\" content=\"Tarapaca\" class=\"yoast-seo-meta-tag\" \/>\n<meta property=\"article:published_time\" content=\"2021-03-12T17:31:45+00:00\" class=\"yoast-seo-meta-tag\" \/>\n<meta property=\"article:modified_time\" content=\"2021-07-08T22:45:37+00:00\" class=\"yoast-seo-meta-tag\" \/>\n<meta property=\"og:image\" content=\"https:\/\/explora.cl\/tarapaca\/wp-content\/uploads\/sites\/3\/2021\/03\/Explora_DiaAstronomia2021.jpg\" class=\"yoast-seo-meta-tag\" \/>\n\t<meta property=\"og:image:width\" content=\"1200\" class=\"yoast-seo-meta-tag\" \/>\n\t<meta property=\"og:image:height\" content=\"676\" class=\"yoast-seo-meta-tag\" \/>\n\t<meta property=\"og:image:type\" content=\"image\/jpeg\" class=\"yoast-seo-meta-tag\" \/>\n<meta name=\"author\" content=\"admintarapaca\" class=\"yoast-seo-meta-tag\" \/>\n<meta name=\"twitter:card\" content=\"summary_large_image\" class=\"yoast-seo-meta-tag\" \/>\n<meta name=\"twitter:label1\" content=\"Escrito por\" class=\"yoast-seo-meta-tag\" \/>\n\t<meta name=\"twitter:data1\" content=\"admintarapaca\" class=\"yoast-seo-meta-tag\" \/>\n\t<meta name=\"twitter:label2\" content=\"Tiempo estimado de lectura\" class=\"yoast-seo-meta-tag\" \/>\n\t<meta name=\"twitter:data2\" content=\"3 minutos\" class=\"yoast-seo-meta-tag\" \/>\n<script type=\"application\/ld+json\" class=\"yoast-schema-graph\">{\"@context\":\"https:\/\/schema.org\",\"@graph\":[{\"@type\":\"Article\",\"@id\":\"https:\/\/explora.cl\/tarapaca\/explora-tarapaca-realizara-actividades-virtuales-por-el-dia-de-la-astronomia-2021\/#article\",\"isPartOf\":{\"@id\":\"https:\/\/explora.cl\/tarapaca\/explora-tarapaca-realizara-actividades-virtuales-por-el-dia-de-la-astronomia-2021\/\"},\"author\":{\"name\":\"admintarapaca\",\"@id\":\"https:\/\/explora.cl\/tarapaca\/#\/schema\/person\/ca04f8a8f8e25243bd462d34eb1ca505\"},\"headline\":\"Explora Tarapac\u00e1 realizar\u00e1 actividades virtuales por el D\u00eda de la Astronom\u00eda 2021\",\"datePublished\":\"2021-03-12T17:31:45+00:00\",\"dateModified\":\"2021-07-08T22:45:37+00:00\",\"mainEntityOfPage\":{\"@id\":\"https:\/\/explora.cl\/tarapaca\/explora-tarapaca-realizara-actividades-virtuales-por-el-dia-de-la-astronomia-2021\/\"},\"wordCount\":597,\"commentCount\":0,\"image\":{\"@id\":\"https:\/\/explora.cl\/tarapaca\/explora-tarapaca-realizara-actividades-virtuales-por-el-dia-de-la-astronomia-2021\/#primaryimage\"},\"thumbnailUrl\":\"https:\/\/explora.cl\/tarapaca\/wp-content\/uploads\/sites\/3\/2021\/03\/Explora_DiaAstronomia2021.jpg\",\"keywords\":[\"2021\",\"Actividades\",\"Astronom\u00eda\",\"D\u00eda\",\"iquique,\",\"tarapac\u00e1,\",\"UTA\"],\"articleSection\":[\"Noticias\"],\"inLanguage\":\"es-CL\",\"potentialAction\":[{\"@type\":\"CommentAction\",\"name\":\"Comment\",\"target\":[\"https:\/\/explora.cl\/tarapaca\/explora-tarapaca-realizara-actividades-virtuales-por-el-dia-de-la-astronomia-2021\/#respond\"]}]},{\"@type\":\"WebPage\",\"@id\":\"https:\/\/explora.cl\/tarapaca\/explora-tarapaca-realizara-actividades-virtuales-por-el-dia-de-la-astronomia-2021\/\",\"url\":\"https:\/\/explora.cl\/tarapaca\/explora-tarapaca-realizara-actividades-virtuales-por-el-dia-de-la-astronomia-2021\/\",\"name\":\"Explora Tarapac\u00e1 realizar\u00e1 actividades virtuales por el D\u00eda de la Astronom\u00eda 2021 - Tarapaca\",\"isPartOf\":{\"@id\":\"https:\/\/explora.cl\/tarapaca\/#website\"},\"primaryImageOfPage\":{\"@id\":\"https:\/\/explora.cl\/tarapaca\/explora-tarapaca-realizara-actividades-virtuales-por-el-dia-de-la-astronomia-2021\/#primaryimage\"},\"image\":{\"@id\":\"https:\/\/explora.cl\/tarapaca\/explora-tarapaca-realizara-actividades-virtuales-por-el-dia-de-la-astronomia-2021\/#primaryimage\"},\"thumbnailUrl\":\"https:\/\/explora.cl\/tarapaca\/wp-content\/uploads\/sites\/3\/2021\/03\/Explora_DiaAstronomia2021.jpg\",\"datePublished\":\"2021-03-12T17:31:45+00:00\",\"dateModified\":\"2021-07-08T22:45:37+00:00\",\"author\":{\"@id\":\"https:\/\/explora.cl\/tarapaca\/#\/schema\/person\/ca04f8a8f8e25243bd462d34eb1ca505\"},\"breadcrumb\":{\"@id\":\"https:\/\/explora.cl\/tarapaca\/explora-tarapaca-realizara-actividades-virtuales-por-el-dia-de-la-astronomia-2021\/#breadcrumb\"},\"inLanguage\":\"es-CL\",\"potentialAction\":[{\"@type\":\"ReadAction\",\"target\":[\"https:\/\/explora.cl\/tarapaca\/explora-tarapaca-realizara-actividades-virtuales-por-el-dia-de-la-astronomia-2021\/\"]}]},{\"@type\":\"ImageObject\",\"inLanguage\":\"es-CL\",\"@id\":\"https:\/\/explora.cl\/tarapaca\/explora-tarapaca-realizara-actividades-virtuales-por-el-dia-de-la-astronomia-2021\/#primaryimage\",\"url\":\"https:\/\/explora.cl\/tarapaca\/wp-content\/uploads\/sites\/3\/2021\/03\/Explora_DiaAstronomia2021.jpg\",\"contentUrl\":\"https:\/\/explora.cl\/tarapaca\/wp-content\/uploads\/sites\/3\/2021\/03\/Explora_DiaAstronomia2021.jpg\",\"width\":1200,\"height\":676},{\"@type\":\"BreadcrumbList\",\"@id\":\"https:\/\/explora.cl\/tarapaca\/explora-tarapaca-realizara-actividades-virtuales-por-el-dia-de-la-astronomia-2021\/#breadcrumb\",\"itemListElement\":[{\"@type\":\"ListItem\",\"position\":1,\"name\":\"Portada\",\"item\":\"https:\/\/explora.cl\/tarapaca\/\"},{\"@type\":\"ListItem\",\"position\":2,\"name\":\"Explora Tarapac\u00e1 realizar\u00e1 actividades virtuales por el D\u00eda de la Astronom\u00eda 2021\"}]},{\"@type\":\"WebSite\",\"@id\":\"https:\/\/explora.cl\/tarapaca\/#website\",\"url\":\"https:\/\/explora.cl\/tarapaca\/\",\"name\":\"Tarapaca\",\"description\":\"Otro sitio m\u00e1s de explora.cl\",\"potentialAction\":[{\"@type\":\"SearchAction\",\"target\":{\"@type\":\"EntryPoint\",\"urlTemplate\":\"https:\/\/explora.cl\/tarapaca\/?s={search_term_string}\"},\"query-input\":{\"@type\":\"PropertyValueSpecification\",\"valueRequired\":true,\"valueName\":\"search_term_string\"}}],\"inLanguage\":\"es-CL\"},{\"@type\":\"Person\",\"@id\":\"https:\/\/explora.cl\/tarapaca\/#\/schema\/person\/ca04f8a8f8e25243bd462d34eb1ca505\",\"name\":\"admintarapaca\",\"image\":{\"@type\":\"ImageObject\",\"inLanguage\":\"es-CL\",\"@id\":\"https:\/\/explora.cl\/tarapaca\/#\/schema\/person\/image\/\",\"url\":\"https:\/\/secure.gravatar.com\/avatar\/8ff4762fabbf7a1732a126425c82d628f08ba754529d77a55358cbb74e14343f?s=96&d=mm&r=g\",\"contentUrl\":\"https:\/\/secure.gravatar.com\/avatar\/8ff4762fabbf7a1732a126425c82d628f08ba754529d77a55358cbb74e14343f?s=96&d=mm&r=g\",\"caption\":\"admintarapaca\"},\"url\":\"https:\/\/explora.cl\/tarapaca\/author\/dolivares\/\"}]}<\/script>\n<!-- \/ Yoast SEO plugin. -->","yoast_head_json":{"title":"Explora Tarapac\u00e1 realizar\u00e1 actividades virtuales por el D\u00eda de la Astronom\u00eda 2021 - Tarapaca","robots":{"index":"index","follow":"follow","max-snippet":"max-snippet:-1","max-image-preview":"max-image-preview:large","max-video-preview":"max-video-preview:-1"},"canonical":"https:\/\/explora.cl\/tarapaca\/explora-tarapaca-realizara-actividades-virtuales-por-el-dia-de-la-astronomia-2021\/","og_locale":"es_ES","og_type":"article","og_title":"Explora Tarapac\u00e1 realizar\u00e1 actividades virtuales por el D\u00eda de la Astronom\u00eda 2021 - Tarapaca","og_description":"* Comunidad tendr\u00e1 la posibilidad de participar de una serie de actividades desde el martes 16 al 22 de marzo. La Universidad de Tarapac\u00e1 Sede Iquique, a trav\u00e9s de su proyecto Explora Tarapac\u00e1, realizar\u00e1 una serie de actividades en el marco del \u201cD\u00eda de la Astronom\u00eda 2021\u201d. Las actividades planteadas se realizar\u00e1n de forma virtual [&hellip;]","og_url":"https:\/\/explora.cl\/tarapaca\/explora-tarapaca-realizara-actividades-virtuales-por-el-dia-de-la-astronomia-2021\/","og_site_name":"Tarapaca","article_published_time":"2021-03-12T17:31:45+00:00","article_modified_time":"2021-07-08T22:45:37+00:00","og_image":[{"width":1200,"height":676,"url":"https:\/\/explora.cl\/tarapaca\/wp-content\/uploads\/sites\/3\/2021\/03\/Explora_DiaAstronomia2021.jpg","type":"image\/jpeg"}],"author":"admintarapaca","twitter_card":"summary_large_image","twitter_misc":{"Escrito por":"admintarapaca","Tiempo estimado de lectura":"3 minutos"},"schema":{"@context":"https:\/\/schema.org","@graph":[{"@type":"Article","@id":"https:\/\/explora.cl\/tarapaca\/explora-tarapaca-realizara-actividades-virtuales-por-el-dia-de-la-astronomia-2021\/#article","isPartOf":{"@id":"https:\/\/explora.cl\/tarapaca\/explora-tarapaca-realizara-actividades-virtuales-por-el-dia-de-la-astronomia-2021\/"},"author":{"name":"admintarapaca","@id":"https:\/\/explora.cl\/tarapaca\/#\/schema\/person\/ca04f8a8f8e25243bd462d34eb1ca505"},"headline":"Explora Tarapac\u00e1 realizar\u00e1 actividades virtuales por el D\u00eda de la Astronom\u00eda 2021","datePublished":"2021-03-12T17:31:45+00:00","dateModified":"2021-07-08T22:45:37+00:00","mainEntityOfPage":{"@id":"https:\/\/explora.cl\/tarapaca\/explora-tarapaca-realizara-actividades-virtuales-por-el-dia-de-la-astronomia-2021\/"},"wordCount":597,"commentCount":0,"image":{"@id":"https:\/\/explora.cl\/tarapaca\/explora-tarapaca-realizara-actividades-virtuales-por-el-dia-de-la-astronomia-2021\/#primaryimage"},"thumbnailUrl":"https:\/\/explora.cl\/tarapaca\/wp-content\/uploads\/sites\/3\/2021\/03\/Explora_DiaAstronomia2021.jpg","keywords":["2021","Actividades","Astronom\u00eda","D\u00eda","iquique,","tarapac\u00e1,","UTA"],"articleSection":["Noticias"],"inLanguage":"es-CL","potentialAction":[{"@type":"CommentAction","name":"Comment","target":["https:\/\/explora.cl\/tarapaca\/explora-tarapaca-realizara-actividades-virtuales-por-el-dia-de-la-astronomia-2021\/#respond"]}]},{"@type":"WebPage","@id":"https:\/\/explora.cl\/tarapaca\/explora-tarapaca-realizara-actividades-virtuales-por-el-dia-de-la-astronomia-2021\/","url":"https:\/\/explora.cl\/tarapaca\/explora-tarapaca-realizara-actividades-virtuales-por-el-dia-de-la-astronomia-2021\/","name":"Explora Tarapac\u00e1 realizar\u00e1 actividades virtuales por el D\u00eda de la Astronom\u00eda 2021 - Tarapaca","isPartOf":{"@id":"https:\/\/explora.cl\/tarapaca\/#website"},"primaryImageOfPage":{"@id":"https:\/\/explora.cl\/tarapaca\/explora-tarapaca-realizara-actividades-virtuales-por-el-dia-de-la-astronomia-2021\/#primaryimage"},"image":{"@id":"https:\/\/explora.cl\/tarapaca\/explora-tarapaca-realizara-actividades-virtuales-por-el-dia-de-la-astronomia-2021\/#primaryimage"},"thumbnailUrl":"https:\/\/explora.cl\/tarapaca\/wp-content\/uploads\/sites\/3\/2021\/03\/Explora_DiaAstronomia2021.jpg","datePublished":"2021-03-12T17:31:45+00:00","dateModified":"2021-07-08T22:45:37+00:00","author":{"@id":"https:\/\/explora.cl\/tarapaca\/#\/schema\/person\/ca04f8a8f8e25243bd462d34eb1ca505"},"breadcrumb":{"@id":"https:\/\/explora.cl\/tarapaca\/explora-tarapaca-realizara-actividades-virtuales-por-el-dia-de-la-astronomia-2021\/#breadcrumb"},"inLanguage":"es-CL","potentialAction":[{"@type":"ReadAction","target":["https:\/\/explora.cl\/tarapaca\/explora-tarapaca-realizara-actividades-virtuales-por-el-dia-de-la-astronomia-2021\/"]}]},{"@type":"ImageObject","inLanguage":"es-CL","@id":"https:\/\/explora.cl\/tarapaca\/explora-tarapaca-realizara-actividades-virtuales-por-el-dia-de-la-astronomia-2021\/#primaryimage","url":"https:\/\/explora.cl\/tarapaca\/wp-content\/uploads\/sites\/3\/2021\/03\/Explora_DiaAstronomia2021.jpg","contentUrl":"https:\/\/explora.cl\/tarapaca\/wp-content\/uploads\/sites\/3\/2021\/03\/Explora_DiaAstronomia2021.jpg","width":1200,"height":676},{"@type":"BreadcrumbList","@id":"https:\/\/explora.cl\/tarapaca\/explora-tarapaca-realizara-actividades-virtuales-por-el-dia-de-la-astronomia-2021\/#breadcrumb","itemListElement":[{"@type":"ListItem","position":1,"name":"Portada","item":"https:\/\/explora.cl\/tarapaca\/"},{"@type":"ListItem","position":2,"name":"Explora Tarapac\u00e1 realizar\u00e1 actividades virtuales por el D\u00eda de la Astronom\u00eda 2021"}]},{"@type":"WebSite","@id":"https:\/\/explora.cl\/tarapaca\/#website","url":"https:\/\/explora.cl\/tarapaca\/","name":"Tarapaca","description":"Otro sitio m\u00e1s de explora.cl","potentialAction":[{"@type":"SearchAction","target":{"@type":"EntryPoint","urlTemplate":"https:\/\/explora.cl\/tarapaca\/?s={search_term_string}"},"query-input":{"@type":"PropertyValueSpecification","valueRequired":true,"valueName":"search_term_string"}}],"inLanguage":"es-CL"},{"@type":"Person","@id":"https:\/\/explora.cl\/tarapaca\/#\/schema\/person\/ca04f8a8f8e25243bd462d34eb1ca505","name":"admintarapaca","image":{"@type":"ImageObject","inLanguage":"es-CL","@id":"https:\/\/explora.cl\/tarapaca\/#\/schema\/person\/image\/","url":"https:\/\/secure.gravatar.com\/avatar\/8ff4762fabbf7a1732a126425c82d628f08ba754529d77a55358cbb74e14343f?s=96&d=mm&r=g","contentUrl":"https:\/\/secure.gravatar.com\/avatar\/8ff4762fabbf7a1732a126425c82d628f08ba754529d77a55358cbb74e14343f?s=96&d=mm&r=g","caption":"admintarapaca"},"url":"https:\/\/explora.cl\/tarapaca\/author\/dolivares\/"}]}},"_links":{"self":[{"href":"https:\/\/explora.cl\/tarapaca\/wp-json\/wp\/v2\/posts\/39231","targetHints":{"allow":["GET"]}}],"collection":[{"href":"https:\/\/explora.cl\/tarapaca\/wp-json\/wp\/v2\/posts"}],"about":[{"href":"https:\/\/explora.cl\/tarapaca\/wp-json\/wp\/v2\/types\/post"}],"author":[{"embeddable":true,"href":"https:\/\/explora.cl\/tarapaca\/wp-json\/wp\/v2\/users\/18"}],"replies":[{"embeddable":true,"href":"https:\/\/explora.cl\/tarapaca\/wp-json\/wp\/v2\/comments?post=39231"}],"version-history":[{"count":1,"href":"https:\/\/explora.cl\/tarapaca\/wp-json\/wp\/v2\/posts\/39231\/revisions"}],"predecessor-version":[{"id":39233,"href":"https:\/\/explora.cl\/tarapaca\/wp-json\/wp\/v2\/posts\/39231\/revisions\/39233"}],"wp:featuredmedia":[{"embeddable":true,"href":"https:\/\/explora.cl\/tarapaca\/wp-json\/wp\/v2\/media\/39232"}],"wp:attachment":[{"href":"https:\/\/explora.cl\/tarapaca\/wp-json\/wp\/v2\/media?parent=39231"}],"wp:term":[{"taxonomy":"category","embeddable":true,"href":"https:\/\/explora.cl\/tarapaca\/wp-json\/wp\/v2\/categories?post=39231"},{"taxonomy":"post_tag","embeddable":true,"href":"https:\/\/explora.cl\/tarapaca\/wp-json\/wp\/v2\/tags?post=39231"}],"curies":[{"name":"wp","href":"https:\/\/api.w.org\/{rel}","templated":true}]}}