{"id":39216,"date":"2021-03-08T19:23:08","date_gmt":"2021-03-08T22:23:08","guid":{"rendered":"https:\/\/explora.cl\/tarapaca\/?p=39216"},"modified":"2021-03-12T18:33:37","modified_gmt":"2021-03-12T21:33:37","slug":"miercoles-10-de-marzo-charla-la-participacion-de-nna-en-nuestra-sociedad-un-espacio-de-luces-y-sombras","status":"publish","type":"post","link":"https:\/\/explora.cl\/tarapaca\/miercoles-10-de-marzo-charla-la-participacion-de-nna-en-nuestra-sociedad-un-espacio-de-luces-y-sombras\/","title":{"rendered":"Mi\u00e9rcoles 10 de marzo: Charla \u201cLa participaci\u00f3n de NNA en nuestra sociedad. Un espacio de luces y sombras\u201d"},"content":{"rendered":"<h3>\u00a1Atenci\u00f3n comunidad de la Regi\u00f3n de Tarapac\u00e1 y de Chile!<\/h3>\n<p>Los\/as invitamos a participar en la<b>\u00a0Charla EN VIVO\u00a0<\/b><b>\u201cLa participaci\u00f3n de NNA en nuestra sociedad. Un espacio de luces y sombras\u201d<\/b>, actividad de la iniciativa Ciencia Abierta y que ser\u00e1 dictada por la especialista Yasna Godoy Henr\u00edquez, Magister en Educaci\u00f3n Superior. M\u00e1ster y Doctora en Derecho. Directora General de la Sede Iquique de la Universidad de Tarapac\u00e1.<\/p>\n<p>En la charla podr\u00e1s realizar consultas en vivo a trav\u00e9s de los comentarios de la transmisi\u00f3n, y ser\u00e1n respondidas al finalizar la presentaci\u00f3n.<\/p>\n<p><strong>\u00bfCu\u00e1ndo?<\/strong><\/p>\n<p>Mi\u00e9rcoles 10 de Marzo<\/p>\n<p>17:00 horas<\/p>\n<p><strong>\u00bfD\u00f3nde?<\/strong><\/p>\n<p>Por\u00a0<strong><a href=\"https:\/\/www.facebook.com\/exploratarapaca\">Facebook Live de Explora Tarapac\u00e1<\/a><\/strong>\u00a0y\u00a0<strong><a href=\"https:\/\/www.youtube.com\/exploratarapaca\">Youtube de Explora Tarapac\u00e1<\/a><\/strong><\/p>\n<p><strong>P\u00fablico objetivo<\/strong><\/p>\n<p>Estudiantes de educaci\u00f3n b\u00e1sica, media y comunidad general.<\/p>\n<div class=\"o9v6fnle cxmmr5t8 oygrvhab hcukyx3x c1et5uql ii04i59q\">\n<div dir=\"auto\"><strong>Est\u00e1 actividad cuenta con servicio de interpretaci\u00f3n en lengua de se\u00f1as chilena y espa\u00f1ol.\u00a0<\/strong><\/div>\n<div dir=\"auto\"><\/div>\n<\/div>\n<div class=\"o9v6fnle cxmmr5t8 oygrvhab hcukyx3x c1et5uql ii04i59q\">\n<div dir=\"auto\">Esta iniciativa es organizada por la Universidad de Tarapac\u00e1 Iquique a trav\u00e9s de su proyecto Explora Tarapac\u00e1 del Ministerio de Ciencia, Tecnolog\u00eda, Conocimiento e Innovaci\u00f3n<\/div>\n<\/div>\n","protected":false},"excerpt":{"rendered":"<p>Los\/as invitamos a participar en la Charla EN VIVO \u201cLa participaci\u00f3n de NNA en nuestra sociedad. Un espacio de luces y sombras\u201d, actividad de la iniciativa Ciencia Abierta y que ser\u00e1 dictada por la especialista Yasna Godoy Henr\u00edquez, Magister en Educaci\u00f3n Superior. M\u00e1ster y Doctora en Derecho. Directora General de la Sede Iquique de la Universidad de Tarapac\u00e1.<\/p>\n","protected":false},"author":18,"featured_media":39217,"comment_status":"open","ping_status":"open","sticky":false,"template":"","format":"standard","meta":{"_acf_changed":false,"_exactmetrics_skip_tracking":false,"_exactmetrics_sitenote_active":false,"_exactmetrics_sitenote_note":"","_exactmetrics_sitenote_category":0,"footnotes":"","_links_to":"","_links_to_target":""},"categories":[151],"tags":[39,107,155,195,194,234,157,215],"class_list":["post-39216","post","type-post","status-publish","format-standard","has-post-thumbnail","hentry","category-banner","tag-adolescentes","tag-ciencia","tag-iquique","tag-ninas","tag-ninos","tag-nna","tag-tarapaca","tag-uta-iquique"],"acf":[],"yoast_head":"<!-- This site is optimized with the Yoast SEO plugin v26.9 - https:\/\/yoast.com\/product\/yoast-seo-wordpress\/ -->\n<title>Mi\u00e9rcoles 10 de marzo: Charla \u201cLa participaci\u00f3n de NNA en nuestra sociedad. Un espacio de luces y sombras\u201d - Tarapaca<\/title>\n<meta name=\"robots\" content=\"index, follow, max-snippet:-1, max-image-preview:large, max-video-preview:-1\" \/>\n<link rel=\"canonical\" href=\"https:\/\/explora.cl\/tarapaca\/miercoles-10-de-marzo-charla-la-participacion-de-nna-en-nuestra-sociedad-un-espacio-de-luces-y-sombras\/\" class=\"yoast-seo-meta-tag\" \/>\n<meta property=\"og:locale\" content=\"es_ES\" class=\"yoast-seo-meta-tag\" \/>\n<meta property=\"og:type\" content=\"article\" class=\"yoast-seo-meta-tag\" \/>\n<meta property=\"og:title\" content=\"Mi\u00e9rcoles 10 de marzo: Charla \u201cLa participaci\u00f3n de NNA en nuestra sociedad. Un espacio de luces y sombras\u201d - Tarapaca\" class=\"yoast-seo-meta-tag\" \/>\n<meta property=\"og:description\" content=\"Los\/as invitamos a participar en la Charla EN VIVO \u201cLa participaci\u00f3n de NNA en nuestra sociedad. Un espacio de luces y sombras\u201d, actividad de la iniciativa Ciencia Abierta y que ser\u00e1 dictada por la especialista Yasna Godoy Henr\u00edquez, Magister en Educaci\u00f3n Superior. M\u00e1ster y Doctora en Derecho. Directora General de la Sede Iquique de la Universidad de Tarapac\u00e1.\" class=\"yoast-seo-meta-tag\" \/>\n<meta property=\"og:url\" content=\"https:\/\/explora.cl\/tarapaca\/miercoles-10-de-marzo-charla-la-participacion-de-nna-en-nuestra-sociedad-un-espacio-de-luces-y-sombras\/\" class=\"yoast-seo-meta-tag\" \/>\n<meta property=\"og:site_name\" content=\"Tarapaca\" class=\"yoast-seo-meta-tag\" \/>\n<meta property=\"article:published_time\" content=\"2021-03-08T22:23:08+00:00\" class=\"yoast-seo-meta-tag\" \/>\n<meta property=\"article:modified_time\" content=\"2021-03-12T21:33:37+00:00\" class=\"yoast-seo-meta-tag\" \/>\n<meta property=\"og:image\" content=\"https:\/\/explora.cl\/tarapaca\/wp-content\/uploads\/sites\/3\/2021\/03\/10marzo_directorayasna.jpg\" class=\"yoast-seo-meta-tag\" \/>\n\t<meta property=\"og:image:width\" content=\"4000\" class=\"yoast-seo-meta-tag\" \/>\n\t<meta property=\"og:image:height\" content=\"2251\" class=\"yoast-seo-meta-tag\" \/>\n\t<meta property=\"og:image:type\" content=\"image\/jpeg\" class=\"yoast-seo-meta-tag\" \/>\n<meta name=\"author\" content=\"admintarapaca\" class=\"yoast-seo-meta-tag\" \/>\n<meta name=\"twitter:card\" content=\"summary_large_image\" class=\"yoast-seo-meta-tag\" \/>\n<meta name=\"twitter:label1\" content=\"Escrito por\" class=\"yoast-seo-meta-tag\" \/>\n\t<meta name=\"twitter:data1\" content=\"admintarapaca\" class=\"yoast-seo-meta-tag\" \/>\n\t<meta name=\"twitter:label2\" content=\"Tiempo estimado de lectura\" class=\"yoast-seo-meta-tag\" \/>\n\t<meta name=\"twitter:data2\" content=\"1 minuto\" class=\"yoast-seo-meta-tag\" \/>\n<script type=\"application\/ld+json\" class=\"yoast-schema-graph\">{\"@context\":\"https:\/\/schema.org\",\"@graph\":[{\"@type\":\"Article\",\"@id\":\"https:\/\/explora.cl\/tarapaca\/miercoles-10-de-marzo-charla-la-participacion-de-nna-en-nuestra-sociedad-un-espacio-de-luces-y-sombras\/#article\",\"isPartOf\":{\"@id\":\"https:\/\/explora.cl\/tarapaca\/miercoles-10-de-marzo-charla-la-participacion-de-nna-en-nuestra-sociedad-un-espacio-de-luces-y-sombras\/\"},\"author\":{\"name\":\"admintarapaca\",\"@id\":\"https:\/\/explora.cl\/tarapaca\/#\/schema\/person\/ca04f8a8f8e25243bd462d34eb1ca505\"},\"headline\":\"Mi\u00e9rcoles 10 de marzo: Charla \u201cLa participaci\u00f3n de NNA en nuestra sociedad. Un espacio de luces y sombras\u201d\",\"datePublished\":\"2021-03-08T22:23:08+00:00\",\"dateModified\":\"2021-03-12T21:33:37+00:00\",\"mainEntityOfPage\":{\"@id\":\"https:\/\/explora.cl\/tarapaca\/miercoles-10-de-marzo-charla-la-participacion-de-nna-en-nuestra-sociedad-un-espacio-de-luces-y-sombras\/\"},\"wordCount\":200,\"commentCount\":0,\"image\":{\"@id\":\"https:\/\/explora.cl\/tarapaca\/miercoles-10-de-marzo-charla-la-participacion-de-nna-en-nuestra-sociedad-un-espacio-de-luces-y-sombras\/#primaryimage\"},\"thumbnailUrl\":\"https:\/\/explora.cl\/tarapaca\/wp-content\/uploads\/sites\/3\/2021\/03\/10marzo_directorayasna.jpg\",\"keywords\":[\"adolescentes\",\"ciencia\",\"iquique,\",\"Ni\u00f1as\",\"Ni\u00f1os\",\"NNA\",\"tarapac\u00e1,\",\"UTA Iquique\"],\"articleSection\":[\"Banner\"],\"inLanguage\":\"es-CL\",\"potentialAction\":[{\"@type\":\"CommentAction\",\"name\":\"Comment\",\"target\":[\"https:\/\/explora.cl\/tarapaca\/miercoles-10-de-marzo-charla-la-participacion-de-nna-en-nuestra-sociedad-un-espacio-de-luces-y-sombras\/#respond\"]}]},{\"@type\":\"WebPage\",\"@id\":\"https:\/\/explora.cl\/tarapaca\/miercoles-10-de-marzo-charla-la-participacion-de-nna-en-nuestra-sociedad-un-espacio-de-luces-y-sombras\/\",\"url\":\"https:\/\/explora.cl\/tarapaca\/miercoles-10-de-marzo-charla-la-participacion-de-nna-en-nuestra-sociedad-un-espacio-de-luces-y-sombras\/\",\"name\":\"Mi\u00e9rcoles 10 de marzo: Charla \u201cLa participaci\u00f3n de NNA en nuestra sociedad. Un espacio de luces y sombras\u201d - Tarapaca\",\"isPartOf\":{\"@id\":\"https:\/\/explora.cl\/tarapaca\/#website\"},\"primaryImageOfPage\":{\"@id\":\"https:\/\/explora.cl\/tarapaca\/miercoles-10-de-marzo-charla-la-participacion-de-nna-en-nuestra-sociedad-un-espacio-de-luces-y-sombras\/#primaryimage\"},\"image\":{\"@id\":\"https:\/\/explora.cl\/tarapaca\/miercoles-10-de-marzo-charla-la-participacion-de-nna-en-nuestra-sociedad-un-espacio-de-luces-y-sombras\/#primaryimage\"},\"thumbnailUrl\":\"https:\/\/explora.cl\/tarapaca\/wp-content\/uploads\/sites\/3\/2021\/03\/10marzo_directorayasna.jpg\",\"datePublished\":\"2021-03-08T22:23:08+00:00\",\"dateModified\":\"2021-03-12T21:33:37+00:00\",\"author\":{\"@id\":\"https:\/\/explora.cl\/tarapaca\/#\/schema\/person\/ca04f8a8f8e25243bd462d34eb1ca505\"},\"breadcrumb\":{\"@id\":\"https:\/\/explora.cl\/tarapaca\/miercoles-10-de-marzo-charla-la-participacion-de-nna-en-nuestra-sociedad-un-espacio-de-luces-y-sombras\/#breadcrumb\"},\"inLanguage\":\"es-CL\",\"potentialAction\":[{\"@type\":\"ReadAction\",\"target\":[\"https:\/\/explora.cl\/tarapaca\/miercoles-10-de-marzo-charla-la-participacion-de-nna-en-nuestra-sociedad-un-espacio-de-luces-y-sombras\/\"]}]},{\"@type\":\"ImageObject\",\"inLanguage\":\"es-CL\",\"@id\":\"https:\/\/explora.cl\/tarapaca\/miercoles-10-de-marzo-charla-la-participacion-de-nna-en-nuestra-sociedad-un-espacio-de-luces-y-sombras\/#primaryimage\",\"url\":\"https:\/\/explora.cl\/tarapaca\/wp-content\/uploads\/sites\/3\/2021\/03\/10marzo_directorayasna.jpg\",\"contentUrl\":\"https:\/\/explora.cl\/tarapaca\/wp-content\/uploads\/sites\/3\/2021\/03\/10marzo_directorayasna.jpg\",\"width\":4000,\"height\":2251},{\"@type\":\"BreadcrumbList\",\"@id\":\"https:\/\/explora.cl\/tarapaca\/miercoles-10-de-marzo-charla-la-participacion-de-nna-en-nuestra-sociedad-un-espacio-de-luces-y-sombras\/#breadcrumb\",\"itemListElement\":[{\"@type\":\"ListItem\",\"position\":1,\"name\":\"Portada\",\"item\":\"https:\/\/explora.cl\/tarapaca\/\"},{\"@type\":\"ListItem\",\"position\":2,\"name\":\"Mi\u00e9rcoles 10 de marzo: Charla \u201cLa participaci\u00f3n de NNA en nuestra sociedad. Un espacio de luces y sombras\u201d\"}]},{\"@type\":\"WebSite\",\"@id\":\"https:\/\/explora.cl\/tarapaca\/#website\",\"url\":\"https:\/\/explora.cl\/tarapaca\/\",\"name\":\"Tarapaca\",\"description\":\"Otro sitio m\u00e1s de explora.cl\",\"potentialAction\":[{\"@type\":\"SearchAction\",\"target\":{\"@type\":\"EntryPoint\",\"urlTemplate\":\"https:\/\/explora.cl\/tarapaca\/?s={search_term_string}\"},\"query-input\":{\"@type\":\"PropertyValueSpecification\",\"valueRequired\":true,\"valueName\":\"search_term_string\"}}],\"inLanguage\":\"es-CL\"},{\"@type\":\"Person\",\"@id\":\"https:\/\/explora.cl\/tarapaca\/#\/schema\/person\/ca04f8a8f8e25243bd462d34eb1ca505\",\"name\":\"admintarapaca\",\"image\":{\"@type\":\"ImageObject\",\"inLanguage\":\"es-CL\",\"@id\":\"https:\/\/explora.cl\/tarapaca\/#\/schema\/person\/image\/\",\"url\":\"https:\/\/secure.gravatar.com\/avatar\/8ff4762fabbf7a1732a126425c82d628f08ba754529d77a55358cbb74e14343f?s=96&d=mm&r=g\",\"contentUrl\":\"https:\/\/secure.gravatar.com\/avatar\/8ff4762fabbf7a1732a126425c82d628f08ba754529d77a55358cbb74e14343f?s=96&d=mm&r=g\",\"caption\":\"admintarapaca\"},\"url\":\"https:\/\/explora.cl\/tarapaca\/author\/dolivares\/\"}]}<\/script>\n<!-- \/ Yoast SEO plugin. -->","yoast_head_json":{"title":"Mi\u00e9rcoles 10 de marzo: Charla \u201cLa participaci\u00f3n de NNA en nuestra sociedad. Un espacio de luces y sombras\u201d - Tarapaca","robots":{"index":"index","follow":"follow","max-snippet":"max-snippet:-1","max-image-preview":"max-image-preview:large","max-video-preview":"max-video-preview:-1"},"canonical":"https:\/\/explora.cl\/tarapaca\/miercoles-10-de-marzo-charla-la-participacion-de-nna-en-nuestra-sociedad-un-espacio-de-luces-y-sombras\/","og_locale":"es_ES","og_type":"article","og_title":"Mi\u00e9rcoles 10 de marzo: Charla \u201cLa participaci\u00f3n de NNA en nuestra sociedad. Un espacio de luces y sombras\u201d - Tarapaca","og_description":"Los\/as invitamos a participar en la Charla EN VIVO \u201cLa participaci\u00f3n de NNA en nuestra sociedad. Un espacio de luces y sombras\u201d, actividad de la iniciativa Ciencia Abierta y que ser\u00e1 dictada por la especialista Yasna Godoy Henr\u00edquez, Magister en Educaci\u00f3n Superior. M\u00e1ster y Doctora en Derecho. Directora General de la Sede Iquique de la Universidad de Tarapac\u00e1.","og_url":"https:\/\/explora.cl\/tarapaca\/miercoles-10-de-marzo-charla-la-participacion-de-nna-en-nuestra-sociedad-un-espacio-de-luces-y-sombras\/","og_site_name":"Tarapaca","article_published_time":"2021-03-08T22:23:08+00:00","article_modified_time":"2021-03-12T21:33:37+00:00","og_image":[{"width":4000,"height":2251,"url":"https:\/\/explora.cl\/tarapaca\/wp-content\/uploads\/sites\/3\/2021\/03\/10marzo_directorayasna.jpg","type":"image\/jpeg"}],"author":"admintarapaca","twitter_card":"summary_large_image","twitter_misc":{"Escrito por":"admintarapaca","Tiempo estimado de lectura":"1 minuto"},"schema":{"@context":"https:\/\/schema.org","@graph":[{"@type":"Article","@id":"https:\/\/explora.cl\/tarapaca\/miercoles-10-de-marzo-charla-la-participacion-de-nna-en-nuestra-sociedad-un-espacio-de-luces-y-sombras\/#article","isPartOf":{"@id":"https:\/\/explora.cl\/tarapaca\/miercoles-10-de-marzo-charla-la-participacion-de-nna-en-nuestra-sociedad-un-espacio-de-luces-y-sombras\/"},"author":{"name":"admintarapaca","@id":"https:\/\/explora.cl\/tarapaca\/#\/schema\/person\/ca04f8a8f8e25243bd462d34eb1ca505"},"headline":"Mi\u00e9rcoles 10 de marzo: Charla \u201cLa participaci\u00f3n de NNA en nuestra sociedad. Un espacio de luces y sombras\u201d","datePublished":"2021-03-08T22:23:08+00:00","dateModified":"2021-03-12T21:33:37+00:00","mainEntityOfPage":{"@id":"https:\/\/explora.cl\/tarapaca\/miercoles-10-de-marzo-charla-la-participacion-de-nna-en-nuestra-sociedad-un-espacio-de-luces-y-sombras\/"},"wordCount":200,"commentCount":0,"image":{"@id":"https:\/\/explora.cl\/tarapaca\/miercoles-10-de-marzo-charla-la-participacion-de-nna-en-nuestra-sociedad-un-espacio-de-luces-y-sombras\/#primaryimage"},"thumbnailUrl":"https:\/\/explora.cl\/tarapaca\/wp-content\/uploads\/sites\/3\/2021\/03\/10marzo_directorayasna.jpg","keywords":["adolescentes","ciencia","iquique,","Ni\u00f1as","Ni\u00f1os","NNA","tarapac\u00e1,","UTA Iquique"],"articleSection":["Banner"],"inLanguage":"es-CL","potentialAction":[{"@type":"CommentAction","name":"Comment","target":["https:\/\/explora.cl\/tarapaca\/miercoles-10-de-marzo-charla-la-participacion-de-nna-en-nuestra-sociedad-un-espacio-de-luces-y-sombras\/#respond"]}]},{"@type":"WebPage","@id":"https:\/\/explora.cl\/tarapaca\/miercoles-10-de-marzo-charla-la-participacion-de-nna-en-nuestra-sociedad-un-espacio-de-luces-y-sombras\/","url":"https:\/\/explora.cl\/tarapaca\/miercoles-10-de-marzo-charla-la-participacion-de-nna-en-nuestra-sociedad-un-espacio-de-luces-y-sombras\/","name":"Mi\u00e9rcoles 10 de marzo: Charla \u201cLa participaci\u00f3n de NNA en nuestra sociedad. Un espacio de luces y sombras\u201d - Tarapaca","isPartOf":{"@id":"https:\/\/explora.cl\/tarapaca\/#website"},"primaryImageOfPage":{"@id":"https:\/\/explora.cl\/tarapaca\/miercoles-10-de-marzo-charla-la-participacion-de-nna-en-nuestra-sociedad-un-espacio-de-luces-y-sombras\/#primaryimage"},"image":{"@id":"https:\/\/explora.cl\/tarapaca\/miercoles-10-de-marzo-charla-la-participacion-de-nna-en-nuestra-sociedad-un-espacio-de-luces-y-sombras\/#primaryimage"},"thumbnailUrl":"https:\/\/explora.cl\/tarapaca\/wp-content\/uploads\/sites\/3\/2021\/03\/10marzo_directorayasna.jpg","datePublished":"2021-03-08T22:23:08+00:00","dateModified":"2021-03-12T21:33:37+00:00","author":{"@id":"https:\/\/explora.cl\/tarapaca\/#\/schema\/person\/ca04f8a8f8e25243bd462d34eb1ca505"},"breadcrumb":{"@id":"https:\/\/explora.cl\/tarapaca\/miercoles-10-de-marzo-charla-la-participacion-de-nna-en-nuestra-sociedad-un-espacio-de-luces-y-sombras\/#breadcrumb"},"inLanguage":"es-CL","potentialAction":[{"@type":"ReadAction","target":["https:\/\/explora.cl\/tarapaca\/miercoles-10-de-marzo-charla-la-participacion-de-nna-en-nuestra-sociedad-un-espacio-de-luces-y-sombras\/"]}]},{"@type":"ImageObject","inLanguage":"es-CL","@id":"https:\/\/explora.cl\/tarapaca\/miercoles-10-de-marzo-charla-la-participacion-de-nna-en-nuestra-sociedad-un-espacio-de-luces-y-sombras\/#primaryimage","url":"https:\/\/explora.cl\/tarapaca\/wp-content\/uploads\/sites\/3\/2021\/03\/10marzo_directorayasna.jpg","contentUrl":"https:\/\/explora.cl\/tarapaca\/wp-content\/uploads\/sites\/3\/2021\/03\/10marzo_directorayasna.jpg","width":4000,"height":2251},{"@type":"BreadcrumbList","@id":"https:\/\/explora.cl\/tarapaca\/miercoles-10-de-marzo-charla-la-participacion-de-nna-en-nuestra-sociedad-un-espacio-de-luces-y-sombras\/#breadcrumb","itemListElement":[{"@type":"ListItem","position":1,"name":"Portada","item":"https:\/\/explora.cl\/tarapaca\/"},{"@type":"ListItem","position":2,"name":"Mi\u00e9rcoles 10 de marzo: Charla \u201cLa participaci\u00f3n de NNA en nuestra sociedad. Un espacio de luces y sombras\u201d"}]},{"@type":"WebSite","@id":"https:\/\/explora.cl\/tarapaca\/#website","url":"https:\/\/explora.cl\/tarapaca\/","name":"Tarapaca","description":"Otro sitio m\u00e1s de explora.cl","potentialAction":[{"@type":"SearchAction","target":{"@type":"EntryPoint","urlTemplate":"https:\/\/explora.cl\/tarapaca\/?s={search_term_string}"},"query-input":{"@type":"PropertyValueSpecification","valueRequired":true,"valueName":"search_term_string"}}],"inLanguage":"es-CL"},{"@type":"Person","@id":"https:\/\/explora.cl\/tarapaca\/#\/schema\/person\/ca04f8a8f8e25243bd462d34eb1ca505","name":"admintarapaca","image":{"@type":"ImageObject","inLanguage":"es-CL","@id":"https:\/\/explora.cl\/tarapaca\/#\/schema\/person\/image\/","url":"https:\/\/secure.gravatar.com\/avatar\/8ff4762fabbf7a1732a126425c82d628f08ba754529d77a55358cbb74e14343f?s=96&d=mm&r=g","contentUrl":"https:\/\/secure.gravatar.com\/avatar\/8ff4762fabbf7a1732a126425c82d628f08ba754529d77a55358cbb74e14343f?s=96&d=mm&r=g","caption":"admintarapaca"},"url":"https:\/\/explora.cl\/tarapaca\/author\/dolivares\/"}]}},"_links":{"self":[{"href":"https:\/\/explora.cl\/tarapaca\/wp-json\/wp\/v2\/posts\/39216","targetHints":{"allow":["GET"]}}],"collection":[{"href":"https:\/\/explora.cl\/tarapaca\/wp-json\/wp\/v2\/posts"}],"about":[{"href":"https:\/\/explora.cl\/tarapaca\/wp-json\/wp\/v2\/types\/post"}],"author":[{"embeddable":true,"href":"https:\/\/explora.cl\/tarapaca\/wp-json\/wp\/v2\/users\/18"}],"replies":[{"embeddable":true,"href":"https:\/\/explora.cl\/tarapaca\/wp-json\/wp\/v2\/comments?post=39216"}],"version-history":[{"count":2,"href":"https:\/\/explora.cl\/tarapaca\/wp-json\/wp\/v2\/posts\/39216\/revisions"}],"predecessor-version":[{"id":39219,"href":"https:\/\/explora.cl\/tarapaca\/wp-json\/wp\/v2\/posts\/39216\/revisions\/39219"}],"wp:featuredmedia":[{"embeddable":true,"href":"https:\/\/explora.cl\/tarapaca\/wp-json\/wp\/v2\/media\/39217"}],"wp:attachment":[{"href":"https:\/\/explora.cl\/tarapaca\/wp-json\/wp\/v2\/media?parent=39216"}],"wp:term":[{"taxonomy":"category","embeddable":true,"href":"https:\/\/explora.cl\/tarapaca\/wp-json\/wp\/v2\/categories?post=39216"},{"taxonomy":"post_tag","embeddable":true,"href":"https:\/\/explora.cl\/tarapaca\/wp-json\/wp\/v2\/tags?post=39216"}],"curies":[{"name":"wp","href":"https:\/\/api.w.org\/{rel}","templated":true}]}}