{"id":39191,"date":"2021-02-02T10:00:17","date_gmt":"2021-02-02T13:00:17","guid":{"rendered":"https:\/\/explora.cl\/tarapaca\/?p=39191"},"modified":"2021-03-12T14:33:18","modified_gmt":"2021-03-12T17:33:18","slug":"explora-tarapaca-invita-a-congreso-de-paleontologia-para-ninos-ninas-y-adolescentes","status":"publish","type":"post","link":"https:\/\/explora.cl\/tarapaca\/explora-tarapaca-invita-a-congreso-de-paleontologia-para-ninos-ninas-y-adolescentes\/","title":{"rendered":"Explora Tarapac\u00e1 y MRI invitan a &#8220;Congreso de paleontolog\u00eda para ni\u00f1os, ni\u00f1as y adolescentes&#8221;"},"content":{"rendered":"<p>En el marco del \u201cVerano Virtual Explora 2021\u201d, la Universidad de Tarapac\u00e1 Sede Iquique, a trav\u00e9s de su proyecto Explora Tarapac\u00e1, junto al Museo Regional de Iquique, invitan al &#8220;<strong>Congreso de paleontolog\u00eda para ni\u00f1os, ni\u00f1as y adolescentes&#8221;.<\/strong><\/p>\n<p>La iniciativa invita a ni\u00f1os y ni\u00f1as desde los 10 a los 15 a\u00f1os para acercarse a la paleontolog\u00eda. Las inscripciones se encuentran abiertas hasta el mi\u00e9rcoles 10 de febrero.<\/p>\n<p>Quienes est\u00e9n interesados deben postular con su &#8220;Expresi\u00f3n motivacional&#8221; y su &#8220;documento de derechos de imagen a trav\u00e9s del siguiente enlace: <strong><a href=\"http:\/\/bit.ly\/CongresoPaleo\">http:\/\/bit.ly\/CongresoPaleo\u00a0<\/a><\/strong><\/p>\n<p><strong>\u00a1Participa junto a la UTA, Explora Tarapac\u00e1 y el Club Uni\u00f3n Morro!<\/strong><\/p>\n","protected":false},"excerpt":{"rendered":"<p>En el marco del \u201cVerano Virtual Explora 2021\u201d, la Universidad de Tarapac\u00e1 Sede Iquique, a trav\u00e9s de su proyecto Explora Tarapac\u00e1, junto al Museo Regional de Iquique, invitan al &#8220;Congreso de paleontolog\u00eda para ni\u00f1os, ni\u00f1as y adolescentes&#8221;.<br \/>\nLa iniciativa invita a ni\u00f1os y ni\u00f1as desde los 10 a los 15 a\u00f1os para acercarse a la paleontolog\u00eda. Las inscripciones se encuentran abiertas hasta el mi\u00e9rcoles 10 de febrero.<\/p>\n","protected":false},"author":18,"featured_media":39200,"comment_status":"open","ping_status":"open","sticky":false,"template":"","format":"standard","meta":{"_acf_changed":false,"_exactmetrics_skip_tracking":false,"_exactmetrics_sitenote_active":false,"_exactmetrics_sitenote_note":"","_exactmetrics_sitenote_category":0,"footnotes":"","_links_to":"","_links_to_target":""},"categories":[151],"tags":[232,23,155,196,195,194,233,157,183],"class_list":["post-39191","post","type-post","status-publish","format-standard","has-post-thumbnail","hentry","category-banner","tag-congreso","tag-explora","tag-iquique","tag-jovenes","tag-ninas","tag-ninos","tag-paleontologia","tag-tarapaca","tag-uta"],"acf":[],"yoast_head":"<!-- This site is optimized with the Yoast SEO plugin v26.9 - https:\/\/yoast.com\/product\/yoast-seo-wordpress\/ -->\n<title>Explora Tarapac\u00e1 y MRI invitan a &quot;Congreso de paleontolog\u00eda para ni\u00f1os, ni\u00f1as y adolescentes&quot; - Tarapaca<\/title>\n<meta name=\"robots\" content=\"index, follow, max-snippet:-1, max-image-preview:large, max-video-preview:-1\" \/>\n<link rel=\"canonical\" href=\"https:\/\/explora.cl\/tarapaca\/explora-tarapaca-invita-a-congreso-de-paleontologia-para-ninos-ninas-y-adolescentes\/\" class=\"yoast-seo-meta-tag\" \/>\n<meta property=\"og:locale\" content=\"es_ES\" class=\"yoast-seo-meta-tag\" \/>\n<meta property=\"og:type\" content=\"article\" class=\"yoast-seo-meta-tag\" \/>\n<meta property=\"og:title\" content=\"Explora Tarapac\u00e1 y MRI invitan a &quot;Congreso de paleontolog\u00eda para ni\u00f1os, ni\u00f1as y adolescentes&quot; - Tarapaca\" class=\"yoast-seo-meta-tag\" \/>\n<meta property=\"og:description\" content=\"En el marco del \u201cVerano Virtual Explora 2021\u201d, la Universidad de Tarapac\u00e1 Sede Iquique, a trav\u00e9s de su proyecto Explora Tarapac\u00e1, junto al Museo Regional de Iquique, invitan al &quot;Congreso de paleontolog\u00eda para ni\u00f1os, ni\u00f1as y adolescentes&quot;. La iniciativa invita a ni\u00f1os y ni\u00f1as desde los 10 a los 15 a\u00f1os para acercarse a la paleontolog\u00eda. Las inscripciones se encuentran abiertas hasta el mi\u00e9rcoles 10 de febrero.\" class=\"yoast-seo-meta-tag\" \/>\n<meta property=\"og:url\" content=\"https:\/\/explora.cl\/tarapaca\/explora-tarapaca-invita-a-congreso-de-paleontologia-para-ninos-ninas-y-adolescentes\/\" class=\"yoast-seo-meta-tag\" \/>\n<meta property=\"og:site_name\" content=\"Tarapaca\" class=\"yoast-seo-meta-tag\" \/>\n<meta property=\"article:published_time\" content=\"2021-02-02T13:00:17+00:00\" class=\"yoast-seo-meta-tag\" \/>\n<meta property=\"article:modified_time\" content=\"2021-03-12T17:33:18+00:00\" class=\"yoast-seo-meta-tag\" \/>\n<meta property=\"og:image\" content=\"https:\/\/explora.cl\/tarapaca\/wp-content\/uploads\/sites\/3\/2021\/02\/Congreso_paleo_banner_mri_BAJA.jpg\" class=\"yoast-seo-meta-tag\" \/>\n\t<meta property=\"og:image:width\" content=\"1875\" class=\"yoast-seo-meta-tag\" \/>\n\t<meta property=\"og:image:height\" content=\"714\" class=\"yoast-seo-meta-tag\" \/>\n\t<meta property=\"og:image:type\" content=\"image\/jpeg\" class=\"yoast-seo-meta-tag\" \/>\n<meta name=\"author\" content=\"admintarapaca\" class=\"yoast-seo-meta-tag\" \/>\n<meta name=\"twitter:card\" content=\"summary_large_image\" class=\"yoast-seo-meta-tag\" \/>\n<meta name=\"twitter:label1\" content=\"Escrito por\" class=\"yoast-seo-meta-tag\" \/>\n\t<meta name=\"twitter:data1\" content=\"admintarapaca\" class=\"yoast-seo-meta-tag\" \/>\n\t<meta name=\"twitter:label2\" content=\"Tiempo estimado de lectura\" class=\"yoast-seo-meta-tag\" \/>\n\t<meta name=\"twitter:data2\" content=\"1 minuto\" class=\"yoast-seo-meta-tag\" \/>\n<script type=\"application\/ld+json\" class=\"yoast-schema-graph\">{\"@context\":\"https:\/\/schema.org\",\"@graph\":[{\"@type\":\"Article\",\"@id\":\"https:\/\/explora.cl\/tarapaca\/explora-tarapaca-invita-a-congreso-de-paleontologia-para-ninos-ninas-y-adolescentes\/#article\",\"isPartOf\":{\"@id\":\"https:\/\/explora.cl\/tarapaca\/explora-tarapaca-invita-a-congreso-de-paleontologia-para-ninos-ninas-y-adolescentes\/\"},\"author\":{\"name\":\"admintarapaca\",\"@id\":\"https:\/\/explora.cl\/tarapaca\/#\/schema\/person\/ca04f8a8f8e25243bd462d34eb1ca505\"},\"headline\":\"Explora Tarapac\u00e1 y MRI invitan a &#8220;Congreso de paleontolog\u00eda para ni\u00f1os, ni\u00f1as y adolescentes&#8221;\",\"datePublished\":\"2021-02-02T13:00:17+00:00\",\"dateModified\":\"2021-03-12T17:33:18+00:00\",\"mainEntityOfPage\":{\"@id\":\"https:\/\/explora.cl\/tarapaca\/explora-tarapaca-invita-a-congreso-de-paleontologia-para-ninos-ninas-y-adolescentes\/\"},\"wordCount\":130,\"commentCount\":0,\"image\":{\"@id\":\"https:\/\/explora.cl\/tarapaca\/explora-tarapaca-invita-a-congreso-de-paleontologia-para-ninos-ninas-y-adolescentes\/#primaryimage\"},\"thumbnailUrl\":\"https:\/\/explora.cl\/tarapaca\/wp-content\/uploads\/sites\/3\/2021\/02\/Congreso_paleo_banner_mri_BAJA.jpg\",\"keywords\":[\"Congreso\",\"EXPLORA\",\"iquique,\",\"J\u00f3venes\",\"Ni\u00f1as\",\"Ni\u00f1os\",\"Paleontolog\u00eda\",\"tarapac\u00e1,\",\"UTA\"],\"articleSection\":[\"Banner\"],\"inLanguage\":\"es-CL\",\"potentialAction\":[{\"@type\":\"CommentAction\",\"name\":\"Comment\",\"target\":[\"https:\/\/explora.cl\/tarapaca\/explora-tarapaca-invita-a-congreso-de-paleontologia-para-ninos-ninas-y-adolescentes\/#respond\"]}]},{\"@type\":\"WebPage\",\"@id\":\"https:\/\/explora.cl\/tarapaca\/explora-tarapaca-invita-a-congreso-de-paleontologia-para-ninos-ninas-y-adolescentes\/\",\"url\":\"https:\/\/explora.cl\/tarapaca\/explora-tarapaca-invita-a-congreso-de-paleontologia-para-ninos-ninas-y-adolescentes\/\",\"name\":\"Explora Tarapac\u00e1 y MRI invitan a \\\"Congreso de paleontolog\u00eda para ni\u00f1os, ni\u00f1as y adolescentes\\\" - Tarapaca\",\"isPartOf\":{\"@id\":\"https:\/\/explora.cl\/tarapaca\/#website\"},\"primaryImageOfPage\":{\"@id\":\"https:\/\/explora.cl\/tarapaca\/explora-tarapaca-invita-a-congreso-de-paleontologia-para-ninos-ninas-y-adolescentes\/#primaryimage\"},\"image\":{\"@id\":\"https:\/\/explora.cl\/tarapaca\/explora-tarapaca-invita-a-congreso-de-paleontologia-para-ninos-ninas-y-adolescentes\/#primaryimage\"},\"thumbnailUrl\":\"https:\/\/explora.cl\/tarapaca\/wp-content\/uploads\/sites\/3\/2021\/02\/Congreso_paleo_banner_mri_BAJA.jpg\",\"datePublished\":\"2021-02-02T13:00:17+00:00\",\"dateModified\":\"2021-03-12T17:33:18+00:00\",\"author\":{\"@id\":\"https:\/\/explora.cl\/tarapaca\/#\/schema\/person\/ca04f8a8f8e25243bd462d34eb1ca505\"},\"breadcrumb\":{\"@id\":\"https:\/\/explora.cl\/tarapaca\/explora-tarapaca-invita-a-congreso-de-paleontologia-para-ninos-ninas-y-adolescentes\/#breadcrumb\"},\"inLanguage\":\"es-CL\",\"potentialAction\":[{\"@type\":\"ReadAction\",\"target\":[\"https:\/\/explora.cl\/tarapaca\/explora-tarapaca-invita-a-congreso-de-paleontologia-para-ninos-ninas-y-adolescentes\/\"]}]},{\"@type\":\"ImageObject\",\"inLanguage\":\"es-CL\",\"@id\":\"https:\/\/explora.cl\/tarapaca\/explora-tarapaca-invita-a-congreso-de-paleontologia-para-ninos-ninas-y-adolescentes\/#primaryimage\",\"url\":\"https:\/\/explora.cl\/tarapaca\/wp-content\/uploads\/sites\/3\/2021\/02\/Congreso_paleo_banner_mri_BAJA.jpg\",\"contentUrl\":\"https:\/\/explora.cl\/tarapaca\/wp-content\/uploads\/sites\/3\/2021\/02\/Congreso_paleo_banner_mri_BAJA.jpg\",\"width\":1875,\"height\":714},{\"@type\":\"BreadcrumbList\",\"@id\":\"https:\/\/explora.cl\/tarapaca\/explora-tarapaca-invita-a-congreso-de-paleontologia-para-ninos-ninas-y-adolescentes\/#breadcrumb\",\"itemListElement\":[{\"@type\":\"ListItem\",\"position\":1,\"name\":\"Portada\",\"item\":\"https:\/\/explora.cl\/tarapaca\/\"},{\"@type\":\"ListItem\",\"position\":2,\"name\":\"Explora Tarapac\u00e1 y MRI invitan a &#8220;Congreso de paleontolog\u00eda para ni\u00f1os, ni\u00f1as y adolescentes&#8221;\"}]},{\"@type\":\"WebSite\",\"@id\":\"https:\/\/explora.cl\/tarapaca\/#website\",\"url\":\"https:\/\/explora.cl\/tarapaca\/\",\"name\":\"Tarapaca\",\"description\":\"Otro sitio m\u00e1s de explora.cl\",\"potentialAction\":[{\"@type\":\"SearchAction\",\"target\":{\"@type\":\"EntryPoint\",\"urlTemplate\":\"https:\/\/explora.cl\/tarapaca\/?s={search_term_string}\"},\"query-input\":{\"@type\":\"PropertyValueSpecification\",\"valueRequired\":true,\"valueName\":\"search_term_string\"}}],\"inLanguage\":\"es-CL\"},{\"@type\":\"Person\",\"@id\":\"https:\/\/explora.cl\/tarapaca\/#\/schema\/person\/ca04f8a8f8e25243bd462d34eb1ca505\",\"name\":\"admintarapaca\",\"image\":{\"@type\":\"ImageObject\",\"inLanguage\":\"es-CL\",\"@id\":\"https:\/\/explora.cl\/tarapaca\/#\/schema\/person\/image\/\",\"url\":\"https:\/\/secure.gravatar.com\/avatar\/8ff4762fabbf7a1732a126425c82d628f08ba754529d77a55358cbb74e14343f?s=96&d=mm&r=g\",\"contentUrl\":\"https:\/\/secure.gravatar.com\/avatar\/8ff4762fabbf7a1732a126425c82d628f08ba754529d77a55358cbb74e14343f?s=96&d=mm&r=g\",\"caption\":\"admintarapaca\"},\"url\":\"https:\/\/explora.cl\/tarapaca\/author\/dolivares\/\"}]}<\/script>\n<!-- \/ Yoast SEO plugin. -->","yoast_head_json":{"title":"Explora Tarapac\u00e1 y MRI invitan a \"Congreso de paleontolog\u00eda para ni\u00f1os, ni\u00f1as y adolescentes\" - Tarapaca","robots":{"index":"index","follow":"follow","max-snippet":"max-snippet:-1","max-image-preview":"max-image-preview:large","max-video-preview":"max-video-preview:-1"},"canonical":"https:\/\/explora.cl\/tarapaca\/explora-tarapaca-invita-a-congreso-de-paleontologia-para-ninos-ninas-y-adolescentes\/","og_locale":"es_ES","og_type":"article","og_title":"Explora Tarapac\u00e1 y MRI invitan a \"Congreso de paleontolog\u00eda para ni\u00f1os, ni\u00f1as y adolescentes\" - Tarapaca","og_description":"En el marco del \u201cVerano Virtual Explora 2021\u201d, la Universidad de Tarapac\u00e1 Sede Iquique, a trav\u00e9s de su proyecto Explora Tarapac\u00e1, junto al Museo Regional de Iquique, invitan al \"Congreso de paleontolog\u00eda para ni\u00f1os, ni\u00f1as y adolescentes\". La iniciativa invita a ni\u00f1os y ni\u00f1as desde los 10 a los 15 a\u00f1os para acercarse a la paleontolog\u00eda. Las inscripciones se encuentran abiertas hasta el mi\u00e9rcoles 10 de febrero.","og_url":"https:\/\/explora.cl\/tarapaca\/explora-tarapaca-invita-a-congreso-de-paleontologia-para-ninos-ninas-y-adolescentes\/","og_site_name":"Tarapaca","article_published_time":"2021-02-02T13:00:17+00:00","article_modified_time":"2021-03-12T17:33:18+00:00","og_image":[{"width":1875,"height":714,"url":"https:\/\/explora.cl\/tarapaca\/wp-content\/uploads\/sites\/3\/2021\/02\/Congreso_paleo_banner_mri_BAJA.jpg","type":"image\/jpeg"}],"author":"admintarapaca","twitter_card":"summary_large_image","twitter_misc":{"Escrito por":"admintarapaca","Tiempo estimado de lectura":"1 minuto"},"schema":{"@context":"https:\/\/schema.org","@graph":[{"@type":"Article","@id":"https:\/\/explora.cl\/tarapaca\/explora-tarapaca-invita-a-congreso-de-paleontologia-para-ninos-ninas-y-adolescentes\/#article","isPartOf":{"@id":"https:\/\/explora.cl\/tarapaca\/explora-tarapaca-invita-a-congreso-de-paleontologia-para-ninos-ninas-y-adolescentes\/"},"author":{"name":"admintarapaca","@id":"https:\/\/explora.cl\/tarapaca\/#\/schema\/person\/ca04f8a8f8e25243bd462d34eb1ca505"},"headline":"Explora Tarapac\u00e1 y MRI invitan a &#8220;Congreso de paleontolog\u00eda para ni\u00f1os, ni\u00f1as y adolescentes&#8221;","datePublished":"2021-02-02T13:00:17+00:00","dateModified":"2021-03-12T17:33:18+00:00","mainEntityOfPage":{"@id":"https:\/\/explora.cl\/tarapaca\/explora-tarapaca-invita-a-congreso-de-paleontologia-para-ninos-ninas-y-adolescentes\/"},"wordCount":130,"commentCount":0,"image":{"@id":"https:\/\/explora.cl\/tarapaca\/explora-tarapaca-invita-a-congreso-de-paleontologia-para-ninos-ninas-y-adolescentes\/#primaryimage"},"thumbnailUrl":"https:\/\/explora.cl\/tarapaca\/wp-content\/uploads\/sites\/3\/2021\/02\/Congreso_paleo_banner_mri_BAJA.jpg","keywords":["Congreso","EXPLORA","iquique,","J\u00f3venes","Ni\u00f1as","Ni\u00f1os","Paleontolog\u00eda","tarapac\u00e1,","UTA"],"articleSection":["Banner"],"inLanguage":"es-CL","potentialAction":[{"@type":"CommentAction","name":"Comment","target":["https:\/\/explora.cl\/tarapaca\/explora-tarapaca-invita-a-congreso-de-paleontologia-para-ninos-ninas-y-adolescentes\/#respond"]}]},{"@type":"WebPage","@id":"https:\/\/explora.cl\/tarapaca\/explora-tarapaca-invita-a-congreso-de-paleontologia-para-ninos-ninas-y-adolescentes\/","url":"https:\/\/explora.cl\/tarapaca\/explora-tarapaca-invita-a-congreso-de-paleontologia-para-ninos-ninas-y-adolescentes\/","name":"Explora Tarapac\u00e1 y MRI invitan a \"Congreso de paleontolog\u00eda para ni\u00f1os, ni\u00f1as y adolescentes\" - Tarapaca","isPartOf":{"@id":"https:\/\/explora.cl\/tarapaca\/#website"},"primaryImageOfPage":{"@id":"https:\/\/explora.cl\/tarapaca\/explora-tarapaca-invita-a-congreso-de-paleontologia-para-ninos-ninas-y-adolescentes\/#primaryimage"},"image":{"@id":"https:\/\/explora.cl\/tarapaca\/explora-tarapaca-invita-a-congreso-de-paleontologia-para-ninos-ninas-y-adolescentes\/#primaryimage"},"thumbnailUrl":"https:\/\/explora.cl\/tarapaca\/wp-content\/uploads\/sites\/3\/2021\/02\/Congreso_paleo_banner_mri_BAJA.jpg","datePublished":"2021-02-02T13:00:17+00:00","dateModified":"2021-03-12T17:33:18+00:00","author":{"@id":"https:\/\/explora.cl\/tarapaca\/#\/schema\/person\/ca04f8a8f8e25243bd462d34eb1ca505"},"breadcrumb":{"@id":"https:\/\/explora.cl\/tarapaca\/explora-tarapaca-invita-a-congreso-de-paleontologia-para-ninos-ninas-y-adolescentes\/#breadcrumb"},"inLanguage":"es-CL","potentialAction":[{"@type":"ReadAction","target":["https:\/\/explora.cl\/tarapaca\/explora-tarapaca-invita-a-congreso-de-paleontologia-para-ninos-ninas-y-adolescentes\/"]}]},{"@type":"ImageObject","inLanguage":"es-CL","@id":"https:\/\/explora.cl\/tarapaca\/explora-tarapaca-invita-a-congreso-de-paleontologia-para-ninos-ninas-y-adolescentes\/#primaryimage","url":"https:\/\/explora.cl\/tarapaca\/wp-content\/uploads\/sites\/3\/2021\/02\/Congreso_paleo_banner_mri_BAJA.jpg","contentUrl":"https:\/\/explora.cl\/tarapaca\/wp-content\/uploads\/sites\/3\/2021\/02\/Congreso_paleo_banner_mri_BAJA.jpg","width":1875,"height":714},{"@type":"BreadcrumbList","@id":"https:\/\/explora.cl\/tarapaca\/explora-tarapaca-invita-a-congreso-de-paleontologia-para-ninos-ninas-y-adolescentes\/#breadcrumb","itemListElement":[{"@type":"ListItem","position":1,"name":"Portada","item":"https:\/\/explora.cl\/tarapaca\/"},{"@type":"ListItem","position":2,"name":"Explora Tarapac\u00e1 y MRI invitan a &#8220;Congreso de paleontolog\u00eda para ni\u00f1os, ni\u00f1as y adolescentes&#8221;"}]},{"@type":"WebSite","@id":"https:\/\/explora.cl\/tarapaca\/#website","url":"https:\/\/explora.cl\/tarapaca\/","name":"Tarapaca","description":"Otro sitio m\u00e1s de explora.cl","potentialAction":[{"@type":"SearchAction","target":{"@type":"EntryPoint","urlTemplate":"https:\/\/explora.cl\/tarapaca\/?s={search_term_string}"},"query-input":{"@type":"PropertyValueSpecification","valueRequired":true,"valueName":"search_term_string"}}],"inLanguage":"es-CL"},{"@type":"Person","@id":"https:\/\/explora.cl\/tarapaca\/#\/schema\/person\/ca04f8a8f8e25243bd462d34eb1ca505","name":"admintarapaca","image":{"@type":"ImageObject","inLanguage":"es-CL","@id":"https:\/\/explora.cl\/tarapaca\/#\/schema\/person\/image\/","url":"https:\/\/secure.gravatar.com\/avatar\/8ff4762fabbf7a1732a126425c82d628f08ba754529d77a55358cbb74e14343f?s=96&d=mm&r=g","contentUrl":"https:\/\/secure.gravatar.com\/avatar\/8ff4762fabbf7a1732a126425c82d628f08ba754529d77a55358cbb74e14343f?s=96&d=mm&r=g","caption":"admintarapaca"},"url":"https:\/\/explora.cl\/tarapaca\/author\/dolivares\/"}]}},"_links":{"self":[{"href":"https:\/\/explora.cl\/tarapaca\/wp-json\/wp\/v2\/posts\/39191","targetHints":{"allow":["GET"]}}],"collection":[{"href":"https:\/\/explora.cl\/tarapaca\/wp-json\/wp\/v2\/posts"}],"about":[{"href":"https:\/\/explora.cl\/tarapaca\/wp-json\/wp\/v2\/types\/post"}],"author":[{"embeddable":true,"href":"https:\/\/explora.cl\/tarapaca\/wp-json\/wp\/v2\/users\/18"}],"replies":[{"embeddable":true,"href":"https:\/\/explora.cl\/tarapaca\/wp-json\/wp\/v2\/comments?post=39191"}],"version-history":[{"count":4,"href":"https:\/\/explora.cl\/tarapaca\/wp-json\/wp\/v2\/posts\/39191\/revisions"}],"predecessor-version":[{"id":39199,"href":"https:\/\/explora.cl\/tarapaca\/wp-json\/wp\/v2\/posts\/39191\/revisions\/39199"}],"wp:featuredmedia":[{"embeddable":true,"href":"https:\/\/explora.cl\/tarapaca\/wp-json\/wp\/v2\/media\/39200"}],"wp:attachment":[{"href":"https:\/\/explora.cl\/tarapaca\/wp-json\/wp\/v2\/media?parent=39191"}],"wp:term":[{"taxonomy":"category","embeddable":true,"href":"https:\/\/explora.cl\/tarapaca\/wp-json\/wp\/v2\/categories?post=39191"},{"taxonomy":"post_tag","embeddable":true,"href":"https:\/\/explora.cl\/tarapaca\/wp-json\/wp\/v2\/tags?post=39191"}],"curies":[{"name":"wp","href":"https:\/\/api.w.org\/{rel}","templated":true}]}}