{"id":39078,"date":"2020-11-02T17:41:20","date_gmt":"2020-11-02T20:41:20","guid":{"rendered":"https:\/\/explora.cl\/tarapaca\/?p=39078"},"modified":"2020-11-23T13:20:58","modified_gmt":"2020-11-23T16:20:58","slug":"miercoles-4-de-noviembre-charla-fantasmas-y-el-culto-a-la-muerte-en-la-region-de-tarapaca","status":"publish","type":"post","link":"https:\/\/explora.cl\/tarapaca\/miercoles-4-de-noviembre-charla-fantasmas-y-el-culto-a-la-muerte-en-la-region-de-tarapaca\/","title":{"rendered":"Mi\u00e9rcoles 4 de noviembre: Charla &#8220;Fantasmas\u201d y el culto a la muerte en la regi\u00f3n de Tarapac\u00e1"},"content":{"rendered":"<h3>\u00a1Atenci\u00f3n comunidad de la Regi\u00f3n de Tarapac\u00e1 y de Chile!<\/h3>\n<p>Los\/as invitamos a participar en la<b>\u00a0Charla EN VIVO\u00a0<\/b><b>\u201c&#8217;Fantasmas&#8217; y el culto a la muerte en la regi\u00f3n de Tarapac\u00e1&#8221;<\/b>, actividad de la iniciativa Ciencia Abierta y que ser\u00e1 dictada por el especialista Patricio Rivera Olgu\u00edn, Doctor en Did\u00e1ctica de las Ciencias Sociales; M\u00e1ster en Did\u00e1ctica de las Ciencias Sociales; Mag\u00edster en Integraci\u00f3n Subregional y Profesor de Historia y Geograf\u00eda. En la charla quienes participen podr\u00e1n realizar sus consultas a trav\u00e9s de los comentarios de la transmisi\u00f3n, y ser\u00e1n respondidas al finalizar.<\/p>\n<p><strong>\u00bfCu\u00e1ndo?<\/strong><\/p>\n<p>Mi\u00e9rcoles 4 de Noviembre<\/p>\n<p>17:00 horas<\/p>\n<p><strong>\u00bfD\u00f3nde?<\/strong><\/p>\n<p>Por\u00a0<strong><a href=\"https:\/\/www.facebook.com\/exploratarapaca\">Facebook Live de Explora Tarapac\u00e1<\/a><\/strong>\u00a0y\u00a0<strong><a href=\"https:\/\/www.youtube.com\/exploratarapaca\">Youtube de Explora Tarapac\u00e1<\/a><\/strong><\/p>\n<p><strong>P\u00fablico objetivo<\/strong><\/p>\n<p>Estudiantes de educaci\u00f3n b\u00e1sica, media y comunidad general.<\/p>\n<div class=\"o9v6fnle cxmmr5t8 oygrvhab hcukyx3x c1et5uql ii04i59q\">\n<div dir=\"auto\"><strong>Est\u00e1 actividad cuenta con servicio de interpretaci\u00f3n en lengua de se\u00f1as chilena y espa\u00f1ol.\u00a0<\/strong><\/div>\n<div dir=\"auto\"><\/div>\n<\/div>\n<div class=\"o9v6fnle cxmmr5t8 oygrvhab hcukyx3x c1et5uql ii04i59q\">\n<div dir=\"auto\">Esta iniciativa es organizada por la Universidad de Tarapac\u00e1 Iquique a trav\u00e9s de su proyecto Explora Tarapac\u00e1 del Ministerio de Ciencia, Tecnolog\u00eda, Conocimiento e Innovaci\u00f3n.<\/div>\n<\/div>\n","protected":false},"excerpt":{"rendered":"<p>\u00a1Atenci\u00f3n comunidad de la Regi\u00f3n de Tarapac\u00e1 y de Chile! Los\/as invitamos a participar en la\u00a0Charla EN VIVO\u00a0\u201c&#8217;Fantasmas&#8217; y el culto a la muerte en la regi\u00f3n de Tarapac\u00e1&#8221;, actividad de la iniciativa Ciencia Abierta y que ser\u00e1 dictada por el especialista Patricio Rivera Olgu\u00edn, Doctor en Did\u00e1ctica de las Ciencias Sociales; M\u00e1ster en Did\u00e1ctica [&hellip;]<\/p>\n","protected":false},"author":18,"featured_media":39079,"comment_status":"open","ping_status":"open","sticky":false,"template":"","format":"standard","meta":{"_acf_changed":false,"_exactmetrics_skip_tracking":false,"_exactmetrics_sitenote_active":false,"_exactmetrics_sitenote_note":"","_exactmetrics_sitenote_category":0,"footnotes":"","_links_to":"","_links_to_target":""},"categories":[151],"tags":[],"class_list":["post-39078","post","type-post","status-publish","format-standard","has-post-thumbnail","hentry","category-banner"],"acf":[],"yoast_head":"<!-- This site is optimized with the Yoast SEO plugin v26.9 - https:\/\/yoast.com\/product\/yoast-seo-wordpress\/ -->\n<title>Mi\u00e9rcoles 4 de noviembre: Charla &quot;Fantasmas\u201d y el culto a la muerte en la regi\u00f3n de Tarapac\u00e1 - Tarapaca<\/title>\n<meta name=\"robots\" content=\"index, follow, max-snippet:-1, max-image-preview:large, max-video-preview:-1\" \/>\n<link rel=\"canonical\" href=\"https:\/\/explora.cl\/tarapaca\/miercoles-4-de-noviembre-charla-fantasmas-y-el-culto-a-la-muerte-en-la-region-de-tarapaca\/\" class=\"yoast-seo-meta-tag\" \/>\n<meta property=\"og:locale\" content=\"es_ES\" class=\"yoast-seo-meta-tag\" \/>\n<meta property=\"og:type\" content=\"article\" class=\"yoast-seo-meta-tag\" \/>\n<meta property=\"og:title\" content=\"Mi\u00e9rcoles 4 de noviembre: Charla &quot;Fantasmas\u201d y el culto a la muerte en la regi\u00f3n de Tarapac\u00e1 - Tarapaca\" class=\"yoast-seo-meta-tag\" \/>\n<meta property=\"og:description\" content=\"\u00a1Atenci\u00f3n comunidad de la Regi\u00f3n de Tarapac\u00e1 y de Chile! Los\/as invitamos a participar en la\u00a0Charla EN VIVO\u00a0\u201c&#8217;Fantasmas&#8217; y el culto a la muerte en la regi\u00f3n de Tarapac\u00e1&#8221;, actividad de la iniciativa Ciencia Abierta y que ser\u00e1 dictada por el especialista Patricio Rivera Olgu\u00edn, Doctor en Did\u00e1ctica de las Ciencias Sociales; M\u00e1ster en Did\u00e1ctica [&hellip;]\" class=\"yoast-seo-meta-tag\" \/>\n<meta property=\"og:url\" content=\"https:\/\/explora.cl\/tarapaca\/miercoles-4-de-noviembre-charla-fantasmas-y-el-culto-a-la-muerte-en-la-region-de-tarapaca\/\" class=\"yoast-seo-meta-tag\" \/>\n<meta property=\"og:site_name\" content=\"Tarapaca\" class=\"yoast-seo-meta-tag\" \/>\n<meta property=\"article:published_time\" content=\"2020-11-02T20:41:20+00:00\" class=\"yoast-seo-meta-tag\" \/>\n<meta property=\"article:modified_time\" content=\"2020-11-23T16:20:58+00:00\" class=\"yoast-seo-meta-tag\" \/>\n<meta property=\"og:image\" content=\"https:\/\/explora.cl\/tarapaca\/wp-content\/uploads\/sites\/3\/2020\/11\/AFICHE-CIENCIA-ABIERTA-pato-rivera-05-04.jpg\" class=\"yoast-seo-meta-tag\" \/>\n\t<meta property=\"og:image:width\" content=\"3418\" class=\"yoast-seo-meta-tag\" \/>\n\t<meta property=\"og:image:height\" content=\"1301\" class=\"yoast-seo-meta-tag\" \/>\n\t<meta property=\"og:image:type\" content=\"image\/jpeg\" class=\"yoast-seo-meta-tag\" \/>\n<meta name=\"author\" content=\"admintarapaca\" class=\"yoast-seo-meta-tag\" \/>\n<meta name=\"twitter:card\" content=\"summary_large_image\" class=\"yoast-seo-meta-tag\" \/>\n<meta name=\"twitter:label1\" content=\"Escrito por\" class=\"yoast-seo-meta-tag\" \/>\n\t<meta name=\"twitter:data1\" content=\"admintarapaca\" class=\"yoast-seo-meta-tag\" \/>\n\t<meta name=\"twitter:label2\" content=\"Tiempo estimado de lectura\" class=\"yoast-seo-meta-tag\" \/>\n\t<meta name=\"twitter:data2\" content=\"1 minuto\" class=\"yoast-seo-meta-tag\" \/>\n<script type=\"application\/ld+json\" class=\"yoast-schema-graph\">{\"@context\":\"https:\/\/schema.org\",\"@graph\":[{\"@type\":\"Article\",\"@id\":\"https:\/\/explora.cl\/tarapaca\/miercoles-4-de-noviembre-charla-fantasmas-y-el-culto-a-la-muerte-en-la-region-de-tarapaca\/#article\",\"isPartOf\":{\"@id\":\"https:\/\/explora.cl\/tarapaca\/miercoles-4-de-noviembre-charla-fantasmas-y-el-culto-a-la-muerte-en-la-region-de-tarapaca\/\"},\"author\":{\"name\":\"admintarapaca\",\"@id\":\"https:\/\/explora.cl\/tarapaca\/#\/schema\/person\/ca04f8a8f8e25243bd462d34eb1ca505\"},\"headline\":\"Mi\u00e9rcoles 4 de noviembre: Charla &#8220;Fantasmas\u201d y el culto a la muerte en la regi\u00f3n de Tarapac\u00e1\",\"datePublished\":\"2020-11-02T20:41:20+00:00\",\"dateModified\":\"2020-11-23T16:20:58+00:00\",\"mainEntityOfPage\":{\"@id\":\"https:\/\/explora.cl\/tarapaca\/miercoles-4-de-noviembre-charla-fantasmas-y-el-culto-a-la-muerte-en-la-region-de-tarapaca\/\"},\"wordCount\":204,\"commentCount\":0,\"image\":{\"@id\":\"https:\/\/explora.cl\/tarapaca\/miercoles-4-de-noviembre-charla-fantasmas-y-el-culto-a-la-muerte-en-la-region-de-tarapaca\/#primaryimage\"},\"thumbnailUrl\":\"https:\/\/explora.cl\/tarapaca\/wp-content\/uploads\/sites\/3\/2020\/11\/AFICHE-CIENCIA-ABIERTA-pato-rivera-05-04.jpg\",\"articleSection\":[\"Banner\"],\"inLanguage\":\"es-CL\",\"potentialAction\":[{\"@type\":\"CommentAction\",\"name\":\"Comment\",\"target\":[\"https:\/\/explora.cl\/tarapaca\/miercoles-4-de-noviembre-charla-fantasmas-y-el-culto-a-la-muerte-en-la-region-de-tarapaca\/#respond\"]}]},{\"@type\":\"WebPage\",\"@id\":\"https:\/\/explora.cl\/tarapaca\/miercoles-4-de-noviembre-charla-fantasmas-y-el-culto-a-la-muerte-en-la-region-de-tarapaca\/\",\"url\":\"https:\/\/explora.cl\/tarapaca\/miercoles-4-de-noviembre-charla-fantasmas-y-el-culto-a-la-muerte-en-la-region-de-tarapaca\/\",\"name\":\"Mi\u00e9rcoles 4 de noviembre: Charla \\\"Fantasmas\u201d y el culto a la muerte en la regi\u00f3n de Tarapac\u00e1 - Tarapaca\",\"isPartOf\":{\"@id\":\"https:\/\/explora.cl\/tarapaca\/#website\"},\"primaryImageOfPage\":{\"@id\":\"https:\/\/explora.cl\/tarapaca\/miercoles-4-de-noviembre-charla-fantasmas-y-el-culto-a-la-muerte-en-la-region-de-tarapaca\/#primaryimage\"},\"image\":{\"@id\":\"https:\/\/explora.cl\/tarapaca\/miercoles-4-de-noviembre-charla-fantasmas-y-el-culto-a-la-muerte-en-la-region-de-tarapaca\/#primaryimage\"},\"thumbnailUrl\":\"https:\/\/explora.cl\/tarapaca\/wp-content\/uploads\/sites\/3\/2020\/11\/AFICHE-CIENCIA-ABIERTA-pato-rivera-05-04.jpg\",\"datePublished\":\"2020-11-02T20:41:20+00:00\",\"dateModified\":\"2020-11-23T16:20:58+00:00\",\"author\":{\"@id\":\"https:\/\/explora.cl\/tarapaca\/#\/schema\/person\/ca04f8a8f8e25243bd462d34eb1ca505\"},\"breadcrumb\":{\"@id\":\"https:\/\/explora.cl\/tarapaca\/miercoles-4-de-noviembre-charla-fantasmas-y-el-culto-a-la-muerte-en-la-region-de-tarapaca\/#breadcrumb\"},\"inLanguage\":\"es-CL\",\"potentialAction\":[{\"@type\":\"ReadAction\",\"target\":[\"https:\/\/explora.cl\/tarapaca\/miercoles-4-de-noviembre-charla-fantasmas-y-el-culto-a-la-muerte-en-la-region-de-tarapaca\/\"]}]},{\"@type\":\"ImageObject\",\"inLanguage\":\"es-CL\",\"@id\":\"https:\/\/explora.cl\/tarapaca\/miercoles-4-de-noviembre-charla-fantasmas-y-el-culto-a-la-muerte-en-la-region-de-tarapaca\/#primaryimage\",\"url\":\"https:\/\/explora.cl\/tarapaca\/wp-content\/uploads\/sites\/3\/2020\/11\/AFICHE-CIENCIA-ABIERTA-pato-rivera-05-04.jpg\",\"contentUrl\":\"https:\/\/explora.cl\/tarapaca\/wp-content\/uploads\/sites\/3\/2020\/11\/AFICHE-CIENCIA-ABIERTA-pato-rivera-05-04.jpg\",\"width\":3418,\"height\":1301},{\"@type\":\"BreadcrumbList\",\"@id\":\"https:\/\/explora.cl\/tarapaca\/miercoles-4-de-noviembre-charla-fantasmas-y-el-culto-a-la-muerte-en-la-region-de-tarapaca\/#breadcrumb\",\"itemListElement\":[{\"@type\":\"ListItem\",\"position\":1,\"name\":\"Portada\",\"item\":\"https:\/\/explora.cl\/tarapaca\/\"},{\"@type\":\"ListItem\",\"position\":2,\"name\":\"Mi\u00e9rcoles 4 de noviembre: Charla &#8220;Fantasmas\u201d y el culto a la muerte en la regi\u00f3n de Tarapac\u00e1\"}]},{\"@type\":\"WebSite\",\"@id\":\"https:\/\/explora.cl\/tarapaca\/#website\",\"url\":\"https:\/\/explora.cl\/tarapaca\/\",\"name\":\"Tarapaca\",\"description\":\"Otro sitio m\u00e1s de explora.cl\",\"potentialAction\":[{\"@type\":\"SearchAction\",\"target\":{\"@type\":\"EntryPoint\",\"urlTemplate\":\"https:\/\/explora.cl\/tarapaca\/?s={search_term_string}\"},\"query-input\":{\"@type\":\"PropertyValueSpecification\",\"valueRequired\":true,\"valueName\":\"search_term_string\"}}],\"inLanguage\":\"es-CL\"},{\"@type\":\"Person\",\"@id\":\"https:\/\/explora.cl\/tarapaca\/#\/schema\/person\/ca04f8a8f8e25243bd462d34eb1ca505\",\"name\":\"admintarapaca\",\"image\":{\"@type\":\"ImageObject\",\"inLanguage\":\"es-CL\",\"@id\":\"https:\/\/explora.cl\/tarapaca\/#\/schema\/person\/image\/\",\"url\":\"https:\/\/secure.gravatar.com\/avatar\/8ff4762fabbf7a1732a126425c82d628f08ba754529d77a55358cbb74e14343f?s=96&d=mm&r=g\",\"contentUrl\":\"https:\/\/secure.gravatar.com\/avatar\/8ff4762fabbf7a1732a126425c82d628f08ba754529d77a55358cbb74e14343f?s=96&d=mm&r=g\",\"caption\":\"admintarapaca\"},\"url\":\"https:\/\/explora.cl\/tarapaca\/author\/dolivares\/\"}]}<\/script>\n<!-- \/ Yoast SEO plugin. -->","yoast_head_json":{"title":"Mi\u00e9rcoles 4 de noviembre: Charla \"Fantasmas\u201d y el culto a la muerte en la regi\u00f3n de Tarapac\u00e1 - Tarapaca","robots":{"index":"index","follow":"follow","max-snippet":"max-snippet:-1","max-image-preview":"max-image-preview:large","max-video-preview":"max-video-preview:-1"},"canonical":"https:\/\/explora.cl\/tarapaca\/miercoles-4-de-noviembre-charla-fantasmas-y-el-culto-a-la-muerte-en-la-region-de-tarapaca\/","og_locale":"es_ES","og_type":"article","og_title":"Mi\u00e9rcoles 4 de noviembre: Charla \"Fantasmas\u201d y el culto a la muerte en la regi\u00f3n de Tarapac\u00e1 - Tarapaca","og_description":"\u00a1Atenci\u00f3n comunidad de la Regi\u00f3n de Tarapac\u00e1 y de Chile! Los\/as invitamos a participar en la\u00a0Charla EN VIVO\u00a0\u201c&#8217;Fantasmas&#8217; y el culto a la muerte en la regi\u00f3n de Tarapac\u00e1&#8221;, actividad de la iniciativa Ciencia Abierta y que ser\u00e1 dictada por el especialista Patricio Rivera Olgu\u00edn, Doctor en Did\u00e1ctica de las Ciencias Sociales; M\u00e1ster en Did\u00e1ctica [&hellip;]","og_url":"https:\/\/explora.cl\/tarapaca\/miercoles-4-de-noviembre-charla-fantasmas-y-el-culto-a-la-muerte-en-la-region-de-tarapaca\/","og_site_name":"Tarapaca","article_published_time":"2020-11-02T20:41:20+00:00","article_modified_time":"2020-11-23T16:20:58+00:00","og_image":[{"width":3418,"height":1301,"url":"https:\/\/explora.cl\/tarapaca\/wp-content\/uploads\/sites\/3\/2020\/11\/AFICHE-CIENCIA-ABIERTA-pato-rivera-05-04.jpg","type":"image\/jpeg"}],"author":"admintarapaca","twitter_card":"summary_large_image","twitter_misc":{"Escrito por":"admintarapaca","Tiempo estimado de lectura":"1 minuto"},"schema":{"@context":"https:\/\/schema.org","@graph":[{"@type":"Article","@id":"https:\/\/explora.cl\/tarapaca\/miercoles-4-de-noviembre-charla-fantasmas-y-el-culto-a-la-muerte-en-la-region-de-tarapaca\/#article","isPartOf":{"@id":"https:\/\/explora.cl\/tarapaca\/miercoles-4-de-noviembre-charla-fantasmas-y-el-culto-a-la-muerte-en-la-region-de-tarapaca\/"},"author":{"name":"admintarapaca","@id":"https:\/\/explora.cl\/tarapaca\/#\/schema\/person\/ca04f8a8f8e25243bd462d34eb1ca505"},"headline":"Mi\u00e9rcoles 4 de noviembre: Charla &#8220;Fantasmas\u201d y el culto a la muerte en la regi\u00f3n de Tarapac\u00e1","datePublished":"2020-11-02T20:41:20+00:00","dateModified":"2020-11-23T16:20:58+00:00","mainEntityOfPage":{"@id":"https:\/\/explora.cl\/tarapaca\/miercoles-4-de-noviembre-charla-fantasmas-y-el-culto-a-la-muerte-en-la-region-de-tarapaca\/"},"wordCount":204,"commentCount":0,"image":{"@id":"https:\/\/explora.cl\/tarapaca\/miercoles-4-de-noviembre-charla-fantasmas-y-el-culto-a-la-muerte-en-la-region-de-tarapaca\/#primaryimage"},"thumbnailUrl":"https:\/\/explora.cl\/tarapaca\/wp-content\/uploads\/sites\/3\/2020\/11\/AFICHE-CIENCIA-ABIERTA-pato-rivera-05-04.jpg","articleSection":["Banner"],"inLanguage":"es-CL","potentialAction":[{"@type":"CommentAction","name":"Comment","target":["https:\/\/explora.cl\/tarapaca\/miercoles-4-de-noviembre-charla-fantasmas-y-el-culto-a-la-muerte-en-la-region-de-tarapaca\/#respond"]}]},{"@type":"WebPage","@id":"https:\/\/explora.cl\/tarapaca\/miercoles-4-de-noviembre-charla-fantasmas-y-el-culto-a-la-muerte-en-la-region-de-tarapaca\/","url":"https:\/\/explora.cl\/tarapaca\/miercoles-4-de-noviembre-charla-fantasmas-y-el-culto-a-la-muerte-en-la-region-de-tarapaca\/","name":"Mi\u00e9rcoles 4 de noviembre: Charla \"Fantasmas\u201d y el culto a la muerte en la regi\u00f3n de Tarapac\u00e1 - Tarapaca","isPartOf":{"@id":"https:\/\/explora.cl\/tarapaca\/#website"},"primaryImageOfPage":{"@id":"https:\/\/explora.cl\/tarapaca\/miercoles-4-de-noviembre-charla-fantasmas-y-el-culto-a-la-muerte-en-la-region-de-tarapaca\/#primaryimage"},"image":{"@id":"https:\/\/explora.cl\/tarapaca\/miercoles-4-de-noviembre-charla-fantasmas-y-el-culto-a-la-muerte-en-la-region-de-tarapaca\/#primaryimage"},"thumbnailUrl":"https:\/\/explora.cl\/tarapaca\/wp-content\/uploads\/sites\/3\/2020\/11\/AFICHE-CIENCIA-ABIERTA-pato-rivera-05-04.jpg","datePublished":"2020-11-02T20:41:20+00:00","dateModified":"2020-11-23T16:20:58+00:00","author":{"@id":"https:\/\/explora.cl\/tarapaca\/#\/schema\/person\/ca04f8a8f8e25243bd462d34eb1ca505"},"breadcrumb":{"@id":"https:\/\/explora.cl\/tarapaca\/miercoles-4-de-noviembre-charla-fantasmas-y-el-culto-a-la-muerte-en-la-region-de-tarapaca\/#breadcrumb"},"inLanguage":"es-CL","potentialAction":[{"@type":"ReadAction","target":["https:\/\/explora.cl\/tarapaca\/miercoles-4-de-noviembre-charla-fantasmas-y-el-culto-a-la-muerte-en-la-region-de-tarapaca\/"]}]},{"@type":"ImageObject","inLanguage":"es-CL","@id":"https:\/\/explora.cl\/tarapaca\/miercoles-4-de-noviembre-charla-fantasmas-y-el-culto-a-la-muerte-en-la-region-de-tarapaca\/#primaryimage","url":"https:\/\/explora.cl\/tarapaca\/wp-content\/uploads\/sites\/3\/2020\/11\/AFICHE-CIENCIA-ABIERTA-pato-rivera-05-04.jpg","contentUrl":"https:\/\/explora.cl\/tarapaca\/wp-content\/uploads\/sites\/3\/2020\/11\/AFICHE-CIENCIA-ABIERTA-pato-rivera-05-04.jpg","width":3418,"height":1301},{"@type":"BreadcrumbList","@id":"https:\/\/explora.cl\/tarapaca\/miercoles-4-de-noviembre-charla-fantasmas-y-el-culto-a-la-muerte-en-la-region-de-tarapaca\/#breadcrumb","itemListElement":[{"@type":"ListItem","position":1,"name":"Portada","item":"https:\/\/explora.cl\/tarapaca\/"},{"@type":"ListItem","position":2,"name":"Mi\u00e9rcoles 4 de noviembre: Charla &#8220;Fantasmas\u201d y el culto a la muerte en la regi\u00f3n de Tarapac\u00e1"}]},{"@type":"WebSite","@id":"https:\/\/explora.cl\/tarapaca\/#website","url":"https:\/\/explora.cl\/tarapaca\/","name":"Tarapaca","description":"Otro sitio m\u00e1s de explora.cl","potentialAction":[{"@type":"SearchAction","target":{"@type":"EntryPoint","urlTemplate":"https:\/\/explora.cl\/tarapaca\/?s={search_term_string}"},"query-input":{"@type":"PropertyValueSpecification","valueRequired":true,"valueName":"search_term_string"}}],"inLanguage":"es-CL"},{"@type":"Person","@id":"https:\/\/explora.cl\/tarapaca\/#\/schema\/person\/ca04f8a8f8e25243bd462d34eb1ca505","name":"admintarapaca","image":{"@type":"ImageObject","inLanguage":"es-CL","@id":"https:\/\/explora.cl\/tarapaca\/#\/schema\/person\/image\/","url":"https:\/\/secure.gravatar.com\/avatar\/8ff4762fabbf7a1732a126425c82d628f08ba754529d77a55358cbb74e14343f?s=96&d=mm&r=g","contentUrl":"https:\/\/secure.gravatar.com\/avatar\/8ff4762fabbf7a1732a126425c82d628f08ba754529d77a55358cbb74e14343f?s=96&d=mm&r=g","caption":"admintarapaca"},"url":"https:\/\/explora.cl\/tarapaca\/author\/dolivares\/"}]}},"_links":{"self":[{"href":"https:\/\/explora.cl\/tarapaca\/wp-json\/wp\/v2\/posts\/39078","targetHints":{"allow":["GET"]}}],"collection":[{"href":"https:\/\/explora.cl\/tarapaca\/wp-json\/wp\/v2\/posts"}],"about":[{"href":"https:\/\/explora.cl\/tarapaca\/wp-json\/wp\/v2\/types\/post"}],"author":[{"embeddable":true,"href":"https:\/\/explora.cl\/tarapaca\/wp-json\/wp\/v2\/users\/18"}],"replies":[{"embeddable":true,"href":"https:\/\/explora.cl\/tarapaca\/wp-json\/wp\/v2\/comments?post=39078"}],"version-history":[{"count":1,"href":"https:\/\/explora.cl\/tarapaca\/wp-json\/wp\/v2\/posts\/39078\/revisions"}],"predecessor-version":[{"id":39080,"href":"https:\/\/explora.cl\/tarapaca\/wp-json\/wp\/v2\/posts\/39078\/revisions\/39080"}],"wp:featuredmedia":[{"embeddable":true,"href":"https:\/\/explora.cl\/tarapaca\/wp-json\/wp\/v2\/media\/39079"}],"wp:attachment":[{"href":"https:\/\/explora.cl\/tarapaca\/wp-json\/wp\/v2\/media?parent=39078"}],"wp:term":[{"taxonomy":"category","embeddable":true,"href":"https:\/\/explora.cl\/tarapaca\/wp-json\/wp\/v2\/categories?post=39078"},{"taxonomy":"post_tag","embeddable":true,"href":"https:\/\/explora.cl\/tarapaca\/wp-json\/wp\/v2\/tags?post=39078"}],"curies":[{"name":"wp","href":"https:\/\/api.w.org\/{rel}","templated":true}]}}